{"id":210990,"date":"2023-12-21T12:13:00","date_gmt":"2023-12-21T12:13:00","guid":{"rendered":"https:\/\/www.webdo.tn\/fr\/blog\/el-gouna-2023-celebration-des-talents-et-de-trois-realisatrices-tunisiennes\/210990\/"},"modified":"2025-05-21T08:56:15","modified_gmt":"2025-05-21T08:56:15","slug":"el-gouna-2023-celebration-des-talents-et-de-trois-realisatrices-tunisiennes","status":"publish","type":"post","link":"https:\/\/www.webdo.tn\/fr\/actualite\/culture\/el-gouna-2023-celebration-des-talents-et-de-trois-realisatrices-tunisiennes\/210990\/","title":{"rendered":"El Gouna 2023 : C\u00e9l\u00e9bration des talents et de trois r\u00e9alisatrices tunisiennes"},"content":{"rendered":"<div class=\"single-body entry-content typography-copy\" itemprop=\"articleBody\">\n<p style=\"font-weight: bold; text-align: justify\">\n\t\t\t\t\t\t\t\t\tC\u2019est hier que le rideau s&rsquo;est ferm\u00e9 sur le CineGouna Film Festival 2023 dans une atmosph\u00e8re de c\u00e9l\u00e9bration des talents des jeunes cin\u00e9astes. Cette c\u00e9r\u00e9monie a \u00e9t\u00e9 marqu\u00e9e par la reconnaissance de talents exceptionnels et l&rsquo;attribution g\u00e9n\u00e9reuse de prix.\n\t\t\t\t\t\t\t\t<\/p>\n<div class=\"coprs\" style=\"text-align: center\"><\/div>\n<div class=\"coprs\" style=\"text-align: justify\">\n<p><span><span><strong>C\u00e9r\u00e9monie de cl\u00f4ture : un hymne \u00e0 l&rsquo;excellence cin\u00e9matographique<\/strong><\/span><\/span><\/p>\n<p><span><span>La c\u00e9r\u00e9monie de cl\u00f4ture, organis\u00e9e sous les majestueuses arches du Festival Hub, a r\u00e9uni non seulement les visages qui illuminent l&rsquo;\u00e9cran d&rsquo;argent, mais aussi les architectes de r\u00eaves qui transforment des histoires spectaculaires en r\u00e9alit\u00e9. Une somme colossale de plus de 380 000 $ a \u00e9t\u00e9 d\u00e9cern\u00e9e pour financer, soutenir et donner vie \u00e0 des films qui inspireront, provoqueront le changement et fa\u00e7onneront les r\u00e9cits de la r\u00e9gion pour les ann\u00e9es \u00e0 venir.<\/span><\/span><\/p>\n<p><span><span><strong>Les Laur\u00e9ates Tunisiennes : <\/strong><\/span><\/span><\/p>\n<p><span><span>Parmi les \u00e9toiles qui ont brill\u00e9 avec \u00e9clat, trois r\u00e9alisatrices tunisiennes ont particuli\u00e8rement captiv\u00e9 l&rsquo;attention du public et du jury, remportant des prix importants\u00a0:<\/span><\/span><\/p>\n<p><span><span>1. <strong>Hinde Boujemaa &#8211; \u00ab\u00a0<em>Yammi<\/em>\u00ab\u00a0<\/strong> : Triplement honor\u00e9e, Hinde Boujemaa a re\u00e7u un prix de 10 000 $ de Arab Radio and Television (ART), un autre de 5 000 $ de Hwadi et un troisi\u00e8me prix de 10 000 $ d\u2019Ambient Light. Son \u0153uvre, <em>Yammi<\/em>, a su toucher les c\u0153urs et s&rsquo;est vu r\u00e9compens\u00e9e \u00e0 la hauteur de son impact.<\/span><\/span><\/p>\n<p><span><span>2. <strong>Amel Guellaty &#8211; \u00ab\u00a0<em>Tunis-Djerba<\/em>\u00ab\u00a0<\/strong> : Amel Guellaty a remport\u00e9 un prix en esp\u00e8ces de 10 000 $, offert par O West et une aide de post-production d\u2019une valeur de 10 000 $ d\u2019Ambient Light, pour son projet cin\u00e9matographique <em>Tunis-Djerba<\/em>. Un pas de plus vers la concr\u00e9tisation de sa vision artistique. <\/span><\/span><\/p>\n<p><span><span>3. <strong>Moufida Fedhila &#8211; \u00ab\u00a0<em>Girl of Wind<\/em><\/strong>\u00a0\u00bb : La r\u00e9alisatrice a \u00e9t\u00e9 remport\u00e9 un prix de 50 000 $ en MG (Minimum Garanti) pour les ventes et la distribution de MAD Solutions. Son film, <em>Girl of Wind<\/em>, a conquis le jury et s&rsquo;est d\u00e9marqu\u00e9 parmi les \u0153uvres exceptionnelles de la s\u00e9lection.<\/span><\/span><\/p>\n<p>\u00a0<\/p>\n<p><span><span><strong><u>Palmar\u00e8s Complet du CineGouna Film Festival 2023 :<\/u><\/strong><\/span><\/span><\/p>\n<p><span><span>&#8211; <strong>Prix CineGouna Platform de 15 000 $ en esp\u00e8ces pour un projet en <em>d\u00e9veloppement<\/em><\/strong> : Theft <em>of Fire<\/em> r\u00e9alis\u00e9 par Amer Shomali, produit par Rashid Abdelhamid (Palestine, Canada, France)<\/span><\/span><\/p>\n<p><span><span>&#8211; <strong>Prix CineGouna Platform de 15 000 $ en esp\u00e8ces pour un projet en post-production<\/strong> : <em>She<\/em> <em>Was Not Alone<\/em> r\u00e9alis\u00e9 par Hussein Al-Asadi, produit par Huda Al Kadhimi et Huma Gupta (Irak, Arabie saoudite, \u00c9tats-Unis)<\/span><\/span><\/p>\n<p><span><span>&#8211; <strong>Prix en esp\u00e8ces de 10 000 $ d&rsquo;O West <\/strong>: <em>Tunis-Djerba<\/em> r\u00e9alis\u00e9 par Amel Guellaty, produit par Asma Chiboub et Karim A\u00eftouna (Tunisie, France, Qatar)<\/span><\/span><\/p>\n<p><span><span><strong>&#8211; Prix en esp\u00e8ces de 10 000 $ de Arab Radio and Television (ART) <\/strong>:<em> Yammi<\/em> r\u00e9alis\u00e9 par Hinde Boujemaa, produit par Hinde Boujemaa, Caroline Houben, Fran\u00e7ois D&rsquo;Artemare et Lina Chaabane (Tunisie, Belgique, France)<\/span><\/span><\/p>\n<div>\n<figure class=\"image\"><img decoding=\"async\" alt=\"\" height=\"1200\" src=\"\/assets\/uploads\/images\/\/Neila\/CineGouna%20Hinde%20prix.jpeg\" width=\"960\"><figcaption><em>Prix en esp\u00e8ces de 10 000 $ de Arab Radio and Television (ART) : Yammi r\u00e9alis\u00e9 par Hinde Boujemaa<\/em><\/figcaption><\/figure>\n<\/div>\n<p>\u00a0<\/p>\n<p><span><span>&#8211; <strong>Prix en esp\u00e8ces de 10 000 $ de Synergy Films<\/strong> : <em>Crocodopolis<\/em> r\u00e9alis\u00e9 par Omar Manjouneh, produit par Laura Kloeckner et Kesmat Elsayed (\u00c9gypte, Allemagne, \u00c9tats-Unis)<\/span><\/span><\/p>\n<p><span><span><strong>&#8211; Prix en esp\u00e8ces de 10 000 $ de Blue Bee Productions<\/strong> : <em>A Tale of a Feather and a Fish<\/em> r\u00e9alis\u00e9 par Ahmed El-Hawarey, produit par Hala Lotfy (\u00c9gypte)<\/span><\/span><\/p>\n<p><span><span>&#8211; <strong>Prix en esp\u00e8ces de 10 000 $ de Resala Production<\/strong> : <em>Theft of Fire<\/em> r\u00e9alis\u00e9 par Amer Shomali, produit par Rashid Abdelhamid (Palestine, Canada, France)<\/span><\/span><\/p>\n<p><span><span><strong>&#8211; Prix en esp\u00e8ces de 10 000 $ de l&rsquo;Ambassade de France en \u00c9gypte \/ Institut fran\u00e7ais pour un projet \u00e9gyptien<\/strong> : <em>The 4 Choices of Albert<\/em> r\u00e9alis\u00e9 et produit par Hala Galal (\u00c9gypte)<\/span><\/span><\/p>\n<p><span><span><strong>&#8211; Prix en esp\u00e8ces de 5 000 $ de Hwadi pour un projet en d\u00e9veloppement<\/strong> :<em> Yammi<\/em> r\u00e9alis\u00e9 par Hinde Boujemaa, produit par Hinde Boujemaa, Caroline Houben, Fran\u00e7ois D&rsquo;Artemare et Lina Chaabane (Tunisie, Belgique, France)<\/span><\/span><\/p>\n<div>\n<figure class=\"image\"><img decoding=\"async\" alt=\"\" height=\"1200\" src=\"\/assets\/uploads\/images\/\/Neila\/CineGouna%20Hinde%202.jpeg\" width=\"960\"><figcaption><em>Prix en esp\u00e8ces de 5 000 $ de Hwadi pour un projet en d\u00e9veloppement : Yammi r\u00e9alis\u00e9 par Hinde Boujemaa<\/em><\/figcaption><\/figure>\n<\/div>\n<p>\u00a0<\/p>\n<p><span><span>&#8211; <strong>Prix en esp\u00e8ces de 5 000 $ de Hwadi pour un projet en post-production<\/strong> : <em>She Was Not Alone<\/em> r\u00e9alis\u00e9 par Hussein Al-Asadi, produit par Huda Al Kadhimi et Huma Gupta (Irak, Arabie saoudite, \u00c9tats-Unis)<\/span><\/span><\/p>\n<p><span><span><strong>&#8211; Prix en esp\u00e8ces de 5 000 $ de Lagoonie Film Production <\/strong>: <em>Crocodopolis<\/em> r\u00e9alis\u00e9 par Omar Manjouneh, produit par Laura Kloeckner et Kesmat Elsayed (\u00c9gypte, Allemagne, \u00c9tats-Unis)<\/span><\/span><\/p>\n<p><span><span>&#8211; <strong>Prix en esp\u00e8ces de 5 000 $ de la Royal Film Commission (Jordanie)<\/strong> : <em>The Beach Boys<\/em> r\u00e9alis\u00e9 par Dima El-Horr, produit par Sabine Sidawi (Liban, France)<\/span><\/span><\/p>\n<p><span><span>&#8211; <strong>Prix en esp\u00e8ces de 10 000 $ d\u2019Ambient Light<\/strong> : <em>Yammi<\/em> r\u00e9alis\u00e9 par Hinde Boujemaa, produit par Hinde Boujemaa, Caroline Houben, Fran\u00e7ois D&rsquo;Artemare et Lina Chaabane (Tunisie, Belgique, France)<\/span><\/span><\/p>\n<div>\n<figure class=\"image\"><img decoding=\"async\" alt=\"\" height=\"1200\" src=\"\/assets\/uploads\/images\/\/Neila\/CineGouna%20Hinde%203.jpeg\" width=\"960\"><figcaption><em>Prix en esp\u00e8ces de 10 000 $ d\u2019Ambient Light : Yammi r\u00e9alis\u00e9 par Hinde Boujemaa<\/em><\/figcaption><\/figure>\n<\/div>\n<p>\u00a0<\/p>\n<p><span><span><strong>&#8211; Bourse en esp\u00e8ces de 5 000 $ d\u2019Ambient Light :<\/strong> <em>Assa, a Fish in a Bowl<\/em> r\u00e9alis\u00e9 par Dahlia Nemlich, produit par Marine Vaillant (Liban, France, Danemark)<\/span><\/span><\/p>\n<p><span><span>&#8211; <strong>\u00c9quipement de tournage d&rsquo;une valeur de 10 000 $ d&rsquo;Ambient Light :<\/strong> <em>The 4 Choices of Albert <\/em>r\u00e9alis\u00e9 et produit par Hala Galal (\u00c9gypte)<\/span><\/span><\/p>\n<p><span><span>&#8211; <strong>\u00c9quipement de tournage d&rsquo;une valeur de 10 000 $ d&rsquo;Ambient Light :<\/strong> <em>So the Lovers Could<\/em> <em>Come Out Again<\/em> r\u00e9alis\u00e9 par George Peter Barbari, produit par Christelle Younes (Liban)<\/span><\/span><\/p>\n<p><span><span>&#8211; <strong>Aide en post-production d&rsquo;une valeur de 10 000 $ d&rsquo;Ambient Light<\/strong> : Projet documentaire y\u00e9m\u00e9nite<\/span><\/span><\/p>\n<p><span><span>&#8211; <strong>Aide en post-production d&rsquo;une valeur de 10 000 $ d&rsquo;Ambient Light :<\/strong> <em>Tunis-Djerba <\/em>r\u00e9alis\u00e9 par Amel Guellaty, produit par Asma Chiboub et Karim A\u00eftouna (Tunisie, France, Qatar)<\/span><\/span><\/p>\n<div>\n<figure class=\"image\"><img decoding=\"async\" alt=\"\" height=\"1200\" src=\"\/assets\/uploads\/images\/\/Neila\/CineGouna%20Tunis%20Djerba.jpeg\" width=\"960\"><figcaption><em>Aide en post-production d&rsquo;une valeur de 10 000 $ d&rsquo;Ambient Light : Tunis-Djerba r\u00e9alis\u00e9 par Amel Guellaty<\/em><\/figcaption><\/figure>\n<\/div>\n<p>\u00a0<\/p>\n<p><span><span><strong>&#8211; 50 000 $ en MG (Minimum Garanti) pour les ventes et la distribution de MAD Solutions :<\/strong> <em>Girl of Wind<\/em> r\u00e9alis\u00e9 par Moufida Fedhila, produit par Mehdi Hmili (Tunisie)<\/span><\/span><\/p>\n<div>\n<figure class=\"image\"><img decoding=\"async\" alt=\"\" height=\"1200\" src=\"\/assets\/uploads\/images\/\/Neila\/CineGouna%20Moufida.jpeg\" width=\"961\"><figcaption><em>50 000 $ en MG (Minimum Garanti) pour les ventes et la distribution de MAD Solutions : Girl of Wind r\u00e9alis\u00e9 par Moufida Fedhila<\/em><\/figcaption><\/figure>\n<\/div>\n<p>\u00a0<\/p>\n<p><span><span><strong>&#8211; 50 000 $ en MG pour les ventes et la distribution de MAD Solutions :<\/strong> <em>Specters of Alhoot<\/em> r\u00e9alis\u00e9 par Ahmad Mahmoud, produit par Mohammed Alomda et Ahmad Mahmoud (Soudan)<\/span><\/span><\/p>\n<p><span><span>&#8211; <strong>30 000 $ en MG pour les ventes et la distribution de CineWaves :<\/strong> <em>Spring Came on Laughing<\/em> r\u00e9alis\u00e9 par Noha Adel, produit par Kawthar Younis (\u00c9gypte, France)<\/span><\/span><\/p>\n<p><span><span>&#8211; <strong>Bourse en esp\u00e8ces de 5 000 $ de Sard :<\/strong> <em>Land of Women<\/em> r\u00e9alis\u00e9 par Nada Riyadh et Ayman El Amir, produit par Ayman El Amir (\u00c9gypte, France, Danemark, Arabie saoudite, Qatar)<\/span><\/span><\/p>\n<p><span><span>&#8211; <strong>D\u00e9veloppement de sc\u00e9nario d&rsquo;une valeur de 5 000 $ par Mariam Naoum de Sard :<\/strong> <em>Specters<\/em> <em>of Alhoot<\/em> r\u00e9alis\u00e9 par Ahmad Mahmoud, produit par Mohammed Alomda et Ahmad Mahmoud (Soudan)<\/span><\/span><\/p>\n<p><span><span>&#8211; <strong>Bourse en esp\u00e8ces de 5 000 $ de The Big Bang Studios :<\/strong> <em>Spring Came on Laughing<\/em> r\u00e9alis\u00e9 par Noha Adel, produit par Kawthar Younis (\u00c9gypte, France)<\/span><\/span><\/p>\n<p><span><span>&#8211; <strong>Services de montage d&rsquo;une valeur de 5 000 $ de The Big Bang Studios :<\/strong> <em>Theft of Fire<\/em> r\u00e9alis\u00e9 par Amer Shomali, produit par Rashid Abdelhamid (Palestine, Canada, France)<\/span><\/span><\/p>\n<p><span><span>&#8211; <strong>Services d&rsquo;\u00e9talonnage d&rsquo;une valeur de 5 000 $ de The Big Bang Studios :<\/strong> <em>Suspended &#8211; Diaries<\/em> <em>from Lebanon<\/em> r\u00e9alis\u00e9 par Myriam El Hajj, produit par Myriam Sassine et Carine Ruszniewski (Liban, France, Qatar, Arabie saoudite)<\/span><\/span><\/p>\n<p><span><span>&#8211; <strong>Package DCP complet d&rsquo;une valeur de 10 000 $ de Shift Studios :<\/strong> <em>A Tale of a Feather and a<\/em> <em>Fish<\/em> r\u00e9alis\u00e9 par Ahmed El-Hawarey, produit par Hala Lotfy (\u00c9gypte)<\/span><\/span><\/p>\n<p><span><span>&#8211; <strong>Package complet de promotion d&rsquo;une valeur de 10 000 $ de Shift Studios :<\/strong> <em>The Last Man<\/em> r\u00e9alis\u00e9 par Mohamed Salah, produit par Mark Lotfy (\u00c9gypte, Canada)<\/span><\/span><\/p>\n<p><span><span>&#8211; <strong>Installations de post-production d&rsquo;une valeur de 10 000 $ de Bee Media Productions :<\/strong> <em>The<\/em> <em>4 Choices of Albert<\/em> r\u00e9alis\u00e9 et produit par Hala Galal (\u00c9gypte)<\/span><\/span><\/p>\n<p><span><span><strong>&#8211; Installations de post-production d&rsquo;une valeur de 10 000 $ de Bee Media Productions<\/strong> :<em> The<\/em> <em>Last Man<\/em> r\u00e9alis\u00e9 par Mohamed Salah, produit par Mark Lotfy (\u00c9gypte, Canada)<\/span><\/span><\/p>\n<p><span><span>&#8211; <strong>Invitation \u00e0 un producteur arabe pour assister au Rotterdam Film Lab par l&rsquo;Arab Cinema Center : Crocodopolis<\/strong> r\u00e9alis\u00e9 par Omar Manjouneh, produit par Laura Kloeckner et Kesmat Elsayed (\u00c9gypte, Allemagne, \u00c9tats-Unis)<\/span><\/span><\/p>\n<p>\u00a0<\/p>\n<p><span><span>Cette liste exhaustive refl\u00e8te le succ\u00e8s du CineGouna Film Festival \u00e0 promouvoir l&rsquo;excellence cin\u00e9matographique de la r\u00e9gion MENA et \u00e0 soutenir les talents \u00e9mergents. Ces r\u00e9compenses soulignent le r\u00f4le crucial du festival en tant que plateforme essentielle pour le d\u00e9veloppement, la reconnaissance et la promotion du cin\u00e9ma du Moyen-Orient et de l&rsquo;Afrique du Nord. Les laur\u00e9ats, dont les r\u00e9alisatrices tunisiennes, continueront d&rsquo;inspirer et de contribuer au rayonnement du cin\u00e9ma de la r\u00e9gion sur la sc\u00e8ne internationale. Esp\u00e9rons que leurs projets se concr\u00e9tiseront rapidement et que nous pourrons voir leurs films sur nos \u00e9crans. <\/span><\/span><\/p>\n<p><strong><span><span>Ne\u00efla Driss<\/span><\/span><\/strong><\/p>\n<\/p><\/div>\n<div class=\"coprs\" style=\"text-align: center\"><\/div><\/div>\n","protected":false},"excerpt":{"rendered":"<p>C\u2019est hier que le rideau s&rsquo;est ferm\u00e9 sur le CineGouna Film Festival 2023 dans une atmosph\u00e8re de c\u00e9l\u00e9bration des talents des jeunes cin\u00e9astes. Cette c\u00e9r\u00e9monie a&#8230;<\/p>\n","protected":false},"author":3164,"featured_media":248443,"comment_status":"open","ping_status":"closed","sticky":false,"template":"","format":"standard","meta":{"footnotes":""},"categories":[2594],"tags":[7281,3258,3259,7280],"class_list":["post-210990","post","type-post","status-publish","format-standard","has-post-thumbnail","hentry","category-culture","tag-el-gouna-2023","tag-festival-du-film-del-gouna","tag-gff","tag-gff-2023"],"yoast_head":"<!-- This site is optimized with the Yoast SEO Premium plugin v27.5 (Yoast SEO v27.5) - https:\/\/yoast.com\/product\/yoast-seo-premium-wordpress\/ -->\n<title>El Gouna 2023 : C\u00e9l\u00e9bration des talents et de trois r\u00e9alisatrices tunisiennes<\/title>\n<meta name=\"description\" content=\"C\u2019est hier que le rideau s&#039;est ferm\u00e9 sur le CineGouna Film Festival 2023 dans une atmosph\u00e8re de c\u00e9l\u00e9bration des talents des jeunes cin\u00e9astes. Cette c\u00e9r\u00e9monie a...\" \/>\n<link rel=\"canonical\" href=\"https:\/\/www.webdo.tn\/fr\/actualite\/culture\/el-gouna-2023-celebration-des-talents-et-de-trois-realisatrices-tunisiennes\/210990\/\" \/>\n<meta property=\"og:locale\" content=\"fr_FR\" \/>\n<meta property=\"og:type\" content=\"article\" \/>\n<meta property=\"og:title\" content=\"El Gouna 2023 : C\u00e9l\u00e9bration des talents et de trois r\u00e9alisatrices tunisiennes\" \/>\n<meta property=\"og:description\" content=\"C\u2019est hier que le rideau s&#039;est ferm\u00e9 sur le CineGouna Film Festival 2023 dans une atmosph\u00e8re de c\u00e9l\u00e9bration des talents des jeunes cin\u00e9astes. Cette c\u00e9r\u00e9monie a...\" \/>\n<meta property=\"og:url\" content=\"https:\/\/www.webdo.tn\/fr\/actualite\/culture\/el-gouna-2023-celebration-des-talents-et-de-trois-realisatrices-tunisiennes\/210990\/\" \/>\n<meta property=\"og:site_name\" content=\"webdo\" \/>\n<meta property=\"article:publisher\" content=\"https:\/\/www.facebook.com\/webdotn\" \/>\n<meta property=\"article:author\" content=\"https:\/\/www.facebook.com\/massir.destiniii\/\" \/>\n<meta property=\"article:published_time\" content=\"2023-12-21T12:13:00+00:00\" \/>\n<meta property=\"article:modified_time\" content=\"2025-05-21T08:56:15+00:00\" \/>\n<meta property=\"og:image\" content=\"https:\/\/www.webdo.tn\/fr\/wp-content\/uploads\/2023\/12\/9068cb5b77cf05c058bbf10ca13be8a6.jpeg\" \/>\n\t<meta property=\"og:image:width\" content=\"750\" \/>\n\t<meta property=\"og:image:height\" content=\"400\" \/>\n\t<meta property=\"og:image:type\" content=\"image\/jpeg\" \/>\n<meta name=\"author\" content=\"Ne\u00efla DRISS\" \/>\n<meta name=\"twitter:card\" content=\"summary_large_image\" \/>\n<meta name=\"twitter:creator\" content=\"@https:\/\/x.com\/MassirDestin\" \/>\n<meta name=\"twitter:site\" content=\"@webdo_tn\" \/>\n<meta name=\"twitter:label1\" content=\"\u00c9crit par\" \/>\n\t<meta name=\"twitter:data1\" content=\"Ne\u00efla DRISS\" \/>\n\t<meta name=\"twitter:label2\" content=\"Dur\u00e9e de lecture estim\u00e9e\" \/>\n\t<meta name=\"twitter:data2\" content=\"7 minutes\" \/>\n<script type=\"application\/ld+json\" class=\"yoast-schema-graph\">{\"@context\":\"https:\\\/\\\/schema.org\",\"@graph\":[{\"@type\":\"NewsArticle\",\"@id\":\"https:\\\/\\\/www.webdo.tn\\\/fr\\\/actualite\\\/culture\\\/el-gouna-2023-celebration-des-talents-et-de-trois-realisatrices-tunisiennes\\\/210990\\\/#article\",\"isPartOf\":{\"@id\":\"https:\\\/\\\/www.webdo.tn\\\/fr\\\/actualite\\\/culture\\\/el-gouna-2023-celebration-des-talents-et-de-trois-realisatrices-tunisiennes\\\/210990\\\/\"},\"author\":{\"name\":\"Ne\u00efla DRISS\",\"@id\":\"https:\\\/\\\/www.webdo.tn\\\/fr\\\/#\\\/schema\\\/person\\\/60d5ba619ed3f58783b0dc82b7dada80\"},\"headline\":\"El Gouna 2023 : C\u00e9l\u00e9bration des talents et de trois r\u00e9alisatrices tunisiennes\",\"datePublished\":\"2023-12-21T12:13:00+00:00\",\"dateModified\":\"2025-05-21T08:56:15+00:00\",\"mainEntityOfPage\":{\"@id\":\"https:\\\/\\\/www.webdo.tn\\\/fr\\\/actualite\\\/culture\\\/el-gouna-2023-celebration-des-talents-et-de-trois-realisatrices-tunisiennes\\\/210990\\\/\"},\"wordCount\":1427,\"commentCount\":0,\"publisher\":{\"@id\":\"https:\\\/\\\/www.webdo.tn\\\/fr\\\/#organization\"},\"image\":{\"@id\":\"https:\\\/\\\/www.webdo.tn\\\/fr\\\/actualite\\\/culture\\\/el-gouna-2023-celebration-des-talents-et-de-trois-realisatrices-tunisiennes\\\/210990\\\/#primaryimage\"},\"thumbnailUrl\":\"https:\\\/\\\/www.webdo.tn\\\/fr\\\/wp-content\\\/uploads\\\/2023\\\/12\\\/9068cb5b77cf05c058bbf10ca13be8a6.jpeg\",\"keywords\":[\"El Gouna 2023\",\"Festival du Film d'El Gouna\",\"GFF\",\"GFF 2023\"],\"articleSection\":[\"Culture\"],\"inLanguage\":\"fr-FR\"},{\"@type\":\"WebPage\",\"@id\":\"https:\\\/\\\/www.webdo.tn\\\/fr\\\/actualite\\\/culture\\\/el-gouna-2023-celebration-des-talents-et-de-trois-realisatrices-tunisiennes\\\/210990\\\/\",\"url\":\"https:\\\/\\\/www.webdo.tn\\\/fr\\\/actualite\\\/culture\\\/el-gouna-2023-celebration-des-talents-et-de-trois-realisatrices-tunisiennes\\\/210990\\\/\",\"name\":\"El Gouna 2023 : C\u00e9l\u00e9bration des talents et de trois r\u00e9alisatrices tunisiennes\",\"isPartOf\":{\"@id\":\"https:\\\/\\\/www.webdo.tn\\\/fr\\\/#website\"},\"primaryImageOfPage\":{\"@id\":\"https:\\\/\\\/www.webdo.tn\\\/fr\\\/actualite\\\/culture\\\/el-gouna-2023-celebration-des-talents-et-de-trois-realisatrices-tunisiennes\\\/210990\\\/#primaryimage\"},\"image\":{\"@id\":\"https:\\\/\\\/www.webdo.tn\\\/fr\\\/actualite\\\/culture\\\/el-gouna-2023-celebration-des-talents-et-de-trois-realisatrices-tunisiennes\\\/210990\\\/#primaryimage\"},\"thumbnailUrl\":\"https:\\\/\\\/www.webdo.tn\\\/fr\\\/wp-content\\\/uploads\\\/2023\\\/12\\\/9068cb5b77cf05c058bbf10ca13be8a6.jpeg\",\"datePublished\":\"2023-12-21T12:13:00+00:00\",\"dateModified\":\"2025-05-21T08:56:15+00:00\",\"description\":\"C\u2019est hier que le rideau s'est ferm\u00e9 sur le CineGouna Film Festival 2023 dans une atmosph\u00e8re de c\u00e9l\u00e9bration des talents des jeunes cin\u00e9astes. Cette c\u00e9r\u00e9monie a...\",\"breadcrumb\":{\"@id\":\"https:\\\/\\\/www.webdo.tn\\\/fr\\\/actualite\\\/culture\\\/el-gouna-2023-celebration-des-talents-et-de-trois-realisatrices-tunisiennes\\\/210990\\\/#breadcrumb\"},\"inLanguage\":\"fr-FR\",\"potentialAction\":[{\"@type\":\"ReadAction\",\"target\":[\"https:\\\/\\\/www.webdo.tn\\\/fr\\\/actualite\\\/culture\\\/el-gouna-2023-celebration-des-talents-et-de-trois-realisatrices-tunisiennes\\\/210990\\\/\"]}]},{\"@type\":\"ImageObject\",\"inLanguage\":\"fr-FR\",\"@id\":\"https:\\\/\\\/www.webdo.tn\\\/fr\\\/actualite\\\/culture\\\/el-gouna-2023-celebration-des-talents-et-de-trois-realisatrices-tunisiennes\\\/210990\\\/#primaryimage\",\"url\":\"https:\\\/\\\/www.webdo.tn\\\/fr\\\/wp-content\\\/uploads\\\/2023\\\/12\\\/9068cb5b77cf05c058bbf10ca13be8a6.jpeg\",\"contentUrl\":\"https:\\\/\\\/www.webdo.tn\\\/fr\\\/wp-content\\\/uploads\\\/2023\\\/12\\\/9068cb5b77cf05c058bbf10ca13be8a6.jpeg\",\"width\":750,\"height\":400,\"caption\":\"El Gouna 2023 : C\u00e9l\u00e9bration des talents et de trois r\u00e9alisatrices tunisiennes\"},{\"@type\":\"BreadcrumbList\",\"@id\":\"https:\\\/\\\/www.webdo.tn\\\/fr\\\/actualite\\\/culture\\\/el-gouna-2023-celebration-des-talents-et-de-trois-realisatrices-tunisiennes\\\/210990\\\/#breadcrumb\",\"itemListElement\":[{\"@type\":\"ListItem\",\"position\":1,\"name\":\"Accueil\",\"item\":\"https:\\\/\\\/www.webdo.tn\\\/fr\\\/\"},{\"@type\":\"ListItem\",\"position\":2,\"name\":\"El Gouna 2023 : C\u00e9l\u00e9bration des talents et de trois r\u00e9alisatrices tunisiennes\"}]},{\"@type\":\"WebSite\",\"@id\":\"https:\\\/\\\/www.webdo.tn\\\/fr\\\/#website\",\"url\":\"https:\\\/\\\/www.webdo.tn\\\/fr\\\/\",\"name\":\"webdo\",\"description\":\"Tunisie - News en Tunisie et \u00e0 l&#039;international sur Webdo.tn\",\"publisher\":{\"@id\":\"https:\\\/\\\/www.webdo.tn\\\/fr\\\/#organization\"},\"potentialAction\":[{\"@type\":\"SearchAction\",\"target\":{\"@type\":\"EntryPoint\",\"urlTemplate\":\"https:\\\/\\\/www.webdo.tn\\\/fr\\\/?s={search_term_string}\"},\"query-input\":{\"@type\":\"PropertyValueSpecification\",\"valueRequired\":true,\"valueName\":\"search_term_string\"}}],\"inLanguage\":\"fr-FR\"},{\"@type\":\"Organization\",\"@id\":\"https:\\\/\\\/www.webdo.tn\\\/fr\\\/#organization\",\"name\":\"Webdo\",\"alternateName\":\"Webdo.tn\",\"url\":\"https:\\\/\\\/www.webdo.tn\\\/fr\\\/\",\"logo\":{\"@type\":\"ImageObject\",\"inLanguage\":\"fr-FR\",\"@id\":\"https:\\\/\\\/www.webdo.tn\\\/fr\\\/#\\\/schema\\\/logo\\\/image\\\/\",\"url\":\"https:\\\/\\\/www.webdo.tn\\\/fr\\\/wp-content\\\/uploads\\\/2025\\\/06\\\/Webdo-Tunisie_168377.jpg\",\"contentUrl\":\"https:\\\/\\\/www.webdo.tn\\\/fr\\\/wp-content\\\/uploads\\\/2025\\\/06\\\/Webdo-Tunisie_168377.jpg\",\"width\":301,\"height\":301,\"caption\":\"Webdo\"},\"image\":{\"@id\":\"https:\\\/\\\/www.webdo.tn\\\/fr\\\/#\\\/schema\\\/logo\\\/image\\\/\"},\"sameAs\":[\"https:\\\/\\\/www.facebook.com\\\/webdotn\",\"https:\\\/\\\/x.com\\\/webdo_tn\"],\"description\":\"Webdo est un m\u00e9dia num\u00e9rique tunisien fond\u00e9 en 2010, sp\u00e9cialis\u00e9 dans l\u2019actualit\u00e9 nationale et internationale, l\u2019\u00e9conomie, la soci\u00e9t\u00e9 et les analyses politiques. Le site s\u2019adresse \u00e0 un large public francophone et couvre l\u2019information tunisienne en temps r\u00e9el.\",\"email\":\"redac@webdo.tn\",\"legalName\":\"YNJ SARL\",\"foundingDate\":\"2010-09-06\",\"numberOfEmployees\":{\"@type\":\"QuantitativeValue\",\"minValue\":\"11\",\"maxValue\":\"50\"}},{\"@type\":\"Person\",\"@id\":\"https:\\\/\\\/www.webdo.tn\\\/fr\\\/#\\\/schema\\\/person\\\/60d5ba619ed3f58783b0dc82b7dada80\",\"name\":\"Ne\u00efla DRISS\",\"image\":{\"@type\":\"ImageObject\",\"inLanguage\":\"fr-FR\",\"@id\":\"https:\\\/\\\/www.webdo.tn\\\/fr\\\/wp-content\\\/uploads\\\/2026\\\/04\\\/neila-driss_avatar-96x96.jpg\",\"url\":\"https:\\\/\\\/www.webdo.tn\\\/fr\\\/wp-content\\\/uploads\\\/2026\\\/04\\\/neila-driss_avatar-96x96.jpg\",\"contentUrl\":\"https:\\\/\\\/www.webdo.tn\\\/fr\\\/wp-content\\\/uploads\\\/2026\\\/04\\\/neila-driss_avatar-96x96.jpg\",\"caption\":\"Ne\u00efla DRISS\"},\"description\":\"Ne\u00efla Driss est juriste, journaliste culturelle et critique de cin\u00e9ma tunisienne. Titulaire d\u2019un DEA en droit priv\u00e9 de l\u2019Universit\u00e9 Paris II et d\u2019un DESS de l\u2019IHEC Carthage, elle d\u00e9bute sa carri\u00e8re comme juriste sp\u00e9cialis\u00e9e en gestion de patrimoine immobilier. Elle s\u2019oriente ensuite vers l\u2019\u00e9criture en ligne, o\u00f9 elle se distingue d\u00e8s 2006 aux Tunisia Blog Awards, avant de se consacrer au journalisme culturel, avec une sp\u00e9cialisation dans la critique cin\u00e9matographique. Elle couvre r\u00e9guli\u00e8rement les grands festivals internationaux, notamment le Festival de Cannes, les Journ\u00e9es Cin\u00e9matographiques de Carthage et le Festival du film du Caire. Membre de l\u2019ATPCC et de la FIPRESCI, elle participe \u00e0 des jurys et initiatives internationales de critique. Depuis 2024, elle est \u00e9lectrice internationale aux Golden Globes. Facebook : https:\\\/\\\/www.facebook.com\\\/massir.destiniii\\\/ X : https:\\\/\\\/x.com\\\/MassirDestin\",\"sameAs\":[\"https:\\\/\\\/www.facebook.com\\\/massir.destiniii\\\/\",\"https:\\\/\\\/www.instagram.com\\\/neila.driss\\\/?hl=fr\",\"https:\\\/\\\/www.linkedin.com\\\/in\\\/neila-driss-22606a80\\\/\",\"https:\\\/\\\/x.com\\\/https:\\\/\\\/x.com\\\/MassirDestin\"],\"knowsAbout\":[\"Cin\u00e9ma international\",\"critique cin\u00e9matographique\",\"festivals de cin\u00e9ma\",\"journalisme culturel\"],\"knowsLanguage\":[\"Fran\u00e7ais\",\"Arabe\",\"Anglais\"],\"jobTitle\":\"Journaliste culturelle et critique de cin\u00e9ma\",\"worksFor\":\"Webdo\",\"url\":\"https:\\\/\\\/www.webdo.tn\\\/fr\\\/actualite\\\/author\\\/neila-driss\\\/\"}]}<\/script>\n<!-- \/ Yoast SEO Premium plugin. -->","yoast_head_json":{"title":"El Gouna 2023 : C\u00e9l\u00e9bration des talents et de trois r\u00e9alisatrices tunisiennes","description":"C\u2019est hier que le rideau s'est ferm\u00e9 sur le CineGouna Film Festival 2023 dans une atmosph\u00e8re de c\u00e9l\u00e9bration des talents des jeunes cin\u00e9astes. Cette c\u00e9r\u00e9monie a...","canonical":"https:\/\/www.webdo.tn\/fr\/actualite\/culture\/el-gouna-2023-celebration-des-talents-et-de-trois-realisatrices-tunisiennes\/210990\/","og_locale":"fr_FR","og_type":"article","og_title":"El Gouna 2023 : C\u00e9l\u00e9bration des talents et de trois r\u00e9alisatrices tunisiennes","og_description":"C\u2019est hier que le rideau s'est ferm\u00e9 sur le CineGouna Film Festival 2023 dans une atmosph\u00e8re de c\u00e9l\u00e9bration des talents des jeunes cin\u00e9astes. Cette c\u00e9r\u00e9monie a...","og_url":"https:\/\/www.webdo.tn\/fr\/actualite\/culture\/el-gouna-2023-celebration-des-talents-et-de-trois-realisatrices-tunisiennes\/210990\/","og_site_name":"webdo","article_publisher":"https:\/\/www.facebook.com\/webdotn","article_author":"https:\/\/www.facebook.com\/massir.destiniii\/","article_published_time":"2023-12-21T12:13:00+00:00","article_modified_time":"2025-05-21T08:56:15+00:00","og_image":[{"width":750,"height":400,"url":"https:\/\/www.webdo.tn\/fr\/wp-content\/uploads\/2023\/12\/9068cb5b77cf05c058bbf10ca13be8a6.jpeg","type":"image\/jpeg"}],"author":"Ne\u00efla DRISS","twitter_card":"summary_large_image","twitter_creator":"@https:\/\/x.com\/MassirDestin","twitter_site":"@webdo_tn","twitter_misc":{"\u00c9crit par":"Ne\u00efla DRISS","Dur\u00e9e de lecture estim\u00e9e":"7 minutes"},"schema":{"@context":"https:\/\/schema.org","@graph":[{"@type":"NewsArticle","@id":"https:\/\/www.webdo.tn\/fr\/actualite\/culture\/el-gouna-2023-celebration-des-talents-et-de-trois-realisatrices-tunisiennes\/210990\/#article","isPartOf":{"@id":"https:\/\/www.webdo.tn\/fr\/actualite\/culture\/el-gouna-2023-celebration-des-talents-et-de-trois-realisatrices-tunisiennes\/210990\/"},"author":{"name":"Ne\u00efla DRISS","@id":"https:\/\/www.webdo.tn\/fr\/#\/schema\/person\/60d5ba619ed3f58783b0dc82b7dada80"},"headline":"El Gouna 2023 : C\u00e9l\u00e9bration des talents et de trois r\u00e9alisatrices tunisiennes","datePublished":"2023-12-21T12:13:00+00:00","dateModified":"2025-05-21T08:56:15+00:00","mainEntityOfPage":{"@id":"https:\/\/www.webdo.tn\/fr\/actualite\/culture\/el-gouna-2023-celebration-des-talents-et-de-trois-realisatrices-tunisiennes\/210990\/"},"wordCount":1427,"commentCount":0,"publisher":{"@id":"https:\/\/www.webdo.tn\/fr\/#organization"},"image":{"@id":"https:\/\/www.webdo.tn\/fr\/actualite\/culture\/el-gouna-2023-celebration-des-talents-et-de-trois-realisatrices-tunisiennes\/210990\/#primaryimage"},"thumbnailUrl":"https:\/\/www.webdo.tn\/fr\/wp-content\/uploads\/2023\/12\/9068cb5b77cf05c058bbf10ca13be8a6.jpeg","keywords":["El Gouna 2023","Festival du Film d'El Gouna","GFF","GFF 2023"],"articleSection":["Culture"],"inLanguage":"fr-FR"},{"@type":"WebPage","@id":"https:\/\/www.webdo.tn\/fr\/actualite\/culture\/el-gouna-2023-celebration-des-talents-et-de-trois-realisatrices-tunisiennes\/210990\/","url":"https:\/\/www.webdo.tn\/fr\/actualite\/culture\/el-gouna-2023-celebration-des-talents-et-de-trois-realisatrices-tunisiennes\/210990\/","name":"El Gouna 2023 : C\u00e9l\u00e9bration des talents et de trois r\u00e9alisatrices tunisiennes","isPartOf":{"@id":"https:\/\/www.webdo.tn\/fr\/#website"},"primaryImageOfPage":{"@id":"https:\/\/www.webdo.tn\/fr\/actualite\/culture\/el-gouna-2023-celebration-des-talents-et-de-trois-realisatrices-tunisiennes\/210990\/#primaryimage"},"image":{"@id":"https:\/\/www.webdo.tn\/fr\/actualite\/culture\/el-gouna-2023-celebration-des-talents-et-de-trois-realisatrices-tunisiennes\/210990\/#primaryimage"},"thumbnailUrl":"https:\/\/www.webdo.tn\/fr\/wp-content\/uploads\/2023\/12\/9068cb5b77cf05c058bbf10ca13be8a6.jpeg","datePublished":"2023-12-21T12:13:00+00:00","dateModified":"2025-05-21T08:56:15+00:00","description":"C\u2019est hier que le rideau s'est ferm\u00e9 sur le CineGouna Film Festival 2023 dans une atmosph\u00e8re de c\u00e9l\u00e9bration des talents des jeunes cin\u00e9astes. Cette c\u00e9r\u00e9monie a...","breadcrumb":{"@id":"https:\/\/www.webdo.tn\/fr\/actualite\/culture\/el-gouna-2023-celebration-des-talents-et-de-trois-realisatrices-tunisiennes\/210990\/#breadcrumb"},"inLanguage":"fr-FR","potentialAction":[{"@type":"ReadAction","target":["https:\/\/www.webdo.tn\/fr\/actualite\/culture\/el-gouna-2023-celebration-des-talents-et-de-trois-realisatrices-tunisiennes\/210990\/"]}]},{"@type":"ImageObject","inLanguage":"fr-FR","@id":"https:\/\/www.webdo.tn\/fr\/actualite\/culture\/el-gouna-2023-celebration-des-talents-et-de-trois-realisatrices-tunisiennes\/210990\/#primaryimage","url":"https:\/\/www.webdo.tn\/fr\/wp-content\/uploads\/2023\/12\/9068cb5b77cf05c058bbf10ca13be8a6.jpeg","contentUrl":"https:\/\/www.webdo.tn\/fr\/wp-content\/uploads\/2023\/12\/9068cb5b77cf05c058bbf10ca13be8a6.jpeg","width":750,"height":400,"caption":"El Gouna 2023 : C\u00e9l\u00e9bration des talents et de trois r\u00e9alisatrices tunisiennes"},{"@type":"BreadcrumbList","@id":"https:\/\/www.webdo.tn\/fr\/actualite\/culture\/el-gouna-2023-celebration-des-talents-et-de-trois-realisatrices-tunisiennes\/210990\/#breadcrumb","itemListElement":[{"@type":"ListItem","position":1,"name":"Accueil","item":"https:\/\/www.webdo.tn\/fr\/"},{"@type":"ListItem","position":2,"name":"El Gouna 2023 : C\u00e9l\u00e9bration des talents et de trois r\u00e9alisatrices tunisiennes"}]},{"@type":"WebSite","@id":"https:\/\/www.webdo.tn\/fr\/#website","url":"https:\/\/www.webdo.tn\/fr\/","name":"webdo","description":"Tunisie - News en Tunisie et \u00e0 l&#039;international sur Webdo.tn","publisher":{"@id":"https:\/\/www.webdo.tn\/fr\/#organization"},"potentialAction":[{"@type":"SearchAction","target":{"@type":"EntryPoint","urlTemplate":"https:\/\/www.webdo.tn\/fr\/?s={search_term_string}"},"query-input":{"@type":"PropertyValueSpecification","valueRequired":true,"valueName":"search_term_string"}}],"inLanguage":"fr-FR"},{"@type":"Organization","@id":"https:\/\/www.webdo.tn\/fr\/#organization","name":"Webdo","alternateName":"Webdo.tn","url":"https:\/\/www.webdo.tn\/fr\/","logo":{"@type":"ImageObject","inLanguage":"fr-FR","@id":"https:\/\/www.webdo.tn\/fr\/#\/schema\/logo\/image\/","url":"https:\/\/www.webdo.tn\/fr\/wp-content\/uploads\/2025\/06\/Webdo-Tunisie_168377.jpg","contentUrl":"https:\/\/www.webdo.tn\/fr\/wp-content\/uploads\/2025\/06\/Webdo-Tunisie_168377.jpg","width":301,"height":301,"caption":"Webdo"},"image":{"@id":"https:\/\/www.webdo.tn\/fr\/#\/schema\/logo\/image\/"},"sameAs":["https:\/\/www.facebook.com\/webdotn","https:\/\/x.com\/webdo_tn"],"description":"Webdo est un m\u00e9dia num\u00e9rique tunisien fond\u00e9 en 2010, sp\u00e9cialis\u00e9 dans l\u2019actualit\u00e9 nationale et internationale, l\u2019\u00e9conomie, la soci\u00e9t\u00e9 et les analyses politiques. Le site s\u2019adresse \u00e0 un large public francophone et couvre l\u2019information tunisienne en temps r\u00e9el.","email":"redac@webdo.tn","legalName":"YNJ SARL","foundingDate":"2010-09-06","numberOfEmployees":{"@type":"QuantitativeValue","minValue":"11","maxValue":"50"}},{"@type":"Person","@id":"https:\/\/www.webdo.tn\/fr\/#\/schema\/person\/60d5ba619ed3f58783b0dc82b7dada80","name":"Ne\u00efla DRISS","image":{"@type":"ImageObject","inLanguage":"fr-FR","@id":"https:\/\/www.webdo.tn\/fr\/wp-content\/uploads\/2026\/04\/neila-driss_avatar-96x96.jpg","url":"https:\/\/www.webdo.tn\/fr\/wp-content\/uploads\/2026\/04\/neila-driss_avatar-96x96.jpg","contentUrl":"https:\/\/www.webdo.tn\/fr\/wp-content\/uploads\/2026\/04\/neila-driss_avatar-96x96.jpg","caption":"Ne\u00efla DRISS"},"description":"Ne\u00efla Driss est juriste, journaliste culturelle et critique de cin\u00e9ma tunisienne. Titulaire d\u2019un DEA en droit priv\u00e9 de l\u2019Universit\u00e9 Paris II et d\u2019un DESS de l\u2019IHEC Carthage, elle d\u00e9bute sa carri\u00e8re comme juriste sp\u00e9cialis\u00e9e en gestion de patrimoine immobilier. Elle s\u2019oriente ensuite vers l\u2019\u00e9criture en ligne, o\u00f9 elle se distingue d\u00e8s 2006 aux Tunisia Blog Awards, avant de se consacrer au journalisme culturel, avec une sp\u00e9cialisation dans la critique cin\u00e9matographique. Elle couvre r\u00e9guli\u00e8rement les grands festivals internationaux, notamment le Festival de Cannes, les Journ\u00e9es Cin\u00e9matographiques de Carthage et le Festival du film du Caire. Membre de l\u2019ATPCC et de la FIPRESCI, elle participe \u00e0 des jurys et initiatives internationales de critique. Depuis 2024, elle est \u00e9lectrice internationale aux Golden Globes. Facebook : https:\/\/www.facebook.com\/massir.destiniii\/ X : https:\/\/x.com\/MassirDestin","sameAs":["https:\/\/www.facebook.com\/massir.destiniii\/","https:\/\/www.instagram.com\/neila.driss\/?hl=fr","https:\/\/www.linkedin.com\/in\/neila-driss-22606a80\/","https:\/\/x.com\/https:\/\/x.com\/MassirDestin"],"knowsAbout":["Cin\u00e9ma international","critique cin\u00e9matographique","festivals de cin\u00e9ma","journalisme culturel"],"knowsLanguage":["Fran\u00e7ais","Arabe","Anglais"],"jobTitle":"Journaliste culturelle et critique de cin\u00e9ma","worksFor":"Webdo","url":"https:\/\/www.webdo.tn\/fr\/actualite\/author\/neila-driss\/"}]}},"_links":{"self":[{"href":"https:\/\/www.webdo.tn\/fr\/wp-json\/wp\/v2\/posts\/210990","targetHints":{"allow":["GET"]}}],"collection":[{"href":"https:\/\/www.webdo.tn\/fr\/wp-json\/wp\/v2\/posts"}],"about":[{"href":"https:\/\/www.webdo.tn\/fr\/wp-json\/wp\/v2\/types\/post"}],"author":[{"embeddable":true,"href":"https:\/\/www.webdo.tn\/fr\/wp-json\/wp\/v2\/users\/3164"}],"replies":[{"embeddable":true,"href":"https:\/\/www.webdo.tn\/fr\/wp-json\/wp\/v2\/comments?post=210990"}],"version-history":[{"count":0,"href":"https:\/\/www.webdo.tn\/fr\/wp-json\/wp\/v2\/posts\/210990\/revisions"}],"wp:featuredmedia":[{"embeddable":true,"href":"https:\/\/www.webdo.tn\/fr\/wp-json\/wp\/v2\/media\/248443"}],"wp:attachment":[{"href":"https:\/\/www.webdo.tn\/fr\/wp-json\/wp\/v2\/media?parent=210990"}],"wp:term":[{"taxonomy":"category","embeddable":true,"href":"https:\/\/www.webdo.tn\/fr\/wp-json\/wp\/v2\/categories?post=210990"},{"taxonomy":"post_tag","embeddable":true,"href":"https:\/\/www.webdo.tn\/fr\/wp-json\/wp\/v2\/tags?post=210990"}],"curies":[{"name":"wp","href":"https:\/\/api.w.org\/{rel}","templated":true}]}}