{"id":210964,"date":"2023-12-20T14:02:00","date_gmt":"2023-12-20T14:02:00","guid":{"rendered":"https:\/\/www.webdo.tn\/fr\/blog\/tunisie-alerte-meteo-des-rafales-de-vent-a-100-km-h\/210964\/"},"modified":"2025-05-20T22:38:58","modified_gmt":"2025-05-20T22:38:58","slug":"tunisie-alerte-meteo-des-rafales-de-vent-a-100-km-h","status":"publish","type":"post","link":"https:\/\/www.webdo.tn\/fr\/actualite\/national\/tunisie-alerte-meteo-des-rafales-de-vent-a-100-km-h\/210964\/","title":{"rendered":"Tunisie \u2013 Alerte m\u00e9t\u00e9o : Des rafales de vent \u00e0 100 km\/h"},"content":{"rendered":"<p>Un vent fort soufflera cette nuit sur toutes les c\u00f4tes tunisiennes, selon un bulletin sp\u00e9cial navigation et p\u00eache publi\u00e9, mercredi, par l&rsquo;Institut national de la m\u00e9t\u00e9orologie (INM).<\/p>\n<p>\t\t\t\t\t\t\t\t\tLe vent soufflera tr\u00e8s fort, les 22 et 23 d\u00e9cembre, au Nord de Tunis et Golfe de Hammamet, en raison d&rsquo;une d\u00e9pression atmosph\u00e9rique atteignant 1000 hectopascals (hpa) sur le Golfe de G\u00eanes.<\/p>\n<p>Sa vitesse sera de 7 \u00e0 8 sur l&rsquo;\u00e9chelle de Beaufort (de 28 \u00e0 40 n\u0153uds) et peut atteindre 9 \u00e0 10 sur l&rsquo;\u00e9chelle de Beaufort au Nord de Tunis et sur le Golfe de Hammamet (de 41 \u00e0 55 n\u0153uds), avec de fortes rafales d\u00e9passant 55 n\u0153uds, soit plus de 100 kilom\u00e8tres par heure.\u00a0<\/p>\n<p>La mer sera houleuse \u00e0 tr\u00e8s houleuse dans tous les domaines maritimes et localement violente au nord de Tunis et dans le golfe de Hammamet avec des vagues qui d\u00e9passeraient 6 m\u00e8tres d&rsquo;hauteur.<\/p>\n","protected":false},"excerpt":{"rendered":"<p>Le vent soufflera tr\u00e8s fort, les 22 et 23 d\u00e9cembre, au Nord de Tunis et Golfe de Hammamet, en raison d&rsquo;une d\u00e9pression atmosph\u00e9rique atteignant 1000 hectopascals&#8230;<\/p>\n","protected":false},"author":3175,"featured_media":248457,"comment_status":"open","ping_status":"closed","sticky":false,"template":"","format":"standard","meta":{"footnotes":""},"categories":[44],"tags":[4366,7344,2608,3363],"class_list":["post-210964","post","type-post","status-publish","format-standard","has-post-thumbnail","hentry","category-national","tag-alerte-meteo","tag-rafale","tag-tunisie","tag-vent"],"yoast_head":"<!-- This site is optimized with the Yoast SEO Premium plugin v27.5 (Yoast SEO v27.5) - https:\/\/yoast.com\/product\/yoast-seo-premium-wordpress\/ -->\n<title>Tunisie \u2013 Alerte m\u00e9t\u00e9o : Des rafales de vent \u00e0 100 km\/h<\/title>\n<meta name=\"description\" content=\"Le vent soufflera tr\u00e8s fort, les 22 et 23 d\u00e9cembre, au Nord de Tunis et Golfe de Hammamet, en raison d&#039;une d\u00e9pression atmosph\u00e9rique atteignant 1000 hectopascals...\" \/>\n<link rel=\"canonical\" href=\"https:\/\/www.webdo.tn\/fr\/actualite\/national\/tunisie-alerte-meteo-des-rafales-de-vent-a-100-km-h\/210964\/\" \/>\n<meta property=\"og:locale\" content=\"fr_FR\" \/>\n<meta property=\"og:type\" content=\"article\" \/>\n<meta property=\"og:title\" content=\"Tunisie \u2013 Alerte m\u00e9t\u00e9o : Des rafales de vent \u00e0 100 km\/h\" \/>\n<meta property=\"og:description\" content=\"Le vent soufflera tr\u00e8s fort, les 22 et 23 d\u00e9cembre, au Nord de Tunis et Golfe de Hammamet, en raison d&#039;une d\u00e9pression atmosph\u00e9rique atteignant 1000 hectopascals...\" \/>\n<meta property=\"og:url\" content=\"https:\/\/www.webdo.tn\/fr\/actualite\/national\/tunisie-alerte-meteo-des-rafales-de-vent-a-100-km-h\/210964\/\" \/>\n<meta property=\"og:site_name\" content=\"webdo\" \/>\n<meta property=\"article:publisher\" content=\"https:\/\/www.facebook.com\/webdotn\" \/>\n<meta property=\"article:published_time\" content=\"2023-12-20T14:02:00+00:00\" \/>\n<meta property=\"article:modified_time\" content=\"2025-05-20T22:38:58+00:00\" \/>\n<meta property=\"og:image\" content=\"https:\/\/www.webdo.tn\/fr\/wp-content\/uploads\/2023\/12\/5baeb0242e33cb66492f6b0b2fe9b6e2.jpg\" \/>\n\t<meta property=\"og:image:width\" content=\"750\" \/>\n\t<meta property=\"og:image:height\" content=\"400\" \/>\n\t<meta property=\"og:image:type\" content=\"image\/jpeg\" \/>\n<meta name=\"author\" content=\"CL\" \/>\n<meta name=\"twitter:card\" content=\"summary_large_image\" \/>\n<meta name=\"twitter:creator\" content=\"@webdo_tn\" \/>\n<meta name=\"twitter:site\" content=\"@webdo_tn\" \/>\n<meta name=\"twitter:label1\" content=\"\u00c9crit par\" \/>\n\t<meta name=\"twitter:data1\" content=\"CL\" \/>\n\t<meta name=\"twitter:label2\" content=\"Dur\u00e9e de lecture estim\u00e9e\" \/>\n\t<meta name=\"twitter:data2\" content=\"1 minute\" \/>\n<script type=\"application\/ld+json\" class=\"yoast-schema-graph\">{\"@context\":\"https:\\\/\\\/schema.org\",\"@graph\":[{\"@type\":\"NewsArticle\",\"@id\":\"https:\\\/\\\/www.webdo.tn\\\/fr\\\/actualite\\\/national\\\/tunisie-alerte-meteo-des-rafales-de-vent-a-100-km-h\\\/210964\\\/#article\",\"isPartOf\":{\"@id\":\"https:\\\/\\\/www.webdo.tn\\\/fr\\\/actualite\\\/national\\\/tunisie-alerte-meteo-des-rafales-de-vent-a-100-km-h\\\/210964\\\/\"},\"author\":{\"name\":\"CL\",\"@id\":\"https:\\\/\\\/www.webdo.tn\\\/fr\\\/#\\\/schema\\\/person\\\/f35b42a42c5e2511bbd282959d6385cc\"},\"headline\":\"Tunisie \u2013 Alerte m\u00e9t\u00e9o : Des rafales de vent \u00e0 100 km\\\/h\",\"datePublished\":\"2023-12-20T14:02:00+00:00\",\"dateModified\":\"2025-05-20T22:38:58+00:00\",\"mainEntityOfPage\":{\"@id\":\"https:\\\/\\\/www.webdo.tn\\\/fr\\\/actualite\\\/national\\\/tunisie-alerte-meteo-des-rafales-de-vent-a-100-km-h\\\/210964\\\/\"},\"wordCount\":162,\"commentCount\":0,\"publisher\":{\"@id\":\"https:\\\/\\\/www.webdo.tn\\\/fr\\\/#organization\"},\"image\":{\"@id\":\"https:\\\/\\\/www.webdo.tn\\\/fr\\\/actualite\\\/national\\\/tunisie-alerte-meteo-des-rafales-de-vent-a-100-km-h\\\/210964\\\/#primaryimage\"},\"thumbnailUrl\":\"https:\\\/\\\/www.webdo.tn\\\/fr\\\/wp-content\\\/uploads\\\/2023\\\/12\\\/5baeb0242e33cb66492f6b0b2fe9b6e2.jpg\",\"keywords\":[\"alerte m\u00e9t\u00e9o\",\"rafale\",\"Tunisie\",\"Vent\"],\"articleSection\":[\"National\"],\"inLanguage\":\"fr-FR\"},{\"@type\":\"WebPage\",\"@id\":\"https:\\\/\\\/www.webdo.tn\\\/fr\\\/actualite\\\/national\\\/tunisie-alerte-meteo-des-rafales-de-vent-a-100-km-h\\\/210964\\\/\",\"url\":\"https:\\\/\\\/www.webdo.tn\\\/fr\\\/actualite\\\/national\\\/tunisie-alerte-meteo-des-rafales-de-vent-a-100-km-h\\\/210964\\\/\",\"name\":\"Tunisie \u2013 Alerte m\u00e9t\u00e9o : Des rafales de vent \u00e0 100 km\\\/h\",\"isPartOf\":{\"@id\":\"https:\\\/\\\/www.webdo.tn\\\/fr\\\/#website\"},\"primaryImageOfPage\":{\"@id\":\"https:\\\/\\\/www.webdo.tn\\\/fr\\\/actualite\\\/national\\\/tunisie-alerte-meteo-des-rafales-de-vent-a-100-km-h\\\/210964\\\/#primaryimage\"},\"image\":{\"@id\":\"https:\\\/\\\/www.webdo.tn\\\/fr\\\/actualite\\\/national\\\/tunisie-alerte-meteo-des-rafales-de-vent-a-100-km-h\\\/210964\\\/#primaryimage\"},\"thumbnailUrl\":\"https:\\\/\\\/www.webdo.tn\\\/fr\\\/wp-content\\\/uploads\\\/2023\\\/12\\\/5baeb0242e33cb66492f6b0b2fe9b6e2.jpg\",\"datePublished\":\"2023-12-20T14:02:00+00:00\",\"dateModified\":\"2025-05-20T22:38:58+00:00\",\"description\":\"Le vent soufflera tr\u00e8s fort, les 22 et 23 d\u00e9cembre, au Nord de Tunis et Golfe de Hammamet, en raison d'une d\u00e9pression atmosph\u00e9rique atteignant 1000 hectopascals...\",\"breadcrumb\":{\"@id\":\"https:\\\/\\\/www.webdo.tn\\\/fr\\\/actualite\\\/national\\\/tunisie-alerte-meteo-des-rafales-de-vent-a-100-km-h\\\/210964\\\/#breadcrumb\"},\"inLanguage\":\"fr-FR\",\"potentialAction\":[{\"@type\":\"ReadAction\",\"target\":[\"https:\\\/\\\/www.webdo.tn\\\/fr\\\/actualite\\\/national\\\/tunisie-alerte-meteo-des-rafales-de-vent-a-100-km-h\\\/210964\\\/\"]}]},{\"@type\":\"ImageObject\",\"inLanguage\":\"fr-FR\",\"@id\":\"https:\\\/\\\/www.webdo.tn\\\/fr\\\/actualite\\\/national\\\/tunisie-alerte-meteo-des-rafales-de-vent-a-100-km-h\\\/210964\\\/#primaryimage\",\"url\":\"https:\\\/\\\/www.webdo.tn\\\/fr\\\/wp-content\\\/uploads\\\/2023\\\/12\\\/5baeb0242e33cb66492f6b0b2fe9b6e2.jpg\",\"contentUrl\":\"https:\\\/\\\/www.webdo.tn\\\/fr\\\/wp-content\\\/uploads\\\/2023\\\/12\\\/5baeb0242e33cb66492f6b0b2fe9b6e2.jpg\",\"width\":750,\"height\":400,\"caption\":\"Tunisie \u2013 Alerte m\u00e9t\u00e9o : Des rafales de vent \u00e0 100 km\\\/h\"},{\"@type\":\"BreadcrumbList\",\"@id\":\"https:\\\/\\\/www.webdo.tn\\\/fr\\\/actualite\\\/national\\\/tunisie-alerte-meteo-des-rafales-de-vent-a-100-km-h\\\/210964\\\/#breadcrumb\",\"itemListElement\":[{\"@type\":\"ListItem\",\"position\":1,\"name\":\"Accueil\",\"item\":\"https:\\\/\\\/www.webdo.tn\\\/fr\\\/\"},{\"@type\":\"ListItem\",\"position\":2,\"name\":\"Tunisie \u2013 Alerte m\u00e9t\u00e9o : Des rafales de vent \u00e0 100 km\\\/h\"}]},{\"@type\":\"WebSite\",\"@id\":\"https:\\\/\\\/www.webdo.tn\\\/fr\\\/#website\",\"url\":\"https:\\\/\\\/www.webdo.tn\\\/fr\\\/\",\"name\":\"webdo\",\"description\":\"Tunisie - News en Tunisie et \u00e0 l&#039;international sur Webdo.tn\",\"publisher\":{\"@id\":\"https:\\\/\\\/www.webdo.tn\\\/fr\\\/#organization\"},\"potentialAction\":[{\"@type\":\"SearchAction\",\"target\":{\"@type\":\"EntryPoint\",\"urlTemplate\":\"https:\\\/\\\/www.webdo.tn\\\/fr\\\/?s={search_term_string}\"},\"query-input\":{\"@type\":\"PropertyValueSpecification\",\"valueRequired\":true,\"valueName\":\"search_term_string\"}}],\"inLanguage\":\"fr-FR\"},{\"@type\":\"Organization\",\"@id\":\"https:\\\/\\\/www.webdo.tn\\\/fr\\\/#organization\",\"name\":\"Webdo\",\"alternateName\":\"Webdo.tn\",\"url\":\"https:\\\/\\\/www.webdo.tn\\\/fr\\\/\",\"logo\":{\"@type\":\"ImageObject\",\"inLanguage\":\"fr-FR\",\"@id\":\"https:\\\/\\\/www.webdo.tn\\\/fr\\\/#\\\/schema\\\/logo\\\/image\\\/\",\"url\":\"https:\\\/\\\/www.webdo.tn\\\/fr\\\/wp-content\\\/uploads\\\/2025\\\/06\\\/Webdo-Tunisie_168377.jpg\",\"contentUrl\":\"https:\\\/\\\/www.webdo.tn\\\/fr\\\/wp-content\\\/uploads\\\/2025\\\/06\\\/Webdo-Tunisie_168377.jpg\",\"width\":301,\"height\":301,\"caption\":\"Webdo\"},\"image\":{\"@id\":\"https:\\\/\\\/www.webdo.tn\\\/fr\\\/#\\\/schema\\\/logo\\\/image\\\/\"},\"sameAs\":[\"https:\\\/\\\/www.facebook.com\\\/webdotn\",\"https:\\\/\\\/x.com\\\/webdo_tn\"],\"description\":\"Webdo est un m\u00e9dia num\u00e9rique tunisien fond\u00e9 en 2010, sp\u00e9cialis\u00e9 dans l\u2019actualit\u00e9 nationale et internationale, l\u2019\u00e9conomie, la soci\u00e9t\u00e9 et les analyses politiques. Le site s\u2019adresse \u00e0 un large public francophone et couvre l\u2019information tunisienne en temps r\u00e9el.\",\"email\":\"redac@webdo.tn\",\"legalName\":\"YNJ SARL\",\"foundingDate\":\"2010-09-06\",\"numberOfEmployees\":{\"@type\":\"QuantitativeValue\",\"minValue\":\"11\",\"maxValue\":\"50\"}},{\"@type\":\"Person\",\"@id\":\"https:\\\/\\\/www.webdo.tn\\\/fr\\\/#\\\/schema\\\/person\\\/f35b42a42c5e2511bbd282959d6385cc\",\"name\":\"CL\",\"image\":{\"@type\":\"ImageObject\",\"inLanguage\":\"fr-FR\",\"@id\":\"https:\\\/\\\/secure.gravatar.com\\\/avatar\\\/1447a49909b67aa657c488aec6512e1dd6143a480c1ecfee9b5b5cd74eb3b59e?s=96&d=mm&r=g\",\"url\":\"https:\\\/\\\/secure.gravatar.com\\\/avatar\\\/1447a49909b67aa657c488aec6512e1dd6143a480c1ecfee9b5b5cd74eb3b59e?s=96&d=mm&r=g\",\"contentUrl\":\"https:\\\/\\\/secure.gravatar.com\\\/avatar\\\/1447a49909b67aa657c488aec6512e1dd6143a480c1ecfee9b5b5cd74eb3b59e?s=96&d=mm&r=g\",\"caption\":\"CL\"},\"url\":\"https:\\\/\\\/www.webdo.tn\\\/fr\\\/actualite\\\/author\\\/cl\\\/\"}]}<\/script>\n<!-- \/ Yoast SEO Premium plugin. -->","yoast_head_json":{"title":"Tunisie \u2013 Alerte m\u00e9t\u00e9o : Des rafales de vent \u00e0 100 km\/h","description":"Le vent soufflera tr\u00e8s fort, les 22 et 23 d\u00e9cembre, au Nord de Tunis et Golfe de Hammamet, en raison d'une d\u00e9pression atmosph\u00e9rique atteignant 1000 hectopascals...","canonical":"https:\/\/www.webdo.tn\/fr\/actualite\/national\/tunisie-alerte-meteo-des-rafales-de-vent-a-100-km-h\/210964\/","og_locale":"fr_FR","og_type":"article","og_title":"Tunisie \u2013 Alerte m\u00e9t\u00e9o : Des rafales de vent \u00e0 100 km\/h","og_description":"Le vent soufflera tr\u00e8s fort, les 22 et 23 d\u00e9cembre, au Nord de Tunis et Golfe de Hammamet, en raison d'une d\u00e9pression atmosph\u00e9rique atteignant 1000 hectopascals...","og_url":"https:\/\/www.webdo.tn\/fr\/actualite\/national\/tunisie-alerte-meteo-des-rafales-de-vent-a-100-km-h\/210964\/","og_site_name":"webdo","article_publisher":"https:\/\/www.facebook.com\/webdotn","article_published_time":"2023-12-20T14:02:00+00:00","article_modified_time":"2025-05-20T22:38:58+00:00","og_image":[{"width":750,"height":400,"url":"https:\/\/www.webdo.tn\/fr\/wp-content\/uploads\/2023\/12\/5baeb0242e33cb66492f6b0b2fe9b6e2.jpg","type":"image\/jpeg"}],"author":"CL","twitter_card":"summary_large_image","twitter_creator":"@webdo_tn","twitter_site":"@webdo_tn","twitter_misc":{"\u00c9crit par":"CL","Dur\u00e9e de lecture estim\u00e9e":"1 minute"},"schema":{"@context":"https:\/\/schema.org","@graph":[{"@type":"NewsArticle","@id":"https:\/\/www.webdo.tn\/fr\/actualite\/national\/tunisie-alerte-meteo-des-rafales-de-vent-a-100-km-h\/210964\/#article","isPartOf":{"@id":"https:\/\/www.webdo.tn\/fr\/actualite\/national\/tunisie-alerte-meteo-des-rafales-de-vent-a-100-km-h\/210964\/"},"author":{"name":"CL","@id":"https:\/\/www.webdo.tn\/fr\/#\/schema\/person\/f35b42a42c5e2511bbd282959d6385cc"},"headline":"Tunisie \u2013 Alerte m\u00e9t\u00e9o : Des rafales de vent \u00e0 100 km\/h","datePublished":"2023-12-20T14:02:00+00:00","dateModified":"2025-05-20T22:38:58+00:00","mainEntityOfPage":{"@id":"https:\/\/www.webdo.tn\/fr\/actualite\/national\/tunisie-alerte-meteo-des-rafales-de-vent-a-100-km-h\/210964\/"},"wordCount":162,"commentCount":0,"publisher":{"@id":"https:\/\/www.webdo.tn\/fr\/#organization"},"image":{"@id":"https:\/\/www.webdo.tn\/fr\/actualite\/national\/tunisie-alerte-meteo-des-rafales-de-vent-a-100-km-h\/210964\/#primaryimage"},"thumbnailUrl":"https:\/\/www.webdo.tn\/fr\/wp-content\/uploads\/2023\/12\/5baeb0242e33cb66492f6b0b2fe9b6e2.jpg","keywords":["alerte m\u00e9t\u00e9o","rafale","Tunisie","Vent"],"articleSection":["National"],"inLanguage":"fr-FR"},{"@type":"WebPage","@id":"https:\/\/www.webdo.tn\/fr\/actualite\/national\/tunisie-alerte-meteo-des-rafales-de-vent-a-100-km-h\/210964\/","url":"https:\/\/www.webdo.tn\/fr\/actualite\/national\/tunisie-alerte-meteo-des-rafales-de-vent-a-100-km-h\/210964\/","name":"Tunisie \u2013 Alerte m\u00e9t\u00e9o : Des rafales de vent \u00e0 100 km\/h","isPartOf":{"@id":"https:\/\/www.webdo.tn\/fr\/#website"},"primaryImageOfPage":{"@id":"https:\/\/www.webdo.tn\/fr\/actualite\/national\/tunisie-alerte-meteo-des-rafales-de-vent-a-100-km-h\/210964\/#primaryimage"},"image":{"@id":"https:\/\/www.webdo.tn\/fr\/actualite\/national\/tunisie-alerte-meteo-des-rafales-de-vent-a-100-km-h\/210964\/#primaryimage"},"thumbnailUrl":"https:\/\/www.webdo.tn\/fr\/wp-content\/uploads\/2023\/12\/5baeb0242e33cb66492f6b0b2fe9b6e2.jpg","datePublished":"2023-12-20T14:02:00+00:00","dateModified":"2025-05-20T22:38:58+00:00","description":"Le vent soufflera tr\u00e8s fort, les 22 et 23 d\u00e9cembre, au Nord de Tunis et Golfe de Hammamet, en raison d'une d\u00e9pression atmosph\u00e9rique atteignant 1000 hectopascals...","breadcrumb":{"@id":"https:\/\/www.webdo.tn\/fr\/actualite\/national\/tunisie-alerte-meteo-des-rafales-de-vent-a-100-km-h\/210964\/#breadcrumb"},"inLanguage":"fr-FR","potentialAction":[{"@type":"ReadAction","target":["https:\/\/www.webdo.tn\/fr\/actualite\/national\/tunisie-alerte-meteo-des-rafales-de-vent-a-100-km-h\/210964\/"]}]},{"@type":"ImageObject","inLanguage":"fr-FR","@id":"https:\/\/www.webdo.tn\/fr\/actualite\/national\/tunisie-alerte-meteo-des-rafales-de-vent-a-100-km-h\/210964\/#primaryimage","url":"https:\/\/www.webdo.tn\/fr\/wp-content\/uploads\/2023\/12\/5baeb0242e33cb66492f6b0b2fe9b6e2.jpg","contentUrl":"https:\/\/www.webdo.tn\/fr\/wp-content\/uploads\/2023\/12\/5baeb0242e33cb66492f6b0b2fe9b6e2.jpg","width":750,"height":400,"caption":"Tunisie \u2013 Alerte m\u00e9t\u00e9o : Des rafales de vent \u00e0 100 km\/h"},{"@type":"BreadcrumbList","@id":"https:\/\/www.webdo.tn\/fr\/actualite\/national\/tunisie-alerte-meteo-des-rafales-de-vent-a-100-km-h\/210964\/#breadcrumb","itemListElement":[{"@type":"ListItem","position":1,"name":"Accueil","item":"https:\/\/www.webdo.tn\/fr\/"},{"@type":"ListItem","position":2,"name":"Tunisie \u2013 Alerte m\u00e9t\u00e9o : Des rafales de vent \u00e0 100 km\/h"}]},{"@type":"WebSite","@id":"https:\/\/www.webdo.tn\/fr\/#website","url":"https:\/\/www.webdo.tn\/fr\/","name":"webdo","description":"Tunisie - News en Tunisie et \u00e0 l&#039;international sur Webdo.tn","publisher":{"@id":"https:\/\/www.webdo.tn\/fr\/#organization"},"potentialAction":[{"@type":"SearchAction","target":{"@type":"EntryPoint","urlTemplate":"https:\/\/www.webdo.tn\/fr\/?s={search_term_string}"},"query-input":{"@type":"PropertyValueSpecification","valueRequired":true,"valueName":"search_term_string"}}],"inLanguage":"fr-FR"},{"@type":"Organization","@id":"https:\/\/www.webdo.tn\/fr\/#organization","name":"Webdo","alternateName":"Webdo.tn","url":"https:\/\/www.webdo.tn\/fr\/","logo":{"@type":"ImageObject","inLanguage":"fr-FR","@id":"https:\/\/www.webdo.tn\/fr\/#\/schema\/logo\/image\/","url":"https:\/\/www.webdo.tn\/fr\/wp-content\/uploads\/2025\/06\/Webdo-Tunisie_168377.jpg","contentUrl":"https:\/\/www.webdo.tn\/fr\/wp-content\/uploads\/2025\/06\/Webdo-Tunisie_168377.jpg","width":301,"height":301,"caption":"Webdo"},"image":{"@id":"https:\/\/www.webdo.tn\/fr\/#\/schema\/logo\/image\/"},"sameAs":["https:\/\/www.facebook.com\/webdotn","https:\/\/x.com\/webdo_tn"],"description":"Webdo est un m\u00e9dia num\u00e9rique tunisien fond\u00e9 en 2010, sp\u00e9cialis\u00e9 dans l\u2019actualit\u00e9 nationale et internationale, l\u2019\u00e9conomie, la soci\u00e9t\u00e9 et les analyses politiques. Le site s\u2019adresse \u00e0 un large public francophone et couvre l\u2019information tunisienne en temps r\u00e9el.","email":"redac@webdo.tn","legalName":"YNJ SARL","foundingDate":"2010-09-06","numberOfEmployees":{"@type":"QuantitativeValue","minValue":"11","maxValue":"50"}},{"@type":"Person","@id":"https:\/\/www.webdo.tn\/fr\/#\/schema\/person\/f35b42a42c5e2511bbd282959d6385cc","name":"CL","image":{"@type":"ImageObject","inLanguage":"fr-FR","@id":"https:\/\/secure.gravatar.com\/avatar\/1447a49909b67aa657c488aec6512e1dd6143a480c1ecfee9b5b5cd74eb3b59e?s=96&d=mm&r=g","url":"https:\/\/secure.gravatar.com\/avatar\/1447a49909b67aa657c488aec6512e1dd6143a480c1ecfee9b5b5cd74eb3b59e?s=96&d=mm&r=g","contentUrl":"https:\/\/secure.gravatar.com\/avatar\/1447a49909b67aa657c488aec6512e1dd6143a480c1ecfee9b5b5cd74eb3b59e?s=96&d=mm&r=g","caption":"CL"},"url":"https:\/\/www.webdo.tn\/fr\/actualite\/author\/cl\/"}]}},"_links":{"self":[{"href":"https:\/\/www.webdo.tn\/fr\/wp-json\/wp\/v2\/posts\/210964","targetHints":{"allow":["GET"]}}],"collection":[{"href":"https:\/\/www.webdo.tn\/fr\/wp-json\/wp\/v2\/posts"}],"about":[{"href":"https:\/\/www.webdo.tn\/fr\/wp-json\/wp\/v2\/types\/post"}],"author":[{"embeddable":true,"href":"https:\/\/www.webdo.tn\/fr\/wp-json\/wp\/v2\/users\/3175"}],"replies":[{"embeddable":true,"href":"https:\/\/www.webdo.tn\/fr\/wp-json\/wp\/v2\/comments?post=210964"}],"version-history":[{"count":0,"href":"https:\/\/www.webdo.tn\/fr\/wp-json\/wp\/v2\/posts\/210964\/revisions"}],"wp:featuredmedia":[{"embeddable":true,"href":"https:\/\/www.webdo.tn\/fr\/wp-json\/wp\/v2\/media\/248457"}],"wp:attachment":[{"href":"https:\/\/www.webdo.tn\/fr\/wp-json\/wp\/v2\/media?parent=210964"}],"wp:term":[{"taxonomy":"category","embeddable":true,"href":"https:\/\/www.webdo.tn\/fr\/wp-json\/wp\/v2\/categories?post=210964"},{"taxonomy":"post_tag","embeddable":true,"href":"https:\/\/www.webdo.tn\/fr\/wp-json\/wp\/v2\/tags?post=210964"}],"curies":[{"name":"wp","href":"https:\/\/api.w.org\/{rel}","templated":true}]}}