{"id":210959,"date":"2023-12-20T11:13:00","date_gmt":"2023-12-20T11:13:00","guid":{"rendered":"https:\/\/www.webdo.tn\/fr\/blog\/le-magistrat-taieb-rached-condamne-a-27-mois-de-prison\/210959\/"},"modified":"2025-05-20T21:54:34","modified_gmt":"2025-05-20T21:54:34","slug":"le-magistrat-taieb-rached-condamne-a-27-mois-de-prison","status":"publish","type":"post","link":"https:\/\/www.webdo.tn\/fr\/actualite\/national\/le-magistrat-taieb-rached-condamne-a-27-mois-de-prison\/210959\/","title":{"rendered":"Le magistrat Taieb Rached condamn\u00e9 \u00e0 27 mois de prison"},"content":{"rendered":"<p>L&rsquo;ancien premier pr\u00e9sident de la Cour de cassation, Taieb Rached, a \u00e9t\u00e9 condamn\u00e9 \u00e0 deux ans et trois mois de prison (27 mois) par le tribunal de premi\u00e8re instance de Grombalia.<\/p>\n<p>\t\t\t\t\t\t\t\t\tLe verdict, prononc\u00e9 le 13 d\u00e9cembre dernier, est de deux ans de prison dont a \u00e9cop\u00e9 le magistrat pour \u00ab\u00a0\u00eatre entr\u00e9 dans un lieu appartenant \u00e0 autrui sans le consentement du propri\u00e9taire\u00a0\u00bb et de trois mois de prison pour \u00ab\u00a0vol avec violence\u00a0\u00bb, a fait savoir son avocat Taieb Bessadok.<\/p>\n<p>Il faut rappeler, dans ce contexte, que le 24 novembre 2020, le conseil de l\u2019ordre judicaire, relevant du Conseil Sup\u00e9rieur de la Magistrature, avait d\u00e9cid\u00e9, de lever l\u2019immunit\u00e9 judiciaire du magistrat Taieb Rached, dans un des trois dossiers soulev\u00e9s \u00e0 son encontre dans le cadre de l&rsquo;affaire d&rsquo;\u00e9change d&rsquo;accusations avec l\u2019ancien premier pr\u00e9sident du tribunal de premi\u00e8re instance de Tunis Bechir Akermi.<\/p>\n<p>Ce m\u00eame conseil avait annonc\u00e9 alors avoir d\u00e9cid\u00e9 de charger le parquet du tribunal de premi\u00e8re instance de Tunis d\u2019enqu\u00eater sur les fuites de suspicion de crimes en rapport avec les affaires des assassinats des martyrs Chokri Belaid et Mohamed Brahmi, ainsi que sur des pr\u00e9somptions de crime en rapport avec des affaires de terrorisme et de malversations financi\u00e8res.<\/p>\n<p>Ces d\u00e9cisions interviennent dans le cadre des plaintes contre les deux hauts magistrats, le premier pr\u00e9sident de la cour de cassation et l\u2019ex-procureur du tribunal de premi\u00e8re instance de Tunis, respectivement Taieb Rached et Bechir Akremi.<\/p>\n<p>Brahim Bouderbala, b\u00e2tonnier des avocats, \u00e0 l\u2019\u00e9poque, avait d\u2019ailleurs appel\u00e9, \u00e0 l\u2019ouverture d\u2019une enqu\u00eate approfondie contre ces deux juges s\u2019\u00e9changeant des accusations de corruption. L\u2019un est accus\u00e9 de recevoir des pots-de-vin et l\u2019autre de dissimuler des informations li\u00e9es \u00e0 des affaires d\u2019assassinats politiques.<\/p>\n<p>Accus\u00e9 de corruption, d&rsquo;enrichissement illicite et de blanchissement d&rsquo;argent par B\u00e9chir Akremi, Taieb Rached a \u00e9t\u00e9 suspendu de ses fonctions par le Conseil sup\u00e9rieur de la Magistrature en ao\u00fbt 2021, qui a d\u00e9cid\u00e9 de d\u00e9f\u00e9rer son dossier devant le parquet.<\/p>\n<p>Le Conseil de l\u2019ordre judiciaire a \u00e9galement pris un ensemble de d\u00e9cisions contre Taied Rached dont la lev\u00e9e de l\u2019immunit\u00e9 judiciaire et le gel de son adh\u00e9sion au conseil tout comme il a donn\u00e9 son feu vert pour entamer des poursuites judiciaires \u00e0 son encontre. Taieb Rached devra ainsi r\u00e9pondre des accusations de suspicion de corruption financi\u00e8re en lien avec des dossiers qu\u2019il examinait et de possession de biens non d\u00e9clar\u00e9s.<\/p>\n<p>L&rsquo;ancien premier pr\u00e9sident de la Cour de Cassation, faisant partie des juges r\u00e9voqu\u00e9s, a \u00e9t\u00e9 ensuite arr\u00eat\u00e9 le 12 f\u00e9vrier 2023 tout comme B\u00e9chir Akremi. Le premier juge d&rsquo;instruction au tribunal de 1\u00e8re instance de Tunis a \u00e9mis un mandat de d\u00e9p\u00f4t \u00e0 l&rsquo;encontre du l&rsquo;ex-premier pr\u00e9sident de la Cour de cassation, le 20 f\u00e9vrier 2023.<\/p>\n","protected":false},"excerpt":{"rendered":"<p>Le magistrat Taieb Rached \u00e9cope de deux ans et trois mois de prison pour vol avec violence et pour \u00eatre entr\u00e9 dans un lieu appartenant \u00e0 autrui sans le consente&#8230;<\/p>\n","protected":false},"author":3162,"featured_media":248455,"comment_status":"open","ping_status":"closed","sticky":false,"template":"","format":"standard","meta":{"footnotes":""},"categories":[44],"tags":[2835,2708,7142],"class_list":["post-210959","post","type-post","status-publish","format-standard","has-post-thumbnail","hentry","category-national","tag-condamnation","tag-prison","tag-taieb-rached"],"yoast_head":"<!-- This site is optimized with the Yoast SEO Premium plugin v27.4 (Yoast SEO v27.4) - https:\/\/yoast.com\/product\/yoast-seo-premium-wordpress\/ -->\n<title>Le magistrat Taieb Rached condamn\u00e9 \u00e0 27 mois de prison<\/title>\n<meta name=\"description\" content=\"Le magistrat Taieb Rached \u00e9cope de deux ans et trois mois de prison pour vol avec violence et pour \u00eatre entr\u00e9 dans un lieu appartenant \u00e0 autrui sans le consente...\" \/>\n<link rel=\"canonical\" href=\"https:\/\/www.webdo.tn\/fr\/actualite\/national\/le-magistrat-taieb-rached-condamne-a-27-mois-de-prison\/210959\/\" \/>\n<meta property=\"og:locale\" content=\"fr_FR\" \/>\n<meta property=\"og:type\" content=\"article\" \/>\n<meta property=\"og:title\" content=\"Le magistrat Taieb Rached condamn\u00e9 \u00e0 27 mois de prison\" \/>\n<meta property=\"og:description\" content=\"Le magistrat Taieb Rached \u00e9cope de deux ans et trois mois de prison pour vol avec violence et pour \u00eatre entr\u00e9 dans un lieu appartenant \u00e0 autrui sans le consente...\" \/>\n<meta property=\"og:url\" content=\"https:\/\/www.webdo.tn\/fr\/actualite\/national\/le-magistrat-taieb-rached-condamne-a-27-mois-de-prison\/210959\/\" \/>\n<meta property=\"og:site_name\" content=\"webdo\" \/>\n<meta property=\"article:publisher\" content=\"https:\/\/www.facebook.com\/webdotn\" \/>\n<meta property=\"article:published_time\" content=\"2023-12-20T11:13:00+00:00\" \/>\n<meta property=\"article:modified_time\" content=\"2025-05-20T21:54:34+00:00\" \/>\n<meta property=\"og:image\" content=\"https:\/\/www.webdo.tn\/fr\/wp-content\/uploads\/2023\/12\/a7f5336932b1c879caa33d2579504251.jpg\" \/>\n\t<meta property=\"og:image:width\" content=\"640\" \/>\n\t<meta property=\"og:image:height\" content=\"341\" \/>\n\t<meta property=\"og:image:type\" content=\"image\/jpeg\" \/>\n<meta name=\"author\" content=\"MC\" \/>\n<meta name=\"twitter:card\" content=\"summary_large_image\" \/>\n<meta name=\"twitter:creator\" content=\"@webdo_tn\" \/>\n<meta name=\"twitter:site\" content=\"@webdo_tn\" \/>\n<meta name=\"twitter:label1\" content=\"\u00c9crit par\" \/>\n\t<meta name=\"twitter:data1\" content=\"MC\" \/>\n\t<meta name=\"twitter:label2\" content=\"Dur\u00e9e de lecture estim\u00e9e\" \/>\n\t<meta name=\"twitter:data2\" content=\"2 minutes\" \/>\n<script type=\"application\/ld+json\" class=\"yoast-schema-graph\">{\"@context\":\"https:\\\/\\\/schema.org\",\"@graph\":[{\"@type\":\"NewsArticle\",\"@id\":\"https:\\\/\\\/www.webdo.tn\\\/fr\\\/actualite\\\/national\\\/le-magistrat-taieb-rached-condamne-a-27-mois-de-prison\\\/210959\\\/#article\",\"isPartOf\":{\"@id\":\"https:\\\/\\\/www.webdo.tn\\\/fr\\\/actualite\\\/national\\\/le-magistrat-taieb-rached-condamne-a-27-mois-de-prison\\\/210959\\\/\"},\"author\":{\"name\":\"MC\",\"@id\":\"https:\\\/\\\/www.webdo.tn\\\/fr\\\/#\\\/schema\\\/person\\\/2c4929cbf5a809e3bd38617c6ce150f6\"},\"headline\":\"Le magistrat Taieb Rached condamn\u00e9 \u00e0 27 mois de prison\",\"datePublished\":\"2023-12-20T11:13:00+00:00\",\"dateModified\":\"2025-05-20T21:54:34+00:00\",\"mainEntityOfPage\":{\"@id\":\"https:\\\/\\\/www.webdo.tn\\\/fr\\\/actualite\\\/national\\\/le-magistrat-taieb-rached-condamne-a-27-mois-de-prison\\\/210959\\\/\"},\"wordCount\":508,\"commentCount\":0,\"publisher\":{\"@id\":\"https:\\\/\\\/www.webdo.tn\\\/fr\\\/#organization\"},\"image\":{\"@id\":\"https:\\\/\\\/www.webdo.tn\\\/fr\\\/actualite\\\/national\\\/le-magistrat-taieb-rached-condamne-a-27-mois-de-prison\\\/210959\\\/#primaryimage\"},\"thumbnailUrl\":\"https:\\\/\\\/www.webdo.tn\\\/fr\\\/wp-content\\\/uploads\\\/2023\\\/12\\\/a7f5336932b1c879caa33d2579504251.jpg\",\"keywords\":[\"condamnation\",\"Prison\",\"taieb rached\"],\"articleSection\":[\"National\"],\"inLanguage\":\"fr-FR\"},{\"@type\":\"WebPage\",\"@id\":\"https:\\\/\\\/www.webdo.tn\\\/fr\\\/actualite\\\/national\\\/le-magistrat-taieb-rached-condamne-a-27-mois-de-prison\\\/210959\\\/\",\"url\":\"https:\\\/\\\/www.webdo.tn\\\/fr\\\/actualite\\\/national\\\/le-magistrat-taieb-rached-condamne-a-27-mois-de-prison\\\/210959\\\/\",\"name\":\"Le magistrat Taieb Rached condamn\u00e9 \u00e0 27 mois de prison\",\"isPartOf\":{\"@id\":\"https:\\\/\\\/www.webdo.tn\\\/fr\\\/#website\"},\"primaryImageOfPage\":{\"@id\":\"https:\\\/\\\/www.webdo.tn\\\/fr\\\/actualite\\\/national\\\/le-magistrat-taieb-rached-condamne-a-27-mois-de-prison\\\/210959\\\/#primaryimage\"},\"image\":{\"@id\":\"https:\\\/\\\/www.webdo.tn\\\/fr\\\/actualite\\\/national\\\/le-magistrat-taieb-rached-condamne-a-27-mois-de-prison\\\/210959\\\/#primaryimage\"},\"thumbnailUrl\":\"https:\\\/\\\/www.webdo.tn\\\/fr\\\/wp-content\\\/uploads\\\/2023\\\/12\\\/a7f5336932b1c879caa33d2579504251.jpg\",\"datePublished\":\"2023-12-20T11:13:00+00:00\",\"dateModified\":\"2025-05-20T21:54:34+00:00\",\"description\":\"Le magistrat Taieb Rached \u00e9cope de deux ans et trois mois de prison pour vol avec violence et pour \u00eatre entr\u00e9 dans un lieu appartenant \u00e0 autrui sans le consente...\",\"breadcrumb\":{\"@id\":\"https:\\\/\\\/www.webdo.tn\\\/fr\\\/actualite\\\/national\\\/le-magistrat-taieb-rached-condamne-a-27-mois-de-prison\\\/210959\\\/#breadcrumb\"},\"inLanguage\":\"fr-FR\",\"potentialAction\":[{\"@type\":\"ReadAction\",\"target\":[\"https:\\\/\\\/www.webdo.tn\\\/fr\\\/actualite\\\/national\\\/le-magistrat-taieb-rached-condamne-a-27-mois-de-prison\\\/210959\\\/\"]}]},{\"@type\":\"ImageObject\",\"inLanguage\":\"fr-FR\",\"@id\":\"https:\\\/\\\/www.webdo.tn\\\/fr\\\/actualite\\\/national\\\/le-magistrat-taieb-rached-condamne-a-27-mois-de-prison\\\/210959\\\/#primaryimage\",\"url\":\"https:\\\/\\\/www.webdo.tn\\\/fr\\\/wp-content\\\/uploads\\\/2023\\\/12\\\/a7f5336932b1c879caa33d2579504251.jpg\",\"contentUrl\":\"https:\\\/\\\/www.webdo.tn\\\/fr\\\/wp-content\\\/uploads\\\/2023\\\/12\\\/a7f5336932b1c879caa33d2579504251.jpg\",\"width\":640,\"height\":341,\"caption\":\"Le magistrat Taieb Rached condamn\u00e9 \u00e0 27 mois de prison\"},{\"@type\":\"BreadcrumbList\",\"@id\":\"https:\\\/\\\/www.webdo.tn\\\/fr\\\/actualite\\\/national\\\/le-magistrat-taieb-rached-condamne-a-27-mois-de-prison\\\/210959\\\/#breadcrumb\",\"itemListElement\":[{\"@type\":\"ListItem\",\"position\":1,\"name\":\"Accueil\",\"item\":\"https:\\\/\\\/www.webdo.tn\\\/fr\\\/\"},{\"@type\":\"ListItem\",\"position\":2,\"name\":\"Le magistrat Taieb Rached condamn\u00e9 \u00e0 27 mois de prison\"}]},{\"@type\":\"WebSite\",\"@id\":\"https:\\\/\\\/www.webdo.tn\\\/fr\\\/#website\",\"url\":\"https:\\\/\\\/www.webdo.tn\\\/fr\\\/\",\"name\":\"webdo\",\"description\":\"Tunisie - News en Tunisie et \u00e0 l&#039;international sur Webdo.tn\",\"publisher\":{\"@id\":\"https:\\\/\\\/www.webdo.tn\\\/fr\\\/#organization\"},\"potentialAction\":[{\"@type\":\"SearchAction\",\"target\":{\"@type\":\"EntryPoint\",\"urlTemplate\":\"https:\\\/\\\/www.webdo.tn\\\/fr\\\/?s={search_term_string}\"},\"query-input\":{\"@type\":\"PropertyValueSpecification\",\"valueRequired\":true,\"valueName\":\"search_term_string\"}}],\"inLanguage\":\"fr-FR\"},{\"@type\":\"Organization\",\"@id\":\"https:\\\/\\\/www.webdo.tn\\\/fr\\\/#organization\",\"name\":\"Webdo\",\"alternateName\":\"Webdo.tn\",\"url\":\"https:\\\/\\\/www.webdo.tn\\\/fr\\\/\",\"logo\":{\"@type\":\"ImageObject\",\"inLanguage\":\"fr-FR\",\"@id\":\"https:\\\/\\\/www.webdo.tn\\\/fr\\\/#\\\/schema\\\/logo\\\/image\\\/\",\"url\":\"https:\\\/\\\/www.webdo.tn\\\/fr\\\/wp-content\\\/uploads\\\/2025\\\/06\\\/Webdo-Tunisie_168377.jpg\",\"contentUrl\":\"https:\\\/\\\/www.webdo.tn\\\/fr\\\/wp-content\\\/uploads\\\/2025\\\/06\\\/Webdo-Tunisie_168377.jpg\",\"width\":301,\"height\":301,\"caption\":\"Webdo\"},\"image\":{\"@id\":\"https:\\\/\\\/www.webdo.tn\\\/fr\\\/#\\\/schema\\\/logo\\\/image\\\/\"},\"sameAs\":[\"https:\\\/\\\/www.facebook.com\\\/webdotn\",\"https:\\\/\\\/x.com\\\/webdo_tn\"],\"description\":\"Webdo est un m\u00e9dia num\u00e9rique tunisien fond\u00e9 en 2010, sp\u00e9cialis\u00e9 dans l\u2019actualit\u00e9 nationale et internationale, l\u2019\u00e9conomie, la soci\u00e9t\u00e9 et les analyses politiques. Le site s\u2019adresse \u00e0 un large public francophone et couvre l\u2019information tunisienne en temps r\u00e9el.\",\"email\":\"redac@webdo.tn\",\"legalName\":\"YNJ SARL\",\"foundingDate\":\"2010-09-06\",\"numberOfEmployees\":{\"@type\":\"QuantitativeValue\",\"minValue\":\"11\",\"maxValue\":\"50\"}},{\"@type\":\"Person\",\"@id\":\"https:\\\/\\\/www.webdo.tn\\\/fr\\\/#\\\/schema\\\/person\\\/2c4929cbf5a809e3bd38617c6ce150f6\",\"name\":\"MC\",\"image\":{\"@type\":\"ImageObject\",\"inLanguage\":\"fr-FR\",\"@id\":\"https:\\\/\\\/secure.gravatar.com\\\/avatar\\\/a545bbb6f84efdd5553dbbc2895e3ca8f1d12c5215e00a041c9670b54aa9b18a?s=96&d=mm&r=g\",\"url\":\"https:\\\/\\\/secure.gravatar.com\\\/avatar\\\/a545bbb6f84efdd5553dbbc2895e3ca8f1d12c5215e00a041c9670b54aa9b18a?s=96&d=mm&r=g\",\"contentUrl\":\"https:\\\/\\\/secure.gravatar.com\\\/avatar\\\/a545bbb6f84efdd5553dbbc2895e3ca8f1d12c5215e00a041c9670b54aa9b18a?s=96&d=mm&r=g\",\"caption\":\"MC\"},\"url\":\"https:\\\/\\\/www.webdo.tn\\\/fr\\\/actualite\\\/author\\\/mc\\\/\"}]}<\/script>\n<!-- \/ Yoast SEO Premium plugin. -->","yoast_head_json":{"title":"Le magistrat Taieb Rached condamn\u00e9 \u00e0 27 mois de prison","description":"Le magistrat Taieb Rached \u00e9cope de deux ans et trois mois de prison pour vol avec violence et pour \u00eatre entr\u00e9 dans un lieu appartenant \u00e0 autrui sans le consente...","canonical":"https:\/\/www.webdo.tn\/fr\/actualite\/national\/le-magistrat-taieb-rached-condamne-a-27-mois-de-prison\/210959\/","og_locale":"fr_FR","og_type":"article","og_title":"Le magistrat Taieb Rached condamn\u00e9 \u00e0 27 mois de prison","og_description":"Le magistrat Taieb Rached \u00e9cope de deux ans et trois mois de prison pour vol avec violence et pour \u00eatre entr\u00e9 dans un lieu appartenant \u00e0 autrui sans le consente...","og_url":"https:\/\/www.webdo.tn\/fr\/actualite\/national\/le-magistrat-taieb-rached-condamne-a-27-mois-de-prison\/210959\/","og_site_name":"webdo","article_publisher":"https:\/\/www.facebook.com\/webdotn","article_published_time":"2023-12-20T11:13:00+00:00","article_modified_time":"2025-05-20T21:54:34+00:00","og_image":[{"width":640,"height":341,"url":"https:\/\/www.webdo.tn\/fr\/wp-content\/uploads\/2023\/12\/a7f5336932b1c879caa33d2579504251.jpg","type":"image\/jpeg"}],"author":"MC","twitter_card":"summary_large_image","twitter_creator":"@webdo_tn","twitter_site":"@webdo_tn","twitter_misc":{"\u00c9crit par":"MC","Dur\u00e9e de lecture estim\u00e9e":"2 minutes"},"schema":{"@context":"https:\/\/schema.org","@graph":[{"@type":"NewsArticle","@id":"https:\/\/www.webdo.tn\/fr\/actualite\/national\/le-magistrat-taieb-rached-condamne-a-27-mois-de-prison\/210959\/#article","isPartOf":{"@id":"https:\/\/www.webdo.tn\/fr\/actualite\/national\/le-magistrat-taieb-rached-condamne-a-27-mois-de-prison\/210959\/"},"author":{"name":"MC","@id":"https:\/\/www.webdo.tn\/fr\/#\/schema\/person\/2c4929cbf5a809e3bd38617c6ce150f6"},"headline":"Le magistrat Taieb Rached condamn\u00e9 \u00e0 27 mois de prison","datePublished":"2023-12-20T11:13:00+00:00","dateModified":"2025-05-20T21:54:34+00:00","mainEntityOfPage":{"@id":"https:\/\/www.webdo.tn\/fr\/actualite\/national\/le-magistrat-taieb-rached-condamne-a-27-mois-de-prison\/210959\/"},"wordCount":508,"commentCount":0,"publisher":{"@id":"https:\/\/www.webdo.tn\/fr\/#organization"},"image":{"@id":"https:\/\/www.webdo.tn\/fr\/actualite\/national\/le-magistrat-taieb-rached-condamne-a-27-mois-de-prison\/210959\/#primaryimage"},"thumbnailUrl":"https:\/\/www.webdo.tn\/fr\/wp-content\/uploads\/2023\/12\/a7f5336932b1c879caa33d2579504251.jpg","keywords":["condamnation","Prison","taieb rached"],"articleSection":["National"],"inLanguage":"fr-FR"},{"@type":"WebPage","@id":"https:\/\/www.webdo.tn\/fr\/actualite\/national\/le-magistrat-taieb-rached-condamne-a-27-mois-de-prison\/210959\/","url":"https:\/\/www.webdo.tn\/fr\/actualite\/national\/le-magistrat-taieb-rached-condamne-a-27-mois-de-prison\/210959\/","name":"Le magistrat Taieb Rached condamn\u00e9 \u00e0 27 mois de prison","isPartOf":{"@id":"https:\/\/www.webdo.tn\/fr\/#website"},"primaryImageOfPage":{"@id":"https:\/\/www.webdo.tn\/fr\/actualite\/national\/le-magistrat-taieb-rached-condamne-a-27-mois-de-prison\/210959\/#primaryimage"},"image":{"@id":"https:\/\/www.webdo.tn\/fr\/actualite\/national\/le-magistrat-taieb-rached-condamne-a-27-mois-de-prison\/210959\/#primaryimage"},"thumbnailUrl":"https:\/\/www.webdo.tn\/fr\/wp-content\/uploads\/2023\/12\/a7f5336932b1c879caa33d2579504251.jpg","datePublished":"2023-12-20T11:13:00+00:00","dateModified":"2025-05-20T21:54:34+00:00","description":"Le magistrat Taieb Rached \u00e9cope de deux ans et trois mois de prison pour vol avec violence et pour \u00eatre entr\u00e9 dans un lieu appartenant \u00e0 autrui sans le consente...","breadcrumb":{"@id":"https:\/\/www.webdo.tn\/fr\/actualite\/national\/le-magistrat-taieb-rached-condamne-a-27-mois-de-prison\/210959\/#breadcrumb"},"inLanguage":"fr-FR","potentialAction":[{"@type":"ReadAction","target":["https:\/\/www.webdo.tn\/fr\/actualite\/national\/le-magistrat-taieb-rached-condamne-a-27-mois-de-prison\/210959\/"]}]},{"@type":"ImageObject","inLanguage":"fr-FR","@id":"https:\/\/www.webdo.tn\/fr\/actualite\/national\/le-magistrat-taieb-rached-condamne-a-27-mois-de-prison\/210959\/#primaryimage","url":"https:\/\/www.webdo.tn\/fr\/wp-content\/uploads\/2023\/12\/a7f5336932b1c879caa33d2579504251.jpg","contentUrl":"https:\/\/www.webdo.tn\/fr\/wp-content\/uploads\/2023\/12\/a7f5336932b1c879caa33d2579504251.jpg","width":640,"height":341,"caption":"Le magistrat Taieb Rached condamn\u00e9 \u00e0 27 mois de prison"},{"@type":"BreadcrumbList","@id":"https:\/\/www.webdo.tn\/fr\/actualite\/national\/le-magistrat-taieb-rached-condamne-a-27-mois-de-prison\/210959\/#breadcrumb","itemListElement":[{"@type":"ListItem","position":1,"name":"Accueil","item":"https:\/\/www.webdo.tn\/fr\/"},{"@type":"ListItem","position":2,"name":"Le magistrat Taieb Rached condamn\u00e9 \u00e0 27 mois de prison"}]},{"@type":"WebSite","@id":"https:\/\/www.webdo.tn\/fr\/#website","url":"https:\/\/www.webdo.tn\/fr\/","name":"webdo","description":"Tunisie - News en Tunisie et \u00e0 l&#039;international sur Webdo.tn","publisher":{"@id":"https:\/\/www.webdo.tn\/fr\/#organization"},"potentialAction":[{"@type":"SearchAction","target":{"@type":"EntryPoint","urlTemplate":"https:\/\/www.webdo.tn\/fr\/?s={search_term_string}"},"query-input":{"@type":"PropertyValueSpecification","valueRequired":true,"valueName":"search_term_string"}}],"inLanguage":"fr-FR"},{"@type":"Organization","@id":"https:\/\/www.webdo.tn\/fr\/#organization","name":"Webdo","alternateName":"Webdo.tn","url":"https:\/\/www.webdo.tn\/fr\/","logo":{"@type":"ImageObject","inLanguage":"fr-FR","@id":"https:\/\/www.webdo.tn\/fr\/#\/schema\/logo\/image\/","url":"https:\/\/www.webdo.tn\/fr\/wp-content\/uploads\/2025\/06\/Webdo-Tunisie_168377.jpg","contentUrl":"https:\/\/www.webdo.tn\/fr\/wp-content\/uploads\/2025\/06\/Webdo-Tunisie_168377.jpg","width":301,"height":301,"caption":"Webdo"},"image":{"@id":"https:\/\/www.webdo.tn\/fr\/#\/schema\/logo\/image\/"},"sameAs":["https:\/\/www.facebook.com\/webdotn","https:\/\/x.com\/webdo_tn"],"description":"Webdo est un m\u00e9dia num\u00e9rique tunisien fond\u00e9 en 2010, sp\u00e9cialis\u00e9 dans l\u2019actualit\u00e9 nationale et internationale, l\u2019\u00e9conomie, la soci\u00e9t\u00e9 et les analyses politiques. Le site s\u2019adresse \u00e0 un large public francophone et couvre l\u2019information tunisienne en temps r\u00e9el.","email":"redac@webdo.tn","legalName":"YNJ SARL","foundingDate":"2010-09-06","numberOfEmployees":{"@type":"QuantitativeValue","minValue":"11","maxValue":"50"}},{"@type":"Person","@id":"https:\/\/www.webdo.tn\/fr\/#\/schema\/person\/2c4929cbf5a809e3bd38617c6ce150f6","name":"MC","image":{"@type":"ImageObject","inLanguage":"fr-FR","@id":"https:\/\/secure.gravatar.com\/avatar\/a545bbb6f84efdd5553dbbc2895e3ca8f1d12c5215e00a041c9670b54aa9b18a?s=96&d=mm&r=g","url":"https:\/\/secure.gravatar.com\/avatar\/a545bbb6f84efdd5553dbbc2895e3ca8f1d12c5215e00a041c9670b54aa9b18a?s=96&d=mm&r=g","contentUrl":"https:\/\/secure.gravatar.com\/avatar\/a545bbb6f84efdd5553dbbc2895e3ca8f1d12c5215e00a041c9670b54aa9b18a?s=96&d=mm&r=g","caption":"MC"},"url":"https:\/\/www.webdo.tn\/fr\/actualite\/author\/mc\/"}]}},"_links":{"self":[{"href":"https:\/\/www.webdo.tn\/fr\/wp-json\/wp\/v2\/posts\/210959","targetHints":{"allow":["GET"]}}],"collection":[{"href":"https:\/\/www.webdo.tn\/fr\/wp-json\/wp\/v2\/posts"}],"about":[{"href":"https:\/\/www.webdo.tn\/fr\/wp-json\/wp\/v2\/types\/post"}],"author":[{"embeddable":true,"href":"https:\/\/www.webdo.tn\/fr\/wp-json\/wp\/v2\/users\/3162"}],"replies":[{"embeddable":true,"href":"https:\/\/www.webdo.tn\/fr\/wp-json\/wp\/v2\/comments?post=210959"}],"version-history":[{"count":0,"href":"https:\/\/www.webdo.tn\/fr\/wp-json\/wp\/v2\/posts\/210959\/revisions"}],"wp:featuredmedia":[{"embeddable":true,"href":"https:\/\/www.webdo.tn\/fr\/wp-json\/wp\/v2\/media\/248455"}],"wp:attachment":[{"href":"https:\/\/www.webdo.tn\/fr\/wp-json\/wp\/v2\/media?parent=210959"}],"wp:term":[{"taxonomy":"category","embeddable":true,"href":"https:\/\/www.webdo.tn\/fr\/wp-json\/wp\/v2\/categories?post=210959"},{"taxonomy":"post_tag","embeddable":true,"href":"https:\/\/www.webdo.tn\/fr\/wp-json\/wp\/v2\/tags?post=210959"}],"curies":[{"name":"wp","href":"https:\/\/api.w.org\/{rel}","templated":true}]}}