{"id":210948,"date":"2023-12-20T08:27:00","date_gmt":"2023-12-20T08:27:00","guid":{"rendered":"https:\/\/www.webdo.tn\/fr\/blog\/el-gouna-2023-au-dela-des-frontieres-coproduire-des-films-a-l-echelle-mondiale\/210948\/"},"modified":"2025-05-21T08:57:17","modified_gmt":"2025-05-21T08:57:17","slug":"el-gouna-2023-au-dela-des-frontieres-coproduire-des-films-a-l-echelle-mondiale","status":"publish","type":"post","link":"https:\/\/www.webdo.tn\/fr\/actualite\/culture\/el-gouna-2023-au-dela-des-frontieres-coproduire-des-films-a-l-echelle-mondiale\/210948\/","title":{"rendered":"El Gouna 2023 &#8211; Au-del\u00e0 des fronti\u00e8res : coproduire des films \u00e0 l&rsquo;\u00e9chelle mondiale"},"content":{"rendered":"<div class=\"single-body entry-content typography-copy\" itemprop=\"articleBody\">\n<p style=\"font-weight: bold; text-align: justify\">\n\t\t\t\t\t\t\t\t\tLa 6\u00e8me \u00e9dition du Festival du Film d\u2019El Gouna (GFF), qui s&rsquo;est d\u00e9roul\u00e9e exceptionnellement du 14 au 21 d\u00e9cembre 2023, a explor\u00e9 une perspective int\u00e9ressante lors d&rsquo;un panel intitul\u00e9 \u00ab Au-del\u00e0 des fronti\u00e8res : coproduire des films \u00e0 l&rsquo;\u00e9chelle mondiale \u00bb.\n\t\t\t\t\t\t\t\t<\/p>\n<div class=\"coprs\" style=\"text-align: center\"><\/div>\n<div class=\"coprs\" style=\"text-align: justify\">\n<p><span><span>Les intervenants, Sabine Sidawi, productrice libanaise, Marie Baldacchi, productrice fran\u00e7aise, Gaby Khoury, producteur et distributeur \u00e9gyptien, et Mostafa Youssef, sc\u00e9nariste, r\u00e9alisateur et producteur \u00e9gyptien, ont partag\u00e9 des r\u00e9flexions approfondies sur les complexit\u00e9s et les opportunit\u00e9s de la coproduction cin\u00e9matographique internationale.<\/span><\/span><\/p>\n<p><span><span>Dans cette plong\u00e9e captivante dans le domaine de la coproduction cin\u00e9matographique, Sabine Sidawi partage son engagement envers la diversit\u00e9 au sein des \u00e9quipes de production, essentielle \u00e0 la cr\u00e9ation de films destin\u00e9s \u00e0 un public mondial\u00a0: \u00ab\u00a0<em>Je suis convaincue que les films destin\u00e9s \u00e0 un public mondial b\u00e9n\u00e9ficient grandement de la diversit\u00e9 au sein de l&rsquo;\u00e9quipe de production, favorisant ainsi une vari\u00e9t\u00e9 de perspectives, pourvu qu&rsquo;elles soient en accord avec nos convictions. <\/em><\/span><\/span><\/p>\n<p><span><span><em>Originaire d&rsquo;un pays francophone, il est naturel que la France soit mon partenaire privil\u00e9gi\u00e9 en mati\u00e8re de coproduction, et selon les besoins sp\u00e9cifiques de certains films, d&rsquo;autres pays tels que l&rsquo;Allemagne et l&rsquo;Italie peuvent \u00e9galement \u00eatre impliqu\u00e9s.<\/em><\/span><\/span><\/p>\n<p><span><span><em>Certes, la coproduction offre des avantages financiers significatifs, m\u00eame si elle peut parfois entra\u00eener des co\u00fbts suppl\u00e9mentaires, notamment pour les h\u00e9bergements et les transports. Cependant, les retomb\u00e9es sont ind\u00e9niables, car la collaboration avec des individus aux perspectives diverses ouvre de nouvelles perspectives. Cette diversit\u00e9 est essentielle pour nous, car rester confin\u00e9s \u00e0 notre environnement habituel ne serait pas enrichissant.<\/em><\/span><\/span><\/p>\n<p><span><span><em>Il est crucial que chaque coproduction r\u00e9ponde aux exigences sp\u00e9cifiques d&rsquo;un film. J&rsquo;ai rencontr\u00e9 une situation o\u00f9 un film a suscit\u00e9 l&rsquo;enthousiasme g\u00e9n\u00e9ral, attirant l&rsquo;int\u00e9r\u00eat de nombreux investisseurs majeurs. Cependant, la multiplication des partenaires de coproduction a finalement rendu le projet ing\u00e9rable, entra\u00eenant l&rsquo;abandon du film. \u00c0 mon sens, limiter le nombre de pays impliqu\u00e9s \u00e0 trois ou quatre au maximum est une strat\u00e9gie n\u00e9cessaire pour maintenir la coh\u00e9rence et l&rsquo;efficacit\u00e9 du processus, \u00e9vitant ainsi des complications excessives<\/em>\u00a0\u00bb.<\/span><\/span><\/p>\n<p><span><span>Marie Baldacchi, productrice fran\u00e7aise, a partag\u00e9 son point de vue en mettant en lumi\u00e8re l&rsquo;importance de la tradition de coproduction de films \u00e9trangers en France : \u00ab\u00a0<em>Je souhaite mettre en avant l&rsquo;importance cruciale de la tradition de coproduction de films \u00e9trangers en France, soutenue par un fonds sp\u00e9cial d\u00e9di\u00e9. Ce fonds est un \u00e9l\u00e9ment vital tant pour le cin\u00e9ma fran\u00e7ais que pour le cin\u00e9ma international, en collaboration avec des entit\u00e9s telles que Cin\u00e9ma du Sud, Cin\u00e9ma du Monde et le Centre National du Cin\u00e9ma et de l\u2019Image anim\u00e9e (CNC).<\/em><\/span><\/span><\/p>\n<p><span><span><em>Pour moi, cette pratique rev\u00eat une importance particuli\u00e8re. Elle offre l&rsquo;opportunit\u00e9 de travailler sur une vari\u00e9t\u00e9 de projets cin\u00e9matographiques, ce qui permet d&rsquo;explorer de nouvelles perspectives intellectuelles. Ce qui distingue cette approche, c&rsquo;est la flexibilit\u00e9 des fonds. Ces derniers ne sont pas conditionn\u00e9s par des d\u00e9penses sp\u00e9cifiques en France, ce qui lib\u00e8re ma cr\u00e9ativit\u00e9 en tant que productrice.<\/em><\/span><\/span><\/p>\n<p><span><span><em>Cependant, je reconnais que la dynamique \u00e9volue, avec une tendance \u00e0 se rapprocher davantage d&rsquo;autres pays europ\u00e9ens. Malgr\u00e9 ce changement, je tiens \u00e0 souligner notre riche histoire de coop\u00e9ration avec les pays de la r\u00e9gion MENA, tels que l&rsquo;\u00c9gypte, le Maroc et le Liban. Mon engagement se manifeste dans la production de films dans des pays principalement francophones, tout en reconnaissant l&rsquo;importance de donner une voix aux minorit\u00e9s, y compris celles pr\u00e9sentes en France.<\/em><\/span><\/span><\/p>\n<p><span><span><em>Un aspect novateur r\u00e9side dans notre vision de la coproduction fran\u00e7aise, illustr\u00e9e par l&rsquo;exemple de Cin\u00e9ma du Monde. Cette approche va au-del\u00e0 de la simple contribution financi\u00e8re, encourageant \u00e9galement une collaboration active. En tant que productrice, je m&rsquo;investis activement dans la recherche de financements au-del\u00e0 des fronti\u00e8res fran\u00e7aises, explorant des partenariats en Europe.<\/em><\/span><\/span><\/p>\n<p><span><span><em>Un avantage significatif de la coproduction \u00e0 la fran\u00e7aise, \u00e0 mon sens, est le r\u00e9seau de distribution bien \u00e9tabli. Celui-ci assure une visibilit\u00e9 maximale pour nos films. Cette capacit\u00e9 \u00e0 placer nos productions dans les salles garantit que le public a l&rsquo;occasion de d\u00e9couvrir ces \u0153uvres cin\u00e9matographiques, renfor\u00e7ant ainsi la port\u00e9e internationale et l&rsquo;impact culturel des films coproduits<\/em>\u00a0\u00bb.<\/span><\/span><\/p>\n<p><span><span>Gaby Khoury, producteur et distributeur \u00e9gyptien, partage son exp\u00e9rience en coproduction en expliquant les raisons de son arr\u00eat, soulignant l&rsquo;\u00e9volution des pratiques dans l&rsquo;industrie cin\u00e9matographique \u00e9gyptienne\u00a0: \u00ab\u00a0<em>J&rsquo;ai longtemps travaill\u00e9 en coproduction, mais j\u2019ai arr\u00eat\u00e9. Auparavant, les coproducteurs laissaient une libert\u00e9 totale pour la r\u00e9alisation des films. De nombreux projets cin\u00e9matographiques voient aujourd&rsquo;hui le jour gr\u00e2ce \u00e0 des financements \u00e9trangers, sans lesquels leur r\u00e9alisation serait compromise. <\/em><\/span><\/span><\/p>\n<p><span><span><em>\u00c0 une \u00e9poque, je collaborais avec des r\u00e9alisateurs b\u00e9n\u00e9ficiant de financements \u00e9trangers, tels que Youssef Chahine ou Yousry Nasrrallah. Ces r\u00e9alisateurs devaient souvent lutter pour obtenir les fonds n\u00e9cessaires \u00e0 la concr\u00e9tisation de leurs visions artistiques. Personnellement, je n&rsquo;ai plus la patience de consacrer quatre ans \u00e0 la collecte de fonds \u00e9trangers. C&rsquo;est pourquoi je me suis sp\u00e9cialis\u00e9 dans la production de films commerciaux et ai \u00e9tabli des partenariats avec d&rsquo;autres producteurs \u00e9gyptiens. Cette approche permet de partager les risques. Parall\u00e8lement, nous avons \u00e9galement rencontr\u00e9 des d\u00e9fis li\u00e9s \u00e0 la distribution \u00e0 l&rsquo;\u00e9tranger. En r\u00e9ponse, nous avons \u00e9tendu nos activit\u00e9s \u00e0 ce domaine, distribuant actuellement nos propres films. Par contre, nous collaborons avec des sc\u00e9naristes \u00e9trangers. En \u00c9gypte, o\u00f9 nous rencontrons des difficult\u00e9s au niveau des sc\u00e9narios, la coproduction se concentre principalement sur cet aspect.<\/em><\/span><\/span><\/p>\n<p><span><span><em>Actuellement, nous n&rsquo;avons qu&rsquo;un seul film financ\u00e9 par des fonds \u00e9trangers. Cette d\u00e9cision d\u00e9coule de la compr\u00e9hension que ce film ne g\u00e9n\u00e9rera pas de revenus significatifs dans nos pays d&rsquo;origine, et les fonds \u00e9trangers sont le seul moyen de concr\u00e9tiser ce projet.<\/em><\/span><\/span><\/p>\n<p><span><span><em>On m&rsquo;a inform\u00e9 que de nos jours, les fonds s&rsquo;accompagnent de conditions strictes, et il incombe au producteur \u00e9tranger de s&rsquo;assurer de leur respect. Cependant, bien que j\u2019aie entendu parler de cette pratique, je ne connais pas les d\u00e9tails op\u00e9rationnels.<\/em><\/span><\/span><\/p>\n<p><span><span><em>Je vous raconte une anecdote significative\u00a0:\u00a0 il y a quelques ann\u00e9es, alors que Youssef Chahine faisait face \u00e0 des probl\u00e8mes financiers pour un de ses films, nous \u00e9tions \u00e0 Paris. \u00c0 l&rsquo;\u00e9poque, il m&rsquo;a confi\u00e9 son intention d&rsquo;appeler Dominique de Villepin, ministre des Affaires \u00e9trang\u00e8res. Apr\u00e8s avoir contact\u00e9 le Quai d&rsquo;Orsay, nous avons rencontr\u00e9 le ministre, et nous avons obtenu une subvention de 50 000 francs fran\u00e7ais. Bien que cela puisse sembler modeste, cela met en lumi\u00e8re la difficult\u00e9 inh\u00e9rente \u00e0 la collecte de fonds \u00e9trangers.\u00a0\u00bb Mais il faut rappeler qu\u2019il s\u2019agissait du grand Youssef Chahine. Un autre r\u00e9alisateur n\u2019aurait pas pu faire cela. <\/em><\/span><\/span><\/p>\n<p><span><span><em>Je constate par ailleurs un r\u00e9el probl\u00e8me de censure en \u00c9gypte. Malheureusement, de nombreux sujets ne peuvent plus \u00eatre abord\u00e9s, ce qui d\u00e9sint\u00e9resse les coproducteurs \u00e9trangers. Youssef Chahine \u00e9tait une personnalit\u00e9 influente, ayant la capacit\u00e9 d&rsquo;imposer ses convictions et de d\u00e9fendre ardemment ses films. Aujourd&rsquo;hui, la donne a chang\u00e9, la soci\u00e9t\u00e9 de Chahine doit pers\u00e9v\u00e9rer, continuer \u00e0 travailler, et nous nous trouvons contraints de r\u00e9aliser des films en fonction de nos possibilit\u00e9s. Nul membre de Misr International ne peut \u00e9galer la force que d\u00e9tenait Youssef Chahine. Actuellement, je constate que nous ne pouvons que r\u00e9aliser des coproductions entre \u00c9gyptiens, principalement ax\u00e9es sur des films commerciaux, afin de maintenir l&rsquo;activit\u00e9 de l&rsquo;entreprise et de subvenir aux besoins de nos employ\u00e9s<\/em>\u00a0\u00bb.<\/span><\/span><\/p>\n<p><span><span>Dans cette exploration des programmes d&rsquo;aide aux projets dans les festivals, Mostafa Youssef souligne l&rsquo;importance vitale de ces initiatives pour les films ind\u00e9pendants, mettant en lumi\u00e8re les d\u00e9fis financiers auxquels font face les jeunes r\u00e9alisateurs\u00a0: <em>\u00ab\u00a0Quelle est l&rsquo;importance des programmes d&rsquo;aide aux projets dans les festivals? En ce qui concerne les films ind\u00e9pendants, je suis convaincue qu&rsquo;il existe un public passionn\u00e9, notamment celui qui appr\u00e9cie les \u0153uvres cin\u00e9matographiques p\u00e9rennes. Face \u00e0 cette r\u00e9alit\u00e9, nous, jeunes r\u00e9alisateurs ind\u00e9pendants, sommes confront\u00e9s au d\u00e9fi de trouver des sources de financement. Les plateformes de festivals repr\u00e9sentent actuellement notre principale option, bien que leur nombre soit limit\u00e9, comptant seulement 4 ou 5 dans toute la r\u00e9gion, avec un montant total de 300 000 dollars. Ce financement, bien que modeste, demeure une ressource vitale pour notre industrie cin\u00e9matographique<\/em>\u00a0\u00bb.<\/span><\/span><\/p>\n<p><span><span>Marie a abord\u00e9 la question du calcul du risque dans la production cin\u00e9matographique, soulignant la complexit\u00e9 de cette t\u00e2che\u00a0: \u00ab\u00a0<em>Comment calculer le risque ? Si on se perd dans les calculs, on ne r\u00e9alise pas le film. Il est essentiel de croire en ce projet et en ce r\u00e9alisateur, de s&rsquo;y engager pleinement, de le concr\u00e9tiser, et d&rsquo;observer les r\u00e9sultats.<\/em><\/span><\/span><\/p>\n<p><span><span><em>La recherche de fonds de d\u00e9veloppement repr\u00e9sente une \u00e9tape cruciale. Prenez par exemple le film \u00ab Leur Alg\u00e9rie \u00bb de Lina Souelem. Nous avons sillonn\u00e9 diverses destinations telles que Doha et Carthage, participant \u00e0 des pitchs \u00e0 travers le monde, collectant le budget n\u00e9cessaire par petites sommes, que ce soit 10 000 euros par-ci, 10 000 euros par-l\u00e0.<\/em><\/span><\/span><\/p>\n<p><span><span><em>Une fois que le film est sur les rails, la recherche de partenaires, particuli\u00e8rement pour la post-production, devient plus accessible. Le succ\u00e8s d&rsquo;un film facilite le processus pour le projet suivant, cr\u00e9ant une dynamique positive pour l&rsquo;ensemble du processus cr\u00e9atif<\/em>.\u00a0\u00bb<\/span><\/span><\/p>\n<p><span><span>La gestion de plusieurs producteurs de diff\u00e9rents pays pose un d\u00e9fi complexe. Sabine partage son exp\u00e9rience dans ce contexte particulier.<\/span><\/span><\/p>\n<p><span><span>\u00ab\u00a0<em>Quand tu as affaire \u00e0 plusieurs producteurs de diff\u00e9rents pays, comment g\u00e9rer tout ce monde ? Les films que je r\u00e9alise, malheureusement, sont souvent limit\u00e9s en termes de budget. Bien que j&rsquo;aurais aim\u00e9 avoir une \u00e9quipe pour m&rsquo;assister, ce luxe n&rsquo;est pas toujours possible. Je me distingue par ma comp\u00e9tence dans la r\u00e9daction de contrats, une n\u00e9cessit\u00e9 pour les producteurs de films ind\u00e9pendants qui doivent \u00eatre polyvalents, m\u00eame si cela peut \u00eatre \u00e9reintant. Ce qui a simplifi\u00e9 ma vie, c&rsquo;est ma d\u00e9marche aupr\u00e8s de ceux qui travaillent avec moi. Je leur rappelle que, dans le cadre de la coproduction, la collaboration est essentielle, et que nous devons tous contribuer collectivement \u00e0 la r\u00e9ussite du projet<\/em>.\u00a0\u00bb<\/span><\/span><\/p>\n<p><span><span>Mostafa Youssef soul\u00e8ve la question du r\u00f4le \u00e9tendu du producteur, jouant parfois plusieurs r\u00f4les tels que monteur, comptable, et sc\u00e9nariste\u00a0: \u00ab\u00a0<em>Lorsqu&rsquo;on aborde le r\u00f4le du coproducteur, la question se pose : peut-il imposer certains th\u00e8mes ou sujets et s&rsquo;ing\u00e9rer dans le contenu du film ? <\/em><\/span><\/span><\/p>\n<p><span><span><em>Il existe un probl\u00e8me avec certains coproducteurs qui cherchent \u00e0 imposer un contenu sp\u00e9cifique. J&rsquo;ai un exemple concret d&rsquo;un fonds qui a tent\u00e9 d&rsquo;influencer un film \u00e9gyptien en lui imposant un angle de vue favorable \u00e0 la Grande-Bretagne. La r\u00e9alisatrice a r\u00e9solument refus\u00e9 cette ing\u00e9rence, soulignant que c&rsquo;\u00e9tait aux Anglais d&rsquo;accepter son point de vue et de chercher \u00e0 le comprendre, plut\u00f4t que d&rsquo;imposer une perspective qui servirait uniquement les int\u00e9r\u00eats du coproducteur.\u00a0<\/em>\u00bb<\/span><\/span><\/p>\n<p><span><span>Ces divers t\u00e9moignages ont r\u00e9v\u00e9l\u00e9 la complexit\u00e9 et la richesse de cette collaboration \u00e0 l&rsquo;\u00e9chelle mondiale. Chacun a soulign\u00e9 l&rsquo;importance de la diversit\u00e9, les avantages financiers et intellectuels, ainsi que les d\u00e9fis in\u00e9vitables. De la flexibilit\u00e9 des fonds fran\u00e7ais \u00e0 la n\u00e9cessit\u00e9 de films commerciaux en \u00c9gypte, en passant par l&rsquo;importance des programmes d&rsquo;aide aux projets dans les festivals, les participants ont offert une vision nuanc\u00e9e de l&rsquo;\u00e9tat actuel de la coproduction cin\u00e9matographique.<\/span><\/span><\/p>\n<p><span><span>Cette plong\u00e9e dans le monde de la coproduction cin\u00e9matographique d\u00e9montre que malgr\u00e9 les d\u00e9fis, la cr\u00e9ativit\u00e9 et la passion restent au c\u0153ur de cette entreprise mondiale. La diversit\u00e9, la flexibilit\u00e9 financi\u00e8re et la collaboration sont les piliers qui soutiennent cette forme complexe de cr\u00e9ation cin\u00e9matographique. Au-del\u00e0 des fronti\u00e8res, la coproduction continue d&rsquo;\u00eatre une force dynamique, tissant des liens culturels et artistiques qui enrichissent la sc\u00e8ne cin\u00e9matographique mondiale.<\/span><\/span><\/p>\n<p><span><span><strong>Ne\u00efla Driss<\/strong><\/span><\/span><\/p>\n<\/p><\/div>\n<div class=\"coprs\" style=\"text-align: center\"><\/div><\/div>\n","protected":false},"excerpt":{"rendered":"<p>La 6\u00e8me \u00e9dition du Festival du Film d\u2019El Gouna (GFF), qui s&rsquo;est d\u00e9roul\u00e9e exceptionnellement du 14 au 21 d\u00e9cembre 2023, a explor\u00e9 une perspective int\u00e9ressante lo&#8230;<\/p>\n","protected":false},"author":3164,"featured_media":289988,"comment_status":"open","ping_status":"closed","sticky":false,"template":"","format":"standard","meta":{"footnotes":""},"categories":[2594],"tags":[7281,3258,3259,7280,4998],"class_list":["post-210948","post","type-post","status-publish","format-standard","has-post-thumbnail","hentry","category-culture","tag-el-gouna-2023","tag-festival-du-film-del-gouna","tag-gff","tag-gff-2023","tag-panel"],"yoast_head":"<!-- This site is optimized with the Yoast SEO Premium plugin v27.5 (Yoast SEO v27.5) - https:\/\/yoast.com\/product\/yoast-seo-premium-wordpress\/ -->\n<title>El Gouna 2023 - Au-del\u00e0 des fronti\u00e8res : coproduire des films \u00e0 l&#039;\u00e9chelle mondiale<\/title>\n<meta name=\"description\" content=\"La 6\u00e8me \u00e9dition du Festival du Film d\u2019El Gouna (GFF), qui s&#039;est d\u00e9roul\u00e9e exceptionnellement du 14 au 21 d\u00e9cembre 2023, a explor\u00e9 une perspective int\u00e9ressante lo...\" \/>\n<link rel=\"canonical\" href=\"https:\/\/www.webdo.tn\/fr\/actualite\/culture\/el-gouna-2023-au-dela-des-frontieres-coproduire-des-films-a-l-echelle-mondiale\/210948\/\" \/>\n<meta property=\"og:locale\" content=\"fr_FR\" \/>\n<meta property=\"og:type\" content=\"article\" \/>\n<meta property=\"og:title\" content=\"El Gouna 2023 - Au-del\u00e0 des fronti\u00e8res : coproduire des films \u00e0 l&#039;\u00e9chelle mondiale\" \/>\n<meta property=\"og:description\" content=\"La 6\u00e8me \u00e9dition du Festival du Film d\u2019El Gouna (GFF), qui s&#039;est d\u00e9roul\u00e9e exceptionnellement du 14 au 21 d\u00e9cembre 2023, a explor\u00e9 une perspective int\u00e9ressante lo...\" \/>\n<meta property=\"og:url\" content=\"https:\/\/www.webdo.tn\/fr\/actualite\/culture\/el-gouna-2023-au-dela-des-frontieres-coproduire-des-films-a-l-echelle-mondiale\/210948\/\" \/>\n<meta property=\"og:site_name\" content=\"webdo\" \/>\n<meta property=\"article:publisher\" content=\"https:\/\/www.facebook.com\/webdotn\" \/>\n<meta property=\"article:author\" content=\"https:\/\/www.facebook.com\/massir.destiniii\/\" \/>\n<meta property=\"article:published_time\" content=\"2023-12-20T08:27:00+00:00\" \/>\n<meta property=\"article:modified_time\" content=\"2025-05-21T08:57:17+00:00\" \/>\n<meta property=\"og:image\" content=\"https:\/\/www.webdo.tn\/fr\/wp-content\/uploads\/2023\/12\/613313039f70ffd1295e094c50d11f51.jpeg\" \/>\n\t<meta property=\"og:image:width\" content=\"750\" \/>\n\t<meta property=\"og:image:height\" content=\"400\" \/>\n\t<meta property=\"og:image:type\" content=\"image\/jpeg\" \/>\n<meta name=\"author\" content=\"Ne\u00efla DRISS\" \/>\n<meta name=\"twitter:card\" content=\"summary_large_image\" \/>\n<meta name=\"twitter:creator\" content=\"@https:\/\/x.com\/MassirDestin\" \/>\n<meta name=\"twitter:site\" content=\"@webdo_tn\" \/>\n<meta name=\"twitter:label1\" content=\"\u00c9crit par\" \/>\n\t<meta name=\"twitter:data1\" content=\"Ne\u00efla DRISS\" \/>\n\t<meta name=\"twitter:label2\" content=\"Dur\u00e9e de lecture estim\u00e9e\" \/>\n\t<meta name=\"twitter:data2\" content=\"10 minutes\" \/>\n<script type=\"application\/ld+json\" class=\"yoast-schema-graph\">{\"@context\":\"https:\\\/\\\/schema.org\",\"@graph\":[{\"@type\":\"NewsArticle\",\"@id\":\"https:\\\/\\\/www.webdo.tn\\\/fr\\\/actualite\\\/culture\\\/el-gouna-2023-au-dela-des-frontieres-coproduire-des-films-a-l-echelle-mondiale\\\/210948\\\/#article\",\"isPartOf\":{\"@id\":\"https:\\\/\\\/www.webdo.tn\\\/fr\\\/actualite\\\/culture\\\/el-gouna-2023-au-dela-des-frontieres-coproduire-des-films-a-l-echelle-mondiale\\\/210948\\\/\"},\"author\":{\"name\":\"Ne\u00efla DRISS\",\"@id\":\"https:\\\/\\\/www.webdo.tn\\\/fr\\\/#\\\/schema\\\/person\\\/60d5ba619ed3f58783b0dc82b7dada80\"},\"headline\":\"El Gouna 2023 &#8211; Au-del\u00e0 des fronti\u00e8res : coproduire des films \u00e0 l&rsquo;\u00e9chelle mondiale\",\"datePublished\":\"2023-12-20T08:27:00+00:00\",\"dateModified\":\"2025-05-21T08:57:17+00:00\",\"mainEntityOfPage\":{\"@id\":\"https:\\\/\\\/www.webdo.tn\\\/fr\\\/actualite\\\/culture\\\/el-gouna-2023-au-dela-des-frontieres-coproduire-des-films-a-l-echelle-mondiale\\\/210948\\\/\"},\"wordCount\":2108,\"commentCount\":0,\"publisher\":{\"@id\":\"https:\\\/\\\/www.webdo.tn\\\/fr\\\/#organization\"},\"image\":{\"@id\":\"https:\\\/\\\/www.webdo.tn\\\/fr\\\/actualite\\\/culture\\\/el-gouna-2023-au-dela-des-frontieres-coproduire-des-films-a-l-echelle-mondiale\\\/210948\\\/#primaryimage\"},\"thumbnailUrl\":\"https:\\\/\\\/www.webdo.tn\\\/fr\\\/wp-content\\\/uploads\\\/2023\\\/12\\\/613313039f70ffd1295e094c50d11f51.jpeg\",\"keywords\":[\"El Gouna 2023\",\"Festival du Film d'El Gouna\",\"GFF\",\"GFF 2023\",\"Panel\"],\"articleSection\":[\"Culture\"],\"inLanguage\":\"fr-FR\"},{\"@type\":\"WebPage\",\"@id\":\"https:\\\/\\\/www.webdo.tn\\\/fr\\\/actualite\\\/culture\\\/el-gouna-2023-au-dela-des-frontieres-coproduire-des-films-a-l-echelle-mondiale\\\/210948\\\/\",\"url\":\"https:\\\/\\\/www.webdo.tn\\\/fr\\\/actualite\\\/culture\\\/el-gouna-2023-au-dela-des-frontieres-coproduire-des-films-a-l-echelle-mondiale\\\/210948\\\/\",\"name\":\"El Gouna 2023 - Au-del\u00e0 des fronti\u00e8res : coproduire des films \u00e0 l'\u00e9chelle mondiale\",\"isPartOf\":{\"@id\":\"https:\\\/\\\/www.webdo.tn\\\/fr\\\/#website\"},\"primaryImageOfPage\":{\"@id\":\"https:\\\/\\\/www.webdo.tn\\\/fr\\\/actualite\\\/culture\\\/el-gouna-2023-au-dela-des-frontieres-coproduire-des-films-a-l-echelle-mondiale\\\/210948\\\/#primaryimage\"},\"image\":{\"@id\":\"https:\\\/\\\/www.webdo.tn\\\/fr\\\/actualite\\\/culture\\\/el-gouna-2023-au-dela-des-frontieres-coproduire-des-films-a-l-echelle-mondiale\\\/210948\\\/#primaryimage\"},\"thumbnailUrl\":\"https:\\\/\\\/www.webdo.tn\\\/fr\\\/wp-content\\\/uploads\\\/2023\\\/12\\\/613313039f70ffd1295e094c50d11f51.jpeg\",\"datePublished\":\"2023-12-20T08:27:00+00:00\",\"dateModified\":\"2025-05-21T08:57:17+00:00\",\"description\":\"La 6\u00e8me \u00e9dition du Festival du Film d\u2019El Gouna (GFF), qui s'est d\u00e9roul\u00e9e exceptionnellement du 14 au 21 d\u00e9cembre 2023, a explor\u00e9 une perspective int\u00e9ressante lo...\",\"breadcrumb\":{\"@id\":\"https:\\\/\\\/www.webdo.tn\\\/fr\\\/actualite\\\/culture\\\/el-gouna-2023-au-dela-des-frontieres-coproduire-des-films-a-l-echelle-mondiale\\\/210948\\\/#breadcrumb\"},\"inLanguage\":\"fr-FR\",\"potentialAction\":[{\"@type\":\"ReadAction\",\"target\":[\"https:\\\/\\\/www.webdo.tn\\\/fr\\\/actualite\\\/culture\\\/el-gouna-2023-au-dela-des-frontieres-coproduire-des-films-a-l-echelle-mondiale\\\/210948\\\/\"]}]},{\"@type\":\"ImageObject\",\"inLanguage\":\"fr-FR\",\"@id\":\"https:\\\/\\\/www.webdo.tn\\\/fr\\\/actualite\\\/culture\\\/el-gouna-2023-au-dela-des-frontieres-coproduire-des-films-a-l-echelle-mondiale\\\/210948\\\/#primaryimage\",\"url\":\"https:\\\/\\\/www.webdo.tn\\\/fr\\\/wp-content\\\/uploads\\\/2023\\\/12\\\/613313039f70ffd1295e094c50d11f51.jpeg\",\"contentUrl\":\"https:\\\/\\\/www.webdo.tn\\\/fr\\\/wp-content\\\/uploads\\\/2023\\\/12\\\/613313039f70ffd1295e094c50d11f51.jpeg\",\"width\":750,\"height\":400,\"caption\":\"El Gouna 2023 - Au-del\u00e0 des fronti\u00e8res : coproduire des films \u00e0 l'\u00e9chelle mondiale\"},{\"@type\":\"BreadcrumbList\",\"@id\":\"https:\\\/\\\/www.webdo.tn\\\/fr\\\/actualite\\\/culture\\\/el-gouna-2023-au-dela-des-frontieres-coproduire-des-films-a-l-echelle-mondiale\\\/210948\\\/#breadcrumb\",\"itemListElement\":[{\"@type\":\"ListItem\",\"position\":1,\"name\":\"Accueil\",\"item\":\"https:\\\/\\\/www.webdo.tn\\\/fr\\\/\"},{\"@type\":\"ListItem\",\"position\":2,\"name\":\"El Gouna 2023 &#8211; Au-del\u00e0 des fronti\u00e8res : coproduire des films \u00e0 l&rsquo;\u00e9chelle mondiale\"}]},{\"@type\":\"WebSite\",\"@id\":\"https:\\\/\\\/www.webdo.tn\\\/fr\\\/#website\",\"url\":\"https:\\\/\\\/www.webdo.tn\\\/fr\\\/\",\"name\":\"webdo\",\"description\":\"Tunisie - News en Tunisie et \u00e0 l&#039;international sur Webdo.tn\",\"publisher\":{\"@id\":\"https:\\\/\\\/www.webdo.tn\\\/fr\\\/#organization\"},\"potentialAction\":[{\"@type\":\"SearchAction\",\"target\":{\"@type\":\"EntryPoint\",\"urlTemplate\":\"https:\\\/\\\/www.webdo.tn\\\/fr\\\/?s={search_term_string}\"},\"query-input\":{\"@type\":\"PropertyValueSpecification\",\"valueRequired\":true,\"valueName\":\"search_term_string\"}}],\"inLanguage\":\"fr-FR\"},{\"@type\":\"Organization\",\"@id\":\"https:\\\/\\\/www.webdo.tn\\\/fr\\\/#organization\",\"name\":\"Webdo\",\"alternateName\":\"Webdo.tn\",\"url\":\"https:\\\/\\\/www.webdo.tn\\\/fr\\\/\",\"logo\":{\"@type\":\"ImageObject\",\"inLanguage\":\"fr-FR\",\"@id\":\"https:\\\/\\\/www.webdo.tn\\\/fr\\\/#\\\/schema\\\/logo\\\/image\\\/\",\"url\":\"https:\\\/\\\/www.webdo.tn\\\/fr\\\/wp-content\\\/uploads\\\/2025\\\/06\\\/Webdo-Tunisie_168377.jpg\",\"contentUrl\":\"https:\\\/\\\/www.webdo.tn\\\/fr\\\/wp-content\\\/uploads\\\/2025\\\/06\\\/Webdo-Tunisie_168377.jpg\",\"width\":301,\"height\":301,\"caption\":\"Webdo\"},\"image\":{\"@id\":\"https:\\\/\\\/www.webdo.tn\\\/fr\\\/#\\\/schema\\\/logo\\\/image\\\/\"},\"sameAs\":[\"https:\\\/\\\/www.facebook.com\\\/webdotn\",\"https:\\\/\\\/x.com\\\/webdo_tn\"],\"description\":\"Webdo est un m\u00e9dia num\u00e9rique tunisien fond\u00e9 en 2010, sp\u00e9cialis\u00e9 dans l\u2019actualit\u00e9 nationale et internationale, l\u2019\u00e9conomie, la soci\u00e9t\u00e9 et les analyses politiques. Le site s\u2019adresse \u00e0 un large public francophone et couvre l\u2019information tunisienne en temps r\u00e9el.\",\"email\":\"redac@webdo.tn\",\"legalName\":\"YNJ SARL\",\"foundingDate\":\"2010-09-06\",\"numberOfEmployees\":{\"@type\":\"QuantitativeValue\",\"minValue\":\"11\",\"maxValue\":\"50\"}},{\"@type\":\"Person\",\"@id\":\"https:\\\/\\\/www.webdo.tn\\\/fr\\\/#\\\/schema\\\/person\\\/60d5ba619ed3f58783b0dc82b7dada80\",\"name\":\"Ne\u00efla DRISS\",\"image\":{\"@type\":\"ImageObject\",\"inLanguage\":\"fr-FR\",\"@id\":\"https:\\\/\\\/www.webdo.tn\\\/fr\\\/wp-content\\\/uploads\\\/2026\\\/04\\\/neila-driss_avatar-96x96.jpg\",\"url\":\"https:\\\/\\\/www.webdo.tn\\\/fr\\\/wp-content\\\/uploads\\\/2026\\\/04\\\/neila-driss_avatar-96x96.jpg\",\"contentUrl\":\"https:\\\/\\\/www.webdo.tn\\\/fr\\\/wp-content\\\/uploads\\\/2026\\\/04\\\/neila-driss_avatar-96x96.jpg\",\"caption\":\"Ne\u00efla DRISS\"},\"description\":\"Ne\u00efla Driss est juriste, journaliste culturelle et critique de cin\u00e9ma tunisienne. Titulaire d\u2019un DEA en droit priv\u00e9 de l\u2019Universit\u00e9 Paris II et d\u2019un DESS de l\u2019IHEC Carthage, elle d\u00e9bute sa carri\u00e8re comme juriste sp\u00e9cialis\u00e9e en gestion de patrimoine immobilier. Elle s\u2019oriente ensuite vers l\u2019\u00e9criture en ligne, o\u00f9 elle se distingue d\u00e8s 2006 aux Tunisia Blog Awards, avant de se consacrer au journalisme culturel, avec une sp\u00e9cialisation dans la critique cin\u00e9matographique. Elle couvre r\u00e9guli\u00e8rement les grands festivals internationaux, notamment le Festival de Cannes, les Journ\u00e9es Cin\u00e9matographiques de Carthage et le Festival du film du Caire. Membre de l\u2019ATPCC et de la FIPRESCI, elle participe \u00e0 des jurys et initiatives internationales de critique. Depuis 2024, elle est \u00e9lectrice internationale aux Golden Globes. Facebook : https:\\\/\\\/www.facebook.com\\\/massir.destiniii\\\/ X : https:\\\/\\\/x.com\\\/MassirDestin\",\"sameAs\":[\"https:\\\/\\\/www.facebook.com\\\/massir.destiniii\\\/\",\"https:\\\/\\\/www.instagram.com\\\/neila.driss\\\/?hl=fr\",\"https:\\\/\\\/www.linkedin.com\\\/in\\\/neila-driss-22606a80\\\/\",\"https:\\\/\\\/x.com\\\/https:\\\/\\\/x.com\\\/MassirDestin\"],\"knowsAbout\":[\"Cin\u00e9ma international\",\"critique cin\u00e9matographique\",\"festivals de cin\u00e9ma\",\"journalisme culturel\"],\"knowsLanguage\":[\"Fran\u00e7ais\",\"Arabe\",\"Anglais\"],\"jobTitle\":\"Journaliste culturelle et critique de cin\u00e9ma\",\"worksFor\":\"Webdo\",\"url\":\"https:\\\/\\\/www.webdo.tn\\\/fr\\\/actualite\\\/author\\\/neila-driss\\\/\"}]}<\/script>\n<!-- \/ Yoast SEO Premium plugin. -->","yoast_head_json":{"title":"El Gouna 2023 - Au-del\u00e0 des fronti\u00e8res : coproduire des films \u00e0 l'\u00e9chelle mondiale","description":"La 6\u00e8me \u00e9dition du Festival du Film d\u2019El Gouna (GFF), qui s'est d\u00e9roul\u00e9e exceptionnellement du 14 au 21 d\u00e9cembre 2023, a explor\u00e9 une perspective int\u00e9ressante lo...","canonical":"https:\/\/www.webdo.tn\/fr\/actualite\/culture\/el-gouna-2023-au-dela-des-frontieres-coproduire-des-films-a-l-echelle-mondiale\/210948\/","og_locale":"fr_FR","og_type":"article","og_title":"El Gouna 2023 - Au-del\u00e0 des fronti\u00e8res : coproduire des films \u00e0 l'\u00e9chelle mondiale","og_description":"La 6\u00e8me \u00e9dition du Festival du Film d\u2019El Gouna (GFF), qui s'est d\u00e9roul\u00e9e exceptionnellement du 14 au 21 d\u00e9cembre 2023, a explor\u00e9 une perspective int\u00e9ressante lo...","og_url":"https:\/\/www.webdo.tn\/fr\/actualite\/culture\/el-gouna-2023-au-dela-des-frontieres-coproduire-des-films-a-l-echelle-mondiale\/210948\/","og_site_name":"webdo","article_publisher":"https:\/\/www.facebook.com\/webdotn","article_author":"https:\/\/www.facebook.com\/massir.destiniii\/","article_published_time":"2023-12-20T08:27:00+00:00","article_modified_time":"2025-05-21T08:57:17+00:00","og_image":[{"width":750,"height":400,"url":"https:\/\/www.webdo.tn\/fr\/wp-content\/uploads\/2023\/12\/613313039f70ffd1295e094c50d11f51.jpeg","type":"image\/jpeg"}],"author":"Ne\u00efla DRISS","twitter_card":"summary_large_image","twitter_creator":"@https:\/\/x.com\/MassirDestin","twitter_site":"@webdo_tn","twitter_misc":{"\u00c9crit par":"Ne\u00efla DRISS","Dur\u00e9e de lecture estim\u00e9e":"10 minutes"},"schema":{"@context":"https:\/\/schema.org","@graph":[{"@type":"NewsArticle","@id":"https:\/\/www.webdo.tn\/fr\/actualite\/culture\/el-gouna-2023-au-dela-des-frontieres-coproduire-des-films-a-l-echelle-mondiale\/210948\/#article","isPartOf":{"@id":"https:\/\/www.webdo.tn\/fr\/actualite\/culture\/el-gouna-2023-au-dela-des-frontieres-coproduire-des-films-a-l-echelle-mondiale\/210948\/"},"author":{"name":"Ne\u00efla DRISS","@id":"https:\/\/www.webdo.tn\/fr\/#\/schema\/person\/60d5ba619ed3f58783b0dc82b7dada80"},"headline":"El Gouna 2023 &#8211; Au-del\u00e0 des fronti\u00e8res : coproduire des films \u00e0 l&rsquo;\u00e9chelle mondiale","datePublished":"2023-12-20T08:27:00+00:00","dateModified":"2025-05-21T08:57:17+00:00","mainEntityOfPage":{"@id":"https:\/\/www.webdo.tn\/fr\/actualite\/culture\/el-gouna-2023-au-dela-des-frontieres-coproduire-des-films-a-l-echelle-mondiale\/210948\/"},"wordCount":2108,"commentCount":0,"publisher":{"@id":"https:\/\/www.webdo.tn\/fr\/#organization"},"image":{"@id":"https:\/\/www.webdo.tn\/fr\/actualite\/culture\/el-gouna-2023-au-dela-des-frontieres-coproduire-des-films-a-l-echelle-mondiale\/210948\/#primaryimage"},"thumbnailUrl":"https:\/\/www.webdo.tn\/fr\/wp-content\/uploads\/2023\/12\/613313039f70ffd1295e094c50d11f51.jpeg","keywords":["El Gouna 2023","Festival du Film d'El Gouna","GFF","GFF 2023","Panel"],"articleSection":["Culture"],"inLanguage":"fr-FR"},{"@type":"WebPage","@id":"https:\/\/www.webdo.tn\/fr\/actualite\/culture\/el-gouna-2023-au-dela-des-frontieres-coproduire-des-films-a-l-echelle-mondiale\/210948\/","url":"https:\/\/www.webdo.tn\/fr\/actualite\/culture\/el-gouna-2023-au-dela-des-frontieres-coproduire-des-films-a-l-echelle-mondiale\/210948\/","name":"El Gouna 2023 - Au-del\u00e0 des fronti\u00e8res : coproduire des films \u00e0 l'\u00e9chelle mondiale","isPartOf":{"@id":"https:\/\/www.webdo.tn\/fr\/#website"},"primaryImageOfPage":{"@id":"https:\/\/www.webdo.tn\/fr\/actualite\/culture\/el-gouna-2023-au-dela-des-frontieres-coproduire-des-films-a-l-echelle-mondiale\/210948\/#primaryimage"},"image":{"@id":"https:\/\/www.webdo.tn\/fr\/actualite\/culture\/el-gouna-2023-au-dela-des-frontieres-coproduire-des-films-a-l-echelle-mondiale\/210948\/#primaryimage"},"thumbnailUrl":"https:\/\/www.webdo.tn\/fr\/wp-content\/uploads\/2023\/12\/613313039f70ffd1295e094c50d11f51.jpeg","datePublished":"2023-12-20T08:27:00+00:00","dateModified":"2025-05-21T08:57:17+00:00","description":"La 6\u00e8me \u00e9dition du Festival du Film d\u2019El Gouna (GFF), qui s'est d\u00e9roul\u00e9e exceptionnellement du 14 au 21 d\u00e9cembre 2023, a explor\u00e9 une perspective int\u00e9ressante lo...","breadcrumb":{"@id":"https:\/\/www.webdo.tn\/fr\/actualite\/culture\/el-gouna-2023-au-dela-des-frontieres-coproduire-des-films-a-l-echelle-mondiale\/210948\/#breadcrumb"},"inLanguage":"fr-FR","potentialAction":[{"@type":"ReadAction","target":["https:\/\/www.webdo.tn\/fr\/actualite\/culture\/el-gouna-2023-au-dela-des-frontieres-coproduire-des-films-a-l-echelle-mondiale\/210948\/"]}]},{"@type":"ImageObject","inLanguage":"fr-FR","@id":"https:\/\/www.webdo.tn\/fr\/actualite\/culture\/el-gouna-2023-au-dela-des-frontieres-coproduire-des-films-a-l-echelle-mondiale\/210948\/#primaryimage","url":"https:\/\/www.webdo.tn\/fr\/wp-content\/uploads\/2023\/12\/613313039f70ffd1295e094c50d11f51.jpeg","contentUrl":"https:\/\/www.webdo.tn\/fr\/wp-content\/uploads\/2023\/12\/613313039f70ffd1295e094c50d11f51.jpeg","width":750,"height":400,"caption":"El Gouna 2023 - Au-del\u00e0 des fronti\u00e8res : coproduire des films \u00e0 l'\u00e9chelle mondiale"},{"@type":"BreadcrumbList","@id":"https:\/\/www.webdo.tn\/fr\/actualite\/culture\/el-gouna-2023-au-dela-des-frontieres-coproduire-des-films-a-l-echelle-mondiale\/210948\/#breadcrumb","itemListElement":[{"@type":"ListItem","position":1,"name":"Accueil","item":"https:\/\/www.webdo.tn\/fr\/"},{"@type":"ListItem","position":2,"name":"El Gouna 2023 &#8211; Au-del\u00e0 des fronti\u00e8res : coproduire des films \u00e0 l&rsquo;\u00e9chelle mondiale"}]},{"@type":"WebSite","@id":"https:\/\/www.webdo.tn\/fr\/#website","url":"https:\/\/www.webdo.tn\/fr\/","name":"webdo","description":"Tunisie - News en Tunisie et \u00e0 l&#039;international sur Webdo.tn","publisher":{"@id":"https:\/\/www.webdo.tn\/fr\/#organization"},"potentialAction":[{"@type":"SearchAction","target":{"@type":"EntryPoint","urlTemplate":"https:\/\/www.webdo.tn\/fr\/?s={search_term_string}"},"query-input":{"@type":"PropertyValueSpecification","valueRequired":true,"valueName":"search_term_string"}}],"inLanguage":"fr-FR"},{"@type":"Organization","@id":"https:\/\/www.webdo.tn\/fr\/#organization","name":"Webdo","alternateName":"Webdo.tn","url":"https:\/\/www.webdo.tn\/fr\/","logo":{"@type":"ImageObject","inLanguage":"fr-FR","@id":"https:\/\/www.webdo.tn\/fr\/#\/schema\/logo\/image\/","url":"https:\/\/www.webdo.tn\/fr\/wp-content\/uploads\/2025\/06\/Webdo-Tunisie_168377.jpg","contentUrl":"https:\/\/www.webdo.tn\/fr\/wp-content\/uploads\/2025\/06\/Webdo-Tunisie_168377.jpg","width":301,"height":301,"caption":"Webdo"},"image":{"@id":"https:\/\/www.webdo.tn\/fr\/#\/schema\/logo\/image\/"},"sameAs":["https:\/\/www.facebook.com\/webdotn","https:\/\/x.com\/webdo_tn"],"description":"Webdo est un m\u00e9dia num\u00e9rique tunisien fond\u00e9 en 2010, sp\u00e9cialis\u00e9 dans l\u2019actualit\u00e9 nationale et internationale, l\u2019\u00e9conomie, la soci\u00e9t\u00e9 et les analyses politiques. Le site s\u2019adresse \u00e0 un large public francophone et couvre l\u2019information tunisienne en temps r\u00e9el.","email":"redac@webdo.tn","legalName":"YNJ SARL","foundingDate":"2010-09-06","numberOfEmployees":{"@type":"QuantitativeValue","minValue":"11","maxValue":"50"}},{"@type":"Person","@id":"https:\/\/www.webdo.tn\/fr\/#\/schema\/person\/60d5ba619ed3f58783b0dc82b7dada80","name":"Ne\u00efla DRISS","image":{"@type":"ImageObject","inLanguage":"fr-FR","@id":"https:\/\/www.webdo.tn\/fr\/wp-content\/uploads\/2026\/04\/neila-driss_avatar-96x96.jpg","url":"https:\/\/www.webdo.tn\/fr\/wp-content\/uploads\/2026\/04\/neila-driss_avatar-96x96.jpg","contentUrl":"https:\/\/www.webdo.tn\/fr\/wp-content\/uploads\/2026\/04\/neila-driss_avatar-96x96.jpg","caption":"Ne\u00efla DRISS"},"description":"Ne\u00efla Driss est juriste, journaliste culturelle et critique de cin\u00e9ma tunisienne. Titulaire d\u2019un DEA en droit priv\u00e9 de l\u2019Universit\u00e9 Paris II et d\u2019un DESS de l\u2019IHEC Carthage, elle d\u00e9bute sa carri\u00e8re comme juriste sp\u00e9cialis\u00e9e en gestion de patrimoine immobilier. Elle s\u2019oriente ensuite vers l\u2019\u00e9criture en ligne, o\u00f9 elle se distingue d\u00e8s 2006 aux Tunisia Blog Awards, avant de se consacrer au journalisme culturel, avec une sp\u00e9cialisation dans la critique cin\u00e9matographique. Elle couvre r\u00e9guli\u00e8rement les grands festivals internationaux, notamment le Festival de Cannes, les Journ\u00e9es Cin\u00e9matographiques de Carthage et le Festival du film du Caire. Membre de l\u2019ATPCC et de la FIPRESCI, elle participe \u00e0 des jurys et initiatives internationales de critique. Depuis 2024, elle est \u00e9lectrice internationale aux Golden Globes. Facebook : https:\/\/www.facebook.com\/massir.destiniii\/ X : https:\/\/x.com\/MassirDestin","sameAs":["https:\/\/www.facebook.com\/massir.destiniii\/","https:\/\/www.instagram.com\/neila.driss\/?hl=fr","https:\/\/www.linkedin.com\/in\/neila-driss-22606a80\/","https:\/\/x.com\/https:\/\/x.com\/MassirDestin"],"knowsAbout":["Cin\u00e9ma international","critique cin\u00e9matographique","festivals de cin\u00e9ma","journalisme culturel"],"knowsLanguage":["Fran\u00e7ais","Arabe","Anglais"],"jobTitle":"Journaliste culturelle et critique de cin\u00e9ma","worksFor":"Webdo","url":"https:\/\/www.webdo.tn\/fr\/actualite\/author\/neila-driss\/"}]}},"_links":{"self":[{"href":"https:\/\/www.webdo.tn\/fr\/wp-json\/wp\/v2\/posts\/210948","targetHints":{"allow":["GET"]}}],"collection":[{"href":"https:\/\/www.webdo.tn\/fr\/wp-json\/wp\/v2\/posts"}],"about":[{"href":"https:\/\/www.webdo.tn\/fr\/wp-json\/wp\/v2\/types\/post"}],"author":[{"embeddable":true,"href":"https:\/\/www.webdo.tn\/fr\/wp-json\/wp\/v2\/users\/3164"}],"replies":[{"embeddable":true,"href":"https:\/\/www.webdo.tn\/fr\/wp-json\/wp\/v2\/comments?post=210948"}],"version-history":[{"count":0,"href":"https:\/\/www.webdo.tn\/fr\/wp-json\/wp\/v2\/posts\/210948\/revisions"}],"wp:featuredmedia":[{"embeddable":true,"href":"https:\/\/www.webdo.tn\/fr\/wp-json\/wp\/v2\/media\/289988"}],"wp:attachment":[{"href":"https:\/\/www.webdo.tn\/fr\/wp-json\/wp\/v2\/media?parent=210948"}],"wp:term":[{"taxonomy":"category","embeddable":true,"href":"https:\/\/www.webdo.tn\/fr\/wp-json\/wp\/v2\/categories?post=210948"},{"taxonomy":"post_tag","embeddable":true,"href":"https:\/\/www.webdo.tn\/fr\/wp-json\/wp\/v2\/tags?post=210948"}],"curies":[{"name":"wp","href":"https:\/\/api.w.org\/{rel}","templated":true}]}}