{"id":210928,"date":"2023-12-19T12:38:00","date_gmt":"2023-12-19T12:38:00","guid":{"rendered":"https:\/\/www.webdo.tn\/fr\/blog\/monastir-effondrement-d-une-partie-de-bab-houmet-trabelsia\/210928\/"},"modified":"2025-05-20T22:55:45","modified_gmt":"2025-05-20T22:55:45","slug":"monastir-effondrement-d-une-partie-de-bab-houmet-trabelsia","status":"publish","type":"post","link":"https:\/\/www.webdo.tn\/fr\/actualite\/regions\/monastir-effondrement-d-une-partie-de-bab-houmet-trabelsia\/210928\/","title":{"rendered":"Monastir : effondrement d\u2019une partie de Bab Houmet Trabelsia"},"content":{"rendered":"<p>Une partie de Bab Houmet Trabelsia de Monastir s\u2019est \u00e9croul\u00e9e, ce mardi 19 d\u00e9cembre, \u00e0 cause des derni\u00e8res pr\u00e9cipitations.<\/p>\n<p>\t\t\t\t\t\t\t\t\tLa d\u00e9sagr\u00e9gation de l\u2019\u00e9difice n\u2019a pas heureusement fait de victime, a d\u00e9clar\u00e9 le commissaire r\u00e9gional des affaires culturelles, Chokri Tlili, sur les ondes de Jawhara FM. Des barri\u00e8res ont \u00e9t\u00e9 install\u00e9es en attendant la restauration de l\u2019\u00e9difice.<br \/>\nLes derni\u00e8res pr\u00e9cipitations enregistr\u00e9es dans la ville seraient \u00e0 l&rsquo;origine de l&rsquo;effondrement.\u00a0<\/p>\n<p>Cet incident survient quelques jours apr\u00e8s l\u2019effondrement d\u2019une partie des remparts de la m\u00e9dina de Kairouan, samedi dernier, faisant trois morts et trois bless\u00e9s.\u00a0<\/p>\n<p>Une enqu\u00eate a \u00e9t\u00e9 ouverte par le minist\u00e8re des Affaires culturelles. L\u2019entrepreneur et l\u2019ing\u00e9nieur en charge du chantier ont \u00e9t\u00e9 arr\u00eat\u00e9s. L\u2019inspecteur r\u00e9gional du patrimoine \u00e0 Kairouan Fethi Bahri a \u00e9t\u00e9 limog\u00e9, hier, lundi 18 d\u00e9cembre.<\/p>\n<p>Des incidents qui mettent \u00e0 nu la vuln\u00e9rabilit\u00e9 de la plupart de nos monuments historiques laiss\u00e9s \u00e0 l&rsquo;usure du temps. Et si des initiatives de r\u00e9novation existent, leur mise en \u0153uvre semble tra\u00eener.<\/p>\n","protected":false},"excerpt":{"rendered":"<p>Cet incident survient quelques jours apr\u00e8s l\u2019effondrement d\u2019une partie des remparts de la m\u00e9dina de Kairouan, samedi dernier, faisant trois morts et trois bless&#8230;<\/p>\n","protected":false},"author":3182,"featured_media":248472,"comment_status":"open","ping_status":"closed","sticky":false,"template":"","format":"standard","meta":{"footnotes":""},"categories":[2595],"tags":[2871,2692,3392],"class_list":["post-210928","post","type-post","status-publish","format-standard","has-post-thumbnail","hentry","category-regions","tag-effondrement","tag-monastir","tag-patrimoine"],"yoast_head":"<!-- This site is optimized with the Yoast SEO Premium plugin v27.5 (Yoast SEO v27.5) - https:\/\/yoast.com\/product\/yoast-seo-premium-wordpress\/ -->\n<title>Monastir : effondrement d\u2019une partie de Bab Houmet Trabelsia<\/title>\n<meta name=\"description\" content=\"Cet incident survient quelques jours apr\u00e8s l\u2019effondrement d\u2019une partie des remparts de la m\u00e9dina de Kairouan, samedi dernier, faisant trois morts et trois bless...\" \/>\n<link rel=\"canonical\" href=\"https:\/\/www.webdo.tn\/fr\/actualite\/regions\/monastir-effondrement-d-une-partie-de-bab-houmet-trabelsia\/210928\/\" \/>\n<meta property=\"og:locale\" content=\"fr_FR\" \/>\n<meta property=\"og:type\" content=\"article\" \/>\n<meta property=\"og:title\" content=\"Monastir : effondrement d\u2019une partie de Bab Houmet Trabelsia\" \/>\n<meta property=\"og:description\" content=\"Cet incident survient quelques jours apr\u00e8s l\u2019effondrement d\u2019une partie des remparts de la m\u00e9dina de Kairouan, samedi dernier, faisant trois morts et trois bless...\" \/>\n<meta property=\"og:url\" content=\"https:\/\/www.webdo.tn\/fr\/actualite\/regions\/monastir-effondrement-d-une-partie-de-bab-houmet-trabelsia\/210928\/\" \/>\n<meta property=\"og:site_name\" content=\"webdo\" \/>\n<meta property=\"article:publisher\" content=\"https:\/\/www.facebook.com\/webdotn\" \/>\n<meta property=\"article:published_time\" content=\"2023-12-19T12:38:00+00:00\" \/>\n<meta property=\"article:modified_time\" content=\"2025-05-20T22:55:45+00:00\" \/>\n<meta property=\"og:image\" content=\"https:\/\/www.webdo.tn\/fr\/wp-content\/uploads\/2023\/12\/b4bd44b230d2853dbf4e730f3a8ef7b1.png\" \/>\n\t<meta property=\"og:image:width\" content=\"750\" \/>\n\t<meta property=\"og:image:height\" content=\"400\" \/>\n\t<meta property=\"og:image:type\" content=\"image\/png\" \/>\n<meta name=\"author\" content=\"WB\" \/>\n<meta name=\"twitter:card\" content=\"summary_large_image\" \/>\n<meta name=\"twitter:creator\" content=\"@webdo_tn\" \/>\n<meta name=\"twitter:site\" content=\"@webdo_tn\" \/>\n<meta name=\"twitter:label1\" content=\"\u00c9crit par\" \/>\n\t<meta name=\"twitter:data1\" content=\"WB\" \/>\n\t<meta name=\"twitter:label2\" content=\"Dur\u00e9e de lecture estim\u00e9e\" \/>\n\t<meta name=\"twitter:data2\" content=\"1 minute\" \/>\n<script type=\"application\/ld+json\" class=\"yoast-schema-graph\">{\"@context\":\"https:\\\/\\\/schema.org\",\"@graph\":[{\"@type\":\"NewsArticle\",\"@id\":\"https:\\\/\\\/www.webdo.tn\\\/fr\\\/actualite\\\/regions\\\/monastir-effondrement-d-une-partie-de-bab-houmet-trabelsia\\\/210928\\\/#article\",\"isPartOf\":{\"@id\":\"https:\\\/\\\/www.webdo.tn\\\/fr\\\/actualite\\\/regions\\\/monastir-effondrement-d-une-partie-de-bab-houmet-trabelsia\\\/210928\\\/\"},\"author\":{\"name\":\"WB\",\"@id\":\"https:\\\/\\\/www.webdo.tn\\\/fr\\\/#\\\/schema\\\/person\\\/f16bf91e3b3c6347371884777659f9d8\"},\"headline\":\"Monastir : effondrement d\u2019une partie de Bab Houmet Trabelsia\",\"datePublished\":\"2023-12-19T12:38:00+00:00\",\"dateModified\":\"2025-05-20T22:55:45+00:00\",\"mainEntityOfPage\":{\"@id\":\"https:\\\/\\\/www.webdo.tn\\\/fr\\\/actualite\\\/regions\\\/monastir-effondrement-d-une-partie-de-bab-houmet-trabelsia\\\/210928\\\/\"},\"wordCount\":202,\"commentCount\":0,\"publisher\":{\"@id\":\"https:\\\/\\\/www.webdo.tn\\\/fr\\\/#organization\"},\"image\":{\"@id\":\"https:\\\/\\\/www.webdo.tn\\\/fr\\\/actualite\\\/regions\\\/monastir-effondrement-d-une-partie-de-bab-houmet-trabelsia\\\/210928\\\/#primaryimage\"},\"thumbnailUrl\":\"https:\\\/\\\/www.webdo.tn\\\/fr\\\/wp-content\\\/uploads\\\/2023\\\/12\\\/b4bd44b230d2853dbf4e730f3a8ef7b1.png\",\"keywords\":[\"effondrement\",\"Monastir\",\"patrimoine\"],\"articleSection\":[\"regions\"],\"inLanguage\":\"fr-FR\"},{\"@type\":\"WebPage\",\"@id\":\"https:\\\/\\\/www.webdo.tn\\\/fr\\\/actualite\\\/regions\\\/monastir-effondrement-d-une-partie-de-bab-houmet-trabelsia\\\/210928\\\/\",\"url\":\"https:\\\/\\\/www.webdo.tn\\\/fr\\\/actualite\\\/regions\\\/monastir-effondrement-d-une-partie-de-bab-houmet-trabelsia\\\/210928\\\/\",\"name\":\"Monastir : effondrement d\u2019une partie de Bab Houmet Trabelsia\",\"isPartOf\":{\"@id\":\"https:\\\/\\\/www.webdo.tn\\\/fr\\\/#website\"},\"primaryImageOfPage\":{\"@id\":\"https:\\\/\\\/www.webdo.tn\\\/fr\\\/actualite\\\/regions\\\/monastir-effondrement-d-une-partie-de-bab-houmet-trabelsia\\\/210928\\\/#primaryimage\"},\"image\":{\"@id\":\"https:\\\/\\\/www.webdo.tn\\\/fr\\\/actualite\\\/regions\\\/monastir-effondrement-d-une-partie-de-bab-houmet-trabelsia\\\/210928\\\/#primaryimage\"},\"thumbnailUrl\":\"https:\\\/\\\/www.webdo.tn\\\/fr\\\/wp-content\\\/uploads\\\/2023\\\/12\\\/b4bd44b230d2853dbf4e730f3a8ef7b1.png\",\"datePublished\":\"2023-12-19T12:38:00+00:00\",\"dateModified\":\"2025-05-20T22:55:45+00:00\",\"description\":\"Cet incident survient quelques jours apr\u00e8s l\u2019effondrement d\u2019une partie des remparts de la m\u00e9dina de Kairouan, samedi dernier, faisant trois morts et trois bless...\",\"breadcrumb\":{\"@id\":\"https:\\\/\\\/www.webdo.tn\\\/fr\\\/actualite\\\/regions\\\/monastir-effondrement-d-une-partie-de-bab-houmet-trabelsia\\\/210928\\\/#breadcrumb\"},\"inLanguage\":\"fr-FR\",\"potentialAction\":[{\"@type\":\"ReadAction\",\"target\":[\"https:\\\/\\\/www.webdo.tn\\\/fr\\\/actualite\\\/regions\\\/monastir-effondrement-d-une-partie-de-bab-houmet-trabelsia\\\/210928\\\/\"]}]},{\"@type\":\"ImageObject\",\"inLanguage\":\"fr-FR\",\"@id\":\"https:\\\/\\\/www.webdo.tn\\\/fr\\\/actualite\\\/regions\\\/monastir-effondrement-d-une-partie-de-bab-houmet-trabelsia\\\/210928\\\/#primaryimage\",\"url\":\"https:\\\/\\\/www.webdo.tn\\\/fr\\\/wp-content\\\/uploads\\\/2023\\\/12\\\/b4bd44b230d2853dbf4e730f3a8ef7b1.png\",\"contentUrl\":\"https:\\\/\\\/www.webdo.tn\\\/fr\\\/wp-content\\\/uploads\\\/2023\\\/12\\\/b4bd44b230d2853dbf4e730f3a8ef7b1.png\",\"width\":750,\"height\":400,\"caption\":\"bab\"},{\"@type\":\"BreadcrumbList\",\"@id\":\"https:\\\/\\\/www.webdo.tn\\\/fr\\\/actualite\\\/regions\\\/monastir-effondrement-d-une-partie-de-bab-houmet-trabelsia\\\/210928\\\/#breadcrumb\",\"itemListElement\":[{\"@type\":\"ListItem\",\"position\":1,\"name\":\"Accueil\",\"item\":\"https:\\\/\\\/www.webdo.tn\\\/fr\\\/\"},{\"@type\":\"ListItem\",\"position\":2,\"name\":\"Monastir : effondrement d\u2019une partie de Bab Houmet Trabelsia\"}]},{\"@type\":\"WebSite\",\"@id\":\"https:\\\/\\\/www.webdo.tn\\\/fr\\\/#website\",\"url\":\"https:\\\/\\\/www.webdo.tn\\\/fr\\\/\",\"name\":\"webdo\",\"description\":\"Tunisie - News en Tunisie et \u00e0 l&#039;international sur Webdo.tn\",\"publisher\":{\"@id\":\"https:\\\/\\\/www.webdo.tn\\\/fr\\\/#organization\"},\"potentialAction\":[{\"@type\":\"SearchAction\",\"target\":{\"@type\":\"EntryPoint\",\"urlTemplate\":\"https:\\\/\\\/www.webdo.tn\\\/fr\\\/?s={search_term_string}\"},\"query-input\":{\"@type\":\"PropertyValueSpecification\",\"valueRequired\":true,\"valueName\":\"search_term_string\"}}],\"inLanguage\":\"fr-FR\"},{\"@type\":\"Organization\",\"@id\":\"https:\\\/\\\/www.webdo.tn\\\/fr\\\/#organization\",\"name\":\"Webdo\",\"alternateName\":\"Webdo.tn\",\"url\":\"https:\\\/\\\/www.webdo.tn\\\/fr\\\/\",\"logo\":{\"@type\":\"ImageObject\",\"inLanguage\":\"fr-FR\",\"@id\":\"https:\\\/\\\/www.webdo.tn\\\/fr\\\/#\\\/schema\\\/logo\\\/image\\\/\",\"url\":\"https:\\\/\\\/www.webdo.tn\\\/fr\\\/wp-content\\\/uploads\\\/2025\\\/06\\\/Webdo-Tunisie_168377.jpg\",\"contentUrl\":\"https:\\\/\\\/www.webdo.tn\\\/fr\\\/wp-content\\\/uploads\\\/2025\\\/06\\\/Webdo-Tunisie_168377.jpg\",\"width\":301,\"height\":301,\"caption\":\"Webdo\"},\"image\":{\"@id\":\"https:\\\/\\\/www.webdo.tn\\\/fr\\\/#\\\/schema\\\/logo\\\/image\\\/\"},\"sameAs\":[\"https:\\\/\\\/www.facebook.com\\\/webdotn\",\"https:\\\/\\\/x.com\\\/webdo_tn\"],\"description\":\"Webdo est un m\u00e9dia num\u00e9rique tunisien fond\u00e9 en 2010, sp\u00e9cialis\u00e9 dans l\u2019actualit\u00e9 nationale et internationale, l\u2019\u00e9conomie, la soci\u00e9t\u00e9 et les analyses politiques. Le site s\u2019adresse \u00e0 un large public francophone et couvre l\u2019information tunisienne en temps r\u00e9el.\",\"email\":\"redac@webdo.tn\",\"legalName\":\"YNJ SARL\",\"foundingDate\":\"2010-09-06\",\"numberOfEmployees\":{\"@type\":\"QuantitativeValue\",\"minValue\":\"11\",\"maxValue\":\"50\"}},{\"@type\":\"Person\",\"@id\":\"https:\\\/\\\/www.webdo.tn\\\/fr\\\/#\\\/schema\\\/person\\\/f16bf91e3b3c6347371884777659f9d8\",\"name\":\"WB\",\"image\":{\"@type\":\"ImageObject\",\"inLanguage\":\"fr-FR\",\"@id\":\"https:\\\/\\\/secure.gravatar.com\\\/avatar\\\/fd3caf00dbfd4b6d6ce43e8ea4748ed2e4d0fae2c3a87c1e2f6ba0a54c3ab5cb?s=96&d=mm&r=g\",\"url\":\"https:\\\/\\\/secure.gravatar.com\\\/avatar\\\/fd3caf00dbfd4b6d6ce43e8ea4748ed2e4d0fae2c3a87c1e2f6ba0a54c3ab5cb?s=96&d=mm&r=g\",\"contentUrl\":\"https:\\\/\\\/secure.gravatar.com\\\/avatar\\\/fd3caf00dbfd4b6d6ce43e8ea4748ed2e4d0fae2c3a87c1e2f6ba0a54c3ab5cb?s=96&d=mm&r=g\",\"caption\":\"WB\"},\"url\":\"https:\\\/\\\/www.webdo.tn\\\/fr\\\/actualite\\\/author\\\/wb\\\/\"}]}<\/script>\n<!-- \/ Yoast SEO Premium plugin. -->","yoast_head_json":{"title":"Monastir : effondrement d\u2019une partie de Bab Houmet Trabelsia","description":"Cet incident survient quelques jours apr\u00e8s l\u2019effondrement d\u2019une partie des remparts de la m\u00e9dina de Kairouan, samedi dernier, faisant trois morts et trois bless...","canonical":"https:\/\/www.webdo.tn\/fr\/actualite\/regions\/monastir-effondrement-d-une-partie-de-bab-houmet-trabelsia\/210928\/","og_locale":"fr_FR","og_type":"article","og_title":"Monastir : effondrement d\u2019une partie de Bab Houmet Trabelsia","og_description":"Cet incident survient quelques jours apr\u00e8s l\u2019effondrement d\u2019une partie des remparts de la m\u00e9dina de Kairouan, samedi dernier, faisant trois morts et trois bless...","og_url":"https:\/\/www.webdo.tn\/fr\/actualite\/regions\/monastir-effondrement-d-une-partie-de-bab-houmet-trabelsia\/210928\/","og_site_name":"webdo","article_publisher":"https:\/\/www.facebook.com\/webdotn","article_published_time":"2023-12-19T12:38:00+00:00","article_modified_time":"2025-05-20T22:55:45+00:00","og_image":[{"width":750,"height":400,"url":"https:\/\/www.webdo.tn\/fr\/wp-content\/uploads\/2023\/12\/b4bd44b230d2853dbf4e730f3a8ef7b1.png","type":"image\/png"}],"author":"WB","twitter_card":"summary_large_image","twitter_creator":"@webdo_tn","twitter_site":"@webdo_tn","twitter_misc":{"\u00c9crit par":"WB","Dur\u00e9e de lecture estim\u00e9e":"1 minute"},"schema":{"@context":"https:\/\/schema.org","@graph":[{"@type":"NewsArticle","@id":"https:\/\/www.webdo.tn\/fr\/actualite\/regions\/monastir-effondrement-d-une-partie-de-bab-houmet-trabelsia\/210928\/#article","isPartOf":{"@id":"https:\/\/www.webdo.tn\/fr\/actualite\/regions\/monastir-effondrement-d-une-partie-de-bab-houmet-trabelsia\/210928\/"},"author":{"name":"WB","@id":"https:\/\/www.webdo.tn\/fr\/#\/schema\/person\/f16bf91e3b3c6347371884777659f9d8"},"headline":"Monastir : effondrement d\u2019une partie de Bab Houmet Trabelsia","datePublished":"2023-12-19T12:38:00+00:00","dateModified":"2025-05-20T22:55:45+00:00","mainEntityOfPage":{"@id":"https:\/\/www.webdo.tn\/fr\/actualite\/regions\/monastir-effondrement-d-une-partie-de-bab-houmet-trabelsia\/210928\/"},"wordCount":202,"commentCount":0,"publisher":{"@id":"https:\/\/www.webdo.tn\/fr\/#organization"},"image":{"@id":"https:\/\/www.webdo.tn\/fr\/actualite\/regions\/monastir-effondrement-d-une-partie-de-bab-houmet-trabelsia\/210928\/#primaryimage"},"thumbnailUrl":"https:\/\/www.webdo.tn\/fr\/wp-content\/uploads\/2023\/12\/b4bd44b230d2853dbf4e730f3a8ef7b1.png","keywords":["effondrement","Monastir","patrimoine"],"articleSection":["regions"],"inLanguage":"fr-FR"},{"@type":"WebPage","@id":"https:\/\/www.webdo.tn\/fr\/actualite\/regions\/monastir-effondrement-d-une-partie-de-bab-houmet-trabelsia\/210928\/","url":"https:\/\/www.webdo.tn\/fr\/actualite\/regions\/monastir-effondrement-d-une-partie-de-bab-houmet-trabelsia\/210928\/","name":"Monastir : effondrement d\u2019une partie de Bab Houmet Trabelsia","isPartOf":{"@id":"https:\/\/www.webdo.tn\/fr\/#website"},"primaryImageOfPage":{"@id":"https:\/\/www.webdo.tn\/fr\/actualite\/regions\/monastir-effondrement-d-une-partie-de-bab-houmet-trabelsia\/210928\/#primaryimage"},"image":{"@id":"https:\/\/www.webdo.tn\/fr\/actualite\/regions\/monastir-effondrement-d-une-partie-de-bab-houmet-trabelsia\/210928\/#primaryimage"},"thumbnailUrl":"https:\/\/www.webdo.tn\/fr\/wp-content\/uploads\/2023\/12\/b4bd44b230d2853dbf4e730f3a8ef7b1.png","datePublished":"2023-12-19T12:38:00+00:00","dateModified":"2025-05-20T22:55:45+00:00","description":"Cet incident survient quelques jours apr\u00e8s l\u2019effondrement d\u2019une partie des remparts de la m\u00e9dina de Kairouan, samedi dernier, faisant trois morts et trois bless...","breadcrumb":{"@id":"https:\/\/www.webdo.tn\/fr\/actualite\/regions\/monastir-effondrement-d-une-partie-de-bab-houmet-trabelsia\/210928\/#breadcrumb"},"inLanguage":"fr-FR","potentialAction":[{"@type":"ReadAction","target":["https:\/\/www.webdo.tn\/fr\/actualite\/regions\/monastir-effondrement-d-une-partie-de-bab-houmet-trabelsia\/210928\/"]}]},{"@type":"ImageObject","inLanguage":"fr-FR","@id":"https:\/\/www.webdo.tn\/fr\/actualite\/regions\/monastir-effondrement-d-une-partie-de-bab-houmet-trabelsia\/210928\/#primaryimage","url":"https:\/\/www.webdo.tn\/fr\/wp-content\/uploads\/2023\/12\/b4bd44b230d2853dbf4e730f3a8ef7b1.png","contentUrl":"https:\/\/www.webdo.tn\/fr\/wp-content\/uploads\/2023\/12\/b4bd44b230d2853dbf4e730f3a8ef7b1.png","width":750,"height":400,"caption":"bab"},{"@type":"BreadcrumbList","@id":"https:\/\/www.webdo.tn\/fr\/actualite\/regions\/monastir-effondrement-d-une-partie-de-bab-houmet-trabelsia\/210928\/#breadcrumb","itemListElement":[{"@type":"ListItem","position":1,"name":"Accueil","item":"https:\/\/www.webdo.tn\/fr\/"},{"@type":"ListItem","position":2,"name":"Monastir : effondrement d\u2019une partie de Bab Houmet Trabelsia"}]},{"@type":"WebSite","@id":"https:\/\/www.webdo.tn\/fr\/#website","url":"https:\/\/www.webdo.tn\/fr\/","name":"webdo","description":"Tunisie - News en Tunisie et \u00e0 l&#039;international sur Webdo.tn","publisher":{"@id":"https:\/\/www.webdo.tn\/fr\/#organization"},"potentialAction":[{"@type":"SearchAction","target":{"@type":"EntryPoint","urlTemplate":"https:\/\/www.webdo.tn\/fr\/?s={search_term_string}"},"query-input":{"@type":"PropertyValueSpecification","valueRequired":true,"valueName":"search_term_string"}}],"inLanguage":"fr-FR"},{"@type":"Organization","@id":"https:\/\/www.webdo.tn\/fr\/#organization","name":"Webdo","alternateName":"Webdo.tn","url":"https:\/\/www.webdo.tn\/fr\/","logo":{"@type":"ImageObject","inLanguage":"fr-FR","@id":"https:\/\/www.webdo.tn\/fr\/#\/schema\/logo\/image\/","url":"https:\/\/www.webdo.tn\/fr\/wp-content\/uploads\/2025\/06\/Webdo-Tunisie_168377.jpg","contentUrl":"https:\/\/www.webdo.tn\/fr\/wp-content\/uploads\/2025\/06\/Webdo-Tunisie_168377.jpg","width":301,"height":301,"caption":"Webdo"},"image":{"@id":"https:\/\/www.webdo.tn\/fr\/#\/schema\/logo\/image\/"},"sameAs":["https:\/\/www.facebook.com\/webdotn","https:\/\/x.com\/webdo_tn"],"description":"Webdo est un m\u00e9dia num\u00e9rique tunisien fond\u00e9 en 2010, sp\u00e9cialis\u00e9 dans l\u2019actualit\u00e9 nationale et internationale, l\u2019\u00e9conomie, la soci\u00e9t\u00e9 et les analyses politiques. Le site s\u2019adresse \u00e0 un large public francophone et couvre l\u2019information tunisienne en temps r\u00e9el.","email":"redac@webdo.tn","legalName":"YNJ SARL","foundingDate":"2010-09-06","numberOfEmployees":{"@type":"QuantitativeValue","minValue":"11","maxValue":"50"}},{"@type":"Person","@id":"https:\/\/www.webdo.tn\/fr\/#\/schema\/person\/f16bf91e3b3c6347371884777659f9d8","name":"WB","image":{"@type":"ImageObject","inLanguage":"fr-FR","@id":"https:\/\/secure.gravatar.com\/avatar\/fd3caf00dbfd4b6d6ce43e8ea4748ed2e4d0fae2c3a87c1e2f6ba0a54c3ab5cb?s=96&d=mm&r=g","url":"https:\/\/secure.gravatar.com\/avatar\/fd3caf00dbfd4b6d6ce43e8ea4748ed2e4d0fae2c3a87c1e2f6ba0a54c3ab5cb?s=96&d=mm&r=g","contentUrl":"https:\/\/secure.gravatar.com\/avatar\/fd3caf00dbfd4b6d6ce43e8ea4748ed2e4d0fae2c3a87c1e2f6ba0a54c3ab5cb?s=96&d=mm&r=g","caption":"WB"},"url":"https:\/\/www.webdo.tn\/fr\/actualite\/author\/wb\/"}]}},"_links":{"self":[{"href":"https:\/\/www.webdo.tn\/fr\/wp-json\/wp\/v2\/posts\/210928","targetHints":{"allow":["GET"]}}],"collection":[{"href":"https:\/\/www.webdo.tn\/fr\/wp-json\/wp\/v2\/posts"}],"about":[{"href":"https:\/\/www.webdo.tn\/fr\/wp-json\/wp\/v2\/types\/post"}],"author":[{"embeddable":true,"href":"https:\/\/www.webdo.tn\/fr\/wp-json\/wp\/v2\/users\/3182"}],"replies":[{"embeddable":true,"href":"https:\/\/www.webdo.tn\/fr\/wp-json\/wp\/v2\/comments?post=210928"}],"version-history":[{"count":0,"href":"https:\/\/www.webdo.tn\/fr\/wp-json\/wp\/v2\/posts\/210928\/revisions"}],"wp:featuredmedia":[{"embeddable":true,"href":"https:\/\/www.webdo.tn\/fr\/wp-json\/wp\/v2\/media\/248472"}],"wp:attachment":[{"href":"https:\/\/www.webdo.tn\/fr\/wp-json\/wp\/v2\/media?parent=210928"}],"wp:term":[{"taxonomy":"category","embeddable":true,"href":"https:\/\/www.webdo.tn\/fr\/wp-json\/wp\/v2\/categories?post=210928"},{"taxonomy":"post_tag","embeddable":true,"href":"https:\/\/www.webdo.tn\/fr\/wp-json\/wp\/v2\/tags?post=210928"}],"curies":[{"name":"wp","href":"https:\/\/api.w.org\/{rel}","templated":true}]}}