{"id":210927,"date":"2023-12-19T11:28:00","date_gmt":"2023-12-19T11:28:00","guid":{"rendered":"https:\/\/www.webdo.tn\/fr\/blog\/el-gouna-2023-master-class-du-realisateur-marwan-hamed\/210927\/"},"modified":"2025-05-21T08:56:16","modified_gmt":"2025-05-21T08:56:16","slug":"el-gouna-2023-master-class-du-realisateur-marwan-hamed","status":"publish","type":"post","link":"https:\/\/www.webdo.tn\/fr\/actualite\/culture\/el-gouna-2023-master-class-du-realisateur-marwan-hamed\/210927\/","title":{"rendered":"El Gouna 2023 &#8211; Master class du r\u00e9alisateur Marwan Hamed"},"content":{"rendered":"<div class=\"single-body entry-content typography-copy\" itemprop=\"articleBody\">\n<p style=\"font-weight: bold; text-align: justify\">\n\t\t\t\t\t\t\t\t\tEl Gouna 2023 &#8211; Plong\u00e9e dans l&rsquo;univers cin\u00e9matographique du r\u00e9alisateur \u00e9gyptien Marwan Hamed : retour sur sa carri\u00e8re et ses anecdotes.\n\t\t\t\t\t\t\t\t<\/p>\n<div class=\"coprs\" style=\"text-align: center\"><\/div>\n<div class=\"coprs\" style=\"text-align: justify\">\n<p><span><span>La 6\u00e8me \u00e9dition du Festival du Film d\u2019El Gouna (GFF), qui se d\u00e9roule du 14 au 21 d\u00e9cembre 2023, a \u00e9t\u00e9 marqu\u00e9e par une c\u00e9r\u00e9monie d&rsquo;ouverture exceptionnelle, <a href=\"https:\/\/www.webdo.tn\/fr\/actualite\/culture\/gff-2023-marwan-hamed\/207447\">r\u00e9compensant le r\u00e9alisateur \u00e9gyptien Marwan Hamed d&rsquo;un prestigieux Prix d\u2019honneur pour l&rsquo;ensemble de sa carri\u00e8re<\/a>. En suivant cette reconnaissance, une master class captivante a \u00e9t\u00e9 organis\u00e9e, offrant aux cin\u00e9philes une occasion unique d&rsquo;explorer l&rsquo;univers du cin\u00e9aste et de plonger dans les coulisses de sa carri\u00e8re prolifique.<\/span><\/span><\/p>\n<p><span><span><strong>Qui est Marwan Hamed ?<\/strong><\/span><\/span><\/p>\n<p><span><span>Marwan Hamed, figure \u00e9minente du cin\u00e9ma \u00e9gyptien, a \u00e9merg\u00e9 comme l&rsquo;un des r\u00e9alisateurs les plus talentueux et respect\u00e9s de sa g\u00e9n\u00e9ration. Dipl\u00f4m\u00e9 de l&rsquo;Institut Sup\u00e9rieur du Cin\u00e9ma en 1999, il a d\u00e9but\u00e9 son parcours avec le court m\u00e9trage captivant <em>Lilly<\/em> (2001) adapt\u00e9 d&rsquo;une nouvelle de Yusuf Idris. Ce film a remport\u00e9 des r\u00e9compenses prestigieuses, annon\u00e7ant le talent exceptionnel de Hamed.<\/span><\/span><\/p>\n<p><span><span>En 2006, il a r\u00e9alis\u00e9 son premier long m\u00e9trage, <em>L&rsquo;Immeuble Yacoubian<\/em>, une adaptation du best-seller d&rsquo;Alaa Al Aswany. Ce film au succ\u00e8s international, a conquis le public et la critique, marquant le d\u00e9but d&rsquo;une filmographie diversifi\u00e9e qui explore diff\u00e9rents genres, du drame psychologique \u00e0 l&rsquo;action et au myst\u00e8re.<\/span><\/span><\/p>\n<p><span><span>Marwan Hamed a continu\u00e9 \u00e0 marquer l&rsquo;industrie cin\u00e9matographique avec des succ\u00e8s tels que <em>L&rsquo;\u00c9l\u00e9phant Bleu<\/em> (2014), <em>Ibrahim Labyad<\/em> (2009), <em>El-Asleyeen<\/em> (2017), et son triomphe le plus r\u00e9cent, <em>Kira Wa Al-Gin<\/em> (2022), une adaptation du roman <em>1919<\/em> d\u2019Ahmed Mourad. <em>Kira Wa Al-Gin<\/em> a \u00e9t\u00e9 le film le plus rentable du cin\u00e9ma \u00e9gyptien. <\/span><\/span><\/p>\n<p><span><span><strong>Un voyage immersif dans l&rsquo;art cin\u00e9matographique<\/strong><\/span><\/span><\/p>\n<p><span><span>La master class avec Marwan Hamed, organis\u00e9e le lendemain de <a href=\"https:\/\/www.webdo.tn\/fr\/actualite\/culture\/ceremonie-d-ouverture-du-festival-du-film-d-el-gouna-2023-dignite-solidarite-et-sobriete\/210829\">la c\u00e9r\u00e9monie d\u2019ouverture du Festival du Film d\u2019El Gouna<\/a>, a offert un regard profond et intime sur la carri\u00e8re du r\u00e9alisateur \u00e9gyptien. Anim\u00e9e avec brio par Alaa Karkouti de la soci\u00e9t\u00e9 Mad Solution, cette session a \u00e9t\u00e9 bien plus qu&rsquo;une simple discussion ; elle a \u00e9t\u00e9 une plong\u00e9e immersive dans l&rsquo;univers cr\u00e9atif de Marwan Hamed.<\/span><\/span><\/p>\n<p><span><span><strong>Un public prestigieux et des invit\u00e9s \u00e9minents<\/strong><\/span><\/span><\/p>\n<p><span><span>L\u2019amphith\u00e9\u00e2tre a accueilli un public vari\u00e9, compos\u00e9 de cin\u00e9astes, de sc\u00e9naristes, d&rsquo;acteurs renomm\u00e9s, et de passionn\u00e9s du cin\u00e9ma. Parmi les invit\u00e9s \u00e9minents figuraient les r\u00e9alisateurs Yousry Nasrallah, Hany Khalifa, Kheidr Mohamed Kheidr et Sherif El Bendary, les sc\u00e9naristes Tamer Habib et Mariam Naoum, les acteurs <a href=\"https:\/\/www.webdo.tn\/fr\/actualite\/culture\/master-class-de-yousra-au-festival-d-el-gouna-cinema-passion-et-confidences\/210887\">Yousra<\/a>, Salwa Mohamed Aly, Hana Chiha, Ahmed Dach et Mohamed Farrag, et bien d&rsquo;autres personnalit\u00e9s du monde cin\u00e9matographique.<\/span><\/span><\/p>\n<p><span><span><strong>Avez-vous ou pas fait des \u00e9tudes de cin\u00e9ma? <\/strong><\/span><\/span><\/p>\n<p><span><span>J&rsquo;ai fait mes \u00e9tudes \u00e0 l&rsquo;Institut Sup\u00e9rieur du Cin\u00e9ma du Caire et c&rsquo;est une exp\u00e9rience tr\u00e8s importante et enrichissante pour moi. Cette p\u00e9riode a \u00e9t\u00e9 cruciale pour \u00e9tablir les bases de mon amour pour le cin\u00e9ma et de ma compr\u00e9hension profonde de l&rsquo;art cin\u00e9matographique. En plus, j\u2019ai eu le chance d&rsquo;y avoir fait la connaissance de grands professeurs qui m\u2019ont \u00e9norm\u00e9ment influenc\u00e9 et m\u2019ont beaucoup appris. <\/span><\/span><\/p>\n<p><span><span>Ceci dit, faire des \u00e9tudes de cin\u00e9ma n&rsquo;est pas une condition pour faire des films, l&rsquo;essentiel est d&rsquo;\u00eatre passionn\u00e9 et d&rsquo;aimer le cin\u00e9ma et de se former continuellement, parce que le cin\u00e9ma \u00e9volue en permanence et il faut \u00eatre toujours \u00e0 jour sur tous les plans, y compris technologique. La passion permet cela. Il faut aussi avoir la curiosit\u00e9 de regarder \u00e9norm\u00e9ment de films aussi en continu. De tous pays, et de genres diff\u00e9rents, y compris ceux qu\u2019on n&rsquo;aime pas. <\/span><\/span><\/p>\n<p><span><span>Je me tiens toujours au courant, en fait je fais de la formation continue, sans oublier que les gens eux-m\u00eames \u00e9voluent et changent. Il faut rester en permanence curieux, curieux de tout et tous. Le cin\u00e9ma est en fait une qu\u00eate perp\u00e9tuelle. <\/span><\/span><\/p>\n<p><span><span>Par ailleurs chaque exp\u00e9rience de tournage est un apprentissage nouveau.<\/span><\/span><\/p>\n<p>\u00a0<\/p>\n<p><img decoding=\"async\" alt=\"\" height=\"720\" src=\"\/assets\/uploads\/images\/\/Neila\/GFF%202023%20Marwan%20Hamed%20Conf(1).jpeg\" width=\"1080\"><\/p>\n<p>\u00a0<\/p>\n<p><span><span><strong>Comment choisissez-vous vos projets? <\/strong><\/span><\/span><\/p>\n<p><span><span>Il n&rsquo;y a personne qui puisse pr\u00e9dire \u00e0 l&rsquo;avance si un film sera bon ou pas. Il faut donc essayer de le faire. Personnellement lorsque j&rsquo;ai une id\u00e9e, je la creuse, elle m&rsquo;ensorcelle, elle me hante. Je peux rester \u00e0 travailler deux ans sur une id\u00e9e. Bien s\u00fbr, je ne pourrais pr\u00e9dire que cela sera une r\u00e9ussite. <\/span><\/span><\/p>\n<p><span><span>Pour <em>Ibrahim Labyad<\/em> (2009), je suis rest\u00e9 8 ans \u00e0 essayer de faire ce film. J&rsquo;\u00e9tais s\u00fbr que je pourrais en faire quelque chose de bon. 8 ans, c\u2019est long, mais j\u2019ai tenu bon. <\/span><\/span><\/p>\n<p><span><span>Une grande partie des travaux que je veux faire sont des choix non pr\u00e9m\u00e9dit\u00e9s. Je ne fais pas expr\u00e8s, cela vient comme \u00e7a. Mon p\u00e8re par exemple, le sc\u00e9nariste Wahid Hamed, avait eu une vie tr\u00e8s riches d&rsquo;exp\u00e9riences, ayant v\u00e9cu une p\u00e9riode historique tr\u00e8s importante, de son d\u00e9m\u00e9nagement de la campagne \u00e0 la ville jusqu\u2019\u00e0 son service militaire pendant la guerre de 1967, l\u2019ind\u00e9pendance de l\u2019\u00c9gypte et les diverses \u00e9volutions de la soci\u00e9t\u00e9s \u00e9gyptienne, et cela se ressentait dans son travail qui s\u2019en inspirait constamment. Ce n&rsquo;est pas mon cas, je n&rsquo;ai pas cette exp\u00e9rience, donc je travaille <span>surtout sur des questions que je me pose et qui m&rsquo;int\u00e9ressent. Je cherche des sujets qui ajoutent quelque chose \u00e0 ma vie, suscitent ma passion, et m\u00e9ritent mon engagement. J\u2019ai un d\u00e9sir constant de rechercher des sujets qui ouvrent des mondes inconnus, transformant ainsi chaque projet en une aventure exploratoire.<\/span><\/span><\/span><\/p>\n<p><span><span><strong>Pourquoi ce temps de pr\u00e9paration si long parfois\u00a0? <\/strong><\/span><\/span><\/p>\n<p><span><span>Lorsque j&rsquo;ai eu le projet <em>Ibrahim Labyad<\/em>, le sc\u00e9nario \u00e9tait tr\u00e8s tr\u00e8s bien \u00e9crit et bien document\u00e9. Le sc\u00e9nariste m&rsquo;avait m\u00eame donn\u00e9 un gros dossiers qui racontait ce monde et ces personnages, cela m&rsquo;a int\u00e9ress\u00e9. Je m\u2019\u00e9tais approfondi dans le sujet et j&rsquo;avais compris ce monde&#8230; c&rsquo;est au moment o\u00f9 je comprends profond\u00e9ment les personnages que je commence \u00e0 pouvoir faire le film. <\/span><\/span><\/p>\n<p><span><span>Pour le film <em>Immeuble Yacoubian<\/em>, j\u2019ai eu quelques petits probl\u00e8mes qui m\u2019ont pris du temps \u00e0 r\u00e9soudre. Par exemple, je voulais tourner dans le vrai immeuble Yacoubian, pour coller encore plus au livre et \u00e0 l\u2019histoire, mais impossible de trouver un accord avec le propri\u00e9taire. Mon assistant m&rsquo;a alors inform\u00e9 qu&rsquo;il avait trouv\u00e9 un immeuble voisin, qui correspondait encore plus parfaitement \u00e0 l&rsquo;histoire du film. Et c\u2019est l\u00e0 que nous avons tourn\u00e9. Parfois donc un probl\u00e8me peut donner un r\u00e9sultat meilleur, m\u00eame s\u2019il fait perdre du temps. <\/span><\/span><\/p>\n<p><span><span>La r\u00e9alisation m&rsquo;accapare en permanence, elle m\u2019habite, je peux par exemple un jour voir un d\u00e9cor qui me plait, penser qu\u2019il pourrait \u00eatre un tr\u00e8s beau d\u00e9cor pour un film futur. Il restera dans ma m\u00e9moire dans un coin jusqu\u2019au jour o\u00f9 je trouverais comment m&rsquo;en servir. <\/span><\/span><\/p>\n<p><span><span><strong>Quelles sont vos r\u00e9f\u00e9rences pour faire des films?<\/strong><\/span><\/span><\/p>\n<p><span><span>Lorsque je vais commencer un film, je commence par l&rsquo;\u00e9tude. Par exemple pour <em>Turab El Mass<\/em> (2018), c&rsquo;\u00e9tait la premi\u00e8re fois que je tournais un suspense, j&rsquo;avais donc pass\u00e9 des mois \u00e0 regarder des films d&rsquo;Hitchcock et d&rsquo;autres r\u00e9alisateurs sp\u00e9cialistes du suspense et \u00e0 lire sur la r\u00e9alisation de films suspense. En <em>fait<\/em>, tr\u00e8s souvent je reprends mes cours acad\u00e9miques \u00e9tudi\u00e9s \u00e0 l&rsquo;\u00e9cole pour me les remettre en m\u00e9moire. <\/span><\/span><\/p>\n<p><span><span>Durant ma jeunesse, j&rsquo;ai visionn\u00e9 \u00e0 plusieurs reprises des films tels que <em>Al Motarad<\/em> (1985) de Samir Seif, ainsi que des films des ann\u00e9es 80 et 90 qui se distinguaient par leur qualit\u00e9 remarquable, \u00e0 l&rsquo;instar du film <em>Al Bedaya<\/em> (1986) du grand r\u00e9alisateur Salah Abou Seif.<\/span><\/span><\/p>\n<p><span><span>J&rsquo;essaye de me diversifier et de d\u00e9couvrir en permanence. <\/span><\/span><\/p>\n<p><span><span>A la fin de mon film <em>El-Asleyeen<\/em> (2017), je me suis aper\u00e7u que je ne l&rsquo;avais pas bien fini, que des d\u00e9tails n\u2019\u00e9taient pas clairs&#8230; J&rsquo;ai essay\u00e9 par la suite de rem\u00e9dier \u00e0 cela dans mes films suivants. En fait il faut essayer de pr\u00e9voir comment le public verra le film et le comprendra&#8230; <em>El Asleyeen <\/em>m&rsquo;a fait comprendre que je dois \u00eatre plus clair dans ce que je dis, plus accessible, avec un langage cin\u00e9matographique clair.<\/span><\/span><\/p>\n<p><span><span><strong>Comment choisissez-vous vos acteurs\u00a0?<\/strong><\/span><\/span><\/p>\n<p><span><span>L&rsquo;acteur est tr\u00e8s tr\u00e8s important, il est un pilier fondamental du film. Je vais vous raconter une anecdote\u00a0: l\u2019actrice Yousra dans <em>L\u2019immeuble Yacoubian<\/em> qui avait tellement bien pr\u00e9par\u00e9 son r\u00f4le qu&rsquo;il en est devenu important. A l\u2019origine, Yousra devait juste jouer 5 sc\u00e8nes, qui n\u2019\u00e9taient pas tr\u00e8s importantes. D\u2019ailleurs au d\u00e9but, elle n\u2019avait m\u00eame pas accept\u00e9 ce petit r\u00f4le. Apr\u00e8s avoir lu le sc\u00e9nario, elle avait fini par accepter. Mais elle s\u2019\u00e9tait totalement investie dans le r\u00f4le et l\u2019avait \u00e9tudi\u00e9 profond\u00e9ment. Elle avait appris les mani\u00e8res de Mme Christine, qu\u2019elle l\u2019avait parfaitement incarn\u00e9e. Du coup, ce personnage \u00e9tait devenu important dans le film gr\u00e2ce \u00e0 cette interpr\u00e9tation de Yousra. <\/span><\/span><\/p>\n<p><span><span>Tous les acteurs avec lesquels j&rsquo;ai travaill\u00e9 ont \u00e9t\u00e9 extraordinaires, ils ont tous tr\u00e8s bien travaill\u00e9 leurs r\u00f4les et ont fait \u00e9norm\u00e9ment d&rsquo;efforts. Ils ont su \u00eatre tr\u00e8s sinc\u00e8res. <\/span><\/span><\/p>\n<p><span><span>J&rsquo;ai fait avec Hend Sabry 4 films et elle a su \u00eatre \u00e0 chaque fois \u00eatre tr\u00e8s diff\u00e9rente et fournir un travail extraordinairement <\/span><\/span><\/p>\n<p><span><span><strong>Quelle est pour vous la p\u00e9riode la plus importante dans l\u2019\u00e9laboration d\u2019un film\u00a0?<\/strong><\/span><\/span><\/p>\n<p><span><span>J&rsquo;adore la p\u00e9riode du montage. Je finis le tournage et commencent alors les questionnements: est-ce que ce film sera bien achev\u00e9 ou pas? Est-ce qu&rsquo;il sera clair ou pas\u00a0? Est-ce qu&rsquo;il a \u00e9t\u00e9 bien imagin\u00e9? Est-ce comme avant le tournage? Est-ce mieux? Est-ce que le d\u00e9coupage pr\u00e9vu \u00e9tait le bon, faut-il changer\u00a0?<\/span><\/span><\/p>\n<p><span><span>On tourne pendant une longue p\u00e9riode des sc\u00e8nes \u00e9parpill\u00e9es et c\u2019est pendant le montage que cela devient clair et je peux voir o\u00f9 je peux aller exactement. <\/span><\/span><\/p>\n<p><span><span>Pour moi la meilleure p\u00e9riode est celle du montage parce que je vois le film en train de r\u00e9ellement na\u00eetre et de prendre forme, c\u2019est le moment o\u00f9 le film \u00e9merge r\u00e9ellement du processus cr\u00e9atif.<\/p>\n<p><strong>Ne\u00efla Driss<\/strong><\/span><\/span><\/p>\n<p>\u00a0<\/p>\n<p>\u00a0<\/p>\n<p>\u00a0<\/p>\n<\/p><\/div>\n<div class=\"coprs\" style=\"text-align: center\"><\/div><\/div>\n","protected":false},"excerpt":{"rendered":"<p>El Gouna 2023 &#8211; Plong\u00e9e dans l&rsquo;univers cin\u00e9matographique du r\u00e9alisateur \u00e9gyptien Marwan Hamed : retour sur sa carri\u00e8re et ses anecdotes.<\/p>\n","protected":false},"author":3164,"featured_media":248474,"comment_status":"open","ping_status":"closed","sticky":false,"template":"","format":"standard","meta":{"footnotes":""},"categories":[2594],"tags":[3258,3259,7280,7357],"class_list":["post-210927","post","type-post","status-publish","format-standard","has-post-thumbnail","hentry","category-culture","tag-festival-du-film-del-gouna","tag-gff","tag-gff-2023","tag-marwan-hamed"],"yoast_head":"<!-- This site is optimized with the Yoast SEO Premium plugin v27.5 (Yoast SEO v27.5) - https:\/\/yoast.com\/product\/yoast-seo-premium-wordpress\/ -->\n<title>El Gouna 2023 - Master class du r\u00e9alisateur Marwan Hamed<\/title>\n<meta name=\"description\" content=\"El Gouna 2023 - Plong\u00e9e dans l&#039;univers cin\u00e9matographique du r\u00e9alisateur \u00e9gyptien Marwan Hamed : retour sur sa carri\u00e8re et ses anecdotes.\" \/>\n<link rel=\"canonical\" href=\"https:\/\/www.webdo.tn\/fr\/actualite\/culture\/el-gouna-2023-master-class-du-realisateur-marwan-hamed\/210927\/\" \/>\n<meta property=\"og:locale\" content=\"fr_FR\" \/>\n<meta property=\"og:type\" content=\"article\" \/>\n<meta property=\"og:title\" content=\"El Gouna 2023 - Master class du r\u00e9alisateur Marwan Hamed\" \/>\n<meta property=\"og:description\" content=\"El Gouna 2023 - Plong\u00e9e dans l&#039;univers cin\u00e9matographique du r\u00e9alisateur \u00e9gyptien Marwan Hamed : retour sur sa carri\u00e8re et ses anecdotes.\" \/>\n<meta property=\"og:url\" content=\"https:\/\/www.webdo.tn\/fr\/actualite\/culture\/el-gouna-2023-master-class-du-realisateur-marwan-hamed\/210927\/\" \/>\n<meta property=\"og:site_name\" content=\"webdo\" \/>\n<meta property=\"article:publisher\" content=\"https:\/\/www.facebook.com\/webdotn\" \/>\n<meta property=\"article:author\" content=\"https:\/\/www.facebook.com\/massir.destiniii\/\" \/>\n<meta property=\"article:published_time\" content=\"2023-12-19T11:28:00+00:00\" \/>\n<meta property=\"article:modified_time\" content=\"2025-05-21T08:56:16+00:00\" \/>\n<meta property=\"og:image\" content=\"https:\/\/www.webdo.tn\/fr\/wp-content\/uploads\/2023\/12\/0b79eba41e28005e4ca8c8d5267d0afa.jpeg\" \/>\n\t<meta property=\"og:image:width\" content=\"750\" \/>\n\t<meta property=\"og:image:height\" content=\"400\" \/>\n\t<meta property=\"og:image:type\" content=\"image\/jpeg\" \/>\n<meta name=\"author\" content=\"Ne\u00efla DRISS\" \/>\n<meta name=\"twitter:card\" content=\"summary_large_image\" \/>\n<meta name=\"twitter:creator\" content=\"@https:\/\/x.com\/MassirDestin\" \/>\n<meta name=\"twitter:site\" content=\"@webdo_tn\" \/>\n<meta name=\"twitter:label1\" content=\"\u00c9crit par\" \/>\n\t<meta name=\"twitter:data1\" content=\"Ne\u00efla DRISS\" \/>\n\t<meta name=\"twitter:label2\" content=\"Dur\u00e9e de lecture estim\u00e9e\" \/>\n\t<meta name=\"twitter:data2\" content=\"9 minutes\" \/>\n<script type=\"application\/ld+json\" class=\"yoast-schema-graph\">{\"@context\":\"https:\\\/\\\/schema.org\",\"@graph\":[{\"@type\":\"NewsArticle\",\"@id\":\"https:\\\/\\\/www.webdo.tn\\\/fr\\\/actualite\\\/culture\\\/el-gouna-2023-master-class-du-realisateur-marwan-hamed\\\/210927\\\/#article\",\"isPartOf\":{\"@id\":\"https:\\\/\\\/www.webdo.tn\\\/fr\\\/actualite\\\/culture\\\/el-gouna-2023-master-class-du-realisateur-marwan-hamed\\\/210927\\\/\"},\"author\":{\"name\":\"Ne\u00efla DRISS\",\"@id\":\"https:\\\/\\\/www.webdo.tn\\\/fr\\\/#\\\/schema\\\/person\\\/60d5ba619ed3f58783b0dc82b7dada80\"},\"headline\":\"El Gouna 2023 &#8211; Master class du r\u00e9alisateur Marwan Hamed\",\"datePublished\":\"2023-12-19T11:28:00+00:00\",\"dateModified\":\"2025-05-21T08:56:16+00:00\",\"mainEntityOfPage\":{\"@id\":\"https:\\\/\\\/www.webdo.tn\\\/fr\\\/actualite\\\/culture\\\/el-gouna-2023-master-class-du-realisateur-marwan-hamed\\\/210927\\\/\"},\"wordCount\":1811,\"commentCount\":0,\"publisher\":{\"@id\":\"https:\\\/\\\/www.webdo.tn\\\/fr\\\/#organization\"},\"image\":{\"@id\":\"https:\\\/\\\/www.webdo.tn\\\/fr\\\/actualite\\\/culture\\\/el-gouna-2023-master-class-du-realisateur-marwan-hamed\\\/210927\\\/#primaryimage\"},\"thumbnailUrl\":\"https:\\\/\\\/www.webdo.tn\\\/fr\\\/wp-content\\\/uploads\\\/2023\\\/12\\\/0b79eba41e28005e4ca8c8d5267d0afa.jpeg\",\"keywords\":[\"Festival du Film d'El Gouna\",\"GFF\",\"GFF 2023\",\"Marwan Hamed\"],\"articleSection\":[\"Culture\"],\"inLanguage\":\"fr-FR\"},{\"@type\":\"WebPage\",\"@id\":\"https:\\\/\\\/www.webdo.tn\\\/fr\\\/actualite\\\/culture\\\/el-gouna-2023-master-class-du-realisateur-marwan-hamed\\\/210927\\\/\",\"url\":\"https:\\\/\\\/www.webdo.tn\\\/fr\\\/actualite\\\/culture\\\/el-gouna-2023-master-class-du-realisateur-marwan-hamed\\\/210927\\\/\",\"name\":\"El Gouna 2023 - Master class du r\u00e9alisateur Marwan Hamed\",\"isPartOf\":{\"@id\":\"https:\\\/\\\/www.webdo.tn\\\/fr\\\/#website\"},\"primaryImageOfPage\":{\"@id\":\"https:\\\/\\\/www.webdo.tn\\\/fr\\\/actualite\\\/culture\\\/el-gouna-2023-master-class-du-realisateur-marwan-hamed\\\/210927\\\/#primaryimage\"},\"image\":{\"@id\":\"https:\\\/\\\/www.webdo.tn\\\/fr\\\/actualite\\\/culture\\\/el-gouna-2023-master-class-du-realisateur-marwan-hamed\\\/210927\\\/#primaryimage\"},\"thumbnailUrl\":\"https:\\\/\\\/www.webdo.tn\\\/fr\\\/wp-content\\\/uploads\\\/2023\\\/12\\\/0b79eba41e28005e4ca8c8d5267d0afa.jpeg\",\"datePublished\":\"2023-12-19T11:28:00+00:00\",\"dateModified\":\"2025-05-21T08:56:16+00:00\",\"description\":\"El Gouna 2023 - Plong\u00e9e dans l'univers cin\u00e9matographique du r\u00e9alisateur \u00e9gyptien Marwan Hamed : retour sur sa carri\u00e8re et ses anecdotes.\",\"breadcrumb\":{\"@id\":\"https:\\\/\\\/www.webdo.tn\\\/fr\\\/actualite\\\/culture\\\/el-gouna-2023-master-class-du-realisateur-marwan-hamed\\\/210927\\\/#breadcrumb\"},\"inLanguage\":\"fr-FR\",\"potentialAction\":[{\"@type\":\"ReadAction\",\"target\":[\"https:\\\/\\\/www.webdo.tn\\\/fr\\\/actualite\\\/culture\\\/el-gouna-2023-master-class-du-realisateur-marwan-hamed\\\/210927\\\/\"]}]},{\"@type\":\"ImageObject\",\"inLanguage\":\"fr-FR\",\"@id\":\"https:\\\/\\\/www.webdo.tn\\\/fr\\\/actualite\\\/culture\\\/el-gouna-2023-master-class-du-realisateur-marwan-hamed\\\/210927\\\/#primaryimage\",\"url\":\"https:\\\/\\\/www.webdo.tn\\\/fr\\\/wp-content\\\/uploads\\\/2023\\\/12\\\/0b79eba41e28005e4ca8c8d5267d0afa.jpeg\",\"contentUrl\":\"https:\\\/\\\/www.webdo.tn\\\/fr\\\/wp-content\\\/uploads\\\/2023\\\/12\\\/0b79eba41e28005e4ca8c8d5267d0afa.jpeg\",\"width\":750,\"height\":400,\"caption\":\"El Gouna 2023 - Master class du r\u00e9alisateur Marwan Hamed\"},{\"@type\":\"BreadcrumbList\",\"@id\":\"https:\\\/\\\/www.webdo.tn\\\/fr\\\/actualite\\\/culture\\\/el-gouna-2023-master-class-du-realisateur-marwan-hamed\\\/210927\\\/#breadcrumb\",\"itemListElement\":[{\"@type\":\"ListItem\",\"position\":1,\"name\":\"Accueil\",\"item\":\"https:\\\/\\\/www.webdo.tn\\\/fr\\\/\"},{\"@type\":\"ListItem\",\"position\":2,\"name\":\"El Gouna 2023 &#8211; Master class du r\u00e9alisateur Marwan Hamed\"}]},{\"@type\":\"WebSite\",\"@id\":\"https:\\\/\\\/www.webdo.tn\\\/fr\\\/#website\",\"url\":\"https:\\\/\\\/www.webdo.tn\\\/fr\\\/\",\"name\":\"webdo\",\"description\":\"Tunisie - News en Tunisie et \u00e0 l&#039;international sur Webdo.tn\",\"publisher\":{\"@id\":\"https:\\\/\\\/www.webdo.tn\\\/fr\\\/#organization\"},\"potentialAction\":[{\"@type\":\"SearchAction\",\"target\":{\"@type\":\"EntryPoint\",\"urlTemplate\":\"https:\\\/\\\/www.webdo.tn\\\/fr\\\/?s={search_term_string}\"},\"query-input\":{\"@type\":\"PropertyValueSpecification\",\"valueRequired\":true,\"valueName\":\"search_term_string\"}}],\"inLanguage\":\"fr-FR\"},{\"@type\":\"Organization\",\"@id\":\"https:\\\/\\\/www.webdo.tn\\\/fr\\\/#organization\",\"name\":\"Webdo\",\"alternateName\":\"Webdo.tn\",\"url\":\"https:\\\/\\\/www.webdo.tn\\\/fr\\\/\",\"logo\":{\"@type\":\"ImageObject\",\"inLanguage\":\"fr-FR\",\"@id\":\"https:\\\/\\\/www.webdo.tn\\\/fr\\\/#\\\/schema\\\/logo\\\/image\\\/\",\"url\":\"https:\\\/\\\/www.webdo.tn\\\/fr\\\/wp-content\\\/uploads\\\/2025\\\/06\\\/Webdo-Tunisie_168377.jpg\",\"contentUrl\":\"https:\\\/\\\/www.webdo.tn\\\/fr\\\/wp-content\\\/uploads\\\/2025\\\/06\\\/Webdo-Tunisie_168377.jpg\",\"width\":301,\"height\":301,\"caption\":\"Webdo\"},\"image\":{\"@id\":\"https:\\\/\\\/www.webdo.tn\\\/fr\\\/#\\\/schema\\\/logo\\\/image\\\/\"},\"sameAs\":[\"https:\\\/\\\/www.facebook.com\\\/webdotn\",\"https:\\\/\\\/x.com\\\/webdo_tn\"],\"description\":\"Webdo est un m\u00e9dia num\u00e9rique tunisien fond\u00e9 en 2010, sp\u00e9cialis\u00e9 dans l\u2019actualit\u00e9 nationale et internationale, l\u2019\u00e9conomie, la soci\u00e9t\u00e9 et les analyses politiques. Le site s\u2019adresse \u00e0 un large public francophone et couvre l\u2019information tunisienne en temps r\u00e9el.\",\"email\":\"redac@webdo.tn\",\"legalName\":\"YNJ SARL\",\"foundingDate\":\"2010-09-06\",\"numberOfEmployees\":{\"@type\":\"QuantitativeValue\",\"minValue\":\"11\",\"maxValue\":\"50\"}},{\"@type\":\"Person\",\"@id\":\"https:\\\/\\\/www.webdo.tn\\\/fr\\\/#\\\/schema\\\/person\\\/60d5ba619ed3f58783b0dc82b7dada80\",\"name\":\"Ne\u00efla DRISS\",\"image\":{\"@type\":\"ImageObject\",\"inLanguage\":\"fr-FR\",\"@id\":\"https:\\\/\\\/www.webdo.tn\\\/fr\\\/wp-content\\\/uploads\\\/2026\\\/04\\\/neila-driss_avatar-96x96.jpg\",\"url\":\"https:\\\/\\\/www.webdo.tn\\\/fr\\\/wp-content\\\/uploads\\\/2026\\\/04\\\/neila-driss_avatar-96x96.jpg\",\"contentUrl\":\"https:\\\/\\\/www.webdo.tn\\\/fr\\\/wp-content\\\/uploads\\\/2026\\\/04\\\/neila-driss_avatar-96x96.jpg\",\"caption\":\"Ne\u00efla DRISS\"},\"description\":\"Ne\u00efla Driss est juriste, journaliste culturelle et critique de cin\u00e9ma tunisienne. Titulaire d\u2019un DEA en droit priv\u00e9 de l\u2019Universit\u00e9 Paris II et d\u2019un DESS de l\u2019IHEC Carthage, elle d\u00e9bute sa carri\u00e8re comme juriste sp\u00e9cialis\u00e9e en gestion de patrimoine immobilier. Elle s\u2019oriente ensuite vers l\u2019\u00e9criture en ligne, o\u00f9 elle se distingue d\u00e8s 2006 aux Tunisia Blog Awards, avant de se consacrer au journalisme culturel, avec une sp\u00e9cialisation dans la critique cin\u00e9matographique. Elle couvre r\u00e9guli\u00e8rement les grands festivals internationaux, notamment le Festival de Cannes, les Journ\u00e9es Cin\u00e9matographiques de Carthage et le Festival du film du Caire. Membre de l\u2019ATPCC et de la FIPRESCI, elle participe \u00e0 des jurys et initiatives internationales de critique. Depuis 2024, elle est \u00e9lectrice internationale aux Golden Globes. Facebook : https:\\\/\\\/www.facebook.com\\\/massir.destiniii\\\/ X : https:\\\/\\\/x.com\\\/MassirDestin\",\"sameAs\":[\"https:\\\/\\\/www.facebook.com\\\/massir.destiniii\\\/\",\"https:\\\/\\\/www.instagram.com\\\/neila.driss\\\/?hl=fr\",\"https:\\\/\\\/www.linkedin.com\\\/in\\\/neila-driss-22606a80\\\/\",\"https:\\\/\\\/x.com\\\/https:\\\/\\\/x.com\\\/MassirDestin\"],\"knowsAbout\":[\"Cin\u00e9ma international\",\"critique cin\u00e9matographique\",\"festivals de cin\u00e9ma\",\"journalisme culturel\"],\"knowsLanguage\":[\"Fran\u00e7ais\",\"Arabe\",\"Anglais\"],\"jobTitle\":\"Journaliste culturelle et critique de cin\u00e9ma\",\"worksFor\":\"Webdo\",\"url\":\"https:\\\/\\\/www.webdo.tn\\\/fr\\\/actualite\\\/author\\\/neila-driss\\\/\"}]}<\/script>\n<!-- \/ Yoast SEO Premium plugin. -->","yoast_head_json":{"title":"El Gouna 2023 - Master class du r\u00e9alisateur Marwan Hamed","description":"El Gouna 2023 - Plong\u00e9e dans l'univers cin\u00e9matographique du r\u00e9alisateur \u00e9gyptien Marwan Hamed : retour sur sa carri\u00e8re et ses anecdotes.","canonical":"https:\/\/www.webdo.tn\/fr\/actualite\/culture\/el-gouna-2023-master-class-du-realisateur-marwan-hamed\/210927\/","og_locale":"fr_FR","og_type":"article","og_title":"El Gouna 2023 - Master class du r\u00e9alisateur Marwan Hamed","og_description":"El Gouna 2023 - Plong\u00e9e dans l'univers cin\u00e9matographique du r\u00e9alisateur \u00e9gyptien Marwan Hamed : retour sur sa carri\u00e8re et ses anecdotes.","og_url":"https:\/\/www.webdo.tn\/fr\/actualite\/culture\/el-gouna-2023-master-class-du-realisateur-marwan-hamed\/210927\/","og_site_name":"webdo","article_publisher":"https:\/\/www.facebook.com\/webdotn","article_author":"https:\/\/www.facebook.com\/massir.destiniii\/","article_published_time":"2023-12-19T11:28:00+00:00","article_modified_time":"2025-05-21T08:56:16+00:00","og_image":[{"width":750,"height":400,"url":"https:\/\/www.webdo.tn\/fr\/wp-content\/uploads\/2023\/12\/0b79eba41e28005e4ca8c8d5267d0afa.jpeg","type":"image\/jpeg"}],"author":"Ne\u00efla DRISS","twitter_card":"summary_large_image","twitter_creator":"@https:\/\/x.com\/MassirDestin","twitter_site":"@webdo_tn","twitter_misc":{"\u00c9crit par":"Ne\u00efla DRISS","Dur\u00e9e de lecture estim\u00e9e":"9 minutes"},"schema":{"@context":"https:\/\/schema.org","@graph":[{"@type":"NewsArticle","@id":"https:\/\/www.webdo.tn\/fr\/actualite\/culture\/el-gouna-2023-master-class-du-realisateur-marwan-hamed\/210927\/#article","isPartOf":{"@id":"https:\/\/www.webdo.tn\/fr\/actualite\/culture\/el-gouna-2023-master-class-du-realisateur-marwan-hamed\/210927\/"},"author":{"name":"Ne\u00efla DRISS","@id":"https:\/\/www.webdo.tn\/fr\/#\/schema\/person\/60d5ba619ed3f58783b0dc82b7dada80"},"headline":"El Gouna 2023 &#8211; Master class du r\u00e9alisateur Marwan Hamed","datePublished":"2023-12-19T11:28:00+00:00","dateModified":"2025-05-21T08:56:16+00:00","mainEntityOfPage":{"@id":"https:\/\/www.webdo.tn\/fr\/actualite\/culture\/el-gouna-2023-master-class-du-realisateur-marwan-hamed\/210927\/"},"wordCount":1811,"commentCount":0,"publisher":{"@id":"https:\/\/www.webdo.tn\/fr\/#organization"},"image":{"@id":"https:\/\/www.webdo.tn\/fr\/actualite\/culture\/el-gouna-2023-master-class-du-realisateur-marwan-hamed\/210927\/#primaryimage"},"thumbnailUrl":"https:\/\/www.webdo.tn\/fr\/wp-content\/uploads\/2023\/12\/0b79eba41e28005e4ca8c8d5267d0afa.jpeg","keywords":["Festival du Film d'El Gouna","GFF","GFF 2023","Marwan Hamed"],"articleSection":["Culture"],"inLanguage":"fr-FR"},{"@type":"WebPage","@id":"https:\/\/www.webdo.tn\/fr\/actualite\/culture\/el-gouna-2023-master-class-du-realisateur-marwan-hamed\/210927\/","url":"https:\/\/www.webdo.tn\/fr\/actualite\/culture\/el-gouna-2023-master-class-du-realisateur-marwan-hamed\/210927\/","name":"El Gouna 2023 - Master class du r\u00e9alisateur Marwan Hamed","isPartOf":{"@id":"https:\/\/www.webdo.tn\/fr\/#website"},"primaryImageOfPage":{"@id":"https:\/\/www.webdo.tn\/fr\/actualite\/culture\/el-gouna-2023-master-class-du-realisateur-marwan-hamed\/210927\/#primaryimage"},"image":{"@id":"https:\/\/www.webdo.tn\/fr\/actualite\/culture\/el-gouna-2023-master-class-du-realisateur-marwan-hamed\/210927\/#primaryimage"},"thumbnailUrl":"https:\/\/www.webdo.tn\/fr\/wp-content\/uploads\/2023\/12\/0b79eba41e28005e4ca8c8d5267d0afa.jpeg","datePublished":"2023-12-19T11:28:00+00:00","dateModified":"2025-05-21T08:56:16+00:00","description":"El Gouna 2023 - Plong\u00e9e dans l'univers cin\u00e9matographique du r\u00e9alisateur \u00e9gyptien Marwan Hamed : retour sur sa carri\u00e8re et ses anecdotes.","breadcrumb":{"@id":"https:\/\/www.webdo.tn\/fr\/actualite\/culture\/el-gouna-2023-master-class-du-realisateur-marwan-hamed\/210927\/#breadcrumb"},"inLanguage":"fr-FR","potentialAction":[{"@type":"ReadAction","target":["https:\/\/www.webdo.tn\/fr\/actualite\/culture\/el-gouna-2023-master-class-du-realisateur-marwan-hamed\/210927\/"]}]},{"@type":"ImageObject","inLanguage":"fr-FR","@id":"https:\/\/www.webdo.tn\/fr\/actualite\/culture\/el-gouna-2023-master-class-du-realisateur-marwan-hamed\/210927\/#primaryimage","url":"https:\/\/www.webdo.tn\/fr\/wp-content\/uploads\/2023\/12\/0b79eba41e28005e4ca8c8d5267d0afa.jpeg","contentUrl":"https:\/\/www.webdo.tn\/fr\/wp-content\/uploads\/2023\/12\/0b79eba41e28005e4ca8c8d5267d0afa.jpeg","width":750,"height":400,"caption":"El Gouna 2023 - Master class du r\u00e9alisateur Marwan Hamed"},{"@type":"BreadcrumbList","@id":"https:\/\/www.webdo.tn\/fr\/actualite\/culture\/el-gouna-2023-master-class-du-realisateur-marwan-hamed\/210927\/#breadcrumb","itemListElement":[{"@type":"ListItem","position":1,"name":"Accueil","item":"https:\/\/www.webdo.tn\/fr\/"},{"@type":"ListItem","position":2,"name":"El Gouna 2023 &#8211; Master class du r\u00e9alisateur Marwan Hamed"}]},{"@type":"WebSite","@id":"https:\/\/www.webdo.tn\/fr\/#website","url":"https:\/\/www.webdo.tn\/fr\/","name":"webdo","description":"Tunisie - News en Tunisie et \u00e0 l&#039;international sur Webdo.tn","publisher":{"@id":"https:\/\/www.webdo.tn\/fr\/#organization"},"potentialAction":[{"@type":"SearchAction","target":{"@type":"EntryPoint","urlTemplate":"https:\/\/www.webdo.tn\/fr\/?s={search_term_string}"},"query-input":{"@type":"PropertyValueSpecification","valueRequired":true,"valueName":"search_term_string"}}],"inLanguage":"fr-FR"},{"@type":"Organization","@id":"https:\/\/www.webdo.tn\/fr\/#organization","name":"Webdo","alternateName":"Webdo.tn","url":"https:\/\/www.webdo.tn\/fr\/","logo":{"@type":"ImageObject","inLanguage":"fr-FR","@id":"https:\/\/www.webdo.tn\/fr\/#\/schema\/logo\/image\/","url":"https:\/\/www.webdo.tn\/fr\/wp-content\/uploads\/2025\/06\/Webdo-Tunisie_168377.jpg","contentUrl":"https:\/\/www.webdo.tn\/fr\/wp-content\/uploads\/2025\/06\/Webdo-Tunisie_168377.jpg","width":301,"height":301,"caption":"Webdo"},"image":{"@id":"https:\/\/www.webdo.tn\/fr\/#\/schema\/logo\/image\/"},"sameAs":["https:\/\/www.facebook.com\/webdotn","https:\/\/x.com\/webdo_tn"],"description":"Webdo est un m\u00e9dia num\u00e9rique tunisien fond\u00e9 en 2010, sp\u00e9cialis\u00e9 dans l\u2019actualit\u00e9 nationale et internationale, l\u2019\u00e9conomie, la soci\u00e9t\u00e9 et les analyses politiques. Le site s\u2019adresse \u00e0 un large public francophone et couvre l\u2019information tunisienne en temps r\u00e9el.","email":"redac@webdo.tn","legalName":"YNJ SARL","foundingDate":"2010-09-06","numberOfEmployees":{"@type":"QuantitativeValue","minValue":"11","maxValue":"50"}},{"@type":"Person","@id":"https:\/\/www.webdo.tn\/fr\/#\/schema\/person\/60d5ba619ed3f58783b0dc82b7dada80","name":"Ne\u00efla DRISS","image":{"@type":"ImageObject","inLanguage":"fr-FR","@id":"https:\/\/www.webdo.tn\/fr\/wp-content\/uploads\/2026\/04\/neila-driss_avatar-96x96.jpg","url":"https:\/\/www.webdo.tn\/fr\/wp-content\/uploads\/2026\/04\/neila-driss_avatar-96x96.jpg","contentUrl":"https:\/\/www.webdo.tn\/fr\/wp-content\/uploads\/2026\/04\/neila-driss_avatar-96x96.jpg","caption":"Ne\u00efla DRISS"},"description":"Ne\u00efla Driss est juriste, journaliste culturelle et critique de cin\u00e9ma tunisienne. Titulaire d\u2019un DEA en droit priv\u00e9 de l\u2019Universit\u00e9 Paris II et d\u2019un DESS de l\u2019IHEC Carthage, elle d\u00e9bute sa carri\u00e8re comme juriste sp\u00e9cialis\u00e9e en gestion de patrimoine immobilier. Elle s\u2019oriente ensuite vers l\u2019\u00e9criture en ligne, o\u00f9 elle se distingue d\u00e8s 2006 aux Tunisia Blog Awards, avant de se consacrer au journalisme culturel, avec une sp\u00e9cialisation dans la critique cin\u00e9matographique. Elle couvre r\u00e9guli\u00e8rement les grands festivals internationaux, notamment le Festival de Cannes, les Journ\u00e9es Cin\u00e9matographiques de Carthage et le Festival du film du Caire. Membre de l\u2019ATPCC et de la FIPRESCI, elle participe \u00e0 des jurys et initiatives internationales de critique. Depuis 2024, elle est \u00e9lectrice internationale aux Golden Globes. Facebook : https:\/\/www.facebook.com\/massir.destiniii\/ X : https:\/\/x.com\/MassirDestin","sameAs":["https:\/\/www.facebook.com\/massir.destiniii\/","https:\/\/www.instagram.com\/neila.driss\/?hl=fr","https:\/\/www.linkedin.com\/in\/neila-driss-22606a80\/","https:\/\/x.com\/https:\/\/x.com\/MassirDestin"],"knowsAbout":["Cin\u00e9ma international","critique cin\u00e9matographique","festivals de cin\u00e9ma","journalisme culturel"],"knowsLanguage":["Fran\u00e7ais","Arabe","Anglais"],"jobTitle":"Journaliste culturelle et critique de cin\u00e9ma","worksFor":"Webdo","url":"https:\/\/www.webdo.tn\/fr\/actualite\/author\/neila-driss\/"}]}},"_links":{"self":[{"href":"https:\/\/www.webdo.tn\/fr\/wp-json\/wp\/v2\/posts\/210927","targetHints":{"allow":["GET"]}}],"collection":[{"href":"https:\/\/www.webdo.tn\/fr\/wp-json\/wp\/v2\/posts"}],"about":[{"href":"https:\/\/www.webdo.tn\/fr\/wp-json\/wp\/v2\/types\/post"}],"author":[{"embeddable":true,"href":"https:\/\/www.webdo.tn\/fr\/wp-json\/wp\/v2\/users\/3164"}],"replies":[{"embeddable":true,"href":"https:\/\/www.webdo.tn\/fr\/wp-json\/wp\/v2\/comments?post=210927"}],"version-history":[{"count":0,"href":"https:\/\/www.webdo.tn\/fr\/wp-json\/wp\/v2\/posts\/210927\/revisions"}],"wp:featuredmedia":[{"embeddable":true,"href":"https:\/\/www.webdo.tn\/fr\/wp-json\/wp\/v2\/media\/248474"}],"wp:attachment":[{"href":"https:\/\/www.webdo.tn\/fr\/wp-json\/wp\/v2\/media?parent=210927"}],"wp:term":[{"taxonomy":"category","embeddable":true,"href":"https:\/\/www.webdo.tn\/fr\/wp-json\/wp\/v2\/categories?post=210927"},{"taxonomy":"post_tag","embeddable":true,"href":"https:\/\/www.webdo.tn\/fr\/wp-json\/wp\/v2\/tags?post=210927"}],"curies":[{"name":"wp","href":"https:\/\/api.w.org\/{rel}","templated":true}]}}