{"id":210918,"date":"2023-12-19T07:32:00","date_gmt":"2023-12-19T07:32:00","guid":{"rendered":"https:\/\/www.webdo.tn\/fr\/blog\/les-etats-unis-annoncent-une-coalition-de-10-pays-dont-le-bahrein-contre-les-attaques-des-houthis\/210918\/"},"modified":"2025-05-20T22:52:38","modified_gmt":"2025-05-20T22:52:38","slug":"les-etats-unis-annoncent-une-coalition-de-10-pays-dont-le-bahrein-contre-les-attaques-des-houthis","status":"publish","type":"post","link":"https:\/\/www.webdo.tn\/fr\/actualite\/international\/les-etats-unis-annoncent-une-coalition-de-10-pays-dont-le-bahrein-contre-les-attaques-des-houthis\/210918\/","title":{"rendered":"Les Etats-Unis annoncent une coalition de 10 pays, dont le Bahre\u00efn, contre les attaques des Houthis"},"content":{"rendered":"<p>Le ministre am\u00e9ricain de la D\u00e9fense a annonc\u00e9 hier lundi 18 d\u00e9cembre la formation en mer Rouge d\u2019une coalition de 10 pays, afin de faire face aux attaques des Houthis contre des navires sur fond de la guerre \u00e0 Gaza.\u00a0<\/p>\n<p>Lloyd Austin a expliqu\u00e9 dans un communiqu\u00e9 que la France, le Royaume-Uni, Bahre\u00efn, le Canada, l\u2019Italie, les Pays-Bas, la Norv\u00e8ge, l\u2019Espagne, et les Seychelles prendraient part \u00e0 cette coalition.<\/p>\n<p>\u00ab L\u2019escalade r\u00e9cente des attaques irresponsables des Houthis en provenance du Y\u00e9men menace la libre circulation du commerce, met en danger la vie de marins innocents et viole le droit international \u00bb, a-t-il d\u00e9clar\u00e9.\u00a0<\/p>\n<p>\u00ab C\u2019est pourquoi aujourd\u2019hui j\u2019annonce l\u2019\u00e9tablissement de l\u2019op\u00e9ration Prosperity Guardian \u00bb, a ajout\u00e9 le chef du Pentagone.<\/p>\n","protected":false},"excerpt":{"rendered":"<p>Lloyd Austin a expliqu\u00e9 dans un communiqu\u00e9 que la France, le Royaume-Uni, Bahre\u00efn, le Canada, l\u2019Italie, les Pays-Bas, la Norv\u00e8ge, l\u2019Espagne, et les Seychelles p&#8230;<\/p>\n","protected":false},"author":3175,"featured_media":289985,"comment_status":"open","ping_status":"closed","sticky":false,"template":"","format":"standard","meta":{"footnotes":""},"categories":[2598],"tags":[9900,9899,2638,2637],"class_list":["post-210918","post","type-post","status-publish","format-standard","has-post-thumbnail","hentry","category-international","tag-coalition","tag-guerre-gaza","tag-houthis","tag-yemen"],"yoast_head":"<!-- This site is optimized with the Yoast SEO Premium plugin v27.5 (Yoast SEO v27.5) - https:\/\/yoast.com\/product\/yoast-seo-premium-wordpress\/ -->\n<title>Les Etats-Unis annoncent une coalition de 10 pays, dont le Bahre\u00efn, contre les attaques des Houthis<\/title>\n<meta name=\"description\" content=\"Lloyd Austin a expliqu\u00e9 dans un communiqu\u00e9 que la France, le Royaume-Uni, Bahre\u00efn, le Canada, l\u2019Italie, les Pays-Bas, la Norv\u00e8ge, l\u2019Espagne, et les Seychelles p...\" \/>\n<link rel=\"canonical\" href=\"https:\/\/www.webdo.tn\/fr\/actualite\/international\/les-etats-unis-annoncent-une-coalition-de-10-pays-dont-le-bahrein-contre-les-attaques-des-houthis\/210918\/\" \/>\n<meta property=\"og:locale\" content=\"fr_FR\" \/>\n<meta property=\"og:type\" content=\"article\" \/>\n<meta property=\"og:title\" content=\"Les Etats-Unis annoncent une coalition de 10 pays, dont le Bahre\u00efn, contre les attaques des Houthis\" \/>\n<meta property=\"og:description\" content=\"Lloyd Austin a expliqu\u00e9 dans un communiqu\u00e9 que la France, le Royaume-Uni, Bahre\u00efn, le Canada, l\u2019Italie, les Pays-Bas, la Norv\u00e8ge, l\u2019Espagne, et les Seychelles p...\" \/>\n<meta property=\"og:url\" content=\"https:\/\/www.webdo.tn\/fr\/actualite\/international\/les-etats-unis-annoncent-une-coalition-de-10-pays-dont-le-bahrein-contre-les-attaques-des-houthis\/210918\/\" \/>\n<meta property=\"og:site_name\" content=\"webdo\" \/>\n<meta property=\"article:publisher\" content=\"https:\/\/www.facebook.com\/webdotn\" \/>\n<meta property=\"article:published_time\" content=\"2023-12-19T07:32:00+00:00\" \/>\n<meta property=\"article:modified_time\" content=\"2025-05-20T22:52:38+00:00\" \/>\n<meta property=\"og:image\" content=\"https:\/\/www.webdo.tn\/fr\/wp-content\/uploads\/2023\/12\/3e84d1e1e40a87c28bf4a7e5b28a2115.png\" \/>\n\t<meta property=\"og:image:width\" content=\"750\" \/>\n\t<meta property=\"og:image:height\" content=\"400\" \/>\n\t<meta property=\"og:image:type\" content=\"image\/png\" \/>\n<meta name=\"author\" content=\"CL\" \/>\n<meta name=\"twitter:card\" content=\"summary_large_image\" \/>\n<meta name=\"twitter:creator\" content=\"@webdo_tn\" \/>\n<meta name=\"twitter:site\" content=\"@webdo_tn\" \/>\n<meta name=\"twitter:label1\" content=\"\u00c9crit par\" \/>\n\t<meta name=\"twitter:data1\" content=\"CL\" \/>\n\t<meta name=\"twitter:label2\" content=\"Dur\u00e9e de lecture estim\u00e9e\" \/>\n\t<meta name=\"twitter:data2\" content=\"1 minute\" \/>\n<script type=\"application\/ld+json\" class=\"yoast-schema-graph\">{\"@context\":\"https:\\\/\\\/schema.org\",\"@graph\":[{\"@type\":\"NewsArticle\",\"@id\":\"https:\\\/\\\/www.webdo.tn\\\/fr\\\/actualite\\\/international\\\/les-etats-unis-annoncent-une-coalition-de-10-pays-dont-le-bahrein-contre-les-attaques-des-houthis\\\/210918\\\/#article\",\"isPartOf\":{\"@id\":\"https:\\\/\\\/www.webdo.tn\\\/fr\\\/actualite\\\/international\\\/les-etats-unis-annoncent-une-coalition-de-10-pays-dont-le-bahrein-contre-les-attaques-des-houthis\\\/210918\\\/\"},\"author\":{\"name\":\"CL\",\"@id\":\"https:\\\/\\\/www.webdo.tn\\\/fr\\\/#\\\/schema\\\/person\\\/f35b42a42c5e2511bbd282959d6385cc\"},\"headline\":\"Les Etats-Unis annoncent une coalition de 10 pays, dont le Bahre\u00efn, contre les attaques des Houthis\",\"datePublished\":\"2023-12-19T07:32:00+00:00\",\"dateModified\":\"2025-05-20T22:52:38+00:00\",\"mainEntityOfPage\":{\"@id\":\"https:\\\/\\\/www.webdo.tn\\\/fr\\\/actualite\\\/international\\\/les-etats-unis-annoncent-une-coalition-de-10-pays-dont-le-bahrein-contre-les-attaques-des-houthis\\\/210918\\\/\"},\"wordCount\":146,\"commentCount\":0,\"publisher\":{\"@id\":\"https:\\\/\\\/www.webdo.tn\\\/fr\\\/#organization\"},\"image\":{\"@id\":\"https:\\\/\\\/www.webdo.tn\\\/fr\\\/actualite\\\/international\\\/les-etats-unis-annoncent-une-coalition-de-10-pays-dont-le-bahrein-contre-les-attaques-des-houthis\\\/210918\\\/#primaryimage\"},\"thumbnailUrl\":\"https:\\\/\\\/www.webdo.tn\\\/fr\\\/wp-content\\\/uploads\\\/2023\\\/12\\\/3e84d1e1e40a87c28bf4a7e5b28a2115.png\",\"keywords\":[\"'Coalition']\",\"'Guerre Gaza'\",\"houthis\",\"y\u00e9men\"],\"articleSection\":[\"International\"],\"inLanguage\":\"fr-FR\"},{\"@type\":\"WebPage\",\"@id\":\"https:\\\/\\\/www.webdo.tn\\\/fr\\\/actualite\\\/international\\\/les-etats-unis-annoncent-une-coalition-de-10-pays-dont-le-bahrein-contre-les-attaques-des-houthis\\\/210918\\\/\",\"url\":\"https:\\\/\\\/www.webdo.tn\\\/fr\\\/actualite\\\/international\\\/les-etats-unis-annoncent-une-coalition-de-10-pays-dont-le-bahrein-contre-les-attaques-des-houthis\\\/210918\\\/\",\"name\":\"Les Etats-Unis annoncent une coalition de 10 pays, dont le Bahre\u00efn, contre les attaques des Houthis\",\"isPartOf\":{\"@id\":\"https:\\\/\\\/www.webdo.tn\\\/fr\\\/#website\"},\"primaryImageOfPage\":{\"@id\":\"https:\\\/\\\/www.webdo.tn\\\/fr\\\/actualite\\\/international\\\/les-etats-unis-annoncent-une-coalition-de-10-pays-dont-le-bahrein-contre-les-attaques-des-houthis\\\/210918\\\/#primaryimage\"},\"image\":{\"@id\":\"https:\\\/\\\/www.webdo.tn\\\/fr\\\/actualite\\\/international\\\/les-etats-unis-annoncent-une-coalition-de-10-pays-dont-le-bahrein-contre-les-attaques-des-houthis\\\/210918\\\/#primaryimage\"},\"thumbnailUrl\":\"https:\\\/\\\/www.webdo.tn\\\/fr\\\/wp-content\\\/uploads\\\/2023\\\/12\\\/3e84d1e1e40a87c28bf4a7e5b28a2115.png\",\"datePublished\":\"2023-12-19T07:32:00+00:00\",\"dateModified\":\"2025-05-20T22:52:38+00:00\",\"description\":\"Lloyd Austin a expliqu\u00e9 dans un communiqu\u00e9 que la France, le Royaume-Uni, Bahre\u00efn, le Canada, l\u2019Italie, les Pays-Bas, la Norv\u00e8ge, l\u2019Espagne, et les Seychelles p...\",\"breadcrumb\":{\"@id\":\"https:\\\/\\\/www.webdo.tn\\\/fr\\\/actualite\\\/international\\\/les-etats-unis-annoncent-une-coalition-de-10-pays-dont-le-bahrein-contre-les-attaques-des-houthis\\\/210918\\\/#breadcrumb\"},\"inLanguage\":\"fr-FR\",\"potentialAction\":[{\"@type\":\"ReadAction\",\"target\":[\"https:\\\/\\\/www.webdo.tn\\\/fr\\\/actualite\\\/international\\\/les-etats-unis-annoncent-une-coalition-de-10-pays-dont-le-bahrein-contre-les-attaques-des-houthis\\\/210918\\\/\"]}]},{\"@type\":\"ImageObject\",\"inLanguage\":\"fr-FR\",\"@id\":\"https:\\\/\\\/www.webdo.tn\\\/fr\\\/actualite\\\/international\\\/les-etats-unis-annoncent-une-coalition-de-10-pays-dont-le-bahrein-contre-les-attaques-des-houthis\\\/210918\\\/#primaryimage\",\"url\":\"https:\\\/\\\/www.webdo.tn\\\/fr\\\/wp-content\\\/uploads\\\/2023\\\/12\\\/3e84d1e1e40a87c28bf4a7e5b28a2115.png\",\"contentUrl\":\"https:\\\/\\\/www.webdo.tn\\\/fr\\\/wp-content\\\/uploads\\\/2023\\\/12\\\/3e84d1e1e40a87c28bf4a7e5b28a2115.png\",\"width\":750,\"height\":400,\"caption\":\"Les Etats-Unis annoncent une coalition de 10 pays, dont le Bahre\u00efn, contre les attaques des Houthis\"},{\"@type\":\"BreadcrumbList\",\"@id\":\"https:\\\/\\\/www.webdo.tn\\\/fr\\\/actualite\\\/international\\\/les-etats-unis-annoncent-une-coalition-de-10-pays-dont-le-bahrein-contre-les-attaques-des-houthis\\\/210918\\\/#breadcrumb\",\"itemListElement\":[{\"@type\":\"ListItem\",\"position\":1,\"name\":\"Accueil\",\"item\":\"https:\\\/\\\/www.webdo.tn\\\/fr\\\/\"},{\"@type\":\"ListItem\",\"position\":2,\"name\":\"Les Etats-Unis annoncent une coalition de 10 pays, dont le Bahre\u00efn, contre les attaques des Houthis\"}]},{\"@type\":\"WebSite\",\"@id\":\"https:\\\/\\\/www.webdo.tn\\\/fr\\\/#website\",\"url\":\"https:\\\/\\\/www.webdo.tn\\\/fr\\\/\",\"name\":\"webdo\",\"description\":\"Tunisie - News en Tunisie et \u00e0 l&#039;international sur Webdo.tn\",\"publisher\":{\"@id\":\"https:\\\/\\\/www.webdo.tn\\\/fr\\\/#organization\"},\"potentialAction\":[{\"@type\":\"SearchAction\",\"target\":{\"@type\":\"EntryPoint\",\"urlTemplate\":\"https:\\\/\\\/www.webdo.tn\\\/fr\\\/?s={search_term_string}\"},\"query-input\":{\"@type\":\"PropertyValueSpecification\",\"valueRequired\":true,\"valueName\":\"search_term_string\"}}],\"inLanguage\":\"fr-FR\"},{\"@type\":\"Organization\",\"@id\":\"https:\\\/\\\/www.webdo.tn\\\/fr\\\/#organization\",\"name\":\"Webdo\",\"alternateName\":\"Webdo.tn\",\"url\":\"https:\\\/\\\/www.webdo.tn\\\/fr\\\/\",\"logo\":{\"@type\":\"ImageObject\",\"inLanguage\":\"fr-FR\",\"@id\":\"https:\\\/\\\/www.webdo.tn\\\/fr\\\/#\\\/schema\\\/logo\\\/image\\\/\",\"url\":\"https:\\\/\\\/www.webdo.tn\\\/fr\\\/wp-content\\\/uploads\\\/2025\\\/06\\\/Webdo-Tunisie_168377.jpg\",\"contentUrl\":\"https:\\\/\\\/www.webdo.tn\\\/fr\\\/wp-content\\\/uploads\\\/2025\\\/06\\\/Webdo-Tunisie_168377.jpg\",\"width\":301,\"height\":301,\"caption\":\"Webdo\"},\"image\":{\"@id\":\"https:\\\/\\\/www.webdo.tn\\\/fr\\\/#\\\/schema\\\/logo\\\/image\\\/\"},\"sameAs\":[\"https:\\\/\\\/www.facebook.com\\\/webdotn\",\"https:\\\/\\\/x.com\\\/webdo_tn\"],\"description\":\"Webdo est un m\u00e9dia num\u00e9rique tunisien fond\u00e9 en 2010, sp\u00e9cialis\u00e9 dans l\u2019actualit\u00e9 nationale et internationale, l\u2019\u00e9conomie, la soci\u00e9t\u00e9 et les analyses politiques. Le site s\u2019adresse \u00e0 un large public francophone et couvre l\u2019information tunisienne en temps r\u00e9el.\",\"email\":\"redac@webdo.tn\",\"legalName\":\"YNJ SARL\",\"foundingDate\":\"2010-09-06\",\"numberOfEmployees\":{\"@type\":\"QuantitativeValue\",\"minValue\":\"11\",\"maxValue\":\"50\"}},{\"@type\":\"Person\",\"@id\":\"https:\\\/\\\/www.webdo.tn\\\/fr\\\/#\\\/schema\\\/person\\\/f35b42a42c5e2511bbd282959d6385cc\",\"name\":\"CL\",\"image\":{\"@type\":\"ImageObject\",\"inLanguage\":\"fr-FR\",\"@id\":\"https:\\\/\\\/secure.gravatar.com\\\/avatar\\\/1447a49909b67aa657c488aec6512e1dd6143a480c1ecfee9b5b5cd74eb3b59e?s=96&d=mm&r=g\",\"url\":\"https:\\\/\\\/secure.gravatar.com\\\/avatar\\\/1447a49909b67aa657c488aec6512e1dd6143a480c1ecfee9b5b5cd74eb3b59e?s=96&d=mm&r=g\",\"contentUrl\":\"https:\\\/\\\/secure.gravatar.com\\\/avatar\\\/1447a49909b67aa657c488aec6512e1dd6143a480c1ecfee9b5b5cd74eb3b59e?s=96&d=mm&r=g\",\"caption\":\"CL\"},\"url\":\"https:\\\/\\\/www.webdo.tn\\\/fr\\\/actualite\\\/author\\\/cl\\\/\"}]}<\/script>\n<!-- \/ Yoast SEO Premium plugin. -->","yoast_head_json":{"title":"Les Etats-Unis annoncent une coalition de 10 pays, dont le Bahre\u00efn, contre les attaques des Houthis","description":"Lloyd Austin a expliqu\u00e9 dans un communiqu\u00e9 que la France, le Royaume-Uni, Bahre\u00efn, le Canada, l\u2019Italie, les Pays-Bas, la Norv\u00e8ge, l\u2019Espagne, et les Seychelles p...","canonical":"https:\/\/www.webdo.tn\/fr\/actualite\/international\/les-etats-unis-annoncent-une-coalition-de-10-pays-dont-le-bahrein-contre-les-attaques-des-houthis\/210918\/","og_locale":"fr_FR","og_type":"article","og_title":"Les Etats-Unis annoncent une coalition de 10 pays, dont le Bahre\u00efn, contre les attaques des Houthis","og_description":"Lloyd Austin a expliqu\u00e9 dans un communiqu\u00e9 que la France, le Royaume-Uni, Bahre\u00efn, le Canada, l\u2019Italie, les Pays-Bas, la Norv\u00e8ge, l\u2019Espagne, et les Seychelles p...","og_url":"https:\/\/www.webdo.tn\/fr\/actualite\/international\/les-etats-unis-annoncent-une-coalition-de-10-pays-dont-le-bahrein-contre-les-attaques-des-houthis\/210918\/","og_site_name":"webdo","article_publisher":"https:\/\/www.facebook.com\/webdotn","article_published_time":"2023-12-19T07:32:00+00:00","article_modified_time":"2025-05-20T22:52:38+00:00","og_image":[{"width":750,"height":400,"url":"https:\/\/www.webdo.tn\/fr\/wp-content\/uploads\/2023\/12\/3e84d1e1e40a87c28bf4a7e5b28a2115.png","type":"image\/png"}],"author":"CL","twitter_card":"summary_large_image","twitter_creator":"@webdo_tn","twitter_site":"@webdo_tn","twitter_misc":{"\u00c9crit par":"CL","Dur\u00e9e de lecture estim\u00e9e":"1 minute"},"schema":{"@context":"https:\/\/schema.org","@graph":[{"@type":"NewsArticle","@id":"https:\/\/www.webdo.tn\/fr\/actualite\/international\/les-etats-unis-annoncent-une-coalition-de-10-pays-dont-le-bahrein-contre-les-attaques-des-houthis\/210918\/#article","isPartOf":{"@id":"https:\/\/www.webdo.tn\/fr\/actualite\/international\/les-etats-unis-annoncent-une-coalition-de-10-pays-dont-le-bahrein-contre-les-attaques-des-houthis\/210918\/"},"author":{"name":"CL","@id":"https:\/\/www.webdo.tn\/fr\/#\/schema\/person\/f35b42a42c5e2511bbd282959d6385cc"},"headline":"Les Etats-Unis annoncent une coalition de 10 pays, dont le Bahre\u00efn, contre les attaques des Houthis","datePublished":"2023-12-19T07:32:00+00:00","dateModified":"2025-05-20T22:52:38+00:00","mainEntityOfPage":{"@id":"https:\/\/www.webdo.tn\/fr\/actualite\/international\/les-etats-unis-annoncent-une-coalition-de-10-pays-dont-le-bahrein-contre-les-attaques-des-houthis\/210918\/"},"wordCount":146,"commentCount":0,"publisher":{"@id":"https:\/\/www.webdo.tn\/fr\/#organization"},"image":{"@id":"https:\/\/www.webdo.tn\/fr\/actualite\/international\/les-etats-unis-annoncent-une-coalition-de-10-pays-dont-le-bahrein-contre-les-attaques-des-houthis\/210918\/#primaryimage"},"thumbnailUrl":"https:\/\/www.webdo.tn\/fr\/wp-content\/uploads\/2023\/12\/3e84d1e1e40a87c28bf4a7e5b28a2115.png","keywords":["'Coalition']","'Guerre Gaza'","houthis","y\u00e9men"],"articleSection":["International"],"inLanguage":"fr-FR"},{"@type":"WebPage","@id":"https:\/\/www.webdo.tn\/fr\/actualite\/international\/les-etats-unis-annoncent-une-coalition-de-10-pays-dont-le-bahrein-contre-les-attaques-des-houthis\/210918\/","url":"https:\/\/www.webdo.tn\/fr\/actualite\/international\/les-etats-unis-annoncent-une-coalition-de-10-pays-dont-le-bahrein-contre-les-attaques-des-houthis\/210918\/","name":"Les Etats-Unis annoncent une coalition de 10 pays, dont le Bahre\u00efn, contre les attaques des Houthis","isPartOf":{"@id":"https:\/\/www.webdo.tn\/fr\/#website"},"primaryImageOfPage":{"@id":"https:\/\/www.webdo.tn\/fr\/actualite\/international\/les-etats-unis-annoncent-une-coalition-de-10-pays-dont-le-bahrein-contre-les-attaques-des-houthis\/210918\/#primaryimage"},"image":{"@id":"https:\/\/www.webdo.tn\/fr\/actualite\/international\/les-etats-unis-annoncent-une-coalition-de-10-pays-dont-le-bahrein-contre-les-attaques-des-houthis\/210918\/#primaryimage"},"thumbnailUrl":"https:\/\/www.webdo.tn\/fr\/wp-content\/uploads\/2023\/12\/3e84d1e1e40a87c28bf4a7e5b28a2115.png","datePublished":"2023-12-19T07:32:00+00:00","dateModified":"2025-05-20T22:52:38+00:00","description":"Lloyd Austin a expliqu\u00e9 dans un communiqu\u00e9 que la France, le Royaume-Uni, Bahre\u00efn, le Canada, l\u2019Italie, les Pays-Bas, la Norv\u00e8ge, l\u2019Espagne, et les Seychelles p...","breadcrumb":{"@id":"https:\/\/www.webdo.tn\/fr\/actualite\/international\/les-etats-unis-annoncent-une-coalition-de-10-pays-dont-le-bahrein-contre-les-attaques-des-houthis\/210918\/#breadcrumb"},"inLanguage":"fr-FR","potentialAction":[{"@type":"ReadAction","target":["https:\/\/www.webdo.tn\/fr\/actualite\/international\/les-etats-unis-annoncent-une-coalition-de-10-pays-dont-le-bahrein-contre-les-attaques-des-houthis\/210918\/"]}]},{"@type":"ImageObject","inLanguage":"fr-FR","@id":"https:\/\/www.webdo.tn\/fr\/actualite\/international\/les-etats-unis-annoncent-une-coalition-de-10-pays-dont-le-bahrein-contre-les-attaques-des-houthis\/210918\/#primaryimage","url":"https:\/\/www.webdo.tn\/fr\/wp-content\/uploads\/2023\/12\/3e84d1e1e40a87c28bf4a7e5b28a2115.png","contentUrl":"https:\/\/www.webdo.tn\/fr\/wp-content\/uploads\/2023\/12\/3e84d1e1e40a87c28bf4a7e5b28a2115.png","width":750,"height":400,"caption":"Les Etats-Unis annoncent une coalition de 10 pays, dont le Bahre\u00efn, contre les attaques des Houthis"},{"@type":"BreadcrumbList","@id":"https:\/\/www.webdo.tn\/fr\/actualite\/international\/les-etats-unis-annoncent-une-coalition-de-10-pays-dont-le-bahrein-contre-les-attaques-des-houthis\/210918\/#breadcrumb","itemListElement":[{"@type":"ListItem","position":1,"name":"Accueil","item":"https:\/\/www.webdo.tn\/fr\/"},{"@type":"ListItem","position":2,"name":"Les Etats-Unis annoncent une coalition de 10 pays, dont le Bahre\u00efn, contre les attaques des Houthis"}]},{"@type":"WebSite","@id":"https:\/\/www.webdo.tn\/fr\/#website","url":"https:\/\/www.webdo.tn\/fr\/","name":"webdo","description":"Tunisie - News en Tunisie et \u00e0 l&#039;international sur Webdo.tn","publisher":{"@id":"https:\/\/www.webdo.tn\/fr\/#organization"},"potentialAction":[{"@type":"SearchAction","target":{"@type":"EntryPoint","urlTemplate":"https:\/\/www.webdo.tn\/fr\/?s={search_term_string}"},"query-input":{"@type":"PropertyValueSpecification","valueRequired":true,"valueName":"search_term_string"}}],"inLanguage":"fr-FR"},{"@type":"Organization","@id":"https:\/\/www.webdo.tn\/fr\/#organization","name":"Webdo","alternateName":"Webdo.tn","url":"https:\/\/www.webdo.tn\/fr\/","logo":{"@type":"ImageObject","inLanguage":"fr-FR","@id":"https:\/\/www.webdo.tn\/fr\/#\/schema\/logo\/image\/","url":"https:\/\/www.webdo.tn\/fr\/wp-content\/uploads\/2025\/06\/Webdo-Tunisie_168377.jpg","contentUrl":"https:\/\/www.webdo.tn\/fr\/wp-content\/uploads\/2025\/06\/Webdo-Tunisie_168377.jpg","width":301,"height":301,"caption":"Webdo"},"image":{"@id":"https:\/\/www.webdo.tn\/fr\/#\/schema\/logo\/image\/"},"sameAs":["https:\/\/www.facebook.com\/webdotn","https:\/\/x.com\/webdo_tn"],"description":"Webdo est un m\u00e9dia num\u00e9rique tunisien fond\u00e9 en 2010, sp\u00e9cialis\u00e9 dans l\u2019actualit\u00e9 nationale et internationale, l\u2019\u00e9conomie, la soci\u00e9t\u00e9 et les analyses politiques. Le site s\u2019adresse \u00e0 un large public francophone et couvre l\u2019information tunisienne en temps r\u00e9el.","email":"redac@webdo.tn","legalName":"YNJ SARL","foundingDate":"2010-09-06","numberOfEmployees":{"@type":"QuantitativeValue","minValue":"11","maxValue":"50"}},{"@type":"Person","@id":"https:\/\/www.webdo.tn\/fr\/#\/schema\/person\/f35b42a42c5e2511bbd282959d6385cc","name":"CL","image":{"@type":"ImageObject","inLanguage":"fr-FR","@id":"https:\/\/secure.gravatar.com\/avatar\/1447a49909b67aa657c488aec6512e1dd6143a480c1ecfee9b5b5cd74eb3b59e?s=96&d=mm&r=g","url":"https:\/\/secure.gravatar.com\/avatar\/1447a49909b67aa657c488aec6512e1dd6143a480c1ecfee9b5b5cd74eb3b59e?s=96&d=mm&r=g","contentUrl":"https:\/\/secure.gravatar.com\/avatar\/1447a49909b67aa657c488aec6512e1dd6143a480c1ecfee9b5b5cd74eb3b59e?s=96&d=mm&r=g","caption":"CL"},"url":"https:\/\/www.webdo.tn\/fr\/actualite\/author\/cl\/"}]}},"_links":{"self":[{"href":"https:\/\/www.webdo.tn\/fr\/wp-json\/wp\/v2\/posts\/210918","targetHints":{"allow":["GET"]}}],"collection":[{"href":"https:\/\/www.webdo.tn\/fr\/wp-json\/wp\/v2\/posts"}],"about":[{"href":"https:\/\/www.webdo.tn\/fr\/wp-json\/wp\/v2\/types\/post"}],"author":[{"embeddable":true,"href":"https:\/\/www.webdo.tn\/fr\/wp-json\/wp\/v2\/users\/3175"}],"replies":[{"embeddable":true,"href":"https:\/\/www.webdo.tn\/fr\/wp-json\/wp\/v2\/comments?post=210918"}],"version-history":[{"count":0,"href":"https:\/\/www.webdo.tn\/fr\/wp-json\/wp\/v2\/posts\/210918\/revisions"}],"wp:featuredmedia":[{"embeddable":true,"href":"https:\/\/www.webdo.tn\/fr\/wp-json\/wp\/v2\/media\/289985"}],"wp:attachment":[{"href":"https:\/\/www.webdo.tn\/fr\/wp-json\/wp\/v2\/media?parent=210918"}],"wp:term":[{"taxonomy":"category","embeddable":true,"href":"https:\/\/www.webdo.tn\/fr\/wp-json\/wp\/v2\/categories?post=210918"},{"taxonomy":"post_tag","embeddable":true,"href":"https:\/\/www.webdo.tn\/fr\/wp-json\/wp\/v2\/tags?post=210918"}],"curies":[{"name":"wp","href":"https:\/\/api.w.org\/{rel}","templated":true}]}}