{"id":210903,"date":"2023-12-18T14:43:00","date_gmt":"2023-12-18T14:43:00","guid":{"rendered":"https:\/\/www.webdo.tn\/fr\/blog\/effondrement-d-une-partie-du-mur-de-la-medina-de-kairouan-ouverture-de-deux-enquetes\/210903\/"},"modified":"2025-05-20T22:11:07","modified_gmt":"2025-05-20T22:11:07","slug":"effondrement-d-une-partie-du-mur-de-la-medina-de-kairouan-ouverture-de-deux-enquetes","status":"publish","type":"post","link":"https:\/\/www.webdo.tn\/fr\/actualite\/national\/effondrement-d-une-partie-du-mur-de-la-medina-de-kairouan-ouverture-de-deux-enquetes\/210903\/","title":{"rendered":"Effondrement d\u2019une partie du mur de la m\u00e9dina de Kairouan : Ouverture de deux enqu\u00eates"},"content":{"rendered":"<p>Suite de l&rsquo;effondrement, samedi 16 d\u00e9cembre, d\u2019une partie de la fa\u00e7ade ext\u00e9rieure sud du rempart de la m\u00e9dina de Kairouan qui a fait trois morts et trois bless\u00e9s, deux enqu\u00eates, administrative et judiciaire, ont \u00e9t\u00e9 ouvertes.<\/p>\n<p>\t\t\t\t\t\t\t\t\tLa ministre des Affaires culturelles, Hayet Guettat Guermazi, a indiqu\u00e9 aux m\u00e9dias, ce lundi 18 d\u00e9cembre 2023, que son d\u00e9partement \u00ab\u00a0n&rsquo;h\u00e9sitera pas \u00e0 infliger les sanctions les plus s\u00e9v\u00e8res \u00e0 l&rsquo;encontre de toute personne dont l&rsquo;enqu\u00eate administrative prouverait la n\u00e9gligence ou la d\u00e9faillance, dans l&rsquo;accomplissement de sa mission et de ses responsabilit\u00e9s\u00a0\u00bb.<\/p>\n<p>Elle a d\u2019ailleurs soulign\u00e9 que l\u2019enqu\u00eate administrative sera ax\u00e9e sur le contr\u00f4le des travaux par l&rsquo;entreprise en charge et leur suivi par une \u00e9quipe de l&rsquo;Institut national du patrimoine (INP), parall\u00e8lement \u00e0 une enqu\u00eate judiciaire \u00e0 l&rsquo;encontre de l&rsquo;entreprise charg\u00e9e de la restauration et de la maintenance du rempart.<\/p>\n<p>Ajoutant qu&rsquo;il est certain qu&rsquo;il y a eu une erreur, elle a toutefois \u00e9voqu\u00e9 les conditions naturelles, notamment la pluie et l&rsquo;humidit\u00e9, soulignant que les voies menant au rempart ont \u00e9t\u00e9 ferm\u00e9es et que le p\u00e9rim\u00e8tre de l&rsquo;accident a \u00e9t\u00e9 s\u00e9curis\u00e9.<\/p>\n<p>Samedi, une partie de la muraille situ\u00e9e \u00e0 proximit\u00e9 de la Grande mosqu\u00e9e de Kairouan (Oqba Ibn Nafi) a c\u00e9d\u00e9 avant m\u00eame l\u2019ach\u00e8vement des travaux de sa r\u00e9novation. Selon la protection civile de Kairouan, la partie s\u2019est effondr\u00e9e sur des ouvriers et des passants.<br \/>\nLa longueur de la muraille qui est tomb\u00e9 sur les victimes est d\u2019environ 30 m\u00e8tres. En novembre 2018, une partie de cette muraille s\u2019&rsquo;\u00e9tait effondr\u00e9e sans toutefois faire de victimes.<\/p>\n","protected":false},"excerpt":{"rendered":"<p>Suite de l&rsquo;effondrement, samedi 16 d\u00e9cembre, d\u2019une partie de la fa\u00e7ade ext\u00e9rieure sud du rempart de la m\u00e9dina de Kairouan qui a fait trois morts et trois bless\u00e9&#8230;<\/p>\n","protected":false},"author":3162,"featured_media":289981,"comment_status":"open","ping_status":"closed","sticky":false,"template":"","format":"standard","meta":{"footnotes":""},"categories":[44],"tags":[9896,2871,3202,3090,3208],"class_list":["post-210903","post","type-post","status-publish","format-standard","has-post-thumbnail","hentry","category-national","tag-rempart","tag-effondrement","tag-enquete","tag-kairouan","tag-morts"],"yoast_head":"<!-- This site is optimized with the Yoast SEO Premium plugin v27.5 (Yoast SEO v27.5) - https:\/\/yoast.com\/product\/yoast-seo-premium-wordpress\/ -->\n<title>Effondrement d\u2019une partie du mur de la m\u00e9dina de Kairouan : Ouverture de deux enqu\u00eates<\/title>\n<meta name=\"description\" content=\"Suite de l&#039;effondrement, samedi 16 d\u00e9cembre, d\u2019une partie de la fa\u00e7ade ext\u00e9rieure sud du rempart de la m\u00e9dina de Kairouan qui a fait trois morts et trois bless\u00e9...\" \/>\n<link rel=\"canonical\" href=\"https:\/\/www.webdo.tn\/fr\/actualite\/national\/effondrement-d-une-partie-du-mur-de-la-medina-de-kairouan-ouverture-de-deux-enquetes\/210903\/\" \/>\n<meta property=\"og:locale\" content=\"fr_FR\" \/>\n<meta property=\"og:type\" content=\"article\" \/>\n<meta property=\"og:title\" content=\"Effondrement d\u2019une partie du mur de la m\u00e9dina de Kairouan : Ouverture de deux enqu\u00eates\" \/>\n<meta property=\"og:description\" content=\"Suite de l&#039;effondrement, samedi 16 d\u00e9cembre, d\u2019une partie de la fa\u00e7ade ext\u00e9rieure sud du rempart de la m\u00e9dina de Kairouan qui a fait trois morts et trois bless\u00e9...\" \/>\n<meta property=\"og:url\" content=\"https:\/\/www.webdo.tn\/fr\/actualite\/national\/effondrement-d-une-partie-du-mur-de-la-medina-de-kairouan-ouverture-de-deux-enquetes\/210903\/\" \/>\n<meta property=\"og:site_name\" content=\"webdo\" \/>\n<meta property=\"article:publisher\" content=\"https:\/\/www.facebook.com\/webdotn\" \/>\n<meta property=\"article:published_time\" content=\"2023-12-18T14:43:00+00:00\" \/>\n<meta property=\"article:modified_time\" content=\"2025-05-20T22:11:07+00:00\" \/>\n<meta property=\"og:image\" content=\"https:\/\/www.webdo.tn\/fr\/wp-content\/uploads\/2023\/12\/36f042cf885411daaf1c01e0e3ae5f18.jpg\" \/>\n\t<meta property=\"og:image:width\" content=\"750\" \/>\n\t<meta property=\"og:image:height\" content=\"400\" \/>\n\t<meta property=\"og:image:type\" content=\"image\/jpeg\" \/>\n<meta name=\"author\" content=\"MC\" \/>\n<meta name=\"twitter:card\" content=\"summary_large_image\" \/>\n<meta name=\"twitter:creator\" content=\"@webdo_tn\" \/>\n<meta name=\"twitter:site\" content=\"@webdo_tn\" \/>\n<meta name=\"twitter:label1\" content=\"\u00c9crit par\" \/>\n\t<meta name=\"twitter:data1\" content=\"MC\" \/>\n\t<meta name=\"twitter:label2\" content=\"Dur\u00e9e de lecture estim\u00e9e\" \/>\n\t<meta name=\"twitter:data2\" content=\"1 minute\" \/>\n<script type=\"application\/ld+json\" class=\"yoast-schema-graph\">{\"@context\":\"https:\\\/\\\/schema.org\",\"@graph\":[{\"@type\":\"NewsArticle\",\"@id\":\"https:\\\/\\\/www.webdo.tn\\\/fr\\\/actualite\\\/national\\\/effondrement-d-une-partie-du-mur-de-la-medina-de-kairouan-ouverture-de-deux-enquetes\\\/210903\\\/#article\",\"isPartOf\":{\"@id\":\"https:\\\/\\\/www.webdo.tn\\\/fr\\\/actualite\\\/national\\\/effondrement-d-une-partie-du-mur-de-la-medina-de-kairouan-ouverture-de-deux-enquetes\\\/210903\\\/\"},\"author\":{\"name\":\"MC\",\"@id\":\"https:\\\/\\\/www.webdo.tn\\\/fr\\\/#\\\/schema\\\/person\\\/2c4929cbf5a809e3bd38617c6ce150f6\"},\"headline\":\"Effondrement d\u2019une partie du mur de la m\u00e9dina de Kairouan : Ouverture de deux enqu\u00eates\",\"datePublished\":\"2023-12-18T14:43:00+00:00\",\"dateModified\":\"2025-05-20T22:11:07+00:00\",\"mainEntityOfPage\":{\"@id\":\"https:\\\/\\\/www.webdo.tn\\\/fr\\\/actualite\\\/national\\\/effondrement-d-une-partie-du-mur-de-la-medina-de-kairouan-ouverture-de-deux-enquetes\\\/210903\\\/\"},\"wordCount\":314,\"commentCount\":0,\"publisher\":{\"@id\":\"https:\\\/\\\/www.webdo.tn\\\/fr\\\/#organization\"},\"image\":{\"@id\":\"https:\\\/\\\/www.webdo.tn\\\/fr\\\/actualite\\\/national\\\/effondrement-d-une-partie-du-mur-de-la-medina-de-kairouan-ouverture-de-deux-enquetes\\\/210903\\\/#primaryimage\"},\"thumbnailUrl\":\"https:\\\/\\\/www.webdo.tn\\\/fr\\\/wp-content\\\/uploads\\\/2023\\\/12\\\/36f042cf885411daaf1c01e0e3ae5f18.jpg\",\"keywords\":[\"'rempart']\",\"effondrement\",\"Enqu\u00eate\",\"Kairouan\",\"morts\"],\"articleSection\":[\"National\"],\"inLanguage\":\"fr-FR\"},{\"@type\":\"WebPage\",\"@id\":\"https:\\\/\\\/www.webdo.tn\\\/fr\\\/actualite\\\/national\\\/effondrement-d-une-partie-du-mur-de-la-medina-de-kairouan-ouverture-de-deux-enquetes\\\/210903\\\/\",\"url\":\"https:\\\/\\\/www.webdo.tn\\\/fr\\\/actualite\\\/national\\\/effondrement-d-une-partie-du-mur-de-la-medina-de-kairouan-ouverture-de-deux-enquetes\\\/210903\\\/\",\"name\":\"Effondrement d\u2019une partie du mur de la m\u00e9dina de Kairouan : Ouverture de deux enqu\u00eates\",\"isPartOf\":{\"@id\":\"https:\\\/\\\/www.webdo.tn\\\/fr\\\/#website\"},\"primaryImageOfPage\":{\"@id\":\"https:\\\/\\\/www.webdo.tn\\\/fr\\\/actualite\\\/national\\\/effondrement-d-une-partie-du-mur-de-la-medina-de-kairouan-ouverture-de-deux-enquetes\\\/210903\\\/#primaryimage\"},\"image\":{\"@id\":\"https:\\\/\\\/www.webdo.tn\\\/fr\\\/actualite\\\/national\\\/effondrement-d-une-partie-du-mur-de-la-medina-de-kairouan-ouverture-de-deux-enquetes\\\/210903\\\/#primaryimage\"},\"thumbnailUrl\":\"https:\\\/\\\/www.webdo.tn\\\/fr\\\/wp-content\\\/uploads\\\/2023\\\/12\\\/36f042cf885411daaf1c01e0e3ae5f18.jpg\",\"datePublished\":\"2023-12-18T14:43:00+00:00\",\"dateModified\":\"2025-05-20T22:11:07+00:00\",\"description\":\"Suite de l'effondrement, samedi 16 d\u00e9cembre, d\u2019une partie de la fa\u00e7ade ext\u00e9rieure sud du rempart de la m\u00e9dina de Kairouan qui a fait trois morts et trois bless\u00e9...\",\"breadcrumb\":{\"@id\":\"https:\\\/\\\/www.webdo.tn\\\/fr\\\/actualite\\\/national\\\/effondrement-d-une-partie-du-mur-de-la-medina-de-kairouan-ouverture-de-deux-enquetes\\\/210903\\\/#breadcrumb\"},\"inLanguage\":\"fr-FR\",\"potentialAction\":[{\"@type\":\"ReadAction\",\"target\":[\"https:\\\/\\\/www.webdo.tn\\\/fr\\\/actualite\\\/national\\\/effondrement-d-une-partie-du-mur-de-la-medina-de-kairouan-ouverture-de-deux-enquetes\\\/210903\\\/\"]}]},{\"@type\":\"ImageObject\",\"inLanguage\":\"fr-FR\",\"@id\":\"https:\\\/\\\/www.webdo.tn\\\/fr\\\/actualite\\\/national\\\/effondrement-d-une-partie-du-mur-de-la-medina-de-kairouan-ouverture-de-deux-enquetes\\\/210903\\\/#primaryimage\",\"url\":\"https:\\\/\\\/www.webdo.tn\\\/fr\\\/wp-content\\\/uploads\\\/2023\\\/12\\\/36f042cf885411daaf1c01e0e3ae5f18.jpg\",\"contentUrl\":\"https:\\\/\\\/www.webdo.tn\\\/fr\\\/wp-content\\\/uploads\\\/2023\\\/12\\\/36f042cf885411daaf1c01e0e3ae5f18.jpg\",\"width\":750,\"height\":400,\"caption\":\"Effondrement d\u2019une partie du mur de la m\u00e9dina de Kairouan : Ouverture de deux enqu\u00eates\"},{\"@type\":\"BreadcrumbList\",\"@id\":\"https:\\\/\\\/www.webdo.tn\\\/fr\\\/actualite\\\/national\\\/effondrement-d-une-partie-du-mur-de-la-medina-de-kairouan-ouverture-de-deux-enquetes\\\/210903\\\/#breadcrumb\",\"itemListElement\":[{\"@type\":\"ListItem\",\"position\":1,\"name\":\"Accueil\",\"item\":\"https:\\\/\\\/www.webdo.tn\\\/fr\\\/\"},{\"@type\":\"ListItem\",\"position\":2,\"name\":\"Effondrement d\u2019une partie du mur de la m\u00e9dina de Kairouan : Ouverture de deux enqu\u00eates\"}]},{\"@type\":\"WebSite\",\"@id\":\"https:\\\/\\\/www.webdo.tn\\\/fr\\\/#website\",\"url\":\"https:\\\/\\\/www.webdo.tn\\\/fr\\\/\",\"name\":\"webdo\",\"description\":\"Tunisie - News en Tunisie et \u00e0 l&#039;international sur Webdo.tn\",\"publisher\":{\"@id\":\"https:\\\/\\\/www.webdo.tn\\\/fr\\\/#organization\"},\"potentialAction\":[{\"@type\":\"SearchAction\",\"target\":{\"@type\":\"EntryPoint\",\"urlTemplate\":\"https:\\\/\\\/www.webdo.tn\\\/fr\\\/?s={search_term_string}\"},\"query-input\":{\"@type\":\"PropertyValueSpecification\",\"valueRequired\":true,\"valueName\":\"search_term_string\"}}],\"inLanguage\":\"fr-FR\"},{\"@type\":\"Organization\",\"@id\":\"https:\\\/\\\/www.webdo.tn\\\/fr\\\/#organization\",\"name\":\"Webdo\",\"alternateName\":\"Webdo.tn\",\"url\":\"https:\\\/\\\/www.webdo.tn\\\/fr\\\/\",\"logo\":{\"@type\":\"ImageObject\",\"inLanguage\":\"fr-FR\",\"@id\":\"https:\\\/\\\/www.webdo.tn\\\/fr\\\/#\\\/schema\\\/logo\\\/image\\\/\",\"url\":\"https:\\\/\\\/www.webdo.tn\\\/fr\\\/wp-content\\\/uploads\\\/2025\\\/06\\\/Webdo-Tunisie_168377.jpg\",\"contentUrl\":\"https:\\\/\\\/www.webdo.tn\\\/fr\\\/wp-content\\\/uploads\\\/2025\\\/06\\\/Webdo-Tunisie_168377.jpg\",\"width\":301,\"height\":301,\"caption\":\"Webdo\"},\"image\":{\"@id\":\"https:\\\/\\\/www.webdo.tn\\\/fr\\\/#\\\/schema\\\/logo\\\/image\\\/\"},\"sameAs\":[\"https:\\\/\\\/www.facebook.com\\\/webdotn\",\"https:\\\/\\\/x.com\\\/webdo_tn\"],\"description\":\"Webdo est un m\u00e9dia num\u00e9rique tunisien fond\u00e9 en 2010, sp\u00e9cialis\u00e9 dans l\u2019actualit\u00e9 nationale et internationale, l\u2019\u00e9conomie, la soci\u00e9t\u00e9 et les analyses politiques. Le site s\u2019adresse \u00e0 un large public francophone et couvre l\u2019information tunisienne en temps r\u00e9el.\",\"email\":\"redac@webdo.tn\",\"legalName\":\"YNJ SARL\",\"foundingDate\":\"2010-09-06\",\"numberOfEmployees\":{\"@type\":\"QuantitativeValue\",\"minValue\":\"11\",\"maxValue\":\"50\"}},{\"@type\":\"Person\",\"@id\":\"https:\\\/\\\/www.webdo.tn\\\/fr\\\/#\\\/schema\\\/person\\\/2c4929cbf5a809e3bd38617c6ce150f6\",\"name\":\"MC\",\"image\":{\"@type\":\"ImageObject\",\"inLanguage\":\"fr-FR\",\"@id\":\"https:\\\/\\\/secure.gravatar.com\\\/avatar\\\/a545bbb6f84efdd5553dbbc2895e3ca8f1d12c5215e00a041c9670b54aa9b18a?s=96&d=mm&r=g\",\"url\":\"https:\\\/\\\/secure.gravatar.com\\\/avatar\\\/a545bbb6f84efdd5553dbbc2895e3ca8f1d12c5215e00a041c9670b54aa9b18a?s=96&d=mm&r=g\",\"contentUrl\":\"https:\\\/\\\/secure.gravatar.com\\\/avatar\\\/a545bbb6f84efdd5553dbbc2895e3ca8f1d12c5215e00a041c9670b54aa9b18a?s=96&d=mm&r=g\",\"caption\":\"MC\"},\"url\":\"https:\\\/\\\/www.webdo.tn\\\/fr\\\/actualite\\\/author\\\/mc\\\/\"}]}<\/script>\n<!-- \/ Yoast SEO Premium plugin. -->","yoast_head_json":{"title":"Effondrement d\u2019une partie du mur de la m\u00e9dina de Kairouan : Ouverture de deux enqu\u00eates","description":"Suite de l'effondrement, samedi 16 d\u00e9cembre, d\u2019une partie de la fa\u00e7ade ext\u00e9rieure sud du rempart de la m\u00e9dina de Kairouan qui a fait trois morts et trois bless\u00e9...","canonical":"https:\/\/www.webdo.tn\/fr\/actualite\/national\/effondrement-d-une-partie-du-mur-de-la-medina-de-kairouan-ouverture-de-deux-enquetes\/210903\/","og_locale":"fr_FR","og_type":"article","og_title":"Effondrement d\u2019une partie du mur de la m\u00e9dina de Kairouan : Ouverture de deux enqu\u00eates","og_description":"Suite de l'effondrement, samedi 16 d\u00e9cembre, d\u2019une partie de la fa\u00e7ade ext\u00e9rieure sud du rempart de la m\u00e9dina de Kairouan qui a fait trois morts et trois bless\u00e9...","og_url":"https:\/\/www.webdo.tn\/fr\/actualite\/national\/effondrement-d-une-partie-du-mur-de-la-medina-de-kairouan-ouverture-de-deux-enquetes\/210903\/","og_site_name":"webdo","article_publisher":"https:\/\/www.facebook.com\/webdotn","article_published_time":"2023-12-18T14:43:00+00:00","article_modified_time":"2025-05-20T22:11:07+00:00","og_image":[{"width":750,"height":400,"url":"https:\/\/www.webdo.tn\/fr\/wp-content\/uploads\/2023\/12\/36f042cf885411daaf1c01e0e3ae5f18.jpg","type":"image\/jpeg"}],"author":"MC","twitter_card":"summary_large_image","twitter_creator":"@webdo_tn","twitter_site":"@webdo_tn","twitter_misc":{"\u00c9crit par":"MC","Dur\u00e9e de lecture estim\u00e9e":"1 minute"},"schema":{"@context":"https:\/\/schema.org","@graph":[{"@type":"NewsArticle","@id":"https:\/\/www.webdo.tn\/fr\/actualite\/national\/effondrement-d-une-partie-du-mur-de-la-medina-de-kairouan-ouverture-de-deux-enquetes\/210903\/#article","isPartOf":{"@id":"https:\/\/www.webdo.tn\/fr\/actualite\/national\/effondrement-d-une-partie-du-mur-de-la-medina-de-kairouan-ouverture-de-deux-enquetes\/210903\/"},"author":{"name":"MC","@id":"https:\/\/www.webdo.tn\/fr\/#\/schema\/person\/2c4929cbf5a809e3bd38617c6ce150f6"},"headline":"Effondrement d\u2019une partie du mur de la m\u00e9dina de Kairouan : Ouverture de deux enqu\u00eates","datePublished":"2023-12-18T14:43:00+00:00","dateModified":"2025-05-20T22:11:07+00:00","mainEntityOfPage":{"@id":"https:\/\/www.webdo.tn\/fr\/actualite\/national\/effondrement-d-une-partie-du-mur-de-la-medina-de-kairouan-ouverture-de-deux-enquetes\/210903\/"},"wordCount":314,"commentCount":0,"publisher":{"@id":"https:\/\/www.webdo.tn\/fr\/#organization"},"image":{"@id":"https:\/\/www.webdo.tn\/fr\/actualite\/national\/effondrement-d-une-partie-du-mur-de-la-medina-de-kairouan-ouverture-de-deux-enquetes\/210903\/#primaryimage"},"thumbnailUrl":"https:\/\/www.webdo.tn\/fr\/wp-content\/uploads\/2023\/12\/36f042cf885411daaf1c01e0e3ae5f18.jpg","keywords":["'rempart']","effondrement","Enqu\u00eate","Kairouan","morts"],"articleSection":["National"],"inLanguage":"fr-FR"},{"@type":"WebPage","@id":"https:\/\/www.webdo.tn\/fr\/actualite\/national\/effondrement-d-une-partie-du-mur-de-la-medina-de-kairouan-ouverture-de-deux-enquetes\/210903\/","url":"https:\/\/www.webdo.tn\/fr\/actualite\/national\/effondrement-d-une-partie-du-mur-de-la-medina-de-kairouan-ouverture-de-deux-enquetes\/210903\/","name":"Effondrement d\u2019une partie du mur de la m\u00e9dina de Kairouan : Ouverture de deux enqu\u00eates","isPartOf":{"@id":"https:\/\/www.webdo.tn\/fr\/#website"},"primaryImageOfPage":{"@id":"https:\/\/www.webdo.tn\/fr\/actualite\/national\/effondrement-d-une-partie-du-mur-de-la-medina-de-kairouan-ouverture-de-deux-enquetes\/210903\/#primaryimage"},"image":{"@id":"https:\/\/www.webdo.tn\/fr\/actualite\/national\/effondrement-d-une-partie-du-mur-de-la-medina-de-kairouan-ouverture-de-deux-enquetes\/210903\/#primaryimage"},"thumbnailUrl":"https:\/\/www.webdo.tn\/fr\/wp-content\/uploads\/2023\/12\/36f042cf885411daaf1c01e0e3ae5f18.jpg","datePublished":"2023-12-18T14:43:00+00:00","dateModified":"2025-05-20T22:11:07+00:00","description":"Suite de l'effondrement, samedi 16 d\u00e9cembre, d\u2019une partie de la fa\u00e7ade ext\u00e9rieure sud du rempart de la m\u00e9dina de Kairouan qui a fait trois morts et trois bless\u00e9...","breadcrumb":{"@id":"https:\/\/www.webdo.tn\/fr\/actualite\/national\/effondrement-d-une-partie-du-mur-de-la-medina-de-kairouan-ouverture-de-deux-enquetes\/210903\/#breadcrumb"},"inLanguage":"fr-FR","potentialAction":[{"@type":"ReadAction","target":["https:\/\/www.webdo.tn\/fr\/actualite\/national\/effondrement-d-une-partie-du-mur-de-la-medina-de-kairouan-ouverture-de-deux-enquetes\/210903\/"]}]},{"@type":"ImageObject","inLanguage":"fr-FR","@id":"https:\/\/www.webdo.tn\/fr\/actualite\/national\/effondrement-d-une-partie-du-mur-de-la-medina-de-kairouan-ouverture-de-deux-enquetes\/210903\/#primaryimage","url":"https:\/\/www.webdo.tn\/fr\/wp-content\/uploads\/2023\/12\/36f042cf885411daaf1c01e0e3ae5f18.jpg","contentUrl":"https:\/\/www.webdo.tn\/fr\/wp-content\/uploads\/2023\/12\/36f042cf885411daaf1c01e0e3ae5f18.jpg","width":750,"height":400,"caption":"Effondrement d\u2019une partie du mur de la m\u00e9dina de Kairouan : Ouverture de deux enqu\u00eates"},{"@type":"BreadcrumbList","@id":"https:\/\/www.webdo.tn\/fr\/actualite\/national\/effondrement-d-une-partie-du-mur-de-la-medina-de-kairouan-ouverture-de-deux-enquetes\/210903\/#breadcrumb","itemListElement":[{"@type":"ListItem","position":1,"name":"Accueil","item":"https:\/\/www.webdo.tn\/fr\/"},{"@type":"ListItem","position":2,"name":"Effondrement d\u2019une partie du mur de la m\u00e9dina de Kairouan : Ouverture de deux enqu\u00eates"}]},{"@type":"WebSite","@id":"https:\/\/www.webdo.tn\/fr\/#website","url":"https:\/\/www.webdo.tn\/fr\/","name":"webdo","description":"Tunisie - News en Tunisie et \u00e0 l&#039;international sur Webdo.tn","publisher":{"@id":"https:\/\/www.webdo.tn\/fr\/#organization"},"potentialAction":[{"@type":"SearchAction","target":{"@type":"EntryPoint","urlTemplate":"https:\/\/www.webdo.tn\/fr\/?s={search_term_string}"},"query-input":{"@type":"PropertyValueSpecification","valueRequired":true,"valueName":"search_term_string"}}],"inLanguage":"fr-FR"},{"@type":"Organization","@id":"https:\/\/www.webdo.tn\/fr\/#organization","name":"Webdo","alternateName":"Webdo.tn","url":"https:\/\/www.webdo.tn\/fr\/","logo":{"@type":"ImageObject","inLanguage":"fr-FR","@id":"https:\/\/www.webdo.tn\/fr\/#\/schema\/logo\/image\/","url":"https:\/\/www.webdo.tn\/fr\/wp-content\/uploads\/2025\/06\/Webdo-Tunisie_168377.jpg","contentUrl":"https:\/\/www.webdo.tn\/fr\/wp-content\/uploads\/2025\/06\/Webdo-Tunisie_168377.jpg","width":301,"height":301,"caption":"Webdo"},"image":{"@id":"https:\/\/www.webdo.tn\/fr\/#\/schema\/logo\/image\/"},"sameAs":["https:\/\/www.facebook.com\/webdotn","https:\/\/x.com\/webdo_tn"],"description":"Webdo est un m\u00e9dia num\u00e9rique tunisien fond\u00e9 en 2010, sp\u00e9cialis\u00e9 dans l\u2019actualit\u00e9 nationale et internationale, l\u2019\u00e9conomie, la soci\u00e9t\u00e9 et les analyses politiques. Le site s\u2019adresse \u00e0 un large public francophone et couvre l\u2019information tunisienne en temps r\u00e9el.","email":"redac@webdo.tn","legalName":"YNJ SARL","foundingDate":"2010-09-06","numberOfEmployees":{"@type":"QuantitativeValue","minValue":"11","maxValue":"50"}},{"@type":"Person","@id":"https:\/\/www.webdo.tn\/fr\/#\/schema\/person\/2c4929cbf5a809e3bd38617c6ce150f6","name":"MC","image":{"@type":"ImageObject","inLanguage":"fr-FR","@id":"https:\/\/secure.gravatar.com\/avatar\/a545bbb6f84efdd5553dbbc2895e3ca8f1d12c5215e00a041c9670b54aa9b18a?s=96&d=mm&r=g","url":"https:\/\/secure.gravatar.com\/avatar\/a545bbb6f84efdd5553dbbc2895e3ca8f1d12c5215e00a041c9670b54aa9b18a?s=96&d=mm&r=g","contentUrl":"https:\/\/secure.gravatar.com\/avatar\/a545bbb6f84efdd5553dbbc2895e3ca8f1d12c5215e00a041c9670b54aa9b18a?s=96&d=mm&r=g","caption":"MC"},"url":"https:\/\/www.webdo.tn\/fr\/actualite\/author\/mc\/"}]}},"_links":{"self":[{"href":"https:\/\/www.webdo.tn\/fr\/wp-json\/wp\/v2\/posts\/210903","targetHints":{"allow":["GET"]}}],"collection":[{"href":"https:\/\/www.webdo.tn\/fr\/wp-json\/wp\/v2\/posts"}],"about":[{"href":"https:\/\/www.webdo.tn\/fr\/wp-json\/wp\/v2\/types\/post"}],"author":[{"embeddable":true,"href":"https:\/\/www.webdo.tn\/fr\/wp-json\/wp\/v2\/users\/3162"}],"replies":[{"embeddable":true,"href":"https:\/\/www.webdo.tn\/fr\/wp-json\/wp\/v2\/comments?post=210903"}],"version-history":[{"count":0,"href":"https:\/\/www.webdo.tn\/fr\/wp-json\/wp\/v2\/posts\/210903\/revisions"}],"wp:featuredmedia":[{"embeddable":true,"href":"https:\/\/www.webdo.tn\/fr\/wp-json\/wp\/v2\/media\/289981"}],"wp:attachment":[{"href":"https:\/\/www.webdo.tn\/fr\/wp-json\/wp\/v2\/media?parent=210903"}],"wp:term":[{"taxonomy":"category","embeddable":true,"href":"https:\/\/www.webdo.tn\/fr\/wp-json\/wp\/v2\/categories?post=210903"},{"taxonomy":"post_tag","embeddable":true,"href":"https:\/\/www.webdo.tn\/fr\/wp-json\/wp\/v2\/tags?post=210903"}],"curies":[{"name":"wp","href":"https:\/\/api.w.org\/{rel}","templated":true}]}}