{"id":210887,"date":"2023-12-18T07:20:00","date_gmt":"2023-12-18T07:20:00","guid":{"rendered":"https:\/\/www.webdo.tn\/fr\/blog\/master-class-de-yousra-au-festival-d-el-gouna-cinema-passion-et-confidences\/210887\/"},"modified":"2025-05-21T08:56:18","modified_gmt":"2025-05-21T08:56:18","slug":"master-class-de-yousra-au-festival-d-el-gouna-cinema-passion-et-confidences","status":"publish","type":"post","link":"https:\/\/www.webdo.tn\/fr\/actualite\/culture\/master-class-de-yousra-au-festival-d-el-gouna-cinema-passion-et-confidences\/210887\/","title":{"rendered":"Master class de Yousra au Festival d&rsquo;El Gouna: Cin\u00e9ma, Passion et Confidences"},"content":{"rendered":"<div class=\"single-body entry-content typography-copy\" itemprop=\"articleBody\">\n<p style=\"font-weight: bold; text-align: justify\">\n\t\t\t\t\t\t\t\t\tLa 6\u00e8me \u00e9dition du Festival du Film d&rsquo;El Gouna, qui se tient du 14 au 21 d\u00e9cembre 2023, a \u00e9t\u00e9 illumin\u00e9e par la pr\u00e9sence rayonnante de la grande actrice \u00e9gyptienne Yousra.\n\t\t\t\t\t\t\t\t<\/p>\n<div class=\"coprs\" style=\"text-align: center\"><\/div>\n<div class=\"coprs\" style=\"text-align: justify\">\n<p><span><span>L&rsquo;apog\u00e9e de cet \u00e9v\u00e9nement \u00e9tait sans aucun doute la Master Class offerte par cette ic\u00f4ne du cin\u00e9ma, captivant aussi bien les fans que les invit\u00e9s prestigieux du festival, dont Yousry Nasrallah, Marwan Hamed, Ines Deghidi, Leila Elwi, Hana Shiha, Salwa Aly, et bien d&rsquo;autres.<\/span><\/span><\/p>\n<p><span><span><strong>Une ouverture \u00e9motionnelle dans un contexte actuel sensible<\/strong><\/span><\/span><\/p>\n<p><span><span>D&#8217;embl\u00e9e, Yousra a ancr\u00e9 sa Master Class dans la r\u00e9alit\u00e9 \u00e9motionnelle du moment, mettant en lumi\u00e8re l&rsquo;\u00e9dition exceptionnelle du festival en pleine guerre \u00e0 Gaza. Malgr\u00e9 les d\u00e9fis, elle a plaid\u00e9 en faveur du maintien du festival pour permettre la discussion, le d\u00e9bat, et surtout mettre en avant le narratif des palestiniens \u00e0 travers des films significatifs comme <em>La Porte du Soleil<\/em> (2004) de Yousry Nasrallah.\u00a0<\/span><\/span><\/p>\n<p><span><span><strong>Les piliers de l&rsquo;influence : r\u00e9miniscences cin\u00e9matographiques<\/strong><\/span><\/span><\/p>\n<p><span><span>La conversation a plong\u00e9 dans les moments cl\u00e9s de la vie de Yousra, r\u00e9v\u00e9lant les cin\u00e9astes qui ont profond\u00e9ment influenc\u00e9 sa vie personnelle et professionnelle. Des rencontres fortuites avec des l\u00e9gendes du cin\u00e9ma, telles que Wahid Hamed, Youssef Chahine, Salah Abou Seif, Ahmed Badrakhane et Adel Imam, ont \u00e9t\u00e9 partag\u00e9es avec une sinc\u00e9rit\u00e9 touchante.<\/span><\/span><\/p>\n<p><span><span>Parmi ces moments marquants, Yousra a captiv\u00e9 le public en partageant une anecdote m\u00e9morable sur sa premi\u00e8re rencontre avec le ma\u00eetre du cin\u00e9ma \u00e9gyptien, Youssef Chahine. Cette rencontre, initialement teint\u00e9e de tension, s&rsquo;est transform\u00e9e en une collaboration m\u00e9morable. <\/span><\/span><\/p>\n<p><span><span>Yousra a \u00e9voqu\u00e9 la proposition initiale de Youssef Chahine pour le r\u00f4le de la s\u0153ur dans le film <em>Hadota Masrya\/La m\u00e9moire<\/em> (1982). Cependant, elle avait lu et relu le sc\u00e9nario \u00e0 plusieurs reprises sans comprendre le film, ressentant instinctivement qu&rsquo;elle aurait pr\u00e9f\u00e9r\u00e9 jouer le r\u00f4le de l&rsquo;\u00e9pouse. Yousra avait refus\u00e9 le r\u00f4le \u00e0 cette \u00e9poque \u00e0 cause du sc\u00e9nario qu&rsquo;elle trouvait confus. Sans oublier que la premi\u00e8re rencontre avec Youssef Chahine avait \u00e9t\u00e9 teint\u00e9e d&rsquo;une certaine tension, le r\u00e9alisateur reprochant m\u00eame la couleur blonde des cheveux de Yousra et sa grande taille. <\/span><\/span><\/p>\n<p><span><span>Cependant, trois mois plus tard, alors qu&rsquo;elle dormait tranquillement chez sa tante, Yousra avait \u00e9t\u00e9 r\u00e9veill\u00e9e subitement par Youssef Chahine lui-m\u00eame. Il la voulait dans son film, mais cette fois-ci pour le r\u00f4le de l&rsquo;\u00e9pouse. <\/span><\/span><\/p>\n<p><span><span>C&rsquo;est ainsi qu&rsquo;ils avaient fait connaissance et qu&rsquo;ils avaient travaill\u00e9 ensemble pour la premi\u00e8re fois. Le sc\u00e9nario qu&rsquo;elle n&rsquo;avait pas compris au d\u00e9part avait donn\u00e9 lieu \u00e0 un film devenu un classique du cin\u00e9ma \u00e9gyptien, s\u00e9lectionn\u00e9 au Festival de Venise. <\/span><\/span><\/p>\n<p><span><span>Cette anecdote a illustr\u00e9 la complexit\u00e9 des relations dans le monde cin\u00e9matographique, o\u00f9 un refus initial peut se transformer en une collaboration fructueuse et la cr\u00e9ation d&rsquo;un chef-d&rsquo;\u0153uvre.<\/span><\/span><\/p>\n<p><span><span><strong>Les coulisses de sa carri\u00e8re : des choix artistiques aux r\u00f4les embl\u00e9matiques<\/strong><\/span><\/span><\/p>\n<p><span><span>Les coulisses de la carri\u00e8re de Yousra ont \u00e9t\u00e9 d\u00e9voil\u00e9es avec des r\u00e9cits captivants sur la mani\u00e8re dont certains r\u00f4les ont \u00e9t\u00e9 choisis. Des moments de rencontre avec Youssef Chahine \u00e0 des choix de r\u00f4les avec Adel Imam, Yousra a partag\u00e9 des anecdotes qui ont jet\u00e9 une lumi\u00e8re nouvelle sur les processus de cr\u00e9ation cin\u00e9matographique.<\/span><\/span><\/p>\n<p><span><span>Concernant son r\u00f4le dans le film <em>Immeuble Yacoubian<\/em> (2006) de Marwan Hamed, Yousra a parl\u00e9 de ce qu&rsquo;elle consid\u00e9rait comme une \u00ab\u00a0trahison\u00a0\u00bb amicale. En r\u00e9alit\u00e9, Adel Imam l&rsquo;avait invit\u00e9e \u00e0 prendre un caf\u00e9, en pr\u00e9sence du jeune r\u00e9alisateur pr\u00e9parant son premier film. C&rsquo;est l\u00e0 qu&rsquo;Adel Imam lui a demand\u00e9 d&rsquo;accepter de jouer 5 sc\u00e8nes dans ce nouveau film. Bien qu&rsquo;\u00e9tonn\u00e9e, Yousra avait refus\u00e9 dans un premier temps. Cependant, Adel Imam avait insist\u00e9 et lui avait propos\u00e9 de lire le sc\u00e9nario, qu&rsquo;elle avait finalement beaucoup aim\u00e9. Elle avait donc travaill\u00e9 intens\u00e9ment sur le personnage de Mme Christine. M\u00eame si elle n&rsquo;apparaissait pas beaucoup dans le film, le r\u00f4le \u00e9tait important.<\/span><\/span><\/p>\n<p><span><span>La trahison amicale d&rsquo;Adel Imam pour la convaincre d&rsquo;accepter ce r\u00f4le, les rencontres fortuites qui ont chang\u00e9 le cours de sa carri\u00e8re, toutes ces histoires ont ajout\u00e9 une touche humaine et authentique \u00e0 la Master Class, offrant au public une vision plus intime de la vie professionnelle de Yousra.<\/span><\/span><\/p>\n<p>\u00a0<\/p>\n<p><img decoding=\"async\" alt=\"\" height=\"910\" src=\"\/assets\/uploads\/images\/\/Neila\/Yousra%20master%20class%201.jpeg\" width=\"910\"><\/p>\n<p>\u00a0<\/p>\n<p><span><span><strong>Le secret de sa long\u00e9vit\u00e9 : amour du travail et curiosit\u00e9 permanente<\/strong><\/span><\/span><\/p>\n<p><span><span>Lorsque Marianne a sond\u00e9 Yousra sur sa long\u00e9vit\u00e9 exceptionnelle dans l&rsquo;industrie du cin\u00e9ma, la r\u00e9ponse a \u00e9t\u00e9 \u00e0 la fois simple et puissante : l&rsquo;amour du travail. Yousra a partag\u00e9 sa passion continue pour le cin\u00e9ma, son habitude de regarder de nombreux films, et l&rsquo;importance d&rsquo;accepter des r\u00f4les qui apportent une croissance personnelle. Une le\u00e7on de d\u00e9vouement et de curiosit\u00e9 permanente pour son m\u00e9tier, rappelant que la passion est la cl\u00e9 de la r\u00e9ussite \u00e0 long terme.<\/span><\/span><\/p>\n<p><span><span><strong>Conseils\u00a0pour les jeunes aspirants<\/strong><\/span><\/span><\/p>\n<p><span><span>Yousra a partag\u00e9 son propre parcours, r\u00e9v\u00e9lant qu&rsquo;elle avait initialement r\u00eav\u00e9 de devenir m\u00e9decin jusqu&rsquo;au jour o\u00f9 elle avait rencontr\u00e9 Souad Hosny. Son admiration pour cette actrice avait \u00e9t\u00e9 le d\u00e9clencheur qui l&rsquo;avait pouss\u00e9e \u00e0 devenir actrice \u00e0 son tour. Cette transition de r\u00eave d&rsquo;enfance \u00e0 la r\u00e9alisation de son ambition a \u00e9t\u00e9 marqu\u00e9e par un don inn\u00e9 pour l&rsquo;imitation et les encouragements de sa m\u00e8re et de sa grand-m\u00e8re.<\/span><\/span><\/p>\n<p><span><span>Les conseils de Yousra aux jeunes acteurs ont \u00e9t\u00e9 livr\u00e9s avec une sagesse accumul\u00e9e au fil des ans. Elle a soulign\u00e9 l&rsquo;importance de la pers\u00e9v\u00e9rance face aux \u00e9checs, de la passion constante, et de l&rsquo;\u00e9volution continue. La passion du m\u00e9tier est, selon elle, le pilier de la r\u00e9ussite et de la long\u00e9vit\u00e9 dans le temps. Elle a \u00e9galement soulign\u00e9 l&rsquo;importance d&rsquo;\u00eatre exigeant avec soi-m\u00eame, de toujours vouloir apprendre et progresser. L&rsquo;annonce d&rsquo;une initiative appel\u00e9e \u00ab\u00a0Next\u00a0\u00bb, une plateforme pour les jeunes aspirants du cin\u00e9ma, a r\u00e9v\u00e9l\u00e9 l&rsquo;engagement de Yousra envers la promotion de nouveaux talents, ajoutant une dimension philanthropique \u00e0 son influence dans l&rsquo;industrie cin\u00e9matographique.<\/span><\/span><\/p>\n<p><span><span><strong>R\u00e9flexions intimes sur la vie et l&rsquo;art<\/strong><\/span><\/span><\/p>\n<p><span><span>La Master Class a d\u00e9vi\u00e9 vers des territoires plus intimes, explorant l&rsquo;amour, la foi, les regrets, et les erreurs. Yousra a partag\u00e9 des exp\u00e9riences personnelles, soulignant l&rsquo;importance de l&rsquo;amour dans sa vie et la connexion profonde avec sa foi et sa totale croyance en Dieu. Elle a \u00e9galement r\u00e9v\u00e9l\u00e9 des moments de doute, de mauvais choix, et le pouvoir lib\u00e9rateur de l&rsquo;acceptation de soi. Cette plong\u00e9e introspective a offert au public une vision plus compl\u00e8te de Yousra en tant que personne, au-del\u00e0 de son statut d&rsquo;ic\u00f4ne cin\u00e9matographique.<\/span><\/span><\/p>\n<p><span><span><strong>Crit\u00e8res artistiques : entre confiance et cr\u00e9ativit\u00e9<\/strong><\/span><\/span><\/p>\n<p><span><span>La discussion s&rsquo;est conclue par une r\u00e9flexion approfondie sur les crit\u00e8res de choix de films, mettant en avant la n\u00e9cessit\u00e9 d&rsquo;une confiance mutuelle entre l&rsquo;acteur et le r\u00e9alisateur. Les r\u00e9flexions sur la sc\u00e8ne o\u00f9, dans le film <em>Immeuble Yacoubian<\/em>, Zaky Desouky jou\u00e9 par Adel Imam devait d\u00e9clarer son amour \u00e0 Christine, incarn\u00e9e par Yousra, ont illustr\u00e9 l&rsquo;importance de la cr\u00e9ativit\u00e9 et de la collaboration dans le processus artistique. Yousra a racont\u00e9 comment le r\u00e9alisateur Marwan Hamed avait bien voulu tourner la sc\u00e8ne deux fois, une premi\u00e8re fois comme pr\u00e9vu dans le sc\u00e9nario, et une deuxi\u00e8me fois selon le ressenti de Yousra, pour en choisir une lors du montage. Pour elle, c&rsquo;\u00e9tait une preuve de confiance mutuelle. Le r\u00e9alisateur lui a fait confiance et a tourn\u00e9 une sc\u00e8ne en suivant ses conseils, et elle avait fait confiance en ses choix lors du montage.<\/span><\/span><\/p>\n<p><span><span><strong>Une odyss\u00e9e cin\u00e9matographique et humaine \u00e9clips\u00e9e par une mod\u00e9ration d\u00e9faillante<\/strong><\/span><\/span><\/p>\n<p><span><span>La Master Class de Yousra \u00e0 El Gouna aurait pu \u00eatre une exp\u00e9rience captivante, offrant au public l&rsquo;opportunit\u00e9 de mieux conna\u00eetre l&rsquo;actrice et la femme derri\u00e8re l&rsquo;ic\u00f4ne du cin\u00e9ma. Les enseignements, r\u00e9flexions, et confidences partag\u00e9s auraient pu cr\u00e9er un moment m\u00e9morable, enrichissant l&rsquo;aura de Yousra dans le monde du cin\u00e9ma. Cependant, la mod\u00e9ration de Marianne Khoury a malheureusement terni cette perspective. Malgr\u00e9 sa position de directrice artistique du festival, il \u00e9tait \u00e9vident que Marianne Khoury manquait d&rsquo;expertise et de pr\u00e9paration pour la mod\u00e9ration. Son manque de professionnalisme, caract\u00e9ris\u00e9 par un d\u00e9ficit de questions pertinentes susceptibles de susciter un v\u00e9ritable int\u00e9r\u00eat du public, ainsi que ses interruptions fr\u00e9quentes, ont perturb\u00e9 le cours naturel de la conversation, cr\u00e9ant une frustration chez l&rsquo;audience qui aurait aim\u00e9 entendre davantage les r\u00e9flexions de Yousra. <\/span><\/span><\/p>\n<p><span><span><strong>Ne\u00efla Driss<\/strong><\/span><\/span><\/p>\n<p>\u00a0<\/p>\n<p>\u00a0<\/p>\n<\/p><\/div>\n<div class=\"coprs\" style=\"text-align: center\"><\/div><\/div>\n","protected":false},"excerpt":{"rendered":"<p>La 6\u00e8me \u00e9dition du Festival du Film d&rsquo;El Gouna, qui se tient du 14 au 21 d\u00e9cembre 2023, a \u00e9t\u00e9 illumin\u00e9e par la pr\u00e9sence rayonnante de la grande actrice \u00e9gyptien&#8230;<\/p>\n","protected":false},"author":3164,"featured_media":248489,"comment_status":"open","ping_status":"closed","sticky":false,"template":"","format":"standard","meta":{"footnotes":""},"categories":[2594],"tags":[7281,3258,3259,7280,7364],"class_list":["post-210887","post","type-post","status-publish","format-standard","has-post-thumbnail","hentry","category-culture","tag-el-gouna-2023","tag-festival-du-film-del-gouna","tag-gff","tag-gff-2023","tag-yousra"],"yoast_head":"<!-- This site is optimized with the Yoast SEO Premium plugin v27.5 (Yoast SEO v27.5) - https:\/\/yoast.com\/product\/yoast-seo-premium-wordpress\/ -->\n<title>Master class de Yousra au Festival d&#039;El Gouna: Cin\u00e9ma, Passion et Confidences<\/title>\n<meta name=\"description\" content=\"La 6\u00e8me \u00e9dition du Festival du Film d&#039;El Gouna, qui se tient du 14 au 21 d\u00e9cembre 2023, a \u00e9t\u00e9 illumin\u00e9e par la pr\u00e9sence rayonnante de la grande actrice \u00e9gyptien...\" \/>\n<link rel=\"canonical\" href=\"https:\/\/www.webdo.tn\/fr\/actualite\/culture\/master-class-de-yousra-au-festival-d-el-gouna-cinema-passion-et-confidences\/210887\/\" \/>\n<meta property=\"og:locale\" content=\"fr_FR\" \/>\n<meta property=\"og:type\" content=\"article\" \/>\n<meta property=\"og:title\" content=\"Master class de Yousra au Festival d&#039;El Gouna: Cin\u00e9ma, Passion et Confidences\" \/>\n<meta property=\"og:description\" content=\"La 6\u00e8me \u00e9dition du Festival du Film d&#039;El Gouna, qui se tient du 14 au 21 d\u00e9cembre 2023, a \u00e9t\u00e9 illumin\u00e9e par la pr\u00e9sence rayonnante de la grande actrice \u00e9gyptien...\" \/>\n<meta property=\"og:url\" content=\"https:\/\/www.webdo.tn\/fr\/actualite\/culture\/master-class-de-yousra-au-festival-d-el-gouna-cinema-passion-et-confidences\/210887\/\" \/>\n<meta property=\"og:site_name\" content=\"webdo\" \/>\n<meta property=\"article:publisher\" content=\"https:\/\/www.facebook.com\/webdotn\" \/>\n<meta property=\"article:author\" content=\"https:\/\/www.facebook.com\/massir.destiniii\/\" \/>\n<meta property=\"article:published_time\" content=\"2023-12-18T07:20:00+00:00\" \/>\n<meta property=\"article:modified_time\" content=\"2025-05-21T08:56:18+00:00\" \/>\n<meta property=\"og:image\" content=\"https:\/\/www.webdo.tn\/fr\/wp-content\/uploads\/2023\/12\/2ed0f4433deb1065055becf1a219f68c.jpeg\" \/>\n\t<meta property=\"og:image:width\" content=\"750\" \/>\n\t<meta property=\"og:image:height\" content=\"400\" \/>\n\t<meta property=\"og:image:type\" content=\"image\/jpeg\" \/>\n<meta name=\"author\" content=\"Ne\u00efla DRISS\" \/>\n<meta name=\"twitter:card\" content=\"summary_large_image\" \/>\n<meta name=\"twitter:creator\" content=\"@https:\/\/x.com\/MassirDestin\" \/>\n<meta name=\"twitter:site\" content=\"@webdo_tn\" \/>\n<meta name=\"twitter:label1\" content=\"\u00c9crit par\" \/>\n\t<meta name=\"twitter:data1\" content=\"Ne\u00efla DRISS\" \/>\n\t<meta name=\"twitter:label2\" content=\"Dur\u00e9e de lecture estim\u00e9e\" \/>\n\t<meta name=\"twitter:data2\" content=\"7 minutes\" \/>\n<script type=\"application\/ld+json\" class=\"yoast-schema-graph\">{\"@context\":\"https:\\\/\\\/schema.org\",\"@graph\":[{\"@type\":\"NewsArticle\",\"@id\":\"https:\\\/\\\/www.webdo.tn\\\/fr\\\/actualite\\\/culture\\\/master-class-de-yousra-au-festival-d-el-gouna-cinema-passion-et-confidences\\\/210887\\\/#article\",\"isPartOf\":{\"@id\":\"https:\\\/\\\/www.webdo.tn\\\/fr\\\/actualite\\\/culture\\\/master-class-de-yousra-au-festival-d-el-gouna-cinema-passion-et-confidences\\\/210887\\\/\"},\"author\":{\"name\":\"Ne\u00efla DRISS\",\"@id\":\"https:\\\/\\\/www.webdo.tn\\\/fr\\\/#\\\/schema\\\/person\\\/60d5ba619ed3f58783b0dc82b7dada80\"},\"headline\":\"Master class de Yousra au Festival d&rsquo;El Gouna: Cin\u00e9ma, Passion et Confidences\",\"datePublished\":\"2023-12-18T07:20:00+00:00\",\"dateModified\":\"2025-05-21T08:56:18+00:00\",\"mainEntityOfPage\":{\"@id\":\"https:\\\/\\\/www.webdo.tn\\\/fr\\\/actualite\\\/culture\\\/master-class-de-yousra-au-festival-d-el-gouna-cinema-passion-et-confidences\\\/210887\\\/\"},\"wordCount\":1543,\"commentCount\":0,\"publisher\":{\"@id\":\"https:\\\/\\\/www.webdo.tn\\\/fr\\\/#organization\"},\"image\":{\"@id\":\"https:\\\/\\\/www.webdo.tn\\\/fr\\\/actualite\\\/culture\\\/master-class-de-yousra-au-festival-d-el-gouna-cinema-passion-et-confidences\\\/210887\\\/#primaryimage\"},\"thumbnailUrl\":\"https:\\\/\\\/www.webdo.tn\\\/fr\\\/wp-content\\\/uploads\\\/2023\\\/12\\\/2ed0f4433deb1065055becf1a219f68c.jpeg\",\"keywords\":[\"El Gouna 2023\",\"Festival du Film d'El Gouna\",\"GFF\",\"GFF 2023\",\"Yousra\"],\"articleSection\":[\"Culture\"],\"inLanguage\":\"fr-FR\"},{\"@type\":\"WebPage\",\"@id\":\"https:\\\/\\\/www.webdo.tn\\\/fr\\\/actualite\\\/culture\\\/master-class-de-yousra-au-festival-d-el-gouna-cinema-passion-et-confidences\\\/210887\\\/\",\"url\":\"https:\\\/\\\/www.webdo.tn\\\/fr\\\/actualite\\\/culture\\\/master-class-de-yousra-au-festival-d-el-gouna-cinema-passion-et-confidences\\\/210887\\\/\",\"name\":\"Master class de Yousra au Festival d'El Gouna: Cin\u00e9ma, Passion et Confidences\",\"isPartOf\":{\"@id\":\"https:\\\/\\\/www.webdo.tn\\\/fr\\\/#website\"},\"primaryImageOfPage\":{\"@id\":\"https:\\\/\\\/www.webdo.tn\\\/fr\\\/actualite\\\/culture\\\/master-class-de-yousra-au-festival-d-el-gouna-cinema-passion-et-confidences\\\/210887\\\/#primaryimage\"},\"image\":{\"@id\":\"https:\\\/\\\/www.webdo.tn\\\/fr\\\/actualite\\\/culture\\\/master-class-de-yousra-au-festival-d-el-gouna-cinema-passion-et-confidences\\\/210887\\\/#primaryimage\"},\"thumbnailUrl\":\"https:\\\/\\\/www.webdo.tn\\\/fr\\\/wp-content\\\/uploads\\\/2023\\\/12\\\/2ed0f4433deb1065055becf1a219f68c.jpeg\",\"datePublished\":\"2023-12-18T07:20:00+00:00\",\"dateModified\":\"2025-05-21T08:56:18+00:00\",\"description\":\"La 6\u00e8me \u00e9dition du Festival du Film d'El Gouna, qui se tient du 14 au 21 d\u00e9cembre 2023, a \u00e9t\u00e9 illumin\u00e9e par la pr\u00e9sence rayonnante de la grande actrice \u00e9gyptien...\",\"breadcrumb\":{\"@id\":\"https:\\\/\\\/www.webdo.tn\\\/fr\\\/actualite\\\/culture\\\/master-class-de-yousra-au-festival-d-el-gouna-cinema-passion-et-confidences\\\/210887\\\/#breadcrumb\"},\"inLanguage\":\"fr-FR\",\"potentialAction\":[{\"@type\":\"ReadAction\",\"target\":[\"https:\\\/\\\/www.webdo.tn\\\/fr\\\/actualite\\\/culture\\\/master-class-de-yousra-au-festival-d-el-gouna-cinema-passion-et-confidences\\\/210887\\\/\"]}]},{\"@type\":\"ImageObject\",\"inLanguage\":\"fr-FR\",\"@id\":\"https:\\\/\\\/www.webdo.tn\\\/fr\\\/actualite\\\/culture\\\/master-class-de-yousra-au-festival-d-el-gouna-cinema-passion-et-confidences\\\/210887\\\/#primaryimage\",\"url\":\"https:\\\/\\\/www.webdo.tn\\\/fr\\\/wp-content\\\/uploads\\\/2023\\\/12\\\/2ed0f4433deb1065055becf1a219f68c.jpeg\",\"contentUrl\":\"https:\\\/\\\/www.webdo.tn\\\/fr\\\/wp-content\\\/uploads\\\/2023\\\/12\\\/2ed0f4433deb1065055becf1a219f68c.jpeg\",\"width\":750,\"height\":400,\"caption\":\"Master class de Yousra au Festival d'El Gouna: Cin\u00e9ma, Passion et Confidences\"},{\"@type\":\"BreadcrumbList\",\"@id\":\"https:\\\/\\\/www.webdo.tn\\\/fr\\\/actualite\\\/culture\\\/master-class-de-yousra-au-festival-d-el-gouna-cinema-passion-et-confidences\\\/210887\\\/#breadcrumb\",\"itemListElement\":[{\"@type\":\"ListItem\",\"position\":1,\"name\":\"Accueil\",\"item\":\"https:\\\/\\\/www.webdo.tn\\\/fr\\\/\"},{\"@type\":\"ListItem\",\"position\":2,\"name\":\"Master class de Yousra au Festival d&rsquo;El Gouna: Cin\u00e9ma, Passion et Confidences\"}]},{\"@type\":\"WebSite\",\"@id\":\"https:\\\/\\\/www.webdo.tn\\\/fr\\\/#website\",\"url\":\"https:\\\/\\\/www.webdo.tn\\\/fr\\\/\",\"name\":\"webdo\",\"description\":\"Tunisie - News en Tunisie et \u00e0 l&#039;international sur Webdo.tn\",\"publisher\":{\"@id\":\"https:\\\/\\\/www.webdo.tn\\\/fr\\\/#organization\"},\"potentialAction\":[{\"@type\":\"SearchAction\",\"target\":{\"@type\":\"EntryPoint\",\"urlTemplate\":\"https:\\\/\\\/www.webdo.tn\\\/fr\\\/?s={search_term_string}\"},\"query-input\":{\"@type\":\"PropertyValueSpecification\",\"valueRequired\":true,\"valueName\":\"search_term_string\"}}],\"inLanguage\":\"fr-FR\"},{\"@type\":\"Organization\",\"@id\":\"https:\\\/\\\/www.webdo.tn\\\/fr\\\/#organization\",\"name\":\"Webdo\",\"alternateName\":\"Webdo.tn\",\"url\":\"https:\\\/\\\/www.webdo.tn\\\/fr\\\/\",\"logo\":{\"@type\":\"ImageObject\",\"inLanguage\":\"fr-FR\",\"@id\":\"https:\\\/\\\/www.webdo.tn\\\/fr\\\/#\\\/schema\\\/logo\\\/image\\\/\",\"url\":\"https:\\\/\\\/www.webdo.tn\\\/fr\\\/wp-content\\\/uploads\\\/2025\\\/06\\\/Webdo-Tunisie_168377.jpg\",\"contentUrl\":\"https:\\\/\\\/www.webdo.tn\\\/fr\\\/wp-content\\\/uploads\\\/2025\\\/06\\\/Webdo-Tunisie_168377.jpg\",\"width\":301,\"height\":301,\"caption\":\"Webdo\"},\"image\":{\"@id\":\"https:\\\/\\\/www.webdo.tn\\\/fr\\\/#\\\/schema\\\/logo\\\/image\\\/\"},\"sameAs\":[\"https:\\\/\\\/www.facebook.com\\\/webdotn\",\"https:\\\/\\\/x.com\\\/webdo_tn\"],\"description\":\"Webdo est un m\u00e9dia num\u00e9rique tunisien fond\u00e9 en 2010, sp\u00e9cialis\u00e9 dans l\u2019actualit\u00e9 nationale et internationale, l\u2019\u00e9conomie, la soci\u00e9t\u00e9 et les analyses politiques. Le site s\u2019adresse \u00e0 un large public francophone et couvre l\u2019information tunisienne en temps r\u00e9el.\",\"email\":\"redac@webdo.tn\",\"legalName\":\"YNJ SARL\",\"foundingDate\":\"2010-09-06\",\"numberOfEmployees\":{\"@type\":\"QuantitativeValue\",\"minValue\":\"11\",\"maxValue\":\"50\"}},{\"@type\":\"Person\",\"@id\":\"https:\\\/\\\/www.webdo.tn\\\/fr\\\/#\\\/schema\\\/person\\\/60d5ba619ed3f58783b0dc82b7dada80\",\"name\":\"Ne\u00efla DRISS\",\"image\":{\"@type\":\"ImageObject\",\"inLanguage\":\"fr-FR\",\"@id\":\"https:\\\/\\\/www.webdo.tn\\\/fr\\\/wp-content\\\/uploads\\\/2026\\\/04\\\/neila-driss_avatar-96x96.jpg\",\"url\":\"https:\\\/\\\/www.webdo.tn\\\/fr\\\/wp-content\\\/uploads\\\/2026\\\/04\\\/neila-driss_avatar-96x96.jpg\",\"contentUrl\":\"https:\\\/\\\/www.webdo.tn\\\/fr\\\/wp-content\\\/uploads\\\/2026\\\/04\\\/neila-driss_avatar-96x96.jpg\",\"caption\":\"Ne\u00efla DRISS\"},\"description\":\"Ne\u00efla Driss est juriste, journaliste culturelle et critique de cin\u00e9ma tunisienne. Titulaire d\u2019un DEA en droit priv\u00e9 de l\u2019Universit\u00e9 Paris II et d\u2019un DESS de l\u2019IHEC Carthage, elle d\u00e9bute sa carri\u00e8re comme juriste sp\u00e9cialis\u00e9e en gestion de patrimoine immobilier. Elle s\u2019oriente ensuite vers l\u2019\u00e9criture en ligne, o\u00f9 elle se distingue d\u00e8s 2006 aux Tunisia Blog Awards, avant de se consacrer au journalisme culturel, avec une sp\u00e9cialisation dans la critique cin\u00e9matographique. Elle couvre r\u00e9guli\u00e8rement les grands festivals internationaux, notamment le Festival de Cannes, les Journ\u00e9es Cin\u00e9matographiques de Carthage et le Festival du film du Caire. Membre de l\u2019ATPCC et de la FIPRESCI, elle participe \u00e0 des jurys et initiatives internationales de critique. Depuis 2024, elle est \u00e9lectrice internationale aux Golden Globes. Facebook : https:\\\/\\\/www.facebook.com\\\/massir.destiniii\\\/ X : https:\\\/\\\/x.com\\\/MassirDestin\",\"sameAs\":[\"https:\\\/\\\/www.facebook.com\\\/massir.destiniii\\\/\",\"https:\\\/\\\/www.instagram.com\\\/neila.driss\\\/?hl=fr\",\"https:\\\/\\\/www.linkedin.com\\\/in\\\/neila-driss-22606a80\\\/\",\"https:\\\/\\\/x.com\\\/https:\\\/\\\/x.com\\\/MassirDestin\"],\"knowsAbout\":[\"Cin\u00e9ma international\",\"critique cin\u00e9matographique\",\"festivals de cin\u00e9ma\",\"journalisme culturel\"],\"knowsLanguage\":[\"Fran\u00e7ais\",\"Arabe\",\"Anglais\"],\"jobTitle\":\"Journaliste culturelle et critique de cin\u00e9ma\",\"worksFor\":\"Webdo\",\"url\":\"https:\\\/\\\/www.webdo.tn\\\/fr\\\/actualite\\\/author\\\/neila-driss\\\/\"}]}<\/script>\n<!-- \/ Yoast SEO Premium plugin. -->","yoast_head_json":{"title":"Master class de Yousra au Festival d'El Gouna: Cin\u00e9ma, Passion et Confidences","description":"La 6\u00e8me \u00e9dition du Festival du Film d'El Gouna, qui se tient du 14 au 21 d\u00e9cembre 2023, a \u00e9t\u00e9 illumin\u00e9e par la pr\u00e9sence rayonnante de la grande actrice \u00e9gyptien...","canonical":"https:\/\/www.webdo.tn\/fr\/actualite\/culture\/master-class-de-yousra-au-festival-d-el-gouna-cinema-passion-et-confidences\/210887\/","og_locale":"fr_FR","og_type":"article","og_title":"Master class de Yousra au Festival d'El Gouna: Cin\u00e9ma, Passion et Confidences","og_description":"La 6\u00e8me \u00e9dition du Festival du Film d'El Gouna, qui se tient du 14 au 21 d\u00e9cembre 2023, a \u00e9t\u00e9 illumin\u00e9e par la pr\u00e9sence rayonnante de la grande actrice \u00e9gyptien...","og_url":"https:\/\/www.webdo.tn\/fr\/actualite\/culture\/master-class-de-yousra-au-festival-d-el-gouna-cinema-passion-et-confidences\/210887\/","og_site_name":"webdo","article_publisher":"https:\/\/www.facebook.com\/webdotn","article_author":"https:\/\/www.facebook.com\/massir.destiniii\/","article_published_time":"2023-12-18T07:20:00+00:00","article_modified_time":"2025-05-21T08:56:18+00:00","og_image":[{"width":750,"height":400,"url":"https:\/\/www.webdo.tn\/fr\/wp-content\/uploads\/2023\/12\/2ed0f4433deb1065055becf1a219f68c.jpeg","type":"image\/jpeg"}],"author":"Ne\u00efla DRISS","twitter_card":"summary_large_image","twitter_creator":"@https:\/\/x.com\/MassirDestin","twitter_site":"@webdo_tn","twitter_misc":{"\u00c9crit par":"Ne\u00efla DRISS","Dur\u00e9e de lecture estim\u00e9e":"7 minutes"},"schema":{"@context":"https:\/\/schema.org","@graph":[{"@type":"NewsArticle","@id":"https:\/\/www.webdo.tn\/fr\/actualite\/culture\/master-class-de-yousra-au-festival-d-el-gouna-cinema-passion-et-confidences\/210887\/#article","isPartOf":{"@id":"https:\/\/www.webdo.tn\/fr\/actualite\/culture\/master-class-de-yousra-au-festival-d-el-gouna-cinema-passion-et-confidences\/210887\/"},"author":{"name":"Ne\u00efla DRISS","@id":"https:\/\/www.webdo.tn\/fr\/#\/schema\/person\/60d5ba619ed3f58783b0dc82b7dada80"},"headline":"Master class de Yousra au Festival d&rsquo;El Gouna: Cin\u00e9ma, Passion et Confidences","datePublished":"2023-12-18T07:20:00+00:00","dateModified":"2025-05-21T08:56:18+00:00","mainEntityOfPage":{"@id":"https:\/\/www.webdo.tn\/fr\/actualite\/culture\/master-class-de-yousra-au-festival-d-el-gouna-cinema-passion-et-confidences\/210887\/"},"wordCount":1543,"commentCount":0,"publisher":{"@id":"https:\/\/www.webdo.tn\/fr\/#organization"},"image":{"@id":"https:\/\/www.webdo.tn\/fr\/actualite\/culture\/master-class-de-yousra-au-festival-d-el-gouna-cinema-passion-et-confidences\/210887\/#primaryimage"},"thumbnailUrl":"https:\/\/www.webdo.tn\/fr\/wp-content\/uploads\/2023\/12\/2ed0f4433deb1065055becf1a219f68c.jpeg","keywords":["El Gouna 2023","Festival du Film d'El Gouna","GFF","GFF 2023","Yousra"],"articleSection":["Culture"],"inLanguage":"fr-FR"},{"@type":"WebPage","@id":"https:\/\/www.webdo.tn\/fr\/actualite\/culture\/master-class-de-yousra-au-festival-d-el-gouna-cinema-passion-et-confidences\/210887\/","url":"https:\/\/www.webdo.tn\/fr\/actualite\/culture\/master-class-de-yousra-au-festival-d-el-gouna-cinema-passion-et-confidences\/210887\/","name":"Master class de Yousra au Festival d'El Gouna: Cin\u00e9ma, Passion et Confidences","isPartOf":{"@id":"https:\/\/www.webdo.tn\/fr\/#website"},"primaryImageOfPage":{"@id":"https:\/\/www.webdo.tn\/fr\/actualite\/culture\/master-class-de-yousra-au-festival-d-el-gouna-cinema-passion-et-confidences\/210887\/#primaryimage"},"image":{"@id":"https:\/\/www.webdo.tn\/fr\/actualite\/culture\/master-class-de-yousra-au-festival-d-el-gouna-cinema-passion-et-confidences\/210887\/#primaryimage"},"thumbnailUrl":"https:\/\/www.webdo.tn\/fr\/wp-content\/uploads\/2023\/12\/2ed0f4433deb1065055becf1a219f68c.jpeg","datePublished":"2023-12-18T07:20:00+00:00","dateModified":"2025-05-21T08:56:18+00:00","description":"La 6\u00e8me \u00e9dition du Festival du Film d'El Gouna, qui se tient du 14 au 21 d\u00e9cembre 2023, a \u00e9t\u00e9 illumin\u00e9e par la pr\u00e9sence rayonnante de la grande actrice \u00e9gyptien...","breadcrumb":{"@id":"https:\/\/www.webdo.tn\/fr\/actualite\/culture\/master-class-de-yousra-au-festival-d-el-gouna-cinema-passion-et-confidences\/210887\/#breadcrumb"},"inLanguage":"fr-FR","potentialAction":[{"@type":"ReadAction","target":["https:\/\/www.webdo.tn\/fr\/actualite\/culture\/master-class-de-yousra-au-festival-d-el-gouna-cinema-passion-et-confidences\/210887\/"]}]},{"@type":"ImageObject","inLanguage":"fr-FR","@id":"https:\/\/www.webdo.tn\/fr\/actualite\/culture\/master-class-de-yousra-au-festival-d-el-gouna-cinema-passion-et-confidences\/210887\/#primaryimage","url":"https:\/\/www.webdo.tn\/fr\/wp-content\/uploads\/2023\/12\/2ed0f4433deb1065055becf1a219f68c.jpeg","contentUrl":"https:\/\/www.webdo.tn\/fr\/wp-content\/uploads\/2023\/12\/2ed0f4433deb1065055becf1a219f68c.jpeg","width":750,"height":400,"caption":"Master class de Yousra au Festival d'El Gouna: Cin\u00e9ma, Passion et Confidences"},{"@type":"BreadcrumbList","@id":"https:\/\/www.webdo.tn\/fr\/actualite\/culture\/master-class-de-yousra-au-festival-d-el-gouna-cinema-passion-et-confidences\/210887\/#breadcrumb","itemListElement":[{"@type":"ListItem","position":1,"name":"Accueil","item":"https:\/\/www.webdo.tn\/fr\/"},{"@type":"ListItem","position":2,"name":"Master class de Yousra au Festival d&rsquo;El Gouna: Cin\u00e9ma, Passion et Confidences"}]},{"@type":"WebSite","@id":"https:\/\/www.webdo.tn\/fr\/#website","url":"https:\/\/www.webdo.tn\/fr\/","name":"webdo","description":"Tunisie - News en Tunisie et \u00e0 l&#039;international sur Webdo.tn","publisher":{"@id":"https:\/\/www.webdo.tn\/fr\/#organization"},"potentialAction":[{"@type":"SearchAction","target":{"@type":"EntryPoint","urlTemplate":"https:\/\/www.webdo.tn\/fr\/?s={search_term_string}"},"query-input":{"@type":"PropertyValueSpecification","valueRequired":true,"valueName":"search_term_string"}}],"inLanguage":"fr-FR"},{"@type":"Organization","@id":"https:\/\/www.webdo.tn\/fr\/#organization","name":"Webdo","alternateName":"Webdo.tn","url":"https:\/\/www.webdo.tn\/fr\/","logo":{"@type":"ImageObject","inLanguage":"fr-FR","@id":"https:\/\/www.webdo.tn\/fr\/#\/schema\/logo\/image\/","url":"https:\/\/www.webdo.tn\/fr\/wp-content\/uploads\/2025\/06\/Webdo-Tunisie_168377.jpg","contentUrl":"https:\/\/www.webdo.tn\/fr\/wp-content\/uploads\/2025\/06\/Webdo-Tunisie_168377.jpg","width":301,"height":301,"caption":"Webdo"},"image":{"@id":"https:\/\/www.webdo.tn\/fr\/#\/schema\/logo\/image\/"},"sameAs":["https:\/\/www.facebook.com\/webdotn","https:\/\/x.com\/webdo_tn"],"description":"Webdo est un m\u00e9dia num\u00e9rique tunisien fond\u00e9 en 2010, sp\u00e9cialis\u00e9 dans l\u2019actualit\u00e9 nationale et internationale, l\u2019\u00e9conomie, la soci\u00e9t\u00e9 et les analyses politiques. Le site s\u2019adresse \u00e0 un large public francophone et couvre l\u2019information tunisienne en temps r\u00e9el.","email":"redac@webdo.tn","legalName":"YNJ SARL","foundingDate":"2010-09-06","numberOfEmployees":{"@type":"QuantitativeValue","minValue":"11","maxValue":"50"}},{"@type":"Person","@id":"https:\/\/www.webdo.tn\/fr\/#\/schema\/person\/60d5ba619ed3f58783b0dc82b7dada80","name":"Ne\u00efla DRISS","image":{"@type":"ImageObject","inLanguage":"fr-FR","@id":"https:\/\/www.webdo.tn\/fr\/wp-content\/uploads\/2026\/04\/neila-driss_avatar-96x96.jpg","url":"https:\/\/www.webdo.tn\/fr\/wp-content\/uploads\/2026\/04\/neila-driss_avatar-96x96.jpg","contentUrl":"https:\/\/www.webdo.tn\/fr\/wp-content\/uploads\/2026\/04\/neila-driss_avatar-96x96.jpg","caption":"Ne\u00efla DRISS"},"description":"Ne\u00efla Driss est juriste, journaliste culturelle et critique de cin\u00e9ma tunisienne. Titulaire d\u2019un DEA en droit priv\u00e9 de l\u2019Universit\u00e9 Paris II et d\u2019un DESS de l\u2019IHEC Carthage, elle d\u00e9bute sa carri\u00e8re comme juriste sp\u00e9cialis\u00e9e en gestion de patrimoine immobilier. Elle s\u2019oriente ensuite vers l\u2019\u00e9criture en ligne, o\u00f9 elle se distingue d\u00e8s 2006 aux Tunisia Blog Awards, avant de se consacrer au journalisme culturel, avec une sp\u00e9cialisation dans la critique cin\u00e9matographique. Elle couvre r\u00e9guli\u00e8rement les grands festivals internationaux, notamment le Festival de Cannes, les Journ\u00e9es Cin\u00e9matographiques de Carthage et le Festival du film du Caire. Membre de l\u2019ATPCC et de la FIPRESCI, elle participe \u00e0 des jurys et initiatives internationales de critique. Depuis 2024, elle est \u00e9lectrice internationale aux Golden Globes. Facebook : https:\/\/www.facebook.com\/massir.destiniii\/ X : https:\/\/x.com\/MassirDestin","sameAs":["https:\/\/www.facebook.com\/massir.destiniii\/","https:\/\/www.instagram.com\/neila.driss\/?hl=fr","https:\/\/www.linkedin.com\/in\/neila-driss-22606a80\/","https:\/\/x.com\/https:\/\/x.com\/MassirDestin"],"knowsAbout":["Cin\u00e9ma international","critique cin\u00e9matographique","festivals de cin\u00e9ma","journalisme culturel"],"knowsLanguage":["Fran\u00e7ais","Arabe","Anglais"],"jobTitle":"Journaliste culturelle et critique de cin\u00e9ma","worksFor":"Webdo","url":"https:\/\/www.webdo.tn\/fr\/actualite\/author\/neila-driss\/"}]}},"_links":{"self":[{"href":"https:\/\/www.webdo.tn\/fr\/wp-json\/wp\/v2\/posts\/210887","targetHints":{"allow":["GET"]}}],"collection":[{"href":"https:\/\/www.webdo.tn\/fr\/wp-json\/wp\/v2\/posts"}],"about":[{"href":"https:\/\/www.webdo.tn\/fr\/wp-json\/wp\/v2\/types\/post"}],"author":[{"embeddable":true,"href":"https:\/\/www.webdo.tn\/fr\/wp-json\/wp\/v2\/users\/3164"}],"replies":[{"embeddable":true,"href":"https:\/\/www.webdo.tn\/fr\/wp-json\/wp\/v2\/comments?post=210887"}],"version-history":[{"count":0,"href":"https:\/\/www.webdo.tn\/fr\/wp-json\/wp\/v2\/posts\/210887\/revisions"}],"wp:featuredmedia":[{"embeddable":true,"href":"https:\/\/www.webdo.tn\/fr\/wp-json\/wp\/v2\/media\/248489"}],"wp:attachment":[{"href":"https:\/\/www.webdo.tn\/fr\/wp-json\/wp\/v2\/media?parent=210887"}],"wp:term":[{"taxonomy":"category","embeddable":true,"href":"https:\/\/www.webdo.tn\/fr\/wp-json\/wp\/v2\/categories?post=210887"},{"taxonomy":"post_tag","embeddable":true,"href":"https:\/\/www.webdo.tn\/fr\/wp-json\/wp\/v2\/tags?post=210887"}],"curies":[{"name":"wp","href":"https:\/\/api.w.org\/{rel}","templated":true}]}}