{"id":210880,"date":"2023-12-17T15:17:00","date_gmt":"2023-12-17T15:17:00","guid":{"rendered":"https:\/\/www.webdo.tn\/fr\/blog\/au-moins-61-migrants-morts-dans-le-naufrage-d-un-navire-au-large-de-la-libye\/210880\/"},"modified":"2025-05-20T22:39:00","modified_gmt":"2025-05-20T22:39:00","slug":"au-moins-61-migrants-morts-dans-le-naufrage-d-un-navire-au-large-de-la-libye","status":"publish","type":"post","link":"https:\/\/www.webdo.tn\/fr\/actualite\/international\/au-moins-61-migrants-morts-dans-le-naufrage-d-un-navire-au-large-de-la-libye\/210880\/","title":{"rendered":"Au moins 61 migrants morts dans le naufrage d\u2019un navire au large de la Libye"},"content":{"rendered":"<p>L\u2019Organisation internationale pour les migrations a fait savoir ce dimanche 17 d\u00e9cembre 2023 qu\u2019au moins 61 r\u00e9fugi\u00e9s et demandeurs d\u2019asile, dont des femmes et des enfants, se sont noy\u00e9s apr\u00e8s le naufrage \u00ab tragique \u00bb d\u2019un navire au large de la Libye.<\/p>\n<p>\t\t\t\t\t\t\t\t\tLe bureau de l\u2019organisation en Libye a cit\u00e9 des survivants affirmant que le bateau transportait environ 86 personnes.<\/p>\n<p>La m\u00eame source a d\u00e9clar\u00e9 dans un communiqu\u00e9 qu\u2019il estime qu&rsquo; \u00bbun grand nombre de migrants \u00bb sont morts \u00e0 cause des hautes vagues qui ont submerg\u00e9 leur navire apr\u00e8s son d\u00e9part de Zuwara, sur la c\u00f4te nord-ouest de la Libye.<\/p>\n<p>\u00ab La Libye et la Tunisie sont des points de d\u00e9part majeurs pour les r\u00e9fugi\u00e9s et les demandeurs d\u2019asile qui risquent de dangereux voyages en mer dans l\u2019espoir d\u2019atteindre l\u2019Europe via l\u2019Italie \u00bb, a-t-on soulign\u00e9.<\/p>\n","protected":false},"excerpt":{"rendered":"<p>Le bureau de l\u2019organisation en Libye a cit\u00e9 des survivants affirmant que le bateau transportait environ 86 personnes.<\/p>\n","protected":false},"author":3175,"featured_media":248485,"comment_status":"open","ping_status":"closed","sticky":false,"template":"","format":"standard","meta":{"footnotes":""},"categories":[2598],"tags":[3279,2894,2615],"class_list":["post-210880","post","type-post","status-publish","format-standard","has-post-thumbnail","hentry","category-international","tag-libye","tag-migrants","tag-migration"],"yoast_head":"<!-- This site is optimized with the Yoast SEO Premium plugin v27.4 (Yoast SEO v27.4) - https:\/\/yoast.com\/product\/yoast-seo-premium-wordpress\/ -->\n<title>Au moins 61 migrants morts dans le naufrage d\u2019un navire au large de la Libye<\/title>\n<meta name=\"description\" content=\"Le bureau de l\u2019organisation en Libye a cit\u00e9 des survivants affirmant que le bateau transportait environ 86 personnes.\" \/>\n<link rel=\"canonical\" href=\"https:\/\/www.webdo.tn\/fr\/actualite\/international\/au-moins-61-migrants-morts-dans-le-naufrage-d-un-navire-au-large-de-la-libye\/210880\/\" \/>\n<meta property=\"og:locale\" content=\"fr_FR\" \/>\n<meta property=\"og:type\" content=\"article\" \/>\n<meta property=\"og:title\" content=\"Au moins 61 migrants morts dans le naufrage d\u2019un navire au large de la Libye\" \/>\n<meta property=\"og:description\" content=\"Le bureau de l\u2019organisation en Libye a cit\u00e9 des survivants affirmant que le bateau transportait environ 86 personnes.\" \/>\n<meta property=\"og:url\" content=\"https:\/\/www.webdo.tn\/fr\/actualite\/international\/au-moins-61-migrants-morts-dans-le-naufrage-d-un-navire-au-large-de-la-libye\/210880\/\" \/>\n<meta property=\"og:site_name\" content=\"webdo\" \/>\n<meta property=\"article:publisher\" content=\"https:\/\/www.facebook.com\/webdotn\" \/>\n<meta property=\"article:published_time\" content=\"2023-12-17T15:17:00+00:00\" \/>\n<meta property=\"article:modified_time\" content=\"2025-05-20T22:39:00+00:00\" \/>\n<meta property=\"og:image\" content=\"https:\/\/www.webdo.tn\/fr\/wp-content\/uploads\/2023\/12\/53c5a0da3a8f77ac3305d2e63aa8b7ab.png\" \/>\n\t<meta property=\"og:image:width\" content=\"750\" \/>\n\t<meta property=\"og:image:height\" content=\"400\" \/>\n\t<meta property=\"og:image:type\" content=\"image\/png\" \/>\n<meta name=\"author\" content=\"CL\" \/>\n<meta name=\"twitter:card\" content=\"summary_large_image\" \/>\n<meta name=\"twitter:creator\" content=\"@webdo_tn\" \/>\n<meta name=\"twitter:site\" content=\"@webdo_tn\" \/>\n<meta name=\"twitter:label1\" content=\"\u00c9crit par\" \/>\n\t<meta name=\"twitter:data1\" content=\"CL\" \/>\n\t<meta name=\"twitter:label2\" content=\"Dur\u00e9e de lecture estim\u00e9e\" \/>\n\t<meta name=\"twitter:data2\" content=\"1 minute\" \/>\n<script type=\"application\/ld+json\" class=\"yoast-schema-graph\">{\"@context\":\"https:\\\/\\\/schema.org\",\"@graph\":[{\"@type\":\"NewsArticle\",\"@id\":\"https:\\\/\\\/www.webdo.tn\\\/fr\\\/actualite\\\/international\\\/au-moins-61-migrants-morts-dans-le-naufrage-d-un-navire-au-large-de-la-libye\\\/210880\\\/#article\",\"isPartOf\":{\"@id\":\"https:\\\/\\\/www.webdo.tn\\\/fr\\\/actualite\\\/international\\\/au-moins-61-migrants-morts-dans-le-naufrage-d-un-navire-au-large-de-la-libye\\\/210880\\\/\"},\"author\":{\"name\":\"CL\",\"@id\":\"https:\\\/\\\/www.webdo.tn\\\/fr\\\/#\\\/schema\\\/person\\\/f35b42a42c5e2511bbd282959d6385cc\"},\"headline\":\"Au moins 61 migrants morts dans le naufrage d\u2019un navire au large de la Libye\",\"datePublished\":\"2023-12-17T15:17:00+00:00\",\"dateModified\":\"2025-05-20T22:39:00+00:00\",\"mainEntityOfPage\":{\"@id\":\"https:\\\/\\\/www.webdo.tn\\\/fr\\\/actualite\\\/international\\\/au-moins-61-migrants-morts-dans-le-naufrage-d-un-navire-au-large-de-la-libye\\\/210880\\\/\"},\"wordCount\":165,\"commentCount\":0,\"publisher\":{\"@id\":\"https:\\\/\\\/www.webdo.tn\\\/fr\\\/#organization\"},\"image\":{\"@id\":\"https:\\\/\\\/www.webdo.tn\\\/fr\\\/actualite\\\/international\\\/au-moins-61-migrants-morts-dans-le-naufrage-d-un-navire-au-large-de-la-libye\\\/210880\\\/#primaryimage\"},\"thumbnailUrl\":\"https:\\\/\\\/www.webdo.tn\\\/fr\\\/wp-content\\\/uploads\\\/2023\\\/12\\\/53c5a0da3a8f77ac3305d2e63aa8b7ab.png\",\"keywords\":[\"Libye\",\"migrants\",\"Migration\"],\"articleSection\":[\"International\"],\"inLanguage\":\"fr-FR\"},{\"@type\":\"WebPage\",\"@id\":\"https:\\\/\\\/www.webdo.tn\\\/fr\\\/actualite\\\/international\\\/au-moins-61-migrants-morts-dans-le-naufrage-d-un-navire-au-large-de-la-libye\\\/210880\\\/\",\"url\":\"https:\\\/\\\/www.webdo.tn\\\/fr\\\/actualite\\\/international\\\/au-moins-61-migrants-morts-dans-le-naufrage-d-un-navire-au-large-de-la-libye\\\/210880\\\/\",\"name\":\"Au moins 61 migrants morts dans le naufrage d\u2019un navire au large de la Libye\",\"isPartOf\":{\"@id\":\"https:\\\/\\\/www.webdo.tn\\\/fr\\\/#website\"},\"primaryImageOfPage\":{\"@id\":\"https:\\\/\\\/www.webdo.tn\\\/fr\\\/actualite\\\/international\\\/au-moins-61-migrants-morts-dans-le-naufrage-d-un-navire-au-large-de-la-libye\\\/210880\\\/#primaryimage\"},\"image\":{\"@id\":\"https:\\\/\\\/www.webdo.tn\\\/fr\\\/actualite\\\/international\\\/au-moins-61-migrants-morts-dans-le-naufrage-d-un-navire-au-large-de-la-libye\\\/210880\\\/#primaryimage\"},\"thumbnailUrl\":\"https:\\\/\\\/www.webdo.tn\\\/fr\\\/wp-content\\\/uploads\\\/2023\\\/12\\\/53c5a0da3a8f77ac3305d2e63aa8b7ab.png\",\"datePublished\":\"2023-12-17T15:17:00+00:00\",\"dateModified\":\"2025-05-20T22:39:00+00:00\",\"description\":\"Le bureau de l\u2019organisation en Libye a cit\u00e9 des survivants affirmant que le bateau transportait environ 86 personnes.\",\"breadcrumb\":{\"@id\":\"https:\\\/\\\/www.webdo.tn\\\/fr\\\/actualite\\\/international\\\/au-moins-61-migrants-morts-dans-le-naufrage-d-un-navire-au-large-de-la-libye\\\/210880\\\/#breadcrumb\"},\"inLanguage\":\"fr-FR\",\"potentialAction\":[{\"@type\":\"ReadAction\",\"target\":[\"https:\\\/\\\/www.webdo.tn\\\/fr\\\/actualite\\\/international\\\/au-moins-61-migrants-morts-dans-le-naufrage-d-un-navire-au-large-de-la-libye\\\/210880\\\/\"]}]},{\"@type\":\"ImageObject\",\"inLanguage\":\"fr-FR\",\"@id\":\"https:\\\/\\\/www.webdo.tn\\\/fr\\\/actualite\\\/international\\\/au-moins-61-migrants-morts-dans-le-naufrage-d-un-navire-au-large-de-la-libye\\\/210880\\\/#primaryimage\",\"url\":\"https:\\\/\\\/www.webdo.tn\\\/fr\\\/wp-content\\\/uploads\\\/2023\\\/12\\\/53c5a0da3a8f77ac3305d2e63aa8b7ab.png\",\"contentUrl\":\"https:\\\/\\\/www.webdo.tn\\\/fr\\\/wp-content\\\/uploads\\\/2023\\\/12\\\/53c5a0da3a8f77ac3305d2e63aa8b7ab.png\",\"width\":750,\"height\":400,\"caption\":\"Au moins 61 migrants morts dans le naufrage d\u2019un navire au large de la Libye\"},{\"@type\":\"BreadcrumbList\",\"@id\":\"https:\\\/\\\/www.webdo.tn\\\/fr\\\/actualite\\\/international\\\/au-moins-61-migrants-morts-dans-le-naufrage-d-un-navire-au-large-de-la-libye\\\/210880\\\/#breadcrumb\",\"itemListElement\":[{\"@type\":\"ListItem\",\"position\":1,\"name\":\"Accueil\",\"item\":\"https:\\\/\\\/www.webdo.tn\\\/fr\\\/\"},{\"@type\":\"ListItem\",\"position\":2,\"name\":\"Au moins 61 migrants morts dans le naufrage d\u2019un navire au large de la Libye\"}]},{\"@type\":\"WebSite\",\"@id\":\"https:\\\/\\\/www.webdo.tn\\\/fr\\\/#website\",\"url\":\"https:\\\/\\\/www.webdo.tn\\\/fr\\\/\",\"name\":\"webdo\",\"description\":\"Tunisie - News en Tunisie et \u00e0 l&#039;international sur Webdo.tn\",\"publisher\":{\"@id\":\"https:\\\/\\\/www.webdo.tn\\\/fr\\\/#organization\"},\"potentialAction\":[{\"@type\":\"SearchAction\",\"target\":{\"@type\":\"EntryPoint\",\"urlTemplate\":\"https:\\\/\\\/www.webdo.tn\\\/fr\\\/?s={search_term_string}\"},\"query-input\":{\"@type\":\"PropertyValueSpecification\",\"valueRequired\":true,\"valueName\":\"search_term_string\"}}],\"inLanguage\":\"fr-FR\"},{\"@type\":\"Organization\",\"@id\":\"https:\\\/\\\/www.webdo.tn\\\/fr\\\/#organization\",\"name\":\"Webdo\",\"alternateName\":\"Webdo.tn\",\"url\":\"https:\\\/\\\/www.webdo.tn\\\/fr\\\/\",\"logo\":{\"@type\":\"ImageObject\",\"inLanguage\":\"fr-FR\",\"@id\":\"https:\\\/\\\/www.webdo.tn\\\/fr\\\/#\\\/schema\\\/logo\\\/image\\\/\",\"url\":\"https:\\\/\\\/www.webdo.tn\\\/fr\\\/wp-content\\\/uploads\\\/2025\\\/06\\\/Webdo-Tunisie_168377.jpg\",\"contentUrl\":\"https:\\\/\\\/www.webdo.tn\\\/fr\\\/wp-content\\\/uploads\\\/2025\\\/06\\\/Webdo-Tunisie_168377.jpg\",\"width\":301,\"height\":301,\"caption\":\"Webdo\"},\"image\":{\"@id\":\"https:\\\/\\\/www.webdo.tn\\\/fr\\\/#\\\/schema\\\/logo\\\/image\\\/\"},\"sameAs\":[\"https:\\\/\\\/www.facebook.com\\\/webdotn\",\"https:\\\/\\\/x.com\\\/webdo_tn\"],\"description\":\"Webdo est un m\u00e9dia num\u00e9rique tunisien fond\u00e9 en 2010, sp\u00e9cialis\u00e9 dans l\u2019actualit\u00e9 nationale et internationale, l\u2019\u00e9conomie, la soci\u00e9t\u00e9 et les analyses politiques. Le site s\u2019adresse \u00e0 un large public francophone et couvre l\u2019information tunisienne en temps r\u00e9el.\",\"email\":\"redac@webdo.tn\",\"legalName\":\"YNJ SARL\",\"foundingDate\":\"2010-09-06\",\"numberOfEmployees\":{\"@type\":\"QuantitativeValue\",\"minValue\":\"11\",\"maxValue\":\"50\"}},{\"@type\":\"Person\",\"@id\":\"https:\\\/\\\/www.webdo.tn\\\/fr\\\/#\\\/schema\\\/person\\\/f35b42a42c5e2511bbd282959d6385cc\",\"name\":\"CL\",\"image\":{\"@type\":\"ImageObject\",\"inLanguage\":\"fr-FR\",\"@id\":\"https:\\\/\\\/secure.gravatar.com\\\/avatar\\\/1447a49909b67aa657c488aec6512e1dd6143a480c1ecfee9b5b5cd74eb3b59e?s=96&d=mm&r=g\",\"url\":\"https:\\\/\\\/secure.gravatar.com\\\/avatar\\\/1447a49909b67aa657c488aec6512e1dd6143a480c1ecfee9b5b5cd74eb3b59e?s=96&d=mm&r=g\",\"contentUrl\":\"https:\\\/\\\/secure.gravatar.com\\\/avatar\\\/1447a49909b67aa657c488aec6512e1dd6143a480c1ecfee9b5b5cd74eb3b59e?s=96&d=mm&r=g\",\"caption\":\"CL\"},\"url\":\"https:\\\/\\\/www.webdo.tn\\\/fr\\\/actualite\\\/author\\\/cl\\\/\"}]}<\/script>\n<!-- \/ Yoast SEO Premium plugin. -->","yoast_head_json":{"title":"Au moins 61 migrants morts dans le naufrage d\u2019un navire au large de la Libye","description":"Le bureau de l\u2019organisation en Libye a cit\u00e9 des survivants affirmant que le bateau transportait environ 86 personnes.","canonical":"https:\/\/www.webdo.tn\/fr\/actualite\/international\/au-moins-61-migrants-morts-dans-le-naufrage-d-un-navire-au-large-de-la-libye\/210880\/","og_locale":"fr_FR","og_type":"article","og_title":"Au moins 61 migrants morts dans le naufrage d\u2019un navire au large de la Libye","og_description":"Le bureau de l\u2019organisation en Libye a cit\u00e9 des survivants affirmant que le bateau transportait environ 86 personnes.","og_url":"https:\/\/www.webdo.tn\/fr\/actualite\/international\/au-moins-61-migrants-morts-dans-le-naufrage-d-un-navire-au-large-de-la-libye\/210880\/","og_site_name":"webdo","article_publisher":"https:\/\/www.facebook.com\/webdotn","article_published_time":"2023-12-17T15:17:00+00:00","article_modified_time":"2025-05-20T22:39:00+00:00","og_image":[{"width":750,"height":400,"url":"https:\/\/www.webdo.tn\/fr\/wp-content\/uploads\/2023\/12\/53c5a0da3a8f77ac3305d2e63aa8b7ab.png","type":"image\/png"}],"author":"CL","twitter_card":"summary_large_image","twitter_creator":"@webdo_tn","twitter_site":"@webdo_tn","twitter_misc":{"\u00c9crit par":"CL","Dur\u00e9e de lecture estim\u00e9e":"1 minute"},"schema":{"@context":"https:\/\/schema.org","@graph":[{"@type":"NewsArticle","@id":"https:\/\/www.webdo.tn\/fr\/actualite\/international\/au-moins-61-migrants-morts-dans-le-naufrage-d-un-navire-au-large-de-la-libye\/210880\/#article","isPartOf":{"@id":"https:\/\/www.webdo.tn\/fr\/actualite\/international\/au-moins-61-migrants-morts-dans-le-naufrage-d-un-navire-au-large-de-la-libye\/210880\/"},"author":{"name":"CL","@id":"https:\/\/www.webdo.tn\/fr\/#\/schema\/person\/f35b42a42c5e2511bbd282959d6385cc"},"headline":"Au moins 61 migrants morts dans le naufrage d\u2019un navire au large de la Libye","datePublished":"2023-12-17T15:17:00+00:00","dateModified":"2025-05-20T22:39:00+00:00","mainEntityOfPage":{"@id":"https:\/\/www.webdo.tn\/fr\/actualite\/international\/au-moins-61-migrants-morts-dans-le-naufrage-d-un-navire-au-large-de-la-libye\/210880\/"},"wordCount":165,"commentCount":0,"publisher":{"@id":"https:\/\/www.webdo.tn\/fr\/#organization"},"image":{"@id":"https:\/\/www.webdo.tn\/fr\/actualite\/international\/au-moins-61-migrants-morts-dans-le-naufrage-d-un-navire-au-large-de-la-libye\/210880\/#primaryimage"},"thumbnailUrl":"https:\/\/www.webdo.tn\/fr\/wp-content\/uploads\/2023\/12\/53c5a0da3a8f77ac3305d2e63aa8b7ab.png","keywords":["Libye","migrants","Migration"],"articleSection":["International"],"inLanguage":"fr-FR"},{"@type":"WebPage","@id":"https:\/\/www.webdo.tn\/fr\/actualite\/international\/au-moins-61-migrants-morts-dans-le-naufrage-d-un-navire-au-large-de-la-libye\/210880\/","url":"https:\/\/www.webdo.tn\/fr\/actualite\/international\/au-moins-61-migrants-morts-dans-le-naufrage-d-un-navire-au-large-de-la-libye\/210880\/","name":"Au moins 61 migrants morts dans le naufrage d\u2019un navire au large de la Libye","isPartOf":{"@id":"https:\/\/www.webdo.tn\/fr\/#website"},"primaryImageOfPage":{"@id":"https:\/\/www.webdo.tn\/fr\/actualite\/international\/au-moins-61-migrants-morts-dans-le-naufrage-d-un-navire-au-large-de-la-libye\/210880\/#primaryimage"},"image":{"@id":"https:\/\/www.webdo.tn\/fr\/actualite\/international\/au-moins-61-migrants-morts-dans-le-naufrage-d-un-navire-au-large-de-la-libye\/210880\/#primaryimage"},"thumbnailUrl":"https:\/\/www.webdo.tn\/fr\/wp-content\/uploads\/2023\/12\/53c5a0da3a8f77ac3305d2e63aa8b7ab.png","datePublished":"2023-12-17T15:17:00+00:00","dateModified":"2025-05-20T22:39:00+00:00","description":"Le bureau de l\u2019organisation en Libye a cit\u00e9 des survivants affirmant que le bateau transportait environ 86 personnes.","breadcrumb":{"@id":"https:\/\/www.webdo.tn\/fr\/actualite\/international\/au-moins-61-migrants-morts-dans-le-naufrage-d-un-navire-au-large-de-la-libye\/210880\/#breadcrumb"},"inLanguage":"fr-FR","potentialAction":[{"@type":"ReadAction","target":["https:\/\/www.webdo.tn\/fr\/actualite\/international\/au-moins-61-migrants-morts-dans-le-naufrage-d-un-navire-au-large-de-la-libye\/210880\/"]}]},{"@type":"ImageObject","inLanguage":"fr-FR","@id":"https:\/\/www.webdo.tn\/fr\/actualite\/international\/au-moins-61-migrants-morts-dans-le-naufrage-d-un-navire-au-large-de-la-libye\/210880\/#primaryimage","url":"https:\/\/www.webdo.tn\/fr\/wp-content\/uploads\/2023\/12\/53c5a0da3a8f77ac3305d2e63aa8b7ab.png","contentUrl":"https:\/\/www.webdo.tn\/fr\/wp-content\/uploads\/2023\/12\/53c5a0da3a8f77ac3305d2e63aa8b7ab.png","width":750,"height":400,"caption":"Au moins 61 migrants morts dans le naufrage d\u2019un navire au large de la Libye"},{"@type":"BreadcrumbList","@id":"https:\/\/www.webdo.tn\/fr\/actualite\/international\/au-moins-61-migrants-morts-dans-le-naufrage-d-un-navire-au-large-de-la-libye\/210880\/#breadcrumb","itemListElement":[{"@type":"ListItem","position":1,"name":"Accueil","item":"https:\/\/www.webdo.tn\/fr\/"},{"@type":"ListItem","position":2,"name":"Au moins 61 migrants morts dans le naufrage d\u2019un navire au large de la Libye"}]},{"@type":"WebSite","@id":"https:\/\/www.webdo.tn\/fr\/#website","url":"https:\/\/www.webdo.tn\/fr\/","name":"webdo","description":"Tunisie - News en Tunisie et \u00e0 l&#039;international sur Webdo.tn","publisher":{"@id":"https:\/\/www.webdo.tn\/fr\/#organization"},"potentialAction":[{"@type":"SearchAction","target":{"@type":"EntryPoint","urlTemplate":"https:\/\/www.webdo.tn\/fr\/?s={search_term_string}"},"query-input":{"@type":"PropertyValueSpecification","valueRequired":true,"valueName":"search_term_string"}}],"inLanguage":"fr-FR"},{"@type":"Organization","@id":"https:\/\/www.webdo.tn\/fr\/#organization","name":"Webdo","alternateName":"Webdo.tn","url":"https:\/\/www.webdo.tn\/fr\/","logo":{"@type":"ImageObject","inLanguage":"fr-FR","@id":"https:\/\/www.webdo.tn\/fr\/#\/schema\/logo\/image\/","url":"https:\/\/www.webdo.tn\/fr\/wp-content\/uploads\/2025\/06\/Webdo-Tunisie_168377.jpg","contentUrl":"https:\/\/www.webdo.tn\/fr\/wp-content\/uploads\/2025\/06\/Webdo-Tunisie_168377.jpg","width":301,"height":301,"caption":"Webdo"},"image":{"@id":"https:\/\/www.webdo.tn\/fr\/#\/schema\/logo\/image\/"},"sameAs":["https:\/\/www.facebook.com\/webdotn","https:\/\/x.com\/webdo_tn"],"description":"Webdo est un m\u00e9dia num\u00e9rique tunisien fond\u00e9 en 2010, sp\u00e9cialis\u00e9 dans l\u2019actualit\u00e9 nationale et internationale, l\u2019\u00e9conomie, la soci\u00e9t\u00e9 et les analyses politiques. Le site s\u2019adresse \u00e0 un large public francophone et couvre l\u2019information tunisienne en temps r\u00e9el.","email":"redac@webdo.tn","legalName":"YNJ SARL","foundingDate":"2010-09-06","numberOfEmployees":{"@type":"QuantitativeValue","minValue":"11","maxValue":"50"}},{"@type":"Person","@id":"https:\/\/www.webdo.tn\/fr\/#\/schema\/person\/f35b42a42c5e2511bbd282959d6385cc","name":"CL","image":{"@type":"ImageObject","inLanguage":"fr-FR","@id":"https:\/\/secure.gravatar.com\/avatar\/1447a49909b67aa657c488aec6512e1dd6143a480c1ecfee9b5b5cd74eb3b59e?s=96&d=mm&r=g","url":"https:\/\/secure.gravatar.com\/avatar\/1447a49909b67aa657c488aec6512e1dd6143a480c1ecfee9b5b5cd74eb3b59e?s=96&d=mm&r=g","contentUrl":"https:\/\/secure.gravatar.com\/avatar\/1447a49909b67aa657c488aec6512e1dd6143a480c1ecfee9b5b5cd74eb3b59e?s=96&d=mm&r=g","caption":"CL"},"url":"https:\/\/www.webdo.tn\/fr\/actualite\/author\/cl\/"}]}},"_links":{"self":[{"href":"https:\/\/www.webdo.tn\/fr\/wp-json\/wp\/v2\/posts\/210880","targetHints":{"allow":["GET"]}}],"collection":[{"href":"https:\/\/www.webdo.tn\/fr\/wp-json\/wp\/v2\/posts"}],"about":[{"href":"https:\/\/www.webdo.tn\/fr\/wp-json\/wp\/v2\/types\/post"}],"author":[{"embeddable":true,"href":"https:\/\/www.webdo.tn\/fr\/wp-json\/wp\/v2\/users\/3175"}],"replies":[{"embeddable":true,"href":"https:\/\/www.webdo.tn\/fr\/wp-json\/wp\/v2\/comments?post=210880"}],"version-history":[{"count":0,"href":"https:\/\/www.webdo.tn\/fr\/wp-json\/wp\/v2\/posts\/210880\/revisions"}],"wp:featuredmedia":[{"embeddable":true,"href":"https:\/\/www.webdo.tn\/fr\/wp-json\/wp\/v2\/media\/248485"}],"wp:attachment":[{"href":"https:\/\/www.webdo.tn\/fr\/wp-json\/wp\/v2\/media?parent=210880"}],"wp:term":[{"taxonomy":"category","embeddable":true,"href":"https:\/\/www.webdo.tn\/fr\/wp-json\/wp\/v2\/categories?post=210880"},{"taxonomy":"post_tag","embeddable":true,"href":"https:\/\/www.webdo.tn\/fr\/wp-json\/wp\/v2\/tags?post=210880"}],"curies":[{"name":"wp","href":"https:\/\/api.w.org\/{rel}","templated":true}]}}