{"id":210877,"date":"2023-12-17T10:43:00","date_gmt":"2023-12-17T10:43:00","guid":{"rendered":"https:\/\/www.webdo.tn\/fr\/blog\/les-quantites-de-pluies-enregistrees-ces-dernieres-24-heures-en-tunisie\/210877\/"},"modified":"2025-05-20T22:52:35","modified_gmt":"2025-05-20T22:52:35","slug":"les-quantites-de-pluies-enregistrees-ces-dernieres-24-heures-en-tunisie","status":"publish","type":"post","link":"https:\/\/www.webdo.tn\/fr\/actualite\/national\/les-quantites-de-pluies-enregistrees-ces-dernieres-24-heures-en-tunisie\/210877\/","title":{"rendered":"Les quantit\u00e9s de pluies enregistr\u00e9es ces derni\u00e8res 24 heures en Tunisie"},"content":{"rendered":"<p>Des pluies se sont abattues sur plusieurs r\u00e9gions du pays au cours des derni\u00e8res 24 heures et ces pr\u00e9cipitations devraient se poursuivre lors des prochaines heures.<\/p>\n<p>\t\t\t\t\t\t\t\t\tPar ailleurs, des pluies ont \u00e9t\u00e9 enregistr\u00e9es dans plusieurs r\u00e9gions au cours des derni\u00e8res 24 heures. Il a notamment plu dans le gouvernorat de Monastir et de Mhadia.<\/p>\n","protected":false},"excerpt":{"rendered":"<p>Par ailleurs, des pluies ont \u00e9t\u00e9 enregistr\u00e9es dans plusieurs r\u00e9gions au cours des derni\u00e8res 24 heures. Il a notamment plu dans le gouvernorat de Monastir et de&#8230;<\/p>\n","protected":false},"author":3175,"featured_media":289974,"comment_status":"open","ping_status":"closed","sticky":false,"template":"","format":"standard","meta":{"footnotes":""},"categories":[44],"tags":[3163,3149,2608],"class_list":["post-210877","post","type-post","status-publish","format-standard","has-post-thumbnail","hentry","category-national","tag-pluies","tag-quantites","tag-tunisie"],"yoast_head":"<!-- This site is optimized with the Yoast SEO Premium plugin v27.5 (Yoast SEO v27.5) - https:\/\/yoast.com\/product\/yoast-seo-premium-wordpress\/ -->\n<title>Les quantit\u00e9s de pluies enregistr\u00e9es ces derni\u00e8res 24 heures en Tunisie<\/title>\n<meta name=\"description\" content=\"Par ailleurs, des pluies ont \u00e9t\u00e9 enregistr\u00e9es dans plusieurs r\u00e9gions au cours des derni\u00e8res 24 heures. Il a notamment plu dans le gouvernorat de Monastir et de...\" \/>\n<link rel=\"canonical\" href=\"https:\/\/www.webdo.tn\/fr\/actualite\/national\/les-quantites-de-pluies-enregistrees-ces-dernieres-24-heures-en-tunisie\/210877\/\" \/>\n<meta property=\"og:locale\" content=\"fr_FR\" \/>\n<meta property=\"og:type\" content=\"article\" \/>\n<meta property=\"og:title\" content=\"Les quantit\u00e9s de pluies enregistr\u00e9es ces derni\u00e8res 24 heures en Tunisie\" \/>\n<meta property=\"og:description\" content=\"Par ailleurs, des pluies ont \u00e9t\u00e9 enregistr\u00e9es dans plusieurs r\u00e9gions au cours des derni\u00e8res 24 heures. Il a notamment plu dans le gouvernorat de Monastir et de...\" \/>\n<meta property=\"og:url\" content=\"https:\/\/www.webdo.tn\/fr\/actualite\/national\/les-quantites-de-pluies-enregistrees-ces-dernieres-24-heures-en-tunisie\/210877\/\" \/>\n<meta property=\"og:site_name\" content=\"webdo\" \/>\n<meta property=\"article:publisher\" content=\"https:\/\/www.facebook.com\/webdotn\" \/>\n<meta property=\"article:published_time\" content=\"2023-12-17T10:43:00+00:00\" \/>\n<meta property=\"article:modified_time\" content=\"2025-05-20T22:52:35+00:00\" \/>\n<meta property=\"og:image\" content=\"https:\/\/www.webdo.tn\/fr\/wp-content\/uploads\/2023\/12\/bb7de7869dce75ef860dbc39e13cb853.jpg\" \/>\n\t<meta property=\"og:image:width\" content=\"750\" \/>\n\t<meta property=\"og:image:height\" content=\"400\" \/>\n\t<meta property=\"og:image:type\" content=\"image\/jpeg\" \/>\n<meta name=\"author\" content=\"CL\" \/>\n<meta name=\"twitter:card\" content=\"summary_large_image\" \/>\n<meta name=\"twitter:creator\" content=\"@webdo_tn\" \/>\n<meta name=\"twitter:site\" content=\"@webdo_tn\" \/>\n<meta name=\"twitter:label1\" content=\"\u00c9crit par\" \/>\n\t<meta name=\"twitter:data1\" content=\"CL\" \/>\n<script type=\"application\/ld+json\" class=\"yoast-schema-graph\">{\"@context\":\"https:\\\/\\\/schema.org\",\"@graph\":[{\"@type\":\"NewsArticle\",\"@id\":\"https:\\\/\\\/www.webdo.tn\\\/fr\\\/actualite\\\/national\\\/les-quantites-de-pluies-enregistrees-ces-dernieres-24-heures-en-tunisie\\\/210877\\\/#article\",\"isPartOf\":{\"@id\":\"https:\\\/\\\/www.webdo.tn\\\/fr\\\/actualite\\\/national\\\/les-quantites-de-pluies-enregistrees-ces-dernieres-24-heures-en-tunisie\\\/210877\\\/\"},\"author\":{\"name\":\"CL\",\"@id\":\"https:\\\/\\\/www.webdo.tn\\\/fr\\\/#\\\/schema\\\/person\\\/f35b42a42c5e2511bbd282959d6385cc\"},\"headline\":\"Les quantit\u00e9s de pluies enregistr\u00e9es ces derni\u00e8res 24 heures en Tunisie\",\"datePublished\":\"2023-12-17T10:43:00+00:00\",\"dateModified\":\"2025-05-20T22:52:35+00:00\",\"mainEntityOfPage\":{\"@id\":\"https:\\\/\\\/www.webdo.tn\\\/fr\\\/actualite\\\/national\\\/les-quantites-de-pluies-enregistrees-ces-dernieres-24-heures-en-tunisie\\\/210877\\\/\"},\"wordCount\":71,\"commentCount\":0,\"publisher\":{\"@id\":\"https:\\\/\\\/www.webdo.tn\\\/fr\\\/#organization\"},\"image\":{\"@id\":\"https:\\\/\\\/www.webdo.tn\\\/fr\\\/actualite\\\/national\\\/les-quantites-de-pluies-enregistrees-ces-dernieres-24-heures-en-tunisie\\\/210877\\\/#primaryimage\"},\"thumbnailUrl\":\"https:\\\/\\\/www.webdo.tn\\\/fr\\\/wp-content\\\/uploads\\\/2023\\\/12\\\/bb7de7869dce75ef860dbc39e13cb853.jpg\",\"keywords\":[\"pluies\",\"Quantit\u00e9s\",\"Tunisie\"],\"articleSection\":[\"National\"],\"inLanguage\":\"fr-FR\"},{\"@type\":\"WebPage\",\"@id\":\"https:\\\/\\\/www.webdo.tn\\\/fr\\\/actualite\\\/national\\\/les-quantites-de-pluies-enregistrees-ces-dernieres-24-heures-en-tunisie\\\/210877\\\/\",\"url\":\"https:\\\/\\\/www.webdo.tn\\\/fr\\\/actualite\\\/national\\\/les-quantites-de-pluies-enregistrees-ces-dernieres-24-heures-en-tunisie\\\/210877\\\/\",\"name\":\"Les quantit\u00e9s de pluies enregistr\u00e9es ces derni\u00e8res 24 heures en Tunisie\",\"isPartOf\":{\"@id\":\"https:\\\/\\\/www.webdo.tn\\\/fr\\\/#website\"},\"primaryImageOfPage\":{\"@id\":\"https:\\\/\\\/www.webdo.tn\\\/fr\\\/actualite\\\/national\\\/les-quantites-de-pluies-enregistrees-ces-dernieres-24-heures-en-tunisie\\\/210877\\\/#primaryimage\"},\"image\":{\"@id\":\"https:\\\/\\\/www.webdo.tn\\\/fr\\\/actualite\\\/national\\\/les-quantites-de-pluies-enregistrees-ces-dernieres-24-heures-en-tunisie\\\/210877\\\/#primaryimage\"},\"thumbnailUrl\":\"https:\\\/\\\/www.webdo.tn\\\/fr\\\/wp-content\\\/uploads\\\/2023\\\/12\\\/bb7de7869dce75ef860dbc39e13cb853.jpg\",\"datePublished\":\"2023-12-17T10:43:00+00:00\",\"dateModified\":\"2025-05-20T22:52:35+00:00\",\"description\":\"Par ailleurs, des pluies ont \u00e9t\u00e9 enregistr\u00e9es dans plusieurs r\u00e9gions au cours des derni\u00e8res 24 heures. Il a notamment plu dans le gouvernorat de Monastir et de...\",\"breadcrumb\":{\"@id\":\"https:\\\/\\\/www.webdo.tn\\\/fr\\\/actualite\\\/national\\\/les-quantites-de-pluies-enregistrees-ces-dernieres-24-heures-en-tunisie\\\/210877\\\/#breadcrumb\"},\"inLanguage\":\"fr-FR\",\"potentialAction\":[{\"@type\":\"ReadAction\",\"target\":[\"https:\\\/\\\/www.webdo.tn\\\/fr\\\/actualite\\\/national\\\/les-quantites-de-pluies-enregistrees-ces-dernieres-24-heures-en-tunisie\\\/210877\\\/\"]}]},{\"@type\":\"ImageObject\",\"inLanguage\":\"fr-FR\",\"@id\":\"https:\\\/\\\/www.webdo.tn\\\/fr\\\/actualite\\\/national\\\/les-quantites-de-pluies-enregistrees-ces-dernieres-24-heures-en-tunisie\\\/210877\\\/#primaryimage\",\"url\":\"https:\\\/\\\/www.webdo.tn\\\/fr\\\/wp-content\\\/uploads\\\/2023\\\/12\\\/bb7de7869dce75ef860dbc39e13cb853.jpg\",\"contentUrl\":\"https:\\\/\\\/www.webdo.tn\\\/fr\\\/wp-content\\\/uploads\\\/2023\\\/12\\\/bb7de7869dce75ef860dbc39e13cb853.jpg\",\"width\":750,\"height\":400,\"caption\":\"Les quantit\u00e9s de pluies enregistr\u00e9es ces derni\u00e8res 24 heures en Tunisie\"},{\"@type\":\"BreadcrumbList\",\"@id\":\"https:\\\/\\\/www.webdo.tn\\\/fr\\\/actualite\\\/national\\\/les-quantites-de-pluies-enregistrees-ces-dernieres-24-heures-en-tunisie\\\/210877\\\/#breadcrumb\",\"itemListElement\":[{\"@type\":\"ListItem\",\"position\":1,\"name\":\"Accueil\",\"item\":\"https:\\\/\\\/www.webdo.tn\\\/fr\\\/\"},{\"@type\":\"ListItem\",\"position\":2,\"name\":\"Les quantit\u00e9s de pluies enregistr\u00e9es ces derni\u00e8res 24 heures en Tunisie\"}]},{\"@type\":\"WebSite\",\"@id\":\"https:\\\/\\\/www.webdo.tn\\\/fr\\\/#website\",\"url\":\"https:\\\/\\\/www.webdo.tn\\\/fr\\\/\",\"name\":\"webdo\",\"description\":\"Tunisie - News en Tunisie et \u00e0 l&#039;international sur Webdo.tn\",\"publisher\":{\"@id\":\"https:\\\/\\\/www.webdo.tn\\\/fr\\\/#organization\"},\"potentialAction\":[{\"@type\":\"SearchAction\",\"target\":{\"@type\":\"EntryPoint\",\"urlTemplate\":\"https:\\\/\\\/www.webdo.tn\\\/fr\\\/?s={search_term_string}\"},\"query-input\":{\"@type\":\"PropertyValueSpecification\",\"valueRequired\":true,\"valueName\":\"search_term_string\"}}],\"inLanguage\":\"fr-FR\"},{\"@type\":\"Organization\",\"@id\":\"https:\\\/\\\/www.webdo.tn\\\/fr\\\/#organization\",\"name\":\"Webdo\",\"alternateName\":\"Webdo.tn\",\"url\":\"https:\\\/\\\/www.webdo.tn\\\/fr\\\/\",\"logo\":{\"@type\":\"ImageObject\",\"inLanguage\":\"fr-FR\",\"@id\":\"https:\\\/\\\/www.webdo.tn\\\/fr\\\/#\\\/schema\\\/logo\\\/image\\\/\",\"url\":\"https:\\\/\\\/www.webdo.tn\\\/fr\\\/wp-content\\\/uploads\\\/2025\\\/06\\\/Webdo-Tunisie_168377.jpg\",\"contentUrl\":\"https:\\\/\\\/www.webdo.tn\\\/fr\\\/wp-content\\\/uploads\\\/2025\\\/06\\\/Webdo-Tunisie_168377.jpg\",\"width\":301,\"height\":301,\"caption\":\"Webdo\"},\"image\":{\"@id\":\"https:\\\/\\\/www.webdo.tn\\\/fr\\\/#\\\/schema\\\/logo\\\/image\\\/\"},\"sameAs\":[\"https:\\\/\\\/www.facebook.com\\\/webdotn\",\"https:\\\/\\\/x.com\\\/webdo_tn\"],\"description\":\"Webdo est un m\u00e9dia num\u00e9rique tunisien fond\u00e9 en 2010, sp\u00e9cialis\u00e9 dans l\u2019actualit\u00e9 nationale et internationale, l\u2019\u00e9conomie, la soci\u00e9t\u00e9 et les analyses politiques. Le site s\u2019adresse \u00e0 un large public francophone et couvre l\u2019information tunisienne en temps r\u00e9el.\",\"email\":\"redac@webdo.tn\",\"legalName\":\"YNJ SARL\",\"foundingDate\":\"2010-09-06\",\"numberOfEmployees\":{\"@type\":\"QuantitativeValue\",\"minValue\":\"11\",\"maxValue\":\"50\"}},{\"@type\":\"Person\",\"@id\":\"https:\\\/\\\/www.webdo.tn\\\/fr\\\/#\\\/schema\\\/person\\\/f35b42a42c5e2511bbd282959d6385cc\",\"name\":\"CL\",\"image\":{\"@type\":\"ImageObject\",\"inLanguage\":\"fr-FR\",\"@id\":\"https:\\\/\\\/secure.gravatar.com\\\/avatar\\\/1447a49909b67aa657c488aec6512e1dd6143a480c1ecfee9b5b5cd74eb3b59e?s=96&d=mm&r=g\",\"url\":\"https:\\\/\\\/secure.gravatar.com\\\/avatar\\\/1447a49909b67aa657c488aec6512e1dd6143a480c1ecfee9b5b5cd74eb3b59e?s=96&d=mm&r=g\",\"contentUrl\":\"https:\\\/\\\/secure.gravatar.com\\\/avatar\\\/1447a49909b67aa657c488aec6512e1dd6143a480c1ecfee9b5b5cd74eb3b59e?s=96&d=mm&r=g\",\"caption\":\"CL\"},\"url\":\"https:\\\/\\\/www.webdo.tn\\\/fr\\\/actualite\\\/author\\\/cl\\\/\"}]}<\/script>\n<!-- \/ Yoast SEO Premium plugin. -->","yoast_head_json":{"title":"Les quantit\u00e9s de pluies enregistr\u00e9es ces derni\u00e8res 24 heures en Tunisie","description":"Par ailleurs, des pluies ont \u00e9t\u00e9 enregistr\u00e9es dans plusieurs r\u00e9gions au cours des derni\u00e8res 24 heures. Il a notamment plu dans le gouvernorat de Monastir et de...","canonical":"https:\/\/www.webdo.tn\/fr\/actualite\/national\/les-quantites-de-pluies-enregistrees-ces-dernieres-24-heures-en-tunisie\/210877\/","og_locale":"fr_FR","og_type":"article","og_title":"Les quantit\u00e9s de pluies enregistr\u00e9es ces derni\u00e8res 24 heures en Tunisie","og_description":"Par ailleurs, des pluies ont \u00e9t\u00e9 enregistr\u00e9es dans plusieurs r\u00e9gions au cours des derni\u00e8res 24 heures. Il a notamment plu dans le gouvernorat de Monastir et de...","og_url":"https:\/\/www.webdo.tn\/fr\/actualite\/national\/les-quantites-de-pluies-enregistrees-ces-dernieres-24-heures-en-tunisie\/210877\/","og_site_name":"webdo","article_publisher":"https:\/\/www.facebook.com\/webdotn","article_published_time":"2023-12-17T10:43:00+00:00","article_modified_time":"2025-05-20T22:52:35+00:00","og_image":[{"width":750,"height":400,"url":"https:\/\/www.webdo.tn\/fr\/wp-content\/uploads\/2023\/12\/bb7de7869dce75ef860dbc39e13cb853.jpg","type":"image\/jpeg"}],"author":"CL","twitter_card":"summary_large_image","twitter_creator":"@webdo_tn","twitter_site":"@webdo_tn","twitter_misc":{"\u00c9crit par":"CL"},"schema":{"@context":"https:\/\/schema.org","@graph":[{"@type":"NewsArticle","@id":"https:\/\/www.webdo.tn\/fr\/actualite\/national\/les-quantites-de-pluies-enregistrees-ces-dernieres-24-heures-en-tunisie\/210877\/#article","isPartOf":{"@id":"https:\/\/www.webdo.tn\/fr\/actualite\/national\/les-quantites-de-pluies-enregistrees-ces-dernieres-24-heures-en-tunisie\/210877\/"},"author":{"name":"CL","@id":"https:\/\/www.webdo.tn\/fr\/#\/schema\/person\/f35b42a42c5e2511bbd282959d6385cc"},"headline":"Les quantit\u00e9s de pluies enregistr\u00e9es ces derni\u00e8res 24 heures en Tunisie","datePublished":"2023-12-17T10:43:00+00:00","dateModified":"2025-05-20T22:52:35+00:00","mainEntityOfPage":{"@id":"https:\/\/www.webdo.tn\/fr\/actualite\/national\/les-quantites-de-pluies-enregistrees-ces-dernieres-24-heures-en-tunisie\/210877\/"},"wordCount":71,"commentCount":0,"publisher":{"@id":"https:\/\/www.webdo.tn\/fr\/#organization"},"image":{"@id":"https:\/\/www.webdo.tn\/fr\/actualite\/national\/les-quantites-de-pluies-enregistrees-ces-dernieres-24-heures-en-tunisie\/210877\/#primaryimage"},"thumbnailUrl":"https:\/\/www.webdo.tn\/fr\/wp-content\/uploads\/2023\/12\/bb7de7869dce75ef860dbc39e13cb853.jpg","keywords":["pluies","Quantit\u00e9s","Tunisie"],"articleSection":["National"],"inLanguage":"fr-FR"},{"@type":"WebPage","@id":"https:\/\/www.webdo.tn\/fr\/actualite\/national\/les-quantites-de-pluies-enregistrees-ces-dernieres-24-heures-en-tunisie\/210877\/","url":"https:\/\/www.webdo.tn\/fr\/actualite\/national\/les-quantites-de-pluies-enregistrees-ces-dernieres-24-heures-en-tunisie\/210877\/","name":"Les quantit\u00e9s de pluies enregistr\u00e9es ces derni\u00e8res 24 heures en Tunisie","isPartOf":{"@id":"https:\/\/www.webdo.tn\/fr\/#website"},"primaryImageOfPage":{"@id":"https:\/\/www.webdo.tn\/fr\/actualite\/national\/les-quantites-de-pluies-enregistrees-ces-dernieres-24-heures-en-tunisie\/210877\/#primaryimage"},"image":{"@id":"https:\/\/www.webdo.tn\/fr\/actualite\/national\/les-quantites-de-pluies-enregistrees-ces-dernieres-24-heures-en-tunisie\/210877\/#primaryimage"},"thumbnailUrl":"https:\/\/www.webdo.tn\/fr\/wp-content\/uploads\/2023\/12\/bb7de7869dce75ef860dbc39e13cb853.jpg","datePublished":"2023-12-17T10:43:00+00:00","dateModified":"2025-05-20T22:52:35+00:00","description":"Par ailleurs, des pluies ont \u00e9t\u00e9 enregistr\u00e9es dans plusieurs r\u00e9gions au cours des derni\u00e8res 24 heures. Il a notamment plu dans le gouvernorat de Monastir et de...","breadcrumb":{"@id":"https:\/\/www.webdo.tn\/fr\/actualite\/national\/les-quantites-de-pluies-enregistrees-ces-dernieres-24-heures-en-tunisie\/210877\/#breadcrumb"},"inLanguage":"fr-FR","potentialAction":[{"@type":"ReadAction","target":["https:\/\/www.webdo.tn\/fr\/actualite\/national\/les-quantites-de-pluies-enregistrees-ces-dernieres-24-heures-en-tunisie\/210877\/"]}]},{"@type":"ImageObject","inLanguage":"fr-FR","@id":"https:\/\/www.webdo.tn\/fr\/actualite\/national\/les-quantites-de-pluies-enregistrees-ces-dernieres-24-heures-en-tunisie\/210877\/#primaryimage","url":"https:\/\/www.webdo.tn\/fr\/wp-content\/uploads\/2023\/12\/bb7de7869dce75ef860dbc39e13cb853.jpg","contentUrl":"https:\/\/www.webdo.tn\/fr\/wp-content\/uploads\/2023\/12\/bb7de7869dce75ef860dbc39e13cb853.jpg","width":750,"height":400,"caption":"Les quantit\u00e9s de pluies enregistr\u00e9es ces derni\u00e8res 24 heures en Tunisie"},{"@type":"BreadcrumbList","@id":"https:\/\/www.webdo.tn\/fr\/actualite\/national\/les-quantites-de-pluies-enregistrees-ces-dernieres-24-heures-en-tunisie\/210877\/#breadcrumb","itemListElement":[{"@type":"ListItem","position":1,"name":"Accueil","item":"https:\/\/www.webdo.tn\/fr\/"},{"@type":"ListItem","position":2,"name":"Les quantit\u00e9s de pluies enregistr\u00e9es ces derni\u00e8res 24 heures en Tunisie"}]},{"@type":"WebSite","@id":"https:\/\/www.webdo.tn\/fr\/#website","url":"https:\/\/www.webdo.tn\/fr\/","name":"webdo","description":"Tunisie - News en Tunisie et \u00e0 l&#039;international sur Webdo.tn","publisher":{"@id":"https:\/\/www.webdo.tn\/fr\/#organization"},"potentialAction":[{"@type":"SearchAction","target":{"@type":"EntryPoint","urlTemplate":"https:\/\/www.webdo.tn\/fr\/?s={search_term_string}"},"query-input":{"@type":"PropertyValueSpecification","valueRequired":true,"valueName":"search_term_string"}}],"inLanguage":"fr-FR"},{"@type":"Organization","@id":"https:\/\/www.webdo.tn\/fr\/#organization","name":"Webdo","alternateName":"Webdo.tn","url":"https:\/\/www.webdo.tn\/fr\/","logo":{"@type":"ImageObject","inLanguage":"fr-FR","@id":"https:\/\/www.webdo.tn\/fr\/#\/schema\/logo\/image\/","url":"https:\/\/www.webdo.tn\/fr\/wp-content\/uploads\/2025\/06\/Webdo-Tunisie_168377.jpg","contentUrl":"https:\/\/www.webdo.tn\/fr\/wp-content\/uploads\/2025\/06\/Webdo-Tunisie_168377.jpg","width":301,"height":301,"caption":"Webdo"},"image":{"@id":"https:\/\/www.webdo.tn\/fr\/#\/schema\/logo\/image\/"},"sameAs":["https:\/\/www.facebook.com\/webdotn","https:\/\/x.com\/webdo_tn"],"description":"Webdo est un m\u00e9dia num\u00e9rique tunisien fond\u00e9 en 2010, sp\u00e9cialis\u00e9 dans l\u2019actualit\u00e9 nationale et internationale, l\u2019\u00e9conomie, la soci\u00e9t\u00e9 et les analyses politiques. Le site s\u2019adresse \u00e0 un large public francophone et couvre l\u2019information tunisienne en temps r\u00e9el.","email":"redac@webdo.tn","legalName":"YNJ SARL","foundingDate":"2010-09-06","numberOfEmployees":{"@type":"QuantitativeValue","minValue":"11","maxValue":"50"}},{"@type":"Person","@id":"https:\/\/www.webdo.tn\/fr\/#\/schema\/person\/f35b42a42c5e2511bbd282959d6385cc","name":"CL","image":{"@type":"ImageObject","inLanguage":"fr-FR","@id":"https:\/\/secure.gravatar.com\/avatar\/1447a49909b67aa657c488aec6512e1dd6143a480c1ecfee9b5b5cd74eb3b59e?s=96&d=mm&r=g","url":"https:\/\/secure.gravatar.com\/avatar\/1447a49909b67aa657c488aec6512e1dd6143a480c1ecfee9b5b5cd74eb3b59e?s=96&d=mm&r=g","contentUrl":"https:\/\/secure.gravatar.com\/avatar\/1447a49909b67aa657c488aec6512e1dd6143a480c1ecfee9b5b5cd74eb3b59e?s=96&d=mm&r=g","caption":"CL"},"url":"https:\/\/www.webdo.tn\/fr\/actualite\/author\/cl\/"}]}},"_links":{"self":[{"href":"https:\/\/www.webdo.tn\/fr\/wp-json\/wp\/v2\/posts\/210877","targetHints":{"allow":["GET"]}}],"collection":[{"href":"https:\/\/www.webdo.tn\/fr\/wp-json\/wp\/v2\/posts"}],"about":[{"href":"https:\/\/www.webdo.tn\/fr\/wp-json\/wp\/v2\/types\/post"}],"author":[{"embeddable":true,"href":"https:\/\/www.webdo.tn\/fr\/wp-json\/wp\/v2\/users\/3175"}],"replies":[{"embeddable":true,"href":"https:\/\/www.webdo.tn\/fr\/wp-json\/wp\/v2\/comments?post=210877"}],"version-history":[{"count":0,"href":"https:\/\/www.webdo.tn\/fr\/wp-json\/wp\/v2\/posts\/210877\/revisions"}],"wp:featuredmedia":[{"embeddable":true,"href":"https:\/\/www.webdo.tn\/fr\/wp-json\/wp\/v2\/media\/289974"}],"wp:attachment":[{"href":"https:\/\/www.webdo.tn\/fr\/wp-json\/wp\/v2\/media?parent=210877"}],"wp:term":[{"taxonomy":"category","embeddable":true,"href":"https:\/\/www.webdo.tn\/fr\/wp-json\/wp\/v2\/categories?post=210877"},{"taxonomy":"post_tag","embeddable":true,"href":"https:\/\/www.webdo.tn\/fr\/wp-json\/wp\/v2\/tags?post=210877"}],"curies":[{"name":"wp","href":"https:\/\/api.w.org\/{rel}","templated":true}]}}