{"id":210865,"date":"2023-12-16T10:19:00","date_gmt":"2023-12-16T10:19:00","guid":{"rendered":"https:\/\/www.webdo.tn\/fr\/blog\/petite-histoire-du-cafe-bar-de-l-univers\/210865\/"},"modified":"2023-12-16T10:19:00","modified_gmt":"2023-12-16T10:19:00","slug":"petite-histoire-du-cafe-bar-de-l-univers","status":"publish","type":"post","link":"https:\/\/www.webdo.tn\/fr\/actualite\/chroniques\/petite-histoire-du-cafe-bar-de-l-univers\/210865\/","title":{"rendered":"Petite histoire du caf\u00e9-bar de l&rsquo;Univers"},"content":{"rendered":"<p>Pour la g\u00e9n\u00e9ration des sixties, l&rsquo;Univers \u00e9tait un lieu incontournable o\u00f9 se retrouvaient les \u00e9tudiants progressistes.<\/p>\n<p>\t\t\t\t\t\t\t\t\tEn ce temps, le campus universitaire se trouvait au centre-ville, entre l&rsquo;avenue de France et la rue de Rome. Parmi les lieux de pr\u00e9dilection des \u00e9tudiants de l&rsquo;\u00e9poque, l&rsquo;Univers a occup\u00e9 une position de premier plan.<\/p>\n<p>Caf\u00e9-bar l\u00e9gendaire, l&rsquo;Univers se trouve sur l&rsquo;avenue Bourguiba, au centre-ville de Tunis. Le fondateur de ce caf\u00e9 en 1948 porte le nom de Jacob Tartour mais tout le monde l&rsquo;appelait Kaki.<\/p>\n<p>Photo de Wassim Guiza<\/p>\n<p>Kaki Tartour poss\u00e9dait des int\u00e9r\u00eats dans plusieurs caf\u00e9s \u00e0 La Goulette o\u00f9 il r\u00e9sidait et avait la fonction de directeur du march\u00e9.<\/p>\n<p>Tous les matins, d\u00e8s cinq heures, il \u00e9tait \u00e0 pied d\u2019\u0153uvre pour collecter les imp\u00f4ts et taxes relatifs \u00e0 la vie du march\u00e9 et veiller \u00e0 la r\u00e9ception des marchandises.<\/p>\n<p>De plus, il \u00e9tait \u00e0 la t\u00eate d&rsquo;une entreprise de d\u00e9m\u00e9nagements qui \u00e9tait surtout active au d\u00e9but de l&rsquo;\u00e9t\u00e9 puis de l&rsquo;automne pour transporter les meubles des estivants.<\/p>\n<p>Le soir venu, Kaki Tartour descendait \u00e0 Tunis pour rejoindre l&rsquo;Univers et faire les comptes avec Othman, le g\u00e9rant du caf\u00e9. En ce temps, le barman s&rsquo;occupait d&rsquo;accueillir une client\u00e8le plut\u00f4t progressiste en termes d&rsquo;id\u00e9es ainsi que le public du cin\u00e9ma voisin Le Parnasse.<\/p>\n<p>Au fil des ans et apr\u00e8s le d\u00e9part de Kaki en France en 1964, plusieurs responsables se succ\u00e9deront au bar de l&rsquo;Univers sous la supervision des sieurs Jamel et Ben Aziza, anciens associ\u00e9s de Tartour.<\/p>\n<p>Photo de Manuela Maffioli<\/p>\n<p>Depuis plus de soixante-dix ans, l&rsquo;Univers brasse une client\u00e8le consid\u00e9rable et fut pour un temps un bastion des artistes et des intellectuels de gauche.<\/p>\n<p>De nos jours, comme plusieurs enseignes du centre-ville, les lieux se sont \u00ab\u00a0tavernis\u00e9s\u00a0\u00bb et seule la terrasse se maintient.<\/p>\n<p>\u00c0 chacun sa m\u00e9moire de l&rsquo;Univers ! Les uns se souviendront de Am Lahbib ou de Nino, serveurs \u00e0 l&rsquo;ancienne et embl\u00e9matiques des ann\u00e9es ant\u00e9rieures.<\/p>\n<p>Tableau d&rsquo;Ezzine Harbaoui<\/p>\n<p>D&rsquo;autres \u00e9voqueront le comptoir qui, avant de r\u00e9cents travaux, avait la forme d&rsquo;une faucille. Enfin, d&rsquo;autres raconteront les portillons en bois fa\u00e7on saloon qui menaient aux sanitaires, les canons de vin qui se buvaient au comptoir, les doseurs et les carafes pour le pastis et, en g\u00e9n\u00e9ral, tout ce qui fait le charme d&rsquo;un bistrot tunisois.<\/p>\n<p>Jacob Kaki Tartour est d\u00e9c\u00e9d\u00e9 depuis quelques ann\u00e9es et c&rsquo;est une rencontre impromptue avec ses enfants qui m&rsquo;a permis de glaner ces quelques pages de l&rsquo;histoire de l&rsquo;Univers.<\/p>\n","protected":false},"excerpt":{"rendered":"<p>Pour la g\u00e9n\u00e9ration des sixties, l&rsquo;Univers \u00e9tait un lieu incontournable o\u00f9 se retrouvaient les \u00e9tudiants progressistes.<\/p>\n","protected":false},"author":3229,"featured_media":248502,"comment_status":"open","ping_status":"closed","sticky":false,"template":"","format":"standard","meta":{"footnotes":""},"categories":[2596],"tags":[6892,3663,7373,2640],"class_list":["post-210865","post","type-post","status-publish","format-standard","has-post-thumbnail","hentry","category-chroniques","tag-bar","tag-cafe","tag-lunivers","tag-tunis"],"yoast_head":"<!-- This site is optimized with the Yoast SEO Premium plugin v27.5 (Yoast SEO v27.5) - https:\/\/yoast.com\/product\/yoast-seo-premium-wordpress\/ -->\n<title>Petite histoire du caf\u00e9-bar de l&#039;Univers<\/title>\n<meta name=\"description\" content=\"Pour la g\u00e9n\u00e9ration des sixties, l&#039;Univers \u00e9tait un lieu incontournable o\u00f9 se retrouvaient les \u00e9tudiants progressistes.\" \/>\n<link rel=\"canonical\" href=\"https:\/\/www.webdo.tn\/fr\/actualite\/chroniques\/petite-histoire-du-cafe-bar-de-l-univers\/210865\/\" \/>\n<meta property=\"og:locale\" content=\"fr_FR\" \/>\n<meta property=\"og:type\" content=\"article\" \/>\n<meta property=\"og:title\" content=\"Petite histoire du caf\u00e9-bar de l&#039;Univers\" \/>\n<meta property=\"og:description\" content=\"Pour la g\u00e9n\u00e9ration des sixties, l&#039;Univers \u00e9tait un lieu incontournable o\u00f9 se retrouvaient les \u00e9tudiants progressistes.\" \/>\n<meta property=\"og:url\" content=\"https:\/\/www.webdo.tn\/fr\/actualite\/chroniques\/petite-histoire-du-cafe-bar-de-l-univers\/210865\/\" \/>\n<meta property=\"og:site_name\" content=\"webdo\" \/>\n<meta property=\"article:publisher\" content=\"https:\/\/www.facebook.com\/webdotn\" \/>\n<meta property=\"article:author\" content=\"https:\/\/www.facebook.com\/hatem.bourial.2025\" \/>\n<meta property=\"article:published_time\" content=\"2023-12-16T10:19:00+00:00\" \/>\n<meta property=\"og:image\" content=\"https:\/\/www.webdo.tn\/fr\/wp-content\/uploads\/2023\/12\/9bdf70248a8f9f3f03c1370780464973.jpg\" \/>\n\t<meta property=\"og:image:width\" content=\"720\" \/>\n\t<meta property=\"og:image:height\" content=\"384\" \/>\n\t<meta property=\"og:image:type\" content=\"image\/jpeg\" \/>\n<meta name=\"author\" content=\"Hatem Bourial\" \/>\n<meta name=\"twitter:card\" content=\"summary_large_image\" \/>\n<meta name=\"twitter:creator\" content=\"@webdo_tn\" \/>\n<meta name=\"twitter:site\" content=\"@webdo_tn\" \/>\n<meta name=\"twitter:label1\" content=\"\u00c9crit par\" \/>\n\t<meta name=\"twitter:data1\" content=\"Hatem Bourial\" \/>\n\t<meta name=\"twitter:label2\" content=\"Dur\u00e9e de lecture estim\u00e9e\" \/>\n\t<meta name=\"twitter:data2\" content=\"2 minutes\" \/>\n<script type=\"application\/ld+json\" class=\"yoast-schema-graph\">{\"@context\":\"https:\\\/\\\/schema.org\",\"@graph\":[{\"@type\":\"NewsArticle\",\"@id\":\"https:\\\/\\\/www.webdo.tn\\\/fr\\\/actualite\\\/chroniques\\\/petite-histoire-du-cafe-bar-de-l-univers\\\/210865\\\/#article\",\"isPartOf\":{\"@id\":\"https:\\\/\\\/www.webdo.tn\\\/fr\\\/actualite\\\/chroniques\\\/petite-histoire-du-cafe-bar-de-l-univers\\\/210865\\\/\"},\"author\":{\"name\":\"Hatem Bourial\",\"@id\":\"https:\\\/\\\/www.webdo.tn\\\/fr\\\/#\\\/schema\\\/person\\\/6bc0beba2cd23aec27cb5df85ca2554f\"},\"headline\":\"Petite histoire du caf\u00e9-bar de l&rsquo;Univers\",\"datePublished\":\"2023-12-16T10:19:00+00:00\",\"mainEntityOfPage\":{\"@id\":\"https:\\\/\\\/www.webdo.tn\\\/fr\\\/actualite\\\/chroniques\\\/petite-histoire-du-cafe-bar-de-l-univers\\\/210865\\\/\"},\"wordCount\":470,\"commentCount\":0,\"publisher\":{\"@id\":\"https:\\\/\\\/www.webdo.tn\\\/fr\\\/#organization\"},\"image\":{\"@id\":\"https:\\\/\\\/www.webdo.tn\\\/fr\\\/actualite\\\/chroniques\\\/petite-histoire-du-cafe-bar-de-l-univers\\\/210865\\\/#primaryimage\"},\"thumbnailUrl\":\"https:\\\/\\\/www.webdo.tn\\\/fr\\\/wp-content\\\/uploads\\\/2023\\\/12\\\/9bdf70248a8f9f3f03c1370780464973.jpg\",\"keywords\":[\"bar\",\"caf\u00e9\",\"l'univers\",\"Tunis\"],\"articleSection\":[\"Chroniques\"],\"inLanguage\":\"fr-FR\"},{\"@type\":\"WebPage\",\"@id\":\"https:\\\/\\\/www.webdo.tn\\\/fr\\\/actualite\\\/chroniques\\\/petite-histoire-du-cafe-bar-de-l-univers\\\/210865\\\/\",\"url\":\"https:\\\/\\\/www.webdo.tn\\\/fr\\\/actualite\\\/chroniques\\\/petite-histoire-du-cafe-bar-de-l-univers\\\/210865\\\/\",\"name\":\"Petite histoire du caf\u00e9-bar de l'Univers\",\"isPartOf\":{\"@id\":\"https:\\\/\\\/www.webdo.tn\\\/fr\\\/#website\"},\"primaryImageOfPage\":{\"@id\":\"https:\\\/\\\/www.webdo.tn\\\/fr\\\/actualite\\\/chroniques\\\/petite-histoire-du-cafe-bar-de-l-univers\\\/210865\\\/#primaryimage\"},\"image\":{\"@id\":\"https:\\\/\\\/www.webdo.tn\\\/fr\\\/actualite\\\/chroniques\\\/petite-histoire-du-cafe-bar-de-l-univers\\\/210865\\\/#primaryimage\"},\"thumbnailUrl\":\"https:\\\/\\\/www.webdo.tn\\\/fr\\\/wp-content\\\/uploads\\\/2023\\\/12\\\/9bdf70248a8f9f3f03c1370780464973.jpg\",\"datePublished\":\"2023-12-16T10:19:00+00:00\",\"description\":\"Pour la g\u00e9n\u00e9ration des sixties, l'Univers \u00e9tait un lieu incontournable o\u00f9 se retrouvaient les \u00e9tudiants progressistes.\",\"breadcrumb\":{\"@id\":\"https:\\\/\\\/www.webdo.tn\\\/fr\\\/actualite\\\/chroniques\\\/petite-histoire-du-cafe-bar-de-l-univers\\\/210865\\\/#breadcrumb\"},\"inLanguage\":\"fr-FR\",\"potentialAction\":[{\"@type\":\"ReadAction\",\"target\":[\"https:\\\/\\\/www.webdo.tn\\\/fr\\\/actualite\\\/chroniques\\\/petite-histoire-du-cafe-bar-de-l-univers\\\/210865\\\/\"]}]},{\"@type\":\"ImageObject\",\"inLanguage\":\"fr-FR\",\"@id\":\"https:\\\/\\\/www.webdo.tn\\\/fr\\\/actualite\\\/chroniques\\\/petite-histoire-du-cafe-bar-de-l-univers\\\/210865\\\/#primaryimage\",\"url\":\"https:\\\/\\\/www.webdo.tn\\\/fr\\\/wp-content\\\/uploads\\\/2023\\\/12\\\/9bdf70248a8f9f3f03c1370780464973.jpg\",\"contentUrl\":\"https:\\\/\\\/www.webdo.tn\\\/fr\\\/wp-content\\\/uploads\\\/2023\\\/12\\\/9bdf70248a8f9f3f03c1370780464973.jpg\",\"width\":720,\"height\":384,\"caption\":\"Petite histoire du caf\u00e9-bar de l'Univers\"},{\"@type\":\"BreadcrumbList\",\"@id\":\"https:\\\/\\\/www.webdo.tn\\\/fr\\\/actualite\\\/chroniques\\\/petite-histoire-du-cafe-bar-de-l-univers\\\/210865\\\/#breadcrumb\",\"itemListElement\":[{\"@type\":\"ListItem\",\"position\":1,\"name\":\"Accueil\",\"item\":\"https:\\\/\\\/www.webdo.tn\\\/fr\\\/\"},{\"@type\":\"ListItem\",\"position\":2,\"name\":\"Petite histoire du caf\u00e9-bar de l&#8217;Univers\"}]},{\"@type\":\"WebSite\",\"@id\":\"https:\\\/\\\/www.webdo.tn\\\/fr\\\/#website\",\"url\":\"https:\\\/\\\/www.webdo.tn\\\/fr\\\/\",\"name\":\"webdo\",\"description\":\"Tunisie - News en Tunisie et \u00e0 l&#039;international sur Webdo.tn\",\"publisher\":{\"@id\":\"https:\\\/\\\/www.webdo.tn\\\/fr\\\/#organization\"},\"potentialAction\":[{\"@type\":\"SearchAction\",\"target\":{\"@type\":\"EntryPoint\",\"urlTemplate\":\"https:\\\/\\\/www.webdo.tn\\\/fr\\\/?s={search_term_string}\"},\"query-input\":{\"@type\":\"PropertyValueSpecification\",\"valueRequired\":true,\"valueName\":\"search_term_string\"}}],\"inLanguage\":\"fr-FR\"},{\"@type\":\"Organization\",\"@id\":\"https:\\\/\\\/www.webdo.tn\\\/fr\\\/#organization\",\"name\":\"Webdo\",\"alternateName\":\"Webdo.tn\",\"url\":\"https:\\\/\\\/www.webdo.tn\\\/fr\\\/\",\"logo\":{\"@type\":\"ImageObject\",\"inLanguage\":\"fr-FR\",\"@id\":\"https:\\\/\\\/www.webdo.tn\\\/fr\\\/#\\\/schema\\\/logo\\\/image\\\/\",\"url\":\"https:\\\/\\\/www.webdo.tn\\\/fr\\\/wp-content\\\/uploads\\\/2025\\\/06\\\/Webdo-Tunisie_168377.jpg\",\"contentUrl\":\"https:\\\/\\\/www.webdo.tn\\\/fr\\\/wp-content\\\/uploads\\\/2025\\\/06\\\/Webdo-Tunisie_168377.jpg\",\"width\":301,\"height\":301,\"caption\":\"Webdo\"},\"image\":{\"@id\":\"https:\\\/\\\/www.webdo.tn\\\/fr\\\/#\\\/schema\\\/logo\\\/image\\\/\"},\"sameAs\":[\"https:\\\/\\\/www.facebook.com\\\/webdotn\",\"https:\\\/\\\/x.com\\\/webdo_tn\"],\"description\":\"Webdo est un m\u00e9dia num\u00e9rique tunisien fond\u00e9 en 2010, sp\u00e9cialis\u00e9 dans l\u2019actualit\u00e9 nationale et internationale, l\u2019\u00e9conomie, la soci\u00e9t\u00e9 et les analyses politiques. Le site s\u2019adresse \u00e0 un large public francophone et couvre l\u2019information tunisienne en temps r\u00e9el.\",\"email\":\"redac@webdo.tn\",\"legalName\":\"YNJ SARL\",\"foundingDate\":\"2010-09-06\",\"numberOfEmployees\":{\"@type\":\"QuantitativeValue\",\"minValue\":\"11\",\"maxValue\":\"50\"}},{\"@type\":\"Person\",\"@id\":\"https:\\\/\\\/www.webdo.tn\\\/fr\\\/#\\\/schema\\\/person\\\/6bc0beba2cd23aec27cb5df85ca2554f\",\"name\":\"Hatem Bourial\",\"image\":{\"@type\":\"ImageObject\",\"inLanguage\":\"fr-FR\",\"@id\":\"https:\\\/\\\/www.webdo.tn\\\/fr\\\/wp-content\\\/uploads\\\/2026\\\/04\\\/hatem-bourial_avatar-96x96.jpg\",\"url\":\"https:\\\/\\\/www.webdo.tn\\\/fr\\\/wp-content\\\/uploads\\\/2026\\\/04\\\/hatem-bourial_avatar-96x96.jpg\",\"contentUrl\":\"https:\\\/\\\/www.webdo.tn\\\/fr\\\/wp-content\\\/uploads\\\/2026\\\/04\\\/hatem-bourial_avatar-96x96.jpg\",\"caption\":\"Hatem Bourial\"},\"description\":\"Hatem Bourial est journaliste, \u00e9crivain et chroniqueur tunisien. Actif depuis plusieurs d\u00e9cennies, il s\u2019est impos\u00e9 comme un observateur attentif de la soci\u00e9t\u00e9 tunisienne, m\u00ealant dans ses \u00e9crits m\u00e9moire, culture et analyse du quotidien. Auteur de nombreux ouvrages, il d\u00e9veloppe une \u0153uvre \u00e0 la crois\u00e9e du r\u00e9cit, de la po\u00e9sie et de l\u2019observation sociologique. Parall\u00e8lement \u00e0 ses contributions dans la presse, il intervient r\u00e9guli\u00e8rement \u00e0 la radio et dans des espaces culturels, o\u00f9 il explore les enjeux li\u00e9s au patrimoine, \u00e0 l\u2019identit\u00e9 et aux transformations du monde contemporain. \u00c0 travers ses chroniques, Hatem Bourial propose une lecture sensible et approfondie de l\u2019actualit\u00e9, nourrie par une exp\u00e9rience journalistique et litt\u00e9raire reconnue. \ud83d\udd17 Facebook : https:\\\/\\\/www.facebook.com\\\/hatem.bourial.2025\",\"sameAs\":[\"https:\\\/\\\/www.facebook.com\\\/hatem.bourial.2025\",\"https:\\\/\\\/fr.wikipedia.org\\\/wiki\\\/Fichier:Hatem_Bourial.jpg\"],\"knowsAbout\":[\"Culture & patrimoine tunisien\",\"Chronique soci\u00e9tale\",\"Litt\u00e9rature & m\u00e9moire\",\"Cin\u00e9ma & critique culturelle\",\"Identit\u00e9 & mutations sociales\"],\"knowsLanguage\":[\"Arabe\",\"Fran\u00e7ais\",\"Anglais\",\"Italien\",\"Polonais\"],\"jobTitle\":\"Journaliste, \u00e9crivain et chroniqueur culturel\",\"worksFor\":\"Webdo\",\"url\":\"https:\\\/\\\/www.webdo.tn\\\/fr\\\/actualite\\\/author\\\/hatem-bourial-2\\\/\"}]}<\/script>\n<!-- \/ Yoast SEO Premium plugin. -->","yoast_head_json":{"title":"Petite histoire du caf\u00e9-bar de l'Univers","description":"Pour la g\u00e9n\u00e9ration des sixties, l'Univers \u00e9tait un lieu incontournable o\u00f9 se retrouvaient les \u00e9tudiants progressistes.","canonical":"https:\/\/www.webdo.tn\/fr\/actualite\/chroniques\/petite-histoire-du-cafe-bar-de-l-univers\/210865\/","og_locale":"fr_FR","og_type":"article","og_title":"Petite histoire du caf\u00e9-bar de l'Univers","og_description":"Pour la g\u00e9n\u00e9ration des sixties, l'Univers \u00e9tait un lieu incontournable o\u00f9 se retrouvaient les \u00e9tudiants progressistes.","og_url":"https:\/\/www.webdo.tn\/fr\/actualite\/chroniques\/petite-histoire-du-cafe-bar-de-l-univers\/210865\/","og_site_name":"webdo","article_publisher":"https:\/\/www.facebook.com\/webdotn","article_author":"https:\/\/www.facebook.com\/hatem.bourial.2025","article_published_time":"2023-12-16T10:19:00+00:00","og_image":[{"width":720,"height":384,"url":"https:\/\/www.webdo.tn\/fr\/wp-content\/uploads\/2023\/12\/9bdf70248a8f9f3f03c1370780464973.jpg","type":"image\/jpeg"}],"author":"Hatem Bourial","twitter_card":"summary_large_image","twitter_creator":"@webdo_tn","twitter_site":"@webdo_tn","twitter_misc":{"\u00c9crit par":"Hatem Bourial","Dur\u00e9e de lecture estim\u00e9e":"2 minutes"},"schema":{"@context":"https:\/\/schema.org","@graph":[{"@type":"NewsArticle","@id":"https:\/\/www.webdo.tn\/fr\/actualite\/chroniques\/petite-histoire-du-cafe-bar-de-l-univers\/210865\/#article","isPartOf":{"@id":"https:\/\/www.webdo.tn\/fr\/actualite\/chroniques\/petite-histoire-du-cafe-bar-de-l-univers\/210865\/"},"author":{"name":"Hatem Bourial","@id":"https:\/\/www.webdo.tn\/fr\/#\/schema\/person\/6bc0beba2cd23aec27cb5df85ca2554f"},"headline":"Petite histoire du caf\u00e9-bar de l&rsquo;Univers","datePublished":"2023-12-16T10:19:00+00:00","mainEntityOfPage":{"@id":"https:\/\/www.webdo.tn\/fr\/actualite\/chroniques\/petite-histoire-du-cafe-bar-de-l-univers\/210865\/"},"wordCount":470,"commentCount":0,"publisher":{"@id":"https:\/\/www.webdo.tn\/fr\/#organization"},"image":{"@id":"https:\/\/www.webdo.tn\/fr\/actualite\/chroniques\/petite-histoire-du-cafe-bar-de-l-univers\/210865\/#primaryimage"},"thumbnailUrl":"https:\/\/www.webdo.tn\/fr\/wp-content\/uploads\/2023\/12\/9bdf70248a8f9f3f03c1370780464973.jpg","keywords":["bar","caf\u00e9","l'univers","Tunis"],"articleSection":["Chroniques"],"inLanguage":"fr-FR"},{"@type":"WebPage","@id":"https:\/\/www.webdo.tn\/fr\/actualite\/chroniques\/petite-histoire-du-cafe-bar-de-l-univers\/210865\/","url":"https:\/\/www.webdo.tn\/fr\/actualite\/chroniques\/petite-histoire-du-cafe-bar-de-l-univers\/210865\/","name":"Petite histoire du caf\u00e9-bar de l'Univers","isPartOf":{"@id":"https:\/\/www.webdo.tn\/fr\/#website"},"primaryImageOfPage":{"@id":"https:\/\/www.webdo.tn\/fr\/actualite\/chroniques\/petite-histoire-du-cafe-bar-de-l-univers\/210865\/#primaryimage"},"image":{"@id":"https:\/\/www.webdo.tn\/fr\/actualite\/chroniques\/petite-histoire-du-cafe-bar-de-l-univers\/210865\/#primaryimage"},"thumbnailUrl":"https:\/\/www.webdo.tn\/fr\/wp-content\/uploads\/2023\/12\/9bdf70248a8f9f3f03c1370780464973.jpg","datePublished":"2023-12-16T10:19:00+00:00","description":"Pour la g\u00e9n\u00e9ration des sixties, l'Univers \u00e9tait un lieu incontournable o\u00f9 se retrouvaient les \u00e9tudiants progressistes.","breadcrumb":{"@id":"https:\/\/www.webdo.tn\/fr\/actualite\/chroniques\/petite-histoire-du-cafe-bar-de-l-univers\/210865\/#breadcrumb"},"inLanguage":"fr-FR","potentialAction":[{"@type":"ReadAction","target":["https:\/\/www.webdo.tn\/fr\/actualite\/chroniques\/petite-histoire-du-cafe-bar-de-l-univers\/210865\/"]}]},{"@type":"ImageObject","inLanguage":"fr-FR","@id":"https:\/\/www.webdo.tn\/fr\/actualite\/chroniques\/petite-histoire-du-cafe-bar-de-l-univers\/210865\/#primaryimage","url":"https:\/\/www.webdo.tn\/fr\/wp-content\/uploads\/2023\/12\/9bdf70248a8f9f3f03c1370780464973.jpg","contentUrl":"https:\/\/www.webdo.tn\/fr\/wp-content\/uploads\/2023\/12\/9bdf70248a8f9f3f03c1370780464973.jpg","width":720,"height":384,"caption":"Petite histoire du caf\u00e9-bar de l'Univers"},{"@type":"BreadcrumbList","@id":"https:\/\/www.webdo.tn\/fr\/actualite\/chroniques\/petite-histoire-du-cafe-bar-de-l-univers\/210865\/#breadcrumb","itemListElement":[{"@type":"ListItem","position":1,"name":"Accueil","item":"https:\/\/www.webdo.tn\/fr\/"},{"@type":"ListItem","position":2,"name":"Petite histoire du caf\u00e9-bar de l&#8217;Univers"}]},{"@type":"WebSite","@id":"https:\/\/www.webdo.tn\/fr\/#website","url":"https:\/\/www.webdo.tn\/fr\/","name":"webdo","description":"Tunisie - News en Tunisie et \u00e0 l&#039;international sur Webdo.tn","publisher":{"@id":"https:\/\/www.webdo.tn\/fr\/#organization"},"potentialAction":[{"@type":"SearchAction","target":{"@type":"EntryPoint","urlTemplate":"https:\/\/www.webdo.tn\/fr\/?s={search_term_string}"},"query-input":{"@type":"PropertyValueSpecification","valueRequired":true,"valueName":"search_term_string"}}],"inLanguage":"fr-FR"},{"@type":"Organization","@id":"https:\/\/www.webdo.tn\/fr\/#organization","name":"Webdo","alternateName":"Webdo.tn","url":"https:\/\/www.webdo.tn\/fr\/","logo":{"@type":"ImageObject","inLanguage":"fr-FR","@id":"https:\/\/www.webdo.tn\/fr\/#\/schema\/logo\/image\/","url":"https:\/\/www.webdo.tn\/fr\/wp-content\/uploads\/2025\/06\/Webdo-Tunisie_168377.jpg","contentUrl":"https:\/\/www.webdo.tn\/fr\/wp-content\/uploads\/2025\/06\/Webdo-Tunisie_168377.jpg","width":301,"height":301,"caption":"Webdo"},"image":{"@id":"https:\/\/www.webdo.tn\/fr\/#\/schema\/logo\/image\/"},"sameAs":["https:\/\/www.facebook.com\/webdotn","https:\/\/x.com\/webdo_tn"],"description":"Webdo est un m\u00e9dia num\u00e9rique tunisien fond\u00e9 en 2010, sp\u00e9cialis\u00e9 dans l\u2019actualit\u00e9 nationale et internationale, l\u2019\u00e9conomie, la soci\u00e9t\u00e9 et les analyses politiques. Le site s\u2019adresse \u00e0 un large public francophone et couvre l\u2019information tunisienne en temps r\u00e9el.","email":"redac@webdo.tn","legalName":"YNJ SARL","foundingDate":"2010-09-06","numberOfEmployees":{"@type":"QuantitativeValue","minValue":"11","maxValue":"50"}},{"@type":"Person","@id":"https:\/\/www.webdo.tn\/fr\/#\/schema\/person\/6bc0beba2cd23aec27cb5df85ca2554f","name":"Hatem Bourial","image":{"@type":"ImageObject","inLanguage":"fr-FR","@id":"https:\/\/www.webdo.tn\/fr\/wp-content\/uploads\/2026\/04\/hatem-bourial_avatar-96x96.jpg","url":"https:\/\/www.webdo.tn\/fr\/wp-content\/uploads\/2026\/04\/hatem-bourial_avatar-96x96.jpg","contentUrl":"https:\/\/www.webdo.tn\/fr\/wp-content\/uploads\/2026\/04\/hatem-bourial_avatar-96x96.jpg","caption":"Hatem Bourial"},"description":"Hatem Bourial est journaliste, \u00e9crivain et chroniqueur tunisien. Actif depuis plusieurs d\u00e9cennies, il s\u2019est impos\u00e9 comme un observateur attentif de la soci\u00e9t\u00e9 tunisienne, m\u00ealant dans ses \u00e9crits m\u00e9moire, culture et analyse du quotidien. Auteur de nombreux ouvrages, il d\u00e9veloppe une \u0153uvre \u00e0 la crois\u00e9e du r\u00e9cit, de la po\u00e9sie et de l\u2019observation sociologique. Parall\u00e8lement \u00e0 ses contributions dans la presse, il intervient r\u00e9guli\u00e8rement \u00e0 la radio et dans des espaces culturels, o\u00f9 il explore les enjeux li\u00e9s au patrimoine, \u00e0 l\u2019identit\u00e9 et aux transformations du monde contemporain. \u00c0 travers ses chroniques, Hatem Bourial propose une lecture sensible et approfondie de l\u2019actualit\u00e9, nourrie par une exp\u00e9rience journalistique et litt\u00e9raire reconnue. \ud83d\udd17 Facebook : https:\/\/www.facebook.com\/hatem.bourial.2025","sameAs":["https:\/\/www.facebook.com\/hatem.bourial.2025","https:\/\/fr.wikipedia.org\/wiki\/Fichier:Hatem_Bourial.jpg"],"knowsAbout":["Culture & patrimoine tunisien","Chronique soci\u00e9tale","Litt\u00e9rature & m\u00e9moire","Cin\u00e9ma & critique culturelle","Identit\u00e9 & mutations sociales"],"knowsLanguage":["Arabe","Fran\u00e7ais","Anglais","Italien","Polonais"],"jobTitle":"Journaliste, \u00e9crivain et chroniqueur culturel","worksFor":"Webdo","url":"https:\/\/www.webdo.tn\/fr\/actualite\/author\/hatem-bourial-2\/"}]}},"_links":{"self":[{"href":"https:\/\/www.webdo.tn\/fr\/wp-json\/wp\/v2\/posts\/210865","targetHints":{"allow":["GET"]}}],"collection":[{"href":"https:\/\/www.webdo.tn\/fr\/wp-json\/wp\/v2\/posts"}],"about":[{"href":"https:\/\/www.webdo.tn\/fr\/wp-json\/wp\/v2\/types\/post"}],"author":[{"embeddable":true,"href":"https:\/\/www.webdo.tn\/fr\/wp-json\/wp\/v2\/users\/3229"}],"replies":[{"embeddable":true,"href":"https:\/\/www.webdo.tn\/fr\/wp-json\/wp\/v2\/comments?post=210865"}],"version-history":[{"count":0,"href":"https:\/\/www.webdo.tn\/fr\/wp-json\/wp\/v2\/posts\/210865\/revisions"}],"wp:featuredmedia":[{"embeddable":true,"href":"https:\/\/www.webdo.tn\/fr\/wp-json\/wp\/v2\/media\/248502"}],"wp:attachment":[{"href":"https:\/\/www.webdo.tn\/fr\/wp-json\/wp\/v2\/media?parent=210865"}],"wp:term":[{"taxonomy":"category","embeddable":true,"href":"https:\/\/www.webdo.tn\/fr\/wp-json\/wp\/v2\/categories?post=210865"},{"taxonomy":"post_tag","embeddable":true,"href":"https:\/\/www.webdo.tn\/fr\/wp-json\/wp\/v2\/tags?post=210865"}],"curies":[{"name":"wp","href":"https:\/\/api.w.org\/{rel}","templated":true}]}}