{"id":210862,"date":"2023-12-16T08:14:00","date_gmt":"2023-12-16T08:14:00","guid":{"rendered":"https:\/\/www.webdo.tn\/fr\/blog\/el-gouna-2023-pleins-feux-sur-la-prochaine-generation\/210862\/"},"modified":"2025-05-21T08:56:18","modified_gmt":"2025-05-21T08:56:18","slug":"el-gouna-2023-pleins-feux-sur-la-prochaine-generation","status":"publish","type":"post","link":"https:\/\/www.webdo.tn\/fr\/actualite\/culture\/el-gouna-2023-pleins-feux-sur-la-prochaine-generation\/210862\/","title":{"rendered":"El Gouna 2023 &#8211; Pleins feux sur la prochaine g\u00e9n\u00e9ration"},"content":{"rendered":"<div class=\"single-body entry-content typography-copy\" itemprop=\"articleBody\">\n<p style=\"font-weight: bold; text-align: justify\">\n\t\t\t\t\t\t\t\t\tLa 6\u00e8me \u00e9dition du Festival du Film d\u2019El Gouna (GFF), qui s&rsquo;est d\u00e9roul\u00e9e exceptionnellement du 14 au 21 d\u00e9cembre 2023, a \u00e9t\u00e9 marqu\u00e9e par un panel tr\u00e8s int\u00e9ressant intitul\u00e9 \u00ab\u00a0Pleins feux sur la nouvelle g\u00e9n\u00e9ration\u00a0\u00bb.\n\t\t\t\t\t\t\t\t<\/p>\n<div class=\"coprs\" style=\"text-align: center\"><\/div>\n<div class=\"coprs\" style=\"text-align: justify\">\n<p><span><span>Les intervenants, dont la r\u00e9alisatrice \u00e9gyptienne Kawtar Younes, le directeur de la photographie Mostafa Sheshtawy, la r\u00e9alisatrice libano-am\u00e9ricaine Jude Shehab, et la sc\u00e9nariste \u00e9gyptienne Farida Zahran, ont partag\u00e9 leurs exp\u00e9riences devant une salle pleine de jeunes passionn\u00e9s.<\/span><\/span><\/p>\n<p><span><span>Ce panel se situe en plein dans l&rsquo;objectif du Festival du Film d\u2019El Gouna, qui va au-del\u00e0 de la simple c\u00e9l\u00e9bration du cin\u00e9ma, visant \u00e0 favoriser les rencontres entre jeunes talents et professionnels \u00e9tablis. Ces \u00e9changes enrichissants cr\u00e9ent des liens professionnels fructueux, permettant aux nouveaux arrivants de b\u00e9n\u00e9ficier de la sagesse des v\u00e9t\u00e9rans.<\/span><\/span><\/p>\n<p><span><span>Les pan\u00e9listes ont commenc\u00e9 par des pr\u00e9sentations personnelles, offrant un aper\u00e7u de leur parcours dans l&rsquo;industrie cin\u00e9matographique. Thuraya Ismail, mod\u00e9ratrice et experte en d\u00e9veloppement humain, a dirig\u00e9 la discussion en posant des questions pertinentes aux panelistes.<\/span><\/span><\/p>\n<p><span><span><strong><u>Pr\u00e9sentation des pan\u00e9listes : <\/u><\/strong><\/span><\/span><\/p>\n<p><span><span><strong>Thuraya Ismail<\/strong><\/span><\/span><br \/>\n<span><span>Mentor Arabia est une filiale de Mentor et a pour but de pr\u00e9venir les enfants de tout acte dangereux ou addiction, et \u00e0 travers des films, nous arrivons \u00e0 faire parvenir notre voix aux enfants. <\/span><\/span><\/p>\n<p><span><span><strong>Farida Zahran<\/strong><\/span><\/span><br \/>\n<span><span>Je suis une artiste&#8230; j&rsquo;esp\u00e8re. Je suis sc\u00e9nariste et r\u00e9alisatrice et je suis surtout une femme.<\/span><\/span><\/p>\n<p><span><span><strong>Kawthar Younis<\/strong><\/span><\/span><br \/>\n<span><span>R\u00e9alisatrice depuis 14 ans en tant qu&rsquo;assistante et ensuite j&rsquo;ai fait mon premier film qui a eu un \u00e9norme succ\u00e8s et a chang\u00e9 ma vie. J&rsquo;avais 22 ans et je ne comprenais pas ce qui m&rsquo;arrivait. J&rsquo;ai continu\u00e9 pendant de nombreuses ann\u00e9es \u00e0 \u00eatre assistante parce que mon plus gros probl\u00e8me est que je ne trouvais pas de producteur. C\u2019est pour cela que j&rsquo;ai alors d\u00e9cid\u00e9 de travailler comme productrice, j\u2019ai travaill\u00e9 avec Netflix. J&rsquo;\u00e9tais devenue donc une productrice professionnelle et j&rsquo;ai aim\u00e9 cela parce que ma permit de travailler dans le cin\u00e9ma selon plusieurs angles. Et c&rsquo;est ce qui permet d&rsquo;apprendre encore plus.<\/span><\/span><\/p>\n<p><span><span><strong>Mostafa Sheshtawy<\/strong><\/span><\/span><br \/>\n<span><span>Directeur photographie, j&rsquo;ai commenc\u00e9 en tant que sc\u00e9nariste et r\u00e9alisateur. Lorsque j&rsquo;ai fait mon premier court m\u00e9trage, j&rsquo;ai compris que ce n&rsquo;\u00e9tait pas ce que j&rsquo;aimais, je suis devenu donc directeur de la photographe et c&rsquo;est ce que j&rsquo;aime. Je voulais aussi devenir un enseignant et je le suis devenu. <\/span><\/span><\/p>\n<p><span><span><strong>Jude Chehab<\/strong><\/span><\/span><br \/>\n<span><span>J&rsquo;ai travaill\u00e9 en tant que directeur de la photographie, mais j\u2019ai ensuite r\u00e9alis\u00e9 mon premier court.<\/span><\/span><\/p>\n<p>\u00a0<\/p>\n<p><span><span><strong><u>R\u00e9ponses aux questions pos\u00e9es par Thuraya Ismail<\/u><\/strong><\/span><\/span><\/p>\n<p><span><span><strong>Farida Zahran, en tant qu&rsquo;\u00e9gyptienne r\u00e9sidente aux USA, qui est ton public?<\/strong><\/span><\/span><br \/>\n<span><span>En fait, j&rsquo;ai \u00e9t\u00e9 \u00e9lev\u00e9e au Qatar, et je me suis souvent pos\u00e9e cette question. Je pense que l&rsquo;identit\u00e9 est la m\u00eame peu importe o\u00f9 l&rsquo;on soit. \u00c9tant \u00e0 New York, il est vrai que je serais vue par un certain public, et ils attendent s\u00fbrement quelque chose. Moi je veux raconter mes histoires et les histoires de mon peuple et peu importe comment on me voit. J&rsquo;essaye de prendre les distances parfois. <\/span><\/span><\/p>\n<p><span><span><strong>Mostafa Sheshtawy, comment es-tu devenu directeur de la photographie ?<\/strong><\/span><\/span><br \/>\n<span><span>Dans ma vie, j&rsquo;ai eu plusieurs mentors. Lorsque j&rsquo;\u00e9tais jeune, une \u00c9gyptienne m&rsquo;avait dit que mes photos \u00e9taient cin\u00e9matographiques alors qu&rsquo;\u00e0 l&rsquo;\u00e9poque j&rsquo;\u00e9tais photographe reporter. Elle a d&rsquo;ailleurs \u00e9t\u00e9 celle qui m&rsquo;a amen\u00e9 mon premier emploi comme photographe cin\u00e9ma. D&rsquo;autres personnes m&rsquo;ont aid\u00e9 pendant toute ma vie, je suis chanceux. <\/span><\/span><\/p>\n<p><span><span><strong>Kawthar Younis, quelle est la personne qui vous a le plus influenc\u00e9e ?<\/strong><\/span><\/span><br \/>\n<span><span>Mon p\u00e8re est la personne qui m&rsquo;a le plus influenc\u00e9e, il m&rsquo;a appris \u00e0 ressentir, et c&rsquo;est la plus chose importante et qui m&rsquo;a servi dans mon m\u00e9tier. Je suis membre d&rsquo;une association f\u00e9minine, et nous aidons beaucoup des gens et parrainons de nouveaux talents. <\/span><\/span><\/p>\n<p><span><span><strong>Jude Shehab, tu as beaucoup collabor\u00e9 avec des ONG humanitaires. Quelle est la diff\u00e9rence avec les films que tu fais ?<\/strong><\/span><\/span><br \/>\n<span><span>Toutes ces exp\u00e9riences apprennent des choses. J&rsquo;ai appris \u00e0 regarder les histoires d&rsquo;un certain angle, plus humanitaire je pense. <\/span><\/span><\/p>\n<p><span><span><strong>Farida Zahran, le feuilleton <em>Rami<\/em> a \u00e9t\u00e9 un \u00e9norme succ\u00e8s. Pourquoi as-tu fait ce feuilleton et comment expliquer le succ\u00e8s?<\/strong><\/span><\/span><br \/>\n<span><span>Je ne vais pas pas m&rsquo;attibuer beaucoup de m\u00e9rite, le succ\u00e8s de ce feuilleton revient surtout \u00e0 l\u2019acteur Ramy lui-m\u00eame. Je pense que c\u2019est juste que je me suis trouv\u00e9e au bon endroit et au bon moment. J&rsquo;ai fait la connaissance d&rsquo;une personne qui a parl\u00e9 de moi \u00e0 Ramy et qui m&rsquo;a demand\u00e9 de lui envoyer mon court. Ils devaient faire la saison 2, ils m&rsquo;ont demand\u00e9. Mais les discussions ont dur\u00e9 deux ans, et je n\u2019ai commenc\u00e9 \u00e0 travailler sur ce feuilleton qu\u2019\u00e0 partir de la saison 3. <\/span><\/span><\/p>\n<p><span><span><strong>Mostafa Sheshtawy, tu as travaill\u00e9 sur le film <em>Courrier Certifi\u00e9 <\/em>(2019) qui parle de la d\u00e9pression post-partum. Comment as-tu eu cette id\u00e9e?<\/strong><\/span><\/span><br \/>\n<span><span>J&rsquo;ai travaill\u00e9 sur ce film d\u00e8s le d\u00e9but. Je suis le photographe. Hisham Saqr, le sc\u00e9nariste et r\u00e9alisateur est un homme qui a fait beaucoup de recherches sur ce sujet. Il voulait que toute l&rsquo;\u00e9quipe comprenne ce probl\u00e8me et que nous puissions faire arriver ce sentiment au public.<\/span><\/span><\/p>\n<p><span><span><strong>Kawthar Younis, ton film <em>Sahbety\/Mon amie<\/em> (2022) a \u00e9t\u00e9 s\u00e9lectionn\u00e9 au Festival de Venise et a gagn\u00e9 plein de prix dans plusieurs autres festivals, pourquoi ?<\/strong><\/span><\/span><br \/>\n<span><span>Mes films qui ont pr\u00e9c\u00e9d\u00e9 \u00e9taient des films qui racontaient des exp\u00e9riences personnelles, le premier par exemple parlait de mon p\u00e8re. J&rsquo;\u00e9tais donc \u00e0 chaque fois dans le film, et cela \u00e9tait tr\u00e8s fatigant \u00e9motionnellement, le processus \u00e9tant tr\u00e8s difficile parce que ces films \u00e9taient tr\u00e8s personnels. Ensuite j&rsquo;ai d\u00e9cid\u00e9 de faire un film qui ne me concerne pas du tout. J&rsquo;ai fait donc un film qui raconte une histoire de gens que je ne connais pas et j&rsquo;\u00e9tais contente de ne pas \u00eatre concern\u00e9e par cette histoire. Pendant le confinement j&rsquo;ai l&rsquo;id\u00e9e de <em>Sahbety<\/em>. Je me suis pos\u00e9e la question: comment est-ce qu&rsquo;un jeune homme pourrait aller voir son amie chez elle sans que ses parents s\u2019en aper\u00e7oivent? <\/span><\/span><\/p>\n<p><span><span>Je n&rsquo;aurais jamais cru que<em> Sahbety<\/em>\u00a0irait \u00e0 Venise. J&rsquo;ai d&rsquo;ailleurs produit le film moi-m\u00eame parce que je ne pensais pas que des gens pourraient financer un tel film. C&rsquo;est le monteur qui a propos\u00e9 d\u2019envoyer le film \u00e0 Venise, je n&rsquo;y croyais pas du tout. Lorsqu&rsquo;il a \u00e9t\u00e9 s\u00e9lectionn\u00e9, j&rsquo;ai pens\u00e9 qu\u2019il ne serait pas en comp\u00e9tition. Ensuite j&rsquo;ai d&rsquo;ailleurs \u00e9pous\u00e9 ce monteur qui dit que la fille du film me ressemble et qu&rsquo;elle est moi. <\/span><\/span><\/p>\n<p><span><span><strong>Jude Shehab, ton film <em>Q<\/em> (2023) est personnel et raconte ton histoire familiale.<\/strong><\/span><\/span><br \/>\n<span><span>C&rsquo;est un documentaire sur ma m\u00e8re et ma grand-m\u00e8re et leur relation avec un groupe islamiste. J&rsquo;ai toujours ressenti que faire ce film est une responsabilit\u00e9. Chez les musulmans, il y a des groupes qui veulent interpr\u00e9ter la religion comme ils l&rsquo;entendent et imposer cette interpr\u00e9tation sur les autres. C&rsquo;est une histoire personnelle donc je pense que de cette mani\u00e8re il y a eu plus d&rsquo;\u00e9motions. Mais je voulais partager cette exp\u00e9rience, m\u00eame si \u00e0 ce jour, nous subissons encore les cons\u00e9quences. <\/span><\/span><\/p>\n<p><span><span><strong>Farida Zahran, ton film \u00e0 propos du harc\u00e8lement sexuel <em>Banat Ekher Zaman<\/em> (2019) a \u00e9t\u00e9 jusqu&rsquo;aux Oscars<\/strong>.<\/span><\/span><br \/>\n<span><span>Non, il a \u00e9t\u00e9 uniquement qualifi\u00e9 pour les Oscars. C&rsquo;\u00e9tait la premi\u00e8re fois que je tournais en \u00c9gypte et je ne connaissais personne, je me demandais quelle histoire simple je pourrais raconter et qui raconterait ma relation avec la ville.<\/span><\/span><\/p>\n<p><span><span><strong>Mostafa Sheshtawy, \u00e0 quel point l&rsquo;objectif d&rsquo;un photographe peut faire parvenir une \u00e9motion et une image?<\/strong><\/span><\/span><br \/>\n<span><span>Je pense que ce qui me fait bouger est l&rsquo;histoire avant l&rsquo;image. Nos films sont de plus en plus r\u00e9alistes. Parfois les fictions deviennent presque des documentaires. La nouvelle g\u00e9n\u00e9ration s&rsquo;est habitu\u00e9e au fait que l&rsquo;image actuelle est tr\u00e8s r\u00e9aliste. Pour nous, un film comme Marvel est du cin\u00e9ma irr\u00e9el. <\/span><\/span><\/p>\n<p><span><span><strong>Kawthar Younis, <em>Un cadeau du pass\u00e9 <\/em>(2016) a \u00e9t\u00e9 ton premier film. Raconte-nous.<\/strong><\/span><\/span><br \/>\n<span><span>C&rsquo;est l&rsquo;histoire de mon p\u00e8re, auquel j&rsquo;ai offert une bague pour qu&rsquo;il puisse l&rsquo;offrir \u00e0 la femme qu&rsquo;il aimait. Nous en avons fait un film, qui a \u00e9t\u00e9 s\u00e9lectionn\u00e9 dans plusieurs festivals, qui a eu du succ\u00e8s au cin\u00e9ma et c&rsquo;est ce qui a chang\u00e9 ma vie.<\/span><\/span><\/p>\n<p><img decoding=\"async\" alt=\"\" height=\"1200\" src=\"\/assets\/uploads\/images\/\/Neila\/Spotlight%20on%20next%20generation.jpeg\" width=\"960\"><\/p>\n<p>\u00a0<\/p>\n<p><span><span><strong><u>Exploration enrichissante de la cr\u00e9ativit\u00e9 cin\u00e9matographique contemporaine<\/u><\/strong><\/span><\/span><\/p>\n<p><span><span>La diversit\u00e9 des exp\u00e9riences, des genres de films, et des th\u00e8mes abord\u00e9s par les pan\u00e9listes a rendu ce panel \u00ab Pleins feux sur : la nouvelle g\u00e9n\u00e9ration \u00bb une exploration enrichissante de la cr\u00e9ativit\u00e9 cin\u00e9matographique contemporaine. Ces talents \u00e9mergents et confirm\u00e9s ont non seulement partag\u00e9 leurs histoires inspirantes mais ont \u00e9galement offert des aper\u00e7us pr\u00e9cieux sur l&rsquo;\u00e9volution de l&rsquo;industrie cin\u00e9matographique.<\/span><\/span><\/p>\n<p><span><span>En somme, le panel a offert une immersion captivante dans les esprits cr\u00e9atifs qui fa\u00e7onnent l&rsquo;avenir du cin\u00e9ma. Des histoires personnelles aux succ\u00e8s \u00e9clatants, chaque intervenant a apport\u00e9 une nuance unique \u00e0 la discussion, offrant un regard riche sur la diversit\u00e9 et la cr\u00e9ativit\u00e9 florissante de la nouvelle g\u00e9n\u00e9ration du cin\u00e9ma. L&rsquo;interaction entre les g\u00e9n\u00e9rations a cr\u00e9\u00e9 une dynamique inspirante, ouvrant des horizons pour les futurs conteurs d&rsquo;histoires cin\u00e9matographiques. L&rsquo;\u00e9v\u00e9nement a brillamment captur\u00e9 la passion, la pers\u00e9v\u00e9rance, et l&rsquo;innovation qui d\u00e9finissent l&rsquo;industrie cin\u00e9matographique contemporaine.<\/span><\/span><\/p>\n<p><strong><span><span>Ne\u00efla Driss<\/span><\/span><\/strong><\/p>\n<\/p><\/div>\n<div class=\"coprs\" style=\"text-align: center\"><\/div><\/div>\n","protected":false},"excerpt":{"rendered":"<p>El Gouna 2023 &#8211; Pleins feux sur la prochaine g\u00e9n\u00e9ration<\/p>\n","protected":false},"author":3164,"featured_media":248501,"comment_status":"open","ping_status":"closed","sticky":false,"template":"","format":"standard","meta":{"footnotes":""},"categories":[2594],"tags":[7281,3258,3259,7280,4998],"class_list":["post-210862","post","type-post","status-publish","format-standard","has-post-thumbnail","hentry","category-culture","tag-el-gouna-2023","tag-festival-du-film-del-gouna","tag-gff","tag-gff-2023","tag-panel"],"yoast_head":"<!-- This site is optimized with the Yoast SEO Premium plugin v27.5 (Yoast SEO v27.5) - https:\/\/yoast.com\/product\/yoast-seo-premium-wordpress\/ -->\n<title>El Gouna 2023 - Pleins feux sur la prochaine g\u00e9n\u00e9ration<\/title>\n<meta name=\"description\" content=\"El Gouna 2023 - Pleins feux sur la prochaine g\u00e9n\u00e9ration\" \/>\n<link rel=\"canonical\" href=\"https:\/\/www.webdo.tn\/fr\/actualite\/culture\/el-gouna-2023-pleins-feux-sur-la-prochaine-generation\/210862\/\" \/>\n<meta property=\"og:locale\" content=\"fr_FR\" \/>\n<meta property=\"og:type\" content=\"article\" \/>\n<meta property=\"og:title\" content=\"El Gouna 2023 - Pleins feux sur la prochaine g\u00e9n\u00e9ration\" \/>\n<meta property=\"og:description\" content=\"El Gouna 2023 - Pleins feux sur la prochaine g\u00e9n\u00e9ration\" \/>\n<meta property=\"og:url\" content=\"https:\/\/www.webdo.tn\/fr\/actualite\/culture\/el-gouna-2023-pleins-feux-sur-la-prochaine-generation\/210862\/\" \/>\n<meta property=\"og:site_name\" content=\"webdo\" \/>\n<meta property=\"article:publisher\" content=\"https:\/\/www.facebook.com\/webdotn\" \/>\n<meta property=\"article:author\" content=\"https:\/\/www.facebook.com\/massir.destiniii\/\" \/>\n<meta property=\"article:published_time\" content=\"2023-12-16T08:14:00+00:00\" \/>\n<meta property=\"article:modified_time\" content=\"2025-05-21T08:56:18+00:00\" \/>\n<meta property=\"og:image\" content=\"https:\/\/www.webdo.tn\/fr\/wp-content\/uploads\/2023\/12\/99d5da23f00f8da73c6980b5655db591.jpeg\" \/>\n\t<meta property=\"og:image:width\" content=\"750\" \/>\n\t<meta property=\"og:image:height\" content=\"400\" \/>\n\t<meta property=\"og:image:type\" content=\"image\/jpeg\" \/>\n<meta name=\"author\" content=\"Ne\u00efla DRISS\" \/>\n<meta name=\"twitter:card\" content=\"summary_large_image\" \/>\n<meta name=\"twitter:creator\" content=\"@https:\/\/x.com\/MassirDestin\" \/>\n<meta name=\"twitter:site\" content=\"@webdo_tn\" \/>\n<meta name=\"twitter:label1\" content=\"\u00c9crit par\" \/>\n\t<meta name=\"twitter:data1\" content=\"Ne\u00efla DRISS\" \/>\n\t<meta name=\"twitter:label2\" content=\"Dur\u00e9e de lecture estim\u00e9e\" \/>\n\t<meta name=\"twitter:data2\" content=\"8 minutes\" \/>\n<script type=\"application\/ld+json\" class=\"yoast-schema-graph\">{\"@context\":\"https:\\\/\\\/schema.org\",\"@graph\":[{\"@type\":\"NewsArticle\",\"@id\":\"https:\\\/\\\/www.webdo.tn\\\/fr\\\/actualite\\\/culture\\\/el-gouna-2023-pleins-feux-sur-la-prochaine-generation\\\/210862\\\/#article\",\"isPartOf\":{\"@id\":\"https:\\\/\\\/www.webdo.tn\\\/fr\\\/actualite\\\/culture\\\/el-gouna-2023-pleins-feux-sur-la-prochaine-generation\\\/210862\\\/\"},\"author\":{\"name\":\"Ne\u00efla DRISS\",\"@id\":\"https:\\\/\\\/www.webdo.tn\\\/fr\\\/#\\\/schema\\\/person\\\/60d5ba619ed3f58783b0dc82b7dada80\"},\"headline\":\"El Gouna 2023 &#8211; Pleins feux sur la prochaine g\u00e9n\u00e9ration\",\"datePublished\":\"2023-12-16T08:14:00+00:00\",\"dateModified\":\"2025-05-21T08:56:18+00:00\",\"mainEntityOfPage\":{\"@id\":\"https:\\\/\\\/www.webdo.tn\\\/fr\\\/actualite\\\/culture\\\/el-gouna-2023-pleins-feux-sur-la-prochaine-generation\\\/210862\\\/\"},\"wordCount\":1701,\"commentCount\":0,\"publisher\":{\"@id\":\"https:\\\/\\\/www.webdo.tn\\\/fr\\\/#organization\"},\"image\":{\"@id\":\"https:\\\/\\\/www.webdo.tn\\\/fr\\\/actualite\\\/culture\\\/el-gouna-2023-pleins-feux-sur-la-prochaine-generation\\\/210862\\\/#primaryimage\"},\"thumbnailUrl\":\"https:\\\/\\\/www.webdo.tn\\\/fr\\\/wp-content\\\/uploads\\\/2023\\\/12\\\/99d5da23f00f8da73c6980b5655db591.jpeg\",\"keywords\":[\"El Gouna 2023\",\"Festival du Film d'El Gouna\",\"GFF\",\"GFF 2023\",\"Panel\"],\"articleSection\":[\"Culture\"],\"inLanguage\":\"fr-FR\"},{\"@type\":\"WebPage\",\"@id\":\"https:\\\/\\\/www.webdo.tn\\\/fr\\\/actualite\\\/culture\\\/el-gouna-2023-pleins-feux-sur-la-prochaine-generation\\\/210862\\\/\",\"url\":\"https:\\\/\\\/www.webdo.tn\\\/fr\\\/actualite\\\/culture\\\/el-gouna-2023-pleins-feux-sur-la-prochaine-generation\\\/210862\\\/\",\"name\":\"El Gouna 2023 - Pleins feux sur la prochaine g\u00e9n\u00e9ration\",\"isPartOf\":{\"@id\":\"https:\\\/\\\/www.webdo.tn\\\/fr\\\/#website\"},\"primaryImageOfPage\":{\"@id\":\"https:\\\/\\\/www.webdo.tn\\\/fr\\\/actualite\\\/culture\\\/el-gouna-2023-pleins-feux-sur-la-prochaine-generation\\\/210862\\\/#primaryimage\"},\"image\":{\"@id\":\"https:\\\/\\\/www.webdo.tn\\\/fr\\\/actualite\\\/culture\\\/el-gouna-2023-pleins-feux-sur-la-prochaine-generation\\\/210862\\\/#primaryimage\"},\"thumbnailUrl\":\"https:\\\/\\\/www.webdo.tn\\\/fr\\\/wp-content\\\/uploads\\\/2023\\\/12\\\/99d5da23f00f8da73c6980b5655db591.jpeg\",\"datePublished\":\"2023-12-16T08:14:00+00:00\",\"dateModified\":\"2025-05-21T08:56:18+00:00\",\"description\":\"El Gouna 2023 - Pleins feux sur la prochaine g\u00e9n\u00e9ration\",\"breadcrumb\":{\"@id\":\"https:\\\/\\\/www.webdo.tn\\\/fr\\\/actualite\\\/culture\\\/el-gouna-2023-pleins-feux-sur-la-prochaine-generation\\\/210862\\\/#breadcrumb\"},\"inLanguage\":\"fr-FR\",\"potentialAction\":[{\"@type\":\"ReadAction\",\"target\":[\"https:\\\/\\\/www.webdo.tn\\\/fr\\\/actualite\\\/culture\\\/el-gouna-2023-pleins-feux-sur-la-prochaine-generation\\\/210862\\\/\"]}]},{\"@type\":\"ImageObject\",\"inLanguage\":\"fr-FR\",\"@id\":\"https:\\\/\\\/www.webdo.tn\\\/fr\\\/actualite\\\/culture\\\/el-gouna-2023-pleins-feux-sur-la-prochaine-generation\\\/210862\\\/#primaryimage\",\"url\":\"https:\\\/\\\/www.webdo.tn\\\/fr\\\/wp-content\\\/uploads\\\/2023\\\/12\\\/99d5da23f00f8da73c6980b5655db591.jpeg\",\"contentUrl\":\"https:\\\/\\\/www.webdo.tn\\\/fr\\\/wp-content\\\/uploads\\\/2023\\\/12\\\/99d5da23f00f8da73c6980b5655db591.jpeg\",\"width\":750,\"height\":400,\"caption\":\"El Gouna 2023 - Pleins feux sur la prochaine g\u00e9n\u00e9ration\"},{\"@type\":\"BreadcrumbList\",\"@id\":\"https:\\\/\\\/www.webdo.tn\\\/fr\\\/actualite\\\/culture\\\/el-gouna-2023-pleins-feux-sur-la-prochaine-generation\\\/210862\\\/#breadcrumb\",\"itemListElement\":[{\"@type\":\"ListItem\",\"position\":1,\"name\":\"Accueil\",\"item\":\"https:\\\/\\\/www.webdo.tn\\\/fr\\\/\"},{\"@type\":\"ListItem\",\"position\":2,\"name\":\"El Gouna 2023 &#8211; Pleins feux sur la prochaine g\u00e9n\u00e9ration\"}]},{\"@type\":\"WebSite\",\"@id\":\"https:\\\/\\\/www.webdo.tn\\\/fr\\\/#website\",\"url\":\"https:\\\/\\\/www.webdo.tn\\\/fr\\\/\",\"name\":\"webdo\",\"description\":\"Tunisie - News en Tunisie et \u00e0 l&#039;international sur Webdo.tn\",\"publisher\":{\"@id\":\"https:\\\/\\\/www.webdo.tn\\\/fr\\\/#organization\"},\"potentialAction\":[{\"@type\":\"SearchAction\",\"target\":{\"@type\":\"EntryPoint\",\"urlTemplate\":\"https:\\\/\\\/www.webdo.tn\\\/fr\\\/?s={search_term_string}\"},\"query-input\":{\"@type\":\"PropertyValueSpecification\",\"valueRequired\":true,\"valueName\":\"search_term_string\"}}],\"inLanguage\":\"fr-FR\"},{\"@type\":\"Organization\",\"@id\":\"https:\\\/\\\/www.webdo.tn\\\/fr\\\/#organization\",\"name\":\"Webdo\",\"alternateName\":\"Webdo.tn\",\"url\":\"https:\\\/\\\/www.webdo.tn\\\/fr\\\/\",\"logo\":{\"@type\":\"ImageObject\",\"inLanguage\":\"fr-FR\",\"@id\":\"https:\\\/\\\/www.webdo.tn\\\/fr\\\/#\\\/schema\\\/logo\\\/image\\\/\",\"url\":\"https:\\\/\\\/www.webdo.tn\\\/fr\\\/wp-content\\\/uploads\\\/2025\\\/06\\\/Webdo-Tunisie_168377.jpg\",\"contentUrl\":\"https:\\\/\\\/www.webdo.tn\\\/fr\\\/wp-content\\\/uploads\\\/2025\\\/06\\\/Webdo-Tunisie_168377.jpg\",\"width\":301,\"height\":301,\"caption\":\"Webdo\"},\"image\":{\"@id\":\"https:\\\/\\\/www.webdo.tn\\\/fr\\\/#\\\/schema\\\/logo\\\/image\\\/\"},\"sameAs\":[\"https:\\\/\\\/www.facebook.com\\\/webdotn\",\"https:\\\/\\\/x.com\\\/webdo_tn\"],\"description\":\"Webdo est un m\u00e9dia num\u00e9rique tunisien fond\u00e9 en 2010, sp\u00e9cialis\u00e9 dans l\u2019actualit\u00e9 nationale et internationale, l\u2019\u00e9conomie, la soci\u00e9t\u00e9 et les analyses politiques. Le site s\u2019adresse \u00e0 un large public francophone et couvre l\u2019information tunisienne en temps r\u00e9el.\",\"email\":\"redac@webdo.tn\",\"legalName\":\"YNJ SARL\",\"foundingDate\":\"2010-09-06\",\"numberOfEmployees\":{\"@type\":\"QuantitativeValue\",\"minValue\":\"11\",\"maxValue\":\"50\"}},{\"@type\":\"Person\",\"@id\":\"https:\\\/\\\/www.webdo.tn\\\/fr\\\/#\\\/schema\\\/person\\\/60d5ba619ed3f58783b0dc82b7dada80\",\"name\":\"Ne\u00efla DRISS\",\"image\":{\"@type\":\"ImageObject\",\"inLanguage\":\"fr-FR\",\"@id\":\"https:\\\/\\\/www.webdo.tn\\\/fr\\\/wp-content\\\/uploads\\\/2026\\\/04\\\/neila-driss_avatar-96x96.jpg\",\"url\":\"https:\\\/\\\/www.webdo.tn\\\/fr\\\/wp-content\\\/uploads\\\/2026\\\/04\\\/neila-driss_avatar-96x96.jpg\",\"contentUrl\":\"https:\\\/\\\/www.webdo.tn\\\/fr\\\/wp-content\\\/uploads\\\/2026\\\/04\\\/neila-driss_avatar-96x96.jpg\",\"caption\":\"Ne\u00efla DRISS\"},\"description\":\"Ne\u00efla Driss est juriste, journaliste culturelle et critique de cin\u00e9ma tunisienne. Titulaire d\u2019un DEA en droit priv\u00e9 de l\u2019Universit\u00e9 Paris II et d\u2019un DESS de l\u2019IHEC Carthage, elle d\u00e9bute sa carri\u00e8re comme juriste sp\u00e9cialis\u00e9e en gestion de patrimoine immobilier. Elle s\u2019oriente ensuite vers l\u2019\u00e9criture en ligne, o\u00f9 elle se distingue d\u00e8s 2006 aux Tunisia Blog Awards, avant de se consacrer au journalisme culturel, avec une sp\u00e9cialisation dans la critique cin\u00e9matographique. Elle couvre r\u00e9guli\u00e8rement les grands festivals internationaux, notamment le Festival de Cannes, les Journ\u00e9es Cin\u00e9matographiques de Carthage et le Festival du film du Caire. Membre de l\u2019ATPCC et de la FIPRESCI, elle participe \u00e0 des jurys et initiatives internationales de critique. Depuis 2024, elle est \u00e9lectrice internationale aux Golden Globes. Facebook : https:\\\/\\\/www.facebook.com\\\/massir.destiniii\\\/ X : https:\\\/\\\/x.com\\\/MassirDestin\",\"sameAs\":[\"https:\\\/\\\/www.facebook.com\\\/massir.destiniii\\\/\",\"https:\\\/\\\/www.instagram.com\\\/neila.driss\\\/?hl=fr\",\"https:\\\/\\\/www.linkedin.com\\\/in\\\/neila-driss-22606a80\\\/\",\"https:\\\/\\\/x.com\\\/https:\\\/\\\/x.com\\\/MassirDestin\"],\"knowsAbout\":[\"Cin\u00e9ma international\",\"critique cin\u00e9matographique\",\"festivals de cin\u00e9ma\",\"journalisme culturel\"],\"knowsLanguage\":[\"Fran\u00e7ais\",\"Arabe\",\"Anglais\"],\"jobTitle\":\"Journaliste culturelle et critique de cin\u00e9ma\",\"worksFor\":\"Webdo\",\"url\":\"https:\\\/\\\/www.webdo.tn\\\/fr\\\/actualite\\\/author\\\/neila-driss\\\/\"}]}<\/script>\n<!-- \/ Yoast SEO Premium plugin. -->","yoast_head_json":{"title":"El Gouna 2023 - Pleins feux sur la prochaine g\u00e9n\u00e9ration","description":"El Gouna 2023 - Pleins feux sur la prochaine g\u00e9n\u00e9ration","canonical":"https:\/\/www.webdo.tn\/fr\/actualite\/culture\/el-gouna-2023-pleins-feux-sur-la-prochaine-generation\/210862\/","og_locale":"fr_FR","og_type":"article","og_title":"El Gouna 2023 - Pleins feux sur la prochaine g\u00e9n\u00e9ration","og_description":"El Gouna 2023 - Pleins feux sur la prochaine g\u00e9n\u00e9ration","og_url":"https:\/\/www.webdo.tn\/fr\/actualite\/culture\/el-gouna-2023-pleins-feux-sur-la-prochaine-generation\/210862\/","og_site_name":"webdo","article_publisher":"https:\/\/www.facebook.com\/webdotn","article_author":"https:\/\/www.facebook.com\/massir.destiniii\/","article_published_time":"2023-12-16T08:14:00+00:00","article_modified_time":"2025-05-21T08:56:18+00:00","og_image":[{"width":750,"height":400,"url":"https:\/\/www.webdo.tn\/fr\/wp-content\/uploads\/2023\/12\/99d5da23f00f8da73c6980b5655db591.jpeg","type":"image\/jpeg"}],"author":"Ne\u00efla DRISS","twitter_card":"summary_large_image","twitter_creator":"@https:\/\/x.com\/MassirDestin","twitter_site":"@webdo_tn","twitter_misc":{"\u00c9crit par":"Ne\u00efla DRISS","Dur\u00e9e de lecture estim\u00e9e":"8 minutes"},"schema":{"@context":"https:\/\/schema.org","@graph":[{"@type":"NewsArticle","@id":"https:\/\/www.webdo.tn\/fr\/actualite\/culture\/el-gouna-2023-pleins-feux-sur-la-prochaine-generation\/210862\/#article","isPartOf":{"@id":"https:\/\/www.webdo.tn\/fr\/actualite\/culture\/el-gouna-2023-pleins-feux-sur-la-prochaine-generation\/210862\/"},"author":{"name":"Ne\u00efla DRISS","@id":"https:\/\/www.webdo.tn\/fr\/#\/schema\/person\/60d5ba619ed3f58783b0dc82b7dada80"},"headline":"El Gouna 2023 &#8211; Pleins feux sur la prochaine g\u00e9n\u00e9ration","datePublished":"2023-12-16T08:14:00+00:00","dateModified":"2025-05-21T08:56:18+00:00","mainEntityOfPage":{"@id":"https:\/\/www.webdo.tn\/fr\/actualite\/culture\/el-gouna-2023-pleins-feux-sur-la-prochaine-generation\/210862\/"},"wordCount":1701,"commentCount":0,"publisher":{"@id":"https:\/\/www.webdo.tn\/fr\/#organization"},"image":{"@id":"https:\/\/www.webdo.tn\/fr\/actualite\/culture\/el-gouna-2023-pleins-feux-sur-la-prochaine-generation\/210862\/#primaryimage"},"thumbnailUrl":"https:\/\/www.webdo.tn\/fr\/wp-content\/uploads\/2023\/12\/99d5da23f00f8da73c6980b5655db591.jpeg","keywords":["El Gouna 2023","Festival du Film d'El Gouna","GFF","GFF 2023","Panel"],"articleSection":["Culture"],"inLanguage":"fr-FR"},{"@type":"WebPage","@id":"https:\/\/www.webdo.tn\/fr\/actualite\/culture\/el-gouna-2023-pleins-feux-sur-la-prochaine-generation\/210862\/","url":"https:\/\/www.webdo.tn\/fr\/actualite\/culture\/el-gouna-2023-pleins-feux-sur-la-prochaine-generation\/210862\/","name":"El Gouna 2023 - Pleins feux sur la prochaine g\u00e9n\u00e9ration","isPartOf":{"@id":"https:\/\/www.webdo.tn\/fr\/#website"},"primaryImageOfPage":{"@id":"https:\/\/www.webdo.tn\/fr\/actualite\/culture\/el-gouna-2023-pleins-feux-sur-la-prochaine-generation\/210862\/#primaryimage"},"image":{"@id":"https:\/\/www.webdo.tn\/fr\/actualite\/culture\/el-gouna-2023-pleins-feux-sur-la-prochaine-generation\/210862\/#primaryimage"},"thumbnailUrl":"https:\/\/www.webdo.tn\/fr\/wp-content\/uploads\/2023\/12\/99d5da23f00f8da73c6980b5655db591.jpeg","datePublished":"2023-12-16T08:14:00+00:00","dateModified":"2025-05-21T08:56:18+00:00","description":"El Gouna 2023 - Pleins feux sur la prochaine g\u00e9n\u00e9ration","breadcrumb":{"@id":"https:\/\/www.webdo.tn\/fr\/actualite\/culture\/el-gouna-2023-pleins-feux-sur-la-prochaine-generation\/210862\/#breadcrumb"},"inLanguage":"fr-FR","potentialAction":[{"@type":"ReadAction","target":["https:\/\/www.webdo.tn\/fr\/actualite\/culture\/el-gouna-2023-pleins-feux-sur-la-prochaine-generation\/210862\/"]}]},{"@type":"ImageObject","inLanguage":"fr-FR","@id":"https:\/\/www.webdo.tn\/fr\/actualite\/culture\/el-gouna-2023-pleins-feux-sur-la-prochaine-generation\/210862\/#primaryimage","url":"https:\/\/www.webdo.tn\/fr\/wp-content\/uploads\/2023\/12\/99d5da23f00f8da73c6980b5655db591.jpeg","contentUrl":"https:\/\/www.webdo.tn\/fr\/wp-content\/uploads\/2023\/12\/99d5da23f00f8da73c6980b5655db591.jpeg","width":750,"height":400,"caption":"El Gouna 2023 - Pleins feux sur la prochaine g\u00e9n\u00e9ration"},{"@type":"BreadcrumbList","@id":"https:\/\/www.webdo.tn\/fr\/actualite\/culture\/el-gouna-2023-pleins-feux-sur-la-prochaine-generation\/210862\/#breadcrumb","itemListElement":[{"@type":"ListItem","position":1,"name":"Accueil","item":"https:\/\/www.webdo.tn\/fr\/"},{"@type":"ListItem","position":2,"name":"El Gouna 2023 &#8211; Pleins feux sur la prochaine g\u00e9n\u00e9ration"}]},{"@type":"WebSite","@id":"https:\/\/www.webdo.tn\/fr\/#website","url":"https:\/\/www.webdo.tn\/fr\/","name":"webdo","description":"Tunisie - News en Tunisie et \u00e0 l&#039;international sur Webdo.tn","publisher":{"@id":"https:\/\/www.webdo.tn\/fr\/#organization"},"potentialAction":[{"@type":"SearchAction","target":{"@type":"EntryPoint","urlTemplate":"https:\/\/www.webdo.tn\/fr\/?s={search_term_string}"},"query-input":{"@type":"PropertyValueSpecification","valueRequired":true,"valueName":"search_term_string"}}],"inLanguage":"fr-FR"},{"@type":"Organization","@id":"https:\/\/www.webdo.tn\/fr\/#organization","name":"Webdo","alternateName":"Webdo.tn","url":"https:\/\/www.webdo.tn\/fr\/","logo":{"@type":"ImageObject","inLanguage":"fr-FR","@id":"https:\/\/www.webdo.tn\/fr\/#\/schema\/logo\/image\/","url":"https:\/\/www.webdo.tn\/fr\/wp-content\/uploads\/2025\/06\/Webdo-Tunisie_168377.jpg","contentUrl":"https:\/\/www.webdo.tn\/fr\/wp-content\/uploads\/2025\/06\/Webdo-Tunisie_168377.jpg","width":301,"height":301,"caption":"Webdo"},"image":{"@id":"https:\/\/www.webdo.tn\/fr\/#\/schema\/logo\/image\/"},"sameAs":["https:\/\/www.facebook.com\/webdotn","https:\/\/x.com\/webdo_tn"],"description":"Webdo est un m\u00e9dia num\u00e9rique tunisien fond\u00e9 en 2010, sp\u00e9cialis\u00e9 dans l\u2019actualit\u00e9 nationale et internationale, l\u2019\u00e9conomie, la soci\u00e9t\u00e9 et les analyses politiques. Le site s\u2019adresse \u00e0 un large public francophone et couvre l\u2019information tunisienne en temps r\u00e9el.","email":"redac@webdo.tn","legalName":"YNJ SARL","foundingDate":"2010-09-06","numberOfEmployees":{"@type":"QuantitativeValue","minValue":"11","maxValue":"50"}},{"@type":"Person","@id":"https:\/\/www.webdo.tn\/fr\/#\/schema\/person\/60d5ba619ed3f58783b0dc82b7dada80","name":"Ne\u00efla DRISS","image":{"@type":"ImageObject","inLanguage":"fr-FR","@id":"https:\/\/www.webdo.tn\/fr\/wp-content\/uploads\/2026\/04\/neila-driss_avatar-96x96.jpg","url":"https:\/\/www.webdo.tn\/fr\/wp-content\/uploads\/2026\/04\/neila-driss_avatar-96x96.jpg","contentUrl":"https:\/\/www.webdo.tn\/fr\/wp-content\/uploads\/2026\/04\/neila-driss_avatar-96x96.jpg","caption":"Ne\u00efla DRISS"},"description":"Ne\u00efla Driss est juriste, journaliste culturelle et critique de cin\u00e9ma tunisienne. Titulaire d\u2019un DEA en droit priv\u00e9 de l\u2019Universit\u00e9 Paris II et d\u2019un DESS de l\u2019IHEC Carthage, elle d\u00e9bute sa carri\u00e8re comme juriste sp\u00e9cialis\u00e9e en gestion de patrimoine immobilier. Elle s\u2019oriente ensuite vers l\u2019\u00e9criture en ligne, o\u00f9 elle se distingue d\u00e8s 2006 aux Tunisia Blog Awards, avant de se consacrer au journalisme culturel, avec une sp\u00e9cialisation dans la critique cin\u00e9matographique. Elle couvre r\u00e9guli\u00e8rement les grands festivals internationaux, notamment le Festival de Cannes, les Journ\u00e9es Cin\u00e9matographiques de Carthage et le Festival du film du Caire. Membre de l\u2019ATPCC et de la FIPRESCI, elle participe \u00e0 des jurys et initiatives internationales de critique. Depuis 2024, elle est \u00e9lectrice internationale aux Golden Globes. Facebook : https:\/\/www.facebook.com\/massir.destiniii\/ X : https:\/\/x.com\/MassirDestin","sameAs":["https:\/\/www.facebook.com\/massir.destiniii\/","https:\/\/www.instagram.com\/neila.driss\/?hl=fr","https:\/\/www.linkedin.com\/in\/neila-driss-22606a80\/","https:\/\/x.com\/https:\/\/x.com\/MassirDestin"],"knowsAbout":["Cin\u00e9ma international","critique cin\u00e9matographique","festivals de cin\u00e9ma","journalisme culturel"],"knowsLanguage":["Fran\u00e7ais","Arabe","Anglais"],"jobTitle":"Journaliste culturelle et critique de cin\u00e9ma","worksFor":"Webdo","url":"https:\/\/www.webdo.tn\/fr\/actualite\/author\/neila-driss\/"}]}},"_links":{"self":[{"href":"https:\/\/www.webdo.tn\/fr\/wp-json\/wp\/v2\/posts\/210862","targetHints":{"allow":["GET"]}}],"collection":[{"href":"https:\/\/www.webdo.tn\/fr\/wp-json\/wp\/v2\/posts"}],"about":[{"href":"https:\/\/www.webdo.tn\/fr\/wp-json\/wp\/v2\/types\/post"}],"author":[{"embeddable":true,"href":"https:\/\/www.webdo.tn\/fr\/wp-json\/wp\/v2\/users\/3164"}],"replies":[{"embeddable":true,"href":"https:\/\/www.webdo.tn\/fr\/wp-json\/wp\/v2\/comments?post=210862"}],"version-history":[{"count":0,"href":"https:\/\/www.webdo.tn\/fr\/wp-json\/wp\/v2\/posts\/210862\/revisions"}],"wp:featuredmedia":[{"embeddable":true,"href":"https:\/\/www.webdo.tn\/fr\/wp-json\/wp\/v2\/media\/248501"}],"wp:attachment":[{"href":"https:\/\/www.webdo.tn\/fr\/wp-json\/wp\/v2\/media?parent=210862"}],"wp:term":[{"taxonomy":"category","embeddable":true,"href":"https:\/\/www.webdo.tn\/fr\/wp-json\/wp\/v2\/categories?post=210862"},{"taxonomy":"post_tag","embeddable":true,"href":"https:\/\/www.webdo.tn\/fr\/wp-json\/wp\/v2\/tags?post=210862"}],"curies":[{"name":"wp","href":"https:\/\/api.w.org\/{rel}","templated":true}]}}