{"id":210842,"date":"2023-12-15T13:27:00","date_gmt":"2023-12-15T13:27:00","guid":{"rendered":"https:\/\/www.webdo.tn\/fr\/blog\/gaza-le-cimetiere-des-tunisiens-rase-par-l-armee-sioniste\/210842\/"},"modified":"2025-05-20T22:52:34","modified_gmt":"2025-05-20T22:52:34","slug":"gaza-le-cimetiere-des-tunisiens-rase-par-l-armee-sioniste","status":"publish","type":"post","link":"https:\/\/www.webdo.tn\/fr\/actualite\/international\/gaza-le-cimetiere-des-tunisiens-rase-par-l-armee-sioniste\/210842\/","title":{"rendered":"Gaza : Le \u00ab\u00a0cimeti\u00e8re des Tunisiens\u00a0\u00bb ras\u00e9 par l\u2019arm\u00e9e sioniste !"},"content":{"rendered":"<p>L\u2019origine de l\u2019appellation de ce cimeti\u00e8re demeure un myst\u00e8re. Il s\u2019agit de l\u2019un des plus grands cimeti\u00e8res dans la bande de Gaza et est situ\u00e9 \u00e0 Al-Chajayia.\u00a0<\/p>\n<p>\t\t\t\t\t\t\t\t\tAu cours de leur avanc\u00e9e dans la bande de Gaza, les forces isra\u00e9liennes ont d\u00e9truit ou endommag\u00e9 \u00ab au moins six cimeti\u00e8res \u00bb, dont le \u00ab cimeti\u00e8re des Tunisiens \u00bb.\u00a0<\/p>\n<p>Selon l\u2019analyse d\u2019images satellites effectu\u00e9e par The New York Times, qui a publi\u00e9 le r\u00e9sultat de ses investigations jeudi soir, ce cimeti\u00e8re a \u00e9t\u00e9 transform\u00e9 par l\u2019arm\u00e9e isra\u00e9lienne dans une zone de positionnement militaire.\u00a0<\/p>\n<p>Le quotidien compare deux photographies prises respectivement le 6 et le 8 d\u00e9cembre. La premi\u00e8re montre ce que le quotidien consid\u00e8re comme des tombes. Deux jours plus tard, ces tombes ont disparu et ont laiss\u00e9 la place \u00e0 des v\u00e9hicules militaires.<\/p>\n","protected":false},"excerpt":{"rendered":"<p>Au cours de leur avanc\u00e9e dans la bande de Gaza, les forces isra\u00e9liennes ont d\u00e9truit ou endommag\u00e9 \u00ab au moins six cimeti\u00e8res \u00bb, dont le \u00ab cimeti\u00e8re des Tunisiens&#8230;<\/p>\n","protected":false},"author":3175,"featured_media":289968,"comment_status":"open","ping_status":"closed","sticky":false,"template":"","format":"standard","meta":{"footnotes":""},"categories":[2598],"tags":[3608,2689,3317],"class_list":["post-210842","post","type-post","status-publish","format-standard","has-post-thumbnail","hentry","category-international","tag-cimetiere","tag-gaza","tag-tunisiens"],"yoast_head":"<!-- This site is optimized with the Yoast SEO Premium plugin v27.5 (Yoast SEO v27.5) - https:\/\/yoast.com\/product\/yoast-seo-premium-wordpress\/ -->\n<title>Gaza : Le cimeti\u00e8re des Tunisiens ras\u00e9 par l\u2019arm\u00e9e sioniste !<\/title>\n<meta name=\"description\" content=\"Au cours de leur avanc\u00e9e dans la bande de Gaza, les forces isra\u00e9liennes ont d\u00e9truit ou endommag\u00e9 \u00ab au moins six cimeti\u00e8res \u00bb, dont le \u00ab cimeti\u00e8re des Tunisiens...\" \/>\n<link rel=\"canonical\" href=\"https:\/\/www.webdo.tn\/fr\/actualite\/international\/gaza-le-cimetiere-des-tunisiens-rase-par-l-armee-sioniste\/210842\/\" \/>\n<meta property=\"og:locale\" content=\"fr_FR\" \/>\n<meta property=\"og:type\" content=\"article\" \/>\n<meta property=\"og:title\" content=\"Gaza : Le &quot;cimeti\u00e8re des Tunisiens&quot; ras\u00e9 par l\u2019arm\u00e9e sioniste !\" \/>\n<meta property=\"og:description\" content=\"Au cours de leur avanc\u00e9e dans la bande de Gaza, les forces isra\u00e9liennes ont d\u00e9truit ou endommag\u00e9 \u00ab au moins six cimeti\u00e8res \u00bb, dont le \u00ab cimeti\u00e8re des Tunisiens...\" \/>\n<meta property=\"og:url\" content=\"https:\/\/www.webdo.tn\/fr\/actualite\/international\/gaza-le-cimetiere-des-tunisiens-rase-par-l-armee-sioniste\/210842\/\" \/>\n<meta property=\"og:site_name\" content=\"webdo\" \/>\n<meta property=\"article:publisher\" content=\"https:\/\/www.facebook.com\/webdotn\" \/>\n<meta property=\"article:published_time\" content=\"2023-12-15T13:27:00+00:00\" \/>\n<meta property=\"article:modified_time\" content=\"2025-05-20T22:52:34+00:00\" \/>\n<meta property=\"og:image\" content=\"https:\/\/www.webdo.tn\/fr\/wp-content\/uploads\/2023\/12\/b67bc7488eafc14450e125e83d475b98.png\" \/>\n\t<meta property=\"og:image:width\" content=\"720\" \/>\n\t<meta property=\"og:image:height\" content=\"384\" \/>\n\t<meta property=\"og:image:type\" content=\"image\/png\" \/>\n<meta name=\"author\" content=\"CL\" \/>\n<meta name=\"twitter:card\" content=\"summary_large_image\" \/>\n<meta name=\"twitter:creator\" content=\"@webdo_tn\" \/>\n<meta name=\"twitter:site\" content=\"@webdo_tn\" \/>\n<meta name=\"twitter:label1\" content=\"\u00c9crit par\" \/>\n\t<meta name=\"twitter:data1\" content=\"CL\" \/>\n\t<meta name=\"twitter:label2\" content=\"Dur\u00e9e de lecture estim\u00e9e\" \/>\n\t<meta name=\"twitter:data2\" content=\"1 minute\" \/>\n<script type=\"application\/ld+json\" class=\"yoast-schema-graph\">{\"@context\":\"https:\\\/\\\/schema.org\",\"@graph\":[{\"@type\":\"NewsArticle\",\"@id\":\"https:\\\/\\\/www.webdo.tn\\\/fr\\\/actualite\\\/international\\\/gaza-le-cimetiere-des-tunisiens-rase-par-l-armee-sioniste\\\/210842\\\/#article\",\"isPartOf\":{\"@id\":\"https:\\\/\\\/www.webdo.tn\\\/fr\\\/actualite\\\/international\\\/gaza-le-cimetiere-des-tunisiens-rase-par-l-armee-sioniste\\\/210842\\\/\"},\"author\":{\"name\":\"CL\",\"@id\":\"https:\\\/\\\/www.webdo.tn\\\/fr\\\/#\\\/schema\\\/person\\\/f35b42a42c5e2511bbd282959d6385cc\"},\"headline\":\"Gaza : Le \u00ab\u00a0cimeti\u00e8re des Tunisiens\u00a0\u00bb ras\u00e9 par l\u2019arm\u00e9e sioniste !\",\"datePublished\":\"2023-12-15T13:27:00+00:00\",\"dateModified\":\"2025-05-20T22:52:34+00:00\",\"mainEntityOfPage\":{\"@id\":\"https:\\\/\\\/www.webdo.tn\\\/fr\\\/actualite\\\/international\\\/gaza-le-cimetiere-des-tunisiens-rase-par-l-armee-sioniste\\\/210842\\\/\"},\"wordCount\":160,\"commentCount\":0,\"publisher\":{\"@id\":\"https:\\\/\\\/www.webdo.tn\\\/fr\\\/#organization\"},\"image\":{\"@id\":\"https:\\\/\\\/www.webdo.tn\\\/fr\\\/actualite\\\/international\\\/gaza-le-cimetiere-des-tunisiens-rase-par-l-armee-sioniste\\\/210842\\\/#primaryimage\"},\"thumbnailUrl\":\"https:\\\/\\\/www.webdo.tn\\\/fr\\\/wp-content\\\/uploads\\\/2023\\\/12\\\/b67bc7488eafc14450e125e83d475b98.png\",\"keywords\":[\"cimeti\u00e8re\",\"Gaza\",\"Tunisiens\"],\"articleSection\":[\"International\"],\"inLanguage\":\"fr-FR\"},{\"@type\":\"WebPage\",\"@id\":\"https:\\\/\\\/www.webdo.tn\\\/fr\\\/actualite\\\/international\\\/gaza-le-cimetiere-des-tunisiens-rase-par-l-armee-sioniste\\\/210842\\\/\",\"url\":\"https:\\\/\\\/www.webdo.tn\\\/fr\\\/actualite\\\/international\\\/gaza-le-cimetiere-des-tunisiens-rase-par-l-armee-sioniste\\\/210842\\\/\",\"name\":\"Gaza : Le cimeti\u00e8re des Tunisiens ras\u00e9 par l\u2019arm\u00e9e sioniste !\",\"isPartOf\":{\"@id\":\"https:\\\/\\\/www.webdo.tn\\\/fr\\\/#website\"},\"primaryImageOfPage\":{\"@id\":\"https:\\\/\\\/www.webdo.tn\\\/fr\\\/actualite\\\/international\\\/gaza-le-cimetiere-des-tunisiens-rase-par-l-armee-sioniste\\\/210842\\\/#primaryimage\"},\"image\":{\"@id\":\"https:\\\/\\\/www.webdo.tn\\\/fr\\\/actualite\\\/international\\\/gaza-le-cimetiere-des-tunisiens-rase-par-l-armee-sioniste\\\/210842\\\/#primaryimage\"},\"thumbnailUrl\":\"https:\\\/\\\/www.webdo.tn\\\/fr\\\/wp-content\\\/uploads\\\/2023\\\/12\\\/b67bc7488eafc14450e125e83d475b98.png\",\"datePublished\":\"2023-12-15T13:27:00+00:00\",\"dateModified\":\"2025-05-20T22:52:34+00:00\",\"description\":\"Au cours de leur avanc\u00e9e dans la bande de Gaza, les forces isra\u00e9liennes ont d\u00e9truit ou endommag\u00e9 \u00ab au moins six cimeti\u00e8res \u00bb, dont le \u00ab cimeti\u00e8re des Tunisiens...\",\"breadcrumb\":{\"@id\":\"https:\\\/\\\/www.webdo.tn\\\/fr\\\/actualite\\\/international\\\/gaza-le-cimetiere-des-tunisiens-rase-par-l-armee-sioniste\\\/210842\\\/#breadcrumb\"},\"inLanguage\":\"fr-FR\",\"potentialAction\":[{\"@type\":\"ReadAction\",\"target\":[\"https:\\\/\\\/www.webdo.tn\\\/fr\\\/actualite\\\/international\\\/gaza-le-cimetiere-des-tunisiens-rase-par-l-armee-sioniste\\\/210842\\\/\"]}]},{\"@type\":\"ImageObject\",\"inLanguage\":\"fr-FR\",\"@id\":\"https:\\\/\\\/www.webdo.tn\\\/fr\\\/actualite\\\/international\\\/gaza-le-cimetiere-des-tunisiens-rase-par-l-armee-sioniste\\\/210842\\\/#primaryimage\",\"url\":\"https:\\\/\\\/www.webdo.tn\\\/fr\\\/wp-content\\\/uploads\\\/2023\\\/12\\\/b67bc7488eafc14450e125e83d475b98.png\",\"contentUrl\":\"https:\\\/\\\/www.webdo.tn\\\/fr\\\/wp-content\\\/uploads\\\/2023\\\/12\\\/b67bc7488eafc14450e125e83d475b98.png\",\"width\":720,\"height\":384,\"caption\":\"Gaza : Le \\\"cimeti\u00e8re des Tunisiens\\\" ras\u00e9 par l\u2019arm\u00e9e sioniste !\"},{\"@type\":\"BreadcrumbList\",\"@id\":\"https:\\\/\\\/www.webdo.tn\\\/fr\\\/actualite\\\/international\\\/gaza-le-cimetiere-des-tunisiens-rase-par-l-armee-sioniste\\\/210842\\\/#breadcrumb\",\"itemListElement\":[{\"@type\":\"ListItem\",\"position\":1,\"name\":\"Accueil\",\"item\":\"https:\\\/\\\/www.webdo.tn\\\/fr\\\/\"},{\"@type\":\"ListItem\",\"position\":2,\"name\":\"Gaza : Le \u00ab\u00a0cimeti\u00e8re des Tunisiens\u00a0\u00bb ras\u00e9 par l\u2019arm\u00e9e sioniste !\"}]},{\"@type\":\"WebSite\",\"@id\":\"https:\\\/\\\/www.webdo.tn\\\/fr\\\/#website\",\"url\":\"https:\\\/\\\/www.webdo.tn\\\/fr\\\/\",\"name\":\"webdo\",\"description\":\"Tunisie - News en Tunisie et \u00e0 l&#039;international sur Webdo.tn\",\"publisher\":{\"@id\":\"https:\\\/\\\/www.webdo.tn\\\/fr\\\/#organization\"},\"potentialAction\":[{\"@type\":\"SearchAction\",\"target\":{\"@type\":\"EntryPoint\",\"urlTemplate\":\"https:\\\/\\\/www.webdo.tn\\\/fr\\\/?s={search_term_string}\"},\"query-input\":{\"@type\":\"PropertyValueSpecification\",\"valueRequired\":true,\"valueName\":\"search_term_string\"}}],\"inLanguage\":\"fr-FR\"},{\"@type\":\"Organization\",\"@id\":\"https:\\\/\\\/www.webdo.tn\\\/fr\\\/#organization\",\"name\":\"Webdo\",\"alternateName\":\"Webdo.tn\",\"url\":\"https:\\\/\\\/www.webdo.tn\\\/fr\\\/\",\"logo\":{\"@type\":\"ImageObject\",\"inLanguage\":\"fr-FR\",\"@id\":\"https:\\\/\\\/www.webdo.tn\\\/fr\\\/#\\\/schema\\\/logo\\\/image\\\/\",\"url\":\"https:\\\/\\\/www.webdo.tn\\\/fr\\\/wp-content\\\/uploads\\\/2025\\\/06\\\/Webdo-Tunisie_168377.jpg\",\"contentUrl\":\"https:\\\/\\\/www.webdo.tn\\\/fr\\\/wp-content\\\/uploads\\\/2025\\\/06\\\/Webdo-Tunisie_168377.jpg\",\"width\":301,\"height\":301,\"caption\":\"Webdo\"},\"image\":{\"@id\":\"https:\\\/\\\/www.webdo.tn\\\/fr\\\/#\\\/schema\\\/logo\\\/image\\\/\"},\"sameAs\":[\"https:\\\/\\\/www.facebook.com\\\/webdotn\",\"https:\\\/\\\/x.com\\\/webdo_tn\"],\"description\":\"Webdo est un m\u00e9dia num\u00e9rique tunisien fond\u00e9 en 2010, sp\u00e9cialis\u00e9 dans l\u2019actualit\u00e9 nationale et internationale, l\u2019\u00e9conomie, la soci\u00e9t\u00e9 et les analyses politiques. Le site s\u2019adresse \u00e0 un large public francophone et couvre l\u2019information tunisienne en temps r\u00e9el.\",\"email\":\"redac@webdo.tn\",\"legalName\":\"YNJ SARL\",\"foundingDate\":\"2010-09-06\",\"numberOfEmployees\":{\"@type\":\"QuantitativeValue\",\"minValue\":\"11\",\"maxValue\":\"50\"}},{\"@type\":\"Person\",\"@id\":\"https:\\\/\\\/www.webdo.tn\\\/fr\\\/#\\\/schema\\\/person\\\/f35b42a42c5e2511bbd282959d6385cc\",\"name\":\"CL\",\"image\":{\"@type\":\"ImageObject\",\"inLanguage\":\"fr-FR\",\"@id\":\"https:\\\/\\\/secure.gravatar.com\\\/avatar\\\/1447a49909b67aa657c488aec6512e1dd6143a480c1ecfee9b5b5cd74eb3b59e?s=96&d=mm&r=g\",\"url\":\"https:\\\/\\\/secure.gravatar.com\\\/avatar\\\/1447a49909b67aa657c488aec6512e1dd6143a480c1ecfee9b5b5cd74eb3b59e?s=96&d=mm&r=g\",\"contentUrl\":\"https:\\\/\\\/secure.gravatar.com\\\/avatar\\\/1447a49909b67aa657c488aec6512e1dd6143a480c1ecfee9b5b5cd74eb3b59e?s=96&d=mm&r=g\",\"caption\":\"CL\"},\"url\":\"https:\\\/\\\/www.webdo.tn\\\/fr\\\/actualite\\\/author\\\/cl\\\/\"}]}<\/script>\n<!-- \/ Yoast SEO Premium plugin. -->","yoast_head_json":{"title":"Gaza : Le cimeti\u00e8re des Tunisiens ras\u00e9 par l\u2019arm\u00e9e sioniste !","description":"Au cours de leur avanc\u00e9e dans la bande de Gaza, les forces isra\u00e9liennes ont d\u00e9truit ou endommag\u00e9 \u00ab au moins six cimeti\u00e8res \u00bb, dont le \u00ab cimeti\u00e8re des Tunisiens...","canonical":"https:\/\/www.webdo.tn\/fr\/actualite\/international\/gaza-le-cimetiere-des-tunisiens-rase-par-l-armee-sioniste\/210842\/","og_locale":"fr_FR","og_type":"article","og_title":"Gaza : Le \"cimeti\u00e8re des Tunisiens\" ras\u00e9 par l\u2019arm\u00e9e sioniste !","og_description":"Au cours de leur avanc\u00e9e dans la bande de Gaza, les forces isra\u00e9liennes ont d\u00e9truit ou endommag\u00e9 \u00ab au moins six cimeti\u00e8res \u00bb, dont le \u00ab cimeti\u00e8re des Tunisiens...","og_url":"https:\/\/www.webdo.tn\/fr\/actualite\/international\/gaza-le-cimetiere-des-tunisiens-rase-par-l-armee-sioniste\/210842\/","og_site_name":"webdo","article_publisher":"https:\/\/www.facebook.com\/webdotn","article_published_time":"2023-12-15T13:27:00+00:00","article_modified_time":"2025-05-20T22:52:34+00:00","og_image":[{"width":720,"height":384,"url":"https:\/\/www.webdo.tn\/fr\/wp-content\/uploads\/2023\/12\/b67bc7488eafc14450e125e83d475b98.png","type":"image\/png"}],"author":"CL","twitter_card":"summary_large_image","twitter_creator":"@webdo_tn","twitter_site":"@webdo_tn","twitter_misc":{"\u00c9crit par":"CL","Dur\u00e9e de lecture estim\u00e9e":"1 minute"},"schema":{"@context":"https:\/\/schema.org","@graph":[{"@type":"NewsArticle","@id":"https:\/\/www.webdo.tn\/fr\/actualite\/international\/gaza-le-cimetiere-des-tunisiens-rase-par-l-armee-sioniste\/210842\/#article","isPartOf":{"@id":"https:\/\/www.webdo.tn\/fr\/actualite\/international\/gaza-le-cimetiere-des-tunisiens-rase-par-l-armee-sioniste\/210842\/"},"author":{"name":"CL","@id":"https:\/\/www.webdo.tn\/fr\/#\/schema\/person\/f35b42a42c5e2511bbd282959d6385cc"},"headline":"Gaza : Le \u00ab\u00a0cimeti\u00e8re des Tunisiens\u00a0\u00bb ras\u00e9 par l\u2019arm\u00e9e sioniste !","datePublished":"2023-12-15T13:27:00+00:00","dateModified":"2025-05-20T22:52:34+00:00","mainEntityOfPage":{"@id":"https:\/\/www.webdo.tn\/fr\/actualite\/international\/gaza-le-cimetiere-des-tunisiens-rase-par-l-armee-sioniste\/210842\/"},"wordCount":160,"commentCount":0,"publisher":{"@id":"https:\/\/www.webdo.tn\/fr\/#organization"},"image":{"@id":"https:\/\/www.webdo.tn\/fr\/actualite\/international\/gaza-le-cimetiere-des-tunisiens-rase-par-l-armee-sioniste\/210842\/#primaryimage"},"thumbnailUrl":"https:\/\/www.webdo.tn\/fr\/wp-content\/uploads\/2023\/12\/b67bc7488eafc14450e125e83d475b98.png","keywords":["cimeti\u00e8re","Gaza","Tunisiens"],"articleSection":["International"],"inLanguage":"fr-FR"},{"@type":"WebPage","@id":"https:\/\/www.webdo.tn\/fr\/actualite\/international\/gaza-le-cimetiere-des-tunisiens-rase-par-l-armee-sioniste\/210842\/","url":"https:\/\/www.webdo.tn\/fr\/actualite\/international\/gaza-le-cimetiere-des-tunisiens-rase-par-l-armee-sioniste\/210842\/","name":"Gaza : Le cimeti\u00e8re des Tunisiens ras\u00e9 par l\u2019arm\u00e9e sioniste !","isPartOf":{"@id":"https:\/\/www.webdo.tn\/fr\/#website"},"primaryImageOfPage":{"@id":"https:\/\/www.webdo.tn\/fr\/actualite\/international\/gaza-le-cimetiere-des-tunisiens-rase-par-l-armee-sioniste\/210842\/#primaryimage"},"image":{"@id":"https:\/\/www.webdo.tn\/fr\/actualite\/international\/gaza-le-cimetiere-des-tunisiens-rase-par-l-armee-sioniste\/210842\/#primaryimage"},"thumbnailUrl":"https:\/\/www.webdo.tn\/fr\/wp-content\/uploads\/2023\/12\/b67bc7488eafc14450e125e83d475b98.png","datePublished":"2023-12-15T13:27:00+00:00","dateModified":"2025-05-20T22:52:34+00:00","description":"Au cours de leur avanc\u00e9e dans la bande de Gaza, les forces isra\u00e9liennes ont d\u00e9truit ou endommag\u00e9 \u00ab au moins six cimeti\u00e8res \u00bb, dont le \u00ab cimeti\u00e8re des Tunisiens...","breadcrumb":{"@id":"https:\/\/www.webdo.tn\/fr\/actualite\/international\/gaza-le-cimetiere-des-tunisiens-rase-par-l-armee-sioniste\/210842\/#breadcrumb"},"inLanguage":"fr-FR","potentialAction":[{"@type":"ReadAction","target":["https:\/\/www.webdo.tn\/fr\/actualite\/international\/gaza-le-cimetiere-des-tunisiens-rase-par-l-armee-sioniste\/210842\/"]}]},{"@type":"ImageObject","inLanguage":"fr-FR","@id":"https:\/\/www.webdo.tn\/fr\/actualite\/international\/gaza-le-cimetiere-des-tunisiens-rase-par-l-armee-sioniste\/210842\/#primaryimage","url":"https:\/\/www.webdo.tn\/fr\/wp-content\/uploads\/2023\/12\/b67bc7488eafc14450e125e83d475b98.png","contentUrl":"https:\/\/www.webdo.tn\/fr\/wp-content\/uploads\/2023\/12\/b67bc7488eafc14450e125e83d475b98.png","width":720,"height":384,"caption":"Gaza : Le \"cimeti\u00e8re des Tunisiens\" ras\u00e9 par l\u2019arm\u00e9e sioniste !"},{"@type":"BreadcrumbList","@id":"https:\/\/www.webdo.tn\/fr\/actualite\/international\/gaza-le-cimetiere-des-tunisiens-rase-par-l-armee-sioniste\/210842\/#breadcrumb","itemListElement":[{"@type":"ListItem","position":1,"name":"Accueil","item":"https:\/\/www.webdo.tn\/fr\/"},{"@type":"ListItem","position":2,"name":"Gaza : Le \u00ab\u00a0cimeti\u00e8re des Tunisiens\u00a0\u00bb ras\u00e9 par l\u2019arm\u00e9e sioniste !"}]},{"@type":"WebSite","@id":"https:\/\/www.webdo.tn\/fr\/#website","url":"https:\/\/www.webdo.tn\/fr\/","name":"webdo","description":"Tunisie - News en Tunisie et \u00e0 l&#039;international sur Webdo.tn","publisher":{"@id":"https:\/\/www.webdo.tn\/fr\/#organization"},"potentialAction":[{"@type":"SearchAction","target":{"@type":"EntryPoint","urlTemplate":"https:\/\/www.webdo.tn\/fr\/?s={search_term_string}"},"query-input":{"@type":"PropertyValueSpecification","valueRequired":true,"valueName":"search_term_string"}}],"inLanguage":"fr-FR"},{"@type":"Organization","@id":"https:\/\/www.webdo.tn\/fr\/#organization","name":"Webdo","alternateName":"Webdo.tn","url":"https:\/\/www.webdo.tn\/fr\/","logo":{"@type":"ImageObject","inLanguage":"fr-FR","@id":"https:\/\/www.webdo.tn\/fr\/#\/schema\/logo\/image\/","url":"https:\/\/www.webdo.tn\/fr\/wp-content\/uploads\/2025\/06\/Webdo-Tunisie_168377.jpg","contentUrl":"https:\/\/www.webdo.tn\/fr\/wp-content\/uploads\/2025\/06\/Webdo-Tunisie_168377.jpg","width":301,"height":301,"caption":"Webdo"},"image":{"@id":"https:\/\/www.webdo.tn\/fr\/#\/schema\/logo\/image\/"},"sameAs":["https:\/\/www.facebook.com\/webdotn","https:\/\/x.com\/webdo_tn"],"description":"Webdo est un m\u00e9dia num\u00e9rique tunisien fond\u00e9 en 2010, sp\u00e9cialis\u00e9 dans l\u2019actualit\u00e9 nationale et internationale, l\u2019\u00e9conomie, la soci\u00e9t\u00e9 et les analyses politiques. Le site s\u2019adresse \u00e0 un large public francophone et couvre l\u2019information tunisienne en temps r\u00e9el.","email":"redac@webdo.tn","legalName":"YNJ SARL","foundingDate":"2010-09-06","numberOfEmployees":{"@type":"QuantitativeValue","minValue":"11","maxValue":"50"}},{"@type":"Person","@id":"https:\/\/www.webdo.tn\/fr\/#\/schema\/person\/f35b42a42c5e2511bbd282959d6385cc","name":"CL","image":{"@type":"ImageObject","inLanguage":"fr-FR","@id":"https:\/\/secure.gravatar.com\/avatar\/1447a49909b67aa657c488aec6512e1dd6143a480c1ecfee9b5b5cd74eb3b59e?s=96&d=mm&r=g","url":"https:\/\/secure.gravatar.com\/avatar\/1447a49909b67aa657c488aec6512e1dd6143a480c1ecfee9b5b5cd74eb3b59e?s=96&d=mm&r=g","contentUrl":"https:\/\/secure.gravatar.com\/avatar\/1447a49909b67aa657c488aec6512e1dd6143a480c1ecfee9b5b5cd74eb3b59e?s=96&d=mm&r=g","caption":"CL"},"url":"https:\/\/www.webdo.tn\/fr\/actualite\/author\/cl\/"}]}},"_links":{"self":[{"href":"https:\/\/www.webdo.tn\/fr\/wp-json\/wp\/v2\/posts\/210842","targetHints":{"allow":["GET"]}}],"collection":[{"href":"https:\/\/www.webdo.tn\/fr\/wp-json\/wp\/v2\/posts"}],"about":[{"href":"https:\/\/www.webdo.tn\/fr\/wp-json\/wp\/v2\/types\/post"}],"author":[{"embeddable":true,"href":"https:\/\/www.webdo.tn\/fr\/wp-json\/wp\/v2\/users\/3175"}],"replies":[{"embeddable":true,"href":"https:\/\/www.webdo.tn\/fr\/wp-json\/wp\/v2\/comments?post=210842"}],"version-history":[{"count":0,"href":"https:\/\/www.webdo.tn\/fr\/wp-json\/wp\/v2\/posts\/210842\/revisions"}],"wp:featuredmedia":[{"embeddable":true,"href":"https:\/\/www.webdo.tn\/fr\/wp-json\/wp\/v2\/media\/289968"}],"wp:attachment":[{"href":"https:\/\/www.webdo.tn\/fr\/wp-json\/wp\/v2\/media?parent=210842"}],"wp:term":[{"taxonomy":"category","embeddable":true,"href":"https:\/\/www.webdo.tn\/fr\/wp-json\/wp\/v2\/categories?post=210842"},{"taxonomy":"post_tag","embeddable":true,"href":"https:\/\/www.webdo.tn\/fr\/wp-json\/wp\/v2\/tags?post=210842"}],"curies":[{"name":"wp","href":"https:\/\/api.w.org\/{rel}","templated":true}]}}