{"id":210836,"date":"2023-12-15T10:09:00","date_gmt":"2023-12-15T10:09:00","guid":{"rendered":"https:\/\/www.webdo.tn\/fr\/blog\/vers-l-adhesion-de-l-ukraine-a-l-ue-l-episode-theatral-de-viktor-orban\/210836\/"},"modified":"2025-05-20T22:56:17","modified_gmt":"2025-05-20T22:56:17","slug":"vers-l-adhesion-de-l-ukraine-a-l-ue-l-episode-theatral-de-viktor-orban","status":"publish","type":"post","link":"https:\/\/www.webdo.tn\/fr\/actualite\/international\/vers-l-adhesion-de-l-ukraine-a-l-ue-l-episode-theatral-de-viktor-orban\/210836\/","title":{"rendered":"Vers l&rsquo;adh\u00e9sion de l&rsquo;Ukraine \u00e0 l&rsquo;UE : L&rsquo;\u00e9pisode th\u00e9\u00e2tral de Viktor Orban"},"content":{"rendered":"<p>Les leaders de l&rsquo;Union europ\u00e9enne ont pris, dans la soir\u00e9e du 14 d\u00e9cembre 2023, une d\u00e9cision historique en engageant des n\u00e9gociations pour l&rsquo;adh\u00e9sion de l&rsquo;Ukraine. Cependant, ce moment m\u00e9morable a \u00e9t\u00e9 entach\u00e9 par un coup de th\u00e9\u00e2tre surprenant : le retrait de Viktor Orban, Premier ministre hongrois.<\/p>\n<p>\t\t\t\t\t\t\t\t\tOrban avait menac\u00e9 de bloquer l&rsquo;adh\u00e9sion de l&rsquo;Ukraine en utilisant son veto, mettant ainsi en p\u00e9ril le processus n\u00e9cessitant un vote unanime des 27 pays membres.<\/p>\n<p>Face \u00e0 cette impasse, une solution pragmatique a \u00e9t\u00e9 adopt\u00e9e. Viktor Orban s&rsquo;est retir\u00e9 temporairement lors du vote, permettant ainsi aux 26 autres pays de voter \u00e0 l&rsquo;unanimit\u00e9, \u00e9vitant ainsi un blocage potentiel. Cette man\u0153uvre a marqu\u00e9 le d\u00e9but des n\u00e9gociations pour l&rsquo;adh\u00e9sion de l&rsquo;Ukraine \u00e0 l&rsquo;Union europ\u00e9enne.<\/p>\n<p>Les raisons du changement d&rsquo;attitude de Viktor Orban demeurent aussi myst\u00e9rieuses qu&rsquo;une intrigue historique complexe. Il est \u00e0 noter que juste avant le vote, il avait obtenu une enveloppe de 10 milliards d&rsquo;euros sur les 30 milliards initialement bloqu\u00e9s par l&rsquo;UE.<\/p>\n<p>Ces fonds \u00e9taient destin\u00e9s \u00e0 la Hongrie de Viktor Orban, conditionn\u00e9s par des progr\u00e8s dans la r\u00e9forme de l&rsquo;\u00c9tat de droit. Les circonstances de cette transaction suscitent des interrogations, notamment avec les d\u00e9clarations de l&rsquo;eurod\u00e9put\u00e9 allemand Daniel Freund qui la qualifie du \u00ab plus grand pot-de-vin de l&rsquo;histoire de l&rsquo;UE \u00bb.<\/p>\n<p>Le calendrier inhabituel devient encore plus intrigant car Viktor Orban s&rsquo;est montr\u00e9 intransigeant en opposant son veto \u00e0 l&rsquo;aide financi\u00e8re de 50 milliards d&rsquo;euros destin\u00e9e \u00e0 l&rsquo;Ukraine. Cependant, des n\u00e9gociations futures sont pr\u00e9vues en janvier, laissant la porte ouverte \u00e0 de nouveaux d\u00e9veloppements.<\/p>\n<p>Dans le processus complexe d&rsquo;int\u00e9gration \u00e0 l&rsquo;Union europ\u00e9enne, le chemin reste ardu pour l&rsquo;Ukraine. L&rsquo;adh\u00e9sion doit \u00eatre valid\u00e9e par la Commission, le Parlement, et accept\u00e9e puis ratifi\u00e9e par les 27 membres de l&rsquo;UE. Trois crit\u00e8res majeurs doivent \u00eatre satisfaits : la stabilit\u00e9 des institutions garantissant la d\u00e9mocratie, une \u00e9conomie de march\u00e9 comp\u00e9titive sur le march\u00e9 europ\u00e9en, et l&rsquo;incorporation compl\u00e8te du droit europ\u00e9en dans la l\u00e9gislation nationale.<\/p>\n<p>Malgr\u00e9 l&rsquo;opposition de Viktor Orban \u00e0 l&rsquo;aide financi\u00e8re cruciale, l&rsquo;Ukraine a c\u00e9l\u00e9br\u00e9 sa victoire. Cette r\u00e9silience souligne la d\u00e9termination du peuple ukrainien face aux d\u00e9fis. Bien que les 26 pays aient tent\u00e9 de persuader Viktor Orban, l&rsquo;issue demeure incertaine.<\/p>\n<p>N\u00e9anmoins, des alternatives pour surmonter cette impasse peuvent \u00eatre envisag\u00e9es dans le domaine diplomatique complexe. Les discussions pourraient reprendre avec de nouvelles propositions ou des compromis pour rallier un consensus plus large au sein de l&rsquo;Union europ\u00e9enne.<\/p>\n<p>Cette p\u00e9riode d\u00e9licate souligne l&rsquo;importance d&rsquo;une solidarit\u00e9 europ\u00e9enne et de solutions cr\u00e9atives pour assurer un soutien financier essentiel \u00e0 l&rsquo;Ukraine. Les prochains d\u00e9veloppements r\u00e9v\u00e9leront si l&rsquo;Union europ\u00e9enne peut surmonter ces obstacles tout en maintenant son engagement envers l&rsquo;Ukraine et en pr\u00e9servant l&rsquo;unit\u00e9 parmi ses membres.<\/p>\n<p>Le pr\u00e9sident ukrainien, Volodymyr Zelensky, a exprim\u00e9 sa gratitude dans un tweet, soulignant l&rsquo;importance de l&rsquo;encouragement en ces moments difficiles.<\/p>\n<p>\u00ab En ce moment, en Ukraine, beaucoup d&rsquo;entre nous se sentent vraiment encourag\u00e9s, et c&rsquo;est tr\u00e8s important : cela nous permet de continuer. Je tiens \u00e0 dire un immense merci \u2013 \u00e0 chacun d&rsquo;entre vous pour tout ce que nous avons r\u00e9ussi \u00e0 accomplir ! \u00c0 tous ceux qui renforcent l\u2019Europe par l\u2019unit\u00e9 de l\u2019Ukraine.<\/p>\n<p>Une gratitude particuli\u00e8re \u00e0 tous nos gars et filles qui se battent pour l&rsquo;Ukraine. \u00c0 ceux qui se battent en ce moment, d\u00e9fendent notre libert\u00e9, aident nos soldats \u2013 les soignent, les entra\u00eenent, leur fournissent des armes et fabriquent ces armes. Tout ce que nous accomplissons aurait \u00e9t\u00e9 impossible sans la bravoure h\u00e9ro\u00efque de notre peuple, de notre nation, qui inspire le monde entier. \u00bb<\/p>\n","protected":false},"excerpt":{"rendered":"<p>Les n\u00e9gociations pour l&rsquo;adh\u00e9sion de l&rsquo;Ukraine \u00e0 l&rsquo;UE ont \u00e9t\u00e9 engag\u00e9es. Le cas Viktor Orban, Premier ministre hongrois, qui mena\u00e7ait d&rsquo;utiliser son veto, a \u00e9t\u00e9 r&#8230;<\/p>\n","protected":false},"author":3183,"featured_media":248519,"comment_status":"open","ping_status":"closed","sticky":false,"template":"","format":"standard","meta":{"footnotes":""},"categories":[2598],"tags":[7387,7386,2897,3295,2896],"class_list":["post-210836","post","type-post","status-publish","format-standard","has-post-thumbnail","hentry","category-international","tag-adhesion","tag-hongrie","tag-ue","tag-ukraine","tag-union-europeenne"],"yoast_head":"<!-- This site is optimized with the Yoast SEO Premium plugin v27.5 (Yoast SEO v27.5) - https:\/\/yoast.com\/product\/yoast-seo-premium-wordpress\/ -->\n<title>Vers l&#039;adh\u00e9sion de l&#039;Ukraine \u00e0 l&#039;UE : L&#039;\u00e9pisode th\u00e9\u00e2tral de Viktor Orban<\/title>\n<meta name=\"description\" content=\"Les n\u00e9gociations pour l&#039;adh\u00e9sion de l&#039;Ukraine \u00e0 l&#039;UE ont \u00e9t\u00e9 engag\u00e9es. Le cas Viktor Orban, Premier ministre hongrois, qui mena\u00e7ait d&#039;utiliser son veto, a \u00e9t\u00e9 r...\" \/>\n<link rel=\"canonical\" href=\"https:\/\/www.webdo.tn\/fr\/actualite\/international\/vers-l-adhesion-de-l-ukraine-a-l-ue-l-episode-theatral-de-viktor-orban\/210836\/\" \/>\n<meta property=\"og:locale\" content=\"fr_FR\" \/>\n<meta property=\"og:type\" content=\"article\" \/>\n<meta property=\"og:title\" content=\"Vers l&#039;adh\u00e9sion de l&#039;Ukraine \u00e0 l&#039;UE : L&#039;\u00e9pisode th\u00e9\u00e2tral de Viktor Orban\" \/>\n<meta property=\"og:description\" content=\"Les n\u00e9gociations pour l&#039;adh\u00e9sion de l&#039;Ukraine \u00e0 l&#039;UE ont \u00e9t\u00e9 engag\u00e9es. Le cas Viktor Orban, Premier ministre hongrois, qui mena\u00e7ait d&#039;utiliser son veto, a \u00e9t\u00e9 r...\" \/>\n<meta property=\"og:url\" content=\"https:\/\/www.webdo.tn\/fr\/actualite\/international\/vers-l-adhesion-de-l-ukraine-a-l-ue-l-episode-theatral-de-viktor-orban\/210836\/\" \/>\n<meta property=\"og:site_name\" content=\"webdo\" \/>\n<meta property=\"article:publisher\" content=\"https:\/\/www.facebook.com\/webdotn\" \/>\n<meta property=\"article:author\" content=\"https:\/\/www.facebook.com\/wby.webdo\" \/>\n<meta property=\"article:published_time\" content=\"2023-12-15T10:09:00+00:00\" \/>\n<meta property=\"article:modified_time\" content=\"2025-05-20T22:56:17+00:00\" \/>\n<meta property=\"og:image\" content=\"https:\/\/www.webdo.tn\/fr\/wp-content\/uploads\/2023\/12\/05dd9a790e7a22b2550e52d972d9ddd5.jpg\" \/>\n\t<meta property=\"og:image:width\" content=\"750\" \/>\n\t<meta property=\"og:image:height\" content=\"400\" \/>\n\t<meta property=\"og:image:type\" content=\"image\/jpeg\" \/>\n<meta name=\"author\" content=\"Walid Ben Youssef\" \/>\n<meta name=\"twitter:card\" content=\"summary_large_image\" \/>\n<meta name=\"twitter:creator\" content=\"@webdo_tn\" \/>\n<meta name=\"twitter:site\" content=\"@webdo_tn\" \/>\n<meta name=\"twitter:label1\" content=\"\u00c9crit par\" \/>\n\t<meta name=\"twitter:data1\" content=\"Walid Ben Youssef\" \/>\n\t<meta name=\"twitter:label2\" content=\"Dur\u00e9e de lecture estim\u00e9e\" \/>\n\t<meta name=\"twitter:data2\" content=\"3 minutes\" \/>\n<script type=\"application\/ld+json\" class=\"yoast-schema-graph\">{\"@context\":\"https:\\\/\\\/schema.org\",\"@graph\":[{\"@type\":\"NewsArticle\",\"@id\":\"https:\\\/\\\/www.webdo.tn\\\/fr\\\/actualite\\\/international\\\/vers-l-adhesion-de-l-ukraine-a-l-ue-l-episode-theatral-de-viktor-orban\\\/210836\\\/#article\",\"isPartOf\":{\"@id\":\"https:\\\/\\\/www.webdo.tn\\\/fr\\\/actualite\\\/international\\\/vers-l-adhesion-de-l-ukraine-a-l-ue-l-episode-theatral-de-viktor-orban\\\/210836\\\/\"},\"author\":{\"name\":\"Walid Ben Youssef\",\"@id\":\"https:\\\/\\\/www.webdo.tn\\\/fr\\\/#\\\/schema\\\/person\\\/2c509d3aeb706736cdf7dc93d76b6fe1\"},\"headline\":\"Vers l&rsquo;adh\u00e9sion de l&rsquo;Ukraine \u00e0 l&rsquo;UE : L&rsquo;\u00e9pisode th\u00e9\u00e2tral de Viktor Orban\",\"datePublished\":\"2023-12-15T10:09:00+00:00\",\"dateModified\":\"2025-05-20T22:56:17+00:00\",\"mainEntityOfPage\":{\"@id\":\"https:\\\/\\\/www.webdo.tn\\\/fr\\\/actualite\\\/international\\\/vers-l-adhesion-de-l-ukraine-a-l-ue-l-episode-theatral-de-viktor-orban\\\/210836\\\/\"},\"wordCount\":681,\"commentCount\":0,\"publisher\":{\"@id\":\"https:\\\/\\\/www.webdo.tn\\\/fr\\\/#organization\"},\"image\":{\"@id\":\"https:\\\/\\\/www.webdo.tn\\\/fr\\\/actualite\\\/international\\\/vers-l-adhesion-de-l-ukraine-a-l-ue-l-episode-theatral-de-viktor-orban\\\/210836\\\/#primaryimage\"},\"thumbnailUrl\":\"https:\\\/\\\/www.webdo.tn\\\/fr\\\/wp-content\\\/uploads\\\/2023\\\/12\\\/05dd9a790e7a22b2550e52d972d9ddd5.jpg\",\"keywords\":[\"adh\u00e9sion\",\"hongrie\",\"UE\",\"Ukraine\",\"Union europ\u00e9enne\"],\"articleSection\":[\"International\"],\"inLanguage\":\"fr-FR\"},{\"@type\":\"WebPage\",\"@id\":\"https:\\\/\\\/www.webdo.tn\\\/fr\\\/actualite\\\/international\\\/vers-l-adhesion-de-l-ukraine-a-l-ue-l-episode-theatral-de-viktor-orban\\\/210836\\\/\",\"url\":\"https:\\\/\\\/www.webdo.tn\\\/fr\\\/actualite\\\/international\\\/vers-l-adhesion-de-l-ukraine-a-l-ue-l-episode-theatral-de-viktor-orban\\\/210836\\\/\",\"name\":\"Vers l'adh\u00e9sion de l'Ukraine \u00e0 l'UE : L'\u00e9pisode th\u00e9\u00e2tral de Viktor Orban\",\"isPartOf\":{\"@id\":\"https:\\\/\\\/www.webdo.tn\\\/fr\\\/#website\"},\"primaryImageOfPage\":{\"@id\":\"https:\\\/\\\/www.webdo.tn\\\/fr\\\/actualite\\\/international\\\/vers-l-adhesion-de-l-ukraine-a-l-ue-l-episode-theatral-de-viktor-orban\\\/210836\\\/#primaryimage\"},\"image\":{\"@id\":\"https:\\\/\\\/www.webdo.tn\\\/fr\\\/actualite\\\/international\\\/vers-l-adhesion-de-l-ukraine-a-l-ue-l-episode-theatral-de-viktor-orban\\\/210836\\\/#primaryimage\"},\"thumbnailUrl\":\"https:\\\/\\\/www.webdo.tn\\\/fr\\\/wp-content\\\/uploads\\\/2023\\\/12\\\/05dd9a790e7a22b2550e52d972d9ddd5.jpg\",\"datePublished\":\"2023-12-15T10:09:00+00:00\",\"dateModified\":\"2025-05-20T22:56:17+00:00\",\"description\":\"Les n\u00e9gociations pour l'adh\u00e9sion de l'Ukraine \u00e0 l'UE ont \u00e9t\u00e9 engag\u00e9es. Le cas Viktor Orban, Premier ministre hongrois, qui mena\u00e7ait d'utiliser son veto, a \u00e9t\u00e9 r...\",\"breadcrumb\":{\"@id\":\"https:\\\/\\\/www.webdo.tn\\\/fr\\\/actualite\\\/international\\\/vers-l-adhesion-de-l-ukraine-a-l-ue-l-episode-theatral-de-viktor-orban\\\/210836\\\/#breadcrumb\"},\"inLanguage\":\"fr-FR\",\"potentialAction\":[{\"@type\":\"ReadAction\",\"target\":[\"https:\\\/\\\/www.webdo.tn\\\/fr\\\/actualite\\\/international\\\/vers-l-adhesion-de-l-ukraine-a-l-ue-l-episode-theatral-de-viktor-orban\\\/210836\\\/\"]}]},{\"@type\":\"ImageObject\",\"inLanguage\":\"fr-FR\",\"@id\":\"https:\\\/\\\/www.webdo.tn\\\/fr\\\/actualite\\\/international\\\/vers-l-adhesion-de-l-ukraine-a-l-ue-l-episode-theatral-de-viktor-orban\\\/210836\\\/#primaryimage\",\"url\":\"https:\\\/\\\/www.webdo.tn\\\/fr\\\/wp-content\\\/uploads\\\/2023\\\/12\\\/05dd9a790e7a22b2550e52d972d9ddd5.jpg\",\"contentUrl\":\"https:\\\/\\\/www.webdo.tn\\\/fr\\\/wp-content\\\/uploads\\\/2023\\\/12\\\/05dd9a790e7a22b2550e52d972d9ddd5.jpg\",\"width\":750,\"height\":400,\"caption\":\"Vers l'adh\u00e9sion de l'Ukraine \u00e0 l'UE : L'\u00e9pisode th\u00e9\u00e2tral de Viktor Orban\"},{\"@type\":\"BreadcrumbList\",\"@id\":\"https:\\\/\\\/www.webdo.tn\\\/fr\\\/actualite\\\/international\\\/vers-l-adhesion-de-l-ukraine-a-l-ue-l-episode-theatral-de-viktor-orban\\\/210836\\\/#breadcrumb\",\"itemListElement\":[{\"@type\":\"ListItem\",\"position\":1,\"name\":\"Accueil\",\"item\":\"https:\\\/\\\/www.webdo.tn\\\/fr\\\/\"},{\"@type\":\"ListItem\",\"position\":2,\"name\":\"Vers l&rsquo;adh\u00e9sion de l&rsquo;Ukraine \u00e0 l&rsquo;UE : L&rsquo;\u00e9pisode th\u00e9\u00e2tral de Viktor Orban\"}]},{\"@type\":\"WebSite\",\"@id\":\"https:\\\/\\\/www.webdo.tn\\\/fr\\\/#website\",\"url\":\"https:\\\/\\\/www.webdo.tn\\\/fr\\\/\",\"name\":\"webdo\",\"description\":\"Tunisie - News en Tunisie et \u00e0 l&#039;international sur Webdo.tn\",\"publisher\":{\"@id\":\"https:\\\/\\\/www.webdo.tn\\\/fr\\\/#organization\"},\"potentialAction\":[{\"@type\":\"SearchAction\",\"target\":{\"@type\":\"EntryPoint\",\"urlTemplate\":\"https:\\\/\\\/www.webdo.tn\\\/fr\\\/?s={search_term_string}\"},\"query-input\":{\"@type\":\"PropertyValueSpecification\",\"valueRequired\":true,\"valueName\":\"search_term_string\"}}],\"inLanguage\":\"fr-FR\"},{\"@type\":\"Organization\",\"@id\":\"https:\\\/\\\/www.webdo.tn\\\/fr\\\/#organization\",\"name\":\"Webdo\",\"alternateName\":\"Webdo.tn\",\"url\":\"https:\\\/\\\/www.webdo.tn\\\/fr\\\/\",\"logo\":{\"@type\":\"ImageObject\",\"inLanguage\":\"fr-FR\",\"@id\":\"https:\\\/\\\/www.webdo.tn\\\/fr\\\/#\\\/schema\\\/logo\\\/image\\\/\",\"url\":\"https:\\\/\\\/www.webdo.tn\\\/fr\\\/wp-content\\\/uploads\\\/2025\\\/06\\\/Webdo-Tunisie_168377.jpg\",\"contentUrl\":\"https:\\\/\\\/www.webdo.tn\\\/fr\\\/wp-content\\\/uploads\\\/2025\\\/06\\\/Webdo-Tunisie_168377.jpg\",\"width\":301,\"height\":301,\"caption\":\"Webdo\"},\"image\":{\"@id\":\"https:\\\/\\\/www.webdo.tn\\\/fr\\\/#\\\/schema\\\/logo\\\/image\\\/\"},\"sameAs\":[\"https:\\\/\\\/www.facebook.com\\\/webdotn\",\"https:\\\/\\\/x.com\\\/webdo_tn\"],\"description\":\"Webdo est un m\u00e9dia num\u00e9rique tunisien fond\u00e9 en 2010, sp\u00e9cialis\u00e9 dans l\u2019actualit\u00e9 nationale et internationale, l\u2019\u00e9conomie, la soci\u00e9t\u00e9 et les analyses politiques. Le site s\u2019adresse \u00e0 un large public francophone et couvre l\u2019information tunisienne en temps r\u00e9el.\",\"email\":\"redac@webdo.tn\",\"legalName\":\"YNJ SARL\",\"foundingDate\":\"2010-09-06\",\"numberOfEmployees\":{\"@type\":\"QuantitativeValue\",\"minValue\":\"11\",\"maxValue\":\"50\"}},{\"@type\":\"Person\",\"@id\":\"https:\\\/\\\/www.webdo.tn\\\/fr\\\/#\\\/schema\\\/person\\\/2c509d3aeb706736cdf7dc93d76b6fe1\",\"name\":\"Walid Ben Youssef\",\"image\":{\"@type\":\"ImageObject\",\"inLanguage\":\"fr-FR\",\"@id\":\"https:\\\/\\\/www.webdo.tn\\\/fr\\\/wp-content\\\/uploads\\\/2026\\\/04\\\/walid-ben-youssef_avatar-96x96.jpg\",\"url\":\"https:\\\/\\\/www.webdo.tn\\\/fr\\\/wp-content\\\/uploads\\\/2026\\\/04\\\/walid-ben-youssef_avatar-96x96.jpg\",\"contentUrl\":\"https:\\\/\\\/www.webdo.tn\\\/fr\\\/wp-content\\\/uploads\\\/2026\\\/04\\\/walid-ben-youssef_avatar-96x96.jpg\",\"caption\":\"Walid Ben Youssef\"},\"description\":\"Walid Ben Youssef est fondateur et directeur de publication de Webdo.tn, m\u00e9dia num\u00e9rique tunisien lanc\u00e9 en 2011. Journaliste depuis plus de 20 ans, il a d\u00e9but\u00e9 sa carri\u00e8re au sein du groupe Dar Tunis-Hebdo, o\u00f9 il a contribu\u00e9 d\u00e8s le d\u00e9but des ann\u00e9es 2000 au d\u00e9veloppement des premi\u00e8res initiatives web du titre. Avant de fonder Webdo, il a occup\u00e9 les fonctions de directeur adjoint du groupe Dar Tunis-Hebdo, participant au d\u00e9veloppement \u00e9ditorial, publicitaire et num\u00e9rique du groupe. Sp\u00e9cialis\u00e9 dans les m\u00e9dias num\u00e9riques, la transformation digitale de l\u2019information et l\u2019actualit\u00e9 nationale et internationale, il supervise la ligne \u00e9ditoriale de Webdo et pilote son d\u00e9veloppement strat\u00e9gique. Dipl\u00f4m\u00e9 en math\u00e9matiques de l\u2019Universit\u00e9 d\u2019Oregon (\u00c9tats-Unis), il associe une approche analytique \u00e0 une expertise de terrain du journalisme. \ud83d\udd17 Facebook : https:\\\/\\\/www.facebook.com\\\/wby.webdo\",\"sameAs\":[\"https:\\\/\\\/www.facebook.com\\\/wby.webdo\"],\"knowsAbout\":[\"journalisme\",\"m\u00e9dias num\u00e9riques\",\"transformation digitale\",\"actualit\u00e9 tunisienne\",\"g\u00e9opolitique\"],\"knowsLanguage\":[\"Fran\u00e7ais\",\"Arabe\",\"Anglais\"],\"jobTitle\":\"Fondateur et directeur de publication\",\"worksFor\":\"Webdo.tn\",\"url\":\"https:\\\/\\\/www.webdo.tn\\\/fr\\\/actualite\\\/author\\\/walid-ben-youssef\\\/\"}]}<\/script>\n<!-- \/ Yoast SEO Premium plugin. -->","yoast_head_json":{"title":"Vers l'adh\u00e9sion de l'Ukraine \u00e0 l'UE : L'\u00e9pisode th\u00e9\u00e2tral de Viktor Orban","description":"Les n\u00e9gociations pour l'adh\u00e9sion de l'Ukraine \u00e0 l'UE ont \u00e9t\u00e9 engag\u00e9es. Le cas Viktor Orban, Premier ministre hongrois, qui mena\u00e7ait d'utiliser son veto, a \u00e9t\u00e9 r...","canonical":"https:\/\/www.webdo.tn\/fr\/actualite\/international\/vers-l-adhesion-de-l-ukraine-a-l-ue-l-episode-theatral-de-viktor-orban\/210836\/","og_locale":"fr_FR","og_type":"article","og_title":"Vers l'adh\u00e9sion de l'Ukraine \u00e0 l'UE : L'\u00e9pisode th\u00e9\u00e2tral de Viktor Orban","og_description":"Les n\u00e9gociations pour l'adh\u00e9sion de l'Ukraine \u00e0 l'UE ont \u00e9t\u00e9 engag\u00e9es. Le cas Viktor Orban, Premier ministre hongrois, qui mena\u00e7ait d'utiliser son veto, a \u00e9t\u00e9 r...","og_url":"https:\/\/www.webdo.tn\/fr\/actualite\/international\/vers-l-adhesion-de-l-ukraine-a-l-ue-l-episode-theatral-de-viktor-orban\/210836\/","og_site_name":"webdo","article_publisher":"https:\/\/www.facebook.com\/webdotn","article_author":"https:\/\/www.facebook.com\/wby.webdo","article_published_time":"2023-12-15T10:09:00+00:00","article_modified_time":"2025-05-20T22:56:17+00:00","og_image":[{"width":750,"height":400,"url":"https:\/\/www.webdo.tn\/fr\/wp-content\/uploads\/2023\/12\/05dd9a790e7a22b2550e52d972d9ddd5.jpg","type":"image\/jpeg"}],"author":"Walid Ben Youssef","twitter_card":"summary_large_image","twitter_creator":"@webdo_tn","twitter_site":"@webdo_tn","twitter_misc":{"\u00c9crit par":"Walid Ben Youssef","Dur\u00e9e de lecture estim\u00e9e":"3 minutes"},"schema":{"@context":"https:\/\/schema.org","@graph":[{"@type":"NewsArticle","@id":"https:\/\/www.webdo.tn\/fr\/actualite\/international\/vers-l-adhesion-de-l-ukraine-a-l-ue-l-episode-theatral-de-viktor-orban\/210836\/#article","isPartOf":{"@id":"https:\/\/www.webdo.tn\/fr\/actualite\/international\/vers-l-adhesion-de-l-ukraine-a-l-ue-l-episode-theatral-de-viktor-orban\/210836\/"},"author":{"name":"Walid Ben Youssef","@id":"https:\/\/www.webdo.tn\/fr\/#\/schema\/person\/2c509d3aeb706736cdf7dc93d76b6fe1"},"headline":"Vers l&rsquo;adh\u00e9sion de l&rsquo;Ukraine \u00e0 l&rsquo;UE : L&rsquo;\u00e9pisode th\u00e9\u00e2tral de Viktor Orban","datePublished":"2023-12-15T10:09:00+00:00","dateModified":"2025-05-20T22:56:17+00:00","mainEntityOfPage":{"@id":"https:\/\/www.webdo.tn\/fr\/actualite\/international\/vers-l-adhesion-de-l-ukraine-a-l-ue-l-episode-theatral-de-viktor-orban\/210836\/"},"wordCount":681,"commentCount":0,"publisher":{"@id":"https:\/\/www.webdo.tn\/fr\/#organization"},"image":{"@id":"https:\/\/www.webdo.tn\/fr\/actualite\/international\/vers-l-adhesion-de-l-ukraine-a-l-ue-l-episode-theatral-de-viktor-orban\/210836\/#primaryimage"},"thumbnailUrl":"https:\/\/www.webdo.tn\/fr\/wp-content\/uploads\/2023\/12\/05dd9a790e7a22b2550e52d972d9ddd5.jpg","keywords":["adh\u00e9sion","hongrie","UE","Ukraine","Union europ\u00e9enne"],"articleSection":["International"],"inLanguage":"fr-FR"},{"@type":"WebPage","@id":"https:\/\/www.webdo.tn\/fr\/actualite\/international\/vers-l-adhesion-de-l-ukraine-a-l-ue-l-episode-theatral-de-viktor-orban\/210836\/","url":"https:\/\/www.webdo.tn\/fr\/actualite\/international\/vers-l-adhesion-de-l-ukraine-a-l-ue-l-episode-theatral-de-viktor-orban\/210836\/","name":"Vers l'adh\u00e9sion de l'Ukraine \u00e0 l'UE : L'\u00e9pisode th\u00e9\u00e2tral de Viktor Orban","isPartOf":{"@id":"https:\/\/www.webdo.tn\/fr\/#website"},"primaryImageOfPage":{"@id":"https:\/\/www.webdo.tn\/fr\/actualite\/international\/vers-l-adhesion-de-l-ukraine-a-l-ue-l-episode-theatral-de-viktor-orban\/210836\/#primaryimage"},"image":{"@id":"https:\/\/www.webdo.tn\/fr\/actualite\/international\/vers-l-adhesion-de-l-ukraine-a-l-ue-l-episode-theatral-de-viktor-orban\/210836\/#primaryimage"},"thumbnailUrl":"https:\/\/www.webdo.tn\/fr\/wp-content\/uploads\/2023\/12\/05dd9a790e7a22b2550e52d972d9ddd5.jpg","datePublished":"2023-12-15T10:09:00+00:00","dateModified":"2025-05-20T22:56:17+00:00","description":"Les n\u00e9gociations pour l'adh\u00e9sion de l'Ukraine \u00e0 l'UE ont \u00e9t\u00e9 engag\u00e9es. Le cas Viktor Orban, Premier ministre hongrois, qui mena\u00e7ait d'utiliser son veto, a \u00e9t\u00e9 r...","breadcrumb":{"@id":"https:\/\/www.webdo.tn\/fr\/actualite\/international\/vers-l-adhesion-de-l-ukraine-a-l-ue-l-episode-theatral-de-viktor-orban\/210836\/#breadcrumb"},"inLanguage":"fr-FR","potentialAction":[{"@type":"ReadAction","target":["https:\/\/www.webdo.tn\/fr\/actualite\/international\/vers-l-adhesion-de-l-ukraine-a-l-ue-l-episode-theatral-de-viktor-orban\/210836\/"]}]},{"@type":"ImageObject","inLanguage":"fr-FR","@id":"https:\/\/www.webdo.tn\/fr\/actualite\/international\/vers-l-adhesion-de-l-ukraine-a-l-ue-l-episode-theatral-de-viktor-orban\/210836\/#primaryimage","url":"https:\/\/www.webdo.tn\/fr\/wp-content\/uploads\/2023\/12\/05dd9a790e7a22b2550e52d972d9ddd5.jpg","contentUrl":"https:\/\/www.webdo.tn\/fr\/wp-content\/uploads\/2023\/12\/05dd9a790e7a22b2550e52d972d9ddd5.jpg","width":750,"height":400,"caption":"Vers l'adh\u00e9sion de l'Ukraine \u00e0 l'UE : L'\u00e9pisode th\u00e9\u00e2tral de Viktor Orban"},{"@type":"BreadcrumbList","@id":"https:\/\/www.webdo.tn\/fr\/actualite\/international\/vers-l-adhesion-de-l-ukraine-a-l-ue-l-episode-theatral-de-viktor-orban\/210836\/#breadcrumb","itemListElement":[{"@type":"ListItem","position":1,"name":"Accueil","item":"https:\/\/www.webdo.tn\/fr\/"},{"@type":"ListItem","position":2,"name":"Vers l&rsquo;adh\u00e9sion de l&rsquo;Ukraine \u00e0 l&rsquo;UE : L&rsquo;\u00e9pisode th\u00e9\u00e2tral de Viktor Orban"}]},{"@type":"WebSite","@id":"https:\/\/www.webdo.tn\/fr\/#website","url":"https:\/\/www.webdo.tn\/fr\/","name":"webdo","description":"Tunisie - News en Tunisie et \u00e0 l&#039;international sur Webdo.tn","publisher":{"@id":"https:\/\/www.webdo.tn\/fr\/#organization"},"potentialAction":[{"@type":"SearchAction","target":{"@type":"EntryPoint","urlTemplate":"https:\/\/www.webdo.tn\/fr\/?s={search_term_string}"},"query-input":{"@type":"PropertyValueSpecification","valueRequired":true,"valueName":"search_term_string"}}],"inLanguage":"fr-FR"},{"@type":"Organization","@id":"https:\/\/www.webdo.tn\/fr\/#organization","name":"Webdo","alternateName":"Webdo.tn","url":"https:\/\/www.webdo.tn\/fr\/","logo":{"@type":"ImageObject","inLanguage":"fr-FR","@id":"https:\/\/www.webdo.tn\/fr\/#\/schema\/logo\/image\/","url":"https:\/\/www.webdo.tn\/fr\/wp-content\/uploads\/2025\/06\/Webdo-Tunisie_168377.jpg","contentUrl":"https:\/\/www.webdo.tn\/fr\/wp-content\/uploads\/2025\/06\/Webdo-Tunisie_168377.jpg","width":301,"height":301,"caption":"Webdo"},"image":{"@id":"https:\/\/www.webdo.tn\/fr\/#\/schema\/logo\/image\/"},"sameAs":["https:\/\/www.facebook.com\/webdotn","https:\/\/x.com\/webdo_tn"],"description":"Webdo est un m\u00e9dia num\u00e9rique tunisien fond\u00e9 en 2010, sp\u00e9cialis\u00e9 dans l\u2019actualit\u00e9 nationale et internationale, l\u2019\u00e9conomie, la soci\u00e9t\u00e9 et les analyses politiques. Le site s\u2019adresse \u00e0 un large public francophone et couvre l\u2019information tunisienne en temps r\u00e9el.","email":"redac@webdo.tn","legalName":"YNJ SARL","foundingDate":"2010-09-06","numberOfEmployees":{"@type":"QuantitativeValue","minValue":"11","maxValue":"50"}},{"@type":"Person","@id":"https:\/\/www.webdo.tn\/fr\/#\/schema\/person\/2c509d3aeb706736cdf7dc93d76b6fe1","name":"Walid Ben Youssef","image":{"@type":"ImageObject","inLanguage":"fr-FR","@id":"https:\/\/www.webdo.tn\/fr\/wp-content\/uploads\/2026\/04\/walid-ben-youssef_avatar-96x96.jpg","url":"https:\/\/www.webdo.tn\/fr\/wp-content\/uploads\/2026\/04\/walid-ben-youssef_avatar-96x96.jpg","contentUrl":"https:\/\/www.webdo.tn\/fr\/wp-content\/uploads\/2026\/04\/walid-ben-youssef_avatar-96x96.jpg","caption":"Walid Ben Youssef"},"description":"Walid Ben Youssef est fondateur et directeur de publication de Webdo.tn, m\u00e9dia num\u00e9rique tunisien lanc\u00e9 en 2011. Journaliste depuis plus de 20 ans, il a d\u00e9but\u00e9 sa carri\u00e8re au sein du groupe Dar Tunis-Hebdo, o\u00f9 il a contribu\u00e9 d\u00e8s le d\u00e9but des ann\u00e9es 2000 au d\u00e9veloppement des premi\u00e8res initiatives web du titre. Avant de fonder Webdo, il a occup\u00e9 les fonctions de directeur adjoint du groupe Dar Tunis-Hebdo, participant au d\u00e9veloppement \u00e9ditorial, publicitaire et num\u00e9rique du groupe. Sp\u00e9cialis\u00e9 dans les m\u00e9dias num\u00e9riques, la transformation digitale de l\u2019information et l\u2019actualit\u00e9 nationale et internationale, il supervise la ligne \u00e9ditoriale de Webdo et pilote son d\u00e9veloppement strat\u00e9gique. Dipl\u00f4m\u00e9 en math\u00e9matiques de l\u2019Universit\u00e9 d\u2019Oregon (\u00c9tats-Unis), il associe une approche analytique \u00e0 une expertise de terrain du journalisme. \ud83d\udd17 Facebook : https:\/\/www.facebook.com\/wby.webdo","sameAs":["https:\/\/www.facebook.com\/wby.webdo"],"knowsAbout":["journalisme","m\u00e9dias num\u00e9riques","transformation digitale","actualit\u00e9 tunisienne","g\u00e9opolitique"],"knowsLanguage":["Fran\u00e7ais","Arabe","Anglais"],"jobTitle":"Fondateur et directeur de publication","worksFor":"Webdo.tn","url":"https:\/\/www.webdo.tn\/fr\/actualite\/author\/walid-ben-youssef\/"}]}},"_links":{"self":[{"href":"https:\/\/www.webdo.tn\/fr\/wp-json\/wp\/v2\/posts\/210836","targetHints":{"allow":["GET"]}}],"collection":[{"href":"https:\/\/www.webdo.tn\/fr\/wp-json\/wp\/v2\/posts"}],"about":[{"href":"https:\/\/www.webdo.tn\/fr\/wp-json\/wp\/v2\/types\/post"}],"author":[{"embeddable":true,"href":"https:\/\/www.webdo.tn\/fr\/wp-json\/wp\/v2\/users\/3183"}],"replies":[{"embeddable":true,"href":"https:\/\/www.webdo.tn\/fr\/wp-json\/wp\/v2\/comments?post=210836"}],"version-history":[{"count":0,"href":"https:\/\/www.webdo.tn\/fr\/wp-json\/wp\/v2\/posts\/210836\/revisions"}],"wp:featuredmedia":[{"embeddable":true,"href":"https:\/\/www.webdo.tn\/fr\/wp-json\/wp\/v2\/media\/248519"}],"wp:attachment":[{"href":"https:\/\/www.webdo.tn\/fr\/wp-json\/wp\/v2\/media?parent=210836"}],"wp:term":[{"taxonomy":"category","embeddable":true,"href":"https:\/\/www.webdo.tn\/fr\/wp-json\/wp\/v2\/categories?post=210836"},{"taxonomy":"post_tag","embeddable":true,"href":"https:\/\/www.webdo.tn\/fr\/wp-json\/wp\/v2\/tags?post=210836"}],"curies":[{"name":"wp","href":"https:\/\/api.w.org\/{rel}","templated":true}]}}