{"id":210829,"date":"2023-12-15T08:00:00","date_gmt":"2023-12-15T08:00:00","guid":{"rendered":"https:\/\/www.webdo.tn\/fr\/blog\/ceremonie-d-ouverture-du-festival-du-film-d-el-gouna-2023-dignite-solidarite-et-sobriete\/210829\/"},"modified":"2025-05-21T08:56:20","modified_gmt":"2025-05-21T08:56:20","slug":"ceremonie-d-ouverture-du-festival-du-film-d-el-gouna-2023-dignite-solidarite-et-sobriete","status":"publish","type":"post","link":"https:\/\/www.webdo.tn\/fr\/actualite\/culture\/ceremonie-d-ouverture-du-festival-du-film-d-el-gouna-2023-dignite-solidarite-et-sobriete\/210829\/","title":{"rendered":"C\u00e9r\u00e9monie d&rsquo;Ouverture du Festival du Film d&rsquo;El Gouna 2023 : Dignit\u00e9, Solidarit\u00e9 et Sobri\u00e9t\u00e9"},"content":{"rendered":"<div class=\"single-body entry-content typography-copy\" itemprop=\"articleBody\">\n<p style=\"font-weight: bold; text-align: justify\">\n\t\t\t\t\t\t\t\t\tLa sixi\u00e8me \u00e9dition tant attendue du Festival du Film d&rsquo;El Gouna a enfin pris son envol dans une soir\u00e9e riche en \u00e9motions, marquant non seulement un \u00e9v\u00e9nement cin\u00e9matographique majeur, mais \u00e9galement un acte de solidarit\u00e9 envers la Palestine.\n\t\t\t\t\t\t\t\t<\/p>\n<div class=\"coprs\" style=\"text-align: center\"><\/div>\n<div class=\"coprs\" style=\"text-align: justify\">\n<p><span><span><a href=\"https:\/\/www.webdo.tn\/fr\/actualite\/culture\/une-edition-du-festival-du-film-d-el-gouna-dediee-a-la-palestine-du-14-au-21-decembre-2023\/210412\">Initialement pr\u00e9vue pour octobre dernier, la c\u00e9r\u00e9monie d&rsquo;ouverture a \u00e9t\u00e9 report\u00e9e en raison de la guerre en Palestine, conf\u00e9rant \u00e0 cette \u00e9dition une signification particuli\u00e8re et engageante<\/a>.<\/span><\/span><\/p>\n<p><span><span><strong>Un Contexte de guerre et de cin\u00e9ma\u00a0<\/strong><\/span><\/span><\/p>\n<p><span><span>Le coup d&rsquo;envoi de la c\u00e9r\u00e9monie a \u00e9t\u00e9 donn\u00e9 par les m\u00e9lodies solennelles de l&rsquo;hymne national \u00e9gyptien, suivi par la projection d&rsquo;un court film \u00e9voquant la souffrance du peuple palestinien, marquant ainsi un hommage poignant \u00e0 la r\u00e9alit\u00e9 complexe qui impr\u00e8gne cette \u00e9dition du festival. La d\u00e9votion du Festival du Film d&rsquo;El Gouna \u00e0 cette cause sp\u00e9cifique a transform\u00e9 la c\u00e9r\u00e9monie en un acte de solidarit\u00e9 artistique.<\/span><\/span><\/p>\n<p>\u00a0<\/p>\n<p><img decoding=\"async\" alt=\"\" height=\"914\" src=\"\/assets\/uploads\/images\/\/Neila\/image00030.jpeg\" width=\"921\"><\/p>\n<p>\u00a0<\/p>\n<p><span><span><strong>Paroles empruntes d&rsquo;Humanit\u00e9\u00a0<\/strong><\/span><\/span><\/p>\n<p><span><span>Le grand acteur \u00e9gyptien Mahmoud Hemeda a ensuite pris la parole, \u00e9levant la soir\u00e9e \u00e0 un niveau d&rsquo;\u00e9motion suppl\u00e9mentaire. Son discours empreint d&rsquo;humanit\u00e9 a soulign\u00e9 la responsabilit\u00e9 des cr\u00e9ateurs de cin\u00e9ma dans l&rsquo;illumination des histoires souvent n\u00e9glig\u00e9es. Il a d\u00e9peint le cin\u00e9ma comme une force capable de t\u00e9moigner de la r\u00e9silience de l&rsquo;esprit humain \u00e0 travers des r\u00e9cits de d\u00e9sespoir, une lumi\u00e8re dans l&rsquo;obscurit\u00e9. Il a ajout\u00e9 qu\u2019on l\u2019avait pri\u00e9 de demander une minute de silence pour les victimes de la guerre, mais qu\u2019il s\u2019y refusait, parce que d\u2019apr\u00e8s lui, la minute de silence \u00e9quivaut \u00e0 un deuil, or ce n\u2019est pas le moment de deuil,<span> le deuil pouvant parfois \u00eatre un moyen d&rsquo;oublier, et il ne voulait ni oublier ni que les autres oublient. <\/span><\/span><\/span><\/p>\n<p><span><span><strong>Une Fen\u00eatre sur la Palestine<\/strong><\/span><\/span><\/p>\n<p><span><span>Intishal Al Timimi et <a href=\"GFF%202023%20-%20Marianne%20Khoury,%20nouvelle%20directrice%20artistique%20du%20Festival%20du%20Film%20d'El%20Gouna\">Marianne Khoury,<\/a> respectivement directeur et directrice artistique du festival, ont pr\u00e9sent\u00e9 <a href=\"https:\/\/www.webdo.tn\/fr\/actualite\/culture\/le-festival-du-film-d-el-gouna-devoile-les-jurys-des-differentes-competitions-de-sa-6eme-edition\/210765\">les diff\u00e9rents membres des jurys<\/a> et <a href=\"El%20Gouna%202023%20-%2014%20films%20en%20compe%CC%81tition%20dans%20la%20section%20longs%20me%CC%81trages%20de%20fiction\">le programme du festival<\/a>, r\u00e9v\u00e9lant des modifications significatives en raison de la situation en Palestine. <a href=\"https:\/\/www.webdo.tn\/fr\/actualite\/culture\/regards-sur-la-palestine-a-la-6eme-edition-du-festival-du-film-d-el-gouna\/210710\">Une section sp\u00e9ciale, intitul\u00e9e \u00ab\u00a0Fen\u00eatre sur la Palestine\u00a0\u00bb, a \u00e9t\u00e9 ajout\u00e9e, mettant en avant plusieurs films palestiniens et un panel intitul\u00e9 \u00ab\u00a0Cam\u00e9ra en crise, un objectif sur la Palestine\u00a0\u00bb.<\/a> Ces ajouts ont transform\u00e9 le festival en une plateforme de sensibilisation cruciale, donnant une voix aux cin\u00e9astes palestiniens et leur permettent de raconter leurs histoires et faire pr\u00e9valoir leur narratif. <\/span><\/span><\/p>\n<p><span><span><span>Par ailleurs, Intishal Al Timimi a remerci\u00e9 tous les participants et \u00e9voqu\u00e9 les d\u00e9fis auxquels le festival a \u00e9t\u00e9 confront\u00e9 au cours des six derni\u00e8res ann\u00e9es. R\u00e9pondant \u00e0 la question sur le report en octobre et la tenue en d\u00e9cembre malgr\u00e9 les bombardements, il a soulign\u00e9 la d\u00e9cision courageuse de maintenir l&rsquo;\u00e9dition cette ann\u00e9e et a expliqu\u00e9 que la diff\u00e9rence \u00e9tait dans l&rsquo;approche, soulignant que le festival doit \u00eatre v\u00e9ritablement culturel, artistique et solidaire.<\/span><\/span><\/span><\/p>\n<p><span><span><span>Intishal Al Timimi a ensuite pr\u00e9sent\u00e9 le programme du festival, mettant en lumi\u00e8re les films arabes et \u00e9trangers de premier plan. Il a soulign\u00e9 que le festival ne se limite pas aux projections de films, mais comprend \u00e9galement une composante interactive avec des \u00e9v\u00e9nements sur la sc\u00e8ne d&rsquo;El Gouna. Marianne Khoury a rappel\u00e9 quant \u00e0 elle, que le festival a acquis une renomm\u00e9e internationale depuis sa premi\u00e8re \u00e9dition, rivalisant avec de grands festivals. Elle a \u00e9galement soulign\u00e9 l&rsquo;importance de mettre en valeur le r\u00f4le du festival dans l&rsquo;industrie cin\u00e9matographique et son soutien aux jeunes cin\u00e9astes, mettant l&rsquo;accent sur le contenu plut\u00f4t que sur l&rsquo;apparence.<\/span><\/span><\/span><\/p>\n<p><span><span>Lors de la pr\u00e9sentation des films, Intishal Al Timimi et Marianne Khoury ont d\u00e9montr\u00e9 leur engagement profond envers chaque \u0153uvre s\u00e9lectionn\u00e9e. Leur passion pour le cin\u00e9ma en tant que moyen de sensibilisation et d&rsquo;expression artistique a enrichi l&rsquo;exp\u00e9rience pour le public et les cin\u00e9astes pr\u00e9sents. Ils ont offert des analyses perspicaces et des commentaires \u00e9clair\u00e9s, mettant en lumi\u00e8re l&rsquo;importance de chaque film dans le contexte plus large du festival.<\/span><\/span><\/p>\n<p><span><span><strong>La d\u00e9cision audacieuse de maintenir le Festival<\/strong><\/span><\/span><\/p>\n<p><span><span>Samih Sawiris, co-fondateur du festival, a pris la parole, partageant les h\u00e9sitations initiales quant \u00e0 la d\u00e9cision de maintenir l&rsquo;\u00e9v\u00e9nement en temps de conflit. Il a exprim\u00e9 sa fiert\u00e9 d&rsquo;avoir pris la d\u00e9cision audacieuse de poursuivre le festival, soulignant l&rsquo;importance de maintenir une plateforme culturelle en ces temps difficiles. Le cin\u00e9ma, selon Sawiris, est une manifestation de l&rsquo;humanit\u00e9 m\u00eame en temps de guerre, et il a exprim\u00e9 sa confiance dans la puissance de la culture pour transcender les conflits.<\/span><\/span><\/p>\n<p><span><span><strong>Dignit\u00e9 et \u00e9l\u00e9gance dans la solidarit\u00e9<\/strong><\/span><\/span><\/p>\n<p><span><span>En honneur aux Palestiniens, le festival a impos\u00e9 un code vestimentaire particulier pour les deux c\u00e9r\u00e9monies d\u2019ouverture et de cl\u00f4ture: tous les hommes en noir et les femmes devaient \u00eatre \u00e9l\u00e9gantes et surtout sobres. A quelques rares exceptions pr\u00e8s, cette exigence a \u00e9t\u00e9 respect\u00e9e par les invit\u00e9s, conf\u00e9rant \u00e0 la soir\u00e9e une atmosph\u00e8re de dignit\u00e9 et d&rsquo;\u00e9l\u00e9gance. Cette mesure symbolique a transform\u00e9 la c\u00e9r\u00e9monie en une d\u00e9claration visuelle de respect envers un peuple confront\u00e9 \u00e0 l&rsquo;adversit\u00e9. Il est \u00e0 noter que quelques invit\u00e9s ont pouss\u00e9 encore plus loin la solidarit\u00e9 en portant soit des keffiehs, soit des habits traditionnels palestiniens pour quelques femmes. <\/span><\/span><\/p>\n<p>\u00a0<\/p>\n<p><img decoding=\"async\" alt=\"\" height=\"898\" src=\"\/assets\/uploads\/images\/\/Neila\/image00029.jpeg\" width=\"884\"><\/p>\n<p>\u00a0<\/p>\n<p><span><span><strong>La musique de la solidarit\u00e9<\/strong><\/span><\/span><\/p>\n<p><span><span>La chanteuse chilo-palestinienne Elyanna a ajout\u00e9 une dimension musicale significative \u00e0 la soir\u00e9e en interpr\u00e9tant \u00ab\u00a0Branch of Olive\u00a0\u00bb. Cette chanson, charg\u00e9e de significations humanitaires, a captiv\u00e9 l&rsquo;audience et a cr\u00e9\u00e9 un lien \u00e9motionnel avec la r\u00e9alit\u00e9 palestinienne.<\/span><\/span><\/p>\n<p><span><span>Le chanteur compositeur \u00e9gyptien Abu a \u00e9galement laiss\u00e9 sa marque avec une chanson \u00e9crite et chant\u00e9e en anglais sp\u00e9cialement pour les Palestiniens. \u00ab\u00a0The World Is Blind\u00a0\u00bb, cette chanson, d\u00e9di\u00e9e aux enfants palestiniens, a touch\u00e9 le c\u0153ur du public, offrant un moment de r\u00e9flexion sur la situation difficile dans laquelle se trouvent ces jeunes vies. <\/span><\/span><\/p>\n<p>\u00a0<\/p>\n<p><iframe allowfullscreen=\"true\" frameborder=\"0\" height=\"314\" scrolling=\"no\" src=\"https:\/\/www.facebook.com\/plugins\/video.php?height=314&amp;href=https%3A%2F%2Fwww.facebook.com%2Fmassir.destiniii%2Fvideos%2F1122799762437146%2F&amp;show_text=false&amp;width=560&amp;t=0\" width=\"560\"><\/iframe><\/p>\n<p><span><span>La musique a une fois de plus servi de moyen puissant pour exprimer la solidarit\u00e9 et l&#8217;empathie envers la cause palestinienne rappelant que l&rsquo;art peut \u00eatre un langage universel de compr\u00e9hension et de solidarit\u00e9. <\/span><\/span><\/p>\n<p>\u00a0<\/p>\n<p><img decoding=\"async\" alt=\"\" height=\"676\" src=\"\/assets\/uploads\/images\/\/Neila\/image00032.jpeg\" width=\"902\"><\/p>\n<p>\u00a0<\/p>\n<p><span><span><strong>L&rsquo;hommage \u00e0 l&rsquo;\u00c9cole du cin\u00e9ma et aux techniciens<\/strong><\/span><\/span><\/p>\n<p><span><span>La c\u00e9r\u00e9monie a \u00e9galement r\u00e9serv\u00e9 un moment significatif pour rendre hommage \u00e0 l&rsquo;\u00e9cole \u00e9gyptienne du cin\u00e9ma, cr\u00e9\u00e9e en 1959 et ayant particip\u00e9 \u00e0 former de tr\u00e8s grands noms du cin\u00e9ma \u00e9gyptien. Un reportage sur cette prestigieuse \u00e9cole a \u00e9t\u00e9 diffus\u00e9. \u00a0<\/span><\/span><\/p>\n<p><span><span>L&rsquo;acteur \u00e9gyptien Mohamed Farrag a pris le devant de la sc\u00e8ne avec \u00e9l\u00e9gance, arborant un costume noir orn\u00e9 du drapeau palestinien, pour rendre un hommage \u00e9mouvant aux clapmen et \u00e0 l&rsquo;essence m\u00eame des moments sp\u00e9ciaux sur un plateau de tournage. Son discours a soulign\u00e9 le privil\u00e8ge de participer \u00e0 un \u00e9v\u00e9nement aussi exceptionnel, mettant en lumi\u00e8re l&rsquo;importance cruciale des techniciens dans la cr\u00e9ation cin\u00e9matographique. <\/span><\/span><\/p>\n<p><span><span>Mohamed Farrag a particuli\u00e8rement mis en avant le m\u00e9tier des \u00ab\u00a0clapmen\u00a0\u00bb et leur r\u00f4le fondamental sur un plateau de tournage. Cette profession, souvent n\u00e9glig\u00e9e dans l&rsquo;industrie cin\u00e9matographique, a \u00e9t\u00e9 honor\u00e9e, soulignant l&rsquo;importance vitale de chaque individu impliqu\u00e9 dans la cr\u00e9ation cin\u00e9matographique. Les techniciens, \u0153uvrant dans l&rsquo;ombre, ont ainsi re\u00e7u une reconnaissance bien m\u00e9rit\u00e9e, renfor\u00e7ant la conviction que chaque maillon de la cha\u00eene cin\u00e9matographique contribue \u00e0 la magie du cin\u00e9ma.<\/span><\/span><\/p>\n<p><span><span>Une vid\u00e9o mettant en vedette les moments sp\u00e9ciaux de \u00ab\u00a0clap\u00a0\u00bb a ensuite \u00e9t\u00e9 pr\u00e9sent\u00e9e, mettant en lumi\u00e8re l&rsquo;art unique du \u00ab\u00a0clap\u00a0\u00bb. Sur sc\u00e8ne, deux des meilleurs clapmen \u00e9gyptiens, Khairy Farag et Mohamed Kilani, ont \u00e9t\u00e9 chaleureusement accueillis et honor\u00e9s. Ils ont exprim\u00e9 leur gratitude envers le Festival du Film d&rsquo;El Gouna et son public. Le duo a consid\u00e9r\u00e9 la r\u00e9compense comme un retour de bont\u00e9 pour tous ceux qui, dans l&rsquo;ombre, contribuent au succ\u00e8s de chaque prise de vue, une reconnaissance bienvenue pour l&rsquo;ensemble de l&rsquo;\u00e9quipe derri\u00e8re les cam\u00e9ras.<\/span><\/span><\/p>\n<p><span><span><strong>L&rsquo;\u00e9motion de Samih Sawiris<\/strong><\/span><\/span><\/p>\n<p><span><span>Samih Sawiris, fondateur de la ville d&rsquo;El Gouna et pr\u00e9sident du conseil d&rsquo;administration du festival, est mont\u00e9 sur sc\u00e8ne, partageant ses sentiments initiaux de crainte avant le lancement de cette 6<sup>\u00e8me<\/sup> \u00e9dition. Apr\u00e8s avoir \u00e9t\u00e9 t\u00e9moin des r\u00e9alisations de la c\u00e9r\u00e9monie d&rsquo;ouverture, il a exprim\u00e9 une grande joie d&rsquo;avoir pris la d\u00e9cision audacieuse de maintenir le festival cette ann\u00e9e malgr\u00e9 les circonstances difficiles. Il a soulign\u00e9 la n\u00e9cessit\u00e9 de mettre en lumi\u00e8re la civilisation et le narratif palestiniens et la capacit\u00e9 des palestiniens \u00e0 pr\u00e9senter du cin\u00e9ma, contrecarrant ainsi les narrations simplistes centr\u00e9es sur la violence. Samih Sawiris a remerci\u00e9 le public pour son soutien continu et a exprim\u00e9 l&rsquo;espoir d&rsquo;une ann\u00e9e meilleure malgr\u00e9 les d\u00e9fis actuels.<\/span><\/span><\/p>\n<p>\u00a0<\/p>\n<p><img decoding=\"async\" alt=\"\" height=\"617\" src=\"\/assets\/uploads\/images\/\/Neila\/image00033.jpeg\" width=\"925\"><\/p>\n<p>\u00a0<\/p>\n<p><span><span><strong>L\u2019hommage au r\u00e9alisateur Marwan Hamed<\/strong><\/span><\/span><\/p>\n<p><span><span>Sur sc\u00e8ne, \u00a0apr\u00e8s avoir exprim\u00e9 un message empreint de solidarit\u00e9 envers le peuple palestinien, l\u2019actrice \u00e9gyptienne Youssra a annonc\u00e9 <a href=\"https:\/\/www.webdo.tn\/fr\/actualite\/culture\/gff-2023-marwan-hamed\/207447\">le prix d&rsquo;honneur pour l\u2019ensemble de sa carri\u00e8re d\u00e9cern\u00e9 au r\u00e9alisateur Marwan Hamed. En un temps record, Hamed a inscrit son nom dans l&rsquo;histoire du cin\u00e9ma avec des r\u00e9alisations marquantes<\/a> telles que \u00ab\u00a0Immeuble Yacoubian\u00a0\u00bb et \u00ab\u00a0Kira wel Gen,\u00a0\u00bb ce dernier demeurant le film le plus rentable de l&rsquo;histoire du cin\u00e9ma \u00e9gyptien.<\/span><\/span><\/p>\n<p><span><span>La salle a \u00e9t\u00e9 enchant\u00e9e par une vid\u00e9o captivante, d\u00e9voilant des extraits soigneusement <span>s\u00e9lectionn\u00e9s des chefs-d&rsquo;\u0153uvre cin\u00e9matographiques de Marwan Hamed. Un moment qui a soulign\u00e9 son talent exceptionnel et son impact significatif sur le paysage cin\u00e9matographique \u00e9gyptien.<\/span><\/span><\/span><\/p>\n<p><span><span><strong>La pr\u00e9sentation du film d&rsquo;ouverture par Mariam Khoury et Amr Salama<\/strong><\/span><\/span><\/p>\n<p><span><span>De retour sur sc\u00e8ne, Marianne Khoury, a salu\u00e9 l&rsquo;ensemble de l&rsquo;\u00e9quipe du festival pour ses efforts inlassables. Elle a soulign\u00e9 l&rsquo;importance cruciale de l&rsquo;art cin\u00e9matographique en tant que moyen de comprendre diverses cultures et r\u00e9alit\u00e9s. <a href=\"https:\/\/www.webdo.tn\/fr\/actualite\/culture\/el-gouna-2023-60-egyptian-pounds-le-court-metrage-de-amr-salama-en-ouverture\/208868\">Elle a ensuite introduit le r\u00e9alisateur du film d&rsquo;ouverture, Amr Salama, soulignant que c\u2019\u00e9tait la deuxi\u00e8me fois qu\u2019un de ses films faisait l\u2019ouverture du festival. La nouveaut\u00e9 cette fois-ci est qu\u2019il s\u2019agissait d\u2019un court m\u00e9trage.<\/a> Tr\u00e8s bonne id\u00e9e d\u2019ailleurs, parce que souvent les invit\u00e9s, fatigu\u00e9s par de longues c\u00e9r\u00e9monies d\u2019ouverture, quittent sans voir le film. <\/span><\/span><\/p>\n<p><span><span><strong>Des t\u00e9moignages poignants<\/strong><\/span><\/span><\/p>\n<p><span><span><span>Comme annonc\u00e9 pr\u00e9c\u00e9demment, la c\u00e9r\u00e9monie a fait place \u00e0 un simple cocktail, \u00e9cartant la f\u00eate traditionnelle. Ce qui a permis aux invit\u00e9s de se retrouver, d&rsquo;entamer des conversations stimulantes, et surtout, d&rsquo;\u00e9couter attentivement les r\u00e9cits poignants des invit\u00e9s palestiniens, ainsi que divers t\u00e9moignages sur les impacts de la guerre sur leurs vies. Ces histoires, qui touchent tous les aspects de la vie, des moments quotidiens aux relations familiales et professionnelles, ont \u00e9t\u00e9 partag\u00e9es avec une sinc\u00e9rit\u00e9 \u00e9mouvante.<\/span><\/span><\/span><\/p>\n<p><span><span><span><strong>Ne\u00efla Driss<\/strong><\/span><\/span><\/span><\/p>\n<p>\u00a0<\/p>\n<\/p><\/div>\n<div class=\"coprs\" style=\"text-align: center\"><\/div><\/div>\n","protected":false},"excerpt":{"rendered":"<p>La sixi\u00e8me \u00e9dition tant attendue du Festival du Film d&rsquo;El Gouna a enfin pris son envol dans une soir\u00e9e riche en \u00e9motions, marquant non seulement un \u00e9v\u00e9nement ci&#8230;<\/p>\n","protected":false},"author":3164,"featured_media":248520,"comment_status":"open","ping_status":"closed","sticky":false,"template":"","format":"standard","meta":{"footnotes":""},"categories":[2594],"tags":[6648,7281,3258,3259,7280,2688],"class_list":["post-210829","post","type-post","status-publish","format-standard","has-post-thumbnail","hentry","category-culture","tag-el-gouna","tag-el-gouna-2023","tag-festival-du-film-del-gouna","tag-gff","tag-gff-2023","tag-palestine"],"yoast_head":"<!-- This site is optimized with the Yoast SEO Premium plugin v27.5 (Yoast SEO v27.5) - https:\/\/yoast.com\/product\/yoast-seo-premium-wordpress\/ -->\n<title>C\u00e9r\u00e9monie d&#039;Ouverture du Festival du Film d&#039;El Gouna 2023 : Dignit\u00e9, Solidarit\u00e9 et Sobri\u00e9t\u00e9<\/title>\n<meta name=\"description\" content=\"La sixi\u00e8me \u00e9dition tant attendue du Festival du Film d&#039;El Gouna a enfin pris son envol dans une soir\u00e9e riche en \u00e9motions, marquant non seulement un \u00e9v\u00e9nement ci...\" \/>\n<link rel=\"canonical\" href=\"https:\/\/www.webdo.tn\/fr\/actualite\/culture\/ceremonie-d-ouverture-du-festival-du-film-d-el-gouna-2023-dignite-solidarite-et-sobriete\/210829\/\" \/>\n<meta property=\"og:locale\" content=\"fr_FR\" \/>\n<meta property=\"og:type\" content=\"article\" \/>\n<meta property=\"og:title\" content=\"C\u00e9r\u00e9monie d&#039;Ouverture du Festival du Film d&#039;El Gouna 2023 : Dignit\u00e9, Solidarit\u00e9 et Sobri\u00e9t\u00e9\" \/>\n<meta property=\"og:description\" content=\"La sixi\u00e8me \u00e9dition tant attendue du Festival du Film d&#039;El Gouna a enfin pris son envol dans une soir\u00e9e riche en \u00e9motions, marquant non seulement un \u00e9v\u00e9nement ci...\" \/>\n<meta property=\"og:url\" content=\"https:\/\/www.webdo.tn\/fr\/actualite\/culture\/ceremonie-d-ouverture-du-festival-du-film-d-el-gouna-2023-dignite-solidarite-et-sobriete\/210829\/\" \/>\n<meta property=\"og:site_name\" content=\"webdo\" \/>\n<meta property=\"article:publisher\" content=\"https:\/\/www.facebook.com\/webdotn\" \/>\n<meta property=\"article:author\" content=\"https:\/\/www.facebook.com\/massir.destiniii\/\" \/>\n<meta property=\"article:published_time\" content=\"2023-12-15T08:00:00+00:00\" \/>\n<meta property=\"article:modified_time\" content=\"2025-05-21T08:56:20+00:00\" \/>\n<meta property=\"og:image\" content=\"https:\/\/www.webdo.tn\/fr\/wp-content\/uploads\/2023\/12\/d87e74b24b872f4ac3f9e156f0f39bac.jpeg\" \/>\n\t<meta property=\"og:image:width\" content=\"750\" \/>\n\t<meta property=\"og:image:height\" content=\"400\" \/>\n\t<meta property=\"og:image:type\" content=\"image\/jpeg\" \/>\n<meta name=\"author\" content=\"Ne\u00efla DRISS\" \/>\n<meta name=\"twitter:card\" content=\"summary_large_image\" \/>\n<meta name=\"twitter:creator\" content=\"@https:\/\/x.com\/MassirDestin\" \/>\n<meta name=\"twitter:site\" content=\"@webdo_tn\" \/>\n<meta name=\"twitter:label1\" content=\"\u00c9crit par\" \/>\n\t<meta name=\"twitter:data1\" content=\"Ne\u00efla DRISS\" \/>\n\t<meta name=\"twitter:label2\" content=\"Dur\u00e9e de lecture estim\u00e9e\" \/>\n\t<meta name=\"twitter:data2\" content=\"9 minutes\" \/>\n<script type=\"application\/ld+json\" class=\"yoast-schema-graph\">{\"@context\":\"https:\\\/\\\/schema.org\",\"@graph\":[{\"@type\":\"NewsArticle\",\"@id\":\"https:\\\/\\\/www.webdo.tn\\\/fr\\\/actualite\\\/culture\\\/ceremonie-d-ouverture-du-festival-du-film-d-el-gouna-2023-dignite-solidarite-et-sobriete\\\/210829\\\/#article\",\"isPartOf\":{\"@id\":\"https:\\\/\\\/www.webdo.tn\\\/fr\\\/actualite\\\/culture\\\/ceremonie-d-ouverture-du-festival-du-film-d-el-gouna-2023-dignite-solidarite-et-sobriete\\\/210829\\\/\"},\"author\":{\"name\":\"Ne\u00efla DRISS\",\"@id\":\"https:\\\/\\\/www.webdo.tn\\\/fr\\\/#\\\/schema\\\/person\\\/60d5ba619ed3f58783b0dc82b7dada80\"},\"headline\":\"C\u00e9r\u00e9monie d&rsquo;Ouverture du Festival du Film d&rsquo;El Gouna 2023 : Dignit\u00e9, Solidarit\u00e9 et Sobri\u00e9t\u00e9\",\"datePublished\":\"2023-12-15T08:00:00+00:00\",\"dateModified\":\"2025-05-21T08:56:20+00:00\",\"mainEntityOfPage\":{\"@id\":\"https:\\\/\\\/www.webdo.tn\\\/fr\\\/actualite\\\/culture\\\/ceremonie-d-ouverture-du-festival-du-film-d-el-gouna-2023-dignite-solidarite-et-sobriete\\\/210829\\\/\"},\"wordCount\":1916,\"commentCount\":0,\"publisher\":{\"@id\":\"https:\\\/\\\/www.webdo.tn\\\/fr\\\/#organization\"},\"image\":{\"@id\":\"https:\\\/\\\/www.webdo.tn\\\/fr\\\/actualite\\\/culture\\\/ceremonie-d-ouverture-du-festival-du-film-d-el-gouna-2023-dignite-solidarite-et-sobriete\\\/210829\\\/#primaryimage\"},\"thumbnailUrl\":\"https:\\\/\\\/www.webdo.tn\\\/fr\\\/wp-content\\\/uploads\\\/2023\\\/12\\\/d87e74b24b872f4ac3f9e156f0f39bac.jpeg\",\"keywords\":[\"El Gouna\",\"El Gouna 2023\",\"Festival du Film d'El Gouna\",\"GFF\",\"GFF 2023\",\"Palestine\"],\"articleSection\":[\"Culture\"],\"inLanguage\":\"fr-FR\"},{\"@type\":\"WebPage\",\"@id\":\"https:\\\/\\\/www.webdo.tn\\\/fr\\\/actualite\\\/culture\\\/ceremonie-d-ouverture-du-festival-du-film-d-el-gouna-2023-dignite-solidarite-et-sobriete\\\/210829\\\/\",\"url\":\"https:\\\/\\\/www.webdo.tn\\\/fr\\\/actualite\\\/culture\\\/ceremonie-d-ouverture-du-festival-du-film-d-el-gouna-2023-dignite-solidarite-et-sobriete\\\/210829\\\/\",\"name\":\"C\u00e9r\u00e9monie d'Ouverture du Festival du Film d'El Gouna 2023 : Dignit\u00e9, Solidarit\u00e9 et Sobri\u00e9t\u00e9\",\"isPartOf\":{\"@id\":\"https:\\\/\\\/www.webdo.tn\\\/fr\\\/#website\"},\"primaryImageOfPage\":{\"@id\":\"https:\\\/\\\/www.webdo.tn\\\/fr\\\/actualite\\\/culture\\\/ceremonie-d-ouverture-du-festival-du-film-d-el-gouna-2023-dignite-solidarite-et-sobriete\\\/210829\\\/#primaryimage\"},\"image\":{\"@id\":\"https:\\\/\\\/www.webdo.tn\\\/fr\\\/actualite\\\/culture\\\/ceremonie-d-ouverture-du-festival-du-film-d-el-gouna-2023-dignite-solidarite-et-sobriete\\\/210829\\\/#primaryimage\"},\"thumbnailUrl\":\"https:\\\/\\\/www.webdo.tn\\\/fr\\\/wp-content\\\/uploads\\\/2023\\\/12\\\/d87e74b24b872f4ac3f9e156f0f39bac.jpeg\",\"datePublished\":\"2023-12-15T08:00:00+00:00\",\"dateModified\":\"2025-05-21T08:56:20+00:00\",\"description\":\"La sixi\u00e8me \u00e9dition tant attendue du Festival du Film d'El Gouna a enfin pris son envol dans une soir\u00e9e riche en \u00e9motions, marquant non seulement un \u00e9v\u00e9nement ci...\",\"breadcrumb\":{\"@id\":\"https:\\\/\\\/www.webdo.tn\\\/fr\\\/actualite\\\/culture\\\/ceremonie-d-ouverture-du-festival-du-film-d-el-gouna-2023-dignite-solidarite-et-sobriete\\\/210829\\\/#breadcrumb\"},\"inLanguage\":\"fr-FR\",\"potentialAction\":[{\"@type\":\"ReadAction\",\"target\":[\"https:\\\/\\\/www.webdo.tn\\\/fr\\\/actualite\\\/culture\\\/ceremonie-d-ouverture-du-festival-du-film-d-el-gouna-2023-dignite-solidarite-et-sobriete\\\/210829\\\/\"]}]},{\"@type\":\"ImageObject\",\"inLanguage\":\"fr-FR\",\"@id\":\"https:\\\/\\\/www.webdo.tn\\\/fr\\\/actualite\\\/culture\\\/ceremonie-d-ouverture-du-festival-du-film-d-el-gouna-2023-dignite-solidarite-et-sobriete\\\/210829\\\/#primaryimage\",\"url\":\"https:\\\/\\\/www.webdo.tn\\\/fr\\\/wp-content\\\/uploads\\\/2023\\\/12\\\/d87e74b24b872f4ac3f9e156f0f39bac.jpeg\",\"contentUrl\":\"https:\\\/\\\/www.webdo.tn\\\/fr\\\/wp-content\\\/uploads\\\/2023\\\/12\\\/d87e74b24b872f4ac3f9e156f0f39bac.jpeg\",\"width\":750,\"height\":400,\"caption\":\"C\u00e9r\u00e9monie d'Ouverture du Festival du Film d'El Gouna 2023 : Dignit\u00e9, Solidarit\u00e9 et Sobri\u00e9t\u00e9\"},{\"@type\":\"BreadcrumbList\",\"@id\":\"https:\\\/\\\/www.webdo.tn\\\/fr\\\/actualite\\\/culture\\\/ceremonie-d-ouverture-du-festival-du-film-d-el-gouna-2023-dignite-solidarite-et-sobriete\\\/210829\\\/#breadcrumb\",\"itemListElement\":[{\"@type\":\"ListItem\",\"position\":1,\"name\":\"Accueil\",\"item\":\"https:\\\/\\\/www.webdo.tn\\\/fr\\\/\"},{\"@type\":\"ListItem\",\"position\":2,\"name\":\"C\u00e9r\u00e9monie d&rsquo;Ouverture du Festival du Film d&rsquo;El Gouna 2023 : Dignit\u00e9, Solidarit\u00e9 et Sobri\u00e9t\u00e9\"}]},{\"@type\":\"WebSite\",\"@id\":\"https:\\\/\\\/www.webdo.tn\\\/fr\\\/#website\",\"url\":\"https:\\\/\\\/www.webdo.tn\\\/fr\\\/\",\"name\":\"webdo\",\"description\":\"Tunisie - News en Tunisie et \u00e0 l&#039;international sur Webdo.tn\",\"publisher\":{\"@id\":\"https:\\\/\\\/www.webdo.tn\\\/fr\\\/#organization\"},\"potentialAction\":[{\"@type\":\"SearchAction\",\"target\":{\"@type\":\"EntryPoint\",\"urlTemplate\":\"https:\\\/\\\/www.webdo.tn\\\/fr\\\/?s={search_term_string}\"},\"query-input\":{\"@type\":\"PropertyValueSpecification\",\"valueRequired\":true,\"valueName\":\"search_term_string\"}}],\"inLanguage\":\"fr-FR\"},{\"@type\":\"Organization\",\"@id\":\"https:\\\/\\\/www.webdo.tn\\\/fr\\\/#organization\",\"name\":\"Webdo\",\"alternateName\":\"Webdo.tn\",\"url\":\"https:\\\/\\\/www.webdo.tn\\\/fr\\\/\",\"logo\":{\"@type\":\"ImageObject\",\"inLanguage\":\"fr-FR\",\"@id\":\"https:\\\/\\\/www.webdo.tn\\\/fr\\\/#\\\/schema\\\/logo\\\/image\\\/\",\"url\":\"https:\\\/\\\/www.webdo.tn\\\/fr\\\/wp-content\\\/uploads\\\/2025\\\/06\\\/Webdo-Tunisie_168377.jpg\",\"contentUrl\":\"https:\\\/\\\/www.webdo.tn\\\/fr\\\/wp-content\\\/uploads\\\/2025\\\/06\\\/Webdo-Tunisie_168377.jpg\",\"width\":301,\"height\":301,\"caption\":\"Webdo\"},\"image\":{\"@id\":\"https:\\\/\\\/www.webdo.tn\\\/fr\\\/#\\\/schema\\\/logo\\\/image\\\/\"},\"sameAs\":[\"https:\\\/\\\/www.facebook.com\\\/webdotn\",\"https:\\\/\\\/x.com\\\/webdo_tn\"],\"description\":\"Webdo est un m\u00e9dia num\u00e9rique tunisien fond\u00e9 en 2010, sp\u00e9cialis\u00e9 dans l\u2019actualit\u00e9 nationale et internationale, l\u2019\u00e9conomie, la soci\u00e9t\u00e9 et les analyses politiques. Le site s\u2019adresse \u00e0 un large public francophone et couvre l\u2019information tunisienne en temps r\u00e9el.\",\"email\":\"redac@webdo.tn\",\"legalName\":\"YNJ SARL\",\"foundingDate\":\"2010-09-06\",\"numberOfEmployees\":{\"@type\":\"QuantitativeValue\",\"minValue\":\"11\",\"maxValue\":\"50\"}},{\"@type\":\"Person\",\"@id\":\"https:\\\/\\\/www.webdo.tn\\\/fr\\\/#\\\/schema\\\/person\\\/60d5ba619ed3f58783b0dc82b7dada80\",\"name\":\"Ne\u00efla DRISS\",\"image\":{\"@type\":\"ImageObject\",\"inLanguage\":\"fr-FR\",\"@id\":\"https:\\\/\\\/www.webdo.tn\\\/fr\\\/wp-content\\\/uploads\\\/2026\\\/04\\\/neila-driss_avatar-96x96.jpg\",\"url\":\"https:\\\/\\\/www.webdo.tn\\\/fr\\\/wp-content\\\/uploads\\\/2026\\\/04\\\/neila-driss_avatar-96x96.jpg\",\"contentUrl\":\"https:\\\/\\\/www.webdo.tn\\\/fr\\\/wp-content\\\/uploads\\\/2026\\\/04\\\/neila-driss_avatar-96x96.jpg\",\"caption\":\"Ne\u00efla DRISS\"},\"description\":\"Ne\u00efla Driss est juriste, journaliste culturelle et critique de cin\u00e9ma tunisienne. Titulaire d\u2019un DEA en droit priv\u00e9 de l\u2019Universit\u00e9 Paris II et d\u2019un DESS de l\u2019IHEC Carthage, elle d\u00e9bute sa carri\u00e8re comme juriste sp\u00e9cialis\u00e9e en gestion de patrimoine immobilier. Elle s\u2019oriente ensuite vers l\u2019\u00e9criture en ligne, o\u00f9 elle se distingue d\u00e8s 2006 aux Tunisia Blog Awards, avant de se consacrer au journalisme culturel, avec une sp\u00e9cialisation dans la critique cin\u00e9matographique. Elle couvre r\u00e9guli\u00e8rement les grands festivals internationaux, notamment le Festival de Cannes, les Journ\u00e9es Cin\u00e9matographiques de Carthage et le Festival du film du Caire. Membre de l\u2019ATPCC et de la FIPRESCI, elle participe \u00e0 des jurys et initiatives internationales de critique. Depuis 2024, elle est \u00e9lectrice internationale aux Golden Globes. Facebook : https:\\\/\\\/www.facebook.com\\\/massir.destiniii\\\/ X : https:\\\/\\\/x.com\\\/MassirDestin\",\"sameAs\":[\"https:\\\/\\\/www.facebook.com\\\/massir.destiniii\\\/\",\"https:\\\/\\\/www.instagram.com\\\/neila.driss\\\/?hl=fr\",\"https:\\\/\\\/www.linkedin.com\\\/in\\\/neila-driss-22606a80\\\/\",\"https:\\\/\\\/x.com\\\/https:\\\/\\\/x.com\\\/MassirDestin\"],\"knowsAbout\":[\"Cin\u00e9ma international\",\"critique cin\u00e9matographique\",\"festivals de cin\u00e9ma\",\"journalisme culturel\"],\"knowsLanguage\":[\"Fran\u00e7ais\",\"Arabe\",\"Anglais\"],\"jobTitle\":\"Journaliste culturelle et critique de cin\u00e9ma\",\"worksFor\":\"Webdo\",\"url\":\"https:\\\/\\\/www.webdo.tn\\\/fr\\\/actualite\\\/author\\\/neila-driss\\\/\"}]}<\/script>\n<!-- \/ Yoast SEO Premium plugin. -->","yoast_head_json":{"title":"C\u00e9r\u00e9monie d'Ouverture du Festival du Film d'El Gouna 2023 : Dignit\u00e9, Solidarit\u00e9 et Sobri\u00e9t\u00e9","description":"La sixi\u00e8me \u00e9dition tant attendue du Festival du Film d'El Gouna a enfin pris son envol dans une soir\u00e9e riche en \u00e9motions, marquant non seulement un \u00e9v\u00e9nement ci...","canonical":"https:\/\/www.webdo.tn\/fr\/actualite\/culture\/ceremonie-d-ouverture-du-festival-du-film-d-el-gouna-2023-dignite-solidarite-et-sobriete\/210829\/","og_locale":"fr_FR","og_type":"article","og_title":"C\u00e9r\u00e9monie d'Ouverture du Festival du Film d'El Gouna 2023 : Dignit\u00e9, Solidarit\u00e9 et Sobri\u00e9t\u00e9","og_description":"La sixi\u00e8me \u00e9dition tant attendue du Festival du Film d'El Gouna a enfin pris son envol dans une soir\u00e9e riche en \u00e9motions, marquant non seulement un \u00e9v\u00e9nement ci...","og_url":"https:\/\/www.webdo.tn\/fr\/actualite\/culture\/ceremonie-d-ouverture-du-festival-du-film-d-el-gouna-2023-dignite-solidarite-et-sobriete\/210829\/","og_site_name":"webdo","article_publisher":"https:\/\/www.facebook.com\/webdotn","article_author":"https:\/\/www.facebook.com\/massir.destiniii\/","article_published_time":"2023-12-15T08:00:00+00:00","article_modified_time":"2025-05-21T08:56:20+00:00","og_image":[{"width":750,"height":400,"url":"https:\/\/www.webdo.tn\/fr\/wp-content\/uploads\/2023\/12\/d87e74b24b872f4ac3f9e156f0f39bac.jpeg","type":"image\/jpeg"}],"author":"Ne\u00efla DRISS","twitter_card":"summary_large_image","twitter_creator":"@https:\/\/x.com\/MassirDestin","twitter_site":"@webdo_tn","twitter_misc":{"\u00c9crit par":"Ne\u00efla DRISS","Dur\u00e9e de lecture estim\u00e9e":"9 minutes"},"schema":{"@context":"https:\/\/schema.org","@graph":[{"@type":"NewsArticle","@id":"https:\/\/www.webdo.tn\/fr\/actualite\/culture\/ceremonie-d-ouverture-du-festival-du-film-d-el-gouna-2023-dignite-solidarite-et-sobriete\/210829\/#article","isPartOf":{"@id":"https:\/\/www.webdo.tn\/fr\/actualite\/culture\/ceremonie-d-ouverture-du-festival-du-film-d-el-gouna-2023-dignite-solidarite-et-sobriete\/210829\/"},"author":{"name":"Ne\u00efla DRISS","@id":"https:\/\/www.webdo.tn\/fr\/#\/schema\/person\/60d5ba619ed3f58783b0dc82b7dada80"},"headline":"C\u00e9r\u00e9monie d&rsquo;Ouverture du Festival du Film d&rsquo;El Gouna 2023 : Dignit\u00e9, Solidarit\u00e9 et Sobri\u00e9t\u00e9","datePublished":"2023-12-15T08:00:00+00:00","dateModified":"2025-05-21T08:56:20+00:00","mainEntityOfPage":{"@id":"https:\/\/www.webdo.tn\/fr\/actualite\/culture\/ceremonie-d-ouverture-du-festival-du-film-d-el-gouna-2023-dignite-solidarite-et-sobriete\/210829\/"},"wordCount":1916,"commentCount":0,"publisher":{"@id":"https:\/\/www.webdo.tn\/fr\/#organization"},"image":{"@id":"https:\/\/www.webdo.tn\/fr\/actualite\/culture\/ceremonie-d-ouverture-du-festival-du-film-d-el-gouna-2023-dignite-solidarite-et-sobriete\/210829\/#primaryimage"},"thumbnailUrl":"https:\/\/www.webdo.tn\/fr\/wp-content\/uploads\/2023\/12\/d87e74b24b872f4ac3f9e156f0f39bac.jpeg","keywords":["El Gouna","El Gouna 2023","Festival du Film d'El Gouna","GFF","GFF 2023","Palestine"],"articleSection":["Culture"],"inLanguage":"fr-FR"},{"@type":"WebPage","@id":"https:\/\/www.webdo.tn\/fr\/actualite\/culture\/ceremonie-d-ouverture-du-festival-du-film-d-el-gouna-2023-dignite-solidarite-et-sobriete\/210829\/","url":"https:\/\/www.webdo.tn\/fr\/actualite\/culture\/ceremonie-d-ouverture-du-festival-du-film-d-el-gouna-2023-dignite-solidarite-et-sobriete\/210829\/","name":"C\u00e9r\u00e9monie d'Ouverture du Festival du Film d'El Gouna 2023 : Dignit\u00e9, Solidarit\u00e9 et Sobri\u00e9t\u00e9","isPartOf":{"@id":"https:\/\/www.webdo.tn\/fr\/#website"},"primaryImageOfPage":{"@id":"https:\/\/www.webdo.tn\/fr\/actualite\/culture\/ceremonie-d-ouverture-du-festival-du-film-d-el-gouna-2023-dignite-solidarite-et-sobriete\/210829\/#primaryimage"},"image":{"@id":"https:\/\/www.webdo.tn\/fr\/actualite\/culture\/ceremonie-d-ouverture-du-festival-du-film-d-el-gouna-2023-dignite-solidarite-et-sobriete\/210829\/#primaryimage"},"thumbnailUrl":"https:\/\/www.webdo.tn\/fr\/wp-content\/uploads\/2023\/12\/d87e74b24b872f4ac3f9e156f0f39bac.jpeg","datePublished":"2023-12-15T08:00:00+00:00","dateModified":"2025-05-21T08:56:20+00:00","description":"La sixi\u00e8me \u00e9dition tant attendue du Festival du Film d'El Gouna a enfin pris son envol dans une soir\u00e9e riche en \u00e9motions, marquant non seulement un \u00e9v\u00e9nement ci...","breadcrumb":{"@id":"https:\/\/www.webdo.tn\/fr\/actualite\/culture\/ceremonie-d-ouverture-du-festival-du-film-d-el-gouna-2023-dignite-solidarite-et-sobriete\/210829\/#breadcrumb"},"inLanguage":"fr-FR","potentialAction":[{"@type":"ReadAction","target":["https:\/\/www.webdo.tn\/fr\/actualite\/culture\/ceremonie-d-ouverture-du-festival-du-film-d-el-gouna-2023-dignite-solidarite-et-sobriete\/210829\/"]}]},{"@type":"ImageObject","inLanguage":"fr-FR","@id":"https:\/\/www.webdo.tn\/fr\/actualite\/culture\/ceremonie-d-ouverture-du-festival-du-film-d-el-gouna-2023-dignite-solidarite-et-sobriete\/210829\/#primaryimage","url":"https:\/\/www.webdo.tn\/fr\/wp-content\/uploads\/2023\/12\/d87e74b24b872f4ac3f9e156f0f39bac.jpeg","contentUrl":"https:\/\/www.webdo.tn\/fr\/wp-content\/uploads\/2023\/12\/d87e74b24b872f4ac3f9e156f0f39bac.jpeg","width":750,"height":400,"caption":"C\u00e9r\u00e9monie d'Ouverture du Festival du Film d'El Gouna 2023 : Dignit\u00e9, Solidarit\u00e9 et Sobri\u00e9t\u00e9"},{"@type":"BreadcrumbList","@id":"https:\/\/www.webdo.tn\/fr\/actualite\/culture\/ceremonie-d-ouverture-du-festival-du-film-d-el-gouna-2023-dignite-solidarite-et-sobriete\/210829\/#breadcrumb","itemListElement":[{"@type":"ListItem","position":1,"name":"Accueil","item":"https:\/\/www.webdo.tn\/fr\/"},{"@type":"ListItem","position":2,"name":"C\u00e9r\u00e9monie d&rsquo;Ouverture du Festival du Film d&rsquo;El Gouna 2023 : Dignit\u00e9, Solidarit\u00e9 et Sobri\u00e9t\u00e9"}]},{"@type":"WebSite","@id":"https:\/\/www.webdo.tn\/fr\/#website","url":"https:\/\/www.webdo.tn\/fr\/","name":"webdo","description":"Tunisie - News en Tunisie et \u00e0 l&#039;international sur Webdo.tn","publisher":{"@id":"https:\/\/www.webdo.tn\/fr\/#organization"},"potentialAction":[{"@type":"SearchAction","target":{"@type":"EntryPoint","urlTemplate":"https:\/\/www.webdo.tn\/fr\/?s={search_term_string}"},"query-input":{"@type":"PropertyValueSpecification","valueRequired":true,"valueName":"search_term_string"}}],"inLanguage":"fr-FR"},{"@type":"Organization","@id":"https:\/\/www.webdo.tn\/fr\/#organization","name":"Webdo","alternateName":"Webdo.tn","url":"https:\/\/www.webdo.tn\/fr\/","logo":{"@type":"ImageObject","inLanguage":"fr-FR","@id":"https:\/\/www.webdo.tn\/fr\/#\/schema\/logo\/image\/","url":"https:\/\/www.webdo.tn\/fr\/wp-content\/uploads\/2025\/06\/Webdo-Tunisie_168377.jpg","contentUrl":"https:\/\/www.webdo.tn\/fr\/wp-content\/uploads\/2025\/06\/Webdo-Tunisie_168377.jpg","width":301,"height":301,"caption":"Webdo"},"image":{"@id":"https:\/\/www.webdo.tn\/fr\/#\/schema\/logo\/image\/"},"sameAs":["https:\/\/www.facebook.com\/webdotn","https:\/\/x.com\/webdo_tn"],"description":"Webdo est un m\u00e9dia num\u00e9rique tunisien fond\u00e9 en 2010, sp\u00e9cialis\u00e9 dans l\u2019actualit\u00e9 nationale et internationale, l\u2019\u00e9conomie, la soci\u00e9t\u00e9 et les analyses politiques. Le site s\u2019adresse \u00e0 un large public francophone et couvre l\u2019information tunisienne en temps r\u00e9el.","email":"redac@webdo.tn","legalName":"YNJ SARL","foundingDate":"2010-09-06","numberOfEmployees":{"@type":"QuantitativeValue","minValue":"11","maxValue":"50"}},{"@type":"Person","@id":"https:\/\/www.webdo.tn\/fr\/#\/schema\/person\/60d5ba619ed3f58783b0dc82b7dada80","name":"Ne\u00efla DRISS","image":{"@type":"ImageObject","inLanguage":"fr-FR","@id":"https:\/\/www.webdo.tn\/fr\/wp-content\/uploads\/2026\/04\/neila-driss_avatar-96x96.jpg","url":"https:\/\/www.webdo.tn\/fr\/wp-content\/uploads\/2026\/04\/neila-driss_avatar-96x96.jpg","contentUrl":"https:\/\/www.webdo.tn\/fr\/wp-content\/uploads\/2026\/04\/neila-driss_avatar-96x96.jpg","caption":"Ne\u00efla DRISS"},"description":"Ne\u00efla Driss est juriste, journaliste culturelle et critique de cin\u00e9ma tunisienne. Titulaire d\u2019un DEA en droit priv\u00e9 de l\u2019Universit\u00e9 Paris II et d\u2019un DESS de l\u2019IHEC Carthage, elle d\u00e9bute sa carri\u00e8re comme juriste sp\u00e9cialis\u00e9e en gestion de patrimoine immobilier. Elle s\u2019oriente ensuite vers l\u2019\u00e9criture en ligne, o\u00f9 elle se distingue d\u00e8s 2006 aux Tunisia Blog Awards, avant de se consacrer au journalisme culturel, avec une sp\u00e9cialisation dans la critique cin\u00e9matographique. Elle couvre r\u00e9guli\u00e8rement les grands festivals internationaux, notamment le Festival de Cannes, les Journ\u00e9es Cin\u00e9matographiques de Carthage et le Festival du film du Caire. Membre de l\u2019ATPCC et de la FIPRESCI, elle participe \u00e0 des jurys et initiatives internationales de critique. Depuis 2024, elle est \u00e9lectrice internationale aux Golden Globes. Facebook : https:\/\/www.facebook.com\/massir.destiniii\/ X : https:\/\/x.com\/MassirDestin","sameAs":["https:\/\/www.facebook.com\/massir.destiniii\/","https:\/\/www.instagram.com\/neila.driss\/?hl=fr","https:\/\/www.linkedin.com\/in\/neila-driss-22606a80\/","https:\/\/x.com\/https:\/\/x.com\/MassirDestin"],"knowsAbout":["Cin\u00e9ma international","critique cin\u00e9matographique","festivals de cin\u00e9ma","journalisme culturel"],"knowsLanguage":["Fran\u00e7ais","Arabe","Anglais"],"jobTitle":"Journaliste culturelle et critique de cin\u00e9ma","worksFor":"Webdo","url":"https:\/\/www.webdo.tn\/fr\/actualite\/author\/neila-driss\/"}]}},"_links":{"self":[{"href":"https:\/\/www.webdo.tn\/fr\/wp-json\/wp\/v2\/posts\/210829","targetHints":{"allow":["GET"]}}],"collection":[{"href":"https:\/\/www.webdo.tn\/fr\/wp-json\/wp\/v2\/posts"}],"about":[{"href":"https:\/\/www.webdo.tn\/fr\/wp-json\/wp\/v2\/types\/post"}],"author":[{"embeddable":true,"href":"https:\/\/www.webdo.tn\/fr\/wp-json\/wp\/v2\/users\/3164"}],"replies":[{"embeddable":true,"href":"https:\/\/www.webdo.tn\/fr\/wp-json\/wp\/v2\/comments?post=210829"}],"version-history":[{"count":0,"href":"https:\/\/www.webdo.tn\/fr\/wp-json\/wp\/v2\/posts\/210829\/revisions"}],"wp:featuredmedia":[{"embeddable":true,"href":"https:\/\/www.webdo.tn\/fr\/wp-json\/wp\/v2\/media\/248520"}],"wp:attachment":[{"href":"https:\/\/www.webdo.tn\/fr\/wp-json\/wp\/v2\/media?parent=210829"}],"wp:term":[{"taxonomy":"category","embeddable":true,"href":"https:\/\/www.webdo.tn\/fr\/wp-json\/wp\/v2\/categories?post=210829"},{"taxonomy":"post_tag","embeddable":true,"href":"https:\/\/www.webdo.tn\/fr\/wp-json\/wp\/v2\/tags?post=210829"}],"curies":[{"name":"wp","href":"https:\/\/api.w.org\/{rel}","templated":true}]}}