{"id":210824,"date":"2023-12-14T18:50:00","date_gmt":"2023-12-14T18:50:00","guid":{"rendered":"https:\/\/www.webdo.tn\/fr\/blog\/tunisie-7100-personnes-atteintes-du-sida\/210824\/"},"modified":"2025-05-20T22:39:02","modified_gmt":"2025-05-20T22:39:02","slug":"tunisie-7100-personnes-atteintes-du-sida","status":"publish","type":"post","link":"https:\/\/www.webdo.tn\/fr\/actualite\/national\/tunisie-7100-personnes-atteintes-du-sida\/210824\/","title":{"rendered":"Tunisie : 7100 personnes atteintes du sida"},"content":{"rendered":"<p>Le directeur du bureau de Tunis \u00ab\u00a0avocats sans fronti\u00e8res\u00a0\u00bb Rami Khouili a indiqu\u00e9 jeudi que le nombre des cas d&rsquo;atteinte au virus de l&rsquo;immunod\u00e9ficience, \u00ab\u00a0VIH-Sida\u00a0\u00bb est pass\u00e9, au cours de l&rsquo;ann\u00e9e 2022, \u00e0 pr\u00e8s de 7100 dont seulement 26 pc ont suivi un traitement.<\/p>\n<p>\t\t\t\t\t\t\t\t\t\u00a0<\/p>\n<p>Il a d\u00e9clar\u00e9 \u00e0 la TAP en marge d&rsquo;une conf\u00e9rence nationale ayant pour th\u00e8me \u00a0\u00bb VIH- Sida et les droits des populations vuln\u00e9rables : vers une approche inclusive\u00a0\u00bb que le nombre des nouveaux cas d&rsquo;atteinte par le sida s&rsquo;est stabilis\u00e9 jusqu&rsquo;\u00e0 l&rsquo;ann\u00e9e 2010 avec 70 nouveaux cas par an, n\u00e9anmoins a-t-il dit, ce chiffre a augment\u00e9 en 2020 pour atteindre 150 cas par an.<\/p>\n<p>Khouili a signal\u00e9 la baisse des cas de contaminations par ce virus dans la plupart des pays dans le monde \u00e0 l&rsquo;exception des pays d&rsquo;Afrique du nord et du moyen orient, selon les statistiques \u00e9tablies \u00e0 l&rsquo;\u00e9chelle mondiale.<\/p>\n<p>Il a appel\u00e9 \u00e0 la n\u00e9cessit\u00e9 d&rsquo;introduire des r\u00e9formes au niveau des l\u00e9gislations r\u00e9pressives incriminant les personnes expos\u00e9es \u00e0 cette maladie, qui sont \u00e9galement victimes d&rsquo;exclusion et de marginalisation et font face aux difficult\u00e9s d&rsquo;acc\u00e8s \u00e0 l&rsquo;information, aux soins et \u00e0 l&rsquo;int\u00e9gration sociale.<\/p>\n<p>De son c\u00f4t\u00e9, le repr\u00e9sentant de l&rsquo;organisation internationale du droit du d\u00e9veloppement en Tunisie Ahmed Shehata a pr\u00e9cis\u00e9 qu&rsquo;un grand nombre d&rsquo;organisations de la soci\u00e9t\u00e9 civile ont proc\u00e9d\u00e9, en collaboration avec des structures gouvernementales, \u00e0 la formation d&rsquo;avocats et de magistrats en mati\u00e8re de traitement des proc\u00e8s intent\u00e9s par des personnes atteintes de VIH-Sida, qui ont \u00e9t\u00e9 victimes de stigmatisation et de discrimination.<\/p>\n","protected":false},"excerpt":{"rendered":"<p>Il a d\u00e9clar\u00e9 \u00e0 la TAP en marge d&rsquo;une conf\u00e9rence nationale ayant pour th\u00e8me   VIH- Sida et les droits des populations vuln\u00e9rables : vers une approche inclusive&#8230;<\/p>\n","protected":false},"author":3175,"featured_media":248513,"comment_status":"open","ping_status":"closed","sticky":false,"template":"","format":"standard","meta":{"footnotes":""},"categories":[44],"tags":[2731,7381,2608],"class_list":["post-210824","post","type-post","status-publish","format-standard","has-post-thumbnail","hentry","category-national","tag-sante","tag-sida","tag-tunisie"],"yoast_head":"<!-- This site is optimized with the Yoast SEO Premium plugin v27.4 (Yoast SEO v27.4) - https:\/\/yoast.com\/product\/yoast-seo-premium-wordpress\/ -->\n<title>Tunisie : 7100 personnes atteintes du sida<\/title>\n<meta name=\"description\" content=\"Il a d\u00e9clar\u00e9 \u00e0 la TAP en marge d&#039;une conf\u00e9rence nationale ayant pour th\u00e8me VIH- Sida et les droits des populations vuln\u00e9rables : vers une approche inclusive...\" \/>\n<link rel=\"canonical\" href=\"https:\/\/www.webdo.tn\/fr\/actualite\/national\/tunisie-7100-personnes-atteintes-du-sida\/210824\/\" \/>\n<meta property=\"og:locale\" content=\"fr_FR\" \/>\n<meta property=\"og:type\" content=\"article\" \/>\n<meta property=\"og:title\" content=\"Tunisie : 7100 personnes atteintes du sida\" \/>\n<meta property=\"og:description\" content=\"Il a d\u00e9clar\u00e9 \u00e0 la TAP en marge d&#039;une conf\u00e9rence nationale ayant pour th\u00e8me VIH- Sida et les droits des populations vuln\u00e9rables : vers une approche inclusive...\" \/>\n<meta property=\"og:url\" content=\"https:\/\/www.webdo.tn\/fr\/actualite\/national\/tunisie-7100-personnes-atteintes-du-sida\/210824\/\" \/>\n<meta property=\"og:site_name\" content=\"webdo\" \/>\n<meta property=\"article:publisher\" content=\"https:\/\/www.facebook.com\/webdotn\" \/>\n<meta property=\"article:published_time\" content=\"2023-12-14T18:50:00+00:00\" \/>\n<meta property=\"article:modified_time\" content=\"2025-05-20T22:39:02+00:00\" \/>\n<meta property=\"og:image\" content=\"https:\/\/www.webdo.tn\/fr\/wp-content\/uploads\/2023\/12\/747692bf0829f5b9da15681ed308272f.jpg\" \/>\n\t<meta property=\"og:image:width\" content=\"750\" \/>\n\t<meta property=\"og:image:height\" content=\"400\" \/>\n\t<meta property=\"og:image:type\" content=\"image\/jpeg\" \/>\n<meta name=\"author\" content=\"CL\" \/>\n<meta name=\"twitter:card\" content=\"summary_large_image\" \/>\n<meta name=\"twitter:creator\" content=\"@webdo_tn\" \/>\n<meta name=\"twitter:site\" content=\"@webdo_tn\" \/>\n<meta name=\"twitter:label1\" content=\"\u00c9crit par\" \/>\n\t<meta name=\"twitter:data1\" content=\"CL\" \/>\n\t<meta name=\"twitter:label2\" content=\"Dur\u00e9e de lecture estim\u00e9e\" \/>\n\t<meta name=\"twitter:data2\" content=\"1 minute\" \/>\n<script type=\"application\/ld+json\" class=\"yoast-schema-graph\">{\"@context\":\"https:\\\/\\\/schema.org\",\"@graph\":[{\"@type\":\"NewsArticle\",\"@id\":\"https:\\\/\\\/www.webdo.tn\\\/fr\\\/actualite\\\/national\\\/tunisie-7100-personnes-atteintes-du-sida\\\/210824\\\/#article\",\"isPartOf\":{\"@id\":\"https:\\\/\\\/www.webdo.tn\\\/fr\\\/actualite\\\/national\\\/tunisie-7100-personnes-atteintes-du-sida\\\/210824\\\/\"},\"author\":{\"name\":\"CL\",\"@id\":\"https:\\\/\\\/www.webdo.tn\\\/fr\\\/#\\\/schema\\\/person\\\/f35b42a42c5e2511bbd282959d6385cc\"},\"headline\":\"Tunisie : 7100 personnes atteintes du sida\",\"datePublished\":\"2023-12-14T18:50:00+00:00\",\"dateModified\":\"2025-05-20T22:39:02+00:00\",\"mainEntityOfPage\":{\"@id\":\"https:\\\/\\\/www.webdo.tn\\\/fr\\\/actualite\\\/national\\\/tunisie-7100-personnes-atteintes-du-sida\\\/210824\\\/\"},\"wordCount\":285,\"commentCount\":0,\"publisher\":{\"@id\":\"https:\\\/\\\/www.webdo.tn\\\/fr\\\/#organization\"},\"image\":{\"@id\":\"https:\\\/\\\/www.webdo.tn\\\/fr\\\/actualite\\\/national\\\/tunisie-7100-personnes-atteintes-du-sida\\\/210824\\\/#primaryimage\"},\"thumbnailUrl\":\"https:\\\/\\\/www.webdo.tn\\\/fr\\\/wp-content\\\/uploads\\\/2023\\\/12\\\/747692bf0829f5b9da15681ed308272f.jpg\",\"keywords\":[\"Sant\u00e9\",\"SIDA\",\"Tunisie\"],\"articleSection\":[\"National\"],\"inLanguage\":\"fr-FR\"},{\"@type\":\"WebPage\",\"@id\":\"https:\\\/\\\/www.webdo.tn\\\/fr\\\/actualite\\\/national\\\/tunisie-7100-personnes-atteintes-du-sida\\\/210824\\\/\",\"url\":\"https:\\\/\\\/www.webdo.tn\\\/fr\\\/actualite\\\/national\\\/tunisie-7100-personnes-atteintes-du-sida\\\/210824\\\/\",\"name\":\"Tunisie : 7100 personnes atteintes du sida\",\"isPartOf\":{\"@id\":\"https:\\\/\\\/www.webdo.tn\\\/fr\\\/#website\"},\"primaryImageOfPage\":{\"@id\":\"https:\\\/\\\/www.webdo.tn\\\/fr\\\/actualite\\\/national\\\/tunisie-7100-personnes-atteintes-du-sida\\\/210824\\\/#primaryimage\"},\"image\":{\"@id\":\"https:\\\/\\\/www.webdo.tn\\\/fr\\\/actualite\\\/national\\\/tunisie-7100-personnes-atteintes-du-sida\\\/210824\\\/#primaryimage\"},\"thumbnailUrl\":\"https:\\\/\\\/www.webdo.tn\\\/fr\\\/wp-content\\\/uploads\\\/2023\\\/12\\\/747692bf0829f5b9da15681ed308272f.jpg\",\"datePublished\":\"2023-12-14T18:50:00+00:00\",\"dateModified\":\"2025-05-20T22:39:02+00:00\",\"description\":\"Il a d\u00e9clar\u00e9 \u00e0 la TAP en marge d'une conf\u00e9rence nationale ayant pour th\u00e8me VIH- Sida et les droits des populations vuln\u00e9rables : vers une approche inclusive...\",\"breadcrumb\":{\"@id\":\"https:\\\/\\\/www.webdo.tn\\\/fr\\\/actualite\\\/national\\\/tunisie-7100-personnes-atteintes-du-sida\\\/210824\\\/#breadcrumb\"},\"inLanguage\":\"fr-FR\",\"potentialAction\":[{\"@type\":\"ReadAction\",\"target\":[\"https:\\\/\\\/www.webdo.tn\\\/fr\\\/actualite\\\/national\\\/tunisie-7100-personnes-atteintes-du-sida\\\/210824\\\/\"]}]},{\"@type\":\"ImageObject\",\"inLanguage\":\"fr-FR\",\"@id\":\"https:\\\/\\\/www.webdo.tn\\\/fr\\\/actualite\\\/national\\\/tunisie-7100-personnes-atteintes-du-sida\\\/210824\\\/#primaryimage\",\"url\":\"https:\\\/\\\/www.webdo.tn\\\/fr\\\/wp-content\\\/uploads\\\/2023\\\/12\\\/747692bf0829f5b9da15681ed308272f.jpg\",\"contentUrl\":\"https:\\\/\\\/www.webdo.tn\\\/fr\\\/wp-content\\\/uploads\\\/2023\\\/12\\\/747692bf0829f5b9da15681ed308272f.jpg\",\"width\":750,\"height\":400,\"caption\":\"Tunisie : 7100 personnes atteintes du sida\"},{\"@type\":\"BreadcrumbList\",\"@id\":\"https:\\\/\\\/www.webdo.tn\\\/fr\\\/actualite\\\/national\\\/tunisie-7100-personnes-atteintes-du-sida\\\/210824\\\/#breadcrumb\",\"itemListElement\":[{\"@type\":\"ListItem\",\"position\":1,\"name\":\"Accueil\",\"item\":\"https:\\\/\\\/www.webdo.tn\\\/fr\\\/\"},{\"@type\":\"ListItem\",\"position\":2,\"name\":\"Tunisie : 7100 personnes atteintes du sida\"}]},{\"@type\":\"WebSite\",\"@id\":\"https:\\\/\\\/www.webdo.tn\\\/fr\\\/#website\",\"url\":\"https:\\\/\\\/www.webdo.tn\\\/fr\\\/\",\"name\":\"webdo\",\"description\":\"Tunisie - News en Tunisie et \u00e0 l&#039;international sur Webdo.tn\",\"publisher\":{\"@id\":\"https:\\\/\\\/www.webdo.tn\\\/fr\\\/#organization\"},\"potentialAction\":[{\"@type\":\"SearchAction\",\"target\":{\"@type\":\"EntryPoint\",\"urlTemplate\":\"https:\\\/\\\/www.webdo.tn\\\/fr\\\/?s={search_term_string}\"},\"query-input\":{\"@type\":\"PropertyValueSpecification\",\"valueRequired\":true,\"valueName\":\"search_term_string\"}}],\"inLanguage\":\"fr-FR\"},{\"@type\":\"Organization\",\"@id\":\"https:\\\/\\\/www.webdo.tn\\\/fr\\\/#organization\",\"name\":\"Webdo\",\"alternateName\":\"Webdo.tn\",\"url\":\"https:\\\/\\\/www.webdo.tn\\\/fr\\\/\",\"logo\":{\"@type\":\"ImageObject\",\"inLanguage\":\"fr-FR\",\"@id\":\"https:\\\/\\\/www.webdo.tn\\\/fr\\\/#\\\/schema\\\/logo\\\/image\\\/\",\"url\":\"https:\\\/\\\/www.webdo.tn\\\/fr\\\/wp-content\\\/uploads\\\/2025\\\/06\\\/Webdo-Tunisie_168377.jpg\",\"contentUrl\":\"https:\\\/\\\/www.webdo.tn\\\/fr\\\/wp-content\\\/uploads\\\/2025\\\/06\\\/Webdo-Tunisie_168377.jpg\",\"width\":301,\"height\":301,\"caption\":\"Webdo\"},\"image\":{\"@id\":\"https:\\\/\\\/www.webdo.tn\\\/fr\\\/#\\\/schema\\\/logo\\\/image\\\/\"},\"sameAs\":[\"https:\\\/\\\/www.facebook.com\\\/webdotn\",\"https:\\\/\\\/x.com\\\/webdo_tn\"],\"description\":\"Webdo est un m\u00e9dia num\u00e9rique tunisien fond\u00e9 en 2010, sp\u00e9cialis\u00e9 dans l\u2019actualit\u00e9 nationale et internationale, l\u2019\u00e9conomie, la soci\u00e9t\u00e9 et les analyses politiques. Le site s\u2019adresse \u00e0 un large public francophone et couvre l\u2019information tunisienne en temps r\u00e9el.\",\"email\":\"redac@webdo.tn\",\"legalName\":\"YNJ SARL\",\"foundingDate\":\"2010-09-06\",\"numberOfEmployees\":{\"@type\":\"QuantitativeValue\",\"minValue\":\"11\",\"maxValue\":\"50\"}},{\"@type\":\"Person\",\"@id\":\"https:\\\/\\\/www.webdo.tn\\\/fr\\\/#\\\/schema\\\/person\\\/f35b42a42c5e2511bbd282959d6385cc\",\"name\":\"CL\",\"image\":{\"@type\":\"ImageObject\",\"inLanguage\":\"fr-FR\",\"@id\":\"https:\\\/\\\/secure.gravatar.com\\\/avatar\\\/1447a49909b67aa657c488aec6512e1dd6143a480c1ecfee9b5b5cd74eb3b59e?s=96&d=mm&r=g\",\"url\":\"https:\\\/\\\/secure.gravatar.com\\\/avatar\\\/1447a49909b67aa657c488aec6512e1dd6143a480c1ecfee9b5b5cd74eb3b59e?s=96&d=mm&r=g\",\"contentUrl\":\"https:\\\/\\\/secure.gravatar.com\\\/avatar\\\/1447a49909b67aa657c488aec6512e1dd6143a480c1ecfee9b5b5cd74eb3b59e?s=96&d=mm&r=g\",\"caption\":\"CL\"},\"url\":\"https:\\\/\\\/www.webdo.tn\\\/fr\\\/actualite\\\/author\\\/cl\\\/\"}]}<\/script>\n<!-- \/ Yoast SEO Premium plugin. -->","yoast_head_json":{"title":"Tunisie : 7100 personnes atteintes du sida","description":"Il a d\u00e9clar\u00e9 \u00e0 la TAP en marge d'une conf\u00e9rence nationale ayant pour th\u00e8me VIH- Sida et les droits des populations vuln\u00e9rables : vers une approche inclusive...","canonical":"https:\/\/www.webdo.tn\/fr\/actualite\/national\/tunisie-7100-personnes-atteintes-du-sida\/210824\/","og_locale":"fr_FR","og_type":"article","og_title":"Tunisie : 7100 personnes atteintes du sida","og_description":"Il a d\u00e9clar\u00e9 \u00e0 la TAP en marge d'une conf\u00e9rence nationale ayant pour th\u00e8me VIH- Sida et les droits des populations vuln\u00e9rables : vers une approche inclusive...","og_url":"https:\/\/www.webdo.tn\/fr\/actualite\/national\/tunisie-7100-personnes-atteintes-du-sida\/210824\/","og_site_name":"webdo","article_publisher":"https:\/\/www.facebook.com\/webdotn","article_published_time":"2023-12-14T18:50:00+00:00","article_modified_time":"2025-05-20T22:39:02+00:00","og_image":[{"width":750,"height":400,"url":"https:\/\/www.webdo.tn\/fr\/wp-content\/uploads\/2023\/12\/747692bf0829f5b9da15681ed308272f.jpg","type":"image\/jpeg"}],"author":"CL","twitter_card":"summary_large_image","twitter_creator":"@webdo_tn","twitter_site":"@webdo_tn","twitter_misc":{"\u00c9crit par":"CL","Dur\u00e9e de lecture estim\u00e9e":"1 minute"},"schema":{"@context":"https:\/\/schema.org","@graph":[{"@type":"NewsArticle","@id":"https:\/\/www.webdo.tn\/fr\/actualite\/national\/tunisie-7100-personnes-atteintes-du-sida\/210824\/#article","isPartOf":{"@id":"https:\/\/www.webdo.tn\/fr\/actualite\/national\/tunisie-7100-personnes-atteintes-du-sida\/210824\/"},"author":{"name":"CL","@id":"https:\/\/www.webdo.tn\/fr\/#\/schema\/person\/f35b42a42c5e2511bbd282959d6385cc"},"headline":"Tunisie : 7100 personnes atteintes du sida","datePublished":"2023-12-14T18:50:00+00:00","dateModified":"2025-05-20T22:39:02+00:00","mainEntityOfPage":{"@id":"https:\/\/www.webdo.tn\/fr\/actualite\/national\/tunisie-7100-personnes-atteintes-du-sida\/210824\/"},"wordCount":285,"commentCount":0,"publisher":{"@id":"https:\/\/www.webdo.tn\/fr\/#organization"},"image":{"@id":"https:\/\/www.webdo.tn\/fr\/actualite\/national\/tunisie-7100-personnes-atteintes-du-sida\/210824\/#primaryimage"},"thumbnailUrl":"https:\/\/www.webdo.tn\/fr\/wp-content\/uploads\/2023\/12\/747692bf0829f5b9da15681ed308272f.jpg","keywords":["Sant\u00e9","SIDA","Tunisie"],"articleSection":["National"],"inLanguage":"fr-FR"},{"@type":"WebPage","@id":"https:\/\/www.webdo.tn\/fr\/actualite\/national\/tunisie-7100-personnes-atteintes-du-sida\/210824\/","url":"https:\/\/www.webdo.tn\/fr\/actualite\/national\/tunisie-7100-personnes-atteintes-du-sida\/210824\/","name":"Tunisie : 7100 personnes atteintes du sida","isPartOf":{"@id":"https:\/\/www.webdo.tn\/fr\/#website"},"primaryImageOfPage":{"@id":"https:\/\/www.webdo.tn\/fr\/actualite\/national\/tunisie-7100-personnes-atteintes-du-sida\/210824\/#primaryimage"},"image":{"@id":"https:\/\/www.webdo.tn\/fr\/actualite\/national\/tunisie-7100-personnes-atteintes-du-sida\/210824\/#primaryimage"},"thumbnailUrl":"https:\/\/www.webdo.tn\/fr\/wp-content\/uploads\/2023\/12\/747692bf0829f5b9da15681ed308272f.jpg","datePublished":"2023-12-14T18:50:00+00:00","dateModified":"2025-05-20T22:39:02+00:00","description":"Il a d\u00e9clar\u00e9 \u00e0 la TAP en marge d'une conf\u00e9rence nationale ayant pour th\u00e8me VIH- Sida et les droits des populations vuln\u00e9rables : vers une approche inclusive...","breadcrumb":{"@id":"https:\/\/www.webdo.tn\/fr\/actualite\/national\/tunisie-7100-personnes-atteintes-du-sida\/210824\/#breadcrumb"},"inLanguage":"fr-FR","potentialAction":[{"@type":"ReadAction","target":["https:\/\/www.webdo.tn\/fr\/actualite\/national\/tunisie-7100-personnes-atteintes-du-sida\/210824\/"]}]},{"@type":"ImageObject","inLanguage":"fr-FR","@id":"https:\/\/www.webdo.tn\/fr\/actualite\/national\/tunisie-7100-personnes-atteintes-du-sida\/210824\/#primaryimage","url":"https:\/\/www.webdo.tn\/fr\/wp-content\/uploads\/2023\/12\/747692bf0829f5b9da15681ed308272f.jpg","contentUrl":"https:\/\/www.webdo.tn\/fr\/wp-content\/uploads\/2023\/12\/747692bf0829f5b9da15681ed308272f.jpg","width":750,"height":400,"caption":"Tunisie : 7100 personnes atteintes du sida"},{"@type":"BreadcrumbList","@id":"https:\/\/www.webdo.tn\/fr\/actualite\/national\/tunisie-7100-personnes-atteintes-du-sida\/210824\/#breadcrumb","itemListElement":[{"@type":"ListItem","position":1,"name":"Accueil","item":"https:\/\/www.webdo.tn\/fr\/"},{"@type":"ListItem","position":2,"name":"Tunisie : 7100 personnes atteintes du sida"}]},{"@type":"WebSite","@id":"https:\/\/www.webdo.tn\/fr\/#website","url":"https:\/\/www.webdo.tn\/fr\/","name":"webdo","description":"Tunisie - News en Tunisie et \u00e0 l&#039;international sur Webdo.tn","publisher":{"@id":"https:\/\/www.webdo.tn\/fr\/#organization"},"potentialAction":[{"@type":"SearchAction","target":{"@type":"EntryPoint","urlTemplate":"https:\/\/www.webdo.tn\/fr\/?s={search_term_string}"},"query-input":{"@type":"PropertyValueSpecification","valueRequired":true,"valueName":"search_term_string"}}],"inLanguage":"fr-FR"},{"@type":"Organization","@id":"https:\/\/www.webdo.tn\/fr\/#organization","name":"Webdo","alternateName":"Webdo.tn","url":"https:\/\/www.webdo.tn\/fr\/","logo":{"@type":"ImageObject","inLanguage":"fr-FR","@id":"https:\/\/www.webdo.tn\/fr\/#\/schema\/logo\/image\/","url":"https:\/\/www.webdo.tn\/fr\/wp-content\/uploads\/2025\/06\/Webdo-Tunisie_168377.jpg","contentUrl":"https:\/\/www.webdo.tn\/fr\/wp-content\/uploads\/2025\/06\/Webdo-Tunisie_168377.jpg","width":301,"height":301,"caption":"Webdo"},"image":{"@id":"https:\/\/www.webdo.tn\/fr\/#\/schema\/logo\/image\/"},"sameAs":["https:\/\/www.facebook.com\/webdotn","https:\/\/x.com\/webdo_tn"],"description":"Webdo est un m\u00e9dia num\u00e9rique tunisien fond\u00e9 en 2010, sp\u00e9cialis\u00e9 dans l\u2019actualit\u00e9 nationale et internationale, l\u2019\u00e9conomie, la soci\u00e9t\u00e9 et les analyses politiques. Le site s\u2019adresse \u00e0 un large public francophone et couvre l\u2019information tunisienne en temps r\u00e9el.","email":"redac@webdo.tn","legalName":"YNJ SARL","foundingDate":"2010-09-06","numberOfEmployees":{"@type":"QuantitativeValue","minValue":"11","maxValue":"50"}},{"@type":"Person","@id":"https:\/\/www.webdo.tn\/fr\/#\/schema\/person\/f35b42a42c5e2511bbd282959d6385cc","name":"CL","image":{"@type":"ImageObject","inLanguage":"fr-FR","@id":"https:\/\/secure.gravatar.com\/avatar\/1447a49909b67aa657c488aec6512e1dd6143a480c1ecfee9b5b5cd74eb3b59e?s=96&d=mm&r=g","url":"https:\/\/secure.gravatar.com\/avatar\/1447a49909b67aa657c488aec6512e1dd6143a480c1ecfee9b5b5cd74eb3b59e?s=96&d=mm&r=g","contentUrl":"https:\/\/secure.gravatar.com\/avatar\/1447a49909b67aa657c488aec6512e1dd6143a480c1ecfee9b5b5cd74eb3b59e?s=96&d=mm&r=g","caption":"CL"},"url":"https:\/\/www.webdo.tn\/fr\/actualite\/author\/cl\/"}]}},"_links":{"self":[{"href":"https:\/\/www.webdo.tn\/fr\/wp-json\/wp\/v2\/posts\/210824","targetHints":{"allow":["GET"]}}],"collection":[{"href":"https:\/\/www.webdo.tn\/fr\/wp-json\/wp\/v2\/posts"}],"about":[{"href":"https:\/\/www.webdo.tn\/fr\/wp-json\/wp\/v2\/types\/post"}],"author":[{"embeddable":true,"href":"https:\/\/www.webdo.tn\/fr\/wp-json\/wp\/v2\/users\/3175"}],"replies":[{"embeddable":true,"href":"https:\/\/www.webdo.tn\/fr\/wp-json\/wp\/v2\/comments?post=210824"}],"version-history":[{"count":0,"href":"https:\/\/www.webdo.tn\/fr\/wp-json\/wp\/v2\/posts\/210824\/revisions"}],"wp:featuredmedia":[{"embeddable":true,"href":"https:\/\/www.webdo.tn\/fr\/wp-json\/wp\/v2\/media\/248513"}],"wp:attachment":[{"href":"https:\/\/www.webdo.tn\/fr\/wp-json\/wp\/v2\/media?parent=210824"}],"wp:term":[{"taxonomy":"category","embeddable":true,"href":"https:\/\/www.webdo.tn\/fr\/wp-json\/wp\/v2\/categories?post=210824"},{"taxonomy":"post_tag","embeddable":true,"href":"https:\/\/www.webdo.tn\/fr\/wp-json\/wp\/v2\/tags?post=210824"}],"curies":[{"name":"wp","href":"https:\/\/api.w.org\/{rel}","templated":true}]}}