{"id":210822,"date":"2023-12-14T18:15:00","date_gmt":"2023-12-14T18:15:00","guid":{"rendered":"https:\/\/www.webdo.tn\/fr\/blog\/transport-un-programme-exceptionnel-a-l-occasion-des-vacances-d-hiver\/210822\/"},"modified":"2025-05-20T22:39:02","modified_gmt":"2025-05-20T22:39:02","slug":"transport-un-programme-exceptionnel-a-l-occasion-des-vacances-d-hiver","status":"publish","type":"post","link":"https:\/\/www.webdo.tn\/fr\/actualite\/national\/transport-un-programme-exceptionnel-a-l-occasion-des-vacances-d-hiver\/210822\/","title":{"rendered":"Transport: Un programme exceptionnel \u00e0 l\u2019occasion des vacances d&rsquo;hiver"},"content":{"rendered":"<p>Un programme exceptionnel visant \u00e0 am\u00e9liorer l\u2019offre du transport terrestre \u00e0 l\u2019occasion des vacances d\u2019hiver qui co\u00efncident avec la c\u00e9l\u00e9bration du jour de l\u2019an et de la r\u00e9volution, et ce, les 15, 16, 17 et 31 d\u00e9cembre courant, a \u00e9t\u00e9 annonc\u00e9, jeudi 14 d\u00e9cembre 2023, par le minist\u00e8re du Transport. Ainsi, les soci\u00e9t\u00e9s publiques de transport terrestre seront autoris\u00e9es \u00e0 effectuer des dessertes additionnelles sur toutes leurs lignes et d\u2019autres lignes selon la demande.<\/p>\n<p>Dans ce contexte, la Soci\u00e9t\u00e9 Nationale de Transport interurbain (SNTRI) assurera 44122 voyages r\u00e9guliers et 796 voyages suppl\u00e9mentaires sur toutes leurs lignes, soit une hausse de 19 % par rapport \u00e0 l\u2019offre globale habituelle.\u00a0<\/p>\n<p>Pour sa part, la Soci\u00e9t\u00e9 nationale de chemins de fer tunisiens (SNCFT) assurera 84 voyages r\u00e9guliers et renforcera les trains afin de fournir 21 mille si\u00e8ges. Selon la m\u00eame source, les louages seront autoris\u00e9s \u00e0 effectuer des dessertes sur l\u2019ensemble du territoire de la r\u00e9publique, sans se limiter \u00e0 la zone de circulation mentionn\u00e9e sur la carte d\u2019exploitation.<\/p>\n<p>S\u2019agissant du contr\u00f4le, le minist\u00e8re a charg\u00e9 des \u00e9quipes de contr\u00f4leurs pour assurer le suivi de ce programme au niveau des stations des chemins de fer et des stations de louages sur tout le territoire.<\/p>\n","protected":false},"excerpt":{"rendered":"<p>Renforcement des lignes de bus Transport en Tunisie<\/p>\n","protected":false},"author":3175,"featured_media":248512,"comment_status":"open","ping_status":"closed","sticky":false,"template":"","format":"standard","meta":{"footnotes":""},"categories":[44],"tags":[3403,2818,2608,5860],"class_list":["post-210822","post","type-post","status-publish","format-standard","has-post-thumbnail","hentry","category-national","tag-bus","tag-transport","tag-tunisie","tag-vacances"],"yoast_head":"<!-- This site is optimized with the Yoast SEO Premium plugin v27.4 (Yoast SEO v27.4) - https:\/\/yoast.com\/product\/yoast-seo-premium-wordpress\/ -->\n<title>Transport: Un programme exceptionnel \u00e0 l\u2019occasion des vacances d&#039;hiver<\/title>\n<meta name=\"description\" content=\"Renforcement des lignes de bus Transport en Tunisie\" \/>\n<link rel=\"canonical\" href=\"https:\/\/www.webdo.tn\/fr\/actualite\/national\/transport-un-programme-exceptionnel-a-l-occasion-des-vacances-d-hiver\/210822\/\" \/>\n<meta property=\"og:locale\" content=\"fr_FR\" \/>\n<meta property=\"og:type\" content=\"article\" \/>\n<meta property=\"og:title\" content=\"Transport: Un programme exceptionnel \u00e0 l\u2019occasion des vacances d&#039;hiver\" \/>\n<meta property=\"og:description\" content=\"Renforcement des lignes de bus Transport en Tunisie\" \/>\n<meta property=\"og:url\" content=\"https:\/\/www.webdo.tn\/fr\/actualite\/national\/transport-un-programme-exceptionnel-a-l-occasion-des-vacances-d-hiver\/210822\/\" \/>\n<meta property=\"og:site_name\" content=\"webdo\" \/>\n<meta property=\"article:publisher\" content=\"https:\/\/www.facebook.com\/webdotn\" \/>\n<meta property=\"article:published_time\" content=\"2023-12-14T18:15:00+00:00\" \/>\n<meta property=\"article:modified_time\" content=\"2025-05-20T22:39:02+00:00\" \/>\n<meta property=\"og:image\" content=\"https:\/\/www.webdo.tn\/fr\/wp-content\/uploads\/2023\/12\/7e9f83cd2bd48fd4cfb89267888ac1ef.jpg\" \/>\n\t<meta property=\"og:image:width\" content=\"750\" \/>\n\t<meta property=\"og:image:height\" content=\"400\" \/>\n\t<meta property=\"og:image:type\" content=\"image\/jpeg\" \/>\n<meta name=\"author\" content=\"CL\" \/>\n<meta name=\"twitter:card\" content=\"summary_large_image\" \/>\n<meta name=\"twitter:creator\" content=\"@webdo_tn\" \/>\n<meta name=\"twitter:site\" content=\"@webdo_tn\" \/>\n<meta name=\"twitter:label1\" content=\"\u00c9crit par\" \/>\n\t<meta name=\"twitter:data1\" content=\"CL\" \/>\n\t<meta name=\"twitter:label2\" content=\"Dur\u00e9e de lecture estim\u00e9e\" \/>\n\t<meta name=\"twitter:data2\" content=\"1 minute\" \/>\n<script type=\"application\/ld+json\" class=\"yoast-schema-graph\">{\"@context\":\"https:\\\/\\\/schema.org\",\"@graph\":[{\"@type\":\"NewsArticle\",\"@id\":\"https:\\\/\\\/www.webdo.tn\\\/fr\\\/actualite\\\/national\\\/transport-un-programme-exceptionnel-a-l-occasion-des-vacances-d-hiver\\\/210822\\\/#article\",\"isPartOf\":{\"@id\":\"https:\\\/\\\/www.webdo.tn\\\/fr\\\/actualite\\\/national\\\/transport-un-programme-exceptionnel-a-l-occasion-des-vacances-d-hiver\\\/210822\\\/\"},\"author\":{\"name\":\"CL\",\"@id\":\"https:\\\/\\\/www.webdo.tn\\\/fr\\\/#\\\/schema\\\/person\\\/f35b42a42c5e2511bbd282959d6385cc\"},\"headline\":\"Transport: Un programme exceptionnel \u00e0 l\u2019occasion des vacances d&rsquo;hiver\",\"datePublished\":\"2023-12-14T18:15:00+00:00\",\"dateModified\":\"2025-05-20T22:39:02+00:00\",\"mainEntityOfPage\":{\"@id\":\"https:\\\/\\\/www.webdo.tn\\\/fr\\\/actualite\\\/national\\\/transport-un-programme-exceptionnel-a-l-occasion-des-vacances-d-hiver\\\/210822\\\/\"},\"wordCount\":226,\"commentCount\":0,\"publisher\":{\"@id\":\"https:\\\/\\\/www.webdo.tn\\\/fr\\\/#organization\"},\"image\":{\"@id\":\"https:\\\/\\\/www.webdo.tn\\\/fr\\\/actualite\\\/national\\\/transport-un-programme-exceptionnel-a-l-occasion-des-vacances-d-hiver\\\/210822\\\/#primaryimage\"},\"thumbnailUrl\":\"https:\\\/\\\/www.webdo.tn\\\/fr\\\/wp-content\\\/uploads\\\/2023\\\/12\\\/7e9f83cd2bd48fd4cfb89267888ac1ef.jpg\",\"keywords\":[\"Bus\",\"Transport\",\"Tunisie\",\"vacances\"],\"articleSection\":[\"National\"],\"inLanguage\":\"fr-FR\"},{\"@type\":\"WebPage\",\"@id\":\"https:\\\/\\\/www.webdo.tn\\\/fr\\\/actualite\\\/national\\\/transport-un-programme-exceptionnel-a-l-occasion-des-vacances-d-hiver\\\/210822\\\/\",\"url\":\"https:\\\/\\\/www.webdo.tn\\\/fr\\\/actualite\\\/national\\\/transport-un-programme-exceptionnel-a-l-occasion-des-vacances-d-hiver\\\/210822\\\/\",\"name\":\"Transport: Un programme exceptionnel \u00e0 l\u2019occasion des vacances d'hiver\",\"isPartOf\":{\"@id\":\"https:\\\/\\\/www.webdo.tn\\\/fr\\\/#website\"},\"primaryImageOfPage\":{\"@id\":\"https:\\\/\\\/www.webdo.tn\\\/fr\\\/actualite\\\/national\\\/transport-un-programme-exceptionnel-a-l-occasion-des-vacances-d-hiver\\\/210822\\\/#primaryimage\"},\"image\":{\"@id\":\"https:\\\/\\\/www.webdo.tn\\\/fr\\\/actualite\\\/national\\\/transport-un-programme-exceptionnel-a-l-occasion-des-vacances-d-hiver\\\/210822\\\/#primaryimage\"},\"thumbnailUrl\":\"https:\\\/\\\/www.webdo.tn\\\/fr\\\/wp-content\\\/uploads\\\/2023\\\/12\\\/7e9f83cd2bd48fd4cfb89267888ac1ef.jpg\",\"datePublished\":\"2023-12-14T18:15:00+00:00\",\"dateModified\":\"2025-05-20T22:39:02+00:00\",\"description\":\"Renforcement des lignes de bus Transport en Tunisie\",\"breadcrumb\":{\"@id\":\"https:\\\/\\\/www.webdo.tn\\\/fr\\\/actualite\\\/national\\\/transport-un-programme-exceptionnel-a-l-occasion-des-vacances-d-hiver\\\/210822\\\/#breadcrumb\"},\"inLanguage\":\"fr-FR\",\"potentialAction\":[{\"@type\":\"ReadAction\",\"target\":[\"https:\\\/\\\/www.webdo.tn\\\/fr\\\/actualite\\\/national\\\/transport-un-programme-exceptionnel-a-l-occasion-des-vacances-d-hiver\\\/210822\\\/\"]}]},{\"@type\":\"ImageObject\",\"inLanguage\":\"fr-FR\",\"@id\":\"https:\\\/\\\/www.webdo.tn\\\/fr\\\/actualite\\\/national\\\/transport-un-programme-exceptionnel-a-l-occasion-des-vacances-d-hiver\\\/210822\\\/#primaryimage\",\"url\":\"https:\\\/\\\/www.webdo.tn\\\/fr\\\/wp-content\\\/uploads\\\/2023\\\/12\\\/7e9f83cd2bd48fd4cfb89267888ac1ef.jpg\",\"contentUrl\":\"https:\\\/\\\/www.webdo.tn\\\/fr\\\/wp-content\\\/uploads\\\/2023\\\/12\\\/7e9f83cd2bd48fd4cfb89267888ac1ef.jpg\",\"width\":750,\"height\":400,\"caption\":\"Transport: Un programme exceptionnel \u00e0 l\u2019occasion des vacances d'hiver\"},{\"@type\":\"BreadcrumbList\",\"@id\":\"https:\\\/\\\/www.webdo.tn\\\/fr\\\/actualite\\\/national\\\/transport-un-programme-exceptionnel-a-l-occasion-des-vacances-d-hiver\\\/210822\\\/#breadcrumb\",\"itemListElement\":[{\"@type\":\"ListItem\",\"position\":1,\"name\":\"Accueil\",\"item\":\"https:\\\/\\\/www.webdo.tn\\\/fr\\\/\"},{\"@type\":\"ListItem\",\"position\":2,\"name\":\"Transport: Un programme exceptionnel \u00e0 l\u2019occasion des vacances d&#8217;hiver\"}]},{\"@type\":\"WebSite\",\"@id\":\"https:\\\/\\\/www.webdo.tn\\\/fr\\\/#website\",\"url\":\"https:\\\/\\\/www.webdo.tn\\\/fr\\\/\",\"name\":\"webdo\",\"description\":\"Tunisie - News en Tunisie et \u00e0 l&#039;international sur Webdo.tn\",\"publisher\":{\"@id\":\"https:\\\/\\\/www.webdo.tn\\\/fr\\\/#organization\"},\"potentialAction\":[{\"@type\":\"SearchAction\",\"target\":{\"@type\":\"EntryPoint\",\"urlTemplate\":\"https:\\\/\\\/www.webdo.tn\\\/fr\\\/?s={search_term_string}\"},\"query-input\":{\"@type\":\"PropertyValueSpecification\",\"valueRequired\":true,\"valueName\":\"search_term_string\"}}],\"inLanguage\":\"fr-FR\"},{\"@type\":\"Organization\",\"@id\":\"https:\\\/\\\/www.webdo.tn\\\/fr\\\/#organization\",\"name\":\"Webdo\",\"alternateName\":\"Webdo.tn\",\"url\":\"https:\\\/\\\/www.webdo.tn\\\/fr\\\/\",\"logo\":{\"@type\":\"ImageObject\",\"inLanguage\":\"fr-FR\",\"@id\":\"https:\\\/\\\/www.webdo.tn\\\/fr\\\/#\\\/schema\\\/logo\\\/image\\\/\",\"url\":\"https:\\\/\\\/www.webdo.tn\\\/fr\\\/wp-content\\\/uploads\\\/2025\\\/06\\\/Webdo-Tunisie_168377.jpg\",\"contentUrl\":\"https:\\\/\\\/www.webdo.tn\\\/fr\\\/wp-content\\\/uploads\\\/2025\\\/06\\\/Webdo-Tunisie_168377.jpg\",\"width\":301,\"height\":301,\"caption\":\"Webdo\"},\"image\":{\"@id\":\"https:\\\/\\\/www.webdo.tn\\\/fr\\\/#\\\/schema\\\/logo\\\/image\\\/\"},\"sameAs\":[\"https:\\\/\\\/www.facebook.com\\\/webdotn\",\"https:\\\/\\\/x.com\\\/webdo_tn\"],\"description\":\"Webdo est un m\u00e9dia num\u00e9rique tunisien fond\u00e9 en 2010, sp\u00e9cialis\u00e9 dans l\u2019actualit\u00e9 nationale et internationale, l\u2019\u00e9conomie, la soci\u00e9t\u00e9 et les analyses politiques. Le site s\u2019adresse \u00e0 un large public francophone et couvre l\u2019information tunisienne en temps r\u00e9el.\",\"email\":\"redac@webdo.tn\",\"legalName\":\"YNJ SARL\",\"foundingDate\":\"2010-09-06\",\"numberOfEmployees\":{\"@type\":\"QuantitativeValue\",\"minValue\":\"11\",\"maxValue\":\"50\"}},{\"@type\":\"Person\",\"@id\":\"https:\\\/\\\/www.webdo.tn\\\/fr\\\/#\\\/schema\\\/person\\\/f35b42a42c5e2511bbd282959d6385cc\",\"name\":\"CL\",\"image\":{\"@type\":\"ImageObject\",\"inLanguage\":\"fr-FR\",\"@id\":\"https:\\\/\\\/secure.gravatar.com\\\/avatar\\\/1447a49909b67aa657c488aec6512e1dd6143a480c1ecfee9b5b5cd74eb3b59e?s=96&d=mm&r=g\",\"url\":\"https:\\\/\\\/secure.gravatar.com\\\/avatar\\\/1447a49909b67aa657c488aec6512e1dd6143a480c1ecfee9b5b5cd74eb3b59e?s=96&d=mm&r=g\",\"contentUrl\":\"https:\\\/\\\/secure.gravatar.com\\\/avatar\\\/1447a49909b67aa657c488aec6512e1dd6143a480c1ecfee9b5b5cd74eb3b59e?s=96&d=mm&r=g\",\"caption\":\"CL\"},\"url\":\"https:\\\/\\\/www.webdo.tn\\\/fr\\\/actualite\\\/author\\\/cl\\\/\"}]}<\/script>\n<!-- \/ Yoast SEO Premium plugin. -->","yoast_head_json":{"title":"Transport: Un programme exceptionnel \u00e0 l\u2019occasion des vacances d'hiver","description":"Renforcement des lignes de bus Transport en Tunisie","canonical":"https:\/\/www.webdo.tn\/fr\/actualite\/national\/transport-un-programme-exceptionnel-a-l-occasion-des-vacances-d-hiver\/210822\/","og_locale":"fr_FR","og_type":"article","og_title":"Transport: Un programme exceptionnel \u00e0 l\u2019occasion des vacances d'hiver","og_description":"Renforcement des lignes de bus Transport en Tunisie","og_url":"https:\/\/www.webdo.tn\/fr\/actualite\/national\/transport-un-programme-exceptionnel-a-l-occasion-des-vacances-d-hiver\/210822\/","og_site_name":"webdo","article_publisher":"https:\/\/www.facebook.com\/webdotn","article_published_time":"2023-12-14T18:15:00+00:00","article_modified_time":"2025-05-20T22:39:02+00:00","og_image":[{"width":750,"height":400,"url":"https:\/\/www.webdo.tn\/fr\/wp-content\/uploads\/2023\/12\/7e9f83cd2bd48fd4cfb89267888ac1ef.jpg","type":"image\/jpeg"}],"author":"CL","twitter_card":"summary_large_image","twitter_creator":"@webdo_tn","twitter_site":"@webdo_tn","twitter_misc":{"\u00c9crit par":"CL","Dur\u00e9e de lecture estim\u00e9e":"1 minute"},"schema":{"@context":"https:\/\/schema.org","@graph":[{"@type":"NewsArticle","@id":"https:\/\/www.webdo.tn\/fr\/actualite\/national\/transport-un-programme-exceptionnel-a-l-occasion-des-vacances-d-hiver\/210822\/#article","isPartOf":{"@id":"https:\/\/www.webdo.tn\/fr\/actualite\/national\/transport-un-programme-exceptionnel-a-l-occasion-des-vacances-d-hiver\/210822\/"},"author":{"name":"CL","@id":"https:\/\/www.webdo.tn\/fr\/#\/schema\/person\/f35b42a42c5e2511bbd282959d6385cc"},"headline":"Transport: Un programme exceptionnel \u00e0 l\u2019occasion des vacances d&rsquo;hiver","datePublished":"2023-12-14T18:15:00+00:00","dateModified":"2025-05-20T22:39:02+00:00","mainEntityOfPage":{"@id":"https:\/\/www.webdo.tn\/fr\/actualite\/national\/transport-un-programme-exceptionnel-a-l-occasion-des-vacances-d-hiver\/210822\/"},"wordCount":226,"commentCount":0,"publisher":{"@id":"https:\/\/www.webdo.tn\/fr\/#organization"},"image":{"@id":"https:\/\/www.webdo.tn\/fr\/actualite\/national\/transport-un-programme-exceptionnel-a-l-occasion-des-vacances-d-hiver\/210822\/#primaryimage"},"thumbnailUrl":"https:\/\/www.webdo.tn\/fr\/wp-content\/uploads\/2023\/12\/7e9f83cd2bd48fd4cfb89267888ac1ef.jpg","keywords":["Bus","Transport","Tunisie","vacances"],"articleSection":["National"],"inLanguage":"fr-FR"},{"@type":"WebPage","@id":"https:\/\/www.webdo.tn\/fr\/actualite\/national\/transport-un-programme-exceptionnel-a-l-occasion-des-vacances-d-hiver\/210822\/","url":"https:\/\/www.webdo.tn\/fr\/actualite\/national\/transport-un-programme-exceptionnel-a-l-occasion-des-vacances-d-hiver\/210822\/","name":"Transport: Un programme exceptionnel \u00e0 l\u2019occasion des vacances d'hiver","isPartOf":{"@id":"https:\/\/www.webdo.tn\/fr\/#website"},"primaryImageOfPage":{"@id":"https:\/\/www.webdo.tn\/fr\/actualite\/national\/transport-un-programme-exceptionnel-a-l-occasion-des-vacances-d-hiver\/210822\/#primaryimage"},"image":{"@id":"https:\/\/www.webdo.tn\/fr\/actualite\/national\/transport-un-programme-exceptionnel-a-l-occasion-des-vacances-d-hiver\/210822\/#primaryimage"},"thumbnailUrl":"https:\/\/www.webdo.tn\/fr\/wp-content\/uploads\/2023\/12\/7e9f83cd2bd48fd4cfb89267888ac1ef.jpg","datePublished":"2023-12-14T18:15:00+00:00","dateModified":"2025-05-20T22:39:02+00:00","description":"Renforcement des lignes de bus Transport en Tunisie","breadcrumb":{"@id":"https:\/\/www.webdo.tn\/fr\/actualite\/national\/transport-un-programme-exceptionnel-a-l-occasion-des-vacances-d-hiver\/210822\/#breadcrumb"},"inLanguage":"fr-FR","potentialAction":[{"@type":"ReadAction","target":["https:\/\/www.webdo.tn\/fr\/actualite\/national\/transport-un-programme-exceptionnel-a-l-occasion-des-vacances-d-hiver\/210822\/"]}]},{"@type":"ImageObject","inLanguage":"fr-FR","@id":"https:\/\/www.webdo.tn\/fr\/actualite\/national\/transport-un-programme-exceptionnel-a-l-occasion-des-vacances-d-hiver\/210822\/#primaryimage","url":"https:\/\/www.webdo.tn\/fr\/wp-content\/uploads\/2023\/12\/7e9f83cd2bd48fd4cfb89267888ac1ef.jpg","contentUrl":"https:\/\/www.webdo.tn\/fr\/wp-content\/uploads\/2023\/12\/7e9f83cd2bd48fd4cfb89267888ac1ef.jpg","width":750,"height":400,"caption":"Transport: Un programme exceptionnel \u00e0 l\u2019occasion des vacances d'hiver"},{"@type":"BreadcrumbList","@id":"https:\/\/www.webdo.tn\/fr\/actualite\/national\/transport-un-programme-exceptionnel-a-l-occasion-des-vacances-d-hiver\/210822\/#breadcrumb","itemListElement":[{"@type":"ListItem","position":1,"name":"Accueil","item":"https:\/\/www.webdo.tn\/fr\/"},{"@type":"ListItem","position":2,"name":"Transport: Un programme exceptionnel \u00e0 l\u2019occasion des vacances d&#8217;hiver"}]},{"@type":"WebSite","@id":"https:\/\/www.webdo.tn\/fr\/#website","url":"https:\/\/www.webdo.tn\/fr\/","name":"webdo","description":"Tunisie - News en Tunisie et \u00e0 l&#039;international sur Webdo.tn","publisher":{"@id":"https:\/\/www.webdo.tn\/fr\/#organization"},"potentialAction":[{"@type":"SearchAction","target":{"@type":"EntryPoint","urlTemplate":"https:\/\/www.webdo.tn\/fr\/?s={search_term_string}"},"query-input":{"@type":"PropertyValueSpecification","valueRequired":true,"valueName":"search_term_string"}}],"inLanguage":"fr-FR"},{"@type":"Organization","@id":"https:\/\/www.webdo.tn\/fr\/#organization","name":"Webdo","alternateName":"Webdo.tn","url":"https:\/\/www.webdo.tn\/fr\/","logo":{"@type":"ImageObject","inLanguage":"fr-FR","@id":"https:\/\/www.webdo.tn\/fr\/#\/schema\/logo\/image\/","url":"https:\/\/www.webdo.tn\/fr\/wp-content\/uploads\/2025\/06\/Webdo-Tunisie_168377.jpg","contentUrl":"https:\/\/www.webdo.tn\/fr\/wp-content\/uploads\/2025\/06\/Webdo-Tunisie_168377.jpg","width":301,"height":301,"caption":"Webdo"},"image":{"@id":"https:\/\/www.webdo.tn\/fr\/#\/schema\/logo\/image\/"},"sameAs":["https:\/\/www.facebook.com\/webdotn","https:\/\/x.com\/webdo_tn"],"description":"Webdo est un m\u00e9dia num\u00e9rique tunisien fond\u00e9 en 2010, sp\u00e9cialis\u00e9 dans l\u2019actualit\u00e9 nationale et internationale, l\u2019\u00e9conomie, la soci\u00e9t\u00e9 et les analyses politiques. Le site s\u2019adresse \u00e0 un large public francophone et couvre l\u2019information tunisienne en temps r\u00e9el.","email":"redac@webdo.tn","legalName":"YNJ SARL","foundingDate":"2010-09-06","numberOfEmployees":{"@type":"QuantitativeValue","minValue":"11","maxValue":"50"}},{"@type":"Person","@id":"https:\/\/www.webdo.tn\/fr\/#\/schema\/person\/f35b42a42c5e2511bbd282959d6385cc","name":"CL","image":{"@type":"ImageObject","inLanguage":"fr-FR","@id":"https:\/\/secure.gravatar.com\/avatar\/1447a49909b67aa657c488aec6512e1dd6143a480c1ecfee9b5b5cd74eb3b59e?s=96&d=mm&r=g","url":"https:\/\/secure.gravatar.com\/avatar\/1447a49909b67aa657c488aec6512e1dd6143a480c1ecfee9b5b5cd74eb3b59e?s=96&d=mm&r=g","contentUrl":"https:\/\/secure.gravatar.com\/avatar\/1447a49909b67aa657c488aec6512e1dd6143a480c1ecfee9b5b5cd74eb3b59e?s=96&d=mm&r=g","caption":"CL"},"url":"https:\/\/www.webdo.tn\/fr\/actualite\/author\/cl\/"}]}},"_links":{"self":[{"href":"https:\/\/www.webdo.tn\/fr\/wp-json\/wp\/v2\/posts\/210822","targetHints":{"allow":["GET"]}}],"collection":[{"href":"https:\/\/www.webdo.tn\/fr\/wp-json\/wp\/v2\/posts"}],"about":[{"href":"https:\/\/www.webdo.tn\/fr\/wp-json\/wp\/v2\/types\/post"}],"author":[{"embeddable":true,"href":"https:\/\/www.webdo.tn\/fr\/wp-json\/wp\/v2\/users\/3175"}],"replies":[{"embeddable":true,"href":"https:\/\/www.webdo.tn\/fr\/wp-json\/wp\/v2\/comments?post=210822"}],"version-history":[{"count":0,"href":"https:\/\/www.webdo.tn\/fr\/wp-json\/wp\/v2\/posts\/210822\/revisions"}],"wp:featuredmedia":[{"embeddable":true,"href":"https:\/\/www.webdo.tn\/fr\/wp-json\/wp\/v2\/media\/248512"}],"wp:attachment":[{"href":"https:\/\/www.webdo.tn\/fr\/wp-json\/wp\/v2\/media?parent=210822"}],"wp:term":[{"taxonomy":"category","embeddable":true,"href":"https:\/\/www.webdo.tn\/fr\/wp-json\/wp\/v2\/categories?post=210822"},{"taxonomy":"post_tag","embeddable":true,"href":"https:\/\/www.webdo.tn\/fr\/wp-json\/wp\/v2\/tags?post=210822"}],"curies":[{"name":"wp","href":"https:\/\/api.w.org\/{rel}","templated":true}]}}