{"id":210804,"date":"2023-12-14T09:24:00","date_gmt":"2023-12-14T09:24:00","guid":{"rendered":"https:\/\/www.webdo.tn\/fr\/blog\/abrogation-de-l-arrete-portant-sur-les-autorisations-accordees-aux-concessionnaires-automobiles\/210804\/"},"modified":"2025-05-20T22:11:03","modified_gmt":"2025-05-20T22:11:03","slug":"abrogation-de-l-arrete-portant-sur-les-autorisations-accordees-aux-concessionnaires-automobiles","status":"publish","type":"post","link":"https:\/\/www.webdo.tn\/fr\/actualite\/national\/abrogation-de-l-arrete-portant-sur-les-autorisations-accordees-aux-concessionnaires-automobiles\/210804\/","title":{"rendered":"Abrogation de l\u2019arr\u00eat\u00e9 portant sur les autorisations accord\u00e9es aux concessionnaires automobiles"},"content":{"rendered":"<p>L&rsquo;abrogation de l&rsquo;arr\u00eat\u00e9 minist\u00e9riel en date du 22 juin 2016 portant sur les autorisations accord\u00e9es aux concessionnaires automobiles a \u00e9t\u00e9 d\u00e9cid\u00e9e lors d&rsquo;un conseil minist\u00e9riel pr\u00e9sid\u00e9, ce mercredi 13 d\u00e9cembre 2023, par le chef du gouvernement, Ahmed Hachani.<\/p>\n<p>\t\t\t\t\t\t\t\t\tCe conseil minist\u00e9riel a \u00e9t\u00e9 consacr\u00e9 aux probl\u00e9matiques d\u00e9coulant de l&rsquo;arr\u00eat de l&rsquo;octroi des autorisations aux concessionnaires automobiles.<\/p>\n<p>La pr\u00e9sidence du gouvernement a ainsi d\u00e9cid\u00e9 d&rsquo;annuler la d\u00e9cision minist\u00e9rielle du 22 juin 2016 concernant les licences des concessionnaires automobiles.<\/p>\n<p>Il a \u00e9t\u00e9 \u00e9galement d\u00e9cid\u00e9 de charger le minist\u00e8re du Commerce et du D\u00e9veloppement des Exportations de la r\u00e9vision du cahier des charges relatif \u00e0 la commercialisation de mat\u00e9riels de transport routier fabriqu\u00e9s localement ou import\u00e9s.<\/p>\n","protected":false},"excerpt":{"rendered":"<p>Un conseil minist\u00e9riel a \u00e9t\u00e9 consacr\u00e9 \u00e0 l&rsquo;examen des probl\u00e9matiques d\u00e9coulant de l&rsquo;arr\u00eat de l&rsquo;octroi des autorisations aux concessionnaires automobiles.<\/p>\n","protected":false},"author":3162,"featured_media":289963,"comment_status":"open","ping_status":"closed","sticky":false,"template":"","format":"standard","meta":{"footnotes":""},"categories":[44],"tags":[9892,4211,4824,3386],"class_list":["post-210804","post","type-post","status-publish","format-standard","has-post-thumbnail","hentry","category-national","tag-concessionnaire","tag-automobiles","tag-vente","tag-voitures"],"yoast_head":"<!-- This site is optimized with the Yoast SEO Premium plugin v27.5 (Yoast SEO v27.5) - https:\/\/yoast.com\/product\/yoast-seo-premium-wordpress\/ -->\n<title>Abrogation de l\u2019arr\u00eat\u00e9 portant sur les autorisations accord\u00e9es aux concessionnaires automobiles<\/title>\n<meta name=\"description\" content=\"Un conseil minist\u00e9riel a \u00e9t\u00e9 consacr\u00e9 \u00e0 l&#039;examen des probl\u00e9matiques d\u00e9coulant de l&#039;arr\u00eat de l&#039;octroi des autorisations aux concessionnaires automobiles.\" \/>\n<link rel=\"canonical\" href=\"https:\/\/www.webdo.tn\/fr\/actualite\/national\/abrogation-de-l-arrete-portant-sur-les-autorisations-accordees-aux-concessionnaires-automobiles\/210804\/\" \/>\n<meta property=\"og:locale\" content=\"fr_FR\" \/>\n<meta property=\"og:type\" content=\"article\" \/>\n<meta property=\"og:title\" content=\"Abrogation de l\u2019arr\u00eat\u00e9 portant sur les autorisations accord\u00e9es aux concessionnaires automobiles\" \/>\n<meta property=\"og:description\" content=\"Un conseil minist\u00e9riel a \u00e9t\u00e9 consacr\u00e9 \u00e0 l&#039;examen des probl\u00e9matiques d\u00e9coulant de l&#039;arr\u00eat de l&#039;octroi des autorisations aux concessionnaires automobiles.\" \/>\n<meta property=\"og:url\" content=\"https:\/\/www.webdo.tn\/fr\/actualite\/national\/abrogation-de-l-arrete-portant-sur-les-autorisations-accordees-aux-concessionnaires-automobiles\/210804\/\" \/>\n<meta property=\"og:site_name\" content=\"webdo\" \/>\n<meta property=\"article:publisher\" content=\"https:\/\/www.facebook.com\/webdotn\" \/>\n<meta property=\"article:published_time\" content=\"2023-12-14T09:24:00+00:00\" \/>\n<meta property=\"article:modified_time\" content=\"2025-05-20T22:11:03+00:00\" \/>\n<meta property=\"og:image\" content=\"https:\/\/www.webdo.tn\/fr\/wp-content\/uploads\/2023\/12\/c89465ff6254a4a380f6f75c232e0ba7.jpg\" \/>\n\t<meta property=\"og:image:width\" content=\"750\" \/>\n\t<meta property=\"og:image:height\" content=\"400\" \/>\n\t<meta property=\"og:image:type\" content=\"image\/jpeg\" \/>\n<meta name=\"author\" content=\"MC\" \/>\n<meta name=\"twitter:card\" content=\"summary_large_image\" \/>\n<meta name=\"twitter:creator\" content=\"@webdo_tn\" \/>\n<meta name=\"twitter:site\" content=\"@webdo_tn\" \/>\n<meta name=\"twitter:label1\" content=\"\u00c9crit par\" \/>\n\t<meta name=\"twitter:data1\" content=\"MC\" \/>\n\t<meta name=\"twitter:label2\" content=\"Dur\u00e9e de lecture estim\u00e9e\" \/>\n\t<meta name=\"twitter:data2\" content=\"1 minute\" \/>\n<script type=\"application\/ld+json\" class=\"yoast-schema-graph\">{\"@context\":\"https:\\\/\\\/schema.org\",\"@graph\":[{\"@type\":\"NewsArticle\",\"@id\":\"https:\\\/\\\/www.webdo.tn\\\/fr\\\/actualite\\\/national\\\/abrogation-de-l-arrete-portant-sur-les-autorisations-accordees-aux-concessionnaires-automobiles\\\/210804\\\/#article\",\"isPartOf\":{\"@id\":\"https:\\\/\\\/www.webdo.tn\\\/fr\\\/actualite\\\/national\\\/abrogation-de-l-arrete-portant-sur-les-autorisations-accordees-aux-concessionnaires-automobiles\\\/210804\\\/\"},\"author\":{\"name\":\"MC\",\"@id\":\"https:\\\/\\\/www.webdo.tn\\\/fr\\\/#\\\/schema\\\/person\\\/2c4929cbf5a809e3bd38617c6ce150f6\"},\"headline\":\"Abrogation de l\u2019arr\u00eat\u00e9 portant sur les autorisations accord\u00e9es aux concessionnaires automobiles\",\"datePublished\":\"2023-12-14T09:24:00+00:00\",\"dateModified\":\"2025-05-20T22:11:03+00:00\",\"mainEntityOfPage\":{\"@id\":\"https:\\\/\\\/www.webdo.tn\\\/fr\\\/actualite\\\/national\\\/abrogation-de-l-arrete-portant-sur-les-autorisations-accordees-aux-concessionnaires-automobiles\\\/210804\\\/\"},\"wordCount\":149,\"commentCount\":0,\"publisher\":{\"@id\":\"https:\\\/\\\/www.webdo.tn\\\/fr\\\/#organization\"},\"image\":{\"@id\":\"https:\\\/\\\/www.webdo.tn\\\/fr\\\/actualite\\\/national\\\/abrogation-de-l-arrete-portant-sur-les-autorisations-accordees-aux-concessionnaires-automobiles\\\/210804\\\/#primaryimage\"},\"thumbnailUrl\":\"https:\\\/\\\/www.webdo.tn\\\/fr\\\/wp-content\\\/uploads\\\/2023\\\/12\\\/c89465ff6254a4a380f6f75c232e0ba7.jpg\",\"keywords\":[\"['concessionnaire'\",\"automobiles\",\"vente\",\"voitures\"],\"articleSection\":[\"National\"],\"inLanguage\":\"fr-FR\"},{\"@type\":\"WebPage\",\"@id\":\"https:\\\/\\\/www.webdo.tn\\\/fr\\\/actualite\\\/national\\\/abrogation-de-l-arrete-portant-sur-les-autorisations-accordees-aux-concessionnaires-automobiles\\\/210804\\\/\",\"url\":\"https:\\\/\\\/www.webdo.tn\\\/fr\\\/actualite\\\/national\\\/abrogation-de-l-arrete-portant-sur-les-autorisations-accordees-aux-concessionnaires-automobiles\\\/210804\\\/\",\"name\":\"Abrogation de l\u2019arr\u00eat\u00e9 portant sur les autorisations accord\u00e9es aux concessionnaires automobiles\",\"isPartOf\":{\"@id\":\"https:\\\/\\\/www.webdo.tn\\\/fr\\\/#website\"},\"primaryImageOfPage\":{\"@id\":\"https:\\\/\\\/www.webdo.tn\\\/fr\\\/actualite\\\/national\\\/abrogation-de-l-arrete-portant-sur-les-autorisations-accordees-aux-concessionnaires-automobiles\\\/210804\\\/#primaryimage\"},\"image\":{\"@id\":\"https:\\\/\\\/www.webdo.tn\\\/fr\\\/actualite\\\/national\\\/abrogation-de-l-arrete-portant-sur-les-autorisations-accordees-aux-concessionnaires-automobiles\\\/210804\\\/#primaryimage\"},\"thumbnailUrl\":\"https:\\\/\\\/www.webdo.tn\\\/fr\\\/wp-content\\\/uploads\\\/2023\\\/12\\\/c89465ff6254a4a380f6f75c232e0ba7.jpg\",\"datePublished\":\"2023-12-14T09:24:00+00:00\",\"dateModified\":\"2025-05-20T22:11:03+00:00\",\"description\":\"Un conseil minist\u00e9riel a \u00e9t\u00e9 consacr\u00e9 \u00e0 l'examen des probl\u00e9matiques d\u00e9coulant de l'arr\u00eat de l'octroi des autorisations aux concessionnaires automobiles.\",\"breadcrumb\":{\"@id\":\"https:\\\/\\\/www.webdo.tn\\\/fr\\\/actualite\\\/national\\\/abrogation-de-l-arrete-portant-sur-les-autorisations-accordees-aux-concessionnaires-automobiles\\\/210804\\\/#breadcrumb\"},\"inLanguage\":\"fr-FR\",\"potentialAction\":[{\"@type\":\"ReadAction\",\"target\":[\"https:\\\/\\\/www.webdo.tn\\\/fr\\\/actualite\\\/national\\\/abrogation-de-l-arrete-portant-sur-les-autorisations-accordees-aux-concessionnaires-automobiles\\\/210804\\\/\"]}]},{\"@type\":\"ImageObject\",\"inLanguage\":\"fr-FR\",\"@id\":\"https:\\\/\\\/www.webdo.tn\\\/fr\\\/actualite\\\/national\\\/abrogation-de-l-arrete-portant-sur-les-autorisations-accordees-aux-concessionnaires-automobiles\\\/210804\\\/#primaryimage\",\"url\":\"https:\\\/\\\/www.webdo.tn\\\/fr\\\/wp-content\\\/uploads\\\/2023\\\/12\\\/c89465ff6254a4a380f6f75c232e0ba7.jpg\",\"contentUrl\":\"https:\\\/\\\/www.webdo.tn\\\/fr\\\/wp-content\\\/uploads\\\/2023\\\/12\\\/c89465ff6254a4a380f6f75c232e0ba7.jpg\",\"width\":750,\"height\":400,\"caption\":\"Abrogation de l\u2019arr\u00eat\u00e9 portant sur les autorisations accord\u00e9es aux concessionnaires automobiles\"},{\"@type\":\"BreadcrumbList\",\"@id\":\"https:\\\/\\\/www.webdo.tn\\\/fr\\\/actualite\\\/national\\\/abrogation-de-l-arrete-portant-sur-les-autorisations-accordees-aux-concessionnaires-automobiles\\\/210804\\\/#breadcrumb\",\"itemListElement\":[{\"@type\":\"ListItem\",\"position\":1,\"name\":\"Accueil\",\"item\":\"https:\\\/\\\/www.webdo.tn\\\/fr\\\/\"},{\"@type\":\"ListItem\",\"position\":2,\"name\":\"Abrogation de l\u2019arr\u00eat\u00e9 portant sur les autorisations accord\u00e9es aux concessionnaires automobiles\"}]},{\"@type\":\"WebSite\",\"@id\":\"https:\\\/\\\/www.webdo.tn\\\/fr\\\/#website\",\"url\":\"https:\\\/\\\/www.webdo.tn\\\/fr\\\/\",\"name\":\"webdo\",\"description\":\"Tunisie - News en Tunisie et \u00e0 l&#039;international sur Webdo.tn\",\"publisher\":{\"@id\":\"https:\\\/\\\/www.webdo.tn\\\/fr\\\/#organization\"},\"potentialAction\":[{\"@type\":\"SearchAction\",\"target\":{\"@type\":\"EntryPoint\",\"urlTemplate\":\"https:\\\/\\\/www.webdo.tn\\\/fr\\\/?s={search_term_string}\"},\"query-input\":{\"@type\":\"PropertyValueSpecification\",\"valueRequired\":true,\"valueName\":\"search_term_string\"}}],\"inLanguage\":\"fr-FR\"},{\"@type\":\"Organization\",\"@id\":\"https:\\\/\\\/www.webdo.tn\\\/fr\\\/#organization\",\"name\":\"Webdo\",\"alternateName\":\"Webdo.tn\",\"url\":\"https:\\\/\\\/www.webdo.tn\\\/fr\\\/\",\"logo\":{\"@type\":\"ImageObject\",\"inLanguage\":\"fr-FR\",\"@id\":\"https:\\\/\\\/www.webdo.tn\\\/fr\\\/#\\\/schema\\\/logo\\\/image\\\/\",\"url\":\"https:\\\/\\\/www.webdo.tn\\\/fr\\\/wp-content\\\/uploads\\\/2025\\\/06\\\/Webdo-Tunisie_168377.jpg\",\"contentUrl\":\"https:\\\/\\\/www.webdo.tn\\\/fr\\\/wp-content\\\/uploads\\\/2025\\\/06\\\/Webdo-Tunisie_168377.jpg\",\"width\":301,\"height\":301,\"caption\":\"Webdo\"},\"image\":{\"@id\":\"https:\\\/\\\/www.webdo.tn\\\/fr\\\/#\\\/schema\\\/logo\\\/image\\\/\"},\"sameAs\":[\"https:\\\/\\\/www.facebook.com\\\/webdotn\",\"https:\\\/\\\/x.com\\\/webdo_tn\"],\"description\":\"Webdo est un m\u00e9dia num\u00e9rique tunisien fond\u00e9 en 2010, sp\u00e9cialis\u00e9 dans l\u2019actualit\u00e9 nationale et internationale, l\u2019\u00e9conomie, la soci\u00e9t\u00e9 et les analyses politiques. Le site s\u2019adresse \u00e0 un large public francophone et couvre l\u2019information tunisienne en temps r\u00e9el.\",\"email\":\"redac@webdo.tn\",\"legalName\":\"YNJ SARL\",\"foundingDate\":\"2010-09-06\",\"numberOfEmployees\":{\"@type\":\"QuantitativeValue\",\"minValue\":\"11\",\"maxValue\":\"50\"}},{\"@type\":\"Person\",\"@id\":\"https:\\\/\\\/www.webdo.tn\\\/fr\\\/#\\\/schema\\\/person\\\/2c4929cbf5a809e3bd38617c6ce150f6\",\"name\":\"MC\",\"image\":{\"@type\":\"ImageObject\",\"inLanguage\":\"fr-FR\",\"@id\":\"https:\\\/\\\/secure.gravatar.com\\\/avatar\\\/a545bbb6f84efdd5553dbbc2895e3ca8f1d12c5215e00a041c9670b54aa9b18a?s=96&d=mm&r=g\",\"url\":\"https:\\\/\\\/secure.gravatar.com\\\/avatar\\\/a545bbb6f84efdd5553dbbc2895e3ca8f1d12c5215e00a041c9670b54aa9b18a?s=96&d=mm&r=g\",\"contentUrl\":\"https:\\\/\\\/secure.gravatar.com\\\/avatar\\\/a545bbb6f84efdd5553dbbc2895e3ca8f1d12c5215e00a041c9670b54aa9b18a?s=96&d=mm&r=g\",\"caption\":\"MC\"},\"url\":\"https:\\\/\\\/www.webdo.tn\\\/fr\\\/actualite\\\/author\\\/mc\\\/\"}]}<\/script>\n<!-- \/ Yoast SEO Premium plugin. -->","yoast_head_json":{"title":"Abrogation de l\u2019arr\u00eat\u00e9 portant sur les autorisations accord\u00e9es aux concessionnaires automobiles","description":"Un conseil minist\u00e9riel a \u00e9t\u00e9 consacr\u00e9 \u00e0 l'examen des probl\u00e9matiques d\u00e9coulant de l'arr\u00eat de l'octroi des autorisations aux concessionnaires automobiles.","canonical":"https:\/\/www.webdo.tn\/fr\/actualite\/national\/abrogation-de-l-arrete-portant-sur-les-autorisations-accordees-aux-concessionnaires-automobiles\/210804\/","og_locale":"fr_FR","og_type":"article","og_title":"Abrogation de l\u2019arr\u00eat\u00e9 portant sur les autorisations accord\u00e9es aux concessionnaires automobiles","og_description":"Un conseil minist\u00e9riel a \u00e9t\u00e9 consacr\u00e9 \u00e0 l'examen des probl\u00e9matiques d\u00e9coulant de l'arr\u00eat de l'octroi des autorisations aux concessionnaires automobiles.","og_url":"https:\/\/www.webdo.tn\/fr\/actualite\/national\/abrogation-de-l-arrete-portant-sur-les-autorisations-accordees-aux-concessionnaires-automobiles\/210804\/","og_site_name":"webdo","article_publisher":"https:\/\/www.facebook.com\/webdotn","article_published_time":"2023-12-14T09:24:00+00:00","article_modified_time":"2025-05-20T22:11:03+00:00","og_image":[{"width":750,"height":400,"url":"https:\/\/www.webdo.tn\/fr\/wp-content\/uploads\/2023\/12\/c89465ff6254a4a380f6f75c232e0ba7.jpg","type":"image\/jpeg"}],"author":"MC","twitter_card":"summary_large_image","twitter_creator":"@webdo_tn","twitter_site":"@webdo_tn","twitter_misc":{"\u00c9crit par":"MC","Dur\u00e9e de lecture estim\u00e9e":"1 minute"},"schema":{"@context":"https:\/\/schema.org","@graph":[{"@type":"NewsArticle","@id":"https:\/\/www.webdo.tn\/fr\/actualite\/national\/abrogation-de-l-arrete-portant-sur-les-autorisations-accordees-aux-concessionnaires-automobiles\/210804\/#article","isPartOf":{"@id":"https:\/\/www.webdo.tn\/fr\/actualite\/national\/abrogation-de-l-arrete-portant-sur-les-autorisations-accordees-aux-concessionnaires-automobiles\/210804\/"},"author":{"name":"MC","@id":"https:\/\/www.webdo.tn\/fr\/#\/schema\/person\/2c4929cbf5a809e3bd38617c6ce150f6"},"headline":"Abrogation de l\u2019arr\u00eat\u00e9 portant sur les autorisations accord\u00e9es aux concessionnaires automobiles","datePublished":"2023-12-14T09:24:00+00:00","dateModified":"2025-05-20T22:11:03+00:00","mainEntityOfPage":{"@id":"https:\/\/www.webdo.tn\/fr\/actualite\/national\/abrogation-de-l-arrete-portant-sur-les-autorisations-accordees-aux-concessionnaires-automobiles\/210804\/"},"wordCount":149,"commentCount":0,"publisher":{"@id":"https:\/\/www.webdo.tn\/fr\/#organization"},"image":{"@id":"https:\/\/www.webdo.tn\/fr\/actualite\/national\/abrogation-de-l-arrete-portant-sur-les-autorisations-accordees-aux-concessionnaires-automobiles\/210804\/#primaryimage"},"thumbnailUrl":"https:\/\/www.webdo.tn\/fr\/wp-content\/uploads\/2023\/12\/c89465ff6254a4a380f6f75c232e0ba7.jpg","keywords":["['concessionnaire'","automobiles","vente","voitures"],"articleSection":["National"],"inLanguage":"fr-FR"},{"@type":"WebPage","@id":"https:\/\/www.webdo.tn\/fr\/actualite\/national\/abrogation-de-l-arrete-portant-sur-les-autorisations-accordees-aux-concessionnaires-automobiles\/210804\/","url":"https:\/\/www.webdo.tn\/fr\/actualite\/national\/abrogation-de-l-arrete-portant-sur-les-autorisations-accordees-aux-concessionnaires-automobiles\/210804\/","name":"Abrogation de l\u2019arr\u00eat\u00e9 portant sur les autorisations accord\u00e9es aux concessionnaires automobiles","isPartOf":{"@id":"https:\/\/www.webdo.tn\/fr\/#website"},"primaryImageOfPage":{"@id":"https:\/\/www.webdo.tn\/fr\/actualite\/national\/abrogation-de-l-arrete-portant-sur-les-autorisations-accordees-aux-concessionnaires-automobiles\/210804\/#primaryimage"},"image":{"@id":"https:\/\/www.webdo.tn\/fr\/actualite\/national\/abrogation-de-l-arrete-portant-sur-les-autorisations-accordees-aux-concessionnaires-automobiles\/210804\/#primaryimage"},"thumbnailUrl":"https:\/\/www.webdo.tn\/fr\/wp-content\/uploads\/2023\/12\/c89465ff6254a4a380f6f75c232e0ba7.jpg","datePublished":"2023-12-14T09:24:00+00:00","dateModified":"2025-05-20T22:11:03+00:00","description":"Un conseil minist\u00e9riel a \u00e9t\u00e9 consacr\u00e9 \u00e0 l'examen des probl\u00e9matiques d\u00e9coulant de l'arr\u00eat de l'octroi des autorisations aux concessionnaires automobiles.","breadcrumb":{"@id":"https:\/\/www.webdo.tn\/fr\/actualite\/national\/abrogation-de-l-arrete-portant-sur-les-autorisations-accordees-aux-concessionnaires-automobiles\/210804\/#breadcrumb"},"inLanguage":"fr-FR","potentialAction":[{"@type":"ReadAction","target":["https:\/\/www.webdo.tn\/fr\/actualite\/national\/abrogation-de-l-arrete-portant-sur-les-autorisations-accordees-aux-concessionnaires-automobiles\/210804\/"]}]},{"@type":"ImageObject","inLanguage":"fr-FR","@id":"https:\/\/www.webdo.tn\/fr\/actualite\/national\/abrogation-de-l-arrete-portant-sur-les-autorisations-accordees-aux-concessionnaires-automobiles\/210804\/#primaryimage","url":"https:\/\/www.webdo.tn\/fr\/wp-content\/uploads\/2023\/12\/c89465ff6254a4a380f6f75c232e0ba7.jpg","contentUrl":"https:\/\/www.webdo.tn\/fr\/wp-content\/uploads\/2023\/12\/c89465ff6254a4a380f6f75c232e0ba7.jpg","width":750,"height":400,"caption":"Abrogation de l\u2019arr\u00eat\u00e9 portant sur les autorisations accord\u00e9es aux concessionnaires automobiles"},{"@type":"BreadcrumbList","@id":"https:\/\/www.webdo.tn\/fr\/actualite\/national\/abrogation-de-l-arrete-portant-sur-les-autorisations-accordees-aux-concessionnaires-automobiles\/210804\/#breadcrumb","itemListElement":[{"@type":"ListItem","position":1,"name":"Accueil","item":"https:\/\/www.webdo.tn\/fr\/"},{"@type":"ListItem","position":2,"name":"Abrogation de l\u2019arr\u00eat\u00e9 portant sur les autorisations accord\u00e9es aux concessionnaires automobiles"}]},{"@type":"WebSite","@id":"https:\/\/www.webdo.tn\/fr\/#website","url":"https:\/\/www.webdo.tn\/fr\/","name":"webdo","description":"Tunisie - News en Tunisie et \u00e0 l&#039;international sur Webdo.tn","publisher":{"@id":"https:\/\/www.webdo.tn\/fr\/#organization"},"potentialAction":[{"@type":"SearchAction","target":{"@type":"EntryPoint","urlTemplate":"https:\/\/www.webdo.tn\/fr\/?s={search_term_string}"},"query-input":{"@type":"PropertyValueSpecification","valueRequired":true,"valueName":"search_term_string"}}],"inLanguage":"fr-FR"},{"@type":"Organization","@id":"https:\/\/www.webdo.tn\/fr\/#organization","name":"Webdo","alternateName":"Webdo.tn","url":"https:\/\/www.webdo.tn\/fr\/","logo":{"@type":"ImageObject","inLanguage":"fr-FR","@id":"https:\/\/www.webdo.tn\/fr\/#\/schema\/logo\/image\/","url":"https:\/\/www.webdo.tn\/fr\/wp-content\/uploads\/2025\/06\/Webdo-Tunisie_168377.jpg","contentUrl":"https:\/\/www.webdo.tn\/fr\/wp-content\/uploads\/2025\/06\/Webdo-Tunisie_168377.jpg","width":301,"height":301,"caption":"Webdo"},"image":{"@id":"https:\/\/www.webdo.tn\/fr\/#\/schema\/logo\/image\/"},"sameAs":["https:\/\/www.facebook.com\/webdotn","https:\/\/x.com\/webdo_tn"],"description":"Webdo est un m\u00e9dia num\u00e9rique tunisien fond\u00e9 en 2010, sp\u00e9cialis\u00e9 dans l\u2019actualit\u00e9 nationale et internationale, l\u2019\u00e9conomie, la soci\u00e9t\u00e9 et les analyses politiques. Le site s\u2019adresse \u00e0 un large public francophone et couvre l\u2019information tunisienne en temps r\u00e9el.","email":"redac@webdo.tn","legalName":"YNJ SARL","foundingDate":"2010-09-06","numberOfEmployees":{"@type":"QuantitativeValue","minValue":"11","maxValue":"50"}},{"@type":"Person","@id":"https:\/\/www.webdo.tn\/fr\/#\/schema\/person\/2c4929cbf5a809e3bd38617c6ce150f6","name":"MC","image":{"@type":"ImageObject","inLanguage":"fr-FR","@id":"https:\/\/secure.gravatar.com\/avatar\/a545bbb6f84efdd5553dbbc2895e3ca8f1d12c5215e00a041c9670b54aa9b18a?s=96&d=mm&r=g","url":"https:\/\/secure.gravatar.com\/avatar\/a545bbb6f84efdd5553dbbc2895e3ca8f1d12c5215e00a041c9670b54aa9b18a?s=96&d=mm&r=g","contentUrl":"https:\/\/secure.gravatar.com\/avatar\/a545bbb6f84efdd5553dbbc2895e3ca8f1d12c5215e00a041c9670b54aa9b18a?s=96&d=mm&r=g","caption":"MC"},"url":"https:\/\/www.webdo.tn\/fr\/actualite\/author\/mc\/"}]}},"_links":{"self":[{"href":"https:\/\/www.webdo.tn\/fr\/wp-json\/wp\/v2\/posts\/210804","targetHints":{"allow":["GET"]}}],"collection":[{"href":"https:\/\/www.webdo.tn\/fr\/wp-json\/wp\/v2\/posts"}],"about":[{"href":"https:\/\/www.webdo.tn\/fr\/wp-json\/wp\/v2\/types\/post"}],"author":[{"embeddable":true,"href":"https:\/\/www.webdo.tn\/fr\/wp-json\/wp\/v2\/users\/3162"}],"replies":[{"embeddable":true,"href":"https:\/\/www.webdo.tn\/fr\/wp-json\/wp\/v2\/comments?post=210804"}],"version-history":[{"count":0,"href":"https:\/\/www.webdo.tn\/fr\/wp-json\/wp\/v2\/posts\/210804\/revisions"}],"wp:featuredmedia":[{"embeddable":true,"href":"https:\/\/www.webdo.tn\/fr\/wp-json\/wp\/v2\/media\/289963"}],"wp:attachment":[{"href":"https:\/\/www.webdo.tn\/fr\/wp-json\/wp\/v2\/media?parent=210804"}],"wp:term":[{"taxonomy":"category","embeddable":true,"href":"https:\/\/www.webdo.tn\/fr\/wp-json\/wp\/v2\/categories?post=210804"},{"taxonomy":"post_tag","embeddable":true,"href":"https:\/\/www.webdo.tn\/fr\/wp-json\/wp\/v2\/tags?post=210804"}],"curies":[{"name":"wp","href":"https:\/\/api.w.org\/{rel}","templated":true}]}}