{"id":210791,"date":"2023-12-13T20:22:00","date_gmt":"2023-12-13T20:22:00","guid":{"rendered":"https:\/\/www.webdo.tn\/fr\/blog\/600-mille-participants-a-la-consultation-nationale-sur-la-reforme-educative\/210791\/"},"modified":"2025-05-20T21:54:45","modified_gmt":"2025-05-20T21:54:45","slug":"600-mille-participants-a-la-consultation-nationale-sur-la-reforme-educative","status":"publish","type":"post","link":"https:\/\/www.webdo.tn\/fr\/actualite\/national\/600-mille-participants-a-la-consultation-nationale-sur-la-reforme-educative\/210791\/","title":{"rendered":"600 mille participants \u00e0 la consultation nationale sur la r\u00e9forme \u00e9ducative"},"content":{"rendered":"<p>Le ministre de l&rsquo;\u00e9ducation Mohamed Ali Boughdiri a annonc\u00e9 qu\u2019environ 600 mille personnes se sont inscrites \u00e0 la consultation nationale sur la r\u00e9forme du secteur \u00e9ducatif et de l&rsquo;enseignement.<\/p>\n<p>\t\t\t\t\t\t\t\t\tAu cours de l&rsquo;inauguration aujourd\u2019hui d\u2019une \u00e9cole dans la d\u00e9l\u00e9gation de Kairouan-sud. Il a ajout\u00e9 que ce chiffre pourrait augmenter avant sa cl\u00f4ture le 15 d\u00e9cembre 2023.<\/p>\n<p>Lors de l\u2019inauguration de l&rsquo;\u00e9cole Henchir Bichi, le minist\u00e8re de l&rsquo;Education a soulign\u00e9 la mise en \u0153uvre et la cr\u00e9ation de 3300 \u00e9coles modernes li\u00e9es au r\u00e9seau Internet \u00e0 haut d\u00e9bit.<\/p>\n","protected":false},"excerpt":{"rendered":"<p>Le nombre des participants \u00e0 la consultation nationale sur la r\u00e9forme du secteur \u00e9ducatif et de l&rsquo;enseignement a enregistr\u00e9 pr\u00e8s de 600 mille participants.<\/p>\n","protected":false},"author":3162,"featured_media":248532,"comment_status":"open","ping_status":"closed","sticky":false,"template":"","format":"standard","meta":{"footnotes":""},"categories":[44],"tags":[2828,7392,3493],"class_list":["post-210791","post","type-post","status-publish","format-standard","has-post-thumbnail","hentry","category-national","tag-enseignement","tag-mohamed-ali-boughdiri","tag-reforme"],"yoast_head":"<!-- This site is optimized with the Yoast SEO Premium plugin v27.5 (Yoast SEO v27.5) - https:\/\/yoast.com\/product\/yoast-seo-premium-wordpress\/ -->\n<title>600 mille participants \u00e0 la consultation nationale sur la r\u00e9forme \u00e9ducative<\/title>\n<meta name=\"description\" content=\"Le nombre des participants \u00e0 la consultation nationale sur la r\u00e9forme du secteur \u00e9ducatif et de l&#039;enseignement a enregistr\u00e9 pr\u00e8s de 600 mille participants.\" \/>\n<link rel=\"canonical\" href=\"https:\/\/www.webdo.tn\/fr\/actualite\/national\/600-mille-participants-a-la-consultation-nationale-sur-la-reforme-educative\/210791\/\" \/>\n<meta property=\"og:locale\" content=\"fr_FR\" \/>\n<meta property=\"og:type\" content=\"article\" \/>\n<meta property=\"og:title\" content=\"600 mille participants \u00e0 la consultation nationale sur la r\u00e9forme \u00e9ducative\" \/>\n<meta property=\"og:description\" content=\"Le nombre des participants \u00e0 la consultation nationale sur la r\u00e9forme du secteur \u00e9ducatif et de l&#039;enseignement a enregistr\u00e9 pr\u00e8s de 600 mille participants.\" \/>\n<meta property=\"og:url\" content=\"https:\/\/www.webdo.tn\/fr\/actualite\/national\/600-mille-participants-a-la-consultation-nationale-sur-la-reforme-educative\/210791\/\" \/>\n<meta property=\"og:site_name\" content=\"webdo\" \/>\n<meta property=\"article:publisher\" content=\"https:\/\/www.facebook.com\/webdotn\" \/>\n<meta property=\"article:published_time\" content=\"2023-12-13T20:22:00+00:00\" \/>\n<meta property=\"article:modified_time\" content=\"2025-05-20T21:54:45+00:00\" \/>\n<meta property=\"og:image\" content=\"https:\/\/www.webdo.tn\/fr\/wp-content\/uploads\/2023\/12\/a2df04d01cd22bdcc3f434279d3e5e9b.jpg\" \/>\n\t<meta property=\"og:image:width\" content=\"750\" \/>\n\t<meta property=\"og:image:height\" content=\"400\" \/>\n\t<meta property=\"og:image:type\" content=\"image\/jpeg\" \/>\n<meta name=\"author\" content=\"MC\" \/>\n<meta name=\"twitter:card\" content=\"summary_large_image\" \/>\n<meta name=\"twitter:creator\" content=\"@webdo_tn\" \/>\n<meta name=\"twitter:site\" content=\"@webdo_tn\" \/>\n<meta name=\"twitter:label1\" content=\"\u00c9crit par\" \/>\n\t<meta name=\"twitter:data1\" content=\"MC\" \/>\n<script type=\"application\/ld+json\" class=\"yoast-schema-graph\">{\"@context\":\"https:\\\/\\\/schema.org\",\"@graph\":[{\"@type\":\"NewsArticle\",\"@id\":\"https:\\\/\\\/www.webdo.tn\\\/fr\\\/actualite\\\/national\\\/600-mille-participants-a-la-consultation-nationale-sur-la-reforme-educative\\\/210791\\\/#article\",\"isPartOf\":{\"@id\":\"https:\\\/\\\/www.webdo.tn\\\/fr\\\/actualite\\\/national\\\/600-mille-participants-a-la-consultation-nationale-sur-la-reforme-educative\\\/210791\\\/\"},\"author\":{\"name\":\"MC\",\"@id\":\"https:\\\/\\\/www.webdo.tn\\\/fr\\\/#\\\/schema\\\/person\\\/2c4929cbf5a809e3bd38617c6ce150f6\"},\"headline\":\"600 mille participants \u00e0 la consultation nationale sur la r\u00e9forme \u00e9ducative\",\"datePublished\":\"2023-12-13T20:22:00+00:00\",\"dateModified\":\"2025-05-20T21:54:45+00:00\",\"mainEntityOfPage\":{\"@id\":\"https:\\\/\\\/www.webdo.tn\\\/fr\\\/actualite\\\/national\\\/600-mille-participants-a-la-consultation-nationale-sur-la-reforme-educative\\\/210791\\\/\"},\"wordCount\":110,\"commentCount\":0,\"publisher\":{\"@id\":\"https:\\\/\\\/www.webdo.tn\\\/fr\\\/#organization\"},\"image\":{\"@id\":\"https:\\\/\\\/www.webdo.tn\\\/fr\\\/actualite\\\/national\\\/600-mille-participants-a-la-consultation-nationale-sur-la-reforme-educative\\\/210791\\\/#primaryimage\"},\"thumbnailUrl\":\"https:\\\/\\\/www.webdo.tn\\\/fr\\\/wp-content\\\/uploads\\\/2023\\\/12\\\/a2df04d01cd22bdcc3f434279d3e5e9b.jpg\",\"keywords\":[\"enseignement\",\"mohamed ali boughdiri\",\"r\u00e9forme\"],\"articleSection\":[\"National\"],\"inLanguage\":\"fr-FR\"},{\"@type\":\"WebPage\",\"@id\":\"https:\\\/\\\/www.webdo.tn\\\/fr\\\/actualite\\\/national\\\/600-mille-participants-a-la-consultation-nationale-sur-la-reforme-educative\\\/210791\\\/\",\"url\":\"https:\\\/\\\/www.webdo.tn\\\/fr\\\/actualite\\\/national\\\/600-mille-participants-a-la-consultation-nationale-sur-la-reforme-educative\\\/210791\\\/\",\"name\":\"600 mille participants \u00e0 la consultation nationale sur la r\u00e9forme \u00e9ducative\",\"isPartOf\":{\"@id\":\"https:\\\/\\\/www.webdo.tn\\\/fr\\\/#website\"},\"primaryImageOfPage\":{\"@id\":\"https:\\\/\\\/www.webdo.tn\\\/fr\\\/actualite\\\/national\\\/600-mille-participants-a-la-consultation-nationale-sur-la-reforme-educative\\\/210791\\\/#primaryimage\"},\"image\":{\"@id\":\"https:\\\/\\\/www.webdo.tn\\\/fr\\\/actualite\\\/national\\\/600-mille-participants-a-la-consultation-nationale-sur-la-reforme-educative\\\/210791\\\/#primaryimage\"},\"thumbnailUrl\":\"https:\\\/\\\/www.webdo.tn\\\/fr\\\/wp-content\\\/uploads\\\/2023\\\/12\\\/a2df04d01cd22bdcc3f434279d3e5e9b.jpg\",\"datePublished\":\"2023-12-13T20:22:00+00:00\",\"dateModified\":\"2025-05-20T21:54:45+00:00\",\"description\":\"Le nombre des participants \u00e0 la consultation nationale sur la r\u00e9forme du secteur \u00e9ducatif et de l'enseignement a enregistr\u00e9 pr\u00e8s de 600 mille participants.\",\"breadcrumb\":{\"@id\":\"https:\\\/\\\/www.webdo.tn\\\/fr\\\/actualite\\\/national\\\/600-mille-participants-a-la-consultation-nationale-sur-la-reforme-educative\\\/210791\\\/#breadcrumb\"},\"inLanguage\":\"fr-FR\",\"potentialAction\":[{\"@type\":\"ReadAction\",\"target\":[\"https:\\\/\\\/www.webdo.tn\\\/fr\\\/actualite\\\/national\\\/600-mille-participants-a-la-consultation-nationale-sur-la-reforme-educative\\\/210791\\\/\"]}]},{\"@type\":\"ImageObject\",\"inLanguage\":\"fr-FR\",\"@id\":\"https:\\\/\\\/www.webdo.tn\\\/fr\\\/actualite\\\/national\\\/600-mille-participants-a-la-consultation-nationale-sur-la-reforme-educative\\\/210791\\\/#primaryimage\",\"url\":\"https:\\\/\\\/www.webdo.tn\\\/fr\\\/wp-content\\\/uploads\\\/2023\\\/12\\\/a2df04d01cd22bdcc3f434279d3e5e9b.jpg\",\"contentUrl\":\"https:\\\/\\\/www.webdo.tn\\\/fr\\\/wp-content\\\/uploads\\\/2023\\\/12\\\/a2df04d01cd22bdcc3f434279d3e5e9b.jpg\",\"width\":750,\"height\":400,\"caption\":\"600 mille participants \u00e0 la consultation nationale sur la r\u00e9forme \u00e9ducative\"},{\"@type\":\"BreadcrumbList\",\"@id\":\"https:\\\/\\\/www.webdo.tn\\\/fr\\\/actualite\\\/national\\\/600-mille-participants-a-la-consultation-nationale-sur-la-reforme-educative\\\/210791\\\/#breadcrumb\",\"itemListElement\":[{\"@type\":\"ListItem\",\"position\":1,\"name\":\"Accueil\",\"item\":\"https:\\\/\\\/www.webdo.tn\\\/fr\\\/\"},{\"@type\":\"ListItem\",\"position\":2,\"name\":\"600 mille participants \u00e0 la consultation nationale sur la r\u00e9forme \u00e9ducative\"}]},{\"@type\":\"WebSite\",\"@id\":\"https:\\\/\\\/www.webdo.tn\\\/fr\\\/#website\",\"url\":\"https:\\\/\\\/www.webdo.tn\\\/fr\\\/\",\"name\":\"webdo\",\"description\":\"Tunisie - News en Tunisie et \u00e0 l&#039;international sur Webdo.tn\",\"publisher\":{\"@id\":\"https:\\\/\\\/www.webdo.tn\\\/fr\\\/#organization\"},\"potentialAction\":[{\"@type\":\"SearchAction\",\"target\":{\"@type\":\"EntryPoint\",\"urlTemplate\":\"https:\\\/\\\/www.webdo.tn\\\/fr\\\/?s={search_term_string}\"},\"query-input\":{\"@type\":\"PropertyValueSpecification\",\"valueRequired\":true,\"valueName\":\"search_term_string\"}}],\"inLanguage\":\"fr-FR\"},{\"@type\":\"Organization\",\"@id\":\"https:\\\/\\\/www.webdo.tn\\\/fr\\\/#organization\",\"name\":\"Webdo\",\"alternateName\":\"Webdo.tn\",\"url\":\"https:\\\/\\\/www.webdo.tn\\\/fr\\\/\",\"logo\":{\"@type\":\"ImageObject\",\"inLanguage\":\"fr-FR\",\"@id\":\"https:\\\/\\\/www.webdo.tn\\\/fr\\\/#\\\/schema\\\/logo\\\/image\\\/\",\"url\":\"https:\\\/\\\/www.webdo.tn\\\/fr\\\/wp-content\\\/uploads\\\/2025\\\/06\\\/Webdo-Tunisie_168377.jpg\",\"contentUrl\":\"https:\\\/\\\/www.webdo.tn\\\/fr\\\/wp-content\\\/uploads\\\/2025\\\/06\\\/Webdo-Tunisie_168377.jpg\",\"width\":301,\"height\":301,\"caption\":\"Webdo\"},\"image\":{\"@id\":\"https:\\\/\\\/www.webdo.tn\\\/fr\\\/#\\\/schema\\\/logo\\\/image\\\/\"},\"sameAs\":[\"https:\\\/\\\/www.facebook.com\\\/webdotn\",\"https:\\\/\\\/x.com\\\/webdo_tn\"],\"description\":\"Webdo est un m\u00e9dia num\u00e9rique tunisien fond\u00e9 en 2010, sp\u00e9cialis\u00e9 dans l\u2019actualit\u00e9 nationale et internationale, l\u2019\u00e9conomie, la soci\u00e9t\u00e9 et les analyses politiques. Le site s\u2019adresse \u00e0 un large public francophone et couvre l\u2019information tunisienne en temps r\u00e9el.\",\"email\":\"redac@webdo.tn\",\"legalName\":\"YNJ SARL\",\"foundingDate\":\"2010-09-06\",\"numberOfEmployees\":{\"@type\":\"QuantitativeValue\",\"minValue\":\"11\",\"maxValue\":\"50\"}},{\"@type\":\"Person\",\"@id\":\"https:\\\/\\\/www.webdo.tn\\\/fr\\\/#\\\/schema\\\/person\\\/2c4929cbf5a809e3bd38617c6ce150f6\",\"name\":\"MC\",\"image\":{\"@type\":\"ImageObject\",\"inLanguage\":\"fr-FR\",\"@id\":\"https:\\\/\\\/secure.gravatar.com\\\/avatar\\\/a545bbb6f84efdd5553dbbc2895e3ca8f1d12c5215e00a041c9670b54aa9b18a?s=96&d=mm&r=g\",\"url\":\"https:\\\/\\\/secure.gravatar.com\\\/avatar\\\/a545bbb6f84efdd5553dbbc2895e3ca8f1d12c5215e00a041c9670b54aa9b18a?s=96&d=mm&r=g\",\"contentUrl\":\"https:\\\/\\\/secure.gravatar.com\\\/avatar\\\/a545bbb6f84efdd5553dbbc2895e3ca8f1d12c5215e00a041c9670b54aa9b18a?s=96&d=mm&r=g\",\"caption\":\"MC\"},\"url\":\"https:\\\/\\\/www.webdo.tn\\\/fr\\\/actualite\\\/author\\\/mc\\\/\"}]}<\/script>\n<!-- \/ Yoast SEO Premium plugin. -->","yoast_head_json":{"title":"600 mille participants \u00e0 la consultation nationale sur la r\u00e9forme \u00e9ducative","description":"Le nombre des participants \u00e0 la consultation nationale sur la r\u00e9forme du secteur \u00e9ducatif et de l'enseignement a enregistr\u00e9 pr\u00e8s de 600 mille participants.","canonical":"https:\/\/www.webdo.tn\/fr\/actualite\/national\/600-mille-participants-a-la-consultation-nationale-sur-la-reforme-educative\/210791\/","og_locale":"fr_FR","og_type":"article","og_title":"600 mille participants \u00e0 la consultation nationale sur la r\u00e9forme \u00e9ducative","og_description":"Le nombre des participants \u00e0 la consultation nationale sur la r\u00e9forme du secteur \u00e9ducatif et de l'enseignement a enregistr\u00e9 pr\u00e8s de 600 mille participants.","og_url":"https:\/\/www.webdo.tn\/fr\/actualite\/national\/600-mille-participants-a-la-consultation-nationale-sur-la-reforme-educative\/210791\/","og_site_name":"webdo","article_publisher":"https:\/\/www.facebook.com\/webdotn","article_published_time":"2023-12-13T20:22:00+00:00","article_modified_time":"2025-05-20T21:54:45+00:00","og_image":[{"width":750,"height":400,"url":"https:\/\/www.webdo.tn\/fr\/wp-content\/uploads\/2023\/12\/a2df04d01cd22bdcc3f434279d3e5e9b.jpg","type":"image\/jpeg"}],"author":"MC","twitter_card":"summary_large_image","twitter_creator":"@webdo_tn","twitter_site":"@webdo_tn","twitter_misc":{"\u00c9crit par":"MC"},"schema":{"@context":"https:\/\/schema.org","@graph":[{"@type":"NewsArticle","@id":"https:\/\/www.webdo.tn\/fr\/actualite\/national\/600-mille-participants-a-la-consultation-nationale-sur-la-reforme-educative\/210791\/#article","isPartOf":{"@id":"https:\/\/www.webdo.tn\/fr\/actualite\/national\/600-mille-participants-a-la-consultation-nationale-sur-la-reforme-educative\/210791\/"},"author":{"name":"MC","@id":"https:\/\/www.webdo.tn\/fr\/#\/schema\/person\/2c4929cbf5a809e3bd38617c6ce150f6"},"headline":"600 mille participants \u00e0 la consultation nationale sur la r\u00e9forme \u00e9ducative","datePublished":"2023-12-13T20:22:00+00:00","dateModified":"2025-05-20T21:54:45+00:00","mainEntityOfPage":{"@id":"https:\/\/www.webdo.tn\/fr\/actualite\/national\/600-mille-participants-a-la-consultation-nationale-sur-la-reforme-educative\/210791\/"},"wordCount":110,"commentCount":0,"publisher":{"@id":"https:\/\/www.webdo.tn\/fr\/#organization"},"image":{"@id":"https:\/\/www.webdo.tn\/fr\/actualite\/national\/600-mille-participants-a-la-consultation-nationale-sur-la-reforme-educative\/210791\/#primaryimage"},"thumbnailUrl":"https:\/\/www.webdo.tn\/fr\/wp-content\/uploads\/2023\/12\/a2df04d01cd22bdcc3f434279d3e5e9b.jpg","keywords":["enseignement","mohamed ali boughdiri","r\u00e9forme"],"articleSection":["National"],"inLanguage":"fr-FR"},{"@type":"WebPage","@id":"https:\/\/www.webdo.tn\/fr\/actualite\/national\/600-mille-participants-a-la-consultation-nationale-sur-la-reforme-educative\/210791\/","url":"https:\/\/www.webdo.tn\/fr\/actualite\/national\/600-mille-participants-a-la-consultation-nationale-sur-la-reforme-educative\/210791\/","name":"600 mille participants \u00e0 la consultation nationale sur la r\u00e9forme \u00e9ducative","isPartOf":{"@id":"https:\/\/www.webdo.tn\/fr\/#website"},"primaryImageOfPage":{"@id":"https:\/\/www.webdo.tn\/fr\/actualite\/national\/600-mille-participants-a-la-consultation-nationale-sur-la-reforme-educative\/210791\/#primaryimage"},"image":{"@id":"https:\/\/www.webdo.tn\/fr\/actualite\/national\/600-mille-participants-a-la-consultation-nationale-sur-la-reforme-educative\/210791\/#primaryimage"},"thumbnailUrl":"https:\/\/www.webdo.tn\/fr\/wp-content\/uploads\/2023\/12\/a2df04d01cd22bdcc3f434279d3e5e9b.jpg","datePublished":"2023-12-13T20:22:00+00:00","dateModified":"2025-05-20T21:54:45+00:00","description":"Le nombre des participants \u00e0 la consultation nationale sur la r\u00e9forme du secteur \u00e9ducatif et de l'enseignement a enregistr\u00e9 pr\u00e8s de 600 mille participants.","breadcrumb":{"@id":"https:\/\/www.webdo.tn\/fr\/actualite\/national\/600-mille-participants-a-la-consultation-nationale-sur-la-reforme-educative\/210791\/#breadcrumb"},"inLanguage":"fr-FR","potentialAction":[{"@type":"ReadAction","target":["https:\/\/www.webdo.tn\/fr\/actualite\/national\/600-mille-participants-a-la-consultation-nationale-sur-la-reforme-educative\/210791\/"]}]},{"@type":"ImageObject","inLanguage":"fr-FR","@id":"https:\/\/www.webdo.tn\/fr\/actualite\/national\/600-mille-participants-a-la-consultation-nationale-sur-la-reforme-educative\/210791\/#primaryimage","url":"https:\/\/www.webdo.tn\/fr\/wp-content\/uploads\/2023\/12\/a2df04d01cd22bdcc3f434279d3e5e9b.jpg","contentUrl":"https:\/\/www.webdo.tn\/fr\/wp-content\/uploads\/2023\/12\/a2df04d01cd22bdcc3f434279d3e5e9b.jpg","width":750,"height":400,"caption":"600 mille participants \u00e0 la consultation nationale sur la r\u00e9forme \u00e9ducative"},{"@type":"BreadcrumbList","@id":"https:\/\/www.webdo.tn\/fr\/actualite\/national\/600-mille-participants-a-la-consultation-nationale-sur-la-reforme-educative\/210791\/#breadcrumb","itemListElement":[{"@type":"ListItem","position":1,"name":"Accueil","item":"https:\/\/www.webdo.tn\/fr\/"},{"@type":"ListItem","position":2,"name":"600 mille participants \u00e0 la consultation nationale sur la r\u00e9forme \u00e9ducative"}]},{"@type":"WebSite","@id":"https:\/\/www.webdo.tn\/fr\/#website","url":"https:\/\/www.webdo.tn\/fr\/","name":"webdo","description":"Tunisie - News en Tunisie et \u00e0 l&#039;international sur Webdo.tn","publisher":{"@id":"https:\/\/www.webdo.tn\/fr\/#organization"},"potentialAction":[{"@type":"SearchAction","target":{"@type":"EntryPoint","urlTemplate":"https:\/\/www.webdo.tn\/fr\/?s={search_term_string}"},"query-input":{"@type":"PropertyValueSpecification","valueRequired":true,"valueName":"search_term_string"}}],"inLanguage":"fr-FR"},{"@type":"Organization","@id":"https:\/\/www.webdo.tn\/fr\/#organization","name":"Webdo","alternateName":"Webdo.tn","url":"https:\/\/www.webdo.tn\/fr\/","logo":{"@type":"ImageObject","inLanguage":"fr-FR","@id":"https:\/\/www.webdo.tn\/fr\/#\/schema\/logo\/image\/","url":"https:\/\/www.webdo.tn\/fr\/wp-content\/uploads\/2025\/06\/Webdo-Tunisie_168377.jpg","contentUrl":"https:\/\/www.webdo.tn\/fr\/wp-content\/uploads\/2025\/06\/Webdo-Tunisie_168377.jpg","width":301,"height":301,"caption":"Webdo"},"image":{"@id":"https:\/\/www.webdo.tn\/fr\/#\/schema\/logo\/image\/"},"sameAs":["https:\/\/www.facebook.com\/webdotn","https:\/\/x.com\/webdo_tn"],"description":"Webdo est un m\u00e9dia num\u00e9rique tunisien fond\u00e9 en 2010, sp\u00e9cialis\u00e9 dans l\u2019actualit\u00e9 nationale et internationale, l\u2019\u00e9conomie, la soci\u00e9t\u00e9 et les analyses politiques. Le site s\u2019adresse \u00e0 un large public francophone et couvre l\u2019information tunisienne en temps r\u00e9el.","email":"redac@webdo.tn","legalName":"YNJ SARL","foundingDate":"2010-09-06","numberOfEmployees":{"@type":"QuantitativeValue","minValue":"11","maxValue":"50"}},{"@type":"Person","@id":"https:\/\/www.webdo.tn\/fr\/#\/schema\/person\/2c4929cbf5a809e3bd38617c6ce150f6","name":"MC","image":{"@type":"ImageObject","inLanguage":"fr-FR","@id":"https:\/\/secure.gravatar.com\/avatar\/a545bbb6f84efdd5553dbbc2895e3ca8f1d12c5215e00a041c9670b54aa9b18a?s=96&d=mm&r=g","url":"https:\/\/secure.gravatar.com\/avatar\/a545bbb6f84efdd5553dbbc2895e3ca8f1d12c5215e00a041c9670b54aa9b18a?s=96&d=mm&r=g","contentUrl":"https:\/\/secure.gravatar.com\/avatar\/a545bbb6f84efdd5553dbbc2895e3ca8f1d12c5215e00a041c9670b54aa9b18a?s=96&d=mm&r=g","caption":"MC"},"url":"https:\/\/www.webdo.tn\/fr\/actualite\/author\/mc\/"}]}},"_links":{"self":[{"href":"https:\/\/www.webdo.tn\/fr\/wp-json\/wp\/v2\/posts\/210791","targetHints":{"allow":["GET"]}}],"collection":[{"href":"https:\/\/www.webdo.tn\/fr\/wp-json\/wp\/v2\/posts"}],"about":[{"href":"https:\/\/www.webdo.tn\/fr\/wp-json\/wp\/v2\/types\/post"}],"author":[{"embeddable":true,"href":"https:\/\/www.webdo.tn\/fr\/wp-json\/wp\/v2\/users\/3162"}],"replies":[{"embeddable":true,"href":"https:\/\/www.webdo.tn\/fr\/wp-json\/wp\/v2\/comments?post=210791"}],"version-history":[{"count":0,"href":"https:\/\/www.webdo.tn\/fr\/wp-json\/wp\/v2\/posts\/210791\/revisions"}],"wp:featuredmedia":[{"embeddable":true,"href":"https:\/\/www.webdo.tn\/fr\/wp-json\/wp\/v2\/media\/248532"}],"wp:attachment":[{"href":"https:\/\/www.webdo.tn\/fr\/wp-json\/wp\/v2\/media?parent=210791"}],"wp:term":[{"taxonomy":"category","embeddable":true,"href":"https:\/\/www.webdo.tn\/fr\/wp-json\/wp\/v2\/categories?post=210791"},{"taxonomy":"post_tag","embeddable":true,"href":"https:\/\/www.webdo.tn\/fr\/wp-json\/wp\/v2\/tags?post=210791"}],"curies":[{"name":"wp","href":"https:\/\/api.w.org\/{rel}","templated":true}]}}