{"id":210783,"date":"2023-12-13T16:47:00","date_gmt":"2023-12-13T16:47:00","guid":{"rendered":"https:\/\/www.webdo.tn\/fr\/blog\/un-depute-polonais-perturbe-la-fete-juive-de-hanouka-a-l-enceinte-du-parlement\/210783\/"},"modified":"2023-12-13T16:47:00","modified_gmt":"2023-12-13T16:47:00","slug":"un-depute-polonais-perturbe-la-fete-juive-de-hanouka-a-l-enceinte-du-parlement","status":"publish","type":"post","link":"https:\/\/www.webdo.tn\/fr\/actualite\/international\/un-depute-polonais-perturbe-la-fete-juive-de-hanouka-a-l-enceinte-du-parlement\/210783\/","title":{"rendered":"Un d\u00e9put\u00e9 polonais perturbe la f\u00eate juive de Hanouka dans l\u2019enceinte du parlement !"},"content":{"rendered":"<p>Sur les images diffus\u00e9es sur les r\u00e9seaux sociaux, on distingue le d\u00e9put\u00e9 s\u2019emparer d\u2019un extincteur avec d\u00e9termination. Apr\u00e8s avoir retir\u00e9 la goupille, il se dirige vers la menorah et \u00e9teint les bougies une \u00e0 une.<\/p>\n<p>\t\t\t\t\t\t\t\t\tAlors que les d\u00e9put\u00e9s polonais se pr\u00e9paraient \u00e0 tenir, hier, mardi 12 d\u00e9cembre, un vote de confiance sur le gouvernement, la session a \u00e9t\u00e9 interrompue.<\/p>\n<p>Un \u00e9lu d\u2019extr\u00eame droite, Grzegorz Braun, s\u2019est servi d\u2019un extincteur pour \u00e9teindre les bougies allum\u00e9es sur une menora dans l\u2019enceinte du Parlement, o\u00f9 avait lieu une c\u00e9r\u00e9monie pour c\u00e9l\u00e9brer la f\u00eate juive de Hanouka.<\/p>\n<p>L\u2019\u00e9lu n\u2019a pas le moins du monde regrett\u00e9 son geste, il a d\u00e9clar\u00e9 sur X, ex-Twitter, qu\u2019il invitait les d\u00e9put\u00e9s \u00e0 un d\u00e9bat \u00ab th\u00e9ologique et historique \u00bb.<br \/>\nIl a ensuite republi\u00e9 un message se plaignant de la pr\u00e9sence de symboles juifs dans le Parlement et le fait que la Pologne est \u00ab gouvern\u00e9e \u00bb par des individus au service d\u2019autres nations.<\/p>\n<p>\u00a0\u00ab Une chose inacceptable a eu lieu, qui ne devrait jamais se reproduire, c\u2019est une honte \u00bb, a d\u00e9clar\u00e9 le Premier ministre Donald Tusk \u00e0 la presse alors que le pr\u00e9sident du parlement a exclu Grzegorz Braun, d\u00e9put\u00e9 du parti d\u2019extr\u00eame droite Konfederacja, pour cet acte \u00ab de racisme, de x\u00e9nophobie et d\u2019antis\u00e9mitisme \u00bb.<br \/>\nL\u2019ambassadeur isra\u00e9lien en Pologne a r\u00e9agi \u00e0 l\u2019incident, d\u00e9plorant une action honteuse r\u00e9alis\u00e9e \u00e0 l\u2019occasion de la f\u00eate traditionnelle juive de Hanouka, synonyme d\u2019allumage de bougies.<\/p>\n<p>Dans le monde arabe, l\u2019acte de Grzegorz Braun a \u00e9t\u00e9 applaudi, des milliers de commentaires sur les r\u00e9seaux sociaux ont salu\u00e9 le comportement de l\u2019\u00e9lu polonais comme \u00e9tant une r\u00e9ponse au g\u00e9nocide isra\u00e9lien \u00e0 Gaza.<\/p>\n","protected":false},"excerpt":{"rendered":"<p>Alors que les d\u00e9put\u00e9s polonais se pr\u00e9paraient \u00e0 tenir, hier, mardi 12 d\u00e9cembre, un vote de confiance sur le gouvernement, la session a \u00e9t\u00e9 interrompue.<\/p>\n","protected":false},"author":3203,"featured_media":248526,"comment_status":"open","ping_status":"closed","sticky":false,"template":"","format":"standard","meta":{"footnotes":""},"categories":[2598],"tags":[2689,2600,4399],"class_list":["post-210783","post","type-post","status-publish","format-standard","has-post-thumbnail","hentry","category-international","tag-gaza","tag-guerre","tag-pologne"],"yoast_head":"<!-- This site is optimized with the Yoast SEO Premium plugin v27.5 (Yoast SEO v27.5) - https:\/\/yoast.com\/product\/yoast-seo-premium-wordpress\/ -->\n<title>Un d\u00e9put\u00e9 polonais perturbe la f\u00eate juive de Hanouka dans l\u2019enceinte du parlement !<\/title>\n<meta name=\"description\" content=\"Alors que les d\u00e9put\u00e9s polonais se pr\u00e9paraient \u00e0 tenir, hier, mardi 12 d\u00e9cembre, un vote de confiance sur le gouvernement, la session a \u00e9t\u00e9 interrompue.\" \/>\n<link rel=\"canonical\" href=\"https:\/\/www.webdo.tn\/fr\/actualite\/international\/un-depute-polonais-perturbe-la-fete-juive-de-hanouka-a-l-enceinte-du-parlement\/210783\/\" \/>\n<meta property=\"og:locale\" content=\"fr_FR\" \/>\n<meta property=\"og:type\" content=\"article\" \/>\n<meta property=\"og:title\" content=\"Un d\u00e9put\u00e9 polonais perturbe la f\u00eate juive de Hanouka dans l\u2019enceinte du parlement !\" \/>\n<meta property=\"og:description\" content=\"Alors que les d\u00e9put\u00e9s polonais se pr\u00e9paraient \u00e0 tenir, hier, mardi 12 d\u00e9cembre, un vote de confiance sur le gouvernement, la session a \u00e9t\u00e9 interrompue.\" \/>\n<meta property=\"og:url\" content=\"https:\/\/www.webdo.tn\/fr\/actualite\/international\/un-depute-polonais-perturbe-la-fete-juive-de-hanouka-a-l-enceinte-du-parlement\/210783\/\" \/>\n<meta property=\"og:site_name\" content=\"webdo\" \/>\n<meta property=\"article:publisher\" content=\"https:\/\/www.facebook.com\/webdotn\" \/>\n<meta property=\"article:published_time\" content=\"2023-12-13T16:47:00+00:00\" \/>\n<meta property=\"og:image\" content=\"https:\/\/www.webdo.tn\/fr\/wp-content\/uploads\/2023\/12\/e852ce8850e0259ae636e7dd43910478.jpg\" \/>\n\t<meta property=\"og:image:width\" content=\"750\" \/>\n\t<meta property=\"og:image:height\" content=\"400\" \/>\n\t<meta property=\"og:image:type\" content=\"image\/jpeg\" \/>\n<meta name=\"author\" content=\"Ramzi Haddad\" \/>\n<meta name=\"twitter:card\" content=\"summary_large_image\" \/>\n<meta name=\"twitter:creator\" content=\"@webdo_tn\" \/>\n<meta name=\"twitter:site\" content=\"@webdo_tn\" \/>\n<meta name=\"twitter:label1\" content=\"\u00c9crit par\" \/>\n\t<meta name=\"twitter:data1\" content=\"Ramzi Haddad\" \/>\n\t<meta name=\"twitter:label2\" content=\"Dur\u00e9e de lecture estim\u00e9e\" \/>\n\t<meta name=\"twitter:data2\" content=\"2 minutes\" \/>\n<script type=\"application\/ld+json\" class=\"yoast-schema-graph\">{\"@context\":\"https:\\\/\\\/schema.org\",\"@graph\":[{\"@type\":\"NewsArticle\",\"@id\":\"https:\\\/\\\/www.webdo.tn\\\/fr\\\/actualite\\\/international\\\/un-depute-polonais-perturbe-la-fete-juive-de-hanouka-a-l-enceinte-du-parlement\\\/210783\\\/#article\",\"isPartOf\":{\"@id\":\"https:\\\/\\\/www.webdo.tn\\\/fr\\\/actualite\\\/international\\\/un-depute-polonais-perturbe-la-fete-juive-de-hanouka-a-l-enceinte-du-parlement\\\/210783\\\/\"},\"author\":{\"name\":\"Ramzi Haddad\",\"@id\":\"https:\\\/\\\/www.webdo.tn\\\/fr\\\/#\\\/schema\\\/person\\\/5663044c25eb36d8f88ba5b653f12f8c\"},\"headline\":\"Un d\u00e9put\u00e9 polonais perturbe la f\u00eate juive de Hanouka dans l\u2019enceinte du parlement !\",\"datePublished\":\"2023-12-13T16:47:00+00:00\",\"mainEntityOfPage\":{\"@id\":\"https:\\\/\\\/www.webdo.tn\\\/fr\\\/actualite\\\/international\\\/un-depute-polonais-perturbe-la-fete-juive-de-hanouka-a-l-enceinte-du-parlement\\\/210783\\\/\"},\"wordCount\":329,\"commentCount\":0,\"publisher\":{\"@id\":\"https:\\\/\\\/www.webdo.tn\\\/fr\\\/#organization\"},\"image\":{\"@id\":\"https:\\\/\\\/www.webdo.tn\\\/fr\\\/actualite\\\/international\\\/un-depute-polonais-perturbe-la-fete-juive-de-hanouka-a-l-enceinte-du-parlement\\\/210783\\\/#primaryimage\"},\"thumbnailUrl\":\"https:\\\/\\\/www.webdo.tn\\\/fr\\\/wp-content\\\/uploads\\\/2023\\\/12\\\/e852ce8850e0259ae636e7dd43910478.jpg\",\"keywords\":[\"Gaza\",\"guerre\",\"pologne\"],\"articleSection\":[\"International\"],\"inLanguage\":\"fr-FR\"},{\"@type\":\"WebPage\",\"@id\":\"https:\\\/\\\/www.webdo.tn\\\/fr\\\/actualite\\\/international\\\/un-depute-polonais-perturbe-la-fete-juive-de-hanouka-a-l-enceinte-du-parlement\\\/210783\\\/\",\"url\":\"https:\\\/\\\/www.webdo.tn\\\/fr\\\/actualite\\\/international\\\/un-depute-polonais-perturbe-la-fete-juive-de-hanouka-a-l-enceinte-du-parlement\\\/210783\\\/\",\"name\":\"Un d\u00e9put\u00e9 polonais perturbe la f\u00eate juive de Hanouka dans l\u2019enceinte du parlement !\",\"isPartOf\":{\"@id\":\"https:\\\/\\\/www.webdo.tn\\\/fr\\\/#website\"},\"primaryImageOfPage\":{\"@id\":\"https:\\\/\\\/www.webdo.tn\\\/fr\\\/actualite\\\/international\\\/un-depute-polonais-perturbe-la-fete-juive-de-hanouka-a-l-enceinte-du-parlement\\\/210783\\\/#primaryimage\"},\"image\":{\"@id\":\"https:\\\/\\\/www.webdo.tn\\\/fr\\\/actualite\\\/international\\\/un-depute-polonais-perturbe-la-fete-juive-de-hanouka-a-l-enceinte-du-parlement\\\/210783\\\/#primaryimage\"},\"thumbnailUrl\":\"https:\\\/\\\/www.webdo.tn\\\/fr\\\/wp-content\\\/uploads\\\/2023\\\/12\\\/e852ce8850e0259ae636e7dd43910478.jpg\",\"datePublished\":\"2023-12-13T16:47:00+00:00\",\"description\":\"Alors que les d\u00e9put\u00e9s polonais se pr\u00e9paraient \u00e0 tenir, hier, mardi 12 d\u00e9cembre, un vote de confiance sur le gouvernement, la session a \u00e9t\u00e9 interrompue.\",\"breadcrumb\":{\"@id\":\"https:\\\/\\\/www.webdo.tn\\\/fr\\\/actualite\\\/international\\\/un-depute-polonais-perturbe-la-fete-juive-de-hanouka-a-l-enceinte-du-parlement\\\/210783\\\/#breadcrumb\"},\"inLanguage\":\"fr-FR\",\"potentialAction\":[{\"@type\":\"ReadAction\",\"target\":[\"https:\\\/\\\/www.webdo.tn\\\/fr\\\/actualite\\\/international\\\/un-depute-polonais-perturbe-la-fete-juive-de-hanouka-a-l-enceinte-du-parlement\\\/210783\\\/\"]}]},{\"@type\":\"ImageObject\",\"inLanguage\":\"fr-FR\",\"@id\":\"https:\\\/\\\/www.webdo.tn\\\/fr\\\/actualite\\\/international\\\/un-depute-polonais-perturbe-la-fete-juive-de-hanouka-a-l-enceinte-du-parlement\\\/210783\\\/#primaryimage\",\"url\":\"https:\\\/\\\/www.webdo.tn\\\/fr\\\/wp-content\\\/uploads\\\/2023\\\/12\\\/e852ce8850e0259ae636e7dd43910478.jpg\",\"contentUrl\":\"https:\\\/\\\/www.webdo.tn\\\/fr\\\/wp-content\\\/uploads\\\/2023\\\/12\\\/e852ce8850e0259ae636e7dd43910478.jpg\",\"width\":750,\"height\":400,\"caption\":\"Un d\u00e9put\u00e9 polonais perturbe la f\u00eate juive de Hanouka dans l\u2019enceinte du parlement !\"},{\"@type\":\"BreadcrumbList\",\"@id\":\"https:\\\/\\\/www.webdo.tn\\\/fr\\\/actualite\\\/international\\\/un-depute-polonais-perturbe-la-fete-juive-de-hanouka-a-l-enceinte-du-parlement\\\/210783\\\/#breadcrumb\",\"itemListElement\":[{\"@type\":\"ListItem\",\"position\":1,\"name\":\"Accueil\",\"item\":\"https:\\\/\\\/www.webdo.tn\\\/fr\\\/\"},{\"@type\":\"ListItem\",\"position\":2,\"name\":\"Un d\u00e9put\u00e9 polonais perturbe la f\u00eate juive de Hanouka dans l\u2019enceinte du parlement !\"}]},{\"@type\":\"WebSite\",\"@id\":\"https:\\\/\\\/www.webdo.tn\\\/fr\\\/#website\",\"url\":\"https:\\\/\\\/www.webdo.tn\\\/fr\\\/\",\"name\":\"webdo\",\"description\":\"Tunisie - News en Tunisie et \u00e0 l&#039;international sur Webdo.tn\",\"publisher\":{\"@id\":\"https:\\\/\\\/www.webdo.tn\\\/fr\\\/#organization\"},\"potentialAction\":[{\"@type\":\"SearchAction\",\"target\":{\"@type\":\"EntryPoint\",\"urlTemplate\":\"https:\\\/\\\/www.webdo.tn\\\/fr\\\/?s={search_term_string}\"},\"query-input\":{\"@type\":\"PropertyValueSpecification\",\"valueRequired\":true,\"valueName\":\"search_term_string\"}}],\"inLanguage\":\"fr-FR\"},{\"@type\":\"Organization\",\"@id\":\"https:\\\/\\\/www.webdo.tn\\\/fr\\\/#organization\",\"name\":\"Webdo\",\"alternateName\":\"Webdo.tn\",\"url\":\"https:\\\/\\\/www.webdo.tn\\\/fr\\\/\",\"logo\":{\"@type\":\"ImageObject\",\"inLanguage\":\"fr-FR\",\"@id\":\"https:\\\/\\\/www.webdo.tn\\\/fr\\\/#\\\/schema\\\/logo\\\/image\\\/\",\"url\":\"https:\\\/\\\/www.webdo.tn\\\/fr\\\/wp-content\\\/uploads\\\/2025\\\/06\\\/Webdo-Tunisie_168377.jpg\",\"contentUrl\":\"https:\\\/\\\/www.webdo.tn\\\/fr\\\/wp-content\\\/uploads\\\/2025\\\/06\\\/Webdo-Tunisie_168377.jpg\",\"width\":301,\"height\":301,\"caption\":\"Webdo\"},\"image\":{\"@id\":\"https:\\\/\\\/www.webdo.tn\\\/fr\\\/#\\\/schema\\\/logo\\\/image\\\/\"},\"sameAs\":[\"https:\\\/\\\/www.facebook.com\\\/webdotn\",\"https:\\\/\\\/x.com\\\/webdo_tn\"],\"description\":\"Webdo est un m\u00e9dia num\u00e9rique tunisien fond\u00e9 en 2010, sp\u00e9cialis\u00e9 dans l\u2019actualit\u00e9 nationale et internationale, l\u2019\u00e9conomie, la soci\u00e9t\u00e9 et les analyses politiques. Le site s\u2019adresse \u00e0 un large public francophone et couvre l\u2019information tunisienne en temps r\u00e9el.\",\"email\":\"redac@webdo.tn\",\"legalName\":\"YNJ SARL\",\"foundingDate\":\"2010-09-06\",\"numberOfEmployees\":{\"@type\":\"QuantitativeValue\",\"minValue\":\"11\",\"maxValue\":\"50\"}},{\"@type\":\"Person\",\"@id\":\"https:\\\/\\\/www.webdo.tn\\\/fr\\\/#\\\/schema\\\/person\\\/5663044c25eb36d8f88ba5b653f12f8c\",\"name\":\"Ramzi Haddad\",\"image\":{\"@type\":\"ImageObject\",\"inLanguage\":\"fr-FR\",\"@id\":\"https:\\\/\\\/www.webdo.tn\\\/fr\\\/wp-content\\\/uploads\\\/2026\\\/04\\\/ramzi-haddad_avatar-96x96.jpg\",\"url\":\"https:\\\/\\\/www.webdo.tn\\\/fr\\\/wp-content\\\/uploads\\\/2026\\\/04\\\/ramzi-haddad_avatar-96x96.jpg\",\"contentUrl\":\"https:\\\/\\\/www.webdo.tn\\\/fr\\\/wp-content\\\/uploads\\\/2026\\\/04\\\/ramzi-haddad_avatar-96x96.jpg\",\"caption\":\"Ramzi Haddad\"},\"description\":\"Signature \u00e9ditoriale de Walid Ben Youssef Ramzi Haddad est le pseudonyme \u00e9ditorial de Walid Ben Youssef, fondateur et g\u00e9rant de Webdo.tn. Cette signature est d\u00e9di\u00e9e \u00e0 la couverture de l'actualit\u00e9 nationale et internationale, ainsi qu'aux analyses des dynamiques num\u00e9riques. Ce profil b\u00e9n\u00e9ficie de l'expertise de Walid Ben Youssef, pionnier du web en Tunisie depuis 2000 et dipl\u00f4m\u00e9 en Math\u00e9matiques pures de l'Universit\u00e9 d'Oregon. \u00c0 travers cette signature, la r\u00e9daction de Webdo garantit une information structur\u00e9e et v\u00e9rifi\u00e9e, fid\u00e8le aux standards journalistiques du m\u00e9dia.\",\"url\":\"https:\\\/\\\/www.webdo.tn\\\/fr\\\/actualite\\\/author\\\/ramzi-haddad\\\/\"}]}<\/script>\n<!-- \/ Yoast SEO Premium plugin. -->","yoast_head_json":{"title":"Un d\u00e9put\u00e9 polonais perturbe la f\u00eate juive de Hanouka dans l\u2019enceinte du parlement !","description":"Alors que les d\u00e9put\u00e9s polonais se pr\u00e9paraient \u00e0 tenir, hier, mardi 12 d\u00e9cembre, un vote de confiance sur le gouvernement, la session a \u00e9t\u00e9 interrompue.","canonical":"https:\/\/www.webdo.tn\/fr\/actualite\/international\/un-depute-polonais-perturbe-la-fete-juive-de-hanouka-a-l-enceinte-du-parlement\/210783\/","og_locale":"fr_FR","og_type":"article","og_title":"Un d\u00e9put\u00e9 polonais perturbe la f\u00eate juive de Hanouka dans l\u2019enceinte du parlement !","og_description":"Alors que les d\u00e9put\u00e9s polonais se pr\u00e9paraient \u00e0 tenir, hier, mardi 12 d\u00e9cembre, un vote de confiance sur le gouvernement, la session a \u00e9t\u00e9 interrompue.","og_url":"https:\/\/www.webdo.tn\/fr\/actualite\/international\/un-depute-polonais-perturbe-la-fete-juive-de-hanouka-a-l-enceinte-du-parlement\/210783\/","og_site_name":"webdo","article_publisher":"https:\/\/www.facebook.com\/webdotn","article_published_time":"2023-12-13T16:47:00+00:00","og_image":[{"width":750,"height":400,"url":"https:\/\/www.webdo.tn\/fr\/wp-content\/uploads\/2023\/12\/e852ce8850e0259ae636e7dd43910478.jpg","type":"image\/jpeg"}],"author":"Ramzi Haddad","twitter_card":"summary_large_image","twitter_creator":"@webdo_tn","twitter_site":"@webdo_tn","twitter_misc":{"\u00c9crit par":"Ramzi Haddad","Dur\u00e9e de lecture estim\u00e9e":"2 minutes"},"schema":{"@context":"https:\/\/schema.org","@graph":[{"@type":"NewsArticle","@id":"https:\/\/www.webdo.tn\/fr\/actualite\/international\/un-depute-polonais-perturbe-la-fete-juive-de-hanouka-a-l-enceinte-du-parlement\/210783\/#article","isPartOf":{"@id":"https:\/\/www.webdo.tn\/fr\/actualite\/international\/un-depute-polonais-perturbe-la-fete-juive-de-hanouka-a-l-enceinte-du-parlement\/210783\/"},"author":{"name":"Ramzi Haddad","@id":"https:\/\/www.webdo.tn\/fr\/#\/schema\/person\/5663044c25eb36d8f88ba5b653f12f8c"},"headline":"Un d\u00e9put\u00e9 polonais perturbe la f\u00eate juive de Hanouka dans l\u2019enceinte du parlement !","datePublished":"2023-12-13T16:47:00+00:00","mainEntityOfPage":{"@id":"https:\/\/www.webdo.tn\/fr\/actualite\/international\/un-depute-polonais-perturbe-la-fete-juive-de-hanouka-a-l-enceinte-du-parlement\/210783\/"},"wordCount":329,"commentCount":0,"publisher":{"@id":"https:\/\/www.webdo.tn\/fr\/#organization"},"image":{"@id":"https:\/\/www.webdo.tn\/fr\/actualite\/international\/un-depute-polonais-perturbe-la-fete-juive-de-hanouka-a-l-enceinte-du-parlement\/210783\/#primaryimage"},"thumbnailUrl":"https:\/\/www.webdo.tn\/fr\/wp-content\/uploads\/2023\/12\/e852ce8850e0259ae636e7dd43910478.jpg","keywords":["Gaza","guerre","pologne"],"articleSection":["International"],"inLanguage":"fr-FR"},{"@type":"WebPage","@id":"https:\/\/www.webdo.tn\/fr\/actualite\/international\/un-depute-polonais-perturbe-la-fete-juive-de-hanouka-a-l-enceinte-du-parlement\/210783\/","url":"https:\/\/www.webdo.tn\/fr\/actualite\/international\/un-depute-polonais-perturbe-la-fete-juive-de-hanouka-a-l-enceinte-du-parlement\/210783\/","name":"Un d\u00e9put\u00e9 polonais perturbe la f\u00eate juive de Hanouka dans l\u2019enceinte du parlement !","isPartOf":{"@id":"https:\/\/www.webdo.tn\/fr\/#website"},"primaryImageOfPage":{"@id":"https:\/\/www.webdo.tn\/fr\/actualite\/international\/un-depute-polonais-perturbe-la-fete-juive-de-hanouka-a-l-enceinte-du-parlement\/210783\/#primaryimage"},"image":{"@id":"https:\/\/www.webdo.tn\/fr\/actualite\/international\/un-depute-polonais-perturbe-la-fete-juive-de-hanouka-a-l-enceinte-du-parlement\/210783\/#primaryimage"},"thumbnailUrl":"https:\/\/www.webdo.tn\/fr\/wp-content\/uploads\/2023\/12\/e852ce8850e0259ae636e7dd43910478.jpg","datePublished":"2023-12-13T16:47:00+00:00","description":"Alors que les d\u00e9put\u00e9s polonais se pr\u00e9paraient \u00e0 tenir, hier, mardi 12 d\u00e9cembre, un vote de confiance sur le gouvernement, la session a \u00e9t\u00e9 interrompue.","breadcrumb":{"@id":"https:\/\/www.webdo.tn\/fr\/actualite\/international\/un-depute-polonais-perturbe-la-fete-juive-de-hanouka-a-l-enceinte-du-parlement\/210783\/#breadcrumb"},"inLanguage":"fr-FR","potentialAction":[{"@type":"ReadAction","target":["https:\/\/www.webdo.tn\/fr\/actualite\/international\/un-depute-polonais-perturbe-la-fete-juive-de-hanouka-a-l-enceinte-du-parlement\/210783\/"]}]},{"@type":"ImageObject","inLanguage":"fr-FR","@id":"https:\/\/www.webdo.tn\/fr\/actualite\/international\/un-depute-polonais-perturbe-la-fete-juive-de-hanouka-a-l-enceinte-du-parlement\/210783\/#primaryimage","url":"https:\/\/www.webdo.tn\/fr\/wp-content\/uploads\/2023\/12\/e852ce8850e0259ae636e7dd43910478.jpg","contentUrl":"https:\/\/www.webdo.tn\/fr\/wp-content\/uploads\/2023\/12\/e852ce8850e0259ae636e7dd43910478.jpg","width":750,"height":400,"caption":"Un d\u00e9put\u00e9 polonais perturbe la f\u00eate juive de Hanouka dans l\u2019enceinte du parlement !"},{"@type":"BreadcrumbList","@id":"https:\/\/www.webdo.tn\/fr\/actualite\/international\/un-depute-polonais-perturbe-la-fete-juive-de-hanouka-a-l-enceinte-du-parlement\/210783\/#breadcrumb","itemListElement":[{"@type":"ListItem","position":1,"name":"Accueil","item":"https:\/\/www.webdo.tn\/fr\/"},{"@type":"ListItem","position":2,"name":"Un d\u00e9put\u00e9 polonais perturbe la f\u00eate juive de Hanouka dans l\u2019enceinte du parlement !"}]},{"@type":"WebSite","@id":"https:\/\/www.webdo.tn\/fr\/#website","url":"https:\/\/www.webdo.tn\/fr\/","name":"webdo","description":"Tunisie - News en Tunisie et \u00e0 l&#039;international sur Webdo.tn","publisher":{"@id":"https:\/\/www.webdo.tn\/fr\/#organization"},"potentialAction":[{"@type":"SearchAction","target":{"@type":"EntryPoint","urlTemplate":"https:\/\/www.webdo.tn\/fr\/?s={search_term_string}"},"query-input":{"@type":"PropertyValueSpecification","valueRequired":true,"valueName":"search_term_string"}}],"inLanguage":"fr-FR"},{"@type":"Organization","@id":"https:\/\/www.webdo.tn\/fr\/#organization","name":"Webdo","alternateName":"Webdo.tn","url":"https:\/\/www.webdo.tn\/fr\/","logo":{"@type":"ImageObject","inLanguage":"fr-FR","@id":"https:\/\/www.webdo.tn\/fr\/#\/schema\/logo\/image\/","url":"https:\/\/www.webdo.tn\/fr\/wp-content\/uploads\/2025\/06\/Webdo-Tunisie_168377.jpg","contentUrl":"https:\/\/www.webdo.tn\/fr\/wp-content\/uploads\/2025\/06\/Webdo-Tunisie_168377.jpg","width":301,"height":301,"caption":"Webdo"},"image":{"@id":"https:\/\/www.webdo.tn\/fr\/#\/schema\/logo\/image\/"},"sameAs":["https:\/\/www.facebook.com\/webdotn","https:\/\/x.com\/webdo_tn"],"description":"Webdo est un m\u00e9dia num\u00e9rique tunisien fond\u00e9 en 2010, sp\u00e9cialis\u00e9 dans l\u2019actualit\u00e9 nationale et internationale, l\u2019\u00e9conomie, la soci\u00e9t\u00e9 et les analyses politiques. Le site s\u2019adresse \u00e0 un large public francophone et couvre l\u2019information tunisienne en temps r\u00e9el.","email":"redac@webdo.tn","legalName":"YNJ SARL","foundingDate":"2010-09-06","numberOfEmployees":{"@type":"QuantitativeValue","minValue":"11","maxValue":"50"}},{"@type":"Person","@id":"https:\/\/www.webdo.tn\/fr\/#\/schema\/person\/5663044c25eb36d8f88ba5b653f12f8c","name":"Ramzi Haddad","image":{"@type":"ImageObject","inLanguage":"fr-FR","@id":"https:\/\/www.webdo.tn\/fr\/wp-content\/uploads\/2026\/04\/ramzi-haddad_avatar-96x96.jpg","url":"https:\/\/www.webdo.tn\/fr\/wp-content\/uploads\/2026\/04\/ramzi-haddad_avatar-96x96.jpg","contentUrl":"https:\/\/www.webdo.tn\/fr\/wp-content\/uploads\/2026\/04\/ramzi-haddad_avatar-96x96.jpg","caption":"Ramzi Haddad"},"description":"Signature \u00e9ditoriale de Walid Ben Youssef Ramzi Haddad est le pseudonyme \u00e9ditorial de Walid Ben Youssef, fondateur et g\u00e9rant de Webdo.tn. Cette signature est d\u00e9di\u00e9e \u00e0 la couverture de l'actualit\u00e9 nationale et internationale, ainsi qu'aux analyses des dynamiques num\u00e9riques. Ce profil b\u00e9n\u00e9ficie de l'expertise de Walid Ben Youssef, pionnier du web en Tunisie depuis 2000 et dipl\u00f4m\u00e9 en Math\u00e9matiques pures de l'Universit\u00e9 d'Oregon. \u00c0 travers cette signature, la r\u00e9daction de Webdo garantit une information structur\u00e9e et v\u00e9rifi\u00e9e, fid\u00e8le aux standards journalistiques du m\u00e9dia.","url":"https:\/\/www.webdo.tn\/fr\/actualite\/author\/ramzi-haddad\/"}]}},"_links":{"self":[{"href":"https:\/\/www.webdo.tn\/fr\/wp-json\/wp\/v2\/posts\/210783","targetHints":{"allow":["GET"]}}],"collection":[{"href":"https:\/\/www.webdo.tn\/fr\/wp-json\/wp\/v2\/posts"}],"about":[{"href":"https:\/\/www.webdo.tn\/fr\/wp-json\/wp\/v2\/types\/post"}],"author":[{"embeddable":true,"href":"https:\/\/www.webdo.tn\/fr\/wp-json\/wp\/v2\/users\/3203"}],"replies":[{"embeddable":true,"href":"https:\/\/www.webdo.tn\/fr\/wp-json\/wp\/v2\/comments?post=210783"}],"version-history":[{"count":0,"href":"https:\/\/www.webdo.tn\/fr\/wp-json\/wp\/v2\/posts\/210783\/revisions"}],"wp:featuredmedia":[{"embeddable":true,"href":"https:\/\/www.webdo.tn\/fr\/wp-json\/wp\/v2\/media\/248526"}],"wp:attachment":[{"href":"https:\/\/www.webdo.tn\/fr\/wp-json\/wp\/v2\/media?parent=210783"}],"wp:term":[{"taxonomy":"category","embeddable":true,"href":"https:\/\/www.webdo.tn\/fr\/wp-json\/wp\/v2\/categories?post=210783"},{"taxonomy":"post_tag","embeddable":true,"href":"https:\/\/www.webdo.tn\/fr\/wp-json\/wp\/v2\/tags?post=210783"}],"curies":[{"name":"wp","href":"https:\/\/api.w.org\/{rel}","templated":true}]}}