{"id":210777,"date":"2023-12-13T10:29:00","date_gmt":"2023-12-13T10:29:00","guid":{"rendered":"https:\/\/www.webdo.tn\/fr\/blog\/la-bad-accorde-82-millions-d-euros-a-la-tunisie-pour-recycler-les-eaux-usees\/210777\/"},"modified":"2025-05-20T22:39:07","modified_gmt":"2025-05-20T22:39:07","slug":"la-bad-accorde-82-millions-d-euros-a-la-tunisie-pour-recycler-les-eaux-usees","status":"publish","type":"post","link":"https:\/\/www.webdo.tn\/fr\/actualite\/national\/la-bad-accorde-82-millions-d-euros-a-la-tunisie-pour-recycler-les-eaux-usees\/210777\/","title":{"rendered":"La BAD accorde 82 millions d\u2019euros \u00e0 la Tunisie pour recycler les eaux us\u00e9es"},"content":{"rendered":"<p>Le Conseil d&rsquo;administration du Groupe de la Banque africaine de d\u00e9veloppement a approuv\u00e9, r\u00e9cemment, un pr\u00eat \u00e0 la Tunisie d\u2019une valeur de 81,9 millions d\u2019euros pour mettre en \u0153uvre le Projet d\u2019am\u00e9lioration de la qualit\u00e9 des eaux us\u00e9es \u00e9pur\u00e9es pour une meilleure r\u00e9silience aux changements climatiques (PAQEE-RCC).<\/p>\n<p>\t\t\t\t\t\t\t\t\t\u00a0<\/p>\n<p>\u00ab Ce projet est un exemple important du nexus eau-\u00e9nergie-agriculture en valorisant les eaux us\u00e9es \u00e9pur\u00e9es pour l\u2019agriculture et en diminuant la facture \u00e9nerg\u00e9tique par le recours \u00e0 l\u2019\u00e9nergie solaire \u00bb, a d\u00e9clar\u00e9 Malinne Blomberg, directrice g\u00e9n\u00e9rale adjointe de la Banque africaine de d\u00e9veloppement pour la r\u00e9gion d\u2019Afrique du Nord, rapporte l\u2019agence Ecofin.\u00a0<\/p>\n<p>\u00ab Avec la mobilisation d\u2019une ressource non conventionnelle qui ne d\u00e9pend pas des al\u00e9as climatiques, ce projet prendra une part active \u00e0 la s\u00e9curit\u00e9 alimentaire (augmentation des productions d\u2019olives, de dattes et autres fruits, le fourrage pour augmenter la production animale, laiti\u00e8re et de viande) dans un contexte de s\u00e9cheresse et de raret\u00e9 des ressources en eau et de l\u2019inflation des prix des produits alimentaires sur le march\u00e9 international \u00bb, a expliqu\u00e9, pour sa part,\u00a0Belgacem Ben Sassi, coordinateur r\u00e9gional eau et assainissement \u00e0 la Banque africaine de d\u00e9veloppement.<\/p>\n<p>Mis en \u0153uvre sur la p\u00e9riode 2024-2028, le projet permettra de mieux traiter les eaux \u00e9pur\u00e9es et se conformer aux normes en vigueur en mati\u00e8re de leur r\u00e9utilisation.\u00a0<br \/>\nIl permettra d\u2019optimiser les performances \u00e9puratoires et \u00e9nerg\u00e9tiques \u00e0 travers la r\u00e9novation des \u00e9quipements \u00e9lectrom\u00e9caniques et \u00e9lectriques et l\u2019utilisation de l\u2019\u00e9nergie solaire photovolta\u00efque dans 19 stations d\u2019\u00e9puration r\u00e9parties sur 11 gouvernorats du pays.<\/p>\n","protected":false},"excerpt":{"rendered":"<p>\u00ab Ce projet est un exemple important du nexus eau-\u00e9nergie-agriculture en valorisant les eaux us\u00e9es \u00e9pur\u00e9es pour l\u2019agriculture et en diminuant la facture \u00e9nerg\u00e9t&#8230;<\/p>\n","protected":false},"author":3175,"featured_media":248527,"comment_status":"open","ping_status":"closed","sticky":false,"template":"","format":"standard","meta":{"footnotes":""},"categories":[44],"tags":[2686,7088,2608],"class_list":["post-210777","post","type-post","status-publish","format-standard","has-post-thumbnail","hentry","category-national","tag-bad","tag-eaux-usees","tag-tunisie"],"yoast_head":"<!-- This site is optimized with the Yoast SEO Premium plugin v27.4 (Yoast SEO v27.5) - https:\/\/yoast.com\/product\/yoast-seo-premium-wordpress\/ -->\n<title>La BAD accorde 82 millions d\u2019euros \u00e0 la Tunisie pour recycler les eaux us\u00e9es<\/title>\n<meta name=\"description\" content=\"\u00ab Ce projet est un exemple important du nexus eau-\u00e9nergie-agriculture en valorisant les eaux us\u00e9es \u00e9pur\u00e9es pour l\u2019agriculture et en diminuant la facture \u00e9nerg\u00e9t...\" \/>\n<link rel=\"canonical\" href=\"https:\/\/www.webdo.tn\/fr\/actualite\/national\/la-bad-accorde-82-millions-d-euros-a-la-tunisie-pour-recycler-les-eaux-usees\/210777\/\" \/>\n<meta property=\"og:locale\" content=\"fr_FR\" \/>\n<meta property=\"og:type\" content=\"article\" \/>\n<meta property=\"og:title\" content=\"La BAD accorde 82 millions d\u2019euros \u00e0 la Tunisie pour recycler les eaux us\u00e9es\" \/>\n<meta property=\"og:description\" content=\"\u00ab Ce projet est un exemple important du nexus eau-\u00e9nergie-agriculture en valorisant les eaux us\u00e9es \u00e9pur\u00e9es pour l\u2019agriculture et en diminuant la facture \u00e9nerg\u00e9t...\" \/>\n<meta property=\"og:url\" content=\"https:\/\/www.webdo.tn\/fr\/actualite\/national\/la-bad-accorde-82-millions-d-euros-a-la-tunisie-pour-recycler-les-eaux-usees\/210777\/\" \/>\n<meta property=\"og:site_name\" content=\"webdo\" \/>\n<meta property=\"article:publisher\" content=\"https:\/\/www.facebook.com\/webdotn\" \/>\n<meta property=\"article:published_time\" content=\"2023-12-13T10:29:00+00:00\" \/>\n<meta property=\"article:modified_time\" content=\"2025-05-20T22:39:07+00:00\" \/>\n<meta property=\"og:image\" content=\"https:\/\/www.webdo.tn\/fr\/wp-content\/uploads\/2023\/12\/5924fb4350076f65c96261f154bb3db9.jpg\" \/>\n\t<meta property=\"og:image:width\" content=\"680\" \/>\n\t<meta property=\"og:image:height\" content=\"363\" \/>\n\t<meta property=\"og:image:type\" content=\"image\/jpeg\" \/>\n<meta name=\"author\" content=\"CL\" \/>\n<meta name=\"twitter:card\" content=\"summary_large_image\" \/>\n<meta name=\"twitter:creator\" content=\"@webdo_tn\" \/>\n<meta name=\"twitter:site\" content=\"@webdo_tn\" \/>\n<meta name=\"twitter:label1\" content=\"\u00c9crit par\" \/>\n\t<meta name=\"twitter:data1\" content=\"CL\" \/>\n\t<meta name=\"twitter:label2\" content=\"Dur\u00e9e de lecture estim\u00e9e\" \/>\n\t<meta name=\"twitter:data2\" content=\"1 minute\" \/>\n<script type=\"application\/ld+json\" class=\"yoast-schema-graph\">{\"@context\":\"https:\\\/\\\/schema.org\",\"@graph\":[{\"@type\":\"NewsArticle\",\"@id\":\"https:\\\/\\\/www.webdo.tn\\\/fr\\\/actualite\\\/national\\\/la-bad-accorde-82-millions-d-euros-a-la-tunisie-pour-recycler-les-eaux-usees\\\/210777\\\/#article\",\"isPartOf\":{\"@id\":\"https:\\\/\\\/www.webdo.tn\\\/fr\\\/actualite\\\/national\\\/la-bad-accorde-82-millions-d-euros-a-la-tunisie-pour-recycler-les-eaux-usees\\\/210777\\\/\"},\"author\":{\"name\":\"CL\",\"@id\":\"https:\\\/\\\/www.webdo.tn\\\/fr\\\/#\\\/schema\\\/person\\\/f35b42a42c5e2511bbd282959d6385cc\"},\"headline\":\"La BAD accorde 82 millions d\u2019euros \u00e0 la Tunisie pour recycler les eaux us\u00e9es\",\"datePublished\":\"2023-12-13T10:29:00+00:00\",\"dateModified\":\"2025-05-20T22:39:07+00:00\",\"mainEntityOfPage\":{\"@id\":\"https:\\\/\\\/www.webdo.tn\\\/fr\\\/actualite\\\/national\\\/la-bad-accorde-82-millions-d-euros-a-la-tunisie-pour-recycler-les-eaux-usees\\\/210777\\\/\"},\"wordCount\":299,\"commentCount\":0,\"publisher\":{\"@id\":\"https:\\\/\\\/www.webdo.tn\\\/fr\\\/#organization\"},\"image\":{\"@id\":\"https:\\\/\\\/www.webdo.tn\\\/fr\\\/actualite\\\/national\\\/la-bad-accorde-82-millions-d-euros-a-la-tunisie-pour-recycler-les-eaux-usees\\\/210777\\\/#primaryimage\"},\"thumbnailUrl\":\"https:\\\/\\\/www.webdo.tn\\\/fr\\\/wp-content\\\/uploads\\\/2023\\\/12\\\/5924fb4350076f65c96261f154bb3db9.jpg\",\"keywords\":[\"BAD\",\"Eaux us\u00e9es\",\"Tunisie\"],\"articleSection\":[\"National\"],\"inLanguage\":\"fr-FR\"},{\"@type\":\"WebPage\",\"@id\":\"https:\\\/\\\/www.webdo.tn\\\/fr\\\/actualite\\\/national\\\/la-bad-accorde-82-millions-d-euros-a-la-tunisie-pour-recycler-les-eaux-usees\\\/210777\\\/\",\"url\":\"https:\\\/\\\/www.webdo.tn\\\/fr\\\/actualite\\\/national\\\/la-bad-accorde-82-millions-d-euros-a-la-tunisie-pour-recycler-les-eaux-usees\\\/210777\\\/\",\"name\":\"La BAD accorde 82 millions d\u2019euros \u00e0 la Tunisie pour recycler les eaux us\u00e9es\",\"isPartOf\":{\"@id\":\"https:\\\/\\\/www.webdo.tn\\\/fr\\\/#website\"},\"primaryImageOfPage\":{\"@id\":\"https:\\\/\\\/www.webdo.tn\\\/fr\\\/actualite\\\/national\\\/la-bad-accorde-82-millions-d-euros-a-la-tunisie-pour-recycler-les-eaux-usees\\\/210777\\\/#primaryimage\"},\"image\":{\"@id\":\"https:\\\/\\\/www.webdo.tn\\\/fr\\\/actualite\\\/national\\\/la-bad-accorde-82-millions-d-euros-a-la-tunisie-pour-recycler-les-eaux-usees\\\/210777\\\/#primaryimage\"},\"thumbnailUrl\":\"https:\\\/\\\/www.webdo.tn\\\/fr\\\/wp-content\\\/uploads\\\/2023\\\/12\\\/5924fb4350076f65c96261f154bb3db9.jpg\",\"datePublished\":\"2023-12-13T10:29:00+00:00\",\"dateModified\":\"2025-05-20T22:39:07+00:00\",\"description\":\"\u00ab Ce projet est un exemple important du nexus eau-\u00e9nergie-agriculture en valorisant les eaux us\u00e9es \u00e9pur\u00e9es pour l\u2019agriculture et en diminuant la facture \u00e9nerg\u00e9t...\",\"breadcrumb\":{\"@id\":\"https:\\\/\\\/www.webdo.tn\\\/fr\\\/actualite\\\/national\\\/la-bad-accorde-82-millions-d-euros-a-la-tunisie-pour-recycler-les-eaux-usees\\\/210777\\\/#breadcrumb\"},\"inLanguage\":\"fr-FR\",\"potentialAction\":[{\"@type\":\"ReadAction\",\"target\":[\"https:\\\/\\\/www.webdo.tn\\\/fr\\\/actualite\\\/national\\\/la-bad-accorde-82-millions-d-euros-a-la-tunisie-pour-recycler-les-eaux-usees\\\/210777\\\/\"]}]},{\"@type\":\"ImageObject\",\"inLanguage\":\"fr-FR\",\"@id\":\"https:\\\/\\\/www.webdo.tn\\\/fr\\\/actualite\\\/national\\\/la-bad-accorde-82-millions-d-euros-a-la-tunisie-pour-recycler-les-eaux-usees\\\/210777\\\/#primaryimage\",\"url\":\"https:\\\/\\\/www.webdo.tn\\\/fr\\\/wp-content\\\/uploads\\\/2023\\\/12\\\/5924fb4350076f65c96261f154bb3db9.jpg\",\"contentUrl\":\"https:\\\/\\\/www.webdo.tn\\\/fr\\\/wp-content\\\/uploads\\\/2023\\\/12\\\/5924fb4350076f65c96261f154bb3db9.jpg\",\"width\":680,\"height\":363,\"caption\":\"La BAD accorde 82 millions d\u2019euros \u00e0 la Tunisie pour recycler les eaux us\u00e9es\"},{\"@type\":\"BreadcrumbList\",\"@id\":\"https:\\\/\\\/www.webdo.tn\\\/fr\\\/actualite\\\/national\\\/la-bad-accorde-82-millions-d-euros-a-la-tunisie-pour-recycler-les-eaux-usees\\\/210777\\\/#breadcrumb\",\"itemListElement\":[{\"@type\":\"ListItem\",\"position\":1,\"name\":\"Accueil\",\"item\":\"https:\\\/\\\/www.webdo.tn\\\/fr\\\/\"},{\"@type\":\"ListItem\",\"position\":2,\"name\":\"La BAD accorde 82 millions d\u2019euros \u00e0 la Tunisie pour recycler les eaux us\u00e9es\"}]},{\"@type\":\"WebSite\",\"@id\":\"https:\\\/\\\/www.webdo.tn\\\/fr\\\/#website\",\"url\":\"https:\\\/\\\/www.webdo.tn\\\/fr\\\/\",\"name\":\"webdo\",\"description\":\"Tunisie - News en Tunisie et \u00e0 l&#039;international sur Webdo.tn\",\"publisher\":{\"@id\":\"https:\\\/\\\/www.webdo.tn\\\/fr\\\/#organization\"},\"potentialAction\":[{\"@type\":\"SearchAction\",\"target\":{\"@type\":\"EntryPoint\",\"urlTemplate\":\"https:\\\/\\\/www.webdo.tn\\\/fr\\\/?s={search_term_string}\"},\"query-input\":{\"@type\":\"PropertyValueSpecification\",\"valueRequired\":true,\"valueName\":\"search_term_string\"}}],\"inLanguage\":\"fr-FR\"},{\"@type\":\"Organization\",\"@id\":\"https:\\\/\\\/www.webdo.tn\\\/fr\\\/#organization\",\"name\":\"Webdo\",\"alternateName\":\"Webdo.tn\",\"url\":\"https:\\\/\\\/www.webdo.tn\\\/fr\\\/\",\"logo\":{\"@type\":\"ImageObject\",\"inLanguage\":\"fr-FR\",\"@id\":\"https:\\\/\\\/www.webdo.tn\\\/fr\\\/#\\\/schema\\\/logo\\\/image\\\/\",\"url\":\"https:\\\/\\\/www.webdo.tn\\\/fr\\\/wp-content\\\/uploads\\\/2025\\\/06\\\/Webdo-Tunisie_168377.jpg\",\"contentUrl\":\"https:\\\/\\\/www.webdo.tn\\\/fr\\\/wp-content\\\/uploads\\\/2025\\\/06\\\/Webdo-Tunisie_168377.jpg\",\"width\":301,\"height\":301,\"caption\":\"Webdo\"},\"image\":{\"@id\":\"https:\\\/\\\/www.webdo.tn\\\/fr\\\/#\\\/schema\\\/logo\\\/image\\\/\"},\"sameAs\":[\"https:\\\/\\\/www.facebook.com\\\/webdotn\",\"https:\\\/\\\/x.com\\\/webdo_tn\"],\"description\":\"Webdo est un m\u00e9dia num\u00e9rique tunisien fond\u00e9 en 2010, sp\u00e9cialis\u00e9 dans l\u2019actualit\u00e9 nationale et internationale, l\u2019\u00e9conomie, la soci\u00e9t\u00e9 et les analyses politiques. Le site s\u2019adresse \u00e0 un large public francophone et couvre l\u2019information tunisienne en temps r\u00e9el.\",\"email\":\"redac@webdo.tn\",\"legalName\":\"YNJ SARL\",\"foundingDate\":\"2010-09-06\",\"numberOfEmployees\":{\"@type\":\"QuantitativeValue\",\"minValue\":\"11\",\"maxValue\":\"50\"}},{\"@type\":\"Person\",\"@id\":\"https:\\\/\\\/www.webdo.tn\\\/fr\\\/#\\\/schema\\\/person\\\/f35b42a42c5e2511bbd282959d6385cc\",\"name\":\"CL\",\"image\":{\"@type\":\"ImageObject\",\"inLanguage\":\"fr-FR\",\"@id\":\"https:\\\/\\\/secure.gravatar.com\\\/avatar\\\/1447a49909b67aa657c488aec6512e1dd6143a480c1ecfee9b5b5cd74eb3b59e?s=96&d=mm&r=g\",\"url\":\"https:\\\/\\\/secure.gravatar.com\\\/avatar\\\/1447a49909b67aa657c488aec6512e1dd6143a480c1ecfee9b5b5cd74eb3b59e?s=96&d=mm&r=g\",\"contentUrl\":\"https:\\\/\\\/secure.gravatar.com\\\/avatar\\\/1447a49909b67aa657c488aec6512e1dd6143a480c1ecfee9b5b5cd74eb3b59e?s=96&d=mm&r=g\",\"caption\":\"CL\"},\"url\":\"https:\\\/\\\/www.webdo.tn\\\/fr\\\/actualite\\\/author\\\/cl\\\/\"}]}<\/script>\n<!-- \/ Yoast SEO Premium plugin. -->","yoast_head_json":{"title":"La BAD accorde 82 millions d\u2019euros \u00e0 la Tunisie pour recycler les eaux us\u00e9es","description":"\u00ab Ce projet est un exemple important du nexus eau-\u00e9nergie-agriculture en valorisant les eaux us\u00e9es \u00e9pur\u00e9es pour l\u2019agriculture et en diminuant la facture \u00e9nerg\u00e9t...","canonical":"https:\/\/www.webdo.tn\/fr\/actualite\/national\/la-bad-accorde-82-millions-d-euros-a-la-tunisie-pour-recycler-les-eaux-usees\/210777\/","og_locale":"fr_FR","og_type":"article","og_title":"La BAD accorde 82 millions d\u2019euros \u00e0 la Tunisie pour recycler les eaux us\u00e9es","og_description":"\u00ab Ce projet est un exemple important du nexus eau-\u00e9nergie-agriculture en valorisant les eaux us\u00e9es \u00e9pur\u00e9es pour l\u2019agriculture et en diminuant la facture \u00e9nerg\u00e9t...","og_url":"https:\/\/www.webdo.tn\/fr\/actualite\/national\/la-bad-accorde-82-millions-d-euros-a-la-tunisie-pour-recycler-les-eaux-usees\/210777\/","og_site_name":"webdo","article_publisher":"https:\/\/www.facebook.com\/webdotn","article_published_time":"2023-12-13T10:29:00+00:00","article_modified_time":"2025-05-20T22:39:07+00:00","og_image":[{"width":680,"height":363,"url":"https:\/\/www.webdo.tn\/fr\/wp-content\/uploads\/2023\/12\/5924fb4350076f65c96261f154bb3db9.jpg","type":"image\/jpeg"}],"author":"CL","twitter_card":"summary_large_image","twitter_creator":"@webdo_tn","twitter_site":"@webdo_tn","twitter_misc":{"\u00c9crit par":"CL","Dur\u00e9e de lecture estim\u00e9e":"1 minute"},"schema":{"@context":"https:\/\/schema.org","@graph":[{"@type":"NewsArticle","@id":"https:\/\/www.webdo.tn\/fr\/actualite\/national\/la-bad-accorde-82-millions-d-euros-a-la-tunisie-pour-recycler-les-eaux-usees\/210777\/#article","isPartOf":{"@id":"https:\/\/www.webdo.tn\/fr\/actualite\/national\/la-bad-accorde-82-millions-d-euros-a-la-tunisie-pour-recycler-les-eaux-usees\/210777\/"},"author":{"name":"CL","@id":"https:\/\/www.webdo.tn\/fr\/#\/schema\/person\/f35b42a42c5e2511bbd282959d6385cc"},"headline":"La BAD accorde 82 millions d\u2019euros \u00e0 la Tunisie pour recycler les eaux us\u00e9es","datePublished":"2023-12-13T10:29:00+00:00","dateModified":"2025-05-20T22:39:07+00:00","mainEntityOfPage":{"@id":"https:\/\/www.webdo.tn\/fr\/actualite\/national\/la-bad-accorde-82-millions-d-euros-a-la-tunisie-pour-recycler-les-eaux-usees\/210777\/"},"wordCount":299,"commentCount":0,"publisher":{"@id":"https:\/\/www.webdo.tn\/fr\/#organization"},"image":{"@id":"https:\/\/www.webdo.tn\/fr\/actualite\/national\/la-bad-accorde-82-millions-d-euros-a-la-tunisie-pour-recycler-les-eaux-usees\/210777\/#primaryimage"},"thumbnailUrl":"https:\/\/www.webdo.tn\/fr\/wp-content\/uploads\/2023\/12\/5924fb4350076f65c96261f154bb3db9.jpg","keywords":["BAD","Eaux us\u00e9es","Tunisie"],"articleSection":["National"],"inLanguage":"fr-FR"},{"@type":"WebPage","@id":"https:\/\/www.webdo.tn\/fr\/actualite\/national\/la-bad-accorde-82-millions-d-euros-a-la-tunisie-pour-recycler-les-eaux-usees\/210777\/","url":"https:\/\/www.webdo.tn\/fr\/actualite\/national\/la-bad-accorde-82-millions-d-euros-a-la-tunisie-pour-recycler-les-eaux-usees\/210777\/","name":"La BAD accorde 82 millions d\u2019euros \u00e0 la Tunisie pour recycler les eaux us\u00e9es","isPartOf":{"@id":"https:\/\/www.webdo.tn\/fr\/#website"},"primaryImageOfPage":{"@id":"https:\/\/www.webdo.tn\/fr\/actualite\/national\/la-bad-accorde-82-millions-d-euros-a-la-tunisie-pour-recycler-les-eaux-usees\/210777\/#primaryimage"},"image":{"@id":"https:\/\/www.webdo.tn\/fr\/actualite\/national\/la-bad-accorde-82-millions-d-euros-a-la-tunisie-pour-recycler-les-eaux-usees\/210777\/#primaryimage"},"thumbnailUrl":"https:\/\/www.webdo.tn\/fr\/wp-content\/uploads\/2023\/12\/5924fb4350076f65c96261f154bb3db9.jpg","datePublished":"2023-12-13T10:29:00+00:00","dateModified":"2025-05-20T22:39:07+00:00","description":"\u00ab Ce projet est un exemple important du nexus eau-\u00e9nergie-agriculture en valorisant les eaux us\u00e9es \u00e9pur\u00e9es pour l\u2019agriculture et en diminuant la facture \u00e9nerg\u00e9t...","breadcrumb":{"@id":"https:\/\/www.webdo.tn\/fr\/actualite\/national\/la-bad-accorde-82-millions-d-euros-a-la-tunisie-pour-recycler-les-eaux-usees\/210777\/#breadcrumb"},"inLanguage":"fr-FR","potentialAction":[{"@type":"ReadAction","target":["https:\/\/www.webdo.tn\/fr\/actualite\/national\/la-bad-accorde-82-millions-d-euros-a-la-tunisie-pour-recycler-les-eaux-usees\/210777\/"]}]},{"@type":"ImageObject","inLanguage":"fr-FR","@id":"https:\/\/www.webdo.tn\/fr\/actualite\/national\/la-bad-accorde-82-millions-d-euros-a-la-tunisie-pour-recycler-les-eaux-usees\/210777\/#primaryimage","url":"https:\/\/www.webdo.tn\/fr\/wp-content\/uploads\/2023\/12\/5924fb4350076f65c96261f154bb3db9.jpg","contentUrl":"https:\/\/www.webdo.tn\/fr\/wp-content\/uploads\/2023\/12\/5924fb4350076f65c96261f154bb3db9.jpg","width":680,"height":363,"caption":"La BAD accorde 82 millions d\u2019euros \u00e0 la Tunisie pour recycler les eaux us\u00e9es"},{"@type":"BreadcrumbList","@id":"https:\/\/www.webdo.tn\/fr\/actualite\/national\/la-bad-accorde-82-millions-d-euros-a-la-tunisie-pour-recycler-les-eaux-usees\/210777\/#breadcrumb","itemListElement":[{"@type":"ListItem","position":1,"name":"Accueil","item":"https:\/\/www.webdo.tn\/fr\/"},{"@type":"ListItem","position":2,"name":"La BAD accorde 82 millions d\u2019euros \u00e0 la Tunisie pour recycler les eaux us\u00e9es"}]},{"@type":"WebSite","@id":"https:\/\/www.webdo.tn\/fr\/#website","url":"https:\/\/www.webdo.tn\/fr\/","name":"webdo","description":"Tunisie - News en Tunisie et \u00e0 l&#039;international sur Webdo.tn","publisher":{"@id":"https:\/\/www.webdo.tn\/fr\/#organization"},"potentialAction":[{"@type":"SearchAction","target":{"@type":"EntryPoint","urlTemplate":"https:\/\/www.webdo.tn\/fr\/?s={search_term_string}"},"query-input":{"@type":"PropertyValueSpecification","valueRequired":true,"valueName":"search_term_string"}}],"inLanguage":"fr-FR"},{"@type":"Organization","@id":"https:\/\/www.webdo.tn\/fr\/#organization","name":"Webdo","alternateName":"Webdo.tn","url":"https:\/\/www.webdo.tn\/fr\/","logo":{"@type":"ImageObject","inLanguage":"fr-FR","@id":"https:\/\/www.webdo.tn\/fr\/#\/schema\/logo\/image\/","url":"https:\/\/www.webdo.tn\/fr\/wp-content\/uploads\/2025\/06\/Webdo-Tunisie_168377.jpg","contentUrl":"https:\/\/www.webdo.tn\/fr\/wp-content\/uploads\/2025\/06\/Webdo-Tunisie_168377.jpg","width":301,"height":301,"caption":"Webdo"},"image":{"@id":"https:\/\/www.webdo.tn\/fr\/#\/schema\/logo\/image\/"},"sameAs":["https:\/\/www.facebook.com\/webdotn","https:\/\/x.com\/webdo_tn"],"description":"Webdo est un m\u00e9dia num\u00e9rique tunisien fond\u00e9 en 2010, sp\u00e9cialis\u00e9 dans l\u2019actualit\u00e9 nationale et internationale, l\u2019\u00e9conomie, la soci\u00e9t\u00e9 et les analyses politiques. Le site s\u2019adresse \u00e0 un large public francophone et couvre l\u2019information tunisienne en temps r\u00e9el.","email":"redac@webdo.tn","legalName":"YNJ SARL","foundingDate":"2010-09-06","numberOfEmployees":{"@type":"QuantitativeValue","minValue":"11","maxValue":"50"}},{"@type":"Person","@id":"https:\/\/www.webdo.tn\/fr\/#\/schema\/person\/f35b42a42c5e2511bbd282959d6385cc","name":"CL","image":{"@type":"ImageObject","inLanguage":"fr-FR","@id":"https:\/\/secure.gravatar.com\/avatar\/1447a49909b67aa657c488aec6512e1dd6143a480c1ecfee9b5b5cd74eb3b59e?s=96&d=mm&r=g","url":"https:\/\/secure.gravatar.com\/avatar\/1447a49909b67aa657c488aec6512e1dd6143a480c1ecfee9b5b5cd74eb3b59e?s=96&d=mm&r=g","contentUrl":"https:\/\/secure.gravatar.com\/avatar\/1447a49909b67aa657c488aec6512e1dd6143a480c1ecfee9b5b5cd74eb3b59e?s=96&d=mm&r=g","caption":"CL"},"url":"https:\/\/www.webdo.tn\/fr\/actualite\/author\/cl\/"}]}},"_links":{"self":[{"href":"https:\/\/www.webdo.tn\/fr\/wp-json\/wp\/v2\/posts\/210777","targetHints":{"allow":["GET"]}}],"collection":[{"href":"https:\/\/www.webdo.tn\/fr\/wp-json\/wp\/v2\/posts"}],"about":[{"href":"https:\/\/www.webdo.tn\/fr\/wp-json\/wp\/v2\/types\/post"}],"author":[{"embeddable":true,"href":"https:\/\/www.webdo.tn\/fr\/wp-json\/wp\/v2\/users\/3175"}],"replies":[{"embeddable":true,"href":"https:\/\/www.webdo.tn\/fr\/wp-json\/wp\/v2\/comments?post=210777"}],"version-history":[{"count":0,"href":"https:\/\/www.webdo.tn\/fr\/wp-json\/wp\/v2\/posts\/210777\/revisions"}],"wp:featuredmedia":[{"embeddable":true,"href":"https:\/\/www.webdo.tn\/fr\/wp-json\/wp\/v2\/media\/248527"}],"wp:attachment":[{"href":"https:\/\/www.webdo.tn\/fr\/wp-json\/wp\/v2\/media?parent=210777"}],"wp:term":[{"taxonomy":"category","embeddable":true,"href":"https:\/\/www.webdo.tn\/fr\/wp-json\/wp\/v2\/categories?post=210777"},{"taxonomy":"post_tag","embeddable":true,"href":"https:\/\/www.webdo.tn\/fr\/wp-json\/wp\/v2\/tags?post=210777"}],"curies":[{"name":"wp","href":"https:\/\/api.w.org\/{rel}","templated":true}]}}