{"id":210769,"date":"2023-12-13T08:11:00","date_gmt":"2023-12-13T08:11:00","guid":{"rendered":"https:\/\/www.webdo.tn\/fr\/blog\/gaza-a-geneve-ammar-lance-un-appel-a-la-communaute-internationale\/210769\/"},"modified":"2025-05-20T22:39:05","modified_gmt":"2025-05-20T22:39:05","slug":"gaza-a-geneve-ammar-lance-un-appel-a-la-communaute-internationale","status":"publish","type":"post","link":"https:\/\/www.webdo.tn\/fr\/actualite\/international\/gaza-a-geneve-ammar-lance-un-appel-a-la-communaute-internationale\/210769\/","title":{"rendered":"Gaza : A Gen\u00e8ve, Ammar lance un appel \u00e0 la communaut\u00e9 internationale"},"content":{"rendered":"<p>La Tunisie a appel\u00e9 la communaut\u00e9 internationale \u00e0 tirer des le\u00e7ons de l&rsquo;histoire, lointaine et r\u00e9cente, pour mettre fin \u00e0 l&rsquo;occupation des territoires palestiniens et de garantir au peuple ses droits l\u00e9gitimes reconnus \u00e0 l&rsquo;\u00e9chelle internationale, a affirm\u00e9 le ministre des Affaires \u00e9trang\u00e8res, de la Migration et des Tunisiens \u00e0 l&rsquo;\u00e9tranger, Nabil Ammar, lors de sa participation mardi, \u00e0 Gen\u00e8ve, \u00e0 une r\u00e9union minist\u00e9rielle de haut niveau.<\/p>\n<p>\t\t\t\t\t\t\t\t\tCit\u00e9 dans un communiqu\u00e9 du d\u00e9partement des Affaires \u00e9trang\u00e8res, le ministre a soulign\u00e9 que la Tunisie avait toujours soutenu la paix dont la justice est la pierre angulaire.<\/p>\n<p>Elle continue de soutenir les justes causes ainsi que le droit du peuple palestinien \u00e0 l&rsquo;autod\u00e9termination et \u00e0 l&rsquo;ind\u00e9pendance, a-t-il ajout\u00e9.<\/p>\n<p>Nabil Ammar a, \u00e0 cette occasion, r\u00e9affirm\u00e9 que la Tunisie rejette fermement toute tentative de d\u00e9placement forc\u00e9 des palestiniens.<\/p>\n<p>Il a appel\u00e9 les m\u00e9dias et les journalistes \u00e0 assumer leurs responsabilit\u00e9s en toute impartialit\u00e9, d\u00e9non\u00e7ant le discours diffus\u00e9 qui met l&rsquo;agresseur et les victimes sur un m\u00eame pied d&rsquo;\u00e9galit\u00e9.<\/p>\n<p>Nabil Ammar a, dans le m\u00eame contexte, fait noter que la politique d&rsquo;arrogance et de terrorisme, adopt\u00e9e depuis des d\u00e9cennies, a \u00e9chou\u00e9 \u00e0 saper les efforts des palestiniens \u00e0 r\u00e9clamer leurs droits.<\/p>\n","protected":false},"excerpt":{"rendered":"<p>Nabil Ammar cause palestinienne Gaza<\/p>\n","protected":false},"author":3175,"featured_media":248522,"comment_status":"open","ping_status":"closed","sticky":false,"template":"","format":"standard","meta":{"footnotes":""},"categories":[2598],"tags":[2689,2688,2608],"class_list":["post-210769","post","type-post","status-publish","format-standard","has-post-thumbnail","hentry","category-international","tag-gaza","tag-palestine","tag-tunisie"],"yoast_head":"<!-- This site is optimized with the Yoast SEO Premium plugin v27.4 (Yoast SEO v27.4) - https:\/\/yoast.com\/product\/yoast-seo-premium-wordpress\/ -->\n<title>Gaza : A Gen\u00e8ve, Ammar lance un appel \u00e0 la communaut\u00e9 internationale<\/title>\n<meta name=\"description\" content=\"Nabil Ammar cause palestinienne Gaza\" \/>\n<link rel=\"canonical\" href=\"https:\/\/www.webdo.tn\/fr\/actualite\/international\/gaza-a-geneve-ammar-lance-un-appel-a-la-communaute-internationale\/210769\/\" \/>\n<meta property=\"og:locale\" content=\"fr_FR\" \/>\n<meta property=\"og:type\" content=\"article\" \/>\n<meta property=\"og:title\" content=\"Gaza : A Gen\u00e8ve, Ammar lance un appel \u00e0 la communaut\u00e9 internationale\" \/>\n<meta property=\"og:description\" content=\"Nabil Ammar cause palestinienne Gaza\" \/>\n<meta property=\"og:url\" content=\"https:\/\/www.webdo.tn\/fr\/actualite\/international\/gaza-a-geneve-ammar-lance-un-appel-a-la-communaute-internationale\/210769\/\" \/>\n<meta property=\"og:site_name\" content=\"webdo\" \/>\n<meta property=\"article:publisher\" content=\"https:\/\/www.facebook.com\/webdotn\" \/>\n<meta property=\"article:published_time\" content=\"2023-12-13T08:11:00+00:00\" \/>\n<meta property=\"article:modified_time\" content=\"2025-05-20T22:39:05+00:00\" \/>\n<meta property=\"og:image\" content=\"https:\/\/www.webdo.tn\/fr\/wp-content\/uploads\/2023\/12\/c40c041a5e90f9000871bf32c06e7cb1.jpg\" \/>\n\t<meta property=\"og:image:width\" content=\"750\" \/>\n\t<meta property=\"og:image:height\" content=\"400\" \/>\n\t<meta property=\"og:image:type\" content=\"image\/jpeg\" \/>\n<meta name=\"author\" content=\"CL\" \/>\n<meta name=\"twitter:card\" content=\"summary_large_image\" \/>\n<meta name=\"twitter:creator\" content=\"@webdo_tn\" \/>\n<meta name=\"twitter:site\" content=\"@webdo_tn\" \/>\n<meta name=\"twitter:label1\" content=\"\u00c9crit par\" \/>\n\t<meta name=\"twitter:data1\" content=\"CL\" \/>\n\t<meta name=\"twitter:label2\" content=\"Dur\u00e9e de lecture estim\u00e9e\" \/>\n\t<meta name=\"twitter:data2\" content=\"1 minute\" \/>\n<script type=\"application\/ld+json\" class=\"yoast-schema-graph\">{\"@context\":\"https:\\\/\\\/schema.org\",\"@graph\":[{\"@type\":\"NewsArticle\",\"@id\":\"https:\\\/\\\/www.webdo.tn\\\/fr\\\/actualite\\\/international\\\/gaza-a-geneve-ammar-lance-un-appel-a-la-communaute-internationale\\\/210769\\\/#article\",\"isPartOf\":{\"@id\":\"https:\\\/\\\/www.webdo.tn\\\/fr\\\/actualite\\\/international\\\/gaza-a-geneve-ammar-lance-un-appel-a-la-communaute-internationale\\\/210769\\\/\"},\"author\":{\"name\":\"CL\",\"@id\":\"https:\\\/\\\/www.webdo.tn\\\/fr\\\/#\\\/schema\\\/person\\\/f35b42a42c5e2511bbd282959d6385cc\"},\"headline\":\"Gaza : A Gen\u00e8ve, Ammar lance un appel \u00e0 la communaut\u00e9 internationale\",\"datePublished\":\"2023-12-13T08:11:00+00:00\",\"dateModified\":\"2025-05-20T22:39:05+00:00\",\"mainEntityOfPage\":{\"@id\":\"https:\\\/\\\/www.webdo.tn\\\/fr\\\/actualite\\\/international\\\/gaza-a-geneve-ammar-lance-un-appel-a-la-communaute-internationale\\\/210769\\\/\"},\"wordCount\":227,\"commentCount\":0,\"publisher\":{\"@id\":\"https:\\\/\\\/www.webdo.tn\\\/fr\\\/#organization\"},\"image\":{\"@id\":\"https:\\\/\\\/www.webdo.tn\\\/fr\\\/actualite\\\/international\\\/gaza-a-geneve-ammar-lance-un-appel-a-la-communaute-internationale\\\/210769\\\/#primaryimage\"},\"thumbnailUrl\":\"https:\\\/\\\/www.webdo.tn\\\/fr\\\/wp-content\\\/uploads\\\/2023\\\/12\\\/c40c041a5e90f9000871bf32c06e7cb1.jpg\",\"keywords\":[\"Gaza\",\"Palestine\",\"Tunisie\"],\"articleSection\":[\"International\"],\"inLanguage\":\"fr-FR\"},{\"@type\":\"WebPage\",\"@id\":\"https:\\\/\\\/www.webdo.tn\\\/fr\\\/actualite\\\/international\\\/gaza-a-geneve-ammar-lance-un-appel-a-la-communaute-internationale\\\/210769\\\/\",\"url\":\"https:\\\/\\\/www.webdo.tn\\\/fr\\\/actualite\\\/international\\\/gaza-a-geneve-ammar-lance-un-appel-a-la-communaute-internationale\\\/210769\\\/\",\"name\":\"Gaza : A Gen\u00e8ve, Ammar lance un appel \u00e0 la communaut\u00e9 internationale\",\"isPartOf\":{\"@id\":\"https:\\\/\\\/www.webdo.tn\\\/fr\\\/#website\"},\"primaryImageOfPage\":{\"@id\":\"https:\\\/\\\/www.webdo.tn\\\/fr\\\/actualite\\\/international\\\/gaza-a-geneve-ammar-lance-un-appel-a-la-communaute-internationale\\\/210769\\\/#primaryimage\"},\"image\":{\"@id\":\"https:\\\/\\\/www.webdo.tn\\\/fr\\\/actualite\\\/international\\\/gaza-a-geneve-ammar-lance-un-appel-a-la-communaute-internationale\\\/210769\\\/#primaryimage\"},\"thumbnailUrl\":\"https:\\\/\\\/www.webdo.tn\\\/fr\\\/wp-content\\\/uploads\\\/2023\\\/12\\\/c40c041a5e90f9000871bf32c06e7cb1.jpg\",\"datePublished\":\"2023-12-13T08:11:00+00:00\",\"dateModified\":\"2025-05-20T22:39:05+00:00\",\"description\":\"Nabil Ammar cause palestinienne Gaza\",\"breadcrumb\":{\"@id\":\"https:\\\/\\\/www.webdo.tn\\\/fr\\\/actualite\\\/international\\\/gaza-a-geneve-ammar-lance-un-appel-a-la-communaute-internationale\\\/210769\\\/#breadcrumb\"},\"inLanguage\":\"fr-FR\",\"potentialAction\":[{\"@type\":\"ReadAction\",\"target\":[\"https:\\\/\\\/www.webdo.tn\\\/fr\\\/actualite\\\/international\\\/gaza-a-geneve-ammar-lance-un-appel-a-la-communaute-internationale\\\/210769\\\/\"]}]},{\"@type\":\"ImageObject\",\"inLanguage\":\"fr-FR\",\"@id\":\"https:\\\/\\\/www.webdo.tn\\\/fr\\\/actualite\\\/international\\\/gaza-a-geneve-ammar-lance-un-appel-a-la-communaute-internationale\\\/210769\\\/#primaryimage\",\"url\":\"https:\\\/\\\/www.webdo.tn\\\/fr\\\/wp-content\\\/uploads\\\/2023\\\/12\\\/c40c041a5e90f9000871bf32c06e7cb1.jpg\",\"contentUrl\":\"https:\\\/\\\/www.webdo.tn\\\/fr\\\/wp-content\\\/uploads\\\/2023\\\/12\\\/c40c041a5e90f9000871bf32c06e7cb1.jpg\",\"width\":750,\"height\":400,\"caption\":\"Gaza : A Gen\u00e8ve, Ammar lance un appel \u00e0 la communaut\u00e9 internationale\"},{\"@type\":\"BreadcrumbList\",\"@id\":\"https:\\\/\\\/www.webdo.tn\\\/fr\\\/actualite\\\/international\\\/gaza-a-geneve-ammar-lance-un-appel-a-la-communaute-internationale\\\/210769\\\/#breadcrumb\",\"itemListElement\":[{\"@type\":\"ListItem\",\"position\":1,\"name\":\"Accueil\",\"item\":\"https:\\\/\\\/www.webdo.tn\\\/fr\\\/\"},{\"@type\":\"ListItem\",\"position\":2,\"name\":\"Gaza : A Gen\u00e8ve, Ammar lance un appel \u00e0 la communaut\u00e9 internationale\"}]},{\"@type\":\"WebSite\",\"@id\":\"https:\\\/\\\/www.webdo.tn\\\/fr\\\/#website\",\"url\":\"https:\\\/\\\/www.webdo.tn\\\/fr\\\/\",\"name\":\"webdo\",\"description\":\"Tunisie - News en Tunisie et \u00e0 l&#039;international sur Webdo.tn\",\"publisher\":{\"@id\":\"https:\\\/\\\/www.webdo.tn\\\/fr\\\/#organization\"},\"potentialAction\":[{\"@type\":\"SearchAction\",\"target\":{\"@type\":\"EntryPoint\",\"urlTemplate\":\"https:\\\/\\\/www.webdo.tn\\\/fr\\\/?s={search_term_string}\"},\"query-input\":{\"@type\":\"PropertyValueSpecification\",\"valueRequired\":true,\"valueName\":\"search_term_string\"}}],\"inLanguage\":\"fr-FR\"},{\"@type\":\"Organization\",\"@id\":\"https:\\\/\\\/www.webdo.tn\\\/fr\\\/#organization\",\"name\":\"Webdo\",\"alternateName\":\"Webdo.tn\",\"url\":\"https:\\\/\\\/www.webdo.tn\\\/fr\\\/\",\"logo\":{\"@type\":\"ImageObject\",\"inLanguage\":\"fr-FR\",\"@id\":\"https:\\\/\\\/www.webdo.tn\\\/fr\\\/#\\\/schema\\\/logo\\\/image\\\/\",\"url\":\"https:\\\/\\\/www.webdo.tn\\\/fr\\\/wp-content\\\/uploads\\\/2025\\\/06\\\/Webdo-Tunisie_168377.jpg\",\"contentUrl\":\"https:\\\/\\\/www.webdo.tn\\\/fr\\\/wp-content\\\/uploads\\\/2025\\\/06\\\/Webdo-Tunisie_168377.jpg\",\"width\":301,\"height\":301,\"caption\":\"Webdo\"},\"image\":{\"@id\":\"https:\\\/\\\/www.webdo.tn\\\/fr\\\/#\\\/schema\\\/logo\\\/image\\\/\"},\"sameAs\":[\"https:\\\/\\\/www.facebook.com\\\/webdotn\",\"https:\\\/\\\/x.com\\\/webdo_tn\"],\"description\":\"Webdo est un m\u00e9dia num\u00e9rique tunisien fond\u00e9 en 2010, sp\u00e9cialis\u00e9 dans l\u2019actualit\u00e9 nationale et internationale, l\u2019\u00e9conomie, la soci\u00e9t\u00e9 et les analyses politiques. Le site s\u2019adresse \u00e0 un large public francophone et couvre l\u2019information tunisienne en temps r\u00e9el.\",\"email\":\"redac@webdo.tn\",\"legalName\":\"YNJ SARL\",\"foundingDate\":\"2010-09-06\",\"numberOfEmployees\":{\"@type\":\"QuantitativeValue\",\"minValue\":\"11\",\"maxValue\":\"50\"}},{\"@type\":\"Person\",\"@id\":\"https:\\\/\\\/www.webdo.tn\\\/fr\\\/#\\\/schema\\\/person\\\/f35b42a42c5e2511bbd282959d6385cc\",\"name\":\"CL\",\"image\":{\"@type\":\"ImageObject\",\"inLanguage\":\"fr-FR\",\"@id\":\"https:\\\/\\\/secure.gravatar.com\\\/avatar\\\/1447a49909b67aa657c488aec6512e1dd6143a480c1ecfee9b5b5cd74eb3b59e?s=96&d=mm&r=g\",\"url\":\"https:\\\/\\\/secure.gravatar.com\\\/avatar\\\/1447a49909b67aa657c488aec6512e1dd6143a480c1ecfee9b5b5cd74eb3b59e?s=96&d=mm&r=g\",\"contentUrl\":\"https:\\\/\\\/secure.gravatar.com\\\/avatar\\\/1447a49909b67aa657c488aec6512e1dd6143a480c1ecfee9b5b5cd74eb3b59e?s=96&d=mm&r=g\",\"caption\":\"CL\"},\"url\":\"https:\\\/\\\/www.webdo.tn\\\/fr\\\/actualite\\\/author\\\/cl\\\/\"}]}<\/script>\n<!-- \/ Yoast SEO Premium plugin. -->","yoast_head_json":{"title":"Gaza : A Gen\u00e8ve, Ammar lance un appel \u00e0 la communaut\u00e9 internationale","description":"Nabil Ammar cause palestinienne Gaza","canonical":"https:\/\/www.webdo.tn\/fr\/actualite\/international\/gaza-a-geneve-ammar-lance-un-appel-a-la-communaute-internationale\/210769\/","og_locale":"fr_FR","og_type":"article","og_title":"Gaza : A Gen\u00e8ve, Ammar lance un appel \u00e0 la communaut\u00e9 internationale","og_description":"Nabil Ammar cause palestinienne Gaza","og_url":"https:\/\/www.webdo.tn\/fr\/actualite\/international\/gaza-a-geneve-ammar-lance-un-appel-a-la-communaute-internationale\/210769\/","og_site_name":"webdo","article_publisher":"https:\/\/www.facebook.com\/webdotn","article_published_time":"2023-12-13T08:11:00+00:00","article_modified_time":"2025-05-20T22:39:05+00:00","og_image":[{"width":750,"height":400,"url":"https:\/\/www.webdo.tn\/fr\/wp-content\/uploads\/2023\/12\/c40c041a5e90f9000871bf32c06e7cb1.jpg","type":"image\/jpeg"}],"author":"CL","twitter_card":"summary_large_image","twitter_creator":"@webdo_tn","twitter_site":"@webdo_tn","twitter_misc":{"\u00c9crit par":"CL","Dur\u00e9e de lecture estim\u00e9e":"1 minute"},"schema":{"@context":"https:\/\/schema.org","@graph":[{"@type":"NewsArticle","@id":"https:\/\/www.webdo.tn\/fr\/actualite\/international\/gaza-a-geneve-ammar-lance-un-appel-a-la-communaute-internationale\/210769\/#article","isPartOf":{"@id":"https:\/\/www.webdo.tn\/fr\/actualite\/international\/gaza-a-geneve-ammar-lance-un-appel-a-la-communaute-internationale\/210769\/"},"author":{"name":"CL","@id":"https:\/\/www.webdo.tn\/fr\/#\/schema\/person\/f35b42a42c5e2511bbd282959d6385cc"},"headline":"Gaza : A Gen\u00e8ve, Ammar lance un appel \u00e0 la communaut\u00e9 internationale","datePublished":"2023-12-13T08:11:00+00:00","dateModified":"2025-05-20T22:39:05+00:00","mainEntityOfPage":{"@id":"https:\/\/www.webdo.tn\/fr\/actualite\/international\/gaza-a-geneve-ammar-lance-un-appel-a-la-communaute-internationale\/210769\/"},"wordCount":227,"commentCount":0,"publisher":{"@id":"https:\/\/www.webdo.tn\/fr\/#organization"},"image":{"@id":"https:\/\/www.webdo.tn\/fr\/actualite\/international\/gaza-a-geneve-ammar-lance-un-appel-a-la-communaute-internationale\/210769\/#primaryimage"},"thumbnailUrl":"https:\/\/www.webdo.tn\/fr\/wp-content\/uploads\/2023\/12\/c40c041a5e90f9000871bf32c06e7cb1.jpg","keywords":["Gaza","Palestine","Tunisie"],"articleSection":["International"],"inLanguage":"fr-FR"},{"@type":"WebPage","@id":"https:\/\/www.webdo.tn\/fr\/actualite\/international\/gaza-a-geneve-ammar-lance-un-appel-a-la-communaute-internationale\/210769\/","url":"https:\/\/www.webdo.tn\/fr\/actualite\/international\/gaza-a-geneve-ammar-lance-un-appel-a-la-communaute-internationale\/210769\/","name":"Gaza : A Gen\u00e8ve, Ammar lance un appel \u00e0 la communaut\u00e9 internationale","isPartOf":{"@id":"https:\/\/www.webdo.tn\/fr\/#website"},"primaryImageOfPage":{"@id":"https:\/\/www.webdo.tn\/fr\/actualite\/international\/gaza-a-geneve-ammar-lance-un-appel-a-la-communaute-internationale\/210769\/#primaryimage"},"image":{"@id":"https:\/\/www.webdo.tn\/fr\/actualite\/international\/gaza-a-geneve-ammar-lance-un-appel-a-la-communaute-internationale\/210769\/#primaryimage"},"thumbnailUrl":"https:\/\/www.webdo.tn\/fr\/wp-content\/uploads\/2023\/12\/c40c041a5e90f9000871bf32c06e7cb1.jpg","datePublished":"2023-12-13T08:11:00+00:00","dateModified":"2025-05-20T22:39:05+00:00","description":"Nabil Ammar cause palestinienne Gaza","breadcrumb":{"@id":"https:\/\/www.webdo.tn\/fr\/actualite\/international\/gaza-a-geneve-ammar-lance-un-appel-a-la-communaute-internationale\/210769\/#breadcrumb"},"inLanguage":"fr-FR","potentialAction":[{"@type":"ReadAction","target":["https:\/\/www.webdo.tn\/fr\/actualite\/international\/gaza-a-geneve-ammar-lance-un-appel-a-la-communaute-internationale\/210769\/"]}]},{"@type":"ImageObject","inLanguage":"fr-FR","@id":"https:\/\/www.webdo.tn\/fr\/actualite\/international\/gaza-a-geneve-ammar-lance-un-appel-a-la-communaute-internationale\/210769\/#primaryimage","url":"https:\/\/www.webdo.tn\/fr\/wp-content\/uploads\/2023\/12\/c40c041a5e90f9000871bf32c06e7cb1.jpg","contentUrl":"https:\/\/www.webdo.tn\/fr\/wp-content\/uploads\/2023\/12\/c40c041a5e90f9000871bf32c06e7cb1.jpg","width":750,"height":400,"caption":"Gaza : A Gen\u00e8ve, Ammar lance un appel \u00e0 la communaut\u00e9 internationale"},{"@type":"BreadcrumbList","@id":"https:\/\/www.webdo.tn\/fr\/actualite\/international\/gaza-a-geneve-ammar-lance-un-appel-a-la-communaute-internationale\/210769\/#breadcrumb","itemListElement":[{"@type":"ListItem","position":1,"name":"Accueil","item":"https:\/\/www.webdo.tn\/fr\/"},{"@type":"ListItem","position":2,"name":"Gaza : A Gen\u00e8ve, Ammar lance un appel \u00e0 la communaut\u00e9 internationale"}]},{"@type":"WebSite","@id":"https:\/\/www.webdo.tn\/fr\/#website","url":"https:\/\/www.webdo.tn\/fr\/","name":"webdo","description":"Tunisie - News en Tunisie et \u00e0 l&#039;international sur Webdo.tn","publisher":{"@id":"https:\/\/www.webdo.tn\/fr\/#organization"},"potentialAction":[{"@type":"SearchAction","target":{"@type":"EntryPoint","urlTemplate":"https:\/\/www.webdo.tn\/fr\/?s={search_term_string}"},"query-input":{"@type":"PropertyValueSpecification","valueRequired":true,"valueName":"search_term_string"}}],"inLanguage":"fr-FR"},{"@type":"Organization","@id":"https:\/\/www.webdo.tn\/fr\/#organization","name":"Webdo","alternateName":"Webdo.tn","url":"https:\/\/www.webdo.tn\/fr\/","logo":{"@type":"ImageObject","inLanguage":"fr-FR","@id":"https:\/\/www.webdo.tn\/fr\/#\/schema\/logo\/image\/","url":"https:\/\/www.webdo.tn\/fr\/wp-content\/uploads\/2025\/06\/Webdo-Tunisie_168377.jpg","contentUrl":"https:\/\/www.webdo.tn\/fr\/wp-content\/uploads\/2025\/06\/Webdo-Tunisie_168377.jpg","width":301,"height":301,"caption":"Webdo"},"image":{"@id":"https:\/\/www.webdo.tn\/fr\/#\/schema\/logo\/image\/"},"sameAs":["https:\/\/www.facebook.com\/webdotn","https:\/\/x.com\/webdo_tn"],"description":"Webdo est un m\u00e9dia num\u00e9rique tunisien fond\u00e9 en 2010, sp\u00e9cialis\u00e9 dans l\u2019actualit\u00e9 nationale et internationale, l\u2019\u00e9conomie, la soci\u00e9t\u00e9 et les analyses politiques. Le site s\u2019adresse \u00e0 un large public francophone et couvre l\u2019information tunisienne en temps r\u00e9el.","email":"redac@webdo.tn","legalName":"YNJ SARL","foundingDate":"2010-09-06","numberOfEmployees":{"@type":"QuantitativeValue","minValue":"11","maxValue":"50"}},{"@type":"Person","@id":"https:\/\/www.webdo.tn\/fr\/#\/schema\/person\/f35b42a42c5e2511bbd282959d6385cc","name":"CL","image":{"@type":"ImageObject","inLanguage":"fr-FR","@id":"https:\/\/secure.gravatar.com\/avatar\/1447a49909b67aa657c488aec6512e1dd6143a480c1ecfee9b5b5cd74eb3b59e?s=96&d=mm&r=g","url":"https:\/\/secure.gravatar.com\/avatar\/1447a49909b67aa657c488aec6512e1dd6143a480c1ecfee9b5b5cd74eb3b59e?s=96&d=mm&r=g","contentUrl":"https:\/\/secure.gravatar.com\/avatar\/1447a49909b67aa657c488aec6512e1dd6143a480c1ecfee9b5b5cd74eb3b59e?s=96&d=mm&r=g","caption":"CL"},"url":"https:\/\/www.webdo.tn\/fr\/actualite\/author\/cl\/"}]}},"_links":{"self":[{"href":"https:\/\/www.webdo.tn\/fr\/wp-json\/wp\/v2\/posts\/210769","targetHints":{"allow":["GET"]}}],"collection":[{"href":"https:\/\/www.webdo.tn\/fr\/wp-json\/wp\/v2\/posts"}],"about":[{"href":"https:\/\/www.webdo.tn\/fr\/wp-json\/wp\/v2\/types\/post"}],"author":[{"embeddable":true,"href":"https:\/\/www.webdo.tn\/fr\/wp-json\/wp\/v2\/users\/3175"}],"replies":[{"embeddable":true,"href":"https:\/\/www.webdo.tn\/fr\/wp-json\/wp\/v2\/comments?post=210769"}],"version-history":[{"count":0,"href":"https:\/\/www.webdo.tn\/fr\/wp-json\/wp\/v2\/posts\/210769\/revisions"}],"wp:featuredmedia":[{"embeddable":true,"href":"https:\/\/www.webdo.tn\/fr\/wp-json\/wp\/v2\/media\/248522"}],"wp:attachment":[{"href":"https:\/\/www.webdo.tn\/fr\/wp-json\/wp\/v2\/media?parent=210769"}],"wp:term":[{"taxonomy":"category","embeddable":true,"href":"https:\/\/www.webdo.tn\/fr\/wp-json\/wp\/v2\/categories?post=210769"},{"taxonomy":"post_tag","embeddable":true,"href":"https:\/\/www.webdo.tn\/fr\/wp-json\/wp\/v2\/tags?post=210769"}],"curies":[{"name":"wp","href":"https:\/\/api.w.org\/{rel}","templated":true}]}}