{"id":210765,"date":"2023-12-13T05:30:00","date_gmt":"2023-12-13T05:30:00","guid":{"rendered":"https:\/\/www.webdo.tn\/fr\/blog\/le-festival-du-film-d-el-gouna-devoile-les-jurys-des-differentes-competitions-de-sa-6eme-edition\/210765\/"},"modified":"2025-05-21T08:57:16","modified_gmt":"2025-05-21T08:57:16","slug":"le-festival-du-film-d-el-gouna-devoile-les-jurys-des-differentes-competitions-de-sa-6eme-edition","status":"publish","type":"post","link":"https:\/\/www.webdo.tn\/fr\/actualite\/culture\/le-festival-du-film-d-el-gouna-devoile-les-jurys-des-differentes-competitions-de-sa-6eme-edition\/210765\/","title":{"rendered":"Le Festival du Film d&rsquo;El Gouna d\u00e9voile les jurys des diff\u00e9rentes comp\u00e9titions de sa 6\u00e8me \u00e9dition"},"content":{"rendered":"<div class=\"single-body entry-content typography-copy\" itemprop=\"articleBody\">\n<p style=\"font-weight: bold; text-align: justify\">\n\t\t\t\t\t\t\t\t\t\u00c0 l&rsquo;approche de la tr\u00e8s attendue 6\u00e8me \u00e9dition du Festival du Film d&rsquo;El Gouna (GFF), l&rsquo;\u00e9v\u00e9nement d\u00e9voile avec fiert\u00e9 les membres \u00e9m\u00e9rites du jury des comp\u00e9titions de longs et courts m\u00e9trages de fiction, ainsi que des longs et courts m\u00e9trages documentaires. Les films pr\u00e9sent\u00e9s lors du festival concourront \u00e9galement pour des distinctions prestigieuses telles que l&rsquo;El Gouna Green Star, le Prix du Cin\u00e9ma pour l&rsquo;Humanit\u00e9, ainsi que les Prix FIPRESCI et NETPAC. Cette assembl\u00e9e distingu\u00e9e de jur\u00e9s apporte une expertise vari\u00e9e et des perspectives diversifi\u00e9es afin d&rsquo;\u00e9valuer les \u0153uvres exceptionnelles dans ces cat\u00e9gories.\n\t\t\t\t\t\t\t\t<\/p>\n<div class=\"coprs\" style=\"text-align: center\"><\/div>\n<div class=\"coprs\" style=\"text-align: justify\">\n<p><span><span><span><span>Malgr\u00e9 les d\u00e9fis, le GFF demeure fid\u00e8le \u00e0 son engagement de soutenir des \u0153uvres cin\u00e9matographiques exceptionnelles. Les jur\u00e9s, r\u00e9partis dans diff\u00e9rentes cat\u00e9gories, s&rsquo;appr\u00eatent \u00e0 entreprendre la t\u00e2che redoutable d&rsquo;\u00e9valuer des films exceptionnels.<\/span><\/span><\/span><\/span><\/p>\n<p><span><span><strong><span><span>COMP\u00c9TITION DES LONGS M\u00c9TRAGES DE FICTION<\/span><\/span><\/strong><\/span><\/span><\/p>\n<p><span><span><span><span>1. <strong>Anup Singh<\/strong><\/span><\/span><\/span><\/span><br \/>\n<span><span><span><span>Anup Singh, \u00e9rudit du cin\u00e9ma, auteur et figure \u00e9minente du cin\u00e9ma indien alternatif bas\u00e9 \u00e0 Gen\u00e8ve, a forg\u00e9 une carri\u00e8re de r\u00e9alisateur distinctive et d\u00e9lib\u00e9r\u00e9e, \u00e9clairant le paysage cin\u00e9matographique.<\/span><\/span><\/span><\/span><\/p>\n<p><span><span><span><span>2. <strong>Saba Mubarak<\/strong><\/span><\/span><\/span><\/span><br \/>\n<span><span><span><span>Actrice jordanienne, avec 60 \u0153uvres \u00e0 son actif dans le cin\u00e9ma, la t\u00e9l\u00e9vision et le th\u00e9\u00e2tre, offre des performances percutantes capturant les diverses exp\u00e9riences des femmes arabes.<\/span><\/span><\/span><\/span><\/p>\n<p><span><span><span><span>3. <strong>Yasmine Al-Massri<\/strong><\/span><\/span><\/span><\/span><br \/>\n<span><span><span><span>Actrice internationalement acclam\u00e9e, artiste et militante des droits de l&rsquo;homme, n\u00e9e au Liban d&rsquo;un p\u00e8re palestinien et d&rsquo;une m\u00e8re \u00e9gyptienne. Bas\u00e9e aux \u00c9tats-Unis, Yasmine Al-Massri remet en question les st\u00e9r\u00e9otypes et d\u00e9fend des r\u00e9cits sous-repr\u00e9sent\u00e9s.<\/span><\/span><\/span><\/span><\/p>\n<p><span><span><span><span>4<strong>. Manal Issa<\/strong><\/span><\/span><\/span><\/span><br \/>\n<span><span><span><span>Actrice franco-libanaise acclam\u00e9e, reconnue pour ses performances prim\u00e9es, fusionne habilement ses talents polyvalents en tant que sc\u00e9nariste et vedette, enrichissant le paysage cin\u00e9matographique.<\/span><\/span><\/span><\/span><\/p>\n<p><span><span><span><span>5. <strong>Omar El Zohairy<\/strong><\/span><\/span><\/span><\/span><br \/>\n<span><span><span><span>R\u00e9alisateur acclam\u00e9, originaire d&rsquo;\u00c9gypte, connu pour ses films distinctifs m\u00ealant r\u00e9alisme et surr\u00e9alisme, ainsi que leur commentaire social incisif.<\/span><\/span><\/span><\/span><\/p>\n<p><span><span><strong><span><span>COMP\u00c9TITION DES LONGS M\u00c9TRAGES DOCUMENTAIRES ET EL GOUNA GREEN STAR<\/span><\/span><\/strong><\/span><\/span><\/p>\n<p><span><span><span><span>1.<strong> Catherine Dussart<\/strong><\/span><\/span><\/span><\/span><br \/>\n<span><span><span><span>Productrice renomm\u00e9e, c\u00e9l\u00e9br\u00e9e pour la qualit\u00e9 de la narration et l&rsquo;excellence cin\u00e9matographique, ayant supervis\u00e9 la production de pr\u00e8s de 100 films dans plus de 15 pays.<\/span><\/span><\/span><\/span><\/p>\n<p><span><span><span><span>2. <strong>Jehane Noujaim<\/strong><\/span><\/span><\/span><\/span><br \/>\n<span><span><span><span>R\u00e9alisatrice nomm\u00e9e aux Oscars, connue pour d\u00e9m\u00ealer des r\u00e9cits complexes et une narration captivante qui ont enrichi le paysage documentaire.<\/span><\/span><\/span><\/span><\/p>\n<p><span><span><span><span>3. <strong>Ibrahim Shaddad<\/strong><\/span><\/span><\/span><\/span><br \/>\n<span><span><span><span>Figure cruciale du cin\u00e9ma soudanais, connu pour aborder des probl\u00e8mes sociaux \u00e0 travers des films percutants. \u00c0 noter que ses films : \u00ab\u00a0Hunting Party\u00a0\u00bb, \u00ab\u00a0The Camel\u00a0\u00bb et \u00ab\u00a0The Rope\u00a0\u00bb seront projet\u00e9s dans le cadre de l&rsquo;hommage du GFF2023 au Groupe de cin\u00e9ma soudanais, dont il est membre fondateur.<\/span><\/span><\/span><\/span><\/p>\n<p><span><span><span><span>4. <strong>Sherief Elkatsha<\/strong><\/span><\/span><\/span><\/span><br \/>\n<span><span><span><span>R\u00e9alisateur \u00e9gypto-am\u00e9ricain prim\u00e9, connu pour sa carri\u00e8re diversifi\u00e9e et ses documentaires captivants.<\/span><\/span><\/span><\/span><\/p>\n<p><span><span><span><span>5. <strong>Lamia Chraibi<\/strong><\/span><\/span><\/span><\/span><br \/>\n<span><span><span><span>Productrice passionn\u00e9e, c\u00e9l\u00e9br\u00e9e pour son soutien au cin\u00e9ma libre, ind\u00e9pendant et audacieux, ainsi que pour son d\u00e9vouement in\u00e9branlable \u00e0 accompagner le parcours cr\u00e9atif des r\u00e9alisateurs.<\/span><\/span><\/span><\/span><\/p>\n<p><span><span><strong><span><span>JURY DE LA COMP\u00c9TITION COURTS M\u00c9TRAGES<\/span><\/span><\/strong><\/span><\/span><\/p>\n<p><span><span><span><span>1. <strong>Lucy Kerr<\/strong><\/span><\/span><\/span><\/span><br \/>\n<span><span><span><span>R\u00e9alisatrice renomm\u00e9e explorant l&rsquo;intersection entre la cr\u00e9ation d&rsquo;images et la performance.<\/span><\/span><\/span><\/span><\/p>\n<p><span><span><span><span>2. <strong>Mariam Al Ferjani<\/strong><\/span><\/span><\/span><\/span><br \/>\n<span><span><span><span>Actrice tunisienne acclam\u00e9e pour ses performances puissantes.<\/span><\/span><\/span><\/span><\/p>\n<p><span><span><span><span>3. <strong>C\u00e9line Roustan<\/strong><\/span><\/span><\/span><\/span><br \/>\n<span><span><span><span>Programmatrice d\u00e9vou\u00e9e et championne des courts m\u00e9trages, contribuant de mani\u00e8re significative \u00e0 l&rsquo;industrie.<\/span><\/span><\/span><\/span><\/p>\n<p><span><span><span><span>4. <strong>Razane Jammal<\/strong><\/span><\/span><\/span><\/span><br \/>\n<span><span><span><span>Actrice britannico-libanaise captivante qui a enthousiasm\u00e9 les publics \u00e0 domicile et \u00e0 l&rsquo;\u00e9tranger avec ses performances exceptionnelles.<\/span><\/span><\/span><\/span><\/p>\n<p><span><span><span><span>5. <strong>Wassim Geagea<\/strong><\/span><\/span><\/span><\/span><br \/>\n<span><span><span><span>R\u00e9alisateur libanais c\u00e9l\u00e9br\u00e9 pour son approche narrative distinctive et sa narration percutante et r\u00e9aliste.<\/span><\/span><\/span><\/span><\/p>\n<p><span><span><span><span>Le jury FIPRESCI (F\u00e9d\u00e9ration Internationale des Critiques de Cin\u00e9ma), charg\u00e9 de reconna\u00eetre le cin\u00e9ma exceptionnel parmi les r\u00e9alisateurs de premiers films d&rsquo;Afrique, d&rsquo;Asie ou d&rsquo;Am\u00e9rique du Sud, comprend la critique de cin\u00e9ma <strong>Ola Salwa<\/strong>, journaliste et critique de cin\u00e9ma polonaise, membre \u00e9minent de l&rsquo;Acad\u00e9mie europ\u00e9enne du cin\u00e9ma ; le critique de cin\u00e9ma sud-africain <strong>Stephen Aspeling<\/strong>, connu pour son \u00e9mission \u00ab\u00a0Talking Movies\u00a0\u00bb ; le journaliste et critique de cin\u00e9ma \u00e9gyptien <strong>Zein Alabedin Khairy<\/strong> compl\u00e8te ce panel avis\u00e9 de critiques de cin\u00e9ma.<\/span><\/span><\/span><\/span><\/p>\n<p><span><span><span><span>Le jury NETPAC (R\u00e9seau pour la Promotion du Cin\u00e9ma Asiatique), d\u00e9di\u00e9 au cin\u00e9ma asiatique, est compos\u00e9 de <strong>Shubhra Gupta<\/strong>, critique de cin\u00e9ma indienne de premier plan avec plus de 20 ans d&rsquo;exp\u00e9rience, qui fa\u00e7onne le discours cin\u00e9matographique \u00e0 travers sa chronique \u00e0 \u00ab\u00a0The Indian Express\u00a0\u00bb ; <strong>Ingrid Lill H\u00f8gtun<\/strong>, productrice norv\u00e9gienne accomplie, avec un portfolio impressionnant et diversifi\u00e9 de films d&rsquo;Asie, du monde arabe et de l&rsquo;Europe, et le Dr <strong>Malaak<\/strong> <strong>Swed<\/strong>, sc\u00e9nariste, script-doctor, anthropologue et animatrice de t\u00e9l\u00e9vision, qui sert en tant que pr\u00e9sidente de l&rsquo;ONG SARO, une organisation d\u00e9di\u00e9e \u00e0 apporter un changement social gr\u00e2ce au pouvoir du cin\u00e9ma, du th\u00e9\u00e2tre et des arts.<\/span><\/span><\/span><\/span><\/p>\n<p><span><span><span><span>Intishal Al Timimi, directeur du Festival du Film d&rsquo;El Gouna, exprime sa sinc\u00e8re gratitude aux jur\u00e9s en d\u00e9clarant: \u00ab\u00a0<em>Nous sommes reconnaissants du soutien de ces personnalit\u00e9s accomplies du monde du cin\u00e9ma. Leur pr\u00e9sence et leur d\u00e9vouement assurent que le festival demeure une plateforme essentielle pour les voix qui ont besoin d&rsquo;\u00eatre entendues. Nous leur souhaitons une exp\u00e9rience productive et inspirante lors du festival<\/em>.\u00a0\u00bb<\/span><\/span><\/span><\/span><\/p>\n<p><span><span><span><span>De plus, le Festival du Film d&rsquo;El Gouna tient \u00e0 mentionner que le public lui-m\u00eame sera le jury du Prix du Public du Cin\u00e9ma pour l&rsquo;Humanit\u00e9. Instaur\u00e9 depuis la premi\u00e8re \u00e9dition du GFF en 2017, ce prix prestigieux est d\u00e9cern\u00e9 \u00e0 un film illustrant un th\u00e8me humanitaire. Des longs m\u00e9trages de toutes les sections ont \u00e9t\u00e9 nomin\u00e9s pour ce prix du choix du public.<\/span><\/span><\/span><\/span><\/p>\n<p><span><span><span><span>Le Festival du Film d&rsquo;El Gouna s&rsquo;appr\u00eate \u00e0 pr\u00e9senter une s\u00e9lection diversifi\u00e9e de films, c\u00e9l\u00e9brant l&rsquo;art et le talent narratif des cin\u00e9astes du monde entier. Restez \u00e0 l&rsquo;\u00e9coute pour plus d&rsquo;informations sur cette exp\u00e9rience cin\u00e9matographique.<\/span><\/span><\/span><\/span><\/p>\n<p><span><span><strong><span><span>\u00c0 propos du Festival du Film d&rsquo;El Gouna<\/span><\/span><\/strong><\/span><\/span><\/p>\n<p><span><span><span><span>Le Festival du Film d&rsquo;El Gouna, fond\u00e9 en 2017, est l&rsquo;un des festivals phares de la r\u00e9gion MENA. Le GFF vise \u00e0 pr\u00e9senter une large vari\u00e9t\u00e9 de films \u00e0 un public passionn\u00e9 et avis\u00e9, tout en favorisant une meilleure communication entre les cultures \u00e0 travers l&rsquo;art du cin\u00e9ma. Son objectif est de connecter les cin\u00e9astes de la r\u00e9gion avec leurs homologues internationaux dans un esprit de coop\u00e9ration et d&rsquo;\u00e9change culturel. Le festival s&rsquo;engage \u00e0 d\u00e9couvrir de nouvelles voix et s&rsquo;efforce d&rsquo;\u00eatre un catalyseur pour le d\u00e9veloppement du cin\u00e9ma dans le monde arabe, notamment gr\u00e2ce \u00e0 la plateforme CineGouna, un \u00e9v\u00e9nement orient\u00e9 vers l&rsquo;industrie cr\u00e9\u00e9 pour autonomiser les cin\u00e9astes \u00e9gyptiens et arabes et les aider \u00e0 trouver un soutien artistique et financier. La plateforme CineGouna pr\u00e9sente le programme CineGouna Bridge qui offre des opportunit\u00e9s de partage et d&rsquo;apprentissage, ainsi que le programme CineGouna SpringBoard, un laboratoire de d\u00e9veloppement de projets et de coproduction. Nouveaut\u00e9 cette ann\u00e9e, le CineGouna Market, comprenant le Short Film Lounge, un espace cr\u00e9ant un lien entre les cin\u00e9astes \u00e9mergents et \u00e9tablis.<\/span><\/span><\/span><\/span><\/p>\n<p>\u00a0<\/p>\n<\/p><\/div>\n<div class=\"coprs\" style=\"text-align: center\"><\/div><\/div>\n","protected":false},"excerpt":{"rendered":"<p>\u00c0 l&rsquo;approche de la tr\u00e8s attendue 6\u00e8me \u00e9dition du Festival du Film d&rsquo;El Gouna (GFF), l&rsquo;\u00e9v\u00e9nement d\u00e9voile avec fiert\u00e9 les membres \u00e9m\u00e9rites du jury des comp\u00e9tition&#8230;<\/p>\n","protected":false},"author":3164,"featured_media":289959,"comment_status":"open","ping_status":"closed","sticky":false,"template":"","format":"standard","meta":{"footnotes":""},"categories":[2594],"tags":[6648,7281,3258,3259],"class_list":["post-210765","post","type-post","status-publish","format-standard","has-post-thumbnail","hentry","category-culture","tag-el-gouna","tag-el-gouna-2023","tag-festival-du-film-del-gouna","tag-gff"],"yoast_head":"<!-- This site is optimized with the Yoast SEO Premium plugin v27.5 (Yoast SEO v27.5) - https:\/\/yoast.com\/product\/yoast-seo-premium-wordpress\/ -->\n<title>Le Festival du Film d&#039;El Gouna d\u00e9voile les jurys des diff\u00e9rentes comp\u00e9titions de sa 6\u00e8me \u00e9dition<\/title>\n<meta name=\"description\" content=\"\u00c0 l&#039;approche de la tr\u00e8s attendue 6\u00e8me \u00e9dition du Festival du Film d&#039;El Gouna (GFF), l&#039;\u00e9v\u00e9nement d\u00e9voile avec fiert\u00e9 les membres \u00e9m\u00e9rites du jury des comp\u00e9tition...\" \/>\n<link rel=\"canonical\" href=\"https:\/\/www.webdo.tn\/fr\/actualite\/culture\/le-festival-du-film-d-el-gouna-devoile-les-jurys-des-differentes-competitions-de-sa-6eme-edition\/210765\/\" \/>\n<meta property=\"og:locale\" content=\"fr_FR\" \/>\n<meta property=\"og:type\" content=\"article\" \/>\n<meta property=\"og:title\" content=\"Le Festival du Film d&#039;El Gouna d\u00e9voile les jurys des diff\u00e9rentes comp\u00e9titions de sa 6\u00e8me \u00e9dition\" \/>\n<meta property=\"og:description\" content=\"\u00c0 l&#039;approche de la tr\u00e8s attendue 6\u00e8me \u00e9dition du Festival du Film d&#039;El Gouna (GFF), l&#039;\u00e9v\u00e9nement d\u00e9voile avec fiert\u00e9 les membres \u00e9m\u00e9rites du jury des comp\u00e9tition...\" \/>\n<meta property=\"og:url\" content=\"https:\/\/www.webdo.tn\/fr\/actualite\/culture\/le-festival-du-film-d-el-gouna-devoile-les-jurys-des-differentes-competitions-de-sa-6eme-edition\/210765\/\" \/>\n<meta property=\"og:site_name\" content=\"webdo\" \/>\n<meta property=\"article:publisher\" content=\"https:\/\/www.facebook.com\/webdotn\" \/>\n<meta property=\"article:author\" content=\"https:\/\/www.facebook.com\/massir.destiniii\/\" \/>\n<meta property=\"article:published_time\" content=\"2023-12-13T05:30:00+00:00\" \/>\n<meta property=\"article:modified_time\" content=\"2025-05-21T08:57:16+00:00\" \/>\n<meta property=\"og:image\" content=\"https:\/\/www.webdo.tn\/fr\/wp-content\/uploads\/2023\/12\/9ae8d777fc9297abb39f3ce33f6fb442.jpeg\" \/>\n\t<meta property=\"og:image:width\" content=\"750\" \/>\n\t<meta property=\"og:image:height\" content=\"400\" \/>\n\t<meta property=\"og:image:type\" content=\"image\/jpeg\" \/>\n<meta name=\"author\" content=\"Ne\u00efla DRISS\" \/>\n<meta name=\"twitter:card\" content=\"summary_large_image\" \/>\n<meta name=\"twitter:creator\" content=\"@https:\/\/x.com\/MassirDestin\" \/>\n<meta name=\"twitter:site\" content=\"@webdo_tn\" \/>\n<meta name=\"twitter:label1\" content=\"\u00c9crit par\" \/>\n\t<meta name=\"twitter:data1\" content=\"Ne\u00efla DRISS\" \/>\n\t<meta name=\"twitter:label2\" content=\"Dur\u00e9e de lecture estim\u00e9e\" \/>\n\t<meta name=\"twitter:data2\" content=\"6 minutes\" \/>\n<script type=\"application\/ld+json\" class=\"yoast-schema-graph\">{\"@context\":\"https:\\\/\\\/schema.org\",\"@graph\":[{\"@type\":\"NewsArticle\",\"@id\":\"https:\\\/\\\/www.webdo.tn\\\/fr\\\/actualite\\\/culture\\\/le-festival-du-film-d-el-gouna-devoile-les-jurys-des-differentes-competitions-de-sa-6eme-edition\\\/210765\\\/#article\",\"isPartOf\":{\"@id\":\"https:\\\/\\\/www.webdo.tn\\\/fr\\\/actualite\\\/culture\\\/le-festival-du-film-d-el-gouna-devoile-les-jurys-des-differentes-competitions-de-sa-6eme-edition\\\/210765\\\/\"},\"author\":{\"name\":\"Ne\u00efla DRISS\",\"@id\":\"https:\\\/\\\/www.webdo.tn\\\/fr\\\/#\\\/schema\\\/person\\\/60d5ba619ed3f58783b0dc82b7dada80\"},\"headline\":\"Le Festival du Film d&rsquo;El Gouna d\u00e9voile les jurys des diff\u00e9rentes comp\u00e9titions de sa 6\u00e8me \u00e9dition\",\"datePublished\":\"2023-12-13T05:30:00+00:00\",\"dateModified\":\"2025-05-21T08:57:16+00:00\",\"mainEntityOfPage\":{\"@id\":\"https:\\\/\\\/www.webdo.tn\\\/fr\\\/actualite\\\/culture\\\/le-festival-du-film-d-el-gouna-devoile-les-jurys-des-differentes-competitions-de-sa-6eme-edition\\\/210765\\\/\"},\"wordCount\":1249,\"commentCount\":0,\"publisher\":{\"@id\":\"https:\\\/\\\/www.webdo.tn\\\/fr\\\/#organization\"},\"image\":{\"@id\":\"https:\\\/\\\/www.webdo.tn\\\/fr\\\/actualite\\\/culture\\\/le-festival-du-film-d-el-gouna-devoile-les-jurys-des-differentes-competitions-de-sa-6eme-edition\\\/210765\\\/#primaryimage\"},\"thumbnailUrl\":\"https:\\\/\\\/www.webdo.tn\\\/fr\\\/wp-content\\\/uploads\\\/2023\\\/12\\\/9ae8d777fc9297abb39f3ce33f6fb442.jpeg\",\"keywords\":[\"El Gouna\",\"El Gouna 2023\",\"Festival du Film d'El Gouna\",\"GFF\"],\"articleSection\":[\"Culture\"],\"inLanguage\":\"fr-FR\"},{\"@type\":\"WebPage\",\"@id\":\"https:\\\/\\\/www.webdo.tn\\\/fr\\\/actualite\\\/culture\\\/le-festival-du-film-d-el-gouna-devoile-les-jurys-des-differentes-competitions-de-sa-6eme-edition\\\/210765\\\/\",\"url\":\"https:\\\/\\\/www.webdo.tn\\\/fr\\\/actualite\\\/culture\\\/le-festival-du-film-d-el-gouna-devoile-les-jurys-des-differentes-competitions-de-sa-6eme-edition\\\/210765\\\/\",\"name\":\"Le Festival du Film d'El Gouna d\u00e9voile les jurys des diff\u00e9rentes comp\u00e9titions de sa 6\u00e8me \u00e9dition\",\"isPartOf\":{\"@id\":\"https:\\\/\\\/www.webdo.tn\\\/fr\\\/#website\"},\"primaryImageOfPage\":{\"@id\":\"https:\\\/\\\/www.webdo.tn\\\/fr\\\/actualite\\\/culture\\\/le-festival-du-film-d-el-gouna-devoile-les-jurys-des-differentes-competitions-de-sa-6eme-edition\\\/210765\\\/#primaryimage\"},\"image\":{\"@id\":\"https:\\\/\\\/www.webdo.tn\\\/fr\\\/actualite\\\/culture\\\/le-festival-du-film-d-el-gouna-devoile-les-jurys-des-differentes-competitions-de-sa-6eme-edition\\\/210765\\\/#primaryimage\"},\"thumbnailUrl\":\"https:\\\/\\\/www.webdo.tn\\\/fr\\\/wp-content\\\/uploads\\\/2023\\\/12\\\/9ae8d777fc9297abb39f3ce33f6fb442.jpeg\",\"datePublished\":\"2023-12-13T05:30:00+00:00\",\"dateModified\":\"2025-05-21T08:57:16+00:00\",\"description\":\"\u00c0 l'approche de la tr\u00e8s attendue 6\u00e8me \u00e9dition du Festival du Film d'El Gouna (GFF), l'\u00e9v\u00e9nement d\u00e9voile avec fiert\u00e9 les membres \u00e9m\u00e9rites du jury des comp\u00e9tition...\",\"breadcrumb\":{\"@id\":\"https:\\\/\\\/www.webdo.tn\\\/fr\\\/actualite\\\/culture\\\/le-festival-du-film-d-el-gouna-devoile-les-jurys-des-differentes-competitions-de-sa-6eme-edition\\\/210765\\\/#breadcrumb\"},\"inLanguage\":\"fr-FR\",\"potentialAction\":[{\"@type\":\"ReadAction\",\"target\":[\"https:\\\/\\\/www.webdo.tn\\\/fr\\\/actualite\\\/culture\\\/le-festival-du-film-d-el-gouna-devoile-les-jurys-des-differentes-competitions-de-sa-6eme-edition\\\/210765\\\/\"]}]},{\"@type\":\"ImageObject\",\"inLanguage\":\"fr-FR\",\"@id\":\"https:\\\/\\\/www.webdo.tn\\\/fr\\\/actualite\\\/culture\\\/le-festival-du-film-d-el-gouna-devoile-les-jurys-des-differentes-competitions-de-sa-6eme-edition\\\/210765\\\/#primaryimage\",\"url\":\"https:\\\/\\\/www.webdo.tn\\\/fr\\\/wp-content\\\/uploads\\\/2023\\\/12\\\/9ae8d777fc9297abb39f3ce33f6fb442.jpeg\",\"contentUrl\":\"https:\\\/\\\/www.webdo.tn\\\/fr\\\/wp-content\\\/uploads\\\/2023\\\/12\\\/9ae8d777fc9297abb39f3ce33f6fb442.jpeg\",\"width\":750,\"height\":400,\"caption\":\"Le Festival du Film d'El Gouna d\u00e9voile les jurys des diff\u00e9rentes comp\u00e9titions de sa 6\u00e8me \u00e9dition\"},{\"@type\":\"BreadcrumbList\",\"@id\":\"https:\\\/\\\/www.webdo.tn\\\/fr\\\/actualite\\\/culture\\\/le-festival-du-film-d-el-gouna-devoile-les-jurys-des-differentes-competitions-de-sa-6eme-edition\\\/210765\\\/#breadcrumb\",\"itemListElement\":[{\"@type\":\"ListItem\",\"position\":1,\"name\":\"Accueil\",\"item\":\"https:\\\/\\\/www.webdo.tn\\\/fr\\\/\"},{\"@type\":\"ListItem\",\"position\":2,\"name\":\"Le Festival du Film d&rsquo;El Gouna d\u00e9voile les jurys des diff\u00e9rentes comp\u00e9titions de sa 6\u00e8me \u00e9dition\"}]},{\"@type\":\"WebSite\",\"@id\":\"https:\\\/\\\/www.webdo.tn\\\/fr\\\/#website\",\"url\":\"https:\\\/\\\/www.webdo.tn\\\/fr\\\/\",\"name\":\"webdo\",\"description\":\"Tunisie - News en Tunisie et \u00e0 l&#039;international sur Webdo.tn\",\"publisher\":{\"@id\":\"https:\\\/\\\/www.webdo.tn\\\/fr\\\/#organization\"},\"potentialAction\":[{\"@type\":\"SearchAction\",\"target\":{\"@type\":\"EntryPoint\",\"urlTemplate\":\"https:\\\/\\\/www.webdo.tn\\\/fr\\\/?s={search_term_string}\"},\"query-input\":{\"@type\":\"PropertyValueSpecification\",\"valueRequired\":true,\"valueName\":\"search_term_string\"}}],\"inLanguage\":\"fr-FR\"},{\"@type\":\"Organization\",\"@id\":\"https:\\\/\\\/www.webdo.tn\\\/fr\\\/#organization\",\"name\":\"Webdo\",\"alternateName\":\"Webdo.tn\",\"url\":\"https:\\\/\\\/www.webdo.tn\\\/fr\\\/\",\"logo\":{\"@type\":\"ImageObject\",\"inLanguage\":\"fr-FR\",\"@id\":\"https:\\\/\\\/www.webdo.tn\\\/fr\\\/#\\\/schema\\\/logo\\\/image\\\/\",\"url\":\"https:\\\/\\\/www.webdo.tn\\\/fr\\\/wp-content\\\/uploads\\\/2025\\\/06\\\/Webdo-Tunisie_168377.jpg\",\"contentUrl\":\"https:\\\/\\\/www.webdo.tn\\\/fr\\\/wp-content\\\/uploads\\\/2025\\\/06\\\/Webdo-Tunisie_168377.jpg\",\"width\":301,\"height\":301,\"caption\":\"Webdo\"},\"image\":{\"@id\":\"https:\\\/\\\/www.webdo.tn\\\/fr\\\/#\\\/schema\\\/logo\\\/image\\\/\"},\"sameAs\":[\"https:\\\/\\\/www.facebook.com\\\/webdotn\",\"https:\\\/\\\/x.com\\\/webdo_tn\"],\"description\":\"Webdo est un m\u00e9dia num\u00e9rique tunisien fond\u00e9 en 2010, sp\u00e9cialis\u00e9 dans l\u2019actualit\u00e9 nationale et internationale, l\u2019\u00e9conomie, la soci\u00e9t\u00e9 et les analyses politiques. Le site s\u2019adresse \u00e0 un large public francophone et couvre l\u2019information tunisienne en temps r\u00e9el.\",\"email\":\"redac@webdo.tn\",\"legalName\":\"YNJ SARL\",\"foundingDate\":\"2010-09-06\",\"numberOfEmployees\":{\"@type\":\"QuantitativeValue\",\"minValue\":\"11\",\"maxValue\":\"50\"}},{\"@type\":\"Person\",\"@id\":\"https:\\\/\\\/www.webdo.tn\\\/fr\\\/#\\\/schema\\\/person\\\/60d5ba619ed3f58783b0dc82b7dada80\",\"name\":\"Ne\u00efla DRISS\",\"image\":{\"@type\":\"ImageObject\",\"inLanguage\":\"fr-FR\",\"@id\":\"https:\\\/\\\/www.webdo.tn\\\/fr\\\/wp-content\\\/uploads\\\/2026\\\/04\\\/neila-driss_avatar-96x96.jpg\",\"url\":\"https:\\\/\\\/www.webdo.tn\\\/fr\\\/wp-content\\\/uploads\\\/2026\\\/04\\\/neila-driss_avatar-96x96.jpg\",\"contentUrl\":\"https:\\\/\\\/www.webdo.tn\\\/fr\\\/wp-content\\\/uploads\\\/2026\\\/04\\\/neila-driss_avatar-96x96.jpg\",\"caption\":\"Ne\u00efla DRISS\"},\"description\":\"Ne\u00efla Driss est juriste, journaliste culturelle et critique de cin\u00e9ma tunisienne. Titulaire d\u2019un DEA en droit priv\u00e9 de l\u2019Universit\u00e9 Paris II et d\u2019un DESS de l\u2019IHEC Carthage, elle d\u00e9bute sa carri\u00e8re comme juriste sp\u00e9cialis\u00e9e en gestion de patrimoine immobilier. Elle s\u2019oriente ensuite vers l\u2019\u00e9criture en ligne, o\u00f9 elle se distingue d\u00e8s 2006 aux Tunisia Blog Awards, avant de se consacrer au journalisme culturel, avec une sp\u00e9cialisation dans la critique cin\u00e9matographique. Elle couvre r\u00e9guli\u00e8rement les grands festivals internationaux, notamment le Festival de Cannes, les Journ\u00e9es Cin\u00e9matographiques de Carthage et le Festival du film du Caire. Membre de l\u2019ATPCC et de la FIPRESCI, elle participe \u00e0 des jurys et initiatives internationales de critique. Depuis 2024, elle est \u00e9lectrice internationale aux Golden Globes. Facebook : https:\\\/\\\/www.facebook.com\\\/massir.destiniii\\\/ X : https:\\\/\\\/x.com\\\/MassirDestin\",\"sameAs\":[\"https:\\\/\\\/www.facebook.com\\\/massir.destiniii\\\/\",\"https:\\\/\\\/www.instagram.com\\\/neila.driss\\\/?hl=fr\",\"https:\\\/\\\/www.linkedin.com\\\/in\\\/neila-driss-22606a80\\\/\",\"https:\\\/\\\/x.com\\\/https:\\\/\\\/x.com\\\/MassirDestin\"],\"knowsAbout\":[\"Cin\u00e9ma international\",\"critique cin\u00e9matographique\",\"festivals de cin\u00e9ma\",\"journalisme culturel\"],\"knowsLanguage\":[\"Fran\u00e7ais\",\"Arabe\",\"Anglais\"],\"jobTitle\":\"Journaliste culturelle et critique de cin\u00e9ma\",\"worksFor\":\"Webdo\",\"url\":\"https:\\\/\\\/www.webdo.tn\\\/fr\\\/actualite\\\/author\\\/neila-driss\\\/\"}]}<\/script>\n<!-- \/ Yoast SEO Premium plugin. -->","yoast_head_json":{"title":"Le Festival du Film d'El Gouna d\u00e9voile les jurys des diff\u00e9rentes comp\u00e9titions de sa 6\u00e8me \u00e9dition","description":"\u00c0 l'approche de la tr\u00e8s attendue 6\u00e8me \u00e9dition du Festival du Film d'El Gouna (GFF), l'\u00e9v\u00e9nement d\u00e9voile avec fiert\u00e9 les membres \u00e9m\u00e9rites du jury des comp\u00e9tition...","canonical":"https:\/\/www.webdo.tn\/fr\/actualite\/culture\/le-festival-du-film-d-el-gouna-devoile-les-jurys-des-differentes-competitions-de-sa-6eme-edition\/210765\/","og_locale":"fr_FR","og_type":"article","og_title":"Le Festival du Film d'El Gouna d\u00e9voile les jurys des diff\u00e9rentes comp\u00e9titions de sa 6\u00e8me \u00e9dition","og_description":"\u00c0 l'approche de la tr\u00e8s attendue 6\u00e8me \u00e9dition du Festival du Film d'El Gouna (GFF), l'\u00e9v\u00e9nement d\u00e9voile avec fiert\u00e9 les membres \u00e9m\u00e9rites du jury des comp\u00e9tition...","og_url":"https:\/\/www.webdo.tn\/fr\/actualite\/culture\/le-festival-du-film-d-el-gouna-devoile-les-jurys-des-differentes-competitions-de-sa-6eme-edition\/210765\/","og_site_name":"webdo","article_publisher":"https:\/\/www.facebook.com\/webdotn","article_author":"https:\/\/www.facebook.com\/massir.destiniii\/","article_published_time":"2023-12-13T05:30:00+00:00","article_modified_time":"2025-05-21T08:57:16+00:00","og_image":[{"width":750,"height":400,"url":"https:\/\/www.webdo.tn\/fr\/wp-content\/uploads\/2023\/12\/9ae8d777fc9297abb39f3ce33f6fb442.jpeg","type":"image\/jpeg"}],"author":"Ne\u00efla DRISS","twitter_card":"summary_large_image","twitter_creator":"@https:\/\/x.com\/MassirDestin","twitter_site":"@webdo_tn","twitter_misc":{"\u00c9crit par":"Ne\u00efla DRISS","Dur\u00e9e de lecture estim\u00e9e":"6 minutes"},"schema":{"@context":"https:\/\/schema.org","@graph":[{"@type":"NewsArticle","@id":"https:\/\/www.webdo.tn\/fr\/actualite\/culture\/le-festival-du-film-d-el-gouna-devoile-les-jurys-des-differentes-competitions-de-sa-6eme-edition\/210765\/#article","isPartOf":{"@id":"https:\/\/www.webdo.tn\/fr\/actualite\/culture\/le-festival-du-film-d-el-gouna-devoile-les-jurys-des-differentes-competitions-de-sa-6eme-edition\/210765\/"},"author":{"name":"Ne\u00efla DRISS","@id":"https:\/\/www.webdo.tn\/fr\/#\/schema\/person\/60d5ba619ed3f58783b0dc82b7dada80"},"headline":"Le Festival du Film d&rsquo;El Gouna d\u00e9voile les jurys des diff\u00e9rentes comp\u00e9titions de sa 6\u00e8me \u00e9dition","datePublished":"2023-12-13T05:30:00+00:00","dateModified":"2025-05-21T08:57:16+00:00","mainEntityOfPage":{"@id":"https:\/\/www.webdo.tn\/fr\/actualite\/culture\/le-festival-du-film-d-el-gouna-devoile-les-jurys-des-differentes-competitions-de-sa-6eme-edition\/210765\/"},"wordCount":1249,"commentCount":0,"publisher":{"@id":"https:\/\/www.webdo.tn\/fr\/#organization"},"image":{"@id":"https:\/\/www.webdo.tn\/fr\/actualite\/culture\/le-festival-du-film-d-el-gouna-devoile-les-jurys-des-differentes-competitions-de-sa-6eme-edition\/210765\/#primaryimage"},"thumbnailUrl":"https:\/\/www.webdo.tn\/fr\/wp-content\/uploads\/2023\/12\/9ae8d777fc9297abb39f3ce33f6fb442.jpeg","keywords":["El Gouna","El Gouna 2023","Festival du Film d'El Gouna","GFF"],"articleSection":["Culture"],"inLanguage":"fr-FR"},{"@type":"WebPage","@id":"https:\/\/www.webdo.tn\/fr\/actualite\/culture\/le-festival-du-film-d-el-gouna-devoile-les-jurys-des-differentes-competitions-de-sa-6eme-edition\/210765\/","url":"https:\/\/www.webdo.tn\/fr\/actualite\/culture\/le-festival-du-film-d-el-gouna-devoile-les-jurys-des-differentes-competitions-de-sa-6eme-edition\/210765\/","name":"Le Festival du Film d'El Gouna d\u00e9voile les jurys des diff\u00e9rentes comp\u00e9titions de sa 6\u00e8me \u00e9dition","isPartOf":{"@id":"https:\/\/www.webdo.tn\/fr\/#website"},"primaryImageOfPage":{"@id":"https:\/\/www.webdo.tn\/fr\/actualite\/culture\/le-festival-du-film-d-el-gouna-devoile-les-jurys-des-differentes-competitions-de-sa-6eme-edition\/210765\/#primaryimage"},"image":{"@id":"https:\/\/www.webdo.tn\/fr\/actualite\/culture\/le-festival-du-film-d-el-gouna-devoile-les-jurys-des-differentes-competitions-de-sa-6eme-edition\/210765\/#primaryimage"},"thumbnailUrl":"https:\/\/www.webdo.tn\/fr\/wp-content\/uploads\/2023\/12\/9ae8d777fc9297abb39f3ce33f6fb442.jpeg","datePublished":"2023-12-13T05:30:00+00:00","dateModified":"2025-05-21T08:57:16+00:00","description":"\u00c0 l'approche de la tr\u00e8s attendue 6\u00e8me \u00e9dition du Festival du Film d'El Gouna (GFF), l'\u00e9v\u00e9nement d\u00e9voile avec fiert\u00e9 les membres \u00e9m\u00e9rites du jury des comp\u00e9tition...","breadcrumb":{"@id":"https:\/\/www.webdo.tn\/fr\/actualite\/culture\/le-festival-du-film-d-el-gouna-devoile-les-jurys-des-differentes-competitions-de-sa-6eme-edition\/210765\/#breadcrumb"},"inLanguage":"fr-FR","potentialAction":[{"@type":"ReadAction","target":["https:\/\/www.webdo.tn\/fr\/actualite\/culture\/le-festival-du-film-d-el-gouna-devoile-les-jurys-des-differentes-competitions-de-sa-6eme-edition\/210765\/"]}]},{"@type":"ImageObject","inLanguage":"fr-FR","@id":"https:\/\/www.webdo.tn\/fr\/actualite\/culture\/le-festival-du-film-d-el-gouna-devoile-les-jurys-des-differentes-competitions-de-sa-6eme-edition\/210765\/#primaryimage","url":"https:\/\/www.webdo.tn\/fr\/wp-content\/uploads\/2023\/12\/9ae8d777fc9297abb39f3ce33f6fb442.jpeg","contentUrl":"https:\/\/www.webdo.tn\/fr\/wp-content\/uploads\/2023\/12\/9ae8d777fc9297abb39f3ce33f6fb442.jpeg","width":750,"height":400,"caption":"Le Festival du Film d'El Gouna d\u00e9voile les jurys des diff\u00e9rentes comp\u00e9titions de sa 6\u00e8me \u00e9dition"},{"@type":"BreadcrumbList","@id":"https:\/\/www.webdo.tn\/fr\/actualite\/culture\/le-festival-du-film-d-el-gouna-devoile-les-jurys-des-differentes-competitions-de-sa-6eme-edition\/210765\/#breadcrumb","itemListElement":[{"@type":"ListItem","position":1,"name":"Accueil","item":"https:\/\/www.webdo.tn\/fr\/"},{"@type":"ListItem","position":2,"name":"Le Festival du Film d&rsquo;El Gouna d\u00e9voile les jurys des diff\u00e9rentes comp\u00e9titions de sa 6\u00e8me \u00e9dition"}]},{"@type":"WebSite","@id":"https:\/\/www.webdo.tn\/fr\/#website","url":"https:\/\/www.webdo.tn\/fr\/","name":"webdo","description":"Tunisie - News en Tunisie et \u00e0 l&#039;international sur Webdo.tn","publisher":{"@id":"https:\/\/www.webdo.tn\/fr\/#organization"},"potentialAction":[{"@type":"SearchAction","target":{"@type":"EntryPoint","urlTemplate":"https:\/\/www.webdo.tn\/fr\/?s={search_term_string}"},"query-input":{"@type":"PropertyValueSpecification","valueRequired":true,"valueName":"search_term_string"}}],"inLanguage":"fr-FR"},{"@type":"Organization","@id":"https:\/\/www.webdo.tn\/fr\/#organization","name":"Webdo","alternateName":"Webdo.tn","url":"https:\/\/www.webdo.tn\/fr\/","logo":{"@type":"ImageObject","inLanguage":"fr-FR","@id":"https:\/\/www.webdo.tn\/fr\/#\/schema\/logo\/image\/","url":"https:\/\/www.webdo.tn\/fr\/wp-content\/uploads\/2025\/06\/Webdo-Tunisie_168377.jpg","contentUrl":"https:\/\/www.webdo.tn\/fr\/wp-content\/uploads\/2025\/06\/Webdo-Tunisie_168377.jpg","width":301,"height":301,"caption":"Webdo"},"image":{"@id":"https:\/\/www.webdo.tn\/fr\/#\/schema\/logo\/image\/"},"sameAs":["https:\/\/www.facebook.com\/webdotn","https:\/\/x.com\/webdo_tn"],"description":"Webdo est un m\u00e9dia num\u00e9rique tunisien fond\u00e9 en 2010, sp\u00e9cialis\u00e9 dans l\u2019actualit\u00e9 nationale et internationale, l\u2019\u00e9conomie, la soci\u00e9t\u00e9 et les analyses politiques. Le site s\u2019adresse \u00e0 un large public francophone et couvre l\u2019information tunisienne en temps r\u00e9el.","email":"redac@webdo.tn","legalName":"YNJ SARL","foundingDate":"2010-09-06","numberOfEmployees":{"@type":"QuantitativeValue","minValue":"11","maxValue":"50"}},{"@type":"Person","@id":"https:\/\/www.webdo.tn\/fr\/#\/schema\/person\/60d5ba619ed3f58783b0dc82b7dada80","name":"Ne\u00efla DRISS","image":{"@type":"ImageObject","inLanguage":"fr-FR","@id":"https:\/\/www.webdo.tn\/fr\/wp-content\/uploads\/2026\/04\/neila-driss_avatar-96x96.jpg","url":"https:\/\/www.webdo.tn\/fr\/wp-content\/uploads\/2026\/04\/neila-driss_avatar-96x96.jpg","contentUrl":"https:\/\/www.webdo.tn\/fr\/wp-content\/uploads\/2026\/04\/neila-driss_avatar-96x96.jpg","caption":"Ne\u00efla DRISS"},"description":"Ne\u00efla Driss est juriste, journaliste culturelle et critique de cin\u00e9ma tunisienne. Titulaire d\u2019un DEA en droit priv\u00e9 de l\u2019Universit\u00e9 Paris II et d\u2019un DESS de l\u2019IHEC Carthage, elle d\u00e9bute sa carri\u00e8re comme juriste sp\u00e9cialis\u00e9e en gestion de patrimoine immobilier. Elle s\u2019oriente ensuite vers l\u2019\u00e9criture en ligne, o\u00f9 elle se distingue d\u00e8s 2006 aux Tunisia Blog Awards, avant de se consacrer au journalisme culturel, avec une sp\u00e9cialisation dans la critique cin\u00e9matographique. Elle couvre r\u00e9guli\u00e8rement les grands festivals internationaux, notamment le Festival de Cannes, les Journ\u00e9es Cin\u00e9matographiques de Carthage et le Festival du film du Caire. Membre de l\u2019ATPCC et de la FIPRESCI, elle participe \u00e0 des jurys et initiatives internationales de critique. Depuis 2024, elle est \u00e9lectrice internationale aux Golden Globes. Facebook : https:\/\/www.facebook.com\/massir.destiniii\/ X : https:\/\/x.com\/MassirDestin","sameAs":["https:\/\/www.facebook.com\/massir.destiniii\/","https:\/\/www.instagram.com\/neila.driss\/?hl=fr","https:\/\/www.linkedin.com\/in\/neila-driss-22606a80\/","https:\/\/x.com\/https:\/\/x.com\/MassirDestin"],"knowsAbout":["Cin\u00e9ma international","critique cin\u00e9matographique","festivals de cin\u00e9ma","journalisme culturel"],"knowsLanguage":["Fran\u00e7ais","Arabe","Anglais"],"jobTitle":"Journaliste culturelle et critique de cin\u00e9ma","worksFor":"Webdo","url":"https:\/\/www.webdo.tn\/fr\/actualite\/author\/neila-driss\/"}]}},"_links":{"self":[{"href":"https:\/\/www.webdo.tn\/fr\/wp-json\/wp\/v2\/posts\/210765","targetHints":{"allow":["GET"]}}],"collection":[{"href":"https:\/\/www.webdo.tn\/fr\/wp-json\/wp\/v2\/posts"}],"about":[{"href":"https:\/\/www.webdo.tn\/fr\/wp-json\/wp\/v2\/types\/post"}],"author":[{"embeddable":true,"href":"https:\/\/www.webdo.tn\/fr\/wp-json\/wp\/v2\/users\/3164"}],"replies":[{"embeddable":true,"href":"https:\/\/www.webdo.tn\/fr\/wp-json\/wp\/v2\/comments?post=210765"}],"version-history":[{"count":0,"href":"https:\/\/www.webdo.tn\/fr\/wp-json\/wp\/v2\/posts\/210765\/revisions"}],"wp:featuredmedia":[{"embeddable":true,"href":"https:\/\/www.webdo.tn\/fr\/wp-json\/wp\/v2\/media\/289959"}],"wp:attachment":[{"href":"https:\/\/www.webdo.tn\/fr\/wp-json\/wp\/v2\/media?parent=210765"}],"wp:term":[{"taxonomy":"category","embeddable":true,"href":"https:\/\/www.webdo.tn\/fr\/wp-json\/wp\/v2\/categories?post=210765"},{"taxonomy":"post_tag","embeddable":true,"href":"https:\/\/www.webdo.tn\/fr\/wp-json\/wp\/v2\/tags?post=210765"}],"curies":[{"name":"wp","href":"https:\/\/api.w.org\/{rel}","templated":true}]}}