{"id":210759,"date":"2023-12-12T19:40:00","date_gmt":"2023-12-12T19:40:00","guid":{"rendered":"https:\/\/www.webdo.tn\/fr\/blog\/coupure-d-eau-dans-plusieurs-zones-de-tunis-et-dans-tout-le-gouvernorat-de-ben-arous\/210759\/"},"modified":"2025-05-20T21:54:50","modified_gmt":"2025-05-20T21:54:50","slug":"coupure-d-eau-dans-plusieurs-zones-de-tunis-et-dans-tout-le-gouvernorat-de-ben-arous","status":"publish","type":"post","link":"https:\/\/www.webdo.tn\/fr\/actualite\/national\/coupure-d-eau-dans-plusieurs-zones-de-tunis-et-dans-tout-le-gouvernorat-de-ben-arous\/210759\/","title":{"rendered":"Coupure d\u2019eau dans plusieurs zones de Tunis et dans tout le gouvernorat de Ben Arous"},"content":{"rendered":"<p>Une coupure de la distribution de l\u2019eau potable aura lieu, \u00e0 partir de demain, mercredi 13 d\u00e9cembre 2023 \u00e0 10h00 dans plusieurs zones des gouvernorats de Tunis, Zaghouan et Nabeul et tout le gouvernorat de Ben Arous.<\/p>\n<p>\t\t\t\t\t\t\t\t\tCette coupure d\u2019eau potable concerne les zones d\u2019El Ouardia, la Cit\u00e9 Ennour, la Cit\u00e9 Ibn Sina, El Mourouj 2, Jebel Jeloud et Sidi Fathallah relevant du gouvernorat de Tunis.<\/p>\n<p>Elle concerne \u00e9galement toutes les d\u00e9l\u00e9gations du gouvernorat de Ben Arous, la Cit\u00e9 Seltane, Soliman et Fondouk Jedid du gouvernorat de Nabeul ainsi que Djebel Oust et Bir M&rsquo;cherga du gouvernorat de Zaghouan.<\/p>\n<p>La Soci\u00e9t\u00e9 nationale d&rsquo;exploitation et de distribution des eaux (SONEDE) pr\u00e9cise que cette coupure est due aux travaux de r\u00e9paration d\u2019une panne survenue ce mardi 12 d\u00e9cembre au niveau de la conduite principale (1400 mm) approvisionnant la banlieue sud de la capitale au niveau de la Place des Martyrs, et que ces travaux n\u00e9cessitent la fermeture provisoire de la conduite en question.<\/p>\n<p>L\u2019approvisionnement en eau devrait reprendre progressivement jeudi 14 d\u00e9cembre 2023 \u00e0 partir de 12h00, indique la SONEDE.<\/p>\n","protected":false},"excerpt":{"rendered":"<p>La SONEDE annonce une coupure d&rsquo;eau dans plusieurs zones de Tunis, Zaghouan et Nabeul \u00e0 partir de mercredi 13 d\u00e9cembre.<\/p>\n","protected":false},"author":3162,"featured_media":248552,"comment_status":"open","ping_status":"closed","sticky":false,"template":"","format":"standard","meta":{"footnotes":""},"categories":[44],"tags":[2755,2753,2752,2640],"class_list":["post-210759","post","type-post","status-publish","format-standard","has-post-thumbnail","hentry","category-national","tag-ben-arous","tag-coupure-deau","tag-sonede","tag-tunis"],"yoast_head":"<!-- This site is optimized with the Yoast SEO Premium plugin v27.4 (Yoast SEO v27.5) - https:\/\/yoast.com\/product\/yoast-seo-premium-wordpress\/ -->\n<title>Coupure d\u2019eau dans plusieurs zones de Tunis et dans tout le gouvernorat de Ben Arous<\/title>\n<meta name=\"description\" content=\"La SONEDE annonce une coupure d&#039;eau dans plusieurs zones de Tunis, Zaghouan et Nabeul \u00e0 partir de mercredi 13 d\u00e9cembre.\" \/>\n<link rel=\"canonical\" href=\"https:\/\/www.webdo.tn\/fr\/actualite\/national\/coupure-d-eau-dans-plusieurs-zones-de-tunis-et-dans-tout-le-gouvernorat-de-ben-arous\/210759\/\" \/>\n<meta property=\"og:locale\" content=\"fr_FR\" \/>\n<meta property=\"og:type\" content=\"article\" \/>\n<meta property=\"og:title\" content=\"Coupure d\u2019eau dans plusieurs zones de Tunis et dans tout le gouvernorat de Ben Arous\" \/>\n<meta property=\"og:description\" content=\"La SONEDE annonce une coupure d&#039;eau dans plusieurs zones de Tunis, Zaghouan et Nabeul \u00e0 partir de mercredi 13 d\u00e9cembre.\" \/>\n<meta property=\"og:url\" content=\"https:\/\/www.webdo.tn\/fr\/actualite\/national\/coupure-d-eau-dans-plusieurs-zones-de-tunis-et-dans-tout-le-gouvernorat-de-ben-arous\/210759\/\" \/>\n<meta property=\"og:site_name\" content=\"webdo\" \/>\n<meta property=\"article:publisher\" content=\"https:\/\/www.facebook.com\/webdotn\" \/>\n<meta property=\"article:published_time\" content=\"2023-12-12T19:40:00+00:00\" \/>\n<meta property=\"article:modified_time\" content=\"2025-05-20T21:54:50+00:00\" \/>\n<meta property=\"og:image\" content=\"https:\/\/www.webdo.tn\/fr\/wp-content\/uploads\/2023\/12\/5f68611abfbce8c3e414a26bf20b6e04.jpg\" \/>\n\t<meta property=\"og:image:width\" content=\"750\" \/>\n\t<meta property=\"og:image:height\" content=\"400\" \/>\n\t<meta property=\"og:image:type\" content=\"image\/jpeg\" \/>\n<meta name=\"author\" content=\"MC\" \/>\n<meta name=\"twitter:card\" content=\"summary_large_image\" \/>\n<meta name=\"twitter:creator\" content=\"@webdo_tn\" \/>\n<meta name=\"twitter:site\" content=\"@webdo_tn\" \/>\n<meta name=\"twitter:label1\" content=\"\u00c9crit par\" \/>\n\t<meta name=\"twitter:data1\" content=\"MC\" \/>\n\t<meta name=\"twitter:label2\" content=\"Dur\u00e9e de lecture estim\u00e9e\" \/>\n\t<meta name=\"twitter:data2\" content=\"1 minute\" \/>\n<script type=\"application\/ld+json\" class=\"yoast-schema-graph\">{\"@context\":\"https:\\\/\\\/schema.org\",\"@graph\":[{\"@type\":\"NewsArticle\",\"@id\":\"https:\\\/\\\/www.webdo.tn\\\/fr\\\/actualite\\\/national\\\/coupure-d-eau-dans-plusieurs-zones-de-tunis-et-dans-tout-le-gouvernorat-de-ben-arous\\\/210759\\\/#article\",\"isPartOf\":{\"@id\":\"https:\\\/\\\/www.webdo.tn\\\/fr\\\/actualite\\\/national\\\/coupure-d-eau-dans-plusieurs-zones-de-tunis-et-dans-tout-le-gouvernorat-de-ben-arous\\\/210759\\\/\"},\"author\":{\"name\":\"MC\",\"@id\":\"https:\\\/\\\/www.webdo.tn\\\/fr\\\/#\\\/schema\\\/person\\\/2c4929cbf5a809e3bd38617c6ce150f6\"},\"headline\":\"Coupure d\u2019eau dans plusieurs zones de Tunis et dans tout le gouvernorat de Ben Arous\",\"datePublished\":\"2023-12-12T19:40:00+00:00\",\"dateModified\":\"2025-05-20T21:54:50+00:00\",\"mainEntityOfPage\":{\"@id\":\"https:\\\/\\\/www.webdo.tn\\\/fr\\\/actualite\\\/national\\\/coupure-d-eau-dans-plusieurs-zones-de-tunis-et-dans-tout-le-gouvernorat-de-ben-arous\\\/210759\\\/\"},\"wordCount\":200,\"commentCount\":0,\"publisher\":{\"@id\":\"https:\\\/\\\/www.webdo.tn\\\/fr\\\/#organization\"},\"image\":{\"@id\":\"https:\\\/\\\/www.webdo.tn\\\/fr\\\/actualite\\\/national\\\/coupure-d-eau-dans-plusieurs-zones-de-tunis-et-dans-tout-le-gouvernorat-de-ben-arous\\\/210759\\\/#primaryimage\"},\"thumbnailUrl\":\"https:\\\/\\\/www.webdo.tn\\\/fr\\\/wp-content\\\/uploads\\\/2023\\\/12\\\/5f68611abfbce8c3e414a26bf20b6e04.jpg\",\"keywords\":[\"ben arous\",\"Coupure d'eau\",\"Sonede\",\"Tunis\"],\"articleSection\":[\"National\"],\"inLanguage\":\"fr-FR\"},{\"@type\":\"WebPage\",\"@id\":\"https:\\\/\\\/www.webdo.tn\\\/fr\\\/actualite\\\/national\\\/coupure-d-eau-dans-plusieurs-zones-de-tunis-et-dans-tout-le-gouvernorat-de-ben-arous\\\/210759\\\/\",\"url\":\"https:\\\/\\\/www.webdo.tn\\\/fr\\\/actualite\\\/national\\\/coupure-d-eau-dans-plusieurs-zones-de-tunis-et-dans-tout-le-gouvernorat-de-ben-arous\\\/210759\\\/\",\"name\":\"Coupure d\u2019eau dans plusieurs zones de Tunis et dans tout le gouvernorat de Ben Arous\",\"isPartOf\":{\"@id\":\"https:\\\/\\\/www.webdo.tn\\\/fr\\\/#website\"},\"primaryImageOfPage\":{\"@id\":\"https:\\\/\\\/www.webdo.tn\\\/fr\\\/actualite\\\/national\\\/coupure-d-eau-dans-plusieurs-zones-de-tunis-et-dans-tout-le-gouvernorat-de-ben-arous\\\/210759\\\/#primaryimage\"},\"image\":{\"@id\":\"https:\\\/\\\/www.webdo.tn\\\/fr\\\/actualite\\\/national\\\/coupure-d-eau-dans-plusieurs-zones-de-tunis-et-dans-tout-le-gouvernorat-de-ben-arous\\\/210759\\\/#primaryimage\"},\"thumbnailUrl\":\"https:\\\/\\\/www.webdo.tn\\\/fr\\\/wp-content\\\/uploads\\\/2023\\\/12\\\/5f68611abfbce8c3e414a26bf20b6e04.jpg\",\"datePublished\":\"2023-12-12T19:40:00+00:00\",\"dateModified\":\"2025-05-20T21:54:50+00:00\",\"description\":\"La SONEDE annonce une coupure d'eau dans plusieurs zones de Tunis, Zaghouan et Nabeul \u00e0 partir de mercredi 13 d\u00e9cembre.\",\"breadcrumb\":{\"@id\":\"https:\\\/\\\/www.webdo.tn\\\/fr\\\/actualite\\\/national\\\/coupure-d-eau-dans-plusieurs-zones-de-tunis-et-dans-tout-le-gouvernorat-de-ben-arous\\\/210759\\\/#breadcrumb\"},\"inLanguage\":\"fr-FR\",\"potentialAction\":[{\"@type\":\"ReadAction\",\"target\":[\"https:\\\/\\\/www.webdo.tn\\\/fr\\\/actualite\\\/national\\\/coupure-d-eau-dans-plusieurs-zones-de-tunis-et-dans-tout-le-gouvernorat-de-ben-arous\\\/210759\\\/\"]}]},{\"@type\":\"ImageObject\",\"inLanguage\":\"fr-FR\",\"@id\":\"https:\\\/\\\/www.webdo.tn\\\/fr\\\/actualite\\\/national\\\/coupure-d-eau-dans-plusieurs-zones-de-tunis-et-dans-tout-le-gouvernorat-de-ben-arous\\\/210759\\\/#primaryimage\",\"url\":\"https:\\\/\\\/www.webdo.tn\\\/fr\\\/wp-content\\\/uploads\\\/2023\\\/12\\\/5f68611abfbce8c3e414a26bf20b6e04.jpg\",\"contentUrl\":\"https:\\\/\\\/www.webdo.tn\\\/fr\\\/wp-content\\\/uploads\\\/2023\\\/12\\\/5f68611abfbce8c3e414a26bf20b6e04.jpg\",\"width\":750,\"height\":400,\"caption\":\"Coupure d\u2019eau dans plusieurs zones de Tunis et dans tout le gouvernorat de Ben Arous\"},{\"@type\":\"BreadcrumbList\",\"@id\":\"https:\\\/\\\/www.webdo.tn\\\/fr\\\/actualite\\\/national\\\/coupure-d-eau-dans-plusieurs-zones-de-tunis-et-dans-tout-le-gouvernorat-de-ben-arous\\\/210759\\\/#breadcrumb\",\"itemListElement\":[{\"@type\":\"ListItem\",\"position\":1,\"name\":\"Accueil\",\"item\":\"https:\\\/\\\/www.webdo.tn\\\/fr\\\/\"},{\"@type\":\"ListItem\",\"position\":2,\"name\":\"Coupure d\u2019eau dans plusieurs zones de Tunis et dans tout le gouvernorat de Ben Arous\"}]},{\"@type\":\"WebSite\",\"@id\":\"https:\\\/\\\/www.webdo.tn\\\/fr\\\/#website\",\"url\":\"https:\\\/\\\/www.webdo.tn\\\/fr\\\/\",\"name\":\"webdo\",\"description\":\"Tunisie - News en Tunisie et \u00e0 l&#039;international sur Webdo.tn\",\"publisher\":{\"@id\":\"https:\\\/\\\/www.webdo.tn\\\/fr\\\/#organization\"},\"potentialAction\":[{\"@type\":\"SearchAction\",\"target\":{\"@type\":\"EntryPoint\",\"urlTemplate\":\"https:\\\/\\\/www.webdo.tn\\\/fr\\\/?s={search_term_string}\"},\"query-input\":{\"@type\":\"PropertyValueSpecification\",\"valueRequired\":true,\"valueName\":\"search_term_string\"}}],\"inLanguage\":\"fr-FR\"},{\"@type\":\"Organization\",\"@id\":\"https:\\\/\\\/www.webdo.tn\\\/fr\\\/#organization\",\"name\":\"Webdo\",\"alternateName\":\"Webdo.tn\",\"url\":\"https:\\\/\\\/www.webdo.tn\\\/fr\\\/\",\"logo\":{\"@type\":\"ImageObject\",\"inLanguage\":\"fr-FR\",\"@id\":\"https:\\\/\\\/www.webdo.tn\\\/fr\\\/#\\\/schema\\\/logo\\\/image\\\/\",\"url\":\"https:\\\/\\\/www.webdo.tn\\\/fr\\\/wp-content\\\/uploads\\\/2025\\\/06\\\/Webdo-Tunisie_168377.jpg\",\"contentUrl\":\"https:\\\/\\\/www.webdo.tn\\\/fr\\\/wp-content\\\/uploads\\\/2025\\\/06\\\/Webdo-Tunisie_168377.jpg\",\"width\":301,\"height\":301,\"caption\":\"Webdo\"},\"image\":{\"@id\":\"https:\\\/\\\/www.webdo.tn\\\/fr\\\/#\\\/schema\\\/logo\\\/image\\\/\"},\"sameAs\":[\"https:\\\/\\\/www.facebook.com\\\/webdotn\",\"https:\\\/\\\/x.com\\\/webdo_tn\"],\"description\":\"Webdo est un m\u00e9dia num\u00e9rique tunisien fond\u00e9 en 2010, sp\u00e9cialis\u00e9 dans l\u2019actualit\u00e9 nationale et internationale, l\u2019\u00e9conomie, la soci\u00e9t\u00e9 et les analyses politiques. Le site s\u2019adresse \u00e0 un large public francophone et couvre l\u2019information tunisienne en temps r\u00e9el.\",\"email\":\"redac@webdo.tn\",\"legalName\":\"YNJ SARL\",\"foundingDate\":\"2010-09-06\",\"numberOfEmployees\":{\"@type\":\"QuantitativeValue\",\"minValue\":\"11\",\"maxValue\":\"50\"}},{\"@type\":\"Person\",\"@id\":\"https:\\\/\\\/www.webdo.tn\\\/fr\\\/#\\\/schema\\\/person\\\/2c4929cbf5a809e3bd38617c6ce150f6\",\"name\":\"MC\",\"image\":{\"@type\":\"ImageObject\",\"inLanguage\":\"fr-FR\",\"@id\":\"https:\\\/\\\/secure.gravatar.com\\\/avatar\\\/a545bbb6f84efdd5553dbbc2895e3ca8f1d12c5215e00a041c9670b54aa9b18a?s=96&d=mm&r=g\",\"url\":\"https:\\\/\\\/secure.gravatar.com\\\/avatar\\\/a545bbb6f84efdd5553dbbc2895e3ca8f1d12c5215e00a041c9670b54aa9b18a?s=96&d=mm&r=g\",\"contentUrl\":\"https:\\\/\\\/secure.gravatar.com\\\/avatar\\\/a545bbb6f84efdd5553dbbc2895e3ca8f1d12c5215e00a041c9670b54aa9b18a?s=96&d=mm&r=g\",\"caption\":\"MC\"},\"url\":\"https:\\\/\\\/www.webdo.tn\\\/fr\\\/actualite\\\/author\\\/mc\\\/\"}]}<\/script>\n<!-- \/ Yoast SEO Premium plugin. -->","yoast_head_json":{"title":"Coupure d\u2019eau dans plusieurs zones de Tunis et dans tout le gouvernorat de Ben Arous","description":"La SONEDE annonce une coupure d'eau dans plusieurs zones de Tunis, Zaghouan et Nabeul \u00e0 partir de mercredi 13 d\u00e9cembre.","canonical":"https:\/\/www.webdo.tn\/fr\/actualite\/national\/coupure-d-eau-dans-plusieurs-zones-de-tunis-et-dans-tout-le-gouvernorat-de-ben-arous\/210759\/","og_locale":"fr_FR","og_type":"article","og_title":"Coupure d\u2019eau dans plusieurs zones de Tunis et dans tout le gouvernorat de Ben Arous","og_description":"La SONEDE annonce une coupure d'eau dans plusieurs zones de Tunis, Zaghouan et Nabeul \u00e0 partir de mercredi 13 d\u00e9cembre.","og_url":"https:\/\/www.webdo.tn\/fr\/actualite\/national\/coupure-d-eau-dans-plusieurs-zones-de-tunis-et-dans-tout-le-gouvernorat-de-ben-arous\/210759\/","og_site_name":"webdo","article_publisher":"https:\/\/www.facebook.com\/webdotn","article_published_time":"2023-12-12T19:40:00+00:00","article_modified_time":"2025-05-20T21:54:50+00:00","og_image":[{"width":750,"height":400,"url":"https:\/\/www.webdo.tn\/fr\/wp-content\/uploads\/2023\/12\/5f68611abfbce8c3e414a26bf20b6e04.jpg","type":"image\/jpeg"}],"author":"MC","twitter_card":"summary_large_image","twitter_creator":"@webdo_tn","twitter_site":"@webdo_tn","twitter_misc":{"\u00c9crit par":"MC","Dur\u00e9e de lecture estim\u00e9e":"1 minute"},"schema":{"@context":"https:\/\/schema.org","@graph":[{"@type":"NewsArticle","@id":"https:\/\/www.webdo.tn\/fr\/actualite\/national\/coupure-d-eau-dans-plusieurs-zones-de-tunis-et-dans-tout-le-gouvernorat-de-ben-arous\/210759\/#article","isPartOf":{"@id":"https:\/\/www.webdo.tn\/fr\/actualite\/national\/coupure-d-eau-dans-plusieurs-zones-de-tunis-et-dans-tout-le-gouvernorat-de-ben-arous\/210759\/"},"author":{"name":"MC","@id":"https:\/\/www.webdo.tn\/fr\/#\/schema\/person\/2c4929cbf5a809e3bd38617c6ce150f6"},"headline":"Coupure d\u2019eau dans plusieurs zones de Tunis et dans tout le gouvernorat de Ben Arous","datePublished":"2023-12-12T19:40:00+00:00","dateModified":"2025-05-20T21:54:50+00:00","mainEntityOfPage":{"@id":"https:\/\/www.webdo.tn\/fr\/actualite\/national\/coupure-d-eau-dans-plusieurs-zones-de-tunis-et-dans-tout-le-gouvernorat-de-ben-arous\/210759\/"},"wordCount":200,"commentCount":0,"publisher":{"@id":"https:\/\/www.webdo.tn\/fr\/#organization"},"image":{"@id":"https:\/\/www.webdo.tn\/fr\/actualite\/national\/coupure-d-eau-dans-plusieurs-zones-de-tunis-et-dans-tout-le-gouvernorat-de-ben-arous\/210759\/#primaryimage"},"thumbnailUrl":"https:\/\/www.webdo.tn\/fr\/wp-content\/uploads\/2023\/12\/5f68611abfbce8c3e414a26bf20b6e04.jpg","keywords":["ben arous","Coupure d'eau","Sonede","Tunis"],"articleSection":["National"],"inLanguage":"fr-FR"},{"@type":"WebPage","@id":"https:\/\/www.webdo.tn\/fr\/actualite\/national\/coupure-d-eau-dans-plusieurs-zones-de-tunis-et-dans-tout-le-gouvernorat-de-ben-arous\/210759\/","url":"https:\/\/www.webdo.tn\/fr\/actualite\/national\/coupure-d-eau-dans-plusieurs-zones-de-tunis-et-dans-tout-le-gouvernorat-de-ben-arous\/210759\/","name":"Coupure d\u2019eau dans plusieurs zones de Tunis et dans tout le gouvernorat de Ben Arous","isPartOf":{"@id":"https:\/\/www.webdo.tn\/fr\/#website"},"primaryImageOfPage":{"@id":"https:\/\/www.webdo.tn\/fr\/actualite\/national\/coupure-d-eau-dans-plusieurs-zones-de-tunis-et-dans-tout-le-gouvernorat-de-ben-arous\/210759\/#primaryimage"},"image":{"@id":"https:\/\/www.webdo.tn\/fr\/actualite\/national\/coupure-d-eau-dans-plusieurs-zones-de-tunis-et-dans-tout-le-gouvernorat-de-ben-arous\/210759\/#primaryimage"},"thumbnailUrl":"https:\/\/www.webdo.tn\/fr\/wp-content\/uploads\/2023\/12\/5f68611abfbce8c3e414a26bf20b6e04.jpg","datePublished":"2023-12-12T19:40:00+00:00","dateModified":"2025-05-20T21:54:50+00:00","description":"La SONEDE annonce une coupure d'eau dans plusieurs zones de Tunis, Zaghouan et Nabeul \u00e0 partir de mercredi 13 d\u00e9cembre.","breadcrumb":{"@id":"https:\/\/www.webdo.tn\/fr\/actualite\/national\/coupure-d-eau-dans-plusieurs-zones-de-tunis-et-dans-tout-le-gouvernorat-de-ben-arous\/210759\/#breadcrumb"},"inLanguage":"fr-FR","potentialAction":[{"@type":"ReadAction","target":["https:\/\/www.webdo.tn\/fr\/actualite\/national\/coupure-d-eau-dans-plusieurs-zones-de-tunis-et-dans-tout-le-gouvernorat-de-ben-arous\/210759\/"]}]},{"@type":"ImageObject","inLanguage":"fr-FR","@id":"https:\/\/www.webdo.tn\/fr\/actualite\/national\/coupure-d-eau-dans-plusieurs-zones-de-tunis-et-dans-tout-le-gouvernorat-de-ben-arous\/210759\/#primaryimage","url":"https:\/\/www.webdo.tn\/fr\/wp-content\/uploads\/2023\/12\/5f68611abfbce8c3e414a26bf20b6e04.jpg","contentUrl":"https:\/\/www.webdo.tn\/fr\/wp-content\/uploads\/2023\/12\/5f68611abfbce8c3e414a26bf20b6e04.jpg","width":750,"height":400,"caption":"Coupure d\u2019eau dans plusieurs zones de Tunis et dans tout le gouvernorat de Ben Arous"},{"@type":"BreadcrumbList","@id":"https:\/\/www.webdo.tn\/fr\/actualite\/national\/coupure-d-eau-dans-plusieurs-zones-de-tunis-et-dans-tout-le-gouvernorat-de-ben-arous\/210759\/#breadcrumb","itemListElement":[{"@type":"ListItem","position":1,"name":"Accueil","item":"https:\/\/www.webdo.tn\/fr\/"},{"@type":"ListItem","position":2,"name":"Coupure d\u2019eau dans plusieurs zones de Tunis et dans tout le gouvernorat de Ben Arous"}]},{"@type":"WebSite","@id":"https:\/\/www.webdo.tn\/fr\/#website","url":"https:\/\/www.webdo.tn\/fr\/","name":"webdo","description":"Tunisie - News en Tunisie et \u00e0 l&#039;international sur Webdo.tn","publisher":{"@id":"https:\/\/www.webdo.tn\/fr\/#organization"},"potentialAction":[{"@type":"SearchAction","target":{"@type":"EntryPoint","urlTemplate":"https:\/\/www.webdo.tn\/fr\/?s={search_term_string}"},"query-input":{"@type":"PropertyValueSpecification","valueRequired":true,"valueName":"search_term_string"}}],"inLanguage":"fr-FR"},{"@type":"Organization","@id":"https:\/\/www.webdo.tn\/fr\/#organization","name":"Webdo","alternateName":"Webdo.tn","url":"https:\/\/www.webdo.tn\/fr\/","logo":{"@type":"ImageObject","inLanguage":"fr-FR","@id":"https:\/\/www.webdo.tn\/fr\/#\/schema\/logo\/image\/","url":"https:\/\/www.webdo.tn\/fr\/wp-content\/uploads\/2025\/06\/Webdo-Tunisie_168377.jpg","contentUrl":"https:\/\/www.webdo.tn\/fr\/wp-content\/uploads\/2025\/06\/Webdo-Tunisie_168377.jpg","width":301,"height":301,"caption":"Webdo"},"image":{"@id":"https:\/\/www.webdo.tn\/fr\/#\/schema\/logo\/image\/"},"sameAs":["https:\/\/www.facebook.com\/webdotn","https:\/\/x.com\/webdo_tn"],"description":"Webdo est un m\u00e9dia num\u00e9rique tunisien fond\u00e9 en 2010, sp\u00e9cialis\u00e9 dans l\u2019actualit\u00e9 nationale et internationale, l\u2019\u00e9conomie, la soci\u00e9t\u00e9 et les analyses politiques. Le site s\u2019adresse \u00e0 un large public francophone et couvre l\u2019information tunisienne en temps r\u00e9el.","email":"redac@webdo.tn","legalName":"YNJ SARL","foundingDate":"2010-09-06","numberOfEmployees":{"@type":"QuantitativeValue","minValue":"11","maxValue":"50"}},{"@type":"Person","@id":"https:\/\/www.webdo.tn\/fr\/#\/schema\/person\/2c4929cbf5a809e3bd38617c6ce150f6","name":"MC","image":{"@type":"ImageObject","inLanguage":"fr-FR","@id":"https:\/\/secure.gravatar.com\/avatar\/a545bbb6f84efdd5553dbbc2895e3ca8f1d12c5215e00a041c9670b54aa9b18a?s=96&d=mm&r=g","url":"https:\/\/secure.gravatar.com\/avatar\/a545bbb6f84efdd5553dbbc2895e3ca8f1d12c5215e00a041c9670b54aa9b18a?s=96&d=mm&r=g","contentUrl":"https:\/\/secure.gravatar.com\/avatar\/a545bbb6f84efdd5553dbbc2895e3ca8f1d12c5215e00a041c9670b54aa9b18a?s=96&d=mm&r=g","caption":"MC"},"url":"https:\/\/www.webdo.tn\/fr\/actualite\/author\/mc\/"}]}},"_links":{"self":[{"href":"https:\/\/www.webdo.tn\/fr\/wp-json\/wp\/v2\/posts\/210759","targetHints":{"allow":["GET"]}}],"collection":[{"href":"https:\/\/www.webdo.tn\/fr\/wp-json\/wp\/v2\/posts"}],"about":[{"href":"https:\/\/www.webdo.tn\/fr\/wp-json\/wp\/v2\/types\/post"}],"author":[{"embeddable":true,"href":"https:\/\/www.webdo.tn\/fr\/wp-json\/wp\/v2\/users\/3162"}],"replies":[{"embeddable":true,"href":"https:\/\/www.webdo.tn\/fr\/wp-json\/wp\/v2\/comments?post=210759"}],"version-history":[{"count":0,"href":"https:\/\/www.webdo.tn\/fr\/wp-json\/wp\/v2\/posts\/210759\/revisions"}],"wp:featuredmedia":[{"embeddable":true,"href":"https:\/\/www.webdo.tn\/fr\/wp-json\/wp\/v2\/media\/248552"}],"wp:attachment":[{"href":"https:\/\/www.webdo.tn\/fr\/wp-json\/wp\/v2\/media?parent=210759"}],"wp:term":[{"taxonomy":"category","embeddable":true,"href":"https:\/\/www.webdo.tn\/fr\/wp-json\/wp\/v2\/categories?post=210759"},{"taxonomy":"post_tag","embeddable":true,"href":"https:\/\/www.webdo.tn\/fr\/wp-json\/wp\/v2\/tags?post=210759"}],"curies":[{"name":"wp","href":"https:\/\/api.w.org\/{rel}","templated":true}]}}