{"id":210755,"date":"2023-12-12T15:59:00","date_gmt":"2023-12-12T15:59:00","guid":{"rendered":"https:\/\/www.webdo.tn\/fr\/blog\/tunisie-elevation-catastrophique-du-niveau-de-la-mer-d-ici-2050\/210755\/"},"modified":"2025-05-20T22:56:32","modified_gmt":"2025-05-20T22:56:32","slug":"tunisie-elevation-catastrophique-du-niveau-de-la-mer-d-ici-2050","status":"publish","type":"post","link":"https:\/\/www.webdo.tn\/fr\/actualite\/national\/tunisie-elevation-catastrophique-du-niveau-de-la-mer-d-ici-2050\/210755\/","title":{"rendered":"Tunisie : \u00e9l\u00e9vation catastrophique du niveau de la mer d\u2019ici 2050"},"content":{"rendered":"<p>Selon le texte d\u2019un \u00ab Rapport national sur le climat et le d\u00e9veloppement en Tunisie \u00bb, publi\u00e9 derni\u00e8rement par le Groupe de la Banque mondiale, en pr\u00e9lude \u00e0 la COP28, l\u2019\u00e9l\u00e9vation du niveau de la mer pourrait toucher pr\u00e8s d\u2019un quart de la zone c\u00f4ti\u00e8re tunisienne d\u2019ici 2050.<\/p>\n<p>\t\t\t\t\t\t\t\t\tCe qui entra\u00eenerait, potentiellement, \u00ab une perte totale de terres d\u2019une valeur de 1,6 milliard de dollars. Un chiffre qui peut \u00eatre ramen\u00e9 \u00e0 44 millions de dollars, et cela, en adoptant une approche de gestion int\u00e9gr\u00e9e rigoureuse des zones c\u00f4ti\u00e8res \u00bb, ajoute le rapport.<\/p>\n<p>\u00ab La probabilit\u00e9 d\u2019inondations catastrophiques devrait presque d\u00e9cupler, et les co\u00fbts de remise en \u00e9tat des actifs routiers, \u00e0 eux seuls, apr\u00e8s ces inondations, pourraient atteindre 277 millions de dollars d\u2019ici 2050 \u00bb.\u00a0<\/p>\n<p>\u00ab Ces risques mettent en p\u00e9ril les moyens de subsistance des personnes vivant sur la c\u00f4te et dans les zones inondables \u00bb, souligne le document.<\/p>\n<p>\u00ab Les cons\u00e9quences directes et indirectes de la perte de surface co\u00fbteraient \u00e0 l\u2019\u00e9conomie tunisienne jusqu\u2019\u00e0 6,9 % du PIB d\u2019ici 2050, en raison des impacts en cascade sur les activit\u00e9s d\u2019h\u00f4tellerie, de restauration et d\u2019alimentation, les recettes publiques, les activit\u00e9s \u00e9conomiques li\u00e9es au tourisme et les emplois \u00bb, selon le m\u00eame rapport.<\/p>\n<p>Face \u00e0 ces pr\u00e9visions qui augurent d\u2019une situation \u00e9cologique et \u00e9conomique catastrophique, la BM recommande ainsi, \u00ab des interventions cibl\u00e9es visant \u00e0 prot\u00e9ger les zones c\u00f4ti\u00e8res et leurs activit\u00e9s \u00e9conomiques qui permettront de pr\u00e9venir certains dommages li\u00e9s \u00e0 l\u2019\u00e9l\u00e9vation du niveau de la mer \u00bb.<\/p>\n","protected":false},"excerpt":{"rendered":"<p>Selon le texte d\u2019un \u00ab Rapport national sur le climat et le d\u00e9veloppement en Tunisie \u00bb, l\u2019\u00e9l\u00e9vation du niveau de la mer pourrait toucher pr\u00e8s d\u2019un quart de la zo&#8230;<\/p>\n","protected":false},"author":3185,"featured_media":248553,"comment_status":"open","ping_status":"closed","sticky":false,"template":"","format":"standard","meta":{"footnotes":""},"categories":[44],"tags":[4393,7411,2608,7410],"class_list":["post-210755","post","type-post","status-publish","format-standard","has-post-thumbnail","hentry","category-national","tag-danger","tag-elevation-du-niveau-de-la-mer","tag-tunisie","tag-zones-cotieres"],"yoast_head":"<!-- This site is optimized with the Yoast SEO Premium plugin v27.5 (Yoast SEO v27.5) - https:\/\/yoast.com\/product\/yoast-seo-premium-wordpress\/ -->\n<title>Tunisie : \u00e9l\u00e9vation catastrophique du niveau de la mer d\u2019ici 2050<\/title>\n<meta name=\"description\" content=\"Selon le texte d\u2019un \u00ab Rapport national sur le climat et le d\u00e9veloppement en Tunisie \u00bb, l\u2019\u00e9l\u00e9vation du niveau de la mer pourrait toucher pr\u00e8s d\u2019un quart de la zo...\" \/>\n<link rel=\"canonical\" href=\"https:\/\/www.webdo.tn\/fr\/actualite\/national\/tunisie-elevation-catastrophique-du-niveau-de-la-mer-d-ici-2050\/210755\/\" \/>\n<meta property=\"og:locale\" content=\"fr_FR\" \/>\n<meta property=\"og:type\" content=\"article\" \/>\n<meta property=\"og:title\" content=\"Tunisie : \u00e9l\u00e9vation catastrophique du niveau de la mer d\u2019ici 2050\" \/>\n<meta property=\"og:description\" content=\"Selon le texte d\u2019un \u00ab Rapport national sur le climat et le d\u00e9veloppement en Tunisie \u00bb, l\u2019\u00e9l\u00e9vation du niveau de la mer pourrait toucher pr\u00e8s d\u2019un quart de la zo...\" \/>\n<meta property=\"og:url\" content=\"https:\/\/www.webdo.tn\/fr\/actualite\/national\/tunisie-elevation-catastrophique-du-niveau-de-la-mer-d-ici-2050\/210755\/\" \/>\n<meta property=\"og:site_name\" content=\"webdo\" \/>\n<meta property=\"article:publisher\" content=\"https:\/\/www.facebook.com\/webdotn\" \/>\n<meta property=\"article:published_time\" content=\"2023-12-12T15:59:00+00:00\" \/>\n<meta property=\"article:modified_time\" content=\"2025-05-20T22:56:32+00:00\" \/>\n<meta property=\"og:image\" content=\"https:\/\/www.webdo.tn\/fr\/wp-content\/uploads\/2023\/12\/29891a0714e42f6421fb4336ea89ad9c.jpg\" \/>\n\t<meta property=\"og:image:width\" content=\"750\" \/>\n\t<meta property=\"og:image:height\" content=\"400\" \/>\n\t<meta property=\"og:image:type\" content=\"image\/jpeg\" \/>\n<meta name=\"author\" content=\"WDA\" \/>\n<meta name=\"twitter:card\" content=\"summary_large_image\" \/>\n<meta name=\"twitter:creator\" content=\"@webdo_tn\" \/>\n<meta name=\"twitter:site\" content=\"@webdo_tn\" \/>\n<meta name=\"twitter:label1\" content=\"\u00c9crit par\" \/>\n\t<meta name=\"twitter:data1\" content=\"WDA\" \/>\n\t<meta name=\"twitter:label2\" content=\"Dur\u00e9e de lecture estim\u00e9e\" \/>\n\t<meta name=\"twitter:data2\" content=\"1 minute\" \/>\n<script type=\"application\/ld+json\" class=\"yoast-schema-graph\">{\"@context\":\"https:\\\/\\\/schema.org\",\"@graph\":[{\"@type\":\"NewsArticle\",\"@id\":\"https:\\\/\\\/www.webdo.tn\\\/fr\\\/actualite\\\/national\\\/tunisie-elevation-catastrophique-du-niveau-de-la-mer-d-ici-2050\\\/210755\\\/#article\",\"isPartOf\":{\"@id\":\"https:\\\/\\\/www.webdo.tn\\\/fr\\\/actualite\\\/national\\\/tunisie-elevation-catastrophique-du-niveau-de-la-mer-d-ici-2050\\\/210755\\\/\"},\"author\":{\"name\":\"WDA\",\"@id\":\"https:\\\/\\\/www.webdo.tn\\\/fr\\\/#\\\/schema\\\/person\\\/ae999f6cc68c323955dd7bb23b41f2dd\"},\"headline\":\"Tunisie : \u00e9l\u00e9vation catastrophique du niveau de la mer d\u2019ici 2050\",\"datePublished\":\"2023-12-12T15:59:00+00:00\",\"dateModified\":\"2025-05-20T22:56:32+00:00\",\"mainEntityOfPage\":{\"@id\":\"https:\\\/\\\/www.webdo.tn\\\/fr\\\/actualite\\\/national\\\/tunisie-elevation-catastrophique-du-niveau-de-la-mer-d-ici-2050\\\/210755\\\/\"},\"wordCount\":279,\"commentCount\":0,\"publisher\":{\"@id\":\"https:\\\/\\\/www.webdo.tn\\\/fr\\\/#organization\"},\"image\":{\"@id\":\"https:\\\/\\\/www.webdo.tn\\\/fr\\\/actualite\\\/national\\\/tunisie-elevation-catastrophique-du-niveau-de-la-mer-d-ici-2050\\\/210755\\\/#primaryimage\"},\"thumbnailUrl\":\"https:\\\/\\\/www.webdo.tn\\\/fr\\\/wp-content\\\/uploads\\\/2023\\\/12\\\/29891a0714e42f6421fb4336ea89ad9c.jpg\",\"keywords\":[\"danger\",\"El\u00e9vation du niveau de la mer\",\"Tunisie\",\"Zones c\u00f4ti\u00e8res\"],\"articleSection\":[\"National\"],\"inLanguage\":\"fr-FR\"},{\"@type\":\"WebPage\",\"@id\":\"https:\\\/\\\/www.webdo.tn\\\/fr\\\/actualite\\\/national\\\/tunisie-elevation-catastrophique-du-niveau-de-la-mer-d-ici-2050\\\/210755\\\/\",\"url\":\"https:\\\/\\\/www.webdo.tn\\\/fr\\\/actualite\\\/national\\\/tunisie-elevation-catastrophique-du-niveau-de-la-mer-d-ici-2050\\\/210755\\\/\",\"name\":\"Tunisie : \u00e9l\u00e9vation catastrophique du niveau de la mer d\u2019ici 2050\",\"isPartOf\":{\"@id\":\"https:\\\/\\\/www.webdo.tn\\\/fr\\\/#website\"},\"primaryImageOfPage\":{\"@id\":\"https:\\\/\\\/www.webdo.tn\\\/fr\\\/actualite\\\/national\\\/tunisie-elevation-catastrophique-du-niveau-de-la-mer-d-ici-2050\\\/210755\\\/#primaryimage\"},\"image\":{\"@id\":\"https:\\\/\\\/www.webdo.tn\\\/fr\\\/actualite\\\/national\\\/tunisie-elevation-catastrophique-du-niveau-de-la-mer-d-ici-2050\\\/210755\\\/#primaryimage\"},\"thumbnailUrl\":\"https:\\\/\\\/www.webdo.tn\\\/fr\\\/wp-content\\\/uploads\\\/2023\\\/12\\\/29891a0714e42f6421fb4336ea89ad9c.jpg\",\"datePublished\":\"2023-12-12T15:59:00+00:00\",\"dateModified\":\"2025-05-20T22:56:32+00:00\",\"description\":\"Selon le texte d\u2019un \u00ab Rapport national sur le climat et le d\u00e9veloppement en Tunisie \u00bb, l\u2019\u00e9l\u00e9vation du niveau de la mer pourrait toucher pr\u00e8s d\u2019un quart de la zo...\",\"breadcrumb\":{\"@id\":\"https:\\\/\\\/www.webdo.tn\\\/fr\\\/actualite\\\/national\\\/tunisie-elevation-catastrophique-du-niveau-de-la-mer-d-ici-2050\\\/210755\\\/#breadcrumb\"},\"inLanguage\":\"fr-FR\",\"potentialAction\":[{\"@type\":\"ReadAction\",\"target\":[\"https:\\\/\\\/www.webdo.tn\\\/fr\\\/actualite\\\/national\\\/tunisie-elevation-catastrophique-du-niveau-de-la-mer-d-ici-2050\\\/210755\\\/\"]}]},{\"@type\":\"ImageObject\",\"inLanguage\":\"fr-FR\",\"@id\":\"https:\\\/\\\/www.webdo.tn\\\/fr\\\/actualite\\\/national\\\/tunisie-elevation-catastrophique-du-niveau-de-la-mer-d-ici-2050\\\/210755\\\/#primaryimage\",\"url\":\"https:\\\/\\\/www.webdo.tn\\\/fr\\\/wp-content\\\/uploads\\\/2023\\\/12\\\/29891a0714e42f6421fb4336ea89ad9c.jpg\",\"contentUrl\":\"https:\\\/\\\/www.webdo.tn\\\/fr\\\/wp-content\\\/uploads\\\/2023\\\/12\\\/29891a0714e42f6421fb4336ea89ad9c.jpg\",\"width\":750,\"height\":400,\"caption\":\"Tunisie : \u00e9l\u00e9vation catastrophique du niveau de la mer d\u2019ici 2050\"},{\"@type\":\"BreadcrumbList\",\"@id\":\"https:\\\/\\\/www.webdo.tn\\\/fr\\\/actualite\\\/national\\\/tunisie-elevation-catastrophique-du-niveau-de-la-mer-d-ici-2050\\\/210755\\\/#breadcrumb\",\"itemListElement\":[{\"@type\":\"ListItem\",\"position\":1,\"name\":\"Accueil\",\"item\":\"https:\\\/\\\/www.webdo.tn\\\/fr\\\/\"},{\"@type\":\"ListItem\",\"position\":2,\"name\":\"Tunisie : \u00e9l\u00e9vation catastrophique du niveau de la mer d\u2019ici 2050\"}]},{\"@type\":\"WebSite\",\"@id\":\"https:\\\/\\\/www.webdo.tn\\\/fr\\\/#website\",\"url\":\"https:\\\/\\\/www.webdo.tn\\\/fr\\\/\",\"name\":\"webdo\",\"description\":\"Tunisie - News en Tunisie et \u00e0 l&#039;international sur Webdo.tn\",\"publisher\":{\"@id\":\"https:\\\/\\\/www.webdo.tn\\\/fr\\\/#organization\"},\"potentialAction\":[{\"@type\":\"SearchAction\",\"target\":{\"@type\":\"EntryPoint\",\"urlTemplate\":\"https:\\\/\\\/www.webdo.tn\\\/fr\\\/?s={search_term_string}\"},\"query-input\":{\"@type\":\"PropertyValueSpecification\",\"valueRequired\":true,\"valueName\":\"search_term_string\"}}],\"inLanguage\":\"fr-FR\"},{\"@type\":\"Organization\",\"@id\":\"https:\\\/\\\/www.webdo.tn\\\/fr\\\/#organization\",\"name\":\"Webdo\",\"alternateName\":\"Webdo.tn\",\"url\":\"https:\\\/\\\/www.webdo.tn\\\/fr\\\/\",\"logo\":{\"@type\":\"ImageObject\",\"inLanguage\":\"fr-FR\",\"@id\":\"https:\\\/\\\/www.webdo.tn\\\/fr\\\/#\\\/schema\\\/logo\\\/image\\\/\",\"url\":\"https:\\\/\\\/www.webdo.tn\\\/fr\\\/wp-content\\\/uploads\\\/2025\\\/06\\\/Webdo-Tunisie_168377.jpg\",\"contentUrl\":\"https:\\\/\\\/www.webdo.tn\\\/fr\\\/wp-content\\\/uploads\\\/2025\\\/06\\\/Webdo-Tunisie_168377.jpg\",\"width\":301,\"height\":301,\"caption\":\"Webdo\"},\"image\":{\"@id\":\"https:\\\/\\\/www.webdo.tn\\\/fr\\\/#\\\/schema\\\/logo\\\/image\\\/\"},\"sameAs\":[\"https:\\\/\\\/www.facebook.com\\\/webdotn\",\"https:\\\/\\\/x.com\\\/webdo_tn\"],\"description\":\"Webdo est un m\u00e9dia num\u00e9rique tunisien fond\u00e9 en 2010, sp\u00e9cialis\u00e9 dans l\u2019actualit\u00e9 nationale et internationale, l\u2019\u00e9conomie, la soci\u00e9t\u00e9 et les analyses politiques. Le site s\u2019adresse \u00e0 un large public francophone et couvre l\u2019information tunisienne en temps r\u00e9el.\",\"email\":\"redac@webdo.tn\",\"legalName\":\"YNJ SARL\",\"foundingDate\":\"2010-09-06\",\"numberOfEmployees\":{\"@type\":\"QuantitativeValue\",\"minValue\":\"11\",\"maxValue\":\"50\"}},{\"@type\":\"Person\",\"@id\":\"https:\\\/\\\/www.webdo.tn\\\/fr\\\/#\\\/schema\\\/person\\\/ae999f6cc68c323955dd7bb23b41f2dd\",\"name\":\"WDA\",\"image\":{\"@type\":\"ImageObject\",\"inLanguage\":\"fr-FR\",\"@id\":\"https:\\\/\\\/secure.gravatar.com\\\/avatar\\\/008e9c4da3bbf467e76fbd05ea8a140d6f047be3ff32b495e3a42ecd99d95622?s=96&d=mm&r=g\",\"url\":\"https:\\\/\\\/secure.gravatar.com\\\/avatar\\\/008e9c4da3bbf467e76fbd05ea8a140d6f047be3ff32b495e3a42ecd99d95622?s=96&d=mm&r=g\",\"contentUrl\":\"https:\\\/\\\/secure.gravatar.com\\\/avatar\\\/008e9c4da3bbf467e76fbd05ea8a140d6f047be3ff32b495e3a42ecd99d95622?s=96&d=mm&r=g\",\"caption\":\"WDA\"},\"url\":\"https:\\\/\\\/www.webdo.tn\\\/fr\\\/actualite\\\/author\\\/wda\\\/\"}]}<\/script>\n<!-- \/ Yoast SEO Premium plugin. -->","yoast_head_json":{"title":"Tunisie : \u00e9l\u00e9vation catastrophique du niveau de la mer d\u2019ici 2050","description":"Selon le texte d\u2019un \u00ab Rapport national sur le climat et le d\u00e9veloppement en Tunisie \u00bb, l\u2019\u00e9l\u00e9vation du niveau de la mer pourrait toucher pr\u00e8s d\u2019un quart de la zo...","canonical":"https:\/\/www.webdo.tn\/fr\/actualite\/national\/tunisie-elevation-catastrophique-du-niveau-de-la-mer-d-ici-2050\/210755\/","og_locale":"fr_FR","og_type":"article","og_title":"Tunisie : \u00e9l\u00e9vation catastrophique du niveau de la mer d\u2019ici 2050","og_description":"Selon le texte d\u2019un \u00ab Rapport national sur le climat et le d\u00e9veloppement en Tunisie \u00bb, l\u2019\u00e9l\u00e9vation du niveau de la mer pourrait toucher pr\u00e8s d\u2019un quart de la zo...","og_url":"https:\/\/www.webdo.tn\/fr\/actualite\/national\/tunisie-elevation-catastrophique-du-niveau-de-la-mer-d-ici-2050\/210755\/","og_site_name":"webdo","article_publisher":"https:\/\/www.facebook.com\/webdotn","article_published_time":"2023-12-12T15:59:00+00:00","article_modified_time":"2025-05-20T22:56:32+00:00","og_image":[{"width":750,"height":400,"url":"https:\/\/www.webdo.tn\/fr\/wp-content\/uploads\/2023\/12\/29891a0714e42f6421fb4336ea89ad9c.jpg","type":"image\/jpeg"}],"author":"WDA","twitter_card":"summary_large_image","twitter_creator":"@webdo_tn","twitter_site":"@webdo_tn","twitter_misc":{"\u00c9crit par":"WDA","Dur\u00e9e de lecture estim\u00e9e":"1 minute"},"schema":{"@context":"https:\/\/schema.org","@graph":[{"@type":"NewsArticle","@id":"https:\/\/www.webdo.tn\/fr\/actualite\/national\/tunisie-elevation-catastrophique-du-niveau-de-la-mer-d-ici-2050\/210755\/#article","isPartOf":{"@id":"https:\/\/www.webdo.tn\/fr\/actualite\/national\/tunisie-elevation-catastrophique-du-niveau-de-la-mer-d-ici-2050\/210755\/"},"author":{"name":"WDA","@id":"https:\/\/www.webdo.tn\/fr\/#\/schema\/person\/ae999f6cc68c323955dd7bb23b41f2dd"},"headline":"Tunisie : \u00e9l\u00e9vation catastrophique du niveau de la mer d\u2019ici 2050","datePublished":"2023-12-12T15:59:00+00:00","dateModified":"2025-05-20T22:56:32+00:00","mainEntityOfPage":{"@id":"https:\/\/www.webdo.tn\/fr\/actualite\/national\/tunisie-elevation-catastrophique-du-niveau-de-la-mer-d-ici-2050\/210755\/"},"wordCount":279,"commentCount":0,"publisher":{"@id":"https:\/\/www.webdo.tn\/fr\/#organization"},"image":{"@id":"https:\/\/www.webdo.tn\/fr\/actualite\/national\/tunisie-elevation-catastrophique-du-niveau-de-la-mer-d-ici-2050\/210755\/#primaryimage"},"thumbnailUrl":"https:\/\/www.webdo.tn\/fr\/wp-content\/uploads\/2023\/12\/29891a0714e42f6421fb4336ea89ad9c.jpg","keywords":["danger","El\u00e9vation du niveau de la mer","Tunisie","Zones c\u00f4ti\u00e8res"],"articleSection":["National"],"inLanguage":"fr-FR"},{"@type":"WebPage","@id":"https:\/\/www.webdo.tn\/fr\/actualite\/national\/tunisie-elevation-catastrophique-du-niveau-de-la-mer-d-ici-2050\/210755\/","url":"https:\/\/www.webdo.tn\/fr\/actualite\/national\/tunisie-elevation-catastrophique-du-niveau-de-la-mer-d-ici-2050\/210755\/","name":"Tunisie : \u00e9l\u00e9vation catastrophique du niveau de la mer d\u2019ici 2050","isPartOf":{"@id":"https:\/\/www.webdo.tn\/fr\/#website"},"primaryImageOfPage":{"@id":"https:\/\/www.webdo.tn\/fr\/actualite\/national\/tunisie-elevation-catastrophique-du-niveau-de-la-mer-d-ici-2050\/210755\/#primaryimage"},"image":{"@id":"https:\/\/www.webdo.tn\/fr\/actualite\/national\/tunisie-elevation-catastrophique-du-niveau-de-la-mer-d-ici-2050\/210755\/#primaryimage"},"thumbnailUrl":"https:\/\/www.webdo.tn\/fr\/wp-content\/uploads\/2023\/12\/29891a0714e42f6421fb4336ea89ad9c.jpg","datePublished":"2023-12-12T15:59:00+00:00","dateModified":"2025-05-20T22:56:32+00:00","description":"Selon le texte d\u2019un \u00ab Rapport national sur le climat et le d\u00e9veloppement en Tunisie \u00bb, l\u2019\u00e9l\u00e9vation du niveau de la mer pourrait toucher pr\u00e8s d\u2019un quart de la zo...","breadcrumb":{"@id":"https:\/\/www.webdo.tn\/fr\/actualite\/national\/tunisie-elevation-catastrophique-du-niveau-de-la-mer-d-ici-2050\/210755\/#breadcrumb"},"inLanguage":"fr-FR","potentialAction":[{"@type":"ReadAction","target":["https:\/\/www.webdo.tn\/fr\/actualite\/national\/tunisie-elevation-catastrophique-du-niveau-de-la-mer-d-ici-2050\/210755\/"]}]},{"@type":"ImageObject","inLanguage":"fr-FR","@id":"https:\/\/www.webdo.tn\/fr\/actualite\/national\/tunisie-elevation-catastrophique-du-niveau-de-la-mer-d-ici-2050\/210755\/#primaryimage","url":"https:\/\/www.webdo.tn\/fr\/wp-content\/uploads\/2023\/12\/29891a0714e42f6421fb4336ea89ad9c.jpg","contentUrl":"https:\/\/www.webdo.tn\/fr\/wp-content\/uploads\/2023\/12\/29891a0714e42f6421fb4336ea89ad9c.jpg","width":750,"height":400,"caption":"Tunisie : \u00e9l\u00e9vation catastrophique du niveau de la mer d\u2019ici 2050"},{"@type":"BreadcrumbList","@id":"https:\/\/www.webdo.tn\/fr\/actualite\/national\/tunisie-elevation-catastrophique-du-niveau-de-la-mer-d-ici-2050\/210755\/#breadcrumb","itemListElement":[{"@type":"ListItem","position":1,"name":"Accueil","item":"https:\/\/www.webdo.tn\/fr\/"},{"@type":"ListItem","position":2,"name":"Tunisie : \u00e9l\u00e9vation catastrophique du niveau de la mer d\u2019ici 2050"}]},{"@type":"WebSite","@id":"https:\/\/www.webdo.tn\/fr\/#website","url":"https:\/\/www.webdo.tn\/fr\/","name":"webdo","description":"Tunisie - News en Tunisie et \u00e0 l&#039;international sur Webdo.tn","publisher":{"@id":"https:\/\/www.webdo.tn\/fr\/#organization"},"potentialAction":[{"@type":"SearchAction","target":{"@type":"EntryPoint","urlTemplate":"https:\/\/www.webdo.tn\/fr\/?s={search_term_string}"},"query-input":{"@type":"PropertyValueSpecification","valueRequired":true,"valueName":"search_term_string"}}],"inLanguage":"fr-FR"},{"@type":"Organization","@id":"https:\/\/www.webdo.tn\/fr\/#organization","name":"Webdo","alternateName":"Webdo.tn","url":"https:\/\/www.webdo.tn\/fr\/","logo":{"@type":"ImageObject","inLanguage":"fr-FR","@id":"https:\/\/www.webdo.tn\/fr\/#\/schema\/logo\/image\/","url":"https:\/\/www.webdo.tn\/fr\/wp-content\/uploads\/2025\/06\/Webdo-Tunisie_168377.jpg","contentUrl":"https:\/\/www.webdo.tn\/fr\/wp-content\/uploads\/2025\/06\/Webdo-Tunisie_168377.jpg","width":301,"height":301,"caption":"Webdo"},"image":{"@id":"https:\/\/www.webdo.tn\/fr\/#\/schema\/logo\/image\/"},"sameAs":["https:\/\/www.facebook.com\/webdotn","https:\/\/x.com\/webdo_tn"],"description":"Webdo est un m\u00e9dia num\u00e9rique tunisien fond\u00e9 en 2010, sp\u00e9cialis\u00e9 dans l\u2019actualit\u00e9 nationale et internationale, l\u2019\u00e9conomie, la soci\u00e9t\u00e9 et les analyses politiques. Le site s\u2019adresse \u00e0 un large public francophone et couvre l\u2019information tunisienne en temps r\u00e9el.","email":"redac@webdo.tn","legalName":"YNJ SARL","foundingDate":"2010-09-06","numberOfEmployees":{"@type":"QuantitativeValue","minValue":"11","maxValue":"50"}},{"@type":"Person","@id":"https:\/\/www.webdo.tn\/fr\/#\/schema\/person\/ae999f6cc68c323955dd7bb23b41f2dd","name":"WDA","image":{"@type":"ImageObject","inLanguage":"fr-FR","@id":"https:\/\/secure.gravatar.com\/avatar\/008e9c4da3bbf467e76fbd05ea8a140d6f047be3ff32b495e3a42ecd99d95622?s=96&d=mm&r=g","url":"https:\/\/secure.gravatar.com\/avatar\/008e9c4da3bbf467e76fbd05ea8a140d6f047be3ff32b495e3a42ecd99d95622?s=96&d=mm&r=g","contentUrl":"https:\/\/secure.gravatar.com\/avatar\/008e9c4da3bbf467e76fbd05ea8a140d6f047be3ff32b495e3a42ecd99d95622?s=96&d=mm&r=g","caption":"WDA"},"url":"https:\/\/www.webdo.tn\/fr\/actualite\/author\/wda\/"}]}},"_links":{"self":[{"href":"https:\/\/www.webdo.tn\/fr\/wp-json\/wp\/v2\/posts\/210755","targetHints":{"allow":["GET"]}}],"collection":[{"href":"https:\/\/www.webdo.tn\/fr\/wp-json\/wp\/v2\/posts"}],"about":[{"href":"https:\/\/www.webdo.tn\/fr\/wp-json\/wp\/v2\/types\/post"}],"author":[{"embeddable":true,"href":"https:\/\/www.webdo.tn\/fr\/wp-json\/wp\/v2\/users\/3185"}],"replies":[{"embeddable":true,"href":"https:\/\/www.webdo.tn\/fr\/wp-json\/wp\/v2\/comments?post=210755"}],"version-history":[{"count":0,"href":"https:\/\/www.webdo.tn\/fr\/wp-json\/wp\/v2\/posts\/210755\/revisions"}],"wp:featuredmedia":[{"embeddable":true,"href":"https:\/\/www.webdo.tn\/fr\/wp-json\/wp\/v2\/media\/248553"}],"wp:attachment":[{"href":"https:\/\/www.webdo.tn\/fr\/wp-json\/wp\/v2\/media?parent=210755"}],"wp:term":[{"taxonomy":"category","embeddable":true,"href":"https:\/\/www.webdo.tn\/fr\/wp-json\/wp\/v2\/categories?post=210755"},{"taxonomy":"post_tag","embeddable":true,"href":"https:\/\/www.webdo.tn\/fr\/wp-json\/wp\/v2\/tags?post=210755"}],"curies":[{"name":"wp","href":"https:\/\/api.w.org\/{rel}","templated":true}]}}