{"id":210747,"date":"2023-12-12T11:48:00","date_gmt":"2023-12-12T11:48:00","guid":{"rendered":"https:\/\/www.webdo.tn\/fr\/blog\/dans-la-dette-on-s-abstient\/210747\/"},"modified":"2025-06-04T18:05:29","modified_gmt":"2025-06-04T18:05:29","slug":"dans-la-dette-on-s-abstient-2","status":"publish","type":"post","link":"https:\/\/www.webdo.tn\/fr\/actualite\/national\/dans-la-dette-on-s-abstient-2\/210747\/","title":{"rendered":"Dans la dette, on s\u2019abstient !"},"content":{"rendered":"<p>Honorer ses dettes ext\u00e9rieures est un aspect de la finance publique que l\u2019Etat tunisien a r\u00e9ussi en 2023, en d\u00e9pit d\u2019une conjoncture nationale et internationale difficile. Mais ce satisf\u00e9cit ne doit pas nous divertir quant aux causes de l\u2019endettement, celui de l\u2019inad\u00e9quation entre les ressources propres de l\u2019Etat et ses d\u00e9penses\u2026<\/p>\n<p> Rembourser ses dettes, c\u2019est important. Trouver une alternative \u00e0 la dette, c\u2019est encore mieux. C\u2019est dans cette logique que doit \u00eatre appr\u00e9hend\u00e9e la question de l\u2019endettement en Tunisie.<\/p>\n<p>A notre avis, la soutenabilit\u00e9 de la dette n\u2019a de v\u00e9ritable sens que lorsqu\u2019elle s\u2019inscrit dans la dur\u00e9e. Or cet aspect, l\u2019Etat tunisien \u2013 tout d\u00e9faitisme exclu \u2013 est incapable d\u2019assurer ind\u00e9finiment.<\/p>\n<p>Pourquoi disons-nous cela ?<\/p>\n<p>A la lecture de l\u2019organigramme des besoins de financement du Budget de l\u2019Etat 2024, nous osons dire, malheureusement, que la politique men\u00e9e par la Tunisie en mati\u00e8re d\u2019endettement s\u2019accommode plus de fuite en avant que de gestion appropri\u00e9e, puisque les m\u00eame causes produisent, d\u00e9sormais, les m\u00eames effets.<\/p>\n<p>Que la ministre des Finances, Mme Sihem Nemsia, se r\u00e9jouisse que 93% du service de la dette de 2023 ont \u00e9t\u00e9 rembours\u00e9s \u2013 ce qui est au fond une performance \u2013 cela ne doit pas, cependant, s\u2019\u00e9riger en politique.<\/p>\n<p>Concentrer annuellement tous les efforts de l\u2019Etat \u2013 et les outils de production \u2013 sur le seul aspect du remboursement de la dette et occulter les fondamentaux \u00e9conomiques \u2013 l\u2019offre et la demande du march\u00e9, les prix, la valeur du dinar, la balance commerciale et biens d\u2019autres aspects \u2013 est une vision restrictive de la chose \u00e9conomique. Et si elle suscite pour certains une autosatisfaction, cela ne saurait \u00eatre qu\u2019\u00e9ph\u00e9m\u00e8re.<\/p>\n<p>Pour votre gouverne, les besoins de financement de la Tunisie pr\u00e9vus dans le cadre du Budget de l\u2019Etat pour 2024 s\u2019\u00e9l\u00e8vent \u00e0 28.188 millions de dinars (MD). Ces besoins seront couverts \u00e0 raison de 11.743 MD par le recours au march\u00e9 int\u00e9rieur (42%) et de 16.445 MD par le recours \u00e0 l\u2019endettement ext\u00e9rieur.<\/p>\n<p>Nous constatons \u00e0 ce propos que les financements \u00e0 mobiliser \u00e0 travers l\u2019endettement ext\u00e9rieur se r\u00e9partissent entre les cr\u00e9dits directs destin\u00e9s aux financements de projets et 14.470 MD d\u2019appui budg\u00e9taire.<\/p>\n<p>Avouez que consacrer seulement 2 milliards de dinars pour les projets dans un pays o\u00f9 l\u2019infrastructure est d\u00e9labr\u00e9e et o\u00f9 on recense plus de destruction d\u2019emplois que de cr\u00e9ation, est insignifiant et ne saura donner des signes stimulants pour les investisseurs priv\u00e9s.<\/p>\n<p>Que faire alors ?<\/p>\n<p>Moi, je suis de ceux qui \u00ab militent \u00bb pour les \u00e9conomies en termes de d\u00e9penses. Le Tunisien pourra tr\u00e8s bien se passer de bananes, de noix de coco, de voitures de luxe, de montres de grande marque et d\u2019autres produits import\u00e9s directement de l\u2019\u00e9tranger ou \u00e0 travers des enseignes \u00e9trang\u00e8res aux mains de certains privil\u00e9gi\u00e9s dont ils partagent les dividendes avec les gros bonnets.<\/p>\n<p>Tout cela au d\u00e9triment d\u2019un produit local qui a fini par s\u2019effriter dangereusement. L\u2019accord de libre-\u00e9change avec la Turquie n\u2019est qu\u2019un cas entre plusieurs de ces deals contract\u00e9s avec certains pays ou groupements qui ont d\u00e9truit un pan entier de notre industrie. Encore heureux que cet accord ait \u00e9t\u00e9 revu.<\/p>\n<p>Le cas des importations superflues, si certains le consid\u00e8rent sans grande cons\u00e9quence c\u2019est qu\u2019ils m\u00e9connaissent ce que veut dire l\u2019inflation import\u00e9e. Avec moins d\u2019importations de ce genre, les prix vont revenir \u00e0 des niveaux plus cl\u00e9ments, ce qui stimulera la consommation autant publique \u2013 celle de l\u2019Etat \u2013 que des m\u00e9nages.<\/p>\n<p>Quand on sait que la consommation et l\u2019investissement sont les moteurs de la croissance, cela veut tout dire.<\/p>\n<p>Chahir CHAKROUN<\/p>\n","protected":false},"excerpt":{"rendered":"<p>Comment la Tunisie doit-elle appr\u00e9hender la question de l&rsquo;endettement ?<\/p>\n","protected":false},"author":3222,"featured_media":248547,"comment_status":"open","ping_status":"closed","sticky":false,"template":"","format":"standard","meta":{"footnotes":""},"categories":[44],"tags":[3439,7407,3642,2608],"class_list":["post-210747","post","type-post","status-publish","format-standard","has-post-thumbnail","hentry","category-national","tag-dette","tag-endettement","tag-finances","tag-tunisie"],"yoast_head":"<!-- This site is optimized with the Yoast SEO Premium plugin v27.4 (Yoast SEO v27.5) - https:\/\/yoast.com\/product\/yoast-seo-premium-wordpress\/ -->\n<title>Dans la dette, on s\u2019abstient !<\/title>\n<meta name=\"description\" content=\"Comment la Tunisie doit-elle appr\u00e9hender la question de l&#039;endettement ?\" \/>\n<link rel=\"canonical\" href=\"https:\/\/www.webdo.tn\/fr\/actualite\/national\/dans-la-dette-on-s-abstient-2\/210747\/\" \/>\n<meta property=\"og:locale\" content=\"fr_FR\" \/>\n<meta property=\"og:type\" content=\"article\" \/>\n<meta property=\"og:title\" content=\"Dans la dette, on s\u2019abstient !\" \/>\n<meta property=\"og:description\" content=\"Comment la Tunisie doit-elle appr\u00e9hender la question de l&#039;endettement ?\" \/>\n<meta property=\"og:url\" content=\"https:\/\/www.webdo.tn\/fr\/actualite\/national\/dans-la-dette-on-s-abstient-2\/210747\/\" \/>\n<meta property=\"og:site_name\" content=\"webdo\" \/>\n<meta property=\"article:publisher\" content=\"https:\/\/www.facebook.com\/webdotn\" \/>\n<meta property=\"article:published_time\" content=\"2023-12-12T11:48:00+00:00\" \/>\n<meta property=\"article:modified_time\" content=\"2025-06-04T18:05:29+00:00\" \/>\n<meta property=\"og:image\" content=\"https:\/\/www.webdo.tn\/fr\/wp-content\/uploads\/2023\/12\/77778fd3d2f2ac6174c7d4ef1045884b.jpg\" \/>\n\t<meta property=\"og:image:width\" content=\"626\" \/>\n\t<meta property=\"og:image:height\" content=\"334\" \/>\n\t<meta property=\"og:image:type\" content=\"image\/jpeg\" \/>\n<meta name=\"author\" content=\"webdo.tn\" \/>\n<meta name=\"twitter:card\" content=\"summary_large_image\" \/>\n<meta name=\"twitter:creator\" content=\"@webdo_tn\" \/>\n<meta name=\"twitter:site\" content=\"@webdo_tn\" \/>\n<meta name=\"twitter:label1\" content=\"\u00c9crit par\" \/>\n\t<meta name=\"twitter:data1\" content=\"webdo.tn\" \/>\n\t<meta name=\"twitter:label2\" content=\"Dur\u00e9e de lecture estim\u00e9e\" \/>\n\t<meta name=\"twitter:data2\" content=\"3 minutes\" \/>\n<script type=\"application\/ld+json\" class=\"yoast-schema-graph\">{\"@context\":\"https:\\\/\\\/schema.org\",\"@graph\":[{\"@type\":\"NewsArticle\",\"@id\":\"https:\\\/\\\/www.webdo.tn\\\/fr\\\/actualite\\\/national\\\/dans-la-dette-on-s-abstient-2\\\/210747\\\/#article\",\"isPartOf\":{\"@id\":\"https:\\\/\\\/www.webdo.tn\\\/fr\\\/actualite\\\/national\\\/dans-la-dette-on-s-abstient-2\\\/210747\\\/\"},\"author\":{\"name\":\"webdo.tn\",\"@id\":\"https:\\\/\\\/www.webdo.tn\\\/fr\\\/#\\\/schema\\\/person\\\/9a9c6118d687c117df8ef3cc36a4d175\"},\"headline\":\"Dans la dette, on s\u2019abstient !\",\"datePublished\":\"2023-12-12T11:48:00+00:00\",\"dateModified\":\"2025-06-04T18:05:29+00:00\",\"mainEntityOfPage\":{\"@id\":\"https:\\\/\\\/www.webdo.tn\\\/fr\\\/actualite\\\/national\\\/dans-la-dette-on-s-abstient-2\\\/210747\\\/\"},\"wordCount\":652,\"commentCount\":0,\"publisher\":{\"@id\":\"https:\\\/\\\/www.webdo.tn\\\/fr\\\/#organization\"},\"image\":{\"@id\":\"https:\\\/\\\/www.webdo.tn\\\/fr\\\/actualite\\\/national\\\/dans-la-dette-on-s-abstient-2\\\/210747\\\/#primaryimage\"},\"thumbnailUrl\":\"https:\\\/\\\/www.webdo.tn\\\/fr\\\/wp-content\\\/uploads\\\/2023\\\/12\\\/77778fd3d2f2ac6174c7d4ef1045884b.jpg\",\"keywords\":[\"dette\",\"endettement\",\"Finances\",\"Tunisie\"],\"articleSection\":[\"National\"],\"inLanguage\":\"fr-FR\"},{\"@type\":\"WebPage\",\"@id\":\"https:\\\/\\\/www.webdo.tn\\\/fr\\\/actualite\\\/national\\\/dans-la-dette-on-s-abstient-2\\\/210747\\\/\",\"url\":\"https:\\\/\\\/www.webdo.tn\\\/fr\\\/actualite\\\/national\\\/dans-la-dette-on-s-abstient-2\\\/210747\\\/\",\"name\":\"Dans la dette, on s\u2019abstient !\",\"isPartOf\":{\"@id\":\"https:\\\/\\\/www.webdo.tn\\\/fr\\\/#website\"},\"primaryImageOfPage\":{\"@id\":\"https:\\\/\\\/www.webdo.tn\\\/fr\\\/actualite\\\/national\\\/dans-la-dette-on-s-abstient-2\\\/210747\\\/#primaryimage\"},\"image\":{\"@id\":\"https:\\\/\\\/www.webdo.tn\\\/fr\\\/actualite\\\/national\\\/dans-la-dette-on-s-abstient-2\\\/210747\\\/#primaryimage\"},\"thumbnailUrl\":\"https:\\\/\\\/www.webdo.tn\\\/fr\\\/wp-content\\\/uploads\\\/2023\\\/12\\\/77778fd3d2f2ac6174c7d4ef1045884b.jpg\",\"datePublished\":\"2023-12-12T11:48:00+00:00\",\"dateModified\":\"2025-06-04T18:05:29+00:00\",\"description\":\"Comment la Tunisie doit-elle appr\u00e9hender la question de l'endettement ?\",\"breadcrumb\":{\"@id\":\"https:\\\/\\\/www.webdo.tn\\\/fr\\\/actualite\\\/national\\\/dans-la-dette-on-s-abstient-2\\\/210747\\\/#breadcrumb\"},\"inLanguage\":\"fr-FR\",\"potentialAction\":[{\"@type\":\"ReadAction\",\"target\":[\"https:\\\/\\\/www.webdo.tn\\\/fr\\\/actualite\\\/national\\\/dans-la-dette-on-s-abstient-2\\\/210747\\\/\"]}]},{\"@type\":\"ImageObject\",\"inLanguage\":\"fr-FR\",\"@id\":\"https:\\\/\\\/www.webdo.tn\\\/fr\\\/actualite\\\/national\\\/dans-la-dette-on-s-abstient-2\\\/210747\\\/#primaryimage\",\"url\":\"https:\\\/\\\/www.webdo.tn\\\/fr\\\/wp-content\\\/uploads\\\/2023\\\/12\\\/77778fd3d2f2ac6174c7d4ef1045884b.jpg\",\"contentUrl\":\"https:\\\/\\\/www.webdo.tn\\\/fr\\\/wp-content\\\/uploads\\\/2023\\\/12\\\/77778fd3d2f2ac6174c7d4ef1045884b.jpg\",\"width\":626,\"height\":334,\"caption\":\"Dans la dette, on s\u2019abstient !\"},{\"@type\":\"BreadcrumbList\",\"@id\":\"https:\\\/\\\/www.webdo.tn\\\/fr\\\/actualite\\\/national\\\/dans-la-dette-on-s-abstient-2\\\/210747\\\/#breadcrumb\",\"itemListElement\":[{\"@type\":\"ListItem\",\"position\":1,\"name\":\"Accueil\",\"item\":\"https:\\\/\\\/www.webdo.tn\\\/fr\\\/\"},{\"@type\":\"ListItem\",\"position\":2,\"name\":\"Dans la dette, on s\u2019abstient !\"}]},{\"@type\":\"WebSite\",\"@id\":\"https:\\\/\\\/www.webdo.tn\\\/fr\\\/#website\",\"url\":\"https:\\\/\\\/www.webdo.tn\\\/fr\\\/\",\"name\":\"webdo\",\"description\":\"Tunisie - News en Tunisie et \u00e0 l&#039;international sur Webdo.tn\",\"publisher\":{\"@id\":\"https:\\\/\\\/www.webdo.tn\\\/fr\\\/#organization\"},\"potentialAction\":[{\"@type\":\"SearchAction\",\"target\":{\"@type\":\"EntryPoint\",\"urlTemplate\":\"https:\\\/\\\/www.webdo.tn\\\/fr\\\/?s={search_term_string}\"},\"query-input\":{\"@type\":\"PropertyValueSpecification\",\"valueRequired\":true,\"valueName\":\"search_term_string\"}}],\"inLanguage\":\"fr-FR\"},{\"@type\":\"Organization\",\"@id\":\"https:\\\/\\\/www.webdo.tn\\\/fr\\\/#organization\",\"name\":\"Webdo\",\"alternateName\":\"Webdo.tn\",\"url\":\"https:\\\/\\\/www.webdo.tn\\\/fr\\\/\",\"logo\":{\"@type\":\"ImageObject\",\"inLanguage\":\"fr-FR\",\"@id\":\"https:\\\/\\\/www.webdo.tn\\\/fr\\\/#\\\/schema\\\/logo\\\/image\\\/\",\"url\":\"https:\\\/\\\/www.webdo.tn\\\/fr\\\/wp-content\\\/uploads\\\/2025\\\/06\\\/Webdo-Tunisie_168377.jpg\",\"contentUrl\":\"https:\\\/\\\/www.webdo.tn\\\/fr\\\/wp-content\\\/uploads\\\/2025\\\/06\\\/Webdo-Tunisie_168377.jpg\",\"width\":301,\"height\":301,\"caption\":\"Webdo\"},\"image\":{\"@id\":\"https:\\\/\\\/www.webdo.tn\\\/fr\\\/#\\\/schema\\\/logo\\\/image\\\/\"},\"sameAs\":[\"https:\\\/\\\/www.facebook.com\\\/webdotn\",\"https:\\\/\\\/x.com\\\/webdo_tn\"],\"description\":\"Webdo est un m\u00e9dia num\u00e9rique tunisien fond\u00e9 en 2010, sp\u00e9cialis\u00e9 dans l\u2019actualit\u00e9 nationale et internationale, l\u2019\u00e9conomie, la soci\u00e9t\u00e9 et les analyses politiques. Le site s\u2019adresse \u00e0 un large public francophone et couvre l\u2019information tunisienne en temps r\u00e9el.\",\"email\":\"redac@webdo.tn\",\"legalName\":\"YNJ SARL\",\"foundingDate\":\"2010-09-06\",\"numberOfEmployees\":{\"@type\":\"QuantitativeValue\",\"minValue\":\"11\",\"maxValue\":\"50\"}},{\"@type\":\"Person\",\"@id\":\"https:\\\/\\\/www.webdo.tn\\\/fr\\\/#\\\/schema\\\/person\\\/9a9c6118d687c117df8ef3cc36a4d175\",\"name\":\"webdo.tn\",\"image\":{\"@type\":\"ImageObject\",\"inLanguage\":\"fr-FR\",\"@id\":\"https:\\\/\\\/secure.gravatar.com\\\/avatar\\\/7ce1f28c0c3bbac99ff550b85ef8e44a6950c6ee24514fb6a5489e51d06f0298?s=96&d=mm&r=g\",\"url\":\"https:\\\/\\\/secure.gravatar.com\\\/avatar\\\/7ce1f28c0c3bbac99ff550b85ef8e44a6950c6ee24514fb6a5489e51d06f0298?s=96&d=mm&r=g\",\"contentUrl\":\"https:\\\/\\\/secure.gravatar.com\\\/avatar\\\/7ce1f28c0c3bbac99ff550b85ef8e44a6950c6ee24514fb6a5489e51d06f0298?s=96&d=mm&r=g\",\"caption\":\"webdo.tn\"},\"url\":\"https:\\\/\\\/www.webdo.tn\\\/fr\\\/actualite\\\/author\\\/webdotn\\\/\"}]}<\/script>\n<!-- \/ Yoast SEO Premium plugin. -->","yoast_head_json":{"title":"Dans la dette, on s\u2019abstient !","description":"Comment la Tunisie doit-elle appr\u00e9hender la question de l'endettement ?","canonical":"https:\/\/www.webdo.tn\/fr\/actualite\/national\/dans-la-dette-on-s-abstient-2\/210747\/","og_locale":"fr_FR","og_type":"article","og_title":"Dans la dette, on s\u2019abstient !","og_description":"Comment la Tunisie doit-elle appr\u00e9hender la question de l'endettement ?","og_url":"https:\/\/www.webdo.tn\/fr\/actualite\/national\/dans-la-dette-on-s-abstient-2\/210747\/","og_site_name":"webdo","article_publisher":"https:\/\/www.facebook.com\/webdotn","article_published_time":"2023-12-12T11:48:00+00:00","article_modified_time":"2025-06-04T18:05:29+00:00","og_image":[{"width":626,"height":334,"url":"https:\/\/www.webdo.tn\/fr\/wp-content\/uploads\/2023\/12\/77778fd3d2f2ac6174c7d4ef1045884b.jpg","type":"image\/jpeg"}],"author":"webdo.tn","twitter_card":"summary_large_image","twitter_creator":"@webdo_tn","twitter_site":"@webdo_tn","twitter_misc":{"\u00c9crit par":"webdo.tn","Dur\u00e9e de lecture estim\u00e9e":"3 minutes"},"schema":{"@context":"https:\/\/schema.org","@graph":[{"@type":"NewsArticle","@id":"https:\/\/www.webdo.tn\/fr\/actualite\/national\/dans-la-dette-on-s-abstient-2\/210747\/#article","isPartOf":{"@id":"https:\/\/www.webdo.tn\/fr\/actualite\/national\/dans-la-dette-on-s-abstient-2\/210747\/"},"author":{"name":"webdo.tn","@id":"https:\/\/www.webdo.tn\/fr\/#\/schema\/person\/9a9c6118d687c117df8ef3cc36a4d175"},"headline":"Dans la dette, on s\u2019abstient !","datePublished":"2023-12-12T11:48:00+00:00","dateModified":"2025-06-04T18:05:29+00:00","mainEntityOfPage":{"@id":"https:\/\/www.webdo.tn\/fr\/actualite\/national\/dans-la-dette-on-s-abstient-2\/210747\/"},"wordCount":652,"commentCount":0,"publisher":{"@id":"https:\/\/www.webdo.tn\/fr\/#organization"},"image":{"@id":"https:\/\/www.webdo.tn\/fr\/actualite\/national\/dans-la-dette-on-s-abstient-2\/210747\/#primaryimage"},"thumbnailUrl":"https:\/\/www.webdo.tn\/fr\/wp-content\/uploads\/2023\/12\/77778fd3d2f2ac6174c7d4ef1045884b.jpg","keywords":["dette","endettement","Finances","Tunisie"],"articleSection":["National"],"inLanguage":"fr-FR"},{"@type":"WebPage","@id":"https:\/\/www.webdo.tn\/fr\/actualite\/national\/dans-la-dette-on-s-abstient-2\/210747\/","url":"https:\/\/www.webdo.tn\/fr\/actualite\/national\/dans-la-dette-on-s-abstient-2\/210747\/","name":"Dans la dette, on s\u2019abstient !","isPartOf":{"@id":"https:\/\/www.webdo.tn\/fr\/#website"},"primaryImageOfPage":{"@id":"https:\/\/www.webdo.tn\/fr\/actualite\/national\/dans-la-dette-on-s-abstient-2\/210747\/#primaryimage"},"image":{"@id":"https:\/\/www.webdo.tn\/fr\/actualite\/national\/dans-la-dette-on-s-abstient-2\/210747\/#primaryimage"},"thumbnailUrl":"https:\/\/www.webdo.tn\/fr\/wp-content\/uploads\/2023\/12\/77778fd3d2f2ac6174c7d4ef1045884b.jpg","datePublished":"2023-12-12T11:48:00+00:00","dateModified":"2025-06-04T18:05:29+00:00","description":"Comment la Tunisie doit-elle appr\u00e9hender la question de l'endettement ?","breadcrumb":{"@id":"https:\/\/www.webdo.tn\/fr\/actualite\/national\/dans-la-dette-on-s-abstient-2\/210747\/#breadcrumb"},"inLanguage":"fr-FR","potentialAction":[{"@type":"ReadAction","target":["https:\/\/www.webdo.tn\/fr\/actualite\/national\/dans-la-dette-on-s-abstient-2\/210747\/"]}]},{"@type":"ImageObject","inLanguage":"fr-FR","@id":"https:\/\/www.webdo.tn\/fr\/actualite\/national\/dans-la-dette-on-s-abstient-2\/210747\/#primaryimage","url":"https:\/\/www.webdo.tn\/fr\/wp-content\/uploads\/2023\/12\/77778fd3d2f2ac6174c7d4ef1045884b.jpg","contentUrl":"https:\/\/www.webdo.tn\/fr\/wp-content\/uploads\/2023\/12\/77778fd3d2f2ac6174c7d4ef1045884b.jpg","width":626,"height":334,"caption":"Dans la dette, on s\u2019abstient !"},{"@type":"BreadcrumbList","@id":"https:\/\/www.webdo.tn\/fr\/actualite\/national\/dans-la-dette-on-s-abstient-2\/210747\/#breadcrumb","itemListElement":[{"@type":"ListItem","position":1,"name":"Accueil","item":"https:\/\/www.webdo.tn\/fr\/"},{"@type":"ListItem","position":2,"name":"Dans la dette, on s\u2019abstient !"}]},{"@type":"WebSite","@id":"https:\/\/www.webdo.tn\/fr\/#website","url":"https:\/\/www.webdo.tn\/fr\/","name":"webdo","description":"Tunisie - News en Tunisie et \u00e0 l&#039;international sur Webdo.tn","publisher":{"@id":"https:\/\/www.webdo.tn\/fr\/#organization"},"potentialAction":[{"@type":"SearchAction","target":{"@type":"EntryPoint","urlTemplate":"https:\/\/www.webdo.tn\/fr\/?s={search_term_string}"},"query-input":{"@type":"PropertyValueSpecification","valueRequired":true,"valueName":"search_term_string"}}],"inLanguage":"fr-FR"},{"@type":"Organization","@id":"https:\/\/www.webdo.tn\/fr\/#organization","name":"Webdo","alternateName":"Webdo.tn","url":"https:\/\/www.webdo.tn\/fr\/","logo":{"@type":"ImageObject","inLanguage":"fr-FR","@id":"https:\/\/www.webdo.tn\/fr\/#\/schema\/logo\/image\/","url":"https:\/\/www.webdo.tn\/fr\/wp-content\/uploads\/2025\/06\/Webdo-Tunisie_168377.jpg","contentUrl":"https:\/\/www.webdo.tn\/fr\/wp-content\/uploads\/2025\/06\/Webdo-Tunisie_168377.jpg","width":301,"height":301,"caption":"Webdo"},"image":{"@id":"https:\/\/www.webdo.tn\/fr\/#\/schema\/logo\/image\/"},"sameAs":["https:\/\/www.facebook.com\/webdotn","https:\/\/x.com\/webdo_tn"],"description":"Webdo est un m\u00e9dia num\u00e9rique tunisien fond\u00e9 en 2010, sp\u00e9cialis\u00e9 dans l\u2019actualit\u00e9 nationale et internationale, l\u2019\u00e9conomie, la soci\u00e9t\u00e9 et les analyses politiques. Le site s\u2019adresse \u00e0 un large public francophone et couvre l\u2019information tunisienne en temps r\u00e9el.","email":"redac@webdo.tn","legalName":"YNJ SARL","foundingDate":"2010-09-06","numberOfEmployees":{"@type":"QuantitativeValue","minValue":"11","maxValue":"50"}},{"@type":"Person","@id":"https:\/\/www.webdo.tn\/fr\/#\/schema\/person\/9a9c6118d687c117df8ef3cc36a4d175","name":"webdo.tn","image":{"@type":"ImageObject","inLanguage":"fr-FR","@id":"https:\/\/secure.gravatar.com\/avatar\/7ce1f28c0c3bbac99ff550b85ef8e44a6950c6ee24514fb6a5489e51d06f0298?s=96&d=mm&r=g","url":"https:\/\/secure.gravatar.com\/avatar\/7ce1f28c0c3bbac99ff550b85ef8e44a6950c6ee24514fb6a5489e51d06f0298?s=96&d=mm&r=g","contentUrl":"https:\/\/secure.gravatar.com\/avatar\/7ce1f28c0c3bbac99ff550b85ef8e44a6950c6ee24514fb6a5489e51d06f0298?s=96&d=mm&r=g","caption":"webdo.tn"},"url":"https:\/\/www.webdo.tn\/fr\/actualite\/author\/webdotn\/"}]}},"_links":{"self":[{"href":"https:\/\/www.webdo.tn\/fr\/wp-json\/wp\/v2\/posts\/210747","targetHints":{"allow":["GET"]}}],"collection":[{"href":"https:\/\/www.webdo.tn\/fr\/wp-json\/wp\/v2\/posts"}],"about":[{"href":"https:\/\/www.webdo.tn\/fr\/wp-json\/wp\/v2\/types\/post"}],"author":[{"embeddable":true,"href":"https:\/\/www.webdo.tn\/fr\/wp-json\/wp\/v2\/users\/3222"}],"replies":[{"embeddable":true,"href":"https:\/\/www.webdo.tn\/fr\/wp-json\/wp\/v2\/comments?post=210747"}],"version-history":[{"count":0,"href":"https:\/\/www.webdo.tn\/fr\/wp-json\/wp\/v2\/posts\/210747\/revisions"}],"wp:featuredmedia":[{"embeddable":true,"href":"https:\/\/www.webdo.tn\/fr\/wp-json\/wp\/v2\/media\/248547"}],"wp:attachment":[{"href":"https:\/\/www.webdo.tn\/fr\/wp-json\/wp\/v2\/media?parent=210747"}],"wp:term":[{"taxonomy":"category","embeddable":true,"href":"https:\/\/www.webdo.tn\/fr\/wp-json\/wp\/v2\/categories?post=210747"},{"taxonomy":"post_tag","embeddable":true,"href":"https:\/\/www.webdo.tn\/fr\/wp-json\/wp\/v2\/tags?post=210747"}],"curies":[{"name":"wp","href":"https:\/\/api.w.org\/{rel}","templated":true}]}}