{"id":210724,"date":"2023-12-11T11:46:00","date_gmt":"2023-12-11T11:46:00","guid":{"rendered":"https:\/\/www.webdo.tn\/fr\/blog\/nostalgies-connaissez-vous-la-cuccia-sicilienne-dont-la-tunisie-raffolait\/210724\/"},"modified":"2023-12-11T11:46:00","modified_gmt":"2023-12-11T11:46:00","slug":"nostalgies-connaissez-vous-la-cuccia-sicilienne-dont-la-tunisie-raffolait","status":"publish","type":"post","link":"https:\/\/www.webdo.tn\/fr\/actualite\/chroniques\/nostalgies-connaissez-vous-la-cuccia-sicilienne-dont-la-tunisie-raffolait\/210724\/","title":{"rendered":"Nostalgies : Connaissez-vous la \u00ab\u00a0Cuccia\u00a0\u00bb sicilienne dont la Tunisie raffolait ?"},"content":{"rendered":"<p>Chaque 13 d\u00e9cembre, c&rsquo;est le go\u00fbt de la \u00ab\u00a0Cuccia\u00a0\u00bb qui rena\u00eet dans certaines m\u00e9moires de Tunisiens qui ont v\u00e9cu en harmonie avec la vaste communaut\u00e9 sicilienne.<\/p>\n<p>\t\t\t\t\t\t\t\t\tLe miracle de sainte-Lucie<\/p>\n<p>En effet, ce plat qui n&rsquo;est autre qu&rsquo;une bouillie de bl\u00e9 garnie, \u00e9tait consomm\u00e9 le 13 d\u00e9cembre \u00e0 l&rsquo;occasion de la Sainte-Lucie. De la Petite Sicile \u00e0 Tunis et la Goulette aux quartiers siciliens de Sousse ou Bizerte, la \u00ab\u00a0Cuccia\u00a0\u00bb \u00e9tait \u00e0 l&rsquo;honneur pour une journ\u00e9e gourmande et comm\u00e9morative.<\/p>\n<p>Selon une coutume bien ancr\u00e9e chez les Siciliens, la \u00ab\u00a0Cuccia\u00a0\u00bb est la seule nourriture du 13 d\u00e9cembre. Pourquoi?<br \/>\nOn raconte qu&rsquo;en 1646 alors que la famine s\u00e9vissait en Sicile, un bateau plein de bl\u00e9 s&rsquo;est \u00e9chou\u00e9 sur la c\u00f4te un 13 d\u00e9cembre, c&rsquo;est \u00e0 dire le jour de la Sainte-Lucie.<\/p>\n<p>Le fait a \u00e9t\u00e9 consid\u00e9r\u00e9 comme un miracle attribu\u00e9 \u00e0 la sainte et depuis, les Siciliens reconnaissants mangent du bl\u00e9 \u00e0 la Sainte-Lucie. Par extension, on consid\u00e8re que c&rsquo;est cette sainte implor\u00e9e par les Siciliens qui fit en sorte de faire miraculeusement appara\u00eetre du bl\u00e9 pour conjurer la faim.<\/p>\n<p>On raconte aussi que lorsque les Siciliens d\u00e9couvrirent le bl\u00e9 dans le bateau \u00e9chou\u00e9, ils le mang\u00e8rent bouilli sans prendre le temps d&rsquo;en faire de la farine, tant ils \u00e9taient affam\u00e9s.<\/p>\n<p>Une coutume et plusieurs recettes<\/p>\n<p>C&rsquo;est de cette coutume qu&rsquo;est n\u00e9e la \u00ab\u00a0Cuccia\u00a0\u00bb qui \u00e0 l&rsquo;origine n&rsquo;avait pour ingr\u00e9dients que du bl\u00e9 avec un peu de lait et de sucre.<br \/>\nLe terme \u00ab\u00a0cuccia\u00a0\u00bb signifie d&rsquo;ailleurs \u00ab\u00a0grain\u00a0\u00bb en langue sicilienne, un idiome diff\u00e9rent de l&rsquo;italien.<\/p>\n<p>Cette bouillie de bl\u00e9 est pr\u00e9par\u00e9e de diverses mani\u00e8res selon les familles et les r\u00e9gions. Des versions sucr\u00e9es et sal\u00e9es ou \u00e0 base de ricotta et de pois chiches existent. On utilise aussi le chocolat ou la cr\u00e8me au lait ainsi que des \u00e9corces d&rsquo;orange ou de la cannelle.<\/p>\n<p>Ne dit-on pas paradoxalement que \u00ab\u00a0Pour La sainte-Lucie, tu prends trois kilos et ne les perds plus\u00a0\u00bb? Ce qui, en italien, donne le dicton \u00ab\u00a0Per Santa Lucia tre chili li prendi e non li metti piu via\u00a0\u00bb!<\/p>\n","protected":false},"excerpt":{"rendered":"<p>De la Petite Sicile \u00e0 Tunis et la Goulette aux quartiers siciliens de Sousse ou Bizerte, la  Cuccia  \u00e9tait \u00e0 l&rsquo;honneur pour une journ\u00e9e gourmande et comm\u00e9morati&#8230;<\/p>\n","protected":false},"author":3229,"featured_media":248569,"comment_status":"open","ping_status":"closed","sticky":false,"template":"","format":"standard","meta":{"footnotes":""},"categories":[2596],"tags":[3627,7430,5606],"class_list":["post-210724","post","type-post","status-publish","format-standard","has-post-thumbnail","hentry","category-chroniques","tag-ble","tag-sainte-lucie","tag-sicile"],"yoast_head":"<!-- This site is optimized with the Yoast SEO Premium plugin v27.5 (Yoast SEO v27.5) - https:\/\/yoast.com\/product\/yoast-seo-premium-wordpress\/ -->\n<title>Nostalgies : Connaissez-vous la Cuccia sicilienne dont la Tunisie raffolait ?<\/title>\n<meta name=\"description\" content=\"De la Petite Sicile \u00e0 Tunis et la Goulette aux quartiers siciliens de Sousse ou Bizerte, la Cuccia \u00e9tait \u00e0 l&#039;honneur pour une journ\u00e9e gourmande et comm\u00e9morati...\" \/>\n<link rel=\"canonical\" href=\"https:\/\/www.webdo.tn\/fr\/actualite\/chroniques\/nostalgies-connaissez-vous-la-cuccia-sicilienne-dont-la-tunisie-raffolait\/210724\/\" \/>\n<meta property=\"og:locale\" content=\"fr_FR\" \/>\n<meta property=\"og:type\" content=\"article\" \/>\n<meta property=\"og:title\" content=\"Nostalgies : Connaissez-vous la &quot;Cuccia&quot; sicilienne dont la Tunisie raffolait ?\" \/>\n<meta property=\"og:description\" content=\"De la Petite Sicile \u00e0 Tunis et la Goulette aux quartiers siciliens de Sousse ou Bizerte, la Cuccia \u00e9tait \u00e0 l&#039;honneur pour une journ\u00e9e gourmande et comm\u00e9morati...\" \/>\n<meta property=\"og:url\" content=\"https:\/\/www.webdo.tn\/fr\/actualite\/chroniques\/nostalgies-connaissez-vous-la-cuccia-sicilienne-dont-la-tunisie-raffolait\/210724\/\" \/>\n<meta property=\"og:site_name\" content=\"webdo\" \/>\n<meta property=\"article:publisher\" content=\"https:\/\/www.facebook.com\/webdotn\" \/>\n<meta property=\"article:author\" content=\"https:\/\/www.facebook.com\/hatem.bourial.2025\" \/>\n<meta property=\"article:published_time\" content=\"2023-12-11T11:46:00+00:00\" \/>\n<meta property=\"og:image\" content=\"https:\/\/www.webdo.tn\/fr\/wp-content\/uploads\/2023\/12\/4bfba84e434dd24e8b697087e53c3b35.jpg\" \/>\n\t<meta property=\"og:image:width\" content=\"720\" \/>\n\t<meta property=\"og:image:height\" content=\"384\" \/>\n\t<meta property=\"og:image:type\" content=\"image\/jpeg\" \/>\n<meta name=\"author\" content=\"Hatem Bourial\" \/>\n<meta name=\"twitter:card\" content=\"summary_large_image\" \/>\n<meta name=\"twitter:creator\" content=\"@webdo_tn\" \/>\n<meta name=\"twitter:site\" content=\"@webdo_tn\" \/>\n<meta name=\"twitter:label1\" content=\"\u00c9crit par\" \/>\n\t<meta name=\"twitter:data1\" content=\"Hatem Bourial\" \/>\n\t<meta name=\"twitter:label2\" content=\"Dur\u00e9e de lecture estim\u00e9e\" \/>\n\t<meta name=\"twitter:data2\" content=\"2 minutes\" \/>\n<script type=\"application\/ld+json\" class=\"yoast-schema-graph\">{\"@context\":\"https:\\\/\\\/schema.org\",\"@graph\":[{\"@type\":\"NewsArticle\",\"@id\":\"https:\\\/\\\/www.webdo.tn\\\/fr\\\/actualite\\\/chroniques\\\/nostalgies-connaissez-vous-la-cuccia-sicilienne-dont-la-tunisie-raffolait\\\/210724\\\/#article\",\"isPartOf\":{\"@id\":\"https:\\\/\\\/www.webdo.tn\\\/fr\\\/actualite\\\/chroniques\\\/nostalgies-connaissez-vous-la-cuccia-sicilienne-dont-la-tunisie-raffolait\\\/210724\\\/\"},\"author\":{\"name\":\"Hatem Bourial\",\"@id\":\"https:\\\/\\\/www.webdo.tn\\\/fr\\\/#\\\/schema\\\/person\\\/6bc0beba2cd23aec27cb5df85ca2554f\"},\"headline\":\"Nostalgies : Connaissez-vous la \u00ab\u00a0Cuccia\u00a0\u00bb sicilienne dont la Tunisie raffolait ?\",\"datePublished\":\"2023-12-11T11:46:00+00:00\",\"mainEntityOfPage\":{\"@id\":\"https:\\\/\\\/www.webdo.tn\\\/fr\\\/actualite\\\/chroniques\\\/nostalgies-connaissez-vous-la-cuccia-sicilienne-dont-la-tunisie-raffolait\\\/210724\\\/\"},\"wordCount\":382,\"commentCount\":0,\"publisher\":{\"@id\":\"https:\\\/\\\/www.webdo.tn\\\/fr\\\/#organization\"},\"image\":{\"@id\":\"https:\\\/\\\/www.webdo.tn\\\/fr\\\/actualite\\\/chroniques\\\/nostalgies-connaissez-vous-la-cuccia-sicilienne-dont-la-tunisie-raffolait\\\/210724\\\/#primaryimage\"},\"thumbnailUrl\":\"https:\\\/\\\/www.webdo.tn\\\/fr\\\/wp-content\\\/uploads\\\/2023\\\/12\\\/4bfba84e434dd24e8b697087e53c3b35.jpg\",\"keywords\":[\"bl\u00e9\",\"sainte-Lucie\",\"sicile\"],\"articleSection\":[\"Chroniques\"],\"inLanguage\":\"fr-FR\"},{\"@type\":\"WebPage\",\"@id\":\"https:\\\/\\\/www.webdo.tn\\\/fr\\\/actualite\\\/chroniques\\\/nostalgies-connaissez-vous-la-cuccia-sicilienne-dont-la-tunisie-raffolait\\\/210724\\\/\",\"url\":\"https:\\\/\\\/www.webdo.tn\\\/fr\\\/actualite\\\/chroniques\\\/nostalgies-connaissez-vous-la-cuccia-sicilienne-dont-la-tunisie-raffolait\\\/210724\\\/\",\"name\":\"Nostalgies : Connaissez-vous la Cuccia sicilienne dont la Tunisie raffolait ?\",\"isPartOf\":{\"@id\":\"https:\\\/\\\/www.webdo.tn\\\/fr\\\/#website\"},\"primaryImageOfPage\":{\"@id\":\"https:\\\/\\\/www.webdo.tn\\\/fr\\\/actualite\\\/chroniques\\\/nostalgies-connaissez-vous-la-cuccia-sicilienne-dont-la-tunisie-raffolait\\\/210724\\\/#primaryimage\"},\"image\":{\"@id\":\"https:\\\/\\\/www.webdo.tn\\\/fr\\\/actualite\\\/chroniques\\\/nostalgies-connaissez-vous-la-cuccia-sicilienne-dont-la-tunisie-raffolait\\\/210724\\\/#primaryimage\"},\"thumbnailUrl\":\"https:\\\/\\\/www.webdo.tn\\\/fr\\\/wp-content\\\/uploads\\\/2023\\\/12\\\/4bfba84e434dd24e8b697087e53c3b35.jpg\",\"datePublished\":\"2023-12-11T11:46:00+00:00\",\"description\":\"De la Petite Sicile \u00e0 Tunis et la Goulette aux quartiers siciliens de Sousse ou Bizerte, la Cuccia \u00e9tait \u00e0 l'honneur pour une journ\u00e9e gourmande et comm\u00e9morati...\",\"breadcrumb\":{\"@id\":\"https:\\\/\\\/www.webdo.tn\\\/fr\\\/actualite\\\/chroniques\\\/nostalgies-connaissez-vous-la-cuccia-sicilienne-dont-la-tunisie-raffolait\\\/210724\\\/#breadcrumb\"},\"inLanguage\":\"fr-FR\",\"potentialAction\":[{\"@type\":\"ReadAction\",\"target\":[\"https:\\\/\\\/www.webdo.tn\\\/fr\\\/actualite\\\/chroniques\\\/nostalgies-connaissez-vous-la-cuccia-sicilienne-dont-la-tunisie-raffolait\\\/210724\\\/\"]}]},{\"@type\":\"ImageObject\",\"inLanguage\":\"fr-FR\",\"@id\":\"https:\\\/\\\/www.webdo.tn\\\/fr\\\/actualite\\\/chroniques\\\/nostalgies-connaissez-vous-la-cuccia-sicilienne-dont-la-tunisie-raffolait\\\/210724\\\/#primaryimage\",\"url\":\"https:\\\/\\\/www.webdo.tn\\\/fr\\\/wp-content\\\/uploads\\\/2023\\\/12\\\/4bfba84e434dd24e8b697087e53c3b35.jpg\",\"contentUrl\":\"https:\\\/\\\/www.webdo.tn\\\/fr\\\/wp-content\\\/uploads\\\/2023\\\/12\\\/4bfba84e434dd24e8b697087e53c3b35.jpg\",\"width\":720,\"height\":384,\"caption\":\"Nostalgies : Connaissez-vous la \\\"Cuccia\\\" sicilienne dont la Tunisie raffolait ?\"},{\"@type\":\"BreadcrumbList\",\"@id\":\"https:\\\/\\\/www.webdo.tn\\\/fr\\\/actualite\\\/chroniques\\\/nostalgies-connaissez-vous-la-cuccia-sicilienne-dont-la-tunisie-raffolait\\\/210724\\\/#breadcrumb\",\"itemListElement\":[{\"@type\":\"ListItem\",\"position\":1,\"name\":\"Accueil\",\"item\":\"https:\\\/\\\/www.webdo.tn\\\/fr\\\/\"},{\"@type\":\"ListItem\",\"position\":2,\"name\":\"Nostalgies : Connaissez-vous la &#8220;Cuccia&#8221; sicilienne dont la Tunisie raffolait ?\"}]},{\"@type\":\"WebSite\",\"@id\":\"https:\\\/\\\/www.webdo.tn\\\/fr\\\/#website\",\"url\":\"https:\\\/\\\/www.webdo.tn\\\/fr\\\/\",\"name\":\"webdo\",\"description\":\"Tunisie - News en Tunisie et \u00e0 l&#039;international sur Webdo.tn\",\"publisher\":{\"@id\":\"https:\\\/\\\/www.webdo.tn\\\/fr\\\/#organization\"},\"potentialAction\":[{\"@type\":\"SearchAction\",\"target\":{\"@type\":\"EntryPoint\",\"urlTemplate\":\"https:\\\/\\\/www.webdo.tn\\\/fr\\\/?s={search_term_string}\"},\"query-input\":{\"@type\":\"PropertyValueSpecification\",\"valueRequired\":true,\"valueName\":\"search_term_string\"}}],\"inLanguage\":\"fr-FR\"},{\"@type\":\"Organization\",\"@id\":\"https:\\\/\\\/www.webdo.tn\\\/fr\\\/#organization\",\"name\":\"Webdo\",\"alternateName\":\"Webdo.tn\",\"url\":\"https:\\\/\\\/www.webdo.tn\\\/fr\\\/\",\"logo\":{\"@type\":\"ImageObject\",\"inLanguage\":\"fr-FR\",\"@id\":\"https:\\\/\\\/www.webdo.tn\\\/fr\\\/#\\\/schema\\\/logo\\\/image\\\/\",\"url\":\"https:\\\/\\\/www.webdo.tn\\\/fr\\\/wp-content\\\/uploads\\\/2025\\\/06\\\/Webdo-Tunisie_168377.jpg\",\"contentUrl\":\"https:\\\/\\\/www.webdo.tn\\\/fr\\\/wp-content\\\/uploads\\\/2025\\\/06\\\/Webdo-Tunisie_168377.jpg\",\"width\":301,\"height\":301,\"caption\":\"Webdo\"},\"image\":{\"@id\":\"https:\\\/\\\/www.webdo.tn\\\/fr\\\/#\\\/schema\\\/logo\\\/image\\\/\"},\"sameAs\":[\"https:\\\/\\\/www.facebook.com\\\/webdotn\",\"https:\\\/\\\/x.com\\\/webdo_tn\"],\"description\":\"Webdo est un m\u00e9dia num\u00e9rique tunisien fond\u00e9 en 2010, sp\u00e9cialis\u00e9 dans l\u2019actualit\u00e9 nationale et internationale, l\u2019\u00e9conomie, la soci\u00e9t\u00e9 et les analyses politiques. Le site s\u2019adresse \u00e0 un large public francophone et couvre l\u2019information tunisienne en temps r\u00e9el.\",\"email\":\"redac@webdo.tn\",\"legalName\":\"YNJ SARL\",\"foundingDate\":\"2010-09-06\",\"numberOfEmployees\":{\"@type\":\"QuantitativeValue\",\"minValue\":\"11\",\"maxValue\":\"50\"}},{\"@type\":\"Person\",\"@id\":\"https:\\\/\\\/www.webdo.tn\\\/fr\\\/#\\\/schema\\\/person\\\/6bc0beba2cd23aec27cb5df85ca2554f\",\"name\":\"Hatem Bourial\",\"image\":{\"@type\":\"ImageObject\",\"inLanguage\":\"fr-FR\",\"@id\":\"https:\\\/\\\/www.webdo.tn\\\/fr\\\/wp-content\\\/uploads\\\/2026\\\/04\\\/hatem-bourial_avatar-96x96.jpg\",\"url\":\"https:\\\/\\\/www.webdo.tn\\\/fr\\\/wp-content\\\/uploads\\\/2026\\\/04\\\/hatem-bourial_avatar-96x96.jpg\",\"contentUrl\":\"https:\\\/\\\/www.webdo.tn\\\/fr\\\/wp-content\\\/uploads\\\/2026\\\/04\\\/hatem-bourial_avatar-96x96.jpg\",\"caption\":\"Hatem Bourial\"},\"description\":\"Hatem Bourial est journaliste, \u00e9crivain et chroniqueur tunisien. Actif depuis plusieurs d\u00e9cennies, il s\u2019est impos\u00e9 comme un observateur attentif de la soci\u00e9t\u00e9 tunisienne, m\u00ealant dans ses \u00e9crits m\u00e9moire, culture et analyse du quotidien. Auteur de nombreux ouvrages, il d\u00e9veloppe une \u0153uvre \u00e0 la crois\u00e9e du r\u00e9cit, de la po\u00e9sie et de l\u2019observation sociologique. Parall\u00e8lement \u00e0 ses contributions dans la presse, il intervient r\u00e9guli\u00e8rement \u00e0 la radio et dans des espaces culturels, o\u00f9 il explore les enjeux li\u00e9s au patrimoine, \u00e0 l\u2019identit\u00e9 et aux transformations du monde contemporain. \u00c0 travers ses chroniques, Hatem Bourial propose une lecture sensible et approfondie de l\u2019actualit\u00e9, nourrie par une exp\u00e9rience journalistique et litt\u00e9raire reconnue. \ud83d\udd17 Facebook : https:\\\/\\\/www.facebook.com\\\/hatem.bourial.2025\",\"sameAs\":[\"https:\\\/\\\/www.facebook.com\\\/hatem.bourial.2025\",\"https:\\\/\\\/fr.wikipedia.org\\\/wiki\\\/Fichier:Hatem_Bourial.jpg\"],\"knowsAbout\":[\"Culture & patrimoine tunisien\",\"Chronique soci\u00e9tale\",\"Litt\u00e9rature & m\u00e9moire\",\"Cin\u00e9ma & critique culturelle\",\"Identit\u00e9 & mutations sociales\"],\"knowsLanguage\":[\"Arabe\",\"Fran\u00e7ais\",\"Anglais\",\"Italien\",\"Polonais\"],\"jobTitle\":\"Journaliste, \u00e9crivain et chroniqueur culturel\",\"worksFor\":\"Webdo\",\"url\":\"https:\\\/\\\/www.webdo.tn\\\/fr\\\/actualite\\\/author\\\/hatem-bourial-2\\\/\"}]}<\/script>\n<!-- \/ Yoast SEO Premium plugin. -->","yoast_head_json":{"title":"Nostalgies : Connaissez-vous la Cuccia sicilienne dont la Tunisie raffolait ?","description":"De la Petite Sicile \u00e0 Tunis et la Goulette aux quartiers siciliens de Sousse ou Bizerte, la Cuccia \u00e9tait \u00e0 l'honneur pour une journ\u00e9e gourmande et comm\u00e9morati...","canonical":"https:\/\/www.webdo.tn\/fr\/actualite\/chroniques\/nostalgies-connaissez-vous-la-cuccia-sicilienne-dont-la-tunisie-raffolait\/210724\/","og_locale":"fr_FR","og_type":"article","og_title":"Nostalgies : Connaissez-vous la \"Cuccia\" sicilienne dont la Tunisie raffolait ?","og_description":"De la Petite Sicile \u00e0 Tunis et la Goulette aux quartiers siciliens de Sousse ou Bizerte, la Cuccia \u00e9tait \u00e0 l'honneur pour une journ\u00e9e gourmande et comm\u00e9morati...","og_url":"https:\/\/www.webdo.tn\/fr\/actualite\/chroniques\/nostalgies-connaissez-vous-la-cuccia-sicilienne-dont-la-tunisie-raffolait\/210724\/","og_site_name":"webdo","article_publisher":"https:\/\/www.facebook.com\/webdotn","article_author":"https:\/\/www.facebook.com\/hatem.bourial.2025","article_published_time":"2023-12-11T11:46:00+00:00","og_image":[{"width":720,"height":384,"url":"https:\/\/www.webdo.tn\/fr\/wp-content\/uploads\/2023\/12\/4bfba84e434dd24e8b697087e53c3b35.jpg","type":"image\/jpeg"}],"author":"Hatem Bourial","twitter_card":"summary_large_image","twitter_creator":"@webdo_tn","twitter_site":"@webdo_tn","twitter_misc":{"\u00c9crit par":"Hatem Bourial","Dur\u00e9e de lecture estim\u00e9e":"2 minutes"},"schema":{"@context":"https:\/\/schema.org","@graph":[{"@type":"NewsArticle","@id":"https:\/\/www.webdo.tn\/fr\/actualite\/chroniques\/nostalgies-connaissez-vous-la-cuccia-sicilienne-dont-la-tunisie-raffolait\/210724\/#article","isPartOf":{"@id":"https:\/\/www.webdo.tn\/fr\/actualite\/chroniques\/nostalgies-connaissez-vous-la-cuccia-sicilienne-dont-la-tunisie-raffolait\/210724\/"},"author":{"name":"Hatem Bourial","@id":"https:\/\/www.webdo.tn\/fr\/#\/schema\/person\/6bc0beba2cd23aec27cb5df85ca2554f"},"headline":"Nostalgies : Connaissez-vous la \u00ab\u00a0Cuccia\u00a0\u00bb sicilienne dont la Tunisie raffolait ?","datePublished":"2023-12-11T11:46:00+00:00","mainEntityOfPage":{"@id":"https:\/\/www.webdo.tn\/fr\/actualite\/chroniques\/nostalgies-connaissez-vous-la-cuccia-sicilienne-dont-la-tunisie-raffolait\/210724\/"},"wordCount":382,"commentCount":0,"publisher":{"@id":"https:\/\/www.webdo.tn\/fr\/#organization"},"image":{"@id":"https:\/\/www.webdo.tn\/fr\/actualite\/chroniques\/nostalgies-connaissez-vous-la-cuccia-sicilienne-dont-la-tunisie-raffolait\/210724\/#primaryimage"},"thumbnailUrl":"https:\/\/www.webdo.tn\/fr\/wp-content\/uploads\/2023\/12\/4bfba84e434dd24e8b697087e53c3b35.jpg","keywords":["bl\u00e9","sainte-Lucie","sicile"],"articleSection":["Chroniques"],"inLanguage":"fr-FR"},{"@type":"WebPage","@id":"https:\/\/www.webdo.tn\/fr\/actualite\/chroniques\/nostalgies-connaissez-vous-la-cuccia-sicilienne-dont-la-tunisie-raffolait\/210724\/","url":"https:\/\/www.webdo.tn\/fr\/actualite\/chroniques\/nostalgies-connaissez-vous-la-cuccia-sicilienne-dont-la-tunisie-raffolait\/210724\/","name":"Nostalgies : Connaissez-vous la Cuccia sicilienne dont la Tunisie raffolait ?","isPartOf":{"@id":"https:\/\/www.webdo.tn\/fr\/#website"},"primaryImageOfPage":{"@id":"https:\/\/www.webdo.tn\/fr\/actualite\/chroniques\/nostalgies-connaissez-vous-la-cuccia-sicilienne-dont-la-tunisie-raffolait\/210724\/#primaryimage"},"image":{"@id":"https:\/\/www.webdo.tn\/fr\/actualite\/chroniques\/nostalgies-connaissez-vous-la-cuccia-sicilienne-dont-la-tunisie-raffolait\/210724\/#primaryimage"},"thumbnailUrl":"https:\/\/www.webdo.tn\/fr\/wp-content\/uploads\/2023\/12\/4bfba84e434dd24e8b697087e53c3b35.jpg","datePublished":"2023-12-11T11:46:00+00:00","description":"De la Petite Sicile \u00e0 Tunis et la Goulette aux quartiers siciliens de Sousse ou Bizerte, la Cuccia \u00e9tait \u00e0 l'honneur pour une journ\u00e9e gourmande et comm\u00e9morati...","breadcrumb":{"@id":"https:\/\/www.webdo.tn\/fr\/actualite\/chroniques\/nostalgies-connaissez-vous-la-cuccia-sicilienne-dont-la-tunisie-raffolait\/210724\/#breadcrumb"},"inLanguage":"fr-FR","potentialAction":[{"@type":"ReadAction","target":["https:\/\/www.webdo.tn\/fr\/actualite\/chroniques\/nostalgies-connaissez-vous-la-cuccia-sicilienne-dont-la-tunisie-raffolait\/210724\/"]}]},{"@type":"ImageObject","inLanguage":"fr-FR","@id":"https:\/\/www.webdo.tn\/fr\/actualite\/chroniques\/nostalgies-connaissez-vous-la-cuccia-sicilienne-dont-la-tunisie-raffolait\/210724\/#primaryimage","url":"https:\/\/www.webdo.tn\/fr\/wp-content\/uploads\/2023\/12\/4bfba84e434dd24e8b697087e53c3b35.jpg","contentUrl":"https:\/\/www.webdo.tn\/fr\/wp-content\/uploads\/2023\/12\/4bfba84e434dd24e8b697087e53c3b35.jpg","width":720,"height":384,"caption":"Nostalgies : Connaissez-vous la \"Cuccia\" sicilienne dont la Tunisie raffolait ?"},{"@type":"BreadcrumbList","@id":"https:\/\/www.webdo.tn\/fr\/actualite\/chroniques\/nostalgies-connaissez-vous-la-cuccia-sicilienne-dont-la-tunisie-raffolait\/210724\/#breadcrumb","itemListElement":[{"@type":"ListItem","position":1,"name":"Accueil","item":"https:\/\/www.webdo.tn\/fr\/"},{"@type":"ListItem","position":2,"name":"Nostalgies : Connaissez-vous la &#8220;Cuccia&#8221; sicilienne dont la Tunisie raffolait ?"}]},{"@type":"WebSite","@id":"https:\/\/www.webdo.tn\/fr\/#website","url":"https:\/\/www.webdo.tn\/fr\/","name":"webdo","description":"Tunisie - News en Tunisie et \u00e0 l&#039;international sur Webdo.tn","publisher":{"@id":"https:\/\/www.webdo.tn\/fr\/#organization"},"potentialAction":[{"@type":"SearchAction","target":{"@type":"EntryPoint","urlTemplate":"https:\/\/www.webdo.tn\/fr\/?s={search_term_string}"},"query-input":{"@type":"PropertyValueSpecification","valueRequired":true,"valueName":"search_term_string"}}],"inLanguage":"fr-FR"},{"@type":"Organization","@id":"https:\/\/www.webdo.tn\/fr\/#organization","name":"Webdo","alternateName":"Webdo.tn","url":"https:\/\/www.webdo.tn\/fr\/","logo":{"@type":"ImageObject","inLanguage":"fr-FR","@id":"https:\/\/www.webdo.tn\/fr\/#\/schema\/logo\/image\/","url":"https:\/\/www.webdo.tn\/fr\/wp-content\/uploads\/2025\/06\/Webdo-Tunisie_168377.jpg","contentUrl":"https:\/\/www.webdo.tn\/fr\/wp-content\/uploads\/2025\/06\/Webdo-Tunisie_168377.jpg","width":301,"height":301,"caption":"Webdo"},"image":{"@id":"https:\/\/www.webdo.tn\/fr\/#\/schema\/logo\/image\/"},"sameAs":["https:\/\/www.facebook.com\/webdotn","https:\/\/x.com\/webdo_tn"],"description":"Webdo est un m\u00e9dia num\u00e9rique tunisien fond\u00e9 en 2010, sp\u00e9cialis\u00e9 dans l\u2019actualit\u00e9 nationale et internationale, l\u2019\u00e9conomie, la soci\u00e9t\u00e9 et les analyses politiques. Le site s\u2019adresse \u00e0 un large public francophone et couvre l\u2019information tunisienne en temps r\u00e9el.","email":"redac@webdo.tn","legalName":"YNJ SARL","foundingDate":"2010-09-06","numberOfEmployees":{"@type":"QuantitativeValue","minValue":"11","maxValue":"50"}},{"@type":"Person","@id":"https:\/\/www.webdo.tn\/fr\/#\/schema\/person\/6bc0beba2cd23aec27cb5df85ca2554f","name":"Hatem Bourial","image":{"@type":"ImageObject","inLanguage":"fr-FR","@id":"https:\/\/www.webdo.tn\/fr\/wp-content\/uploads\/2026\/04\/hatem-bourial_avatar-96x96.jpg","url":"https:\/\/www.webdo.tn\/fr\/wp-content\/uploads\/2026\/04\/hatem-bourial_avatar-96x96.jpg","contentUrl":"https:\/\/www.webdo.tn\/fr\/wp-content\/uploads\/2026\/04\/hatem-bourial_avatar-96x96.jpg","caption":"Hatem Bourial"},"description":"Hatem Bourial est journaliste, \u00e9crivain et chroniqueur tunisien. Actif depuis plusieurs d\u00e9cennies, il s\u2019est impos\u00e9 comme un observateur attentif de la soci\u00e9t\u00e9 tunisienne, m\u00ealant dans ses \u00e9crits m\u00e9moire, culture et analyse du quotidien. Auteur de nombreux ouvrages, il d\u00e9veloppe une \u0153uvre \u00e0 la crois\u00e9e du r\u00e9cit, de la po\u00e9sie et de l\u2019observation sociologique. Parall\u00e8lement \u00e0 ses contributions dans la presse, il intervient r\u00e9guli\u00e8rement \u00e0 la radio et dans des espaces culturels, o\u00f9 il explore les enjeux li\u00e9s au patrimoine, \u00e0 l\u2019identit\u00e9 et aux transformations du monde contemporain. \u00c0 travers ses chroniques, Hatem Bourial propose une lecture sensible et approfondie de l\u2019actualit\u00e9, nourrie par une exp\u00e9rience journalistique et litt\u00e9raire reconnue. \ud83d\udd17 Facebook : https:\/\/www.facebook.com\/hatem.bourial.2025","sameAs":["https:\/\/www.facebook.com\/hatem.bourial.2025","https:\/\/fr.wikipedia.org\/wiki\/Fichier:Hatem_Bourial.jpg"],"knowsAbout":["Culture & patrimoine tunisien","Chronique soci\u00e9tale","Litt\u00e9rature & m\u00e9moire","Cin\u00e9ma & critique culturelle","Identit\u00e9 & mutations sociales"],"knowsLanguage":["Arabe","Fran\u00e7ais","Anglais","Italien","Polonais"],"jobTitle":"Journaliste, \u00e9crivain et chroniqueur culturel","worksFor":"Webdo","url":"https:\/\/www.webdo.tn\/fr\/actualite\/author\/hatem-bourial-2\/"}]}},"_links":{"self":[{"href":"https:\/\/www.webdo.tn\/fr\/wp-json\/wp\/v2\/posts\/210724","targetHints":{"allow":["GET"]}}],"collection":[{"href":"https:\/\/www.webdo.tn\/fr\/wp-json\/wp\/v2\/posts"}],"about":[{"href":"https:\/\/www.webdo.tn\/fr\/wp-json\/wp\/v2\/types\/post"}],"author":[{"embeddable":true,"href":"https:\/\/www.webdo.tn\/fr\/wp-json\/wp\/v2\/users\/3229"}],"replies":[{"embeddable":true,"href":"https:\/\/www.webdo.tn\/fr\/wp-json\/wp\/v2\/comments?post=210724"}],"version-history":[{"count":0,"href":"https:\/\/www.webdo.tn\/fr\/wp-json\/wp\/v2\/posts\/210724\/revisions"}],"wp:featuredmedia":[{"embeddable":true,"href":"https:\/\/www.webdo.tn\/fr\/wp-json\/wp\/v2\/media\/248569"}],"wp:attachment":[{"href":"https:\/\/www.webdo.tn\/fr\/wp-json\/wp\/v2\/media?parent=210724"}],"wp:term":[{"taxonomy":"category","embeddable":true,"href":"https:\/\/www.webdo.tn\/fr\/wp-json\/wp\/v2\/categories?post=210724"},{"taxonomy":"post_tag","embeddable":true,"href":"https:\/\/www.webdo.tn\/fr\/wp-json\/wp\/v2\/tags?post=210724"}],"curies":[{"name":"wp","href":"https:\/\/api.w.org\/{rel}","templated":true}]}}