{"id":210718,"date":"2023-12-11T10:51:00","date_gmt":"2023-12-11T10:51:00","guid":{"rendered":"https:\/\/www.webdo.tn\/fr\/blog\/tunisiens-residents-a-l-etranger-le-regime-fcr-une-fois-tous-les-10-ans\/210718\/"},"modified":"2023-12-11T10:51:00","modified_gmt":"2023-12-11T10:51:00","slug":"tunisiens-residents-a-l-etranger-le-regime-fcr-une-fois-tous-les-10-ans","status":"publish","type":"post","link":"https:\/\/www.webdo.tn\/fr\/actualite\/national\/tunisiens-residents-a-l-etranger-le-regime-fcr-une-fois-tous-les-10-ans\/210718\/","title":{"rendered":"Tunisiens R\u00e9sidents \u00e0 l\u2019Etranger : le r\u00e9gime FCR une fois tous les 10 ans"},"content":{"rendered":"<p>Le FCR est un r\u00e9gime de privil\u00e8ge que d\u00e9livre l\u2019\u00e9tat tunisien aux Tunisiens de l\u2019\u00e9tranger sous certaines conditions et qui leur permette d\u2019importer leurs v\u00e9hicules personnels \u00e0 l\u2019occasion du retour d\u00e9finitif au pays.<\/p>\n<p>\t\t\t\t\t\t\t\t\tLes Tunisiens r\u00e9sidents \u00e0 l\u2019\u00e9tranger (TRE) peuvent, d\u00e9sormais, b\u00e9n\u00e9ficier des avantages fiscaux li\u00e9s \u00e0 l\u2019acquisition d\u2019un v\u00e9hicule de tourisme ou d\u2019un v\u00e9hicule utilitaire ne d\u00e9passant pas la charge de trois tonnes et demi (3,5T) une fois tous les dix ans.<\/p>\n<p>C\u2019est ce qu\u2019a annonc\u00e9 le d\u00e9put\u00e9 Halim Boucetta dans un post publi\u00e9 dimanche soir en marge de l\u2019adoption de la LDF 2024.<br \/>\nLe d\u00e9put\u00e9 a ajout\u00e9 dans son post que lors de l\u2019examen du Budget, il a tenu ainsi que les autres ind\u00e9pendants \u00e0 donner leurs avis sur les dispositions de la LDF et pr\u00e9senter des propositions en rapport avec les attentes des Tunisiens.<\/p>\n<p>Halim Boucetta s\u2019est, par ailleurs, prononc\u00e9 contre la politique d\u2019endettement suivie par l\u2019Etat \u2013 au d\u00e9triment de l\u2019investissement et de la cr\u00e9ation de la valeur \u2013 et contre \u00e9galement la pression fiscale exerc\u00e9e sur le secteur formel et les PME.<\/p>\n<p>Le d\u00e9put\u00e9 s\u2019est f\u00e9licit\u00e9, enfin, de l\u2019adoption par l\u2019ARP de la proposition consistant \u00e0 faire b\u00e9n\u00e9ficier les Tunisiens R\u00e9sidents \u00e0 l\u2019\u00e9tranger du r\u00e9gime FCR une fois tous les dix ans. Les TRE b\u00e9n\u00e9ficient actuellement de cet avantage qu\u2019une seule fois dans le cadre de leur retour d\u00e9finitif en Tunisie.<\/p>\n<p>Le FCR est un r\u00e9gime de privil\u00e8ge que d\u00e9livre l\u2019Etat tunisien aux Tunisiens de l\u2019\u00e9tranger sous certaines conditions et qui leur permette d\u2019importer leurs v\u00e9hicules personnels \u00e0 l\u2019occasion du retour d\u00e9finitif au pays. Cette importation s\u2019effectue sans que la personne concern\u00e9e ne paye des taxes douani\u00e8res.<\/p>\n","protected":false},"excerpt":{"rendered":"<p>Les Tunisiens r\u00e9sidents \u00e0 l\u2019\u00e9tranger (TRE) peuvent, d\u00e9sormais, b\u00e9n\u00e9ficier des avantages fiscaux li\u00e9s \u00e0 l\u2019acquisition d\u2019un v\u00e9hicule de tourisme ou d\u2019un v\u00e9hicule&#8230;<\/p>\n","protected":false},"author":3203,"featured_media":248566,"comment_status":"open","ping_status":"closed","sticky":false,"template":"","format":"standard","meta":{"footnotes":""},"categories":[44],"tags":[2788,4448,2645,3317],"class_list":["post-210718","post","type-post","status-publish","format-standard","has-post-thumbnail","hentry","category-national","tag-etranger","tag-fcr","tag-tre","tag-tunisiens"],"yoast_head":"<!-- This site is optimized with the Yoast SEO Premium plugin v27.5 (Yoast SEO v27.5) - https:\/\/yoast.com\/product\/yoast-seo-premium-wordpress\/ -->\n<title>Tunisiens R\u00e9sidents \u00e0 l\u2019Etranger : le r\u00e9gime FCR une fois tous les 10 ans<\/title>\n<meta name=\"description\" content=\"Les Tunisiens r\u00e9sidents \u00e0 l\u2019\u00e9tranger (TRE) peuvent, d\u00e9sormais, b\u00e9n\u00e9ficier des avantages fiscaux li\u00e9s \u00e0 l\u2019acquisition d\u2019un v\u00e9hicule de tourisme ou d\u2019un v\u00e9hicule...\" \/>\n<link rel=\"canonical\" href=\"https:\/\/www.webdo.tn\/fr\/actualite\/national\/tunisiens-residents-a-l-etranger-le-regime-fcr-une-fois-tous-les-10-ans\/210718\/\" \/>\n<meta property=\"og:locale\" content=\"fr_FR\" \/>\n<meta property=\"og:type\" content=\"article\" \/>\n<meta property=\"og:title\" content=\"Tunisiens R\u00e9sidents \u00e0 l\u2019Etranger : le r\u00e9gime FCR une fois tous les 10 ans\" \/>\n<meta property=\"og:description\" content=\"Les Tunisiens r\u00e9sidents \u00e0 l\u2019\u00e9tranger (TRE) peuvent, d\u00e9sormais, b\u00e9n\u00e9ficier des avantages fiscaux li\u00e9s \u00e0 l\u2019acquisition d\u2019un v\u00e9hicule de tourisme ou d\u2019un v\u00e9hicule...\" \/>\n<meta property=\"og:url\" content=\"https:\/\/www.webdo.tn\/fr\/actualite\/national\/tunisiens-residents-a-l-etranger-le-regime-fcr-une-fois-tous-les-10-ans\/210718\/\" \/>\n<meta property=\"og:site_name\" content=\"webdo\" \/>\n<meta property=\"article:publisher\" content=\"https:\/\/www.facebook.com\/webdotn\" \/>\n<meta property=\"article:published_time\" content=\"2023-12-11T10:51:00+00:00\" \/>\n<meta property=\"og:image\" content=\"https:\/\/www.webdo.tn\/fr\/wp-content\/uploads\/2023\/12\/80f9ae872973056f3df1e53797b1a23a.jpg\" \/>\n\t<meta property=\"og:image:width\" content=\"750\" \/>\n\t<meta property=\"og:image:height\" content=\"400\" \/>\n\t<meta property=\"og:image:type\" content=\"image\/jpeg\" \/>\n<meta name=\"author\" content=\"Ramzi Haddad\" \/>\n<meta name=\"twitter:card\" content=\"summary_large_image\" \/>\n<meta name=\"twitter:creator\" content=\"@webdo_tn\" \/>\n<meta name=\"twitter:site\" content=\"@webdo_tn\" \/>\n<meta name=\"twitter:label1\" content=\"\u00c9crit par\" \/>\n\t<meta name=\"twitter:data1\" content=\"Ramzi Haddad\" \/>\n\t<meta name=\"twitter:label2\" content=\"Dur\u00e9e de lecture estim\u00e9e\" \/>\n\t<meta name=\"twitter:data2\" content=\"2 minutes\" \/>\n<script type=\"application\/ld+json\" class=\"yoast-schema-graph\">{\"@context\":\"https:\\\/\\\/schema.org\",\"@graph\":[{\"@type\":\"NewsArticle\",\"@id\":\"https:\\\/\\\/www.webdo.tn\\\/fr\\\/actualite\\\/national\\\/tunisiens-residents-a-l-etranger-le-regime-fcr-une-fois-tous-les-10-ans\\\/210718\\\/#article\",\"isPartOf\":{\"@id\":\"https:\\\/\\\/www.webdo.tn\\\/fr\\\/actualite\\\/national\\\/tunisiens-residents-a-l-etranger-le-regime-fcr-une-fois-tous-les-10-ans\\\/210718\\\/\"},\"author\":{\"name\":\"Ramzi Haddad\",\"@id\":\"https:\\\/\\\/www.webdo.tn\\\/fr\\\/#\\\/schema\\\/person\\\/5663044c25eb36d8f88ba5b653f12f8c\"},\"headline\":\"Tunisiens R\u00e9sidents \u00e0 l\u2019Etranger : le r\u00e9gime FCR une fois tous les 10 ans\",\"datePublished\":\"2023-12-11T10:51:00+00:00\",\"mainEntityOfPage\":{\"@id\":\"https:\\\/\\\/www.webdo.tn\\\/fr\\\/actualite\\\/national\\\/tunisiens-residents-a-l-etranger-le-regime-fcr-une-fois-tous-les-10-ans\\\/210718\\\/\"},\"wordCount\":338,\"commentCount\":0,\"publisher\":{\"@id\":\"https:\\\/\\\/www.webdo.tn\\\/fr\\\/#organization\"},\"image\":{\"@id\":\"https:\\\/\\\/www.webdo.tn\\\/fr\\\/actualite\\\/national\\\/tunisiens-residents-a-l-etranger-le-regime-fcr-une-fois-tous-les-10-ans\\\/210718\\\/#primaryimage\"},\"thumbnailUrl\":\"https:\\\/\\\/www.webdo.tn\\\/fr\\\/wp-content\\\/uploads\\\/2023\\\/12\\\/80f9ae872973056f3df1e53797b1a23a.jpg\",\"keywords\":[\"\u00e9tranger\",\"fcr\",\"TRE\",\"Tunisiens\"],\"articleSection\":[\"National\"],\"inLanguage\":\"fr-FR\"},{\"@type\":\"WebPage\",\"@id\":\"https:\\\/\\\/www.webdo.tn\\\/fr\\\/actualite\\\/national\\\/tunisiens-residents-a-l-etranger-le-regime-fcr-une-fois-tous-les-10-ans\\\/210718\\\/\",\"url\":\"https:\\\/\\\/www.webdo.tn\\\/fr\\\/actualite\\\/national\\\/tunisiens-residents-a-l-etranger-le-regime-fcr-une-fois-tous-les-10-ans\\\/210718\\\/\",\"name\":\"Tunisiens R\u00e9sidents \u00e0 l\u2019Etranger : le r\u00e9gime FCR une fois tous les 10 ans\",\"isPartOf\":{\"@id\":\"https:\\\/\\\/www.webdo.tn\\\/fr\\\/#website\"},\"primaryImageOfPage\":{\"@id\":\"https:\\\/\\\/www.webdo.tn\\\/fr\\\/actualite\\\/national\\\/tunisiens-residents-a-l-etranger-le-regime-fcr-une-fois-tous-les-10-ans\\\/210718\\\/#primaryimage\"},\"image\":{\"@id\":\"https:\\\/\\\/www.webdo.tn\\\/fr\\\/actualite\\\/national\\\/tunisiens-residents-a-l-etranger-le-regime-fcr-une-fois-tous-les-10-ans\\\/210718\\\/#primaryimage\"},\"thumbnailUrl\":\"https:\\\/\\\/www.webdo.tn\\\/fr\\\/wp-content\\\/uploads\\\/2023\\\/12\\\/80f9ae872973056f3df1e53797b1a23a.jpg\",\"datePublished\":\"2023-12-11T10:51:00+00:00\",\"description\":\"Les Tunisiens r\u00e9sidents \u00e0 l\u2019\u00e9tranger (TRE) peuvent, d\u00e9sormais, b\u00e9n\u00e9ficier des avantages fiscaux li\u00e9s \u00e0 l\u2019acquisition d\u2019un v\u00e9hicule de tourisme ou d\u2019un v\u00e9hicule...\",\"breadcrumb\":{\"@id\":\"https:\\\/\\\/www.webdo.tn\\\/fr\\\/actualite\\\/national\\\/tunisiens-residents-a-l-etranger-le-regime-fcr-une-fois-tous-les-10-ans\\\/210718\\\/#breadcrumb\"},\"inLanguage\":\"fr-FR\",\"potentialAction\":[{\"@type\":\"ReadAction\",\"target\":[\"https:\\\/\\\/www.webdo.tn\\\/fr\\\/actualite\\\/national\\\/tunisiens-residents-a-l-etranger-le-regime-fcr-une-fois-tous-les-10-ans\\\/210718\\\/\"]}]},{\"@type\":\"ImageObject\",\"inLanguage\":\"fr-FR\",\"@id\":\"https:\\\/\\\/www.webdo.tn\\\/fr\\\/actualite\\\/national\\\/tunisiens-residents-a-l-etranger-le-regime-fcr-une-fois-tous-les-10-ans\\\/210718\\\/#primaryimage\",\"url\":\"https:\\\/\\\/www.webdo.tn\\\/fr\\\/wp-content\\\/uploads\\\/2023\\\/12\\\/80f9ae872973056f3df1e53797b1a23a.jpg\",\"contentUrl\":\"https:\\\/\\\/www.webdo.tn\\\/fr\\\/wp-content\\\/uploads\\\/2023\\\/12\\\/80f9ae872973056f3df1e53797b1a23a.jpg\",\"width\":750,\"height\":400,\"caption\":\"Tunisiens R\u00e9sidents \u00e0 l\u2019Etranger : le r\u00e9gime FCR une fois tous les 10 ans\"},{\"@type\":\"BreadcrumbList\",\"@id\":\"https:\\\/\\\/www.webdo.tn\\\/fr\\\/actualite\\\/national\\\/tunisiens-residents-a-l-etranger-le-regime-fcr-une-fois-tous-les-10-ans\\\/210718\\\/#breadcrumb\",\"itemListElement\":[{\"@type\":\"ListItem\",\"position\":1,\"name\":\"Accueil\",\"item\":\"https:\\\/\\\/www.webdo.tn\\\/fr\\\/\"},{\"@type\":\"ListItem\",\"position\":2,\"name\":\"Tunisiens R\u00e9sidents \u00e0 l\u2019Etranger : le r\u00e9gime FCR une fois tous les 10 ans\"}]},{\"@type\":\"WebSite\",\"@id\":\"https:\\\/\\\/www.webdo.tn\\\/fr\\\/#website\",\"url\":\"https:\\\/\\\/www.webdo.tn\\\/fr\\\/\",\"name\":\"webdo\",\"description\":\"Tunisie - News en Tunisie et \u00e0 l&#039;international sur Webdo.tn\",\"publisher\":{\"@id\":\"https:\\\/\\\/www.webdo.tn\\\/fr\\\/#organization\"},\"potentialAction\":[{\"@type\":\"SearchAction\",\"target\":{\"@type\":\"EntryPoint\",\"urlTemplate\":\"https:\\\/\\\/www.webdo.tn\\\/fr\\\/?s={search_term_string}\"},\"query-input\":{\"@type\":\"PropertyValueSpecification\",\"valueRequired\":true,\"valueName\":\"search_term_string\"}}],\"inLanguage\":\"fr-FR\"},{\"@type\":\"Organization\",\"@id\":\"https:\\\/\\\/www.webdo.tn\\\/fr\\\/#organization\",\"name\":\"Webdo\",\"alternateName\":\"Webdo.tn\",\"url\":\"https:\\\/\\\/www.webdo.tn\\\/fr\\\/\",\"logo\":{\"@type\":\"ImageObject\",\"inLanguage\":\"fr-FR\",\"@id\":\"https:\\\/\\\/www.webdo.tn\\\/fr\\\/#\\\/schema\\\/logo\\\/image\\\/\",\"url\":\"https:\\\/\\\/www.webdo.tn\\\/fr\\\/wp-content\\\/uploads\\\/2025\\\/06\\\/Webdo-Tunisie_168377.jpg\",\"contentUrl\":\"https:\\\/\\\/www.webdo.tn\\\/fr\\\/wp-content\\\/uploads\\\/2025\\\/06\\\/Webdo-Tunisie_168377.jpg\",\"width\":301,\"height\":301,\"caption\":\"Webdo\"},\"image\":{\"@id\":\"https:\\\/\\\/www.webdo.tn\\\/fr\\\/#\\\/schema\\\/logo\\\/image\\\/\"},\"sameAs\":[\"https:\\\/\\\/www.facebook.com\\\/webdotn\",\"https:\\\/\\\/x.com\\\/webdo_tn\"],\"description\":\"Webdo est un m\u00e9dia num\u00e9rique tunisien fond\u00e9 en 2010, sp\u00e9cialis\u00e9 dans l\u2019actualit\u00e9 nationale et internationale, l\u2019\u00e9conomie, la soci\u00e9t\u00e9 et les analyses politiques. Le site s\u2019adresse \u00e0 un large public francophone et couvre l\u2019information tunisienne en temps r\u00e9el.\",\"email\":\"redac@webdo.tn\",\"legalName\":\"YNJ SARL\",\"foundingDate\":\"2010-09-06\",\"numberOfEmployees\":{\"@type\":\"QuantitativeValue\",\"minValue\":\"11\",\"maxValue\":\"50\"}},{\"@type\":\"Person\",\"@id\":\"https:\\\/\\\/www.webdo.tn\\\/fr\\\/#\\\/schema\\\/person\\\/5663044c25eb36d8f88ba5b653f12f8c\",\"name\":\"Ramzi Haddad\",\"image\":{\"@type\":\"ImageObject\",\"inLanguage\":\"fr-FR\",\"@id\":\"https:\\\/\\\/www.webdo.tn\\\/fr\\\/wp-content\\\/uploads\\\/2026\\\/04\\\/ramzi-haddad_avatar-96x96.jpg\",\"url\":\"https:\\\/\\\/www.webdo.tn\\\/fr\\\/wp-content\\\/uploads\\\/2026\\\/04\\\/ramzi-haddad_avatar-96x96.jpg\",\"contentUrl\":\"https:\\\/\\\/www.webdo.tn\\\/fr\\\/wp-content\\\/uploads\\\/2026\\\/04\\\/ramzi-haddad_avatar-96x96.jpg\",\"caption\":\"Ramzi Haddad\"},\"description\":\"Signature \u00e9ditoriale de Walid Ben Youssef Ramzi Haddad est le pseudonyme \u00e9ditorial de Walid Ben Youssef, fondateur et g\u00e9rant de Webdo.tn. Cette signature est d\u00e9di\u00e9e \u00e0 la couverture de l'actualit\u00e9 nationale et internationale, ainsi qu'aux analyses des dynamiques num\u00e9riques. Ce profil b\u00e9n\u00e9ficie de l'expertise de Walid Ben Youssef, pionnier du web en Tunisie depuis 2000 et dipl\u00f4m\u00e9 en Math\u00e9matiques pures de l'Universit\u00e9 d'Oregon. \u00c0 travers cette signature, la r\u00e9daction de Webdo garantit une information structur\u00e9e et v\u00e9rifi\u00e9e, fid\u00e8le aux standards journalistiques du m\u00e9dia.\",\"url\":\"https:\\\/\\\/www.webdo.tn\\\/fr\\\/actualite\\\/author\\\/ramzi-haddad\\\/\"}]}<\/script>\n<!-- \/ Yoast SEO Premium plugin. -->","yoast_head_json":{"title":"Tunisiens R\u00e9sidents \u00e0 l\u2019Etranger : le r\u00e9gime FCR une fois tous les 10 ans","description":"Les Tunisiens r\u00e9sidents \u00e0 l\u2019\u00e9tranger (TRE) peuvent, d\u00e9sormais, b\u00e9n\u00e9ficier des avantages fiscaux li\u00e9s \u00e0 l\u2019acquisition d\u2019un v\u00e9hicule de tourisme ou d\u2019un v\u00e9hicule...","canonical":"https:\/\/www.webdo.tn\/fr\/actualite\/national\/tunisiens-residents-a-l-etranger-le-regime-fcr-une-fois-tous-les-10-ans\/210718\/","og_locale":"fr_FR","og_type":"article","og_title":"Tunisiens R\u00e9sidents \u00e0 l\u2019Etranger : le r\u00e9gime FCR une fois tous les 10 ans","og_description":"Les Tunisiens r\u00e9sidents \u00e0 l\u2019\u00e9tranger (TRE) peuvent, d\u00e9sormais, b\u00e9n\u00e9ficier des avantages fiscaux li\u00e9s \u00e0 l\u2019acquisition d\u2019un v\u00e9hicule de tourisme ou d\u2019un v\u00e9hicule...","og_url":"https:\/\/www.webdo.tn\/fr\/actualite\/national\/tunisiens-residents-a-l-etranger-le-regime-fcr-une-fois-tous-les-10-ans\/210718\/","og_site_name":"webdo","article_publisher":"https:\/\/www.facebook.com\/webdotn","article_published_time":"2023-12-11T10:51:00+00:00","og_image":[{"width":750,"height":400,"url":"https:\/\/www.webdo.tn\/fr\/wp-content\/uploads\/2023\/12\/80f9ae872973056f3df1e53797b1a23a.jpg","type":"image\/jpeg"}],"author":"Ramzi Haddad","twitter_card":"summary_large_image","twitter_creator":"@webdo_tn","twitter_site":"@webdo_tn","twitter_misc":{"\u00c9crit par":"Ramzi Haddad","Dur\u00e9e de lecture estim\u00e9e":"2 minutes"},"schema":{"@context":"https:\/\/schema.org","@graph":[{"@type":"NewsArticle","@id":"https:\/\/www.webdo.tn\/fr\/actualite\/national\/tunisiens-residents-a-l-etranger-le-regime-fcr-une-fois-tous-les-10-ans\/210718\/#article","isPartOf":{"@id":"https:\/\/www.webdo.tn\/fr\/actualite\/national\/tunisiens-residents-a-l-etranger-le-regime-fcr-une-fois-tous-les-10-ans\/210718\/"},"author":{"name":"Ramzi Haddad","@id":"https:\/\/www.webdo.tn\/fr\/#\/schema\/person\/5663044c25eb36d8f88ba5b653f12f8c"},"headline":"Tunisiens R\u00e9sidents \u00e0 l\u2019Etranger : le r\u00e9gime FCR une fois tous les 10 ans","datePublished":"2023-12-11T10:51:00+00:00","mainEntityOfPage":{"@id":"https:\/\/www.webdo.tn\/fr\/actualite\/national\/tunisiens-residents-a-l-etranger-le-regime-fcr-une-fois-tous-les-10-ans\/210718\/"},"wordCount":338,"commentCount":0,"publisher":{"@id":"https:\/\/www.webdo.tn\/fr\/#organization"},"image":{"@id":"https:\/\/www.webdo.tn\/fr\/actualite\/national\/tunisiens-residents-a-l-etranger-le-regime-fcr-une-fois-tous-les-10-ans\/210718\/#primaryimage"},"thumbnailUrl":"https:\/\/www.webdo.tn\/fr\/wp-content\/uploads\/2023\/12\/80f9ae872973056f3df1e53797b1a23a.jpg","keywords":["\u00e9tranger","fcr","TRE","Tunisiens"],"articleSection":["National"],"inLanguage":"fr-FR"},{"@type":"WebPage","@id":"https:\/\/www.webdo.tn\/fr\/actualite\/national\/tunisiens-residents-a-l-etranger-le-regime-fcr-une-fois-tous-les-10-ans\/210718\/","url":"https:\/\/www.webdo.tn\/fr\/actualite\/national\/tunisiens-residents-a-l-etranger-le-regime-fcr-une-fois-tous-les-10-ans\/210718\/","name":"Tunisiens R\u00e9sidents \u00e0 l\u2019Etranger : le r\u00e9gime FCR une fois tous les 10 ans","isPartOf":{"@id":"https:\/\/www.webdo.tn\/fr\/#website"},"primaryImageOfPage":{"@id":"https:\/\/www.webdo.tn\/fr\/actualite\/national\/tunisiens-residents-a-l-etranger-le-regime-fcr-une-fois-tous-les-10-ans\/210718\/#primaryimage"},"image":{"@id":"https:\/\/www.webdo.tn\/fr\/actualite\/national\/tunisiens-residents-a-l-etranger-le-regime-fcr-une-fois-tous-les-10-ans\/210718\/#primaryimage"},"thumbnailUrl":"https:\/\/www.webdo.tn\/fr\/wp-content\/uploads\/2023\/12\/80f9ae872973056f3df1e53797b1a23a.jpg","datePublished":"2023-12-11T10:51:00+00:00","description":"Les Tunisiens r\u00e9sidents \u00e0 l\u2019\u00e9tranger (TRE) peuvent, d\u00e9sormais, b\u00e9n\u00e9ficier des avantages fiscaux li\u00e9s \u00e0 l\u2019acquisition d\u2019un v\u00e9hicule de tourisme ou d\u2019un v\u00e9hicule...","breadcrumb":{"@id":"https:\/\/www.webdo.tn\/fr\/actualite\/national\/tunisiens-residents-a-l-etranger-le-regime-fcr-une-fois-tous-les-10-ans\/210718\/#breadcrumb"},"inLanguage":"fr-FR","potentialAction":[{"@type":"ReadAction","target":["https:\/\/www.webdo.tn\/fr\/actualite\/national\/tunisiens-residents-a-l-etranger-le-regime-fcr-une-fois-tous-les-10-ans\/210718\/"]}]},{"@type":"ImageObject","inLanguage":"fr-FR","@id":"https:\/\/www.webdo.tn\/fr\/actualite\/national\/tunisiens-residents-a-l-etranger-le-regime-fcr-une-fois-tous-les-10-ans\/210718\/#primaryimage","url":"https:\/\/www.webdo.tn\/fr\/wp-content\/uploads\/2023\/12\/80f9ae872973056f3df1e53797b1a23a.jpg","contentUrl":"https:\/\/www.webdo.tn\/fr\/wp-content\/uploads\/2023\/12\/80f9ae872973056f3df1e53797b1a23a.jpg","width":750,"height":400,"caption":"Tunisiens R\u00e9sidents \u00e0 l\u2019Etranger : le r\u00e9gime FCR une fois tous les 10 ans"},{"@type":"BreadcrumbList","@id":"https:\/\/www.webdo.tn\/fr\/actualite\/national\/tunisiens-residents-a-l-etranger-le-regime-fcr-une-fois-tous-les-10-ans\/210718\/#breadcrumb","itemListElement":[{"@type":"ListItem","position":1,"name":"Accueil","item":"https:\/\/www.webdo.tn\/fr\/"},{"@type":"ListItem","position":2,"name":"Tunisiens R\u00e9sidents \u00e0 l\u2019Etranger : le r\u00e9gime FCR une fois tous les 10 ans"}]},{"@type":"WebSite","@id":"https:\/\/www.webdo.tn\/fr\/#website","url":"https:\/\/www.webdo.tn\/fr\/","name":"webdo","description":"Tunisie - News en Tunisie et \u00e0 l&#039;international sur Webdo.tn","publisher":{"@id":"https:\/\/www.webdo.tn\/fr\/#organization"},"potentialAction":[{"@type":"SearchAction","target":{"@type":"EntryPoint","urlTemplate":"https:\/\/www.webdo.tn\/fr\/?s={search_term_string}"},"query-input":{"@type":"PropertyValueSpecification","valueRequired":true,"valueName":"search_term_string"}}],"inLanguage":"fr-FR"},{"@type":"Organization","@id":"https:\/\/www.webdo.tn\/fr\/#organization","name":"Webdo","alternateName":"Webdo.tn","url":"https:\/\/www.webdo.tn\/fr\/","logo":{"@type":"ImageObject","inLanguage":"fr-FR","@id":"https:\/\/www.webdo.tn\/fr\/#\/schema\/logo\/image\/","url":"https:\/\/www.webdo.tn\/fr\/wp-content\/uploads\/2025\/06\/Webdo-Tunisie_168377.jpg","contentUrl":"https:\/\/www.webdo.tn\/fr\/wp-content\/uploads\/2025\/06\/Webdo-Tunisie_168377.jpg","width":301,"height":301,"caption":"Webdo"},"image":{"@id":"https:\/\/www.webdo.tn\/fr\/#\/schema\/logo\/image\/"},"sameAs":["https:\/\/www.facebook.com\/webdotn","https:\/\/x.com\/webdo_tn"],"description":"Webdo est un m\u00e9dia num\u00e9rique tunisien fond\u00e9 en 2010, sp\u00e9cialis\u00e9 dans l\u2019actualit\u00e9 nationale et internationale, l\u2019\u00e9conomie, la soci\u00e9t\u00e9 et les analyses politiques. Le site s\u2019adresse \u00e0 un large public francophone et couvre l\u2019information tunisienne en temps r\u00e9el.","email":"redac@webdo.tn","legalName":"YNJ SARL","foundingDate":"2010-09-06","numberOfEmployees":{"@type":"QuantitativeValue","minValue":"11","maxValue":"50"}},{"@type":"Person","@id":"https:\/\/www.webdo.tn\/fr\/#\/schema\/person\/5663044c25eb36d8f88ba5b653f12f8c","name":"Ramzi Haddad","image":{"@type":"ImageObject","inLanguage":"fr-FR","@id":"https:\/\/www.webdo.tn\/fr\/wp-content\/uploads\/2026\/04\/ramzi-haddad_avatar-96x96.jpg","url":"https:\/\/www.webdo.tn\/fr\/wp-content\/uploads\/2026\/04\/ramzi-haddad_avatar-96x96.jpg","contentUrl":"https:\/\/www.webdo.tn\/fr\/wp-content\/uploads\/2026\/04\/ramzi-haddad_avatar-96x96.jpg","caption":"Ramzi Haddad"},"description":"Signature \u00e9ditoriale de Walid Ben Youssef Ramzi Haddad est le pseudonyme \u00e9ditorial de Walid Ben Youssef, fondateur et g\u00e9rant de Webdo.tn. Cette signature est d\u00e9di\u00e9e \u00e0 la couverture de l'actualit\u00e9 nationale et internationale, ainsi qu'aux analyses des dynamiques num\u00e9riques. Ce profil b\u00e9n\u00e9ficie de l'expertise de Walid Ben Youssef, pionnier du web en Tunisie depuis 2000 et dipl\u00f4m\u00e9 en Math\u00e9matiques pures de l'Universit\u00e9 d'Oregon. \u00c0 travers cette signature, la r\u00e9daction de Webdo garantit une information structur\u00e9e et v\u00e9rifi\u00e9e, fid\u00e8le aux standards journalistiques du m\u00e9dia.","url":"https:\/\/www.webdo.tn\/fr\/actualite\/author\/ramzi-haddad\/"}]}},"_links":{"self":[{"href":"https:\/\/www.webdo.tn\/fr\/wp-json\/wp\/v2\/posts\/210718","targetHints":{"allow":["GET"]}}],"collection":[{"href":"https:\/\/www.webdo.tn\/fr\/wp-json\/wp\/v2\/posts"}],"about":[{"href":"https:\/\/www.webdo.tn\/fr\/wp-json\/wp\/v2\/types\/post"}],"author":[{"embeddable":true,"href":"https:\/\/www.webdo.tn\/fr\/wp-json\/wp\/v2\/users\/3203"}],"replies":[{"embeddable":true,"href":"https:\/\/www.webdo.tn\/fr\/wp-json\/wp\/v2\/comments?post=210718"}],"version-history":[{"count":0,"href":"https:\/\/www.webdo.tn\/fr\/wp-json\/wp\/v2\/posts\/210718\/revisions"}],"wp:featuredmedia":[{"embeddable":true,"href":"https:\/\/www.webdo.tn\/fr\/wp-json\/wp\/v2\/media\/248566"}],"wp:attachment":[{"href":"https:\/\/www.webdo.tn\/fr\/wp-json\/wp\/v2\/media?parent=210718"}],"wp:term":[{"taxonomy":"category","embeddable":true,"href":"https:\/\/www.webdo.tn\/fr\/wp-json\/wp\/v2\/categories?post=210718"},{"taxonomy":"post_tag","embeddable":true,"href":"https:\/\/www.webdo.tn\/fr\/wp-json\/wp\/v2\/tags?post=210718"}],"curies":[{"name":"wp","href":"https:\/\/api.w.org\/{rel}","templated":true}]}}