{"id":210715,"date":"2023-12-11T10:10:00","date_gmt":"2023-12-11T10:10:00","guid":{"rendered":"https:\/\/www.webdo.tn\/fr\/blog\/boycottzara-les-internautes-indignes-par-l-exploitation-de-la-souffrance-des-palestiniens\/210715\/"},"modified":"2025-05-20T21:54:51","modified_gmt":"2025-05-20T21:54:51","slug":"boycottzara-les-internautes-indignes-par-l-exploitation-de-la-souffrance-des-palestiniens","status":"publish","type":"post","link":"https:\/\/www.webdo.tn\/fr\/actualite\/international\/boycottzara-les-internautes-indignes-par-l-exploitation-de-la-souffrance-des-palestiniens\/210715\/","title":{"rendered":"#BoycottZARA : Les internautes indign\u00e9s par l\u2019exploitation de la souffrance des Palestiniens"},"content":{"rendered":"<p>La c\u00e9l\u00e8bre marque espagnole de v\u00eatements ZARA est au centre d\u2019une temp\u00eate m\u00e9diatique depuis le lancement de sa nouvelle campagne publicitaire. Elle a provoqu\u00e9 un toll\u00e9 mondial en raison de l\u2019exploitation de la souffrance des Palestiniens \u00e0 Gaza. Les internautes, indign\u00e9s appellent d\u00e9sormais \u00e0 son boycott.<\/p>\n<p>\t\t\t\t\t\t\t\t\tEn d\u00e9voilant sur son compte officiel Instagram les photos de sa nouvelle campagne publicitaire, la c\u00e9l\u00e8bre marque espagnole de v\u00eatements ZARA a d\u00e9clench\u00e9 une v\u00e9ritable vague de col\u00e8re sur les r\u00e9seaux sociaux.<\/p>\n<p>Et pour cause, cette campagne publicitaire a exploit\u00e9 la souffrance des Palestiniens en utilisant des images de linceuls blancs, de cadavres et de cercueils, etc., des images qui circulent \u00e0 travers le monde entier depuis le d\u00e9clenchement de la guerre \u00e0 Gaza et les atrocit\u00e9s commises par l\u2019entit\u00e9 sioniste.<\/p>\n<p>Sur X (Twitter), le hashtag #BoycottZARA, d\u00e9sormais viral dans plusieurs pays arabes, appelle \u00e0 boycotter express\u00e9ment la marque espagnole voire \u00e0 l\u2019interdire, qualifiant cette campagne d\u2019inhumaine. De quoi contraindre ZARA \u00e0 supprimer certaines images de ses comptes. Sur X, toutes les photos relatives \u00e0 l\u2019indignation des internautes ont \u00e9t\u00e9 supprim\u00e9es.<\/p>\n","protected":false},"excerpt":{"rendered":"<p>En d\u00e9voilant sur son compte officiel Instagram les photos de sa nouvelle campagne publicitaire, la c\u00e9l\u00e8bre marque espagnole de v\u00eatements ZARA a d\u00e9clench\u00e9 une v\u00e9&#8230;<\/p>\n","protected":false},"author":3162,"featured_media":248563,"comment_status":"open","ping_status":"closed","sticky":false,"template":"","format":"standard","meta":{"footnotes":""},"categories":[2598],"tags":[3509,2689,6042,7416],"class_list":["post-210715","post","type-post","status-publish","format-standard","has-post-thumbnail","hentry","category-international","tag-boycott","tag-gaza","tag-polemique","tag-zara"],"yoast_head":"<!-- This site is optimized with the Yoast SEO Premium plugin v27.4 (Yoast SEO v27.5) - https:\/\/yoast.com\/product\/yoast-seo-premium-wordpress\/ -->\n<title>#BoycottZARA : Les internautes indign\u00e9s par l\u2019exploitation de la souffrance des Palestiniens<\/title>\n<meta name=\"description\" content=\"En d\u00e9voilant sur son compte officiel Instagram les photos de sa nouvelle campagne publicitaire, la c\u00e9l\u00e8bre marque espagnole de v\u00eatements ZARA a d\u00e9clench\u00e9 une v\u00e9...\" \/>\n<link rel=\"canonical\" href=\"https:\/\/www.webdo.tn\/fr\/actualite\/international\/boycottzara-les-internautes-indignes-par-l-exploitation-de-la-souffrance-des-palestiniens\/210715\/\" \/>\n<meta property=\"og:locale\" content=\"fr_FR\" \/>\n<meta property=\"og:type\" content=\"article\" \/>\n<meta property=\"og:title\" content=\"#BoycottZARA : Les internautes indign\u00e9s par l\u2019exploitation de la souffrance des Palestiniens\" \/>\n<meta property=\"og:description\" content=\"En d\u00e9voilant sur son compte officiel Instagram les photos de sa nouvelle campagne publicitaire, la c\u00e9l\u00e8bre marque espagnole de v\u00eatements ZARA a d\u00e9clench\u00e9 une v\u00e9...\" \/>\n<meta property=\"og:url\" content=\"https:\/\/www.webdo.tn\/fr\/actualite\/international\/boycottzara-les-internautes-indignes-par-l-exploitation-de-la-souffrance-des-palestiniens\/210715\/\" \/>\n<meta property=\"og:site_name\" content=\"webdo\" \/>\n<meta property=\"article:publisher\" content=\"https:\/\/www.facebook.com\/webdotn\" \/>\n<meta property=\"article:published_time\" content=\"2023-12-11T10:10:00+00:00\" \/>\n<meta property=\"article:modified_time\" content=\"2025-05-20T21:54:51+00:00\" \/>\n<meta property=\"og:image\" content=\"https:\/\/www.webdo.tn\/fr\/wp-content\/uploads\/2023\/12\/be556d4d5030aed16df3c39e1d1bf0b7.jpeg\" \/>\n\t<meta property=\"og:image:width\" content=\"750\" \/>\n\t<meta property=\"og:image:height\" content=\"400\" \/>\n\t<meta property=\"og:image:type\" content=\"image\/jpeg\" \/>\n<meta name=\"author\" content=\"MC\" \/>\n<meta name=\"twitter:card\" content=\"summary_large_image\" \/>\n<meta name=\"twitter:creator\" content=\"@webdo_tn\" \/>\n<meta name=\"twitter:site\" content=\"@webdo_tn\" \/>\n<meta name=\"twitter:label1\" content=\"\u00c9crit par\" \/>\n\t<meta name=\"twitter:data1\" content=\"MC\" \/>\n\t<meta name=\"twitter:label2\" content=\"Dur\u00e9e de lecture estim\u00e9e\" \/>\n\t<meta name=\"twitter:data2\" content=\"1 minute\" \/>\n<script type=\"application\/ld+json\" class=\"yoast-schema-graph\">{\"@context\":\"https:\\\/\\\/schema.org\",\"@graph\":[{\"@type\":\"NewsArticle\",\"@id\":\"https:\\\/\\\/www.webdo.tn\\\/fr\\\/actualite\\\/international\\\/boycottzara-les-internautes-indignes-par-l-exploitation-de-la-souffrance-des-palestiniens\\\/210715\\\/#article\",\"isPartOf\":{\"@id\":\"https:\\\/\\\/www.webdo.tn\\\/fr\\\/actualite\\\/international\\\/boycottzara-les-internautes-indignes-par-l-exploitation-de-la-souffrance-des-palestiniens\\\/210715\\\/\"},\"author\":{\"name\":\"MC\",\"@id\":\"https:\\\/\\\/www.webdo.tn\\\/fr\\\/#\\\/schema\\\/person\\\/2c4929cbf5a809e3bd38617c6ce150f6\"},\"headline\":\"#BoycottZARA : Les internautes indign\u00e9s par l\u2019exploitation de la souffrance des Palestiniens\",\"datePublished\":\"2023-12-11T10:10:00+00:00\",\"dateModified\":\"2025-05-20T21:54:51+00:00\",\"mainEntityOfPage\":{\"@id\":\"https:\\\/\\\/www.webdo.tn\\\/fr\\\/actualite\\\/international\\\/boycottzara-les-internautes-indignes-par-l-exploitation-de-la-souffrance-des-palestiniens\\\/210715\\\/\"},\"wordCount\":208,\"commentCount\":0,\"publisher\":{\"@id\":\"https:\\\/\\\/www.webdo.tn\\\/fr\\\/#organization\"},\"image\":{\"@id\":\"https:\\\/\\\/www.webdo.tn\\\/fr\\\/actualite\\\/international\\\/boycottzara-les-internautes-indignes-par-l-exploitation-de-la-souffrance-des-palestiniens\\\/210715\\\/#primaryimage\"},\"thumbnailUrl\":\"https:\\\/\\\/www.webdo.tn\\\/fr\\\/wp-content\\\/uploads\\\/2023\\\/12\\\/be556d4d5030aed16df3c39e1d1bf0b7.jpeg\",\"keywords\":[\"Boycott\",\"Gaza\",\"pol\u00e9mique\",\"ZARA\"],\"articleSection\":[\"International\"],\"inLanguage\":\"fr-FR\"},{\"@type\":\"WebPage\",\"@id\":\"https:\\\/\\\/www.webdo.tn\\\/fr\\\/actualite\\\/international\\\/boycottzara-les-internautes-indignes-par-l-exploitation-de-la-souffrance-des-palestiniens\\\/210715\\\/\",\"url\":\"https:\\\/\\\/www.webdo.tn\\\/fr\\\/actualite\\\/international\\\/boycottzara-les-internautes-indignes-par-l-exploitation-de-la-souffrance-des-palestiniens\\\/210715\\\/\",\"name\":\"#BoycottZARA : Les internautes indign\u00e9s par l\u2019exploitation de la souffrance des Palestiniens\",\"isPartOf\":{\"@id\":\"https:\\\/\\\/www.webdo.tn\\\/fr\\\/#website\"},\"primaryImageOfPage\":{\"@id\":\"https:\\\/\\\/www.webdo.tn\\\/fr\\\/actualite\\\/international\\\/boycottzara-les-internautes-indignes-par-l-exploitation-de-la-souffrance-des-palestiniens\\\/210715\\\/#primaryimage\"},\"image\":{\"@id\":\"https:\\\/\\\/www.webdo.tn\\\/fr\\\/actualite\\\/international\\\/boycottzara-les-internautes-indignes-par-l-exploitation-de-la-souffrance-des-palestiniens\\\/210715\\\/#primaryimage\"},\"thumbnailUrl\":\"https:\\\/\\\/www.webdo.tn\\\/fr\\\/wp-content\\\/uploads\\\/2023\\\/12\\\/be556d4d5030aed16df3c39e1d1bf0b7.jpeg\",\"datePublished\":\"2023-12-11T10:10:00+00:00\",\"dateModified\":\"2025-05-20T21:54:51+00:00\",\"description\":\"En d\u00e9voilant sur son compte officiel Instagram les photos de sa nouvelle campagne publicitaire, la c\u00e9l\u00e8bre marque espagnole de v\u00eatements ZARA a d\u00e9clench\u00e9 une v\u00e9...\",\"breadcrumb\":{\"@id\":\"https:\\\/\\\/www.webdo.tn\\\/fr\\\/actualite\\\/international\\\/boycottzara-les-internautes-indignes-par-l-exploitation-de-la-souffrance-des-palestiniens\\\/210715\\\/#breadcrumb\"},\"inLanguage\":\"fr-FR\",\"potentialAction\":[{\"@type\":\"ReadAction\",\"target\":[\"https:\\\/\\\/www.webdo.tn\\\/fr\\\/actualite\\\/international\\\/boycottzara-les-internautes-indignes-par-l-exploitation-de-la-souffrance-des-palestiniens\\\/210715\\\/\"]}]},{\"@type\":\"ImageObject\",\"inLanguage\":\"fr-FR\",\"@id\":\"https:\\\/\\\/www.webdo.tn\\\/fr\\\/actualite\\\/international\\\/boycottzara-les-internautes-indignes-par-l-exploitation-de-la-souffrance-des-palestiniens\\\/210715\\\/#primaryimage\",\"url\":\"https:\\\/\\\/www.webdo.tn\\\/fr\\\/wp-content\\\/uploads\\\/2023\\\/12\\\/be556d4d5030aed16df3c39e1d1bf0b7.jpeg\",\"contentUrl\":\"https:\\\/\\\/www.webdo.tn\\\/fr\\\/wp-content\\\/uploads\\\/2023\\\/12\\\/be556d4d5030aed16df3c39e1d1bf0b7.jpeg\",\"width\":750,\"height\":400,\"caption\":\"#BoycottZARA : Les internautes indign\u00e9s par l\u2019exploitation de la souffrance des Palestiniens\"},{\"@type\":\"BreadcrumbList\",\"@id\":\"https:\\\/\\\/www.webdo.tn\\\/fr\\\/actualite\\\/international\\\/boycottzara-les-internautes-indignes-par-l-exploitation-de-la-souffrance-des-palestiniens\\\/210715\\\/#breadcrumb\",\"itemListElement\":[{\"@type\":\"ListItem\",\"position\":1,\"name\":\"Accueil\",\"item\":\"https:\\\/\\\/www.webdo.tn\\\/fr\\\/\"},{\"@type\":\"ListItem\",\"position\":2,\"name\":\"#BoycottZARA : Les internautes indign\u00e9s par l\u2019exploitation de la souffrance des Palestiniens\"}]},{\"@type\":\"WebSite\",\"@id\":\"https:\\\/\\\/www.webdo.tn\\\/fr\\\/#website\",\"url\":\"https:\\\/\\\/www.webdo.tn\\\/fr\\\/\",\"name\":\"webdo\",\"description\":\"Tunisie - News en Tunisie et \u00e0 l&#039;international sur Webdo.tn\",\"publisher\":{\"@id\":\"https:\\\/\\\/www.webdo.tn\\\/fr\\\/#organization\"},\"potentialAction\":[{\"@type\":\"SearchAction\",\"target\":{\"@type\":\"EntryPoint\",\"urlTemplate\":\"https:\\\/\\\/www.webdo.tn\\\/fr\\\/?s={search_term_string}\"},\"query-input\":{\"@type\":\"PropertyValueSpecification\",\"valueRequired\":true,\"valueName\":\"search_term_string\"}}],\"inLanguage\":\"fr-FR\"},{\"@type\":\"Organization\",\"@id\":\"https:\\\/\\\/www.webdo.tn\\\/fr\\\/#organization\",\"name\":\"Webdo\",\"alternateName\":\"Webdo.tn\",\"url\":\"https:\\\/\\\/www.webdo.tn\\\/fr\\\/\",\"logo\":{\"@type\":\"ImageObject\",\"inLanguage\":\"fr-FR\",\"@id\":\"https:\\\/\\\/www.webdo.tn\\\/fr\\\/#\\\/schema\\\/logo\\\/image\\\/\",\"url\":\"https:\\\/\\\/www.webdo.tn\\\/fr\\\/wp-content\\\/uploads\\\/2025\\\/06\\\/Webdo-Tunisie_168377.jpg\",\"contentUrl\":\"https:\\\/\\\/www.webdo.tn\\\/fr\\\/wp-content\\\/uploads\\\/2025\\\/06\\\/Webdo-Tunisie_168377.jpg\",\"width\":301,\"height\":301,\"caption\":\"Webdo\"},\"image\":{\"@id\":\"https:\\\/\\\/www.webdo.tn\\\/fr\\\/#\\\/schema\\\/logo\\\/image\\\/\"},\"sameAs\":[\"https:\\\/\\\/www.facebook.com\\\/webdotn\",\"https:\\\/\\\/x.com\\\/webdo_tn\"],\"description\":\"Webdo est un m\u00e9dia num\u00e9rique tunisien fond\u00e9 en 2010, sp\u00e9cialis\u00e9 dans l\u2019actualit\u00e9 nationale et internationale, l\u2019\u00e9conomie, la soci\u00e9t\u00e9 et les analyses politiques. Le site s\u2019adresse \u00e0 un large public francophone et couvre l\u2019information tunisienne en temps r\u00e9el.\",\"email\":\"redac@webdo.tn\",\"legalName\":\"YNJ SARL\",\"foundingDate\":\"2010-09-06\",\"numberOfEmployees\":{\"@type\":\"QuantitativeValue\",\"minValue\":\"11\",\"maxValue\":\"50\"}},{\"@type\":\"Person\",\"@id\":\"https:\\\/\\\/www.webdo.tn\\\/fr\\\/#\\\/schema\\\/person\\\/2c4929cbf5a809e3bd38617c6ce150f6\",\"name\":\"MC\",\"image\":{\"@type\":\"ImageObject\",\"inLanguage\":\"fr-FR\",\"@id\":\"https:\\\/\\\/secure.gravatar.com\\\/avatar\\\/a545bbb6f84efdd5553dbbc2895e3ca8f1d12c5215e00a041c9670b54aa9b18a?s=96&d=mm&r=g\",\"url\":\"https:\\\/\\\/secure.gravatar.com\\\/avatar\\\/a545bbb6f84efdd5553dbbc2895e3ca8f1d12c5215e00a041c9670b54aa9b18a?s=96&d=mm&r=g\",\"contentUrl\":\"https:\\\/\\\/secure.gravatar.com\\\/avatar\\\/a545bbb6f84efdd5553dbbc2895e3ca8f1d12c5215e00a041c9670b54aa9b18a?s=96&d=mm&r=g\",\"caption\":\"MC\"},\"url\":\"https:\\\/\\\/www.webdo.tn\\\/fr\\\/actualite\\\/author\\\/mc\\\/\"}]}<\/script>\n<!-- \/ Yoast SEO Premium plugin. -->","yoast_head_json":{"title":"#BoycottZARA : Les internautes indign\u00e9s par l\u2019exploitation de la souffrance des Palestiniens","description":"En d\u00e9voilant sur son compte officiel Instagram les photos de sa nouvelle campagne publicitaire, la c\u00e9l\u00e8bre marque espagnole de v\u00eatements ZARA a d\u00e9clench\u00e9 une v\u00e9...","canonical":"https:\/\/www.webdo.tn\/fr\/actualite\/international\/boycottzara-les-internautes-indignes-par-l-exploitation-de-la-souffrance-des-palestiniens\/210715\/","og_locale":"fr_FR","og_type":"article","og_title":"#BoycottZARA : Les internautes indign\u00e9s par l\u2019exploitation de la souffrance des Palestiniens","og_description":"En d\u00e9voilant sur son compte officiel Instagram les photos de sa nouvelle campagne publicitaire, la c\u00e9l\u00e8bre marque espagnole de v\u00eatements ZARA a d\u00e9clench\u00e9 une v\u00e9...","og_url":"https:\/\/www.webdo.tn\/fr\/actualite\/international\/boycottzara-les-internautes-indignes-par-l-exploitation-de-la-souffrance-des-palestiniens\/210715\/","og_site_name":"webdo","article_publisher":"https:\/\/www.facebook.com\/webdotn","article_published_time":"2023-12-11T10:10:00+00:00","article_modified_time":"2025-05-20T21:54:51+00:00","og_image":[{"width":750,"height":400,"url":"https:\/\/www.webdo.tn\/fr\/wp-content\/uploads\/2023\/12\/be556d4d5030aed16df3c39e1d1bf0b7.jpeg","type":"image\/jpeg"}],"author":"MC","twitter_card":"summary_large_image","twitter_creator":"@webdo_tn","twitter_site":"@webdo_tn","twitter_misc":{"\u00c9crit par":"MC","Dur\u00e9e de lecture estim\u00e9e":"1 minute"},"schema":{"@context":"https:\/\/schema.org","@graph":[{"@type":"NewsArticle","@id":"https:\/\/www.webdo.tn\/fr\/actualite\/international\/boycottzara-les-internautes-indignes-par-l-exploitation-de-la-souffrance-des-palestiniens\/210715\/#article","isPartOf":{"@id":"https:\/\/www.webdo.tn\/fr\/actualite\/international\/boycottzara-les-internautes-indignes-par-l-exploitation-de-la-souffrance-des-palestiniens\/210715\/"},"author":{"name":"MC","@id":"https:\/\/www.webdo.tn\/fr\/#\/schema\/person\/2c4929cbf5a809e3bd38617c6ce150f6"},"headline":"#BoycottZARA : Les internautes indign\u00e9s par l\u2019exploitation de la souffrance des Palestiniens","datePublished":"2023-12-11T10:10:00+00:00","dateModified":"2025-05-20T21:54:51+00:00","mainEntityOfPage":{"@id":"https:\/\/www.webdo.tn\/fr\/actualite\/international\/boycottzara-les-internautes-indignes-par-l-exploitation-de-la-souffrance-des-palestiniens\/210715\/"},"wordCount":208,"commentCount":0,"publisher":{"@id":"https:\/\/www.webdo.tn\/fr\/#organization"},"image":{"@id":"https:\/\/www.webdo.tn\/fr\/actualite\/international\/boycottzara-les-internautes-indignes-par-l-exploitation-de-la-souffrance-des-palestiniens\/210715\/#primaryimage"},"thumbnailUrl":"https:\/\/www.webdo.tn\/fr\/wp-content\/uploads\/2023\/12\/be556d4d5030aed16df3c39e1d1bf0b7.jpeg","keywords":["Boycott","Gaza","pol\u00e9mique","ZARA"],"articleSection":["International"],"inLanguage":"fr-FR"},{"@type":"WebPage","@id":"https:\/\/www.webdo.tn\/fr\/actualite\/international\/boycottzara-les-internautes-indignes-par-l-exploitation-de-la-souffrance-des-palestiniens\/210715\/","url":"https:\/\/www.webdo.tn\/fr\/actualite\/international\/boycottzara-les-internautes-indignes-par-l-exploitation-de-la-souffrance-des-palestiniens\/210715\/","name":"#BoycottZARA : Les internautes indign\u00e9s par l\u2019exploitation de la souffrance des Palestiniens","isPartOf":{"@id":"https:\/\/www.webdo.tn\/fr\/#website"},"primaryImageOfPage":{"@id":"https:\/\/www.webdo.tn\/fr\/actualite\/international\/boycottzara-les-internautes-indignes-par-l-exploitation-de-la-souffrance-des-palestiniens\/210715\/#primaryimage"},"image":{"@id":"https:\/\/www.webdo.tn\/fr\/actualite\/international\/boycottzara-les-internautes-indignes-par-l-exploitation-de-la-souffrance-des-palestiniens\/210715\/#primaryimage"},"thumbnailUrl":"https:\/\/www.webdo.tn\/fr\/wp-content\/uploads\/2023\/12\/be556d4d5030aed16df3c39e1d1bf0b7.jpeg","datePublished":"2023-12-11T10:10:00+00:00","dateModified":"2025-05-20T21:54:51+00:00","description":"En d\u00e9voilant sur son compte officiel Instagram les photos de sa nouvelle campagne publicitaire, la c\u00e9l\u00e8bre marque espagnole de v\u00eatements ZARA a d\u00e9clench\u00e9 une v\u00e9...","breadcrumb":{"@id":"https:\/\/www.webdo.tn\/fr\/actualite\/international\/boycottzara-les-internautes-indignes-par-l-exploitation-de-la-souffrance-des-palestiniens\/210715\/#breadcrumb"},"inLanguage":"fr-FR","potentialAction":[{"@type":"ReadAction","target":["https:\/\/www.webdo.tn\/fr\/actualite\/international\/boycottzara-les-internautes-indignes-par-l-exploitation-de-la-souffrance-des-palestiniens\/210715\/"]}]},{"@type":"ImageObject","inLanguage":"fr-FR","@id":"https:\/\/www.webdo.tn\/fr\/actualite\/international\/boycottzara-les-internautes-indignes-par-l-exploitation-de-la-souffrance-des-palestiniens\/210715\/#primaryimage","url":"https:\/\/www.webdo.tn\/fr\/wp-content\/uploads\/2023\/12\/be556d4d5030aed16df3c39e1d1bf0b7.jpeg","contentUrl":"https:\/\/www.webdo.tn\/fr\/wp-content\/uploads\/2023\/12\/be556d4d5030aed16df3c39e1d1bf0b7.jpeg","width":750,"height":400,"caption":"#BoycottZARA : Les internautes indign\u00e9s par l\u2019exploitation de la souffrance des Palestiniens"},{"@type":"BreadcrumbList","@id":"https:\/\/www.webdo.tn\/fr\/actualite\/international\/boycottzara-les-internautes-indignes-par-l-exploitation-de-la-souffrance-des-palestiniens\/210715\/#breadcrumb","itemListElement":[{"@type":"ListItem","position":1,"name":"Accueil","item":"https:\/\/www.webdo.tn\/fr\/"},{"@type":"ListItem","position":2,"name":"#BoycottZARA : Les internautes indign\u00e9s par l\u2019exploitation de la souffrance des Palestiniens"}]},{"@type":"WebSite","@id":"https:\/\/www.webdo.tn\/fr\/#website","url":"https:\/\/www.webdo.tn\/fr\/","name":"webdo","description":"Tunisie - News en Tunisie et \u00e0 l&#039;international sur Webdo.tn","publisher":{"@id":"https:\/\/www.webdo.tn\/fr\/#organization"},"potentialAction":[{"@type":"SearchAction","target":{"@type":"EntryPoint","urlTemplate":"https:\/\/www.webdo.tn\/fr\/?s={search_term_string}"},"query-input":{"@type":"PropertyValueSpecification","valueRequired":true,"valueName":"search_term_string"}}],"inLanguage":"fr-FR"},{"@type":"Organization","@id":"https:\/\/www.webdo.tn\/fr\/#organization","name":"Webdo","alternateName":"Webdo.tn","url":"https:\/\/www.webdo.tn\/fr\/","logo":{"@type":"ImageObject","inLanguage":"fr-FR","@id":"https:\/\/www.webdo.tn\/fr\/#\/schema\/logo\/image\/","url":"https:\/\/www.webdo.tn\/fr\/wp-content\/uploads\/2025\/06\/Webdo-Tunisie_168377.jpg","contentUrl":"https:\/\/www.webdo.tn\/fr\/wp-content\/uploads\/2025\/06\/Webdo-Tunisie_168377.jpg","width":301,"height":301,"caption":"Webdo"},"image":{"@id":"https:\/\/www.webdo.tn\/fr\/#\/schema\/logo\/image\/"},"sameAs":["https:\/\/www.facebook.com\/webdotn","https:\/\/x.com\/webdo_tn"],"description":"Webdo est un m\u00e9dia num\u00e9rique tunisien fond\u00e9 en 2010, sp\u00e9cialis\u00e9 dans l\u2019actualit\u00e9 nationale et internationale, l\u2019\u00e9conomie, la soci\u00e9t\u00e9 et les analyses politiques. Le site s\u2019adresse \u00e0 un large public francophone et couvre l\u2019information tunisienne en temps r\u00e9el.","email":"redac@webdo.tn","legalName":"YNJ SARL","foundingDate":"2010-09-06","numberOfEmployees":{"@type":"QuantitativeValue","minValue":"11","maxValue":"50"}},{"@type":"Person","@id":"https:\/\/www.webdo.tn\/fr\/#\/schema\/person\/2c4929cbf5a809e3bd38617c6ce150f6","name":"MC","image":{"@type":"ImageObject","inLanguage":"fr-FR","@id":"https:\/\/secure.gravatar.com\/avatar\/a545bbb6f84efdd5553dbbc2895e3ca8f1d12c5215e00a041c9670b54aa9b18a?s=96&d=mm&r=g","url":"https:\/\/secure.gravatar.com\/avatar\/a545bbb6f84efdd5553dbbc2895e3ca8f1d12c5215e00a041c9670b54aa9b18a?s=96&d=mm&r=g","contentUrl":"https:\/\/secure.gravatar.com\/avatar\/a545bbb6f84efdd5553dbbc2895e3ca8f1d12c5215e00a041c9670b54aa9b18a?s=96&d=mm&r=g","caption":"MC"},"url":"https:\/\/www.webdo.tn\/fr\/actualite\/author\/mc\/"}]}},"_links":{"self":[{"href":"https:\/\/www.webdo.tn\/fr\/wp-json\/wp\/v2\/posts\/210715","targetHints":{"allow":["GET"]}}],"collection":[{"href":"https:\/\/www.webdo.tn\/fr\/wp-json\/wp\/v2\/posts"}],"about":[{"href":"https:\/\/www.webdo.tn\/fr\/wp-json\/wp\/v2\/types\/post"}],"author":[{"embeddable":true,"href":"https:\/\/www.webdo.tn\/fr\/wp-json\/wp\/v2\/users\/3162"}],"replies":[{"embeddable":true,"href":"https:\/\/www.webdo.tn\/fr\/wp-json\/wp\/v2\/comments?post=210715"}],"version-history":[{"count":0,"href":"https:\/\/www.webdo.tn\/fr\/wp-json\/wp\/v2\/posts\/210715\/revisions"}],"wp:featuredmedia":[{"embeddable":true,"href":"https:\/\/www.webdo.tn\/fr\/wp-json\/wp\/v2\/media\/248563"}],"wp:attachment":[{"href":"https:\/\/www.webdo.tn\/fr\/wp-json\/wp\/v2\/media?parent=210715"}],"wp:term":[{"taxonomy":"category","embeddable":true,"href":"https:\/\/www.webdo.tn\/fr\/wp-json\/wp\/v2\/categories?post=210715"},{"taxonomy":"post_tag","embeddable":true,"href":"https:\/\/www.webdo.tn\/fr\/wp-json\/wp\/v2\/tags?post=210715"}],"curies":[{"name":"wp","href":"https:\/\/api.w.org\/{rel}","templated":true}]}}