{"id":210711,"date":"2023-12-10T22:28:00","date_gmt":"2023-12-10T22:28:00","guid":{"rendered":"https:\/\/www.webdo.tn\/fr\/blog\/jtc-2023-mute-du-koweitien-slimane-bassem-remporte-le-tanit-d-or\/210711\/"},"modified":"2025-05-20T22:55:54","modified_gmt":"2025-05-20T22:55:54","slug":"jtc-2023-mute-du-koweitien-slimane-bassem-remporte-le-tanit-d-or","status":"publish","type":"post","link":"https:\/\/www.webdo.tn\/fr\/actualite\/culture\/jtc-2023-mute-du-koweitien-slimane-bassem-remporte-le-tanit-d-or\/210711\/","title":{"rendered":"JTC 2023: \u00ab\u00a0Mute\u00a0\u00bb du Kowe\u00eftien Slimane Bassem remporte le Tanit d&rsquo;or"},"content":{"rendered":"<p>Le palmar\u00e8s de la 24\u00e8me \u00e9dition des Journ\u00e9es Th\u00e9\u00e2trales de Carthage a \u00e9t\u00e9 d\u00e9voil\u00e9 lors d\u2019une c\u00e9r\u00e9monie organis\u00e9e, dans la soir\u00e9e de dimanche 10 d\u00e9cembre, au Th\u00e9\u00e2tre de l\u2019Op\u00e9ra (Cit\u00e9 de la culture).<\/p>\n<p>\t\t\t\t\t\t\t\t\t\u00ab\u00a0Mute\u00a0\u00bb du Kowe\u00eftien Slimane Bassem a remport\u00e9 le grand prix de cette \u00e9dition. La\u00a0pi\u00e8ce a \u00e9galement rafl\u00e9 deux autres prix de la comp\u00e9tition officielle: le Prix de la meilleure dramaturgie et le Prix de la meilleure interpr\u00e9tation f\u00e9minine d\u00e9c\u00e9rn\u00e9 \u00e0 la Syrienne Hala Omrane.<\/p>\n<p>Le Tanit d&rsquo;argent a \u00e9t\u00e9 attribu\u00e9 au Marocain Amine Boudrigua pour sa pi\u00e8ce\u00a0\u00ab\u00a0Chams\u00a0\u00bb.<\/p>\n<p>Et le Tanit de bronze est revenu au Tunisien Ghazai Zoghbani pour sa pi\u00e8ce \u00ab\u00a0la ferme\u00a0\u00bb, qui a remport\u00e9 aussi le Prix de la meilleure dramaturgie et le Prix de la meilleure interpr\u00e9tation masculine .<\/p>\n<p>11 pi\u00e8ces produites par des structures th\u00e9\u00e2trales\u00a0tunisiennes, arabes et africaines \u00e9taient en lice pour le Tanit d&rsquo;or.<\/p>\n<p>Une s\u00e9lection de 62 spectacles de 28 pays\u00a0\u00e9tait au programme de cette \u00e9dition, qui s&rsquo;est\u00a0d\u00e9roul\u00e9e du 2\u00a0au 10 d\u00e9cembre, sans le c\u00f4t\u00e9 festif en raison de la guerre contre la Bande de Gaza.<\/p>\n<p>\u00a0<\/p>\n<p>Voici le palmar\u00e8s complet :<\/p>\n<p>Comp\u00e9tition officielle<\/p>\n<p>\u2013 Tanit d\u2019or : \u00ab\u00a0Mute\u00a0\u00bb de Slimane Bassem (Kuwait)<\/p>\n<p>\u2013 Tanit d\u2019argent : \u00ab\u00a0Chams\u00a0\u00bb de Amin Boudrigua (Maroc)<\/p>\n<p>\u2013 Tanit de bronze: \u00ab\u00a0La ferme\u00a0\u00bb de Ghazi Zoghbani (Tunisie)<\/p>\n<p>\u2013 Prix de la meilleure dramaturgie : \u00ab\u00a0Mute\u00a0\u00bb de Slimane Bassem (Kuwait)<\/p>\n<p>\u2013 Prix de la meilleure interpr\u00e9tation masculine : Ghazi Zoghbani pour son r\u00f4le dans \u00a0\u00ab\u00a0La ferme\u00a0\u00bb<\/p>\n<p>\u2013 Prix de la meilleure interpr\u00e9tation f\u00e9minine: Hala Omrane pour son r\u00f4le dans \u00ab\u00a0Mute\u00a0\u00bb<\/p>\n<p>\u2013 Prix de la meilleure sc\u00e9nographie: \u00ab\u00a0La ferme\u00a0\u00bb de Ghazi Zoghbani (Tunisie)<\/p>\n<p>\u00a0<\/p>\n<p>Prix parall\u00e8les :<br \/>\n\u2013 Prix N\u00e9jiba Hamrouni pour la libert\u00e9 d\u2019expression : \u00a0d\u00e9cern\u00e9 par le Syndicat national des journalistes tunisiens (SNJT) : \u00ab\u00a0Godzilla-Le ph\u00e9nom\u00e8ne\u00a0\u00bb de Aous Brahim (Tunisie)<br \/>\nMention sp\u00e9ciale \u00e0 \u201cRouheb\u201d de Mouaied Ghazouani \u00a0et \u00ab\u00a0D\u00eener des chiens\u00a0\u00bb de Youssef Mars.<\/p>\n<p>\u2013 Prix de la libert\u00e9 \u00e0 la meilleure cr\u00e9ation de club de th\u00e9\u00e2tre des \u00e9tablissements p\u00e9nitentiaires et de r\u00e9\u00e9ducation :<br \/>\n1er prix : Prison Borj Amri avec la pi\u00e8ce \u00ab\u00a0Voyage\u00a0\u00bb<br \/>\n2\u00e8me prix : Prison de la Mahdia avec la pi\u00e8ce \u00ab\u00a0La mtallak la ma\u00e2llak\u00a0\u00bb<br \/>\n3\u00e8me prix: Prison Messadine Sousse avec la pi\u00e8ce \u00ab\u00a0Cherka terka\u00a0\u00bb<\/p>\n","protected":false},"excerpt":{"rendered":"<p>Le rideau est tomb\u00e9 sur la 24\u00e8me \u00e9dition des JTC<\/p>\n","protected":false},"author":3182,"featured_media":248567,"comment_status":"open","ping_status":"closed","sticky":false,"template":"","format":"standard","meta":{"footnotes":""},"categories":[2594],"tags":[7427,4973,7428],"class_list":["post-210711","post","type-post","status-publish","format-standard","has-post-thumbnail","hentry","category-culture","tag-jtc2023","tag-palmares","tag-tanits"],"yoast_head":"<!-- This site is optimized with the Yoast SEO Premium plugin v27.5 (Yoast SEO v27.5) - https:\/\/yoast.com\/product\/yoast-seo-premium-wordpress\/ -->\n<title>JTC 2023: Mute du Kowe\u00eftien Slimane Bassem remporte le Tanit d&#039;or<\/title>\n<meta name=\"description\" content=\"Le rideau est tomb\u00e9 sur la 24\u00e8me \u00e9dition des JTC\" \/>\n<link rel=\"canonical\" href=\"https:\/\/www.webdo.tn\/fr\/actualite\/culture\/jtc-2023-mute-du-koweitien-slimane-bassem-remporte-le-tanit-d-or\/210711\/\" \/>\n<meta property=\"og:locale\" content=\"fr_FR\" \/>\n<meta property=\"og:type\" content=\"article\" \/>\n<meta property=\"og:title\" content=\"JTC 2023: &quot;Mute&quot; du Kowe\u00eftien Slimane Bassem remporte le Tanit d&#039;or\" \/>\n<meta property=\"og:description\" content=\"Le rideau est tomb\u00e9 sur la 24\u00e8me \u00e9dition des JTC\" \/>\n<meta property=\"og:url\" content=\"https:\/\/www.webdo.tn\/fr\/actualite\/culture\/jtc-2023-mute-du-koweitien-slimane-bassem-remporte-le-tanit-d-or\/210711\/\" \/>\n<meta property=\"og:site_name\" content=\"webdo\" \/>\n<meta property=\"article:publisher\" content=\"https:\/\/www.facebook.com\/webdotn\" \/>\n<meta property=\"article:published_time\" content=\"2023-12-10T22:28:00+00:00\" \/>\n<meta property=\"article:modified_time\" content=\"2025-05-20T22:55:54+00:00\" \/>\n<meta property=\"og:image\" content=\"https:\/\/www.webdo.tn\/fr\/wp-content\/uploads\/2023\/12\/6ee598e92c9703beb133cce2ed690f2b.jpg\" \/>\n\t<meta property=\"og:image:width\" content=\"750\" \/>\n\t<meta property=\"og:image:height\" content=\"400\" \/>\n\t<meta property=\"og:image:type\" content=\"image\/jpeg\" \/>\n<meta name=\"author\" content=\"WB\" \/>\n<meta name=\"twitter:card\" content=\"summary_large_image\" \/>\n<meta name=\"twitter:creator\" content=\"@webdo_tn\" \/>\n<meta name=\"twitter:site\" content=\"@webdo_tn\" \/>\n<meta name=\"twitter:label1\" content=\"\u00c9crit par\" \/>\n\t<meta name=\"twitter:data1\" content=\"WB\" \/>\n\t<meta name=\"twitter:label2\" content=\"Dur\u00e9e de lecture estim\u00e9e\" \/>\n\t<meta name=\"twitter:data2\" content=\"2 minutes\" \/>\n<script type=\"application\/ld+json\" class=\"yoast-schema-graph\">{\"@context\":\"https:\\\/\\\/schema.org\",\"@graph\":[{\"@type\":\"NewsArticle\",\"@id\":\"https:\\\/\\\/www.webdo.tn\\\/fr\\\/actualite\\\/culture\\\/jtc-2023-mute-du-koweitien-slimane-bassem-remporte-le-tanit-d-or\\\/210711\\\/#article\",\"isPartOf\":{\"@id\":\"https:\\\/\\\/www.webdo.tn\\\/fr\\\/actualite\\\/culture\\\/jtc-2023-mute-du-koweitien-slimane-bassem-remporte-le-tanit-d-or\\\/210711\\\/\"},\"author\":{\"name\":\"WB\",\"@id\":\"https:\\\/\\\/www.webdo.tn\\\/fr\\\/#\\\/schema\\\/person\\\/f16bf91e3b3c6347371884777659f9d8\"},\"headline\":\"JTC 2023: \u00ab\u00a0Mute\u00a0\u00bb du Kowe\u00eftien Slimane Bassem remporte le Tanit d&rsquo;or\",\"datePublished\":\"2023-12-10T22:28:00+00:00\",\"dateModified\":\"2025-05-20T22:55:54+00:00\",\"mainEntityOfPage\":{\"@id\":\"https:\\\/\\\/www.webdo.tn\\\/fr\\\/actualite\\\/culture\\\/jtc-2023-mute-du-koweitien-slimane-bassem-remporte-le-tanit-d-or\\\/210711\\\/\"},\"wordCount\":407,\"commentCount\":0,\"publisher\":{\"@id\":\"https:\\\/\\\/www.webdo.tn\\\/fr\\\/#organization\"},\"image\":{\"@id\":\"https:\\\/\\\/www.webdo.tn\\\/fr\\\/actualite\\\/culture\\\/jtc-2023-mute-du-koweitien-slimane-bassem-remporte-le-tanit-d-or\\\/210711\\\/#primaryimage\"},\"thumbnailUrl\":\"https:\\\/\\\/www.webdo.tn\\\/fr\\\/wp-content\\\/uploads\\\/2023\\\/12\\\/6ee598e92c9703beb133cce2ed690f2b.jpg\",\"keywords\":[\"JTC2023\",\"Palmar\u00e8s\",\"Tanits\"],\"articleSection\":[\"Culture\"],\"inLanguage\":\"fr-FR\"},{\"@type\":\"WebPage\",\"@id\":\"https:\\\/\\\/www.webdo.tn\\\/fr\\\/actualite\\\/culture\\\/jtc-2023-mute-du-koweitien-slimane-bassem-remporte-le-tanit-d-or\\\/210711\\\/\",\"url\":\"https:\\\/\\\/www.webdo.tn\\\/fr\\\/actualite\\\/culture\\\/jtc-2023-mute-du-koweitien-slimane-bassem-remporte-le-tanit-d-or\\\/210711\\\/\",\"name\":\"JTC 2023: Mute du Kowe\u00eftien Slimane Bassem remporte le Tanit d'or\",\"isPartOf\":{\"@id\":\"https:\\\/\\\/www.webdo.tn\\\/fr\\\/#website\"},\"primaryImageOfPage\":{\"@id\":\"https:\\\/\\\/www.webdo.tn\\\/fr\\\/actualite\\\/culture\\\/jtc-2023-mute-du-koweitien-slimane-bassem-remporte-le-tanit-d-or\\\/210711\\\/#primaryimage\"},\"image\":{\"@id\":\"https:\\\/\\\/www.webdo.tn\\\/fr\\\/actualite\\\/culture\\\/jtc-2023-mute-du-koweitien-slimane-bassem-remporte-le-tanit-d-or\\\/210711\\\/#primaryimage\"},\"thumbnailUrl\":\"https:\\\/\\\/www.webdo.tn\\\/fr\\\/wp-content\\\/uploads\\\/2023\\\/12\\\/6ee598e92c9703beb133cce2ed690f2b.jpg\",\"datePublished\":\"2023-12-10T22:28:00+00:00\",\"dateModified\":\"2025-05-20T22:55:54+00:00\",\"description\":\"Le rideau est tomb\u00e9 sur la 24\u00e8me \u00e9dition des JTC\",\"breadcrumb\":{\"@id\":\"https:\\\/\\\/www.webdo.tn\\\/fr\\\/actualite\\\/culture\\\/jtc-2023-mute-du-koweitien-slimane-bassem-remporte-le-tanit-d-or\\\/210711\\\/#breadcrumb\"},\"inLanguage\":\"fr-FR\",\"potentialAction\":[{\"@type\":\"ReadAction\",\"target\":[\"https:\\\/\\\/www.webdo.tn\\\/fr\\\/actualite\\\/culture\\\/jtc-2023-mute-du-koweitien-slimane-bassem-remporte-le-tanit-d-or\\\/210711\\\/\"]}]},{\"@type\":\"ImageObject\",\"inLanguage\":\"fr-FR\",\"@id\":\"https:\\\/\\\/www.webdo.tn\\\/fr\\\/actualite\\\/culture\\\/jtc-2023-mute-du-koweitien-slimane-bassem-remporte-le-tanit-d-or\\\/210711\\\/#primaryimage\",\"url\":\"https:\\\/\\\/www.webdo.tn\\\/fr\\\/wp-content\\\/uploads\\\/2023\\\/12\\\/6ee598e92c9703beb133cce2ed690f2b.jpg\",\"contentUrl\":\"https:\\\/\\\/www.webdo.tn\\\/fr\\\/wp-content\\\/uploads\\\/2023\\\/12\\\/6ee598e92c9703beb133cce2ed690f2b.jpg\",\"width\":750,\"height\":400,\"caption\":\"Mute\"},{\"@type\":\"BreadcrumbList\",\"@id\":\"https:\\\/\\\/www.webdo.tn\\\/fr\\\/actualite\\\/culture\\\/jtc-2023-mute-du-koweitien-slimane-bassem-remporte-le-tanit-d-or\\\/210711\\\/#breadcrumb\",\"itemListElement\":[{\"@type\":\"ListItem\",\"position\":1,\"name\":\"Accueil\",\"item\":\"https:\\\/\\\/www.webdo.tn\\\/fr\\\/\"},{\"@type\":\"ListItem\",\"position\":2,\"name\":\"JTC 2023: \u00ab\u00a0Mute\u00a0\u00bb du Kowe\u00eftien Slimane Bassem remporte le Tanit d&rsquo;or\"}]},{\"@type\":\"WebSite\",\"@id\":\"https:\\\/\\\/www.webdo.tn\\\/fr\\\/#website\",\"url\":\"https:\\\/\\\/www.webdo.tn\\\/fr\\\/\",\"name\":\"webdo\",\"description\":\"Tunisie - News en Tunisie et \u00e0 l&#039;international sur Webdo.tn\",\"publisher\":{\"@id\":\"https:\\\/\\\/www.webdo.tn\\\/fr\\\/#organization\"},\"potentialAction\":[{\"@type\":\"SearchAction\",\"target\":{\"@type\":\"EntryPoint\",\"urlTemplate\":\"https:\\\/\\\/www.webdo.tn\\\/fr\\\/?s={search_term_string}\"},\"query-input\":{\"@type\":\"PropertyValueSpecification\",\"valueRequired\":true,\"valueName\":\"search_term_string\"}}],\"inLanguage\":\"fr-FR\"},{\"@type\":\"Organization\",\"@id\":\"https:\\\/\\\/www.webdo.tn\\\/fr\\\/#organization\",\"name\":\"Webdo\",\"alternateName\":\"Webdo.tn\",\"url\":\"https:\\\/\\\/www.webdo.tn\\\/fr\\\/\",\"logo\":{\"@type\":\"ImageObject\",\"inLanguage\":\"fr-FR\",\"@id\":\"https:\\\/\\\/www.webdo.tn\\\/fr\\\/#\\\/schema\\\/logo\\\/image\\\/\",\"url\":\"https:\\\/\\\/www.webdo.tn\\\/fr\\\/wp-content\\\/uploads\\\/2025\\\/06\\\/Webdo-Tunisie_168377.jpg\",\"contentUrl\":\"https:\\\/\\\/www.webdo.tn\\\/fr\\\/wp-content\\\/uploads\\\/2025\\\/06\\\/Webdo-Tunisie_168377.jpg\",\"width\":301,\"height\":301,\"caption\":\"Webdo\"},\"image\":{\"@id\":\"https:\\\/\\\/www.webdo.tn\\\/fr\\\/#\\\/schema\\\/logo\\\/image\\\/\"},\"sameAs\":[\"https:\\\/\\\/www.facebook.com\\\/webdotn\",\"https:\\\/\\\/x.com\\\/webdo_tn\"],\"description\":\"Webdo est un m\u00e9dia num\u00e9rique tunisien fond\u00e9 en 2010, sp\u00e9cialis\u00e9 dans l\u2019actualit\u00e9 nationale et internationale, l\u2019\u00e9conomie, la soci\u00e9t\u00e9 et les analyses politiques. Le site s\u2019adresse \u00e0 un large public francophone et couvre l\u2019information tunisienne en temps r\u00e9el.\",\"email\":\"redac@webdo.tn\",\"legalName\":\"YNJ SARL\",\"foundingDate\":\"2010-09-06\",\"numberOfEmployees\":{\"@type\":\"QuantitativeValue\",\"minValue\":\"11\",\"maxValue\":\"50\"}},{\"@type\":\"Person\",\"@id\":\"https:\\\/\\\/www.webdo.tn\\\/fr\\\/#\\\/schema\\\/person\\\/f16bf91e3b3c6347371884777659f9d8\",\"name\":\"WB\",\"image\":{\"@type\":\"ImageObject\",\"inLanguage\":\"fr-FR\",\"@id\":\"https:\\\/\\\/secure.gravatar.com\\\/avatar\\\/fd3caf00dbfd4b6d6ce43e8ea4748ed2e4d0fae2c3a87c1e2f6ba0a54c3ab5cb?s=96&d=mm&r=g\",\"url\":\"https:\\\/\\\/secure.gravatar.com\\\/avatar\\\/fd3caf00dbfd4b6d6ce43e8ea4748ed2e4d0fae2c3a87c1e2f6ba0a54c3ab5cb?s=96&d=mm&r=g\",\"contentUrl\":\"https:\\\/\\\/secure.gravatar.com\\\/avatar\\\/fd3caf00dbfd4b6d6ce43e8ea4748ed2e4d0fae2c3a87c1e2f6ba0a54c3ab5cb?s=96&d=mm&r=g\",\"caption\":\"WB\"},\"url\":\"https:\\\/\\\/www.webdo.tn\\\/fr\\\/actualite\\\/author\\\/wb\\\/\"}]}<\/script>\n<!-- \/ Yoast SEO Premium plugin. -->","yoast_head_json":{"title":"JTC 2023: Mute du Kowe\u00eftien Slimane Bassem remporte le Tanit d'or","description":"Le rideau est tomb\u00e9 sur la 24\u00e8me \u00e9dition des JTC","canonical":"https:\/\/www.webdo.tn\/fr\/actualite\/culture\/jtc-2023-mute-du-koweitien-slimane-bassem-remporte-le-tanit-d-or\/210711\/","og_locale":"fr_FR","og_type":"article","og_title":"JTC 2023: \"Mute\" du Kowe\u00eftien Slimane Bassem remporte le Tanit d'or","og_description":"Le rideau est tomb\u00e9 sur la 24\u00e8me \u00e9dition des JTC","og_url":"https:\/\/www.webdo.tn\/fr\/actualite\/culture\/jtc-2023-mute-du-koweitien-slimane-bassem-remporte-le-tanit-d-or\/210711\/","og_site_name":"webdo","article_publisher":"https:\/\/www.facebook.com\/webdotn","article_published_time":"2023-12-10T22:28:00+00:00","article_modified_time":"2025-05-20T22:55:54+00:00","og_image":[{"width":750,"height":400,"url":"https:\/\/www.webdo.tn\/fr\/wp-content\/uploads\/2023\/12\/6ee598e92c9703beb133cce2ed690f2b.jpg","type":"image\/jpeg"}],"author":"WB","twitter_card":"summary_large_image","twitter_creator":"@webdo_tn","twitter_site":"@webdo_tn","twitter_misc":{"\u00c9crit par":"WB","Dur\u00e9e de lecture estim\u00e9e":"2 minutes"},"schema":{"@context":"https:\/\/schema.org","@graph":[{"@type":"NewsArticle","@id":"https:\/\/www.webdo.tn\/fr\/actualite\/culture\/jtc-2023-mute-du-koweitien-slimane-bassem-remporte-le-tanit-d-or\/210711\/#article","isPartOf":{"@id":"https:\/\/www.webdo.tn\/fr\/actualite\/culture\/jtc-2023-mute-du-koweitien-slimane-bassem-remporte-le-tanit-d-or\/210711\/"},"author":{"name":"WB","@id":"https:\/\/www.webdo.tn\/fr\/#\/schema\/person\/f16bf91e3b3c6347371884777659f9d8"},"headline":"JTC 2023: \u00ab\u00a0Mute\u00a0\u00bb du Kowe\u00eftien Slimane Bassem remporte le Tanit d&rsquo;or","datePublished":"2023-12-10T22:28:00+00:00","dateModified":"2025-05-20T22:55:54+00:00","mainEntityOfPage":{"@id":"https:\/\/www.webdo.tn\/fr\/actualite\/culture\/jtc-2023-mute-du-koweitien-slimane-bassem-remporte-le-tanit-d-or\/210711\/"},"wordCount":407,"commentCount":0,"publisher":{"@id":"https:\/\/www.webdo.tn\/fr\/#organization"},"image":{"@id":"https:\/\/www.webdo.tn\/fr\/actualite\/culture\/jtc-2023-mute-du-koweitien-slimane-bassem-remporte-le-tanit-d-or\/210711\/#primaryimage"},"thumbnailUrl":"https:\/\/www.webdo.tn\/fr\/wp-content\/uploads\/2023\/12\/6ee598e92c9703beb133cce2ed690f2b.jpg","keywords":["JTC2023","Palmar\u00e8s","Tanits"],"articleSection":["Culture"],"inLanguage":"fr-FR"},{"@type":"WebPage","@id":"https:\/\/www.webdo.tn\/fr\/actualite\/culture\/jtc-2023-mute-du-koweitien-slimane-bassem-remporte-le-tanit-d-or\/210711\/","url":"https:\/\/www.webdo.tn\/fr\/actualite\/culture\/jtc-2023-mute-du-koweitien-slimane-bassem-remporte-le-tanit-d-or\/210711\/","name":"JTC 2023: Mute du Kowe\u00eftien Slimane Bassem remporte le Tanit d'or","isPartOf":{"@id":"https:\/\/www.webdo.tn\/fr\/#website"},"primaryImageOfPage":{"@id":"https:\/\/www.webdo.tn\/fr\/actualite\/culture\/jtc-2023-mute-du-koweitien-slimane-bassem-remporte-le-tanit-d-or\/210711\/#primaryimage"},"image":{"@id":"https:\/\/www.webdo.tn\/fr\/actualite\/culture\/jtc-2023-mute-du-koweitien-slimane-bassem-remporte-le-tanit-d-or\/210711\/#primaryimage"},"thumbnailUrl":"https:\/\/www.webdo.tn\/fr\/wp-content\/uploads\/2023\/12\/6ee598e92c9703beb133cce2ed690f2b.jpg","datePublished":"2023-12-10T22:28:00+00:00","dateModified":"2025-05-20T22:55:54+00:00","description":"Le rideau est tomb\u00e9 sur la 24\u00e8me \u00e9dition des JTC","breadcrumb":{"@id":"https:\/\/www.webdo.tn\/fr\/actualite\/culture\/jtc-2023-mute-du-koweitien-slimane-bassem-remporte-le-tanit-d-or\/210711\/#breadcrumb"},"inLanguage":"fr-FR","potentialAction":[{"@type":"ReadAction","target":["https:\/\/www.webdo.tn\/fr\/actualite\/culture\/jtc-2023-mute-du-koweitien-slimane-bassem-remporte-le-tanit-d-or\/210711\/"]}]},{"@type":"ImageObject","inLanguage":"fr-FR","@id":"https:\/\/www.webdo.tn\/fr\/actualite\/culture\/jtc-2023-mute-du-koweitien-slimane-bassem-remporte-le-tanit-d-or\/210711\/#primaryimage","url":"https:\/\/www.webdo.tn\/fr\/wp-content\/uploads\/2023\/12\/6ee598e92c9703beb133cce2ed690f2b.jpg","contentUrl":"https:\/\/www.webdo.tn\/fr\/wp-content\/uploads\/2023\/12\/6ee598e92c9703beb133cce2ed690f2b.jpg","width":750,"height":400,"caption":"Mute"},{"@type":"BreadcrumbList","@id":"https:\/\/www.webdo.tn\/fr\/actualite\/culture\/jtc-2023-mute-du-koweitien-slimane-bassem-remporte-le-tanit-d-or\/210711\/#breadcrumb","itemListElement":[{"@type":"ListItem","position":1,"name":"Accueil","item":"https:\/\/www.webdo.tn\/fr\/"},{"@type":"ListItem","position":2,"name":"JTC 2023: \u00ab\u00a0Mute\u00a0\u00bb du Kowe\u00eftien Slimane Bassem remporte le Tanit d&rsquo;or"}]},{"@type":"WebSite","@id":"https:\/\/www.webdo.tn\/fr\/#website","url":"https:\/\/www.webdo.tn\/fr\/","name":"webdo","description":"Tunisie - News en Tunisie et \u00e0 l&#039;international sur Webdo.tn","publisher":{"@id":"https:\/\/www.webdo.tn\/fr\/#organization"},"potentialAction":[{"@type":"SearchAction","target":{"@type":"EntryPoint","urlTemplate":"https:\/\/www.webdo.tn\/fr\/?s={search_term_string}"},"query-input":{"@type":"PropertyValueSpecification","valueRequired":true,"valueName":"search_term_string"}}],"inLanguage":"fr-FR"},{"@type":"Organization","@id":"https:\/\/www.webdo.tn\/fr\/#organization","name":"Webdo","alternateName":"Webdo.tn","url":"https:\/\/www.webdo.tn\/fr\/","logo":{"@type":"ImageObject","inLanguage":"fr-FR","@id":"https:\/\/www.webdo.tn\/fr\/#\/schema\/logo\/image\/","url":"https:\/\/www.webdo.tn\/fr\/wp-content\/uploads\/2025\/06\/Webdo-Tunisie_168377.jpg","contentUrl":"https:\/\/www.webdo.tn\/fr\/wp-content\/uploads\/2025\/06\/Webdo-Tunisie_168377.jpg","width":301,"height":301,"caption":"Webdo"},"image":{"@id":"https:\/\/www.webdo.tn\/fr\/#\/schema\/logo\/image\/"},"sameAs":["https:\/\/www.facebook.com\/webdotn","https:\/\/x.com\/webdo_tn"],"description":"Webdo est un m\u00e9dia num\u00e9rique tunisien fond\u00e9 en 2010, sp\u00e9cialis\u00e9 dans l\u2019actualit\u00e9 nationale et internationale, l\u2019\u00e9conomie, la soci\u00e9t\u00e9 et les analyses politiques. Le site s\u2019adresse \u00e0 un large public francophone et couvre l\u2019information tunisienne en temps r\u00e9el.","email":"redac@webdo.tn","legalName":"YNJ SARL","foundingDate":"2010-09-06","numberOfEmployees":{"@type":"QuantitativeValue","minValue":"11","maxValue":"50"}},{"@type":"Person","@id":"https:\/\/www.webdo.tn\/fr\/#\/schema\/person\/f16bf91e3b3c6347371884777659f9d8","name":"WB","image":{"@type":"ImageObject","inLanguage":"fr-FR","@id":"https:\/\/secure.gravatar.com\/avatar\/fd3caf00dbfd4b6d6ce43e8ea4748ed2e4d0fae2c3a87c1e2f6ba0a54c3ab5cb?s=96&d=mm&r=g","url":"https:\/\/secure.gravatar.com\/avatar\/fd3caf00dbfd4b6d6ce43e8ea4748ed2e4d0fae2c3a87c1e2f6ba0a54c3ab5cb?s=96&d=mm&r=g","contentUrl":"https:\/\/secure.gravatar.com\/avatar\/fd3caf00dbfd4b6d6ce43e8ea4748ed2e4d0fae2c3a87c1e2f6ba0a54c3ab5cb?s=96&d=mm&r=g","caption":"WB"},"url":"https:\/\/www.webdo.tn\/fr\/actualite\/author\/wb\/"}]}},"_links":{"self":[{"href":"https:\/\/www.webdo.tn\/fr\/wp-json\/wp\/v2\/posts\/210711","targetHints":{"allow":["GET"]}}],"collection":[{"href":"https:\/\/www.webdo.tn\/fr\/wp-json\/wp\/v2\/posts"}],"about":[{"href":"https:\/\/www.webdo.tn\/fr\/wp-json\/wp\/v2\/types\/post"}],"author":[{"embeddable":true,"href":"https:\/\/www.webdo.tn\/fr\/wp-json\/wp\/v2\/users\/3182"}],"replies":[{"embeddable":true,"href":"https:\/\/www.webdo.tn\/fr\/wp-json\/wp\/v2\/comments?post=210711"}],"version-history":[{"count":0,"href":"https:\/\/www.webdo.tn\/fr\/wp-json\/wp\/v2\/posts\/210711\/revisions"}],"wp:featuredmedia":[{"embeddable":true,"href":"https:\/\/www.webdo.tn\/fr\/wp-json\/wp\/v2\/media\/248567"}],"wp:attachment":[{"href":"https:\/\/www.webdo.tn\/fr\/wp-json\/wp\/v2\/media?parent=210711"}],"wp:term":[{"taxonomy":"category","embeddable":true,"href":"https:\/\/www.webdo.tn\/fr\/wp-json\/wp\/v2\/categories?post=210711"},{"taxonomy":"post_tag","embeddable":true,"href":"https:\/\/www.webdo.tn\/fr\/wp-json\/wp\/v2\/tags?post=210711"}],"curies":[{"name":"wp","href":"https:\/\/api.w.org\/{rel}","templated":true}]}}