{"id":210699,"date":"2023-12-10T11:32:00","date_gmt":"2023-12-10T11:32:00","guid":{"rendered":"https:\/\/www.webdo.tn\/fr\/blog\/arrivee-a-tunis-de-57-membres-de-familles-tunisiennes-residant-a-gaza\/210699\/"},"modified":"2025-05-20T22:57:31","modified_gmt":"2025-05-20T22:57:31","slug":"arrivee-a-tunis-de-57-membres-de-familles-tunisiennes-residant-a-gaza","status":"publish","type":"post","link":"https:\/\/www.webdo.tn\/fr\/actualite\/national\/arrivee-a-tunis-de-57-membres-de-familles-tunisiennes-residant-a-gaza\/210699\/","title":{"rendered":"Arriv\u00e9e \u00e0 Tunis de 57 membres de familles tunisiennes r\u00e9sidant \u00e0 Gaza"},"content":{"rendered":"<p>Dans la matin\u00e9e d\u2019aujourd\u2019hui, dimanche le 10 d\u00e9cembre 2023, 57 membres de familles tunisiennes r\u00e9sidant dans la bande de Gaza, accompagn\u00e9s de leurs conjoints palestiniens, sont arriv\u00e9s \u00e0 l\u2019a\u00e9roport de Tunis-Carthage, selon un communiqu\u00e9 du minist\u00e8re des Affaires \u00e9trang\u00e8res, de la Migration et des Tunisiens \u00e0 l\u2019\u00e9tranger.<\/p>\n<p>\t\t\t\t\t\t\t\t\tIls ont exprim\u00e9 leur d\u00e9sir de quitter temporairement la r\u00e9gion en raison de l\u2019agression sioniste sauvage contre le peuple palestinien, en attendant la fin des hostilit\u00e9s.<\/p>\n<p>C\u2019est M. Monji Ben Rjeb, Secr\u00e9taire d\u2019\u00c9tat aupr\u00e8s du ministre des Affaires \u00e9trang\u00e8res, de la Migration et des Tunisiens \u00e0 l\u2019\u00e9tranger, qui les a accueillis \u00e0 l\u2019a\u00e9roport de Tunis-Carthage pour s\u2019assurer de leur bien-\u00eatre et leur offrir un soutien psychologique, en particulier aux enfants, afin d\u2019att\u00e9nuer les cons\u00e9quences de ce qu\u2019ils ont v\u00e9cu r\u00e9cemment en raison des crimes perp\u00e9tr\u00e9s par les forces sionistes d\u2019occupation et des difficult\u00e9s rencontr\u00e9es lors du processus de leur \u00e9vacuation.\u00a0<\/p>\n<p>\u00ab \u00a0Conform\u00e9ment aux instructions du Pr\u00e9sident de la R\u00e9publique visant \u00e0 assurer les op\u00e9rations de l\u2019\u00e9vacuation dans les meilleures conditions, les services centraux du minist\u00e8re, ainsi que nos missions \u00e0 Ramallah et au Caire, ont \u00e9t\u00e9 mobilis\u00e9s pour suivre toutes les \u00e9tapes logistiques et les arrangements n\u00e9cessaires, notamment \u00e0 la sortie du point de passage de Rafah et \u00e0 l\u2019a\u00e9roport du Caire, en coordination avec les autorit\u00e9s \u00e9gyptiennes comp\u00e9tentes \u00bb.\u00a0<\/p>\n<p>\u00ab Une coordination a \u00e9galement \u00e9t\u00e9 \u00e9tablie avec les minist\u00e8res et institutions tunisiens concern\u00e9s, afin de garantir le retour des familles tunisiennes dans les meilleures conditions et de mettre en place toutes les facilit\u00e9s n\u00e9cessaires pour les accueillir et les prendre en charge pendant leur s\u00e9jour temporaire sur le territoire national.<br \/>\nLe minist\u00e8re des Affaires \u00e9trang\u00e8res, de la Migration et des Tunisiens \u00e0 l\u2019\u00e9tranger continue de suivre de pr\u00e8s la situation des Tunisiens en Palestine \u00bb lit-on dans le communiqu\u00e9 du MAE.<\/p>\n","protected":false},"excerpt":{"rendered":"<p>Dans la matin\u00e9e d\u2019aujourd\u2019hui, dimanche le 10 d\u00e9cembre 2023, 57 membres de familles tunisiennes r\u00e9sidant dans la bande de Gaza, accompagn\u00e9s de leurs conjoints p&#8230;<\/p>\n","protected":false},"author":3185,"featured_media":289952,"comment_status":"open","ping_status":"closed","sticky":false,"template":"","format":"standard","meta":{"footnotes":""},"categories":[44],"tags":[9888,9887],"class_list":["post-210699","post","type-post","status-publish","format-standard","has-post-thumbnail","hentry","category-national","tag-retour-a-tunis","tag-familles-tunisiennes-a-gaza"],"yoast_head":"<!-- This site is optimized with the Yoast SEO Premium plugin v27.4 (Yoast SEO v27.4) - https:\/\/yoast.com\/product\/yoast-seo-premium-wordpress\/ -->\n<title>Arriv\u00e9e \u00e0 Tunis de 57 membres de familles tunisiennes r\u00e9sidant \u00e0 Gaza<\/title>\n<meta name=\"description\" content=\"Dans la matin\u00e9e d\u2019aujourd\u2019hui, dimanche le 10 d\u00e9cembre 2023, 57 membres de familles tunisiennes r\u00e9sidant dans la bande de Gaza, accompagn\u00e9s de leurs conjoints p...\" \/>\n<link rel=\"canonical\" href=\"https:\/\/www.webdo.tn\/fr\/actualite\/national\/arrivee-a-tunis-de-57-membres-de-familles-tunisiennes-residant-a-gaza\/210699\/\" \/>\n<meta property=\"og:locale\" content=\"fr_FR\" \/>\n<meta property=\"og:type\" content=\"article\" \/>\n<meta property=\"og:title\" content=\"Arriv\u00e9e \u00e0 Tunis de 57 membres de familles tunisiennes r\u00e9sidant \u00e0 Gaza\" \/>\n<meta property=\"og:description\" content=\"Dans la matin\u00e9e d\u2019aujourd\u2019hui, dimanche le 10 d\u00e9cembre 2023, 57 membres de familles tunisiennes r\u00e9sidant dans la bande de Gaza, accompagn\u00e9s de leurs conjoints p...\" \/>\n<meta property=\"og:url\" content=\"https:\/\/www.webdo.tn\/fr\/actualite\/national\/arrivee-a-tunis-de-57-membres-de-familles-tunisiennes-residant-a-gaza\/210699\/\" \/>\n<meta property=\"og:site_name\" content=\"webdo\" \/>\n<meta property=\"article:publisher\" content=\"https:\/\/www.facebook.com\/webdotn\" \/>\n<meta property=\"article:published_time\" content=\"2023-12-10T11:32:00+00:00\" \/>\n<meta property=\"article:modified_time\" content=\"2025-05-20T22:57:31+00:00\" \/>\n<meta property=\"og:image\" content=\"https:\/\/www.webdo.tn\/fr\/wp-content\/uploads\/2023\/12\/21125927e88bebe58484e5144f3299bc.jpg\" \/>\n\t<meta property=\"og:image:width\" content=\"750\" \/>\n\t<meta property=\"og:image:height\" content=\"400\" \/>\n\t<meta property=\"og:image:type\" content=\"image\/jpeg\" \/>\n<meta name=\"author\" content=\"WDA\" \/>\n<meta name=\"twitter:card\" content=\"summary_large_image\" \/>\n<meta name=\"twitter:creator\" content=\"@webdo_tn\" \/>\n<meta name=\"twitter:site\" content=\"@webdo_tn\" \/>\n<meta name=\"twitter:label1\" content=\"\u00c9crit par\" \/>\n\t<meta name=\"twitter:data1\" content=\"WDA\" \/>\n\t<meta name=\"twitter:label2\" content=\"Dur\u00e9e de lecture estim\u00e9e\" \/>\n\t<meta name=\"twitter:data2\" content=\"2 minutes\" \/>\n<script type=\"application\/ld+json\" class=\"yoast-schema-graph\">{\"@context\":\"https:\\\/\\\/schema.org\",\"@graph\":[{\"@type\":\"NewsArticle\",\"@id\":\"https:\\\/\\\/www.webdo.tn\\\/fr\\\/actualite\\\/national\\\/arrivee-a-tunis-de-57-membres-de-familles-tunisiennes-residant-a-gaza\\\/210699\\\/#article\",\"isPartOf\":{\"@id\":\"https:\\\/\\\/www.webdo.tn\\\/fr\\\/actualite\\\/national\\\/arrivee-a-tunis-de-57-membres-de-familles-tunisiennes-residant-a-gaza\\\/210699\\\/\"},\"author\":{\"name\":\"WDA\",\"@id\":\"https:\\\/\\\/www.webdo.tn\\\/fr\\\/#\\\/schema\\\/person\\\/ae999f6cc68c323955dd7bb23b41f2dd\"},\"headline\":\"Arriv\u00e9e \u00e0 Tunis de 57 membres de familles tunisiennes r\u00e9sidant \u00e0 Gaza\",\"datePublished\":\"2023-12-10T11:32:00+00:00\",\"dateModified\":\"2025-05-20T22:57:31+00:00\",\"mainEntityOfPage\":{\"@id\":\"https:\\\/\\\/www.webdo.tn\\\/fr\\\/actualite\\\/national\\\/arrivee-a-tunis-de-57-membres-de-familles-tunisiennes-residant-a-gaza\\\/210699\\\/\"},\"wordCount\":352,\"commentCount\":0,\"publisher\":{\"@id\":\"https:\\\/\\\/www.webdo.tn\\\/fr\\\/#organization\"},\"image\":{\"@id\":\"https:\\\/\\\/www.webdo.tn\\\/fr\\\/actualite\\\/national\\\/arrivee-a-tunis-de-57-membres-de-familles-tunisiennes-residant-a-gaza\\\/210699\\\/#primaryimage\"},\"thumbnailUrl\":\"https:\\\/\\\/www.webdo.tn\\\/fr\\\/wp-content\\\/uploads\\\/2023\\\/12\\\/21125927e88bebe58484e5144f3299bc.jpg\",\"keywords\":[\"'Retour \u00e0 Tunis']\",\"['Familles tunisiennes \u00e0 Gaza'\"],\"articleSection\":[\"National\"],\"inLanguage\":\"fr-FR\"},{\"@type\":\"WebPage\",\"@id\":\"https:\\\/\\\/www.webdo.tn\\\/fr\\\/actualite\\\/national\\\/arrivee-a-tunis-de-57-membres-de-familles-tunisiennes-residant-a-gaza\\\/210699\\\/\",\"url\":\"https:\\\/\\\/www.webdo.tn\\\/fr\\\/actualite\\\/national\\\/arrivee-a-tunis-de-57-membres-de-familles-tunisiennes-residant-a-gaza\\\/210699\\\/\",\"name\":\"Arriv\u00e9e \u00e0 Tunis de 57 membres de familles tunisiennes r\u00e9sidant \u00e0 Gaza\",\"isPartOf\":{\"@id\":\"https:\\\/\\\/www.webdo.tn\\\/fr\\\/#website\"},\"primaryImageOfPage\":{\"@id\":\"https:\\\/\\\/www.webdo.tn\\\/fr\\\/actualite\\\/national\\\/arrivee-a-tunis-de-57-membres-de-familles-tunisiennes-residant-a-gaza\\\/210699\\\/#primaryimage\"},\"image\":{\"@id\":\"https:\\\/\\\/www.webdo.tn\\\/fr\\\/actualite\\\/national\\\/arrivee-a-tunis-de-57-membres-de-familles-tunisiennes-residant-a-gaza\\\/210699\\\/#primaryimage\"},\"thumbnailUrl\":\"https:\\\/\\\/www.webdo.tn\\\/fr\\\/wp-content\\\/uploads\\\/2023\\\/12\\\/21125927e88bebe58484e5144f3299bc.jpg\",\"datePublished\":\"2023-12-10T11:32:00+00:00\",\"dateModified\":\"2025-05-20T22:57:31+00:00\",\"description\":\"Dans la matin\u00e9e d\u2019aujourd\u2019hui, dimanche le 10 d\u00e9cembre 2023, 57 membres de familles tunisiennes r\u00e9sidant dans la bande de Gaza, accompagn\u00e9s de leurs conjoints p...\",\"breadcrumb\":{\"@id\":\"https:\\\/\\\/www.webdo.tn\\\/fr\\\/actualite\\\/national\\\/arrivee-a-tunis-de-57-membres-de-familles-tunisiennes-residant-a-gaza\\\/210699\\\/#breadcrumb\"},\"inLanguage\":\"fr-FR\",\"potentialAction\":[{\"@type\":\"ReadAction\",\"target\":[\"https:\\\/\\\/www.webdo.tn\\\/fr\\\/actualite\\\/national\\\/arrivee-a-tunis-de-57-membres-de-familles-tunisiennes-residant-a-gaza\\\/210699\\\/\"]}]},{\"@type\":\"ImageObject\",\"inLanguage\":\"fr-FR\",\"@id\":\"https:\\\/\\\/www.webdo.tn\\\/fr\\\/actualite\\\/national\\\/arrivee-a-tunis-de-57-membres-de-familles-tunisiennes-residant-a-gaza\\\/210699\\\/#primaryimage\",\"url\":\"https:\\\/\\\/www.webdo.tn\\\/fr\\\/wp-content\\\/uploads\\\/2023\\\/12\\\/21125927e88bebe58484e5144f3299bc.jpg\",\"contentUrl\":\"https:\\\/\\\/www.webdo.tn\\\/fr\\\/wp-content\\\/uploads\\\/2023\\\/12\\\/21125927e88bebe58484e5144f3299bc.jpg\",\"width\":750,\"height\":400,\"caption\":\"Arriv\u00e9e \u00e0 Tunis de 57 membres de familles tunisiennes r\u00e9sidant \u00e0 Gaza\"},{\"@type\":\"BreadcrumbList\",\"@id\":\"https:\\\/\\\/www.webdo.tn\\\/fr\\\/actualite\\\/national\\\/arrivee-a-tunis-de-57-membres-de-familles-tunisiennes-residant-a-gaza\\\/210699\\\/#breadcrumb\",\"itemListElement\":[{\"@type\":\"ListItem\",\"position\":1,\"name\":\"Accueil\",\"item\":\"https:\\\/\\\/www.webdo.tn\\\/fr\\\/\"},{\"@type\":\"ListItem\",\"position\":2,\"name\":\"Arriv\u00e9e \u00e0 Tunis de 57 membres de familles tunisiennes r\u00e9sidant \u00e0 Gaza\"}]},{\"@type\":\"WebSite\",\"@id\":\"https:\\\/\\\/www.webdo.tn\\\/fr\\\/#website\",\"url\":\"https:\\\/\\\/www.webdo.tn\\\/fr\\\/\",\"name\":\"webdo\",\"description\":\"Tunisie - News en Tunisie et \u00e0 l&#039;international sur Webdo.tn\",\"publisher\":{\"@id\":\"https:\\\/\\\/www.webdo.tn\\\/fr\\\/#organization\"},\"potentialAction\":[{\"@type\":\"SearchAction\",\"target\":{\"@type\":\"EntryPoint\",\"urlTemplate\":\"https:\\\/\\\/www.webdo.tn\\\/fr\\\/?s={search_term_string}\"},\"query-input\":{\"@type\":\"PropertyValueSpecification\",\"valueRequired\":true,\"valueName\":\"search_term_string\"}}],\"inLanguage\":\"fr-FR\"},{\"@type\":\"Organization\",\"@id\":\"https:\\\/\\\/www.webdo.tn\\\/fr\\\/#organization\",\"name\":\"Webdo\",\"alternateName\":\"Webdo.tn\",\"url\":\"https:\\\/\\\/www.webdo.tn\\\/fr\\\/\",\"logo\":{\"@type\":\"ImageObject\",\"inLanguage\":\"fr-FR\",\"@id\":\"https:\\\/\\\/www.webdo.tn\\\/fr\\\/#\\\/schema\\\/logo\\\/image\\\/\",\"url\":\"https:\\\/\\\/www.webdo.tn\\\/fr\\\/wp-content\\\/uploads\\\/2025\\\/06\\\/Webdo-Tunisie_168377.jpg\",\"contentUrl\":\"https:\\\/\\\/www.webdo.tn\\\/fr\\\/wp-content\\\/uploads\\\/2025\\\/06\\\/Webdo-Tunisie_168377.jpg\",\"width\":301,\"height\":301,\"caption\":\"Webdo\"},\"image\":{\"@id\":\"https:\\\/\\\/www.webdo.tn\\\/fr\\\/#\\\/schema\\\/logo\\\/image\\\/\"},\"sameAs\":[\"https:\\\/\\\/www.facebook.com\\\/webdotn\",\"https:\\\/\\\/x.com\\\/webdo_tn\"],\"description\":\"Webdo est un m\u00e9dia num\u00e9rique tunisien fond\u00e9 en 2010, sp\u00e9cialis\u00e9 dans l\u2019actualit\u00e9 nationale et internationale, l\u2019\u00e9conomie, la soci\u00e9t\u00e9 et les analyses politiques. Le site s\u2019adresse \u00e0 un large public francophone et couvre l\u2019information tunisienne en temps r\u00e9el.\",\"email\":\"redac@webdo.tn\",\"legalName\":\"YNJ SARL\",\"foundingDate\":\"2010-09-06\",\"numberOfEmployees\":{\"@type\":\"QuantitativeValue\",\"minValue\":\"11\",\"maxValue\":\"50\"}},{\"@type\":\"Person\",\"@id\":\"https:\\\/\\\/www.webdo.tn\\\/fr\\\/#\\\/schema\\\/person\\\/ae999f6cc68c323955dd7bb23b41f2dd\",\"name\":\"WDA\",\"image\":{\"@type\":\"ImageObject\",\"inLanguage\":\"fr-FR\",\"@id\":\"https:\\\/\\\/secure.gravatar.com\\\/avatar\\\/008e9c4da3bbf467e76fbd05ea8a140d6f047be3ff32b495e3a42ecd99d95622?s=96&d=mm&r=g\",\"url\":\"https:\\\/\\\/secure.gravatar.com\\\/avatar\\\/008e9c4da3bbf467e76fbd05ea8a140d6f047be3ff32b495e3a42ecd99d95622?s=96&d=mm&r=g\",\"contentUrl\":\"https:\\\/\\\/secure.gravatar.com\\\/avatar\\\/008e9c4da3bbf467e76fbd05ea8a140d6f047be3ff32b495e3a42ecd99d95622?s=96&d=mm&r=g\",\"caption\":\"WDA\"},\"url\":\"https:\\\/\\\/www.webdo.tn\\\/fr\\\/actualite\\\/author\\\/wda\\\/\"}]}<\/script>\n<!-- \/ Yoast SEO Premium plugin. -->","yoast_head_json":{"title":"Arriv\u00e9e \u00e0 Tunis de 57 membres de familles tunisiennes r\u00e9sidant \u00e0 Gaza","description":"Dans la matin\u00e9e d\u2019aujourd\u2019hui, dimanche le 10 d\u00e9cembre 2023, 57 membres de familles tunisiennes r\u00e9sidant dans la bande de Gaza, accompagn\u00e9s de leurs conjoints p...","canonical":"https:\/\/www.webdo.tn\/fr\/actualite\/national\/arrivee-a-tunis-de-57-membres-de-familles-tunisiennes-residant-a-gaza\/210699\/","og_locale":"fr_FR","og_type":"article","og_title":"Arriv\u00e9e \u00e0 Tunis de 57 membres de familles tunisiennes r\u00e9sidant \u00e0 Gaza","og_description":"Dans la matin\u00e9e d\u2019aujourd\u2019hui, dimanche le 10 d\u00e9cembre 2023, 57 membres de familles tunisiennes r\u00e9sidant dans la bande de Gaza, accompagn\u00e9s de leurs conjoints p...","og_url":"https:\/\/www.webdo.tn\/fr\/actualite\/national\/arrivee-a-tunis-de-57-membres-de-familles-tunisiennes-residant-a-gaza\/210699\/","og_site_name":"webdo","article_publisher":"https:\/\/www.facebook.com\/webdotn","article_published_time":"2023-12-10T11:32:00+00:00","article_modified_time":"2025-05-20T22:57:31+00:00","og_image":[{"width":750,"height":400,"url":"https:\/\/www.webdo.tn\/fr\/wp-content\/uploads\/2023\/12\/21125927e88bebe58484e5144f3299bc.jpg","type":"image\/jpeg"}],"author":"WDA","twitter_card":"summary_large_image","twitter_creator":"@webdo_tn","twitter_site":"@webdo_tn","twitter_misc":{"\u00c9crit par":"WDA","Dur\u00e9e de lecture estim\u00e9e":"2 minutes"},"schema":{"@context":"https:\/\/schema.org","@graph":[{"@type":"NewsArticle","@id":"https:\/\/www.webdo.tn\/fr\/actualite\/national\/arrivee-a-tunis-de-57-membres-de-familles-tunisiennes-residant-a-gaza\/210699\/#article","isPartOf":{"@id":"https:\/\/www.webdo.tn\/fr\/actualite\/national\/arrivee-a-tunis-de-57-membres-de-familles-tunisiennes-residant-a-gaza\/210699\/"},"author":{"name":"WDA","@id":"https:\/\/www.webdo.tn\/fr\/#\/schema\/person\/ae999f6cc68c323955dd7bb23b41f2dd"},"headline":"Arriv\u00e9e \u00e0 Tunis de 57 membres de familles tunisiennes r\u00e9sidant \u00e0 Gaza","datePublished":"2023-12-10T11:32:00+00:00","dateModified":"2025-05-20T22:57:31+00:00","mainEntityOfPage":{"@id":"https:\/\/www.webdo.tn\/fr\/actualite\/national\/arrivee-a-tunis-de-57-membres-de-familles-tunisiennes-residant-a-gaza\/210699\/"},"wordCount":352,"commentCount":0,"publisher":{"@id":"https:\/\/www.webdo.tn\/fr\/#organization"},"image":{"@id":"https:\/\/www.webdo.tn\/fr\/actualite\/national\/arrivee-a-tunis-de-57-membres-de-familles-tunisiennes-residant-a-gaza\/210699\/#primaryimage"},"thumbnailUrl":"https:\/\/www.webdo.tn\/fr\/wp-content\/uploads\/2023\/12\/21125927e88bebe58484e5144f3299bc.jpg","keywords":["'Retour \u00e0 Tunis']","['Familles tunisiennes \u00e0 Gaza'"],"articleSection":["National"],"inLanguage":"fr-FR"},{"@type":"WebPage","@id":"https:\/\/www.webdo.tn\/fr\/actualite\/national\/arrivee-a-tunis-de-57-membres-de-familles-tunisiennes-residant-a-gaza\/210699\/","url":"https:\/\/www.webdo.tn\/fr\/actualite\/national\/arrivee-a-tunis-de-57-membres-de-familles-tunisiennes-residant-a-gaza\/210699\/","name":"Arriv\u00e9e \u00e0 Tunis de 57 membres de familles tunisiennes r\u00e9sidant \u00e0 Gaza","isPartOf":{"@id":"https:\/\/www.webdo.tn\/fr\/#website"},"primaryImageOfPage":{"@id":"https:\/\/www.webdo.tn\/fr\/actualite\/national\/arrivee-a-tunis-de-57-membres-de-familles-tunisiennes-residant-a-gaza\/210699\/#primaryimage"},"image":{"@id":"https:\/\/www.webdo.tn\/fr\/actualite\/national\/arrivee-a-tunis-de-57-membres-de-familles-tunisiennes-residant-a-gaza\/210699\/#primaryimage"},"thumbnailUrl":"https:\/\/www.webdo.tn\/fr\/wp-content\/uploads\/2023\/12\/21125927e88bebe58484e5144f3299bc.jpg","datePublished":"2023-12-10T11:32:00+00:00","dateModified":"2025-05-20T22:57:31+00:00","description":"Dans la matin\u00e9e d\u2019aujourd\u2019hui, dimanche le 10 d\u00e9cembre 2023, 57 membres de familles tunisiennes r\u00e9sidant dans la bande de Gaza, accompagn\u00e9s de leurs conjoints p...","breadcrumb":{"@id":"https:\/\/www.webdo.tn\/fr\/actualite\/national\/arrivee-a-tunis-de-57-membres-de-familles-tunisiennes-residant-a-gaza\/210699\/#breadcrumb"},"inLanguage":"fr-FR","potentialAction":[{"@type":"ReadAction","target":["https:\/\/www.webdo.tn\/fr\/actualite\/national\/arrivee-a-tunis-de-57-membres-de-familles-tunisiennes-residant-a-gaza\/210699\/"]}]},{"@type":"ImageObject","inLanguage":"fr-FR","@id":"https:\/\/www.webdo.tn\/fr\/actualite\/national\/arrivee-a-tunis-de-57-membres-de-familles-tunisiennes-residant-a-gaza\/210699\/#primaryimage","url":"https:\/\/www.webdo.tn\/fr\/wp-content\/uploads\/2023\/12\/21125927e88bebe58484e5144f3299bc.jpg","contentUrl":"https:\/\/www.webdo.tn\/fr\/wp-content\/uploads\/2023\/12\/21125927e88bebe58484e5144f3299bc.jpg","width":750,"height":400,"caption":"Arriv\u00e9e \u00e0 Tunis de 57 membres de familles tunisiennes r\u00e9sidant \u00e0 Gaza"},{"@type":"BreadcrumbList","@id":"https:\/\/www.webdo.tn\/fr\/actualite\/national\/arrivee-a-tunis-de-57-membres-de-familles-tunisiennes-residant-a-gaza\/210699\/#breadcrumb","itemListElement":[{"@type":"ListItem","position":1,"name":"Accueil","item":"https:\/\/www.webdo.tn\/fr\/"},{"@type":"ListItem","position":2,"name":"Arriv\u00e9e \u00e0 Tunis de 57 membres de familles tunisiennes r\u00e9sidant \u00e0 Gaza"}]},{"@type":"WebSite","@id":"https:\/\/www.webdo.tn\/fr\/#website","url":"https:\/\/www.webdo.tn\/fr\/","name":"webdo","description":"Tunisie - News en Tunisie et \u00e0 l&#039;international sur Webdo.tn","publisher":{"@id":"https:\/\/www.webdo.tn\/fr\/#organization"},"potentialAction":[{"@type":"SearchAction","target":{"@type":"EntryPoint","urlTemplate":"https:\/\/www.webdo.tn\/fr\/?s={search_term_string}"},"query-input":{"@type":"PropertyValueSpecification","valueRequired":true,"valueName":"search_term_string"}}],"inLanguage":"fr-FR"},{"@type":"Organization","@id":"https:\/\/www.webdo.tn\/fr\/#organization","name":"Webdo","alternateName":"Webdo.tn","url":"https:\/\/www.webdo.tn\/fr\/","logo":{"@type":"ImageObject","inLanguage":"fr-FR","@id":"https:\/\/www.webdo.tn\/fr\/#\/schema\/logo\/image\/","url":"https:\/\/www.webdo.tn\/fr\/wp-content\/uploads\/2025\/06\/Webdo-Tunisie_168377.jpg","contentUrl":"https:\/\/www.webdo.tn\/fr\/wp-content\/uploads\/2025\/06\/Webdo-Tunisie_168377.jpg","width":301,"height":301,"caption":"Webdo"},"image":{"@id":"https:\/\/www.webdo.tn\/fr\/#\/schema\/logo\/image\/"},"sameAs":["https:\/\/www.facebook.com\/webdotn","https:\/\/x.com\/webdo_tn"],"description":"Webdo est un m\u00e9dia num\u00e9rique tunisien fond\u00e9 en 2010, sp\u00e9cialis\u00e9 dans l\u2019actualit\u00e9 nationale et internationale, l\u2019\u00e9conomie, la soci\u00e9t\u00e9 et les analyses politiques. Le site s\u2019adresse \u00e0 un large public francophone et couvre l\u2019information tunisienne en temps r\u00e9el.","email":"redac@webdo.tn","legalName":"YNJ SARL","foundingDate":"2010-09-06","numberOfEmployees":{"@type":"QuantitativeValue","minValue":"11","maxValue":"50"}},{"@type":"Person","@id":"https:\/\/www.webdo.tn\/fr\/#\/schema\/person\/ae999f6cc68c323955dd7bb23b41f2dd","name":"WDA","image":{"@type":"ImageObject","inLanguage":"fr-FR","@id":"https:\/\/secure.gravatar.com\/avatar\/008e9c4da3bbf467e76fbd05ea8a140d6f047be3ff32b495e3a42ecd99d95622?s=96&d=mm&r=g","url":"https:\/\/secure.gravatar.com\/avatar\/008e9c4da3bbf467e76fbd05ea8a140d6f047be3ff32b495e3a42ecd99d95622?s=96&d=mm&r=g","contentUrl":"https:\/\/secure.gravatar.com\/avatar\/008e9c4da3bbf467e76fbd05ea8a140d6f047be3ff32b495e3a42ecd99d95622?s=96&d=mm&r=g","caption":"WDA"},"url":"https:\/\/www.webdo.tn\/fr\/actualite\/author\/wda\/"}]}},"_links":{"self":[{"href":"https:\/\/www.webdo.tn\/fr\/wp-json\/wp\/v2\/posts\/210699","targetHints":{"allow":["GET"]}}],"collection":[{"href":"https:\/\/www.webdo.tn\/fr\/wp-json\/wp\/v2\/posts"}],"about":[{"href":"https:\/\/www.webdo.tn\/fr\/wp-json\/wp\/v2\/types\/post"}],"author":[{"embeddable":true,"href":"https:\/\/www.webdo.tn\/fr\/wp-json\/wp\/v2\/users\/3185"}],"replies":[{"embeddable":true,"href":"https:\/\/www.webdo.tn\/fr\/wp-json\/wp\/v2\/comments?post=210699"}],"version-history":[{"count":0,"href":"https:\/\/www.webdo.tn\/fr\/wp-json\/wp\/v2\/posts\/210699\/revisions"}],"wp:featuredmedia":[{"embeddable":true,"href":"https:\/\/www.webdo.tn\/fr\/wp-json\/wp\/v2\/media\/289952"}],"wp:attachment":[{"href":"https:\/\/www.webdo.tn\/fr\/wp-json\/wp\/v2\/media?parent=210699"}],"wp:term":[{"taxonomy":"category","embeddable":true,"href":"https:\/\/www.webdo.tn\/fr\/wp-json\/wp\/v2\/categories?post=210699"},{"taxonomy":"post_tag","embeddable":true,"href":"https:\/\/www.webdo.tn\/fr\/wp-json\/wp\/v2\/tags?post=210699"}],"curies":[{"name":"wp","href":"https:\/\/api.w.org\/{rel}","templated":true}]}}