{"id":210695,"date":"2023-12-09T12:21:00","date_gmt":"2023-12-09T12:21:00","guid":{"rendered":"https:\/\/www.webdo.tn\/fr\/blog\/enieme-report-pour-l-examen-de-l-affaire-omar-laabidi\/210695\/"},"modified":"2025-05-20T22:11:00","modified_gmt":"2025-05-20T22:11:00","slug":"enieme-report-pour-l-examen-de-l-affaire-omar-laabidi","status":"publish","type":"post","link":"https:\/\/www.webdo.tn\/fr\/actualite\/national\/enieme-report-pour-l-examen-de-l-affaire-omar-laabidi\/210695\/","title":{"rendered":"Eni\u00e8me report pour l\u2019examen de l\u2019affaire Omar Laabidi"},"content":{"rendered":"<p>L\u2019examen de l\u2019affaire Omar Laabidi, est toujours attendu, plus de cinq ans apr\u00e8s le d\u00e9c\u00e8s, le 31 mars 2018 du jeune supporter clubiste \u00e0 l\u2019\u00e2ge de 19 ans.<\/p>\n<p>\t\t\t\t\t\t\t\t\tSuite \u00e0 la requ\u00eate de l\u2019un des avocats des accus\u00e9s, le 22 septembre dernier, la chambre p\u00e9nale pr\u00e8s la Cour d\u2019Appel de Tunis avait d\u00e9cid\u00e9 de reporter au 8 d\u00e9cembre l\u2019examen de l\u2019affaire de la noyade du jeune supporter du Club Africain Omar Laabidi \u00e0 Oued Meliane.<\/p>\n<p>Il convient de rappeler que 12 agents s\u00e9curitaires accus\u00e9s dans le cadre de cette affaire ont \u00e9t\u00e9 condamn\u00e9s, le 3 novembre 2022, \u00e0 deux ans de prison pour homicide involontaire et non-assistance \u00e0 personne en danger. Un non-lieu avait, par ailleurs, \u00e9t\u00e9 prononc\u00e9 en faveur de deux autres s\u00e9curitaires.<\/p>\n<p>Le Comit\u00e9 de d\u00e9fense d\u2019Omar Laabidi avait alors interjet\u00e9 appel sur la base que les s\u00e9curitaires condamn\u00e9s ont \u00e9t\u00e9 accus\u00e9s d&rsquo;homicide involontaire alors que le Comit\u00e9 avait appel\u00e9 \u00e0 les juger pour \u00a0non-assistance \u00e0 personne en danger, pr\u00e9cisant que la peine dans ce cas pourrait aller jusqu&rsquo;\u00e0 5 ans de prison.<\/p>\n<p>La chambre p\u00e9nale pr\u00e8s la Cour d\u2019Appel de Tunis a donc d\u00e9cid\u00e9, un \u00e9ni\u00e8me report de l&rsquo;examen de l&rsquo;affaire li\u00e9e \u00e0 ce d\u00e9c\u00e8s. Dans l&rsquo;attente des examens finaux du m\u00e9decin l\u00e9giste notamment, celui-ci a \u00e9t\u00e9 report\u00e9 au 16 f\u00e9vrier 2024.<\/p>\n<p>En marge du verdict de la Chambre criminelle aupr\u00e8s du Tribunal de Ben Arous, qui a condamn\u00e9 \u00e0 deux ans de prison, douze s\u00e9curitaires, impliqu\u00e9s dans la mort du supporter du Club africain, pour homicide involontaire, le comit\u00e9 de d\u00e9fense avait d\u00e9cid\u00e9 de faire appel.<\/p>\n<p>Le 3 novembre 2022, la Chambre criminelle aupr\u00e8s du Tribunal de Ben Arous a condamn\u00e9 \u00e0 deux ans de prison, douze s\u00e9curitaires, impliqu\u00e9s dans la mort d&rsquo;Omar Laabidi pour homicide involontaire alors qu\u2019un un non-lieu a \u00e9t\u00e9 prononc\u00e9 en faveur de deux autres pr\u00e9venus.\u00a0Il convient de rappeler que 12 agents s\u00e9curitaires accus\u00e9s dans le cadre de cette affaire restent en \u00e9tat de libert\u00e9.<\/p>\n<p>Omar Laabidi est d\u00e9c\u00e9d\u00e9 le 31 mars 2018 \u00e0 l\u2019\u00e2ge de 19 ans \u00e0 l\u2019issue de la rencontre de Ligue 1 ayant oppos\u00e9 le Club Africain \u00e0 l\u2019Olympique de M\u00e9denine \u00e0 Rades et a \u00e9t\u00e9 rep\u00each\u00e9 le lendemain du oued Meliane.<\/p>\n<p>Il \u00e9tait tomb\u00e9 dans l\u2019oued suite \u00e0 une bagarre entre deux groupes de supporters dans les gradins en tentant de fuir les forces de l\u2019ordre qui sont intervenues pour s\u00e9parer les deux groupes bellig\u00e9rants et les ont pourchass\u00e9s jusqu\u2019\u00e0 l\u2019ext\u00e9rieur du stade. Malgr\u00e9 les recherches lanc\u00e9es le supporter \u00e9tait port\u00e9 disparu et son corps n\u2019avait \u00e9t\u00e9 retrouv\u00e9 que le lendemain, le 1er avril 2018.<\/p>\n<p>En juillet 2018, Ma\u00eetre Toumi Ben Farhat, r\u00e9v\u00e9lait que les deux rapports des m\u00e9decins l\u00e9gistes confirmaient qu\u2019Omar Laabidi avait \u00e9t\u00e9 agress\u00e9 physiquement avant de mourir noy\u00e9, \u00e9voquant des coups de matraque, qu\u2019aurait re\u00e7us le jeune homme.<\/p>\n<p>Rappelons que selon la version de son fr\u00e8re qui avait fait des d\u00e9clarations \u00e0 plusieurs m\u00e9dias, \u00ab les policiers pourchassaient des supporters aux environs du stade de Rades et ont forc\u00e9 Omar \u00e0 sauter dans l\u2019oued \u00bb, indiquant au passage que plusieurs amis de son d\u00e9funt fr\u00e8re ont \u00e9t\u00e9 t\u00e9moins des faits et qu\u2019une personne a m\u00eame film\u00e9 la sc\u00e8ne mais a \u00e9t\u00e9 forc\u00e9e par les policiers de supprimer la vid\u00e9o prise.<\/p>\n<p>\u00ab Mon fr\u00e8re s\u2019est rendu, les policiers l\u2019ont battu et l\u2019ont pouss\u00e9 \u00e0 sauter dans l\u2019oued alors qu\u2019Omar leur avait dit qu\u2019il ne savait pas nager\u2026 \u00bb, a-t-il dit et d\u2019ajouter que \u00ab le policier lui a r\u00e9pondu : vas-y apprends \u00e0 nager \u00bb.<\/p>\n","protected":false},"excerpt":{"rendered":"<p>La chambre p\u00e9nale pr\u00e8s la Cour d\u2019Appel de Tunis a d\u00e9cid\u00e9, un \u00e9ni\u00e8me report de l&rsquo;examen de l&rsquo;affaire li\u00e9e \u00e0 ce d\u00e9c\u00e8s.<\/p>\n","protected":false},"author":3162,"featured_media":289950,"comment_status":"open","ping_status":"closed","sticky":false,"template":"","format":"standard","meta":{"footnotes":""},"categories":[44],"tags":[3101,2619,6213],"class_list":["post-210695","post","type-post","status-publish","format-standard","has-post-thumbnail","hentry","category-national","tag-club-africain","tag-justice","tag-omar-laabidi"],"yoast_head":"<!-- This site is optimized with the Yoast SEO Premium plugin v27.4 (Yoast SEO v27.5) - https:\/\/yoast.com\/product\/yoast-seo-premium-wordpress\/ -->\n<title>Eni\u00e8me report pour l\u2019examen de l\u2019affaire Omar Laabidi<\/title>\n<meta name=\"description\" content=\"La chambre p\u00e9nale pr\u00e8s la Cour d\u2019Appel de Tunis a d\u00e9cid\u00e9, un \u00e9ni\u00e8me report de l&#039;examen de l&#039;affaire li\u00e9e \u00e0 ce d\u00e9c\u00e8s.\" \/>\n<link rel=\"canonical\" href=\"https:\/\/www.webdo.tn\/fr\/actualite\/national\/enieme-report-pour-l-examen-de-l-affaire-omar-laabidi\/210695\/\" \/>\n<meta property=\"og:locale\" content=\"fr_FR\" \/>\n<meta property=\"og:type\" content=\"article\" \/>\n<meta property=\"og:title\" content=\"Eni\u00e8me report pour l\u2019examen de l\u2019affaire Omar Laabidi\" \/>\n<meta property=\"og:description\" content=\"La chambre p\u00e9nale pr\u00e8s la Cour d\u2019Appel de Tunis a d\u00e9cid\u00e9, un \u00e9ni\u00e8me report de l&#039;examen de l&#039;affaire li\u00e9e \u00e0 ce d\u00e9c\u00e8s.\" \/>\n<meta property=\"og:url\" content=\"https:\/\/www.webdo.tn\/fr\/actualite\/national\/enieme-report-pour-l-examen-de-l-affaire-omar-laabidi\/210695\/\" \/>\n<meta property=\"og:site_name\" content=\"webdo\" \/>\n<meta property=\"article:publisher\" content=\"https:\/\/www.facebook.com\/webdotn\" \/>\n<meta property=\"article:published_time\" content=\"2023-12-09T12:21:00+00:00\" \/>\n<meta property=\"article:modified_time\" content=\"2025-05-20T22:11:00+00:00\" \/>\n<meta property=\"og:image\" content=\"https:\/\/www.webdo.tn\/fr\/wp-content\/uploads\/2023\/12\/08b8a7d51b4106447719296aaa597da1.jpg\" \/>\n\t<meta property=\"og:image:width\" content=\"750\" \/>\n\t<meta property=\"og:image:height\" content=\"400\" \/>\n\t<meta property=\"og:image:type\" content=\"image\/jpeg\" \/>\n<meta name=\"author\" content=\"MC\" \/>\n<meta name=\"twitter:card\" content=\"summary_large_image\" \/>\n<meta name=\"twitter:creator\" content=\"@webdo_tn\" \/>\n<meta name=\"twitter:site\" content=\"@webdo_tn\" \/>\n<meta name=\"twitter:label1\" content=\"\u00c9crit par\" \/>\n\t<meta name=\"twitter:data1\" content=\"MC\" \/>\n\t<meta name=\"twitter:label2\" content=\"Dur\u00e9e de lecture estim\u00e9e\" \/>\n\t<meta name=\"twitter:data2\" content=\"3 minutes\" \/>\n<script type=\"application\/ld+json\" class=\"yoast-schema-graph\">{\"@context\":\"https:\\\/\\\/schema.org\",\"@graph\":[{\"@type\":\"NewsArticle\",\"@id\":\"https:\\\/\\\/www.webdo.tn\\\/fr\\\/actualite\\\/national\\\/enieme-report-pour-l-examen-de-l-affaire-omar-laabidi\\\/210695\\\/#article\",\"isPartOf\":{\"@id\":\"https:\\\/\\\/www.webdo.tn\\\/fr\\\/actualite\\\/national\\\/enieme-report-pour-l-examen-de-l-affaire-omar-laabidi\\\/210695\\\/\"},\"author\":{\"name\":\"MC\",\"@id\":\"https:\\\/\\\/www.webdo.tn\\\/fr\\\/#\\\/schema\\\/person\\\/2c4929cbf5a809e3bd38617c6ce150f6\"},\"headline\":\"Eni\u00e8me report pour l\u2019examen de l\u2019affaire Omar Laabidi\",\"datePublished\":\"2023-12-09T12:21:00+00:00\",\"dateModified\":\"2025-05-20T22:11:00+00:00\",\"mainEntityOfPage\":{\"@id\":\"https:\\\/\\\/www.webdo.tn\\\/fr\\\/actualite\\\/national\\\/enieme-report-pour-l-examen-de-l-affaire-omar-laabidi\\\/210695\\\/\"},\"wordCount\":645,\"commentCount\":0,\"publisher\":{\"@id\":\"https:\\\/\\\/www.webdo.tn\\\/fr\\\/#organization\"},\"image\":{\"@id\":\"https:\\\/\\\/www.webdo.tn\\\/fr\\\/actualite\\\/national\\\/enieme-report-pour-l-examen-de-l-affaire-omar-laabidi\\\/210695\\\/#primaryimage\"},\"thumbnailUrl\":\"https:\\\/\\\/www.webdo.tn\\\/fr\\\/wp-content\\\/uploads\\\/2023\\\/12\\\/08b8a7d51b4106447719296aaa597da1.jpg\",\"keywords\":[\"Club Africain\",\"justice\",\"omar laabidi\"],\"articleSection\":[\"National\"],\"inLanguage\":\"fr-FR\"},{\"@type\":\"WebPage\",\"@id\":\"https:\\\/\\\/www.webdo.tn\\\/fr\\\/actualite\\\/national\\\/enieme-report-pour-l-examen-de-l-affaire-omar-laabidi\\\/210695\\\/\",\"url\":\"https:\\\/\\\/www.webdo.tn\\\/fr\\\/actualite\\\/national\\\/enieme-report-pour-l-examen-de-l-affaire-omar-laabidi\\\/210695\\\/\",\"name\":\"Eni\u00e8me report pour l\u2019examen de l\u2019affaire Omar Laabidi\",\"isPartOf\":{\"@id\":\"https:\\\/\\\/www.webdo.tn\\\/fr\\\/#website\"},\"primaryImageOfPage\":{\"@id\":\"https:\\\/\\\/www.webdo.tn\\\/fr\\\/actualite\\\/national\\\/enieme-report-pour-l-examen-de-l-affaire-omar-laabidi\\\/210695\\\/#primaryimage\"},\"image\":{\"@id\":\"https:\\\/\\\/www.webdo.tn\\\/fr\\\/actualite\\\/national\\\/enieme-report-pour-l-examen-de-l-affaire-omar-laabidi\\\/210695\\\/#primaryimage\"},\"thumbnailUrl\":\"https:\\\/\\\/www.webdo.tn\\\/fr\\\/wp-content\\\/uploads\\\/2023\\\/12\\\/08b8a7d51b4106447719296aaa597da1.jpg\",\"datePublished\":\"2023-12-09T12:21:00+00:00\",\"dateModified\":\"2025-05-20T22:11:00+00:00\",\"description\":\"La chambre p\u00e9nale pr\u00e8s la Cour d\u2019Appel de Tunis a d\u00e9cid\u00e9, un \u00e9ni\u00e8me report de l'examen de l'affaire li\u00e9e \u00e0 ce d\u00e9c\u00e8s.\",\"breadcrumb\":{\"@id\":\"https:\\\/\\\/www.webdo.tn\\\/fr\\\/actualite\\\/national\\\/enieme-report-pour-l-examen-de-l-affaire-omar-laabidi\\\/210695\\\/#breadcrumb\"},\"inLanguage\":\"fr-FR\",\"potentialAction\":[{\"@type\":\"ReadAction\",\"target\":[\"https:\\\/\\\/www.webdo.tn\\\/fr\\\/actualite\\\/national\\\/enieme-report-pour-l-examen-de-l-affaire-omar-laabidi\\\/210695\\\/\"]}]},{\"@type\":\"ImageObject\",\"inLanguage\":\"fr-FR\",\"@id\":\"https:\\\/\\\/www.webdo.tn\\\/fr\\\/actualite\\\/national\\\/enieme-report-pour-l-examen-de-l-affaire-omar-laabidi\\\/210695\\\/#primaryimage\",\"url\":\"https:\\\/\\\/www.webdo.tn\\\/fr\\\/wp-content\\\/uploads\\\/2023\\\/12\\\/08b8a7d51b4106447719296aaa597da1.jpg\",\"contentUrl\":\"https:\\\/\\\/www.webdo.tn\\\/fr\\\/wp-content\\\/uploads\\\/2023\\\/12\\\/08b8a7d51b4106447719296aaa597da1.jpg\",\"width\":750,\"height\":400,\"caption\":\"Eni\u00e8me report pour l\u2019examen de l\u2019affaire Omar Laabidi\"},{\"@type\":\"BreadcrumbList\",\"@id\":\"https:\\\/\\\/www.webdo.tn\\\/fr\\\/actualite\\\/national\\\/enieme-report-pour-l-examen-de-l-affaire-omar-laabidi\\\/210695\\\/#breadcrumb\",\"itemListElement\":[{\"@type\":\"ListItem\",\"position\":1,\"name\":\"Accueil\",\"item\":\"https:\\\/\\\/www.webdo.tn\\\/fr\\\/\"},{\"@type\":\"ListItem\",\"position\":2,\"name\":\"Eni\u00e8me report pour l\u2019examen de l\u2019affaire Omar Laabidi\"}]},{\"@type\":\"WebSite\",\"@id\":\"https:\\\/\\\/www.webdo.tn\\\/fr\\\/#website\",\"url\":\"https:\\\/\\\/www.webdo.tn\\\/fr\\\/\",\"name\":\"webdo\",\"description\":\"Tunisie - News en Tunisie et \u00e0 l&#039;international sur Webdo.tn\",\"publisher\":{\"@id\":\"https:\\\/\\\/www.webdo.tn\\\/fr\\\/#organization\"},\"potentialAction\":[{\"@type\":\"SearchAction\",\"target\":{\"@type\":\"EntryPoint\",\"urlTemplate\":\"https:\\\/\\\/www.webdo.tn\\\/fr\\\/?s={search_term_string}\"},\"query-input\":{\"@type\":\"PropertyValueSpecification\",\"valueRequired\":true,\"valueName\":\"search_term_string\"}}],\"inLanguage\":\"fr-FR\"},{\"@type\":\"Organization\",\"@id\":\"https:\\\/\\\/www.webdo.tn\\\/fr\\\/#organization\",\"name\":\"Webdo\",\"alternateName\":\"Webdo.tn\",\"url\":\"https:\\\/\\\/www.webdo.tn\\\/fr\\\/\",\"logo\":{\"@type\":\"ImageObject\",\"inLanguage\":\"fr-FR\",\"@id\":\"https:\\\/\\\/www.webdo.tn\\\/fr\\\/#\\\/schema\\\/logo\\\/image\\\/\",\"url\":\"https:\\\/\\\/www.webdo.tn\\\/fr\\\/wp-content\\\/uploads\\\/2025\\\/06\\\/Webdo-Tunisie_168377.jpg\",\"contentUrl\":\"https:\\\/\\\/www.webdo.tn\\\/fr\\\/wp-content\\\/uploads\\\/2025\\\/06\\\/Webdo-Tunisie_168377.jpg\",\"width\":301,\"height\":301,\"caption\":\"Webdo\"},\"image\":{\"@id\":\"https:\\\/\\\/www.webdo.tn\\\/fr\\\/#\\\/schema\\\/logo\\\/image\\\/\"},\"sameAs\":[\"https:\\\/\\\/www.facebook.com\\\/webdotn\",\"https:\\\/\\\/x.com\\\/webdo_tn\"],\"description\":\"Webdo est un m\u00e9dia num\u00e9rique tunisien fond\u00e9 en 2010, sp\u00e9cialis\u00e9 dans l\u2019actualit\u00e9 nationale et internationale, l\u2019\u00e9conomie, la soci\u00e9t\u00e9 et les analyses politiques. Le site s\u2019adresse \u00e0 un large public francophone et couvre l\u2019information tunisienne en temps r\u00e9el.\",\"email\":\"redac@webdo.tn\",\"legalName\":\"YNJ SARL\",\"foundingDate\":\"2010-09-06\",\"numberOfEmployees\":{\"@type\":\"QuantitativeValue\",\"minValue\":\"11\",\"maxValue\":\"50\"}},{\"@type\":\"Person\",\"@id\":\"https:\\\/\\\/www.webdo.tn\\\/fr\\\/#\\\/schema\\\/person\\\/2c4929cbf5a809e3bd38617c6ce150f6\",\"name\":\"MC\",\"image\":{\"@type\":\"ImageObject\",\"inLanguage\":\"fr-FR\",\"@id\":\"https:\\\/\\\/secure.gravatar.com\\\/avatar\\\/a545bbb6f84efdd5553dbbc2895e3ca8f1d12c5215e00a041c9670b54aa9b18a?s=96&d=mm&r=g\",\"url\":\"https:\\\/\\\/secure.gravatar.com\\\/avatar\\\/a545bbb6f84efdd5553dbbc2895e3ca8f1d12c5215e00a041c9670b54aa9b18a?s=96&d=mm&r=g\",\"contentUrl\":\"https:\\\/\\\/secure.gravatar.com\\\/avatar\\\/a545bbb6f84efdd5553dbbc2895e3ca8f1d12c5215e00a041c9670b54aa9b18a?s=96&d=mm&r=g\",\"caption\":\"MC\"},\"url\":\"https:\\\/\\\/www.webdo.tn\\\/fr\\\/actualite\\\/author\\\/mc\\\/\"}]}<\/script>\n<!-- \/ Yoast SEO Premium plugin. -->","yoast_head_json":{"title":"Eni\u00e8me report pour l\u2019examen de l\u2019affaire Omar Laabidi","description":"La chambre p\u00e9nale pr\u00e8s la Cour d\u2019Appel de Tunis a d\u00e9cid\u00e9, un \u00e9ni\u00e8me report de l'examen de l'affaire li\u00e9e \u00e0 ce d\u00e9c\u00e8s.","canonical":"https:\/\/www.webdo.tn\/fr\/actualite\/national\/enieme-report-pour-l-examen-de-l-affaire-omar-laabidi\/210695\/","og_locale":"fr_FR","og_type":"article","og_title":"Eni\u00e8me report pour l\u2019examen de l\u2019affaire Omar Laabidi","og_description":"La chambre p\u00e9nale pr\u00e8s la Cour d\u2019Appel de Tunis a d\u00e9cid\u00e9, un \u00e9ni\u00e8me report de l'examen de l'affaire li\u00e9e \u00e0 ce d\u00e9c\u00e8s.","og_url":"https:\/\/www.webdo.tn\/fr\/actualite\/national\/enieme-report-pour-l-examen-de-l-affaire-omar-laabidi\/210695\/","og_site_name":"webdo","article_publisher":"https:\/\/www.facebook.com\/webdotn","article_published_time":"2023-12-09T12:21:00+00:00","article_modified_time":"2025-05-20T22:11:00+00:00","og_image":[{"width":750,"height":400,"url":"https:\/\/www.webdo.tn\/fr\/wp-content\/uploads\/2023\/12\/08b8a7d51b4106447719296aaa597da1.jpg","type":"image\/jpeg"}],"author":"MC","twitter_card":"summary_large_image","twitter_creator":"@webdo_tn","twitter_site":"@webdo_tn","twitter_misc":{"\u00c9crit par":"MC","Dur\u00e9e de lecture estim\u00e9e":"3 minutes"},"schema":{"@context":"https:\/\/schema.org","@graph":[{"@type":"NewsArticle","@id":"https:\/\/www.webdo.tn\/fr\/actualite\/national\/enieme-report-pour-l-examen-de-l-affaire-omar-laabidi\/210695\/#article","isPartOf":{"@id":"https:\/\/www.webdo.tn\/fr\/actualite\/national\/enieme-report-pour-l-examen-de-l-affaire-omar-laabidi\/210695\/"},"author":{"name":"MC","@id":"https:\/\/www.webdo.tn\/fr\/#\/schema\/person\/2c4929cbf5a809e3bd38617c6ce150f6"},"headline":"Eni\u00e8me report pour l\u2019examen de l\u2019affaire Omar Laabidi","datePublished":"2023-12-09T12:21:00+00:00","dateModified":"2025-05-20T22:11:00+00:00","mainEntityOfPage":{"@id":"https:\/\/www.webdo.tn\/fr\/actualite\/national\/enieme-report-pour-l-examen-de-l-affaire-omar-laabidi\/210695\/"},"wordCount":645,"commentCount":0,"publisher":{"@id":"https:\/\/www.webdo.tn\/fr\/#organization"},"image":{"@id":"https:\/\/www.webdo.tn\/fr\/actualite\/national\/enieme-report-pour-l-examen-de-l-affaire-omar-laabidi\/210695\/#primaryimage"},"thumbnailUrl":"https:\/\/www.webdo.tn\/fr\/wp-content\/uploads\/2023\/12\/08b8a7d51b4106447719296aaa597da1.jpg","keywords":["Club Africain","justice","omar laabidi"],"articleSection":["National"],"inLanguage":"fr-FR"},{"@type":"WebPage","@id":"https:\/\/www.webdo.tn\/fr\/actualite\/national\/enieme-report-pour-l-examen-de-l-affaire-omar-laabidi\/210695\/","url":"https:\/\/www.webdo.tn\/fr\/actualite\/national\/enieme-report-pour-l-examen-de-l-affaire-omar-laabidi\/210695\/","name":"Eni\u00e8me report pour l\u2019examen de l\u2019affaire Omar Laabidi","isPartOf":{"@id":"https:\/\/www.webdo.tn\/fr\/#website"},"primaryImageOfPage":{"@id":"https:\/\/www.webdo.tn\/fr\/actualite\/national\/enieme-report-pour-l-examen-de-l-affaire-omar-laabidi\/210695\/#primaryimage"},"image":{"@id":"https:\/\/www.webdo.tn\/fr\/actualite\/national\/enieme-report-pour-l-examen-de-l-affaire-omar-laabidi\/210695\/#primaryimage"},"thumbnailUrl":"https:\/\/www.webdo.tn\/fr\/wp-content\/uploads\/2023\/12\/08b8a7d51b4106447719296aaa597da1.jpg","datePublished":"2023-12-09T12:21:00+00:00","dateModified":"2025-05-20T22:11:00+00:00","description":"La chambre p\u00e9nale pr\u00e8s la Cour d\u2019Appel de Tunis a d\u00e9cid\u00e9, un \u00e9ni\u00e8me report de l'examen de l'affaire li\u00e9e \u00e0 ce d\u00e9c\u00e8s.","breadcrumb":{"@id":"https:\/\/www.webdo.tn\/fr\/actualite\/national\/enieme-report-pour-l-examen-de-l-affaire-omar-laabidi\/210695\/#breadcrumb"},"inLanguage":"fr-FR","potentialAction":[{"@type":"ReadAction","target":["https:\/\/www.webdo.tn\/fr\/actualite\/national\/enieme-report-pour-l-examen-de-l-affaire-omar-laabidi\/210695\/"]}]},{"@type":"ImageObject","inLanguage":"fr-FR","@id":"https:\/\/www.webdo.tn\/fr\/actualite\/national\/enieme-report-pour-l-examen-de-l-affaire-omar-laabidi\/210695\/#primaryimage","url":"https:\/\/www.webdo.tn\/fr\/wp-content\/uploads\/2023\/12\/08b8a7d51b4106447719296aaa597da1.jpg","contentUrl":"https:\/\/www.webdo.tn\/fr\/wp-content\/uploads\/2023\/12\/08b8a7d51b4106447719296aaa597da1.jpg","width":750,"height":400,"caption":"Eni\u00e8me report pour l\u2019examen de l\u2019affaire Omar Laabidi"},{"@type":"BreadcrumbList","@id":"https:\/\/www.webdo.tn\/fr\/actualite\/national\/enieme-report-pour-l-examen-de-l-affaire-omar-laabidi\/210695\/#breadcrumb","itemListElement":[{"@type":"ListItem","position":1,"name":"Accueil","item":"https:\/\/www.webdo.tn\/fr\/"},{"@type":"ListItem","position":2,"name":"Eni\u00e8me report pour l\u2019examen de l\u2019affaire Omar Laabidi"}]},{"@type":"WebSite","@id":"https:\/\/www.webdo.tn\/fr\/#website","url":"https:\/\/www.webdo.tn\/fr\/","name":"webdo","description":"Tunisie - News en Tunisie et \u00e0 l&#039;international sur Webdo.tn","publisher":{"@id":"https:\/\/www.webdo.tn\/fr\/#organization"},"potentialAction":[{"@type":"SearchAction","target":{"@type":"EntryPoint","urlTemplate":"https:\/\/www.webdo.tn\/fr\/?s={search_term_string}"},"query-input":{"@type":"PropertyValueSpecification","valueRequired":true,"valueName":"search_term_string"}}],"inLanguage":"fr-FR"},{"@type":"Organization","@id":"https:\/\/www.webdo.tn\/fr\/#organization","name":"Webdo","alternateName":"Webdo.tn","url":"https:\/\/www.webdo.tn\/fr\/","logo":{"@type":"ImageObject","inLanguage":"fr-FR","@id":"https:\/\/www.webdo.tn\/fr\/#\/schema\/logo\/image\/","url":"https:\/\/www.webdo.tn\/fr\/wp-content\/uploads\/2025\/06\/Webdo-Tunisie_168377.jpg","contentUrl":"https:\/\/www.webdo.tn\/fr\/wp-content\/uploads\/2025\/06\/Webdo-Tunisie_168377.jpg","width":301,"height":301,"caption":"Webdo"},"image":{"@id":"https:\/\/www.webdo.tn\/fr\/#\/schema\/logo\/image\/"},"sameAs":["https:\/\/www.facebook.com\/webdotn","https:\/\/x.com\/webdo_tn"],"description":"Webdo est un m\u00e9dia num\u00e9rique tunisien fond\u00e9 en 2010, sp\u00e9cialis\u00e9 dans l\u2019actualit\u00e9 nationale et internationale, l\u2019\u00e9conomie, la soci\u00e9t\u00e9 et les analyses politiques. Le site s\u2019adresse \u00e0 un large public francophone et couvre l\u2019information tunisienne en temps r\u00e9el.","email":"redac@webdo.tn","legalName":"YNJ SARL","foundingDate":"2010-09-06","numberOfEmployees":{"@type":"QuantitativeValue","minValue":"11","maxValue":"50"}},{"@type":"Person","@id":"https:\/\/www.webdo.tn\/fr\/#\/schema\/person\/2c4929cbf5a809e3bd38617c6ce150f6","name":"MC","image":{"@type":"ImageObject","inLanguage":"fr-FR","@id":"https:\/\/secure.gravatar.com\/avatar\/a545bbb6f84efdd5553dbbc2895e3ca8f1d12c5215e00a041c9670b54aa9b18a?s=96&d=mm&r=g","url":"https:\/\/secure.gravatar.com\/avatar\/a545bbb6f84efdd5553dbbc2895e3ca8f1d12c5215e00a041c9670b54aa9b18a?s=96&d=mm&r=g","contentUrl":"https:\/\/secure.gravatar.com\/avatar\/a545bbb6f84efdd5553dbbc2895e3ca8f1d12c5215e00a041c9670b54aa9b18a?s=96&d=mm&r=g","caption":"MC"},"url":"https:\/\/www.webdo.tn\/fr\/actualite\/author\/mc\/"}]}},"_links":{"self":[{"href":"https:\/\/www.webdo.tn\/fr\/wp-json\/wp\/v2\/posts\/210695","targetHints":{"allow":["GET"]}}],"collection":[{"href":"https:\/\/www.webdo.tn\/fr\/wp-json\/wp\/v2\/posts"}],"about":[{"href":"https:\/\/www.webdo.tn\/fr\/wp-json\/wp\/v2\/types\/post"}],"author":[{"embeddable":true,"href":"https:\/\/www.webdo.tn\/fr\/wp-json\/wp\/v2\/users\/3162"}],"replies":[{"embeddable":true,"href":"https:\/\/www.webdo.tn\/fr\/wp-json\/wp\/v2\/comments?post=210695"}],"version-history":[{"count":0,"href":"https:\/\/www.webdo.tn\/fr\/wp-json\/wp\/v2\/posts\/210695\/revisions"}],"wp:featuredmedia":[{"embeddable":true,"href":"https:\/\/www.webdo.tn\/fr\/wp-json\/wp\/v2\/media\/289950"}],"wp:attachment":[{"href":"https:\/\/www.webdo.tn\/fr\/wp-json\/wp\/v2\/media?parent=210695"}],"wp:term":[{"taxonomy":"category","embeddable":true,"href":"https:\/\/www.webdo.tn\/fr\/wp-json\/wp\/v2\/categories?post=210695"},{"taxonomy":"post_tag","embeddable":true,"href":"https:\/\/www.webdo.tn\/fr\/wp-json\/wp\/v2\/tags?post=210695"}],"curies":[{"name":"wp","href":"https:\/\/api.w.org\/{rel}","templated":true}]}}