{"id":210679,"date":"2023-12-08T13:59:00","date_gmt":"2023-12-08T13:59:00","guid":{"rendered":"https:\/\/www.webdo.tn\/fr\/blog\/tunisie-le-denouement-de-la-crise-du-lait-prevu-dans-deux-semaines\/210679\/"},"modified":"2025-05-20T22:39:12","modified_gmt":"2025-05-20T22:39:12","slug":"tunisie-le-denouement-de-la-crise-du-lait-prevu-dans-deux-semaines","status":"publish","type":"post","link":"https:\/\/www.webdo.tn\/fr\/actualite\/national\/tunisie-le-denouement-de-la-crise-du-lait-prevu-dans-deux-semaines\/210679\/","title":{"rendered":"Tunisie : Le d\u00e9nouement de la crise du lait pr\u00e9vu dans deux semaines"},"content":{"rendered":"<p>L&rsquo;approvisionnement en lait reprendra son rythme normal sur le march\u00e9 apr\u00e8s la reprise de la production de ce produit, au cours des deux prochaines semaines, a affirm\u00e9 la ministre du commerce et du d\u00e9veloppement des exportations, Kalthoum Ben Rejeb.<\/p>\n<p>Elle a expliqu\u00e9 dans une d\u00e9claration aux m\u00e9dias, en marge de la tenue de la 37\u00e8me \u00e9dition des Journ\u00e9es de L&rsquo;Entreprise du 7 au 9 d\u00e9cembre 2023, que ce n&rsquo;est pas la premi\u00e8re fois que le march\u00e9 conna\u00eet une p\u00e9nurie de l&rsquo;approvisionnement en lait, \u00e9tant donn\u00e9 que la p\u00e9riode actuelle se caract\u00e9rise par une diminution de la production. Et de poursuivre que la collecte du lait a enregistr\u00e9, jusqu&rsquo;\u00e0 hier, un rythme ascendant.<\/p>\n<p>La ministre a soulign\u00e9 que la plupart des indicateurs sont, \u00e0 l&rsquo;heure actuelle, positifs, faisant savoir que la collecte du lait a atteint 860 mille litres par jour.<br \/>\nBen Rejeb a indiqu\u00e9 que l&rsquo;affluence des citoyens pour acheter de grandes quantit\u00e9s de lait a provoqu\u00e9 la p\u00e9nurie de ce produit.<\/p>\n<p>A cet \u00e9gard, elle a appel\u00e9 tous les citoyens, en particulier les propri\u00e9taires des caf\u00e9s et des p\u00e2tisseries, \u00e0 s&rsquo;engager \u00e0 acheter des quantit\u00e9s raisonnables de lait pour que chaque citoyen puisse obtenir sa part.<\/p>\n<p>Evoquant la p\u00e9nurie de sucre sur le march\u00e9, la ministre a indiqu\u00e9 que les quantit\u00e9s n\u00e9cessaires sont disponibles mais la diff\u00e9rence de prix entre le sucre destin\u00e9 au citoyen (avec un prix subventionn\u00e9) et le sucre destin\u00e9 \u00e0 des usages industriels, a contribu\u00e9 \u00e0 l&rsquo;augmentation des infractions dans certains circuits de distribution ce qui a provoqu\u00e9 le passage vers le secteur informel.<\/p>\n","protected":false},"excerpt":{"rendered":"<p>Elle a expliqu\u00e9 dans une d\u00e9claration aux m\u00e9dias, en marge de la tenue de la 37\u00e8me \u00e9dition des Journ\u00e9es de L&rsquo;Entreprise du 7 au 9 d\u00e9cembre 2023, que ce n&rsquo;est pas&#8230;<\/p>\n","protected":false},"author":3175,"featured_media":248582,"comment_status":"open","ping_status":"closed","sticky":false,"template":"","format":"standard","meta":{"footnotes":""},"categories":[44],"tags":[3343,5618,2608],"class_list":["post-210679","post","type-post","status-publish","format-standard","has-post-thumbnail","hentry","category-national","tag-crise","tag-lait","tag-tunisie"],"yoast_head":"<!-- This site is optimized with the Yoast SEO Premium plugin v27.5 (Yoast SEO v27.5) - https:\/\/yoast.com\/product\/yoast-seo-premium-wordpress\/ -->\n<title>Tunisie : Le d\u00e9nouement de la crise du lait pr\u00e9vu dans deux semaines<\/title>\n<meta name=\"description\" content=\"Elle a expliqu\u00e9 dans une d\u00e9claration aux m\u00e9dias, en marge de la tenue de la 37\u00e8me \u00e9dition des Journ\u00e9es de L&#039;Entreprise du 7 au 9 d\u00e9cembre 2023, que ce n&#039;est pas...\" \/>\n<link rel=\"canonical\" href=\"https:\/\/www.webdo.tn\/fr\/actualite\/national\/tunisie-le-denouement-de-la-crise-du-lait-prevu-dans-deux-semaines\/210679\/\" \/>\n<meta property=\"og:locale\" content=\"fr_FR\" \/>\n<meta property=\"og:type\" content=\"article\" \/>\n<meta property=\"og:title\" content=\"Tunisie : Le d\u00e9nouement de la crise du lait pr\u00e9vu dans deux semaines\" \/>\n<meta property=\"og:description\" content=\"Elle a expliqu\u00e9 dans une d\u00e9claration aux m\u00e9dias, en marge de la tenue de la 37\u00e8me \u00e9dition des Journ\u00e9es de L&#039;Entreprise du 7 au 9 d\u00e9cembre 2023, que ce n&#039;est pas...\" \/>\n<meta property=\"og:url\" content=\"https:\/\/www.webdo.tn\/fr\/actualite\/national\/tunisie-le-denouement-de-la-crise-du-lait-prevu-dans-deux-semaines\/210679\/\" \/>\n<meta property=\"og:site_name\" content=\"webdo\" \/>\n<meta property=\"article:publisher\" content=\"https:\/\/www.facebook.com\/webdotn\" \/>\n<meta property=\"article:published_time\" content=\"2023-12-08T13:59:00+00:00\" \/>\n<meta property=\"article:modified_time\" content=\"2025-05-20T22:39:12+00:00\" \/>\n<meta property=\"og:image\" content=\"https:\/\/www.webdo.tn\/fr\/wp-content\/uploads\/2023\/12\/6a24e159e52f2574872caa07e1f2642e.jpg\" \/>\n\t<meta property=\"og:image:width\" content=\"700\" \/>\n\t<meta property=\"og:image:height\" content=\"373\" \/>\n\t<meta property=\"og:image:type\" content=\"image\/jpeg\" \/>\n<meta name=\"author\" content=\"CL\" \/>\n<meta name=\"twitter:card\" content=\"summary_large_image\" \/>\n<meta name=\"twitter:creator\" content=\"@webdo_tn\" \/>\n<meta name=\"twitter:site\" content=\"@webdo_tn\" \/>\n<meta name=\"twitter:label1\" content=\"\u00c9crit par\" \/>\n\t<meta name=\"twitter:data1\" content=\"CL\" \/>\n\t<meta name=\"twitter:label2\" content=\"Dur\u00e9e de lecture estim\u00e9e\" \/>\n\t<meta name=\"twitter:data2\" content=\"1 minute\" \/>\n<script type=\"application\/ld+json\" class=\"yoast-schema-graph\">{\"@context\":\"https:\\\/\\\/schema.org\",\"@graph\":[{\"@type\":\"NewsArticle\",\"@id\":\"https:\\\/\\\/www.webdo.tn\\\/fr\\\/actualite\\\/national\\\/tunisie-le-denouement-de-la-crise-du-lait-prevu-dans-deux-semaines\\\/210679\\\/#article\",\"isPartOf\":{\"@id\":\"https:\\\/\\\/www.webdo.tn\\\/fr\\\/actualite\\\/national\\\/tunisie-le-denouement-de-la-crise-du-lait-prevu-dans-deux-semaines\\\/210679\\\/\"},\"author\":{\"name\":\"CL\",\"@id\":\"https:\\\/\\\/www.webdo.tn\\\/fr\\\/#\\\/schema\\\/person\\\/f35b42a42c5e2511bbd282959d6385cc\"},\"headline\":\"Tunisie : Le d\u00e9nouement de la crise du lait pr\u00e9vu dans deux semaines\",\"datePublished\":\"2023-12-08T13:59:00+00:00\",\"dateModified\":\"2025-05-20T22:39:12+00:00\",\"mainEntityOfPage\":{\"@id\":\"https:\\\/\\\/www.webdo.tn\\\/fr\\\/actualite\\\/national\\\/tunisie-le-denouement-de-la-crise-du-lait-prevu-dans-deux-semaines\\\/210679\\\/\"},\"wordCount\":293,\"commentCount\":0,\"publisher\":{\"@id\":\"https:\\\/\\\/www.webdo.tn\\\/fr\\\/#organization\"},\"image\":{\"@id\":\"https:\\\/\\\/www.webdo.tn\\\/fr\\\/actualite\\\/national\\\/tunisie-le-denouement-de-la-crise-du-lait-prevu-dans-deux-semaines\\\/210679\\\/#primaryimage\"},\"thumbnailUrl\":\"https:\\\/\\\/www.webdo.tn\\\/fr\\\/wp-content\\\/uploads\\\/2023\\\/12\\\/6a24e159e52f2574872caa07e1f2642e.jpg\",\"keywords\":[\"crise\",\"Lait\",\"Tunisie\"],\"articleSection\":[\"National\"],\"inLanguage\":\"fr-FR\"},{\"@type\":\"WebPage\",\"@id\":\"https:\\\/\\\/www.webdo.tn\\\/fr\\\/actualite\\\/national\\\/tunisie-le-denouement-de-la-crise-du-lait-prevu-dans-deux-semaines\\\/210679\\\/\",\"url\":\"https:\\\/\\\/www.webdo.tn\\\/fr\\\/actualite\\\/national\\\/tunisie-le-denouement-de-la-crise-du-lait-prevu-dans-deux-semaines\\\/210679\\\/\",\"name\":\"Tunisie : Le d\u00e9nouement de la crise du lait pr\u00e9vu dans deux semaines\",\"isPartOf\":{\"@id\":\"https:\\\/\\\/www.webdo.tn\\\/fr\\\/#website\"},\"primaryImageOfPage\":{\"@id\":\"https:\\\/\\\/www.webdo.tn\\\/fr\\\/actualite\\\/national\\\/tunisie-le-denouement-de-la-crise-du-lait-prevu-dans-deux-semaines\\\/210679\\\/#primaryimage\"},\"image\":{\"@id\":\"https:\\\/\\\/www.webdo.tn\\\/fr\\\/actualite\\\/national\\\/tunisie-le-denouement-de-la-crise-du-lait-prevu-dans-deux-semaines\\\/210679\\\/#primaryimage\"},\"thumbnailUrl\":\"https:\\\/\\\/www.webdo.tn\\\/fr\\\/wp-content\\\/uploads\\\/2023\\\/12\\\/6a24e159e52f2574872caa07e1f2642e.jpg\",\"datePublished\":\"2023-12-08T13:59:00+00:00\",\"dateModified\":\"2025-05-20T22:39:12+00:00\",\"description\":\"Elle a expliqu\u00e9 dans une d\u00e9claration aux m\u00e9dias, en marge de la tenue de la 37\u00e8me \u00e9dition des Journ\u00e9es de L'Entreprise du 7 au 9 d\u00e9cembre 2023, que ce n'est pas...\",\"breadcrumb\":{\"@id\":\"https:\\\/\\\/www.webdo.tn\\\/fr\\\/actualite\\\/national\\\/tunisie-le-denouement-de-la-crise-du-lait-prevu-dans-deux-semaines\\\/210679\\\/#breadcrumb\"},\"inLanguage\":\"fr-FR\",\"potentialAction\":[{\"@type\":\"ReadAction\",\"target\":[\"https:\\\/\\\/www.webdo.tn\\\/fr\\\/actualite\\\/national\\\/tunisie-le-denouement-de-la-crise-du-lait-prevu-dans-deux-semaines\\\/210679\\\/\"]}]},{\"@type\":\"ImageObject\",\"inLanguage\":\"fr-FR\",\"@id\":\"https:\\\/\\\/www.webdo.tn\\\/fr\\\/actualite\\\/national\\\/tunisie-le-denouement-de-la-crise-du-lait-prevu-dans-deux-semaines\\\/210679\\\/#primaryimage\",\"url\":\"https:\\\/\\\/www.webdo.tn\\\/fr\\\/wp-content\\\/uploads\\\/2023\\\/12\\\/6a24e159e52f2574872caa07e1f2642e.jpg\",\"contentUrl\":\"https:\\\/\\\/www.webdo.tn\\\/fr\\\/wp-content\\\/uploads\\\/2023\\\/12\\\/6a24e159e52f2574872caa07e1f2642e.jpg\",\"width\":700,\"height\":373,\"caption\":\"Tunisie : Le d\u00e9nouement de la crise du lait pr\u00e9vu dans deux semaines\"},{\"@type\":\"BreadcrumbList\",\"@id\":\"https:\\\/\\\/www.webdo.tn\\\/fr\\\/actualite\\\/national\\\/tunisie-le-denouement-de-la-crise-du-lait-prevu-dans-deux-semaines\\\/210679\\\/#breadcrumb\",\"itemListElement\":[{\"@type\":\"ListItem\",\"position\":1,\"name\":\"Accueil\",\"item\":\"https:\\\/\\\/www.webdo.tn\\\/fr\\\/\"},{\"@type\":\"ListItem\",\"position\":2,\"name\":\"Tunisie : Le d\u00e9nouement de la crise du lait pr\u00e9vu dans deux semaines\"}]},{\"@type\":\"WebSite\",\"@id\":\"https:\\\/\\\/www.webdo.tn\\\/fr\\\/#website\",\"url\":\"https:\\\/\\\/www.webdo.tn\\\/fr\\\/\",\"name\":\"webdo\",\"description\":\"Tunisie - News en Tunisie et \u00e0 l&#039;international sur Webdo.tn\",\"publisher\":{\"@id\":\"https:\\\/\\\/www.webdo.tn\\\/fr\\\/#organization\"},\"potentialAction\":[{\"@type\":\"SearchAction\",\"target\":{\"@type\":\"EntryPoint\",\"urlTemplate\":\"https:\\\/\\\/www.webdo.tn\\\/fr\\\/?s={search_term_string}\"},\"query-input\":{\"@type\":\"PropertyValueSpecification\",\"valueRequired\":true,\"valueName\":\"search_term_string\"}}],\"inLanguage\":\"fr-FR\"},{\"@type\":\"Organization\",\"@id\":\"https:\\\/\\\/www.webdo.tn\\\/fr\\\/#organization\",\"name\":\"Webdo\",\"alternateName\":\"Webdo.tn\",\"url\":\"https:\\\/\\\/www.webdo.tn\\\/fr\\\/\",\"logo\":{\"@type\":\"ImageObject\",\"inLanguage\":\"fr-FR\",\"@id\":\"https:\\\/\\\/www.webdo.tn\\\/fr\\\/#\\\/schema\\\/logo\\\/image\\\/\",\"url\":\"https:\\\/\\\/www.webdo.tn\\\/fr\\\/wp-content\\\/uploads\\\/2025\\\/06\\\/Webdo-Tunisie_168377.jpg\",\"contentUrl\":\"https:\\\/\\\/www.webdo.tn\\\/fr\\\/wp-content\\\/uploads\\\/2025\\\/06\\\/Webdo-Tunisie_168377.jpg\",\"width\":301,\"height\":301,\"caption\":\"Webdo\"},\"image\":{\"@id\":\"https:\\\/\\\/www.webdo.tn\\\/fr\\\/#\\\/schema\\\/logo\\\/image\\\/\"},\"sameAs\":[\"https:\\\/\\\/www.facebook.com\\\/webdotn\",\"https:\\\/\\\/x.com\\\/webdo_tn\"],\"description\":\"Webdo est un m\u00e9dia num\u00e9rique tunisien fond\u00e9 en 2010, sp\u00e9cialis\u00e9 dans l\u2019actualit\u00e9 nationale et internationale, l\u2019\u00e9conomie, la soci\u00e9t\u00e9 et les analyses politiques. Le site s\u2019adresse \u00e0 un large public francophone et couvre l\u2019information tunisienne en temps r\u00e9el.\",\"email\":\"redac@webdo.tn\",\"legalName\":\"YNJ SARL\",\"foundingDate\":\"2010-09-06\",\"numberOfEmployees\":{\"@type\":\"QuantitativeValue\",\"minValue\":\"11\",\"maxValue\":\"50\"}},{\"@type\":\"Person\",\"@id\":\"https:\\\/\\\/www.webdo.tn\\\/fr\\\/#\\\/schema\\\/person\\\/f35b42a42c5e2511bbd282959d6385cc\",\"name\":\"CL\",\"image\":{\"@type\":\"ImageObject\",\"inLanguage\":\"fr-FR\",\"@id\":\"https:\\\/\\\/secure.gravatar.com\\\/avatar\\\/1447a49909b67aa657c488aec6512e1dd6143a480c1ecfee9b5b5cd74eb3b59e?s=96&d=mm&r=g\",\"url\":\"https:\\\/\\\/secure.gravatar.com\\\/avatar\\\/1447a49909b67aa657c488aec6512e1dd6143a480c1ecfee9b5b5cd74eb3b59e?s=96&d=mm&r=g\",\"contentUrl\":\"https:\\\/\\\/secure.gravatar.com\\\/avatar\\\/1447a49909b67aa657c488aec6512e1dd6143a480c1ecfee9b5b5cd74eb3b59e?s=96&d=mm&r=g\",\"caption\":\"CL\"},\"url\":\"https:\\\/\\\/www.webdo.tn\\\/fr\\\/actualite\\\/author\\\/cl\\\/\"}]}<\/script>\n<!-- \/ Yoast SEO Premium plugin. -->","yoast_head_json":{"title":"Tunisie : Le d\u00e9nouement de la crise du lait pr\u00e9vu dans deux semaines","description":"Elle a expliqu\u00e9 dans une d\u00e9claration aux m\u00e9dias, en marge de la tenue de la 37\u00e8me \u00e9dition des Journ\u00e9es de L'Entreprise du 7 au 9 d\u00e9cembre 2023, que ce n'est pas...","canonical":"https:\/\/www.webdo.tn\/fr\/actualite\/national\/tunisie-le-denouement-de-la-crise-du-lait-prevu-dans-deux-semaines\/210679\/","og_locale":"fr_FR","og_type":"article","og_title":"Tunisie : Le d\u00e9nouement de la crise du lait pr\u00e9vu dans deux semaines","og_description":"Elle a expliqu\u00e9 dans une d\u00e9claration aux m\u00e9dias, en marge de la tenue de la 37\u00e8me \u00e9dition des Journ\u00e9es de L'Entreprise du 7 au 9 d\u00e9cembre 2023, que ce n'est pas...","og_url":"https:\/\/www.webdo.tn\/fr\/actualite\/national\/tunisie-le-denouement-de-la-crise-du-lait-prevu-dans-deux-semaines\/210679\/","og_site_name":"webdo","article_publisher":"https:\/\/www.facebook.com\/webdotn","article_published_time":"2023-12-08T13:59:00+00:00","article_modified_time":"2025-05-20T22:39:12+00:00","og_image":[{"width":700,"height":373,"url":"https:\/\/www.webdo.tn\/fr\/wp-content\/uploads\/2023\/12\/6a24e159e52f2574872caa07e1f2642e.jpg","type":"image\/jpeg"}],"author":"CL","twitter_card":"summary_large_image","twitter_creator":"@webdo_tn","twitter_site":"@webdo_tn","twitter_misc":{"\u00c9crit par":"CL","Dur\u00e9e de lecture estim\u00e9e":"1 minute"},"schema":{"@context":"https:\/\/schema.org","@graph":[{"@type":"NewsArticle","@id":"https:\/\/www.webdo.tn\/fr\/actualite\/national\/tunisie-le-denouement-de-la-crise-du-lait-prevu-dans-deux-semaines\/210679\/#article","isPartOf":{"@id":"https:\/\/www.webdo.tn\/fr\/actualite\/national\/tunisie-le-denouement-de-la-crise-du-lait-prevu-dans-deux-semaines\/210679\/"},"author":{"name":"CL","@id":"https:\/\/www.webdo.tn\/fr\/#\/schema\/person\/f35b42a42c5e2511bbd282959d6385cc"},"headline":"Tunisie : Le d\u00e9nouement de la crise du lait pr\u00e9vu dans deux semaines","datePublished":"2023-12-08T13:59:00+00:00","dateModified":"2025-05-20T22:39:12+00:00","mainEntityOfPage":{"@id":"https:\/\/www.webdo.tn\/fr\/actualite\/national\/tunisie-le-denouement-de-la-crise-du-lait-prevu-dans-deux-semaines\/210679\/"},"wordCount":293,"commentCount":0,"publisher":{"@id":"https:\/\/www.webdo.tn\/fr\/#organization"},"image":{"@id":"https:\/\/www.webdo.tn\/fr\/actualite\/national\/tunisie-le-denouement-de-la-crise-du-lait-prevu-dans-deux-semaines\/210679\/#primaryimage"},"thumbnailUrl":"https:\/\/www.webdo.tn\/fr\/wp-content\/uploads\/2023\/12\/6a24e159e52f2574872caa07e1f2642e.jpg","keywords":["crise","Lait","Tunisie"],"articleSection":["National"],"inLanguage":"fr-FR"},{"@type":"WebPage","@id":"https:\/\/www.webdo.tn\/fr\/actualite\/national\/tunisie-le-denouement-de-la-crise-du-lait-prevu-dans-deux-semaines\/210679\/","url":"https:\/\/www.webdo.tn\/fr\/actualite\/national\/tunisie-le-denouement-de-la-crise-du-lait-prevu-dans-deux-semaines\/210679\/","name":"Tunisie : Le d\u00e9nouement de la crise du lait pr\u00e9vu dans deux semaines","isPartOf":{"@id":"https:\/\/www.webdo.tn\/fr\/#website"},"primaryImageOfPage":{"@id":"https:\/\/www.webdo.tn\/fr\/actualite\/national\/tunisie-le-denouement-de-la-crise-du-lait-prevu-dans-deux-semaines\/210679\/#primaryimage"},"image":{"@id":"https:\/\/www.webdo.tn\/fr\/actualite\/national\/tunisie-le-denouement-de-la-crise-du-lait-prevu-dans-deux-semaines\/210679\/#primaryimage"},"thumbnailUrl":"https:\/\/www.webdo.tn\/fr\/wp-content\/uploads\/2023\/12\/6a24e159e52f2574872caa07e1f2642e.jpg","datePublished":"2023-12-08T13:59:00+00:00","dateModified":"2025-05-20T22:39:12+00:00","description":"Elle a expliqu\u00e9 dans une d\u00e9claration aux m\u00e9dias, en marge de la tenue de la 37\u00e8me \u00e9dition des Journ\u00e9es de L'Entreprise du 7 au 9 d\u00e9cembre 2023, que ce n'est pas...","breadcrumb":{"@id":"https:\/\/www.webdo.tn\/fr\/actualite\/national\/tunisie-le-denouement-de-la-crise-du-lait-prevu-dans-deux-semaines\/210679\/#breadcrumb"},"inLanguage":"fr-FR","potentialAction":[{"@type":"ReadAction","target":["https:\/\/www.webdo.tn\/fr\/actualite\/national\/tunisie-le-denouement-de-la-crise-du-lait-prevu-dans-deux-semaines\/210679\/"]}]},{"@type":"ImageObject","inLanguage":"fr-FR","@id":"https:\/\/www.webdo.tn\/fr\/actualite\/national\/tunisie-le-denouement-de-la-crise-du-lait-prevu-dans-deux-semaines\/210679\/#primaryimage","url":"https:\/\/www.webdo.tn\/fr\/wp-content\/uploads\/2023\/12\/6a24e159e52f2574872caa07e1f2642e.jpg","contentUrl":"https:\/\/www.webdo.tn\/fr\/wp-content\/uploads\/2023\/12\/6a24e159e52f2574872caa07e1f2642e.jpg","width":700,"height":373,"caption":"Tunisie : Le d\u00e9nouement de la crise du lait pr\u00e9vu dans deux semaines"},{"@type":"BreadcrumbList","@id":"https:\/\/www.webdo.tn\/fr\/actualite\/national\/tunisie-le-denouement-de-la-crise-du-lait-prevu-dans-deux-semaines\/210679\/#breadcrumb","itemListElement":[{"@type":"ListItem","position":1,"name":"Accueil","item":"https:\/\/www.webdo.tn\/fr\/"},{"@type":"ListItem","position":2,"name":"Tunisie : Le d\u00e9nouement de la crise du lait pr\u00e9vu dans deux semaines"}]},{"@type":"WebSite","@id":"https:\/\/www.webdo.tn\/fr\/#website","url":"https:\/\/www.webdo.tn\/fr\/","name":"webdo","description":"Tunisie - News en Tunisie et \u00e0 l&#039;international sur Webdo.tn","publisher":{"@id":"https:\/\/www.webdo.tn\/fr\/#organization"},"potentialAction":[{"@type":"SearchAction","target":{"@type":"EntryPoint","urlTemplate":"https:\/\/www.webdo.tn\/fr\/?s={search_term_string}"},"query-input":{"@type":"PropertyValueSpecification","valueRequired":true,"valueName":"search_term_string"}}],"inLanguage":"fr-FR"},{"@type":"Organization","@id":"https:\/\/www.webdo.tn\/fr\/#organization","name":"Webdo","alternateName":"Webdo.tn","url":"https:\/\/www.webdo.tn\/fr\/","logo":{"@type":"ImageObject","inLanguage":"fr-FR","@id":"https:\/\/www.webdo.tn\/fr\/#\/schema\/logo\/image\/","url":"https:\/\/www.webdo.tn\/fr\/wp-content\/uploads\/2025\/06\/Webdo-Tunisie_168377.jpg","contentUrl":"https:\/\/www.webdo.tn\/fr\/wp-content\/uploads\/2025\/06\/Webdo-Tunisie_168377.jpg","width":301,"height":301,"caption":"Webdo"},"image":{"@id":"https:\/\/www.webdo.tn\/fr\/#\/schema\/logo\/image\/"},"sameAs":["https:\/\/www.facebook.com\/webdotn","https:\/\/x.com\/webdo_tn"],"description":"Webdo est un m\u00e9dia num\u00e9rique tunisien fond\u00e9 en 2010, sp\u00e9cialis\u00e9 dans l\u2019actualit\u00e9 nationale et internationale, l\u2019\u00e9conomie, la soci\u00e9t\u00e9 et les analyses politiques. Le site s\u2019adresse \u00e0 un large public francophone et couvre l\u2019information tunisienne en temps r\u00e9el.","email":"redac@webdo.tn","legalName":"YNJ SARL","foundingDate":"2010-09-06","numberOfEmployees":{"@type":"QuantitativeValue","minValue":"11","maxValue":"50"}},{"@type":"Person","@id":"https:\/\/www.webdo.tn\/fr\/#\/schema\/person\/f35b42a42c5e2511bbd282959d6385cc","name":"CL","image":{"@type":"ImageObject","inLanguage":"fr-FR","@id":"https:\/\/secure.gravatar.com\/avatar\/1447a49909b67aa657c488aec6512e1dd6143a480c1ecfee9b5b5cd74eb3b59e?s=96&d=mm&r=g","url":"https:\/\/secure.gravatar.com\/avatar\/1447a49909b67aa657c488aec6512e1dd6143a480c1ecfee9b5b5cd74eb3b59e?s=96&d=mm&r=g","contentUrl":"https:\/\/secure.gravatar.com\/avatar\/1447a49909b67aa657c488aec6512e1dd6143a480c1ecfee9b5b5cd74eb3b59e?s=96&d=mm&r=g","caption":"CL"},"url":"https:\/\/www.webdo.tn\/fr\/actualite\/author\/cl\/"}]}},"_links":{"self":[{"href":"https:\/\/www.webdo.tn\/fr\/wp-json\/wp\/v2\/posts\/210679","targetHints":{"allow":["GET"]}}],"collection":[{"href":"https:\/\/www.webdo.tn\/fr\/wp-json\/wp\/v2\/posts"}],"about":[{"href":"https:\/\/www.webdo.tn\/fr\/wp-json\/wp\/v2\/types\/post"}],"author":[{"embeddable":true,"href":"https:\/\/www.webdo.tn\/fr\/wp-json\/wp\/v2\/users\/3175"}],"replies":[{"embeddable":true,"href":"https:\/\/www.webdo.tn\/fr\/wp-json\/wp\/v2\/comments?post=210679"}],"version-history":[{"count":0,"href":"https:\/\/www.webdo.tn\/fr\/wp-json\/wp\/v2\/posts\/210679\/revisions"}],"wp:featuredmedia":[{"embeddable":true,"href":"https:\/\/www.webdo.tn\/fr\/wp-json\/wp\/v2\/media\/248582"}],"wp:attachment":[{"href":"https:\/\/www.webdo.tn\/fr\/wp-json\/wp\/v2\/media?parent=210679"}],"wp:term":[{"taxonomy":"category","embeddable":true,"href":"https:\/\/www.webdo.tn\/fr\/wp-json\/wp\/v2\/categories?post=210679"},{"taxonomy":"post_tag","embeddable":true,"href":"https:\/\/www.webdo.tn\/fr\/wp-json\/wp\/v2\/tags?post=210679"}],"curies":[{"name":"wp","href":"https:\/\/api.w.org\/{rel}","templated":true}]}}