{"id":210672,"date":"2023-12-08T09:58:00","date_gmt":"2023-12-08T09:58:00","guid":{"rendered":"https:\/\/www.webdo.tn\/fr\/blog\/tunisie-le-fisc-traque-les-influenceurs-14-md-reclames\/210672\/"},"modified":"2025-05-20T22:39:10","modified_gmt":"2025-05-20T22:39:10","slug":"tunisie-le-fisc-traque-les-influenceurs-14-md-reclames","status":"publish","type":"post","link":"https:\/\/www.webdo.tn\/fr\/actualite\/national\/tunisie-le-fisc-traque-les-influenceurs-14-md-reclames\/210672\/","title":{"rendered":"Tunisie : Le Fisc traque les influenceurs, 14 MD r\u00e9clam\u00e9s"},"content":{"rendered":"<p>Est-ce la fin de la r\u00e9cr\u00e9ation pour les influenceurs ? Eux qui g\u00e9n\u00e8rent beaucoup d\u2019argent gr\u00e2ce aux partenariats publicitaires, ils sont actuellement dans le collimateur du fisc.\u00a0<\/p>\n<p>\t\t\t\t\t\t\t\t\tC\u2019est ce qu\u2019a d\u00e9clar\u00e9 hier jeudi 7 d\u00e9cembre, la ministre des Finances Sihem Namsia, laissant croire que l\u2019Etat est parti dans une op\u00e9ration de v\u00e9rification de leurs revenus pour optimiser les recettes fiscales.\u00a0<\/p>\n<p>La ministre a r\u00e9v\u00e9l\u00e9 \u00e0 cet effet la cr\u00e9ation d\u2019une cellule charg\u00e9e d&rsquo;analyser et d&rsquo;exploiter toutes les informations obtenues par les services fiscaux via les r\u00e9seaux sociaux, concernant des personnes ou des activit\u00e9s, afin de r\u00e9gler de nombreuses situations fiscales, notamment celles li\u00e9es aux cr\u00e9ateurs de contenu et aux prestataires de services sur les plateformes de m\u00e9dias sociaux.<\/p>\n<p>Cette commission a abouti \u00e0 l&rsquo;int\u00e9gration de 20 mille cr\u00e9ateurs de contenu et prestataires de services sur les m\u00e9dias sociaux tels que Facebook, Instagram et TikTok dans le syst\u00e8me fiscal ordinaire, en plus de lutter contre l\u2019\u00e9vasion fiscale.\u00a0<\/p>\n<p>Toujours selon les propos de Namsia, dans le cadre de la lutte contre l&rsquo;\u00e9vasion fiscale et de l\u2019\u00e9largissement de la base fiscale, ainsi que de l&rsquo;int\u00e9gration des redevables, les recettes fiscales provenant de ces activit\u00e9s ont atteint pr\u00e8s de 1,2 milliard de dinars.\u00a0<\/p>\n<p>De plus, 140 personnes parmi les cr\u00e9ateurs de contenu et les prestataires de services sur les r\u00e9seaux sociaux ont \u00e9t\u00e9 soumises \u00e0 une surveillance fiscale et ont \u00e9t\u00e9 appel\u00e9es \u00e0 verser des paiements d&rsquo;un montant estim\u00e9 \u00e0 14 millions de dinars.<\/p>\n","protected":false},"excerpt":{"rendered":"<p>C\u2019est ce qu\u2019a d\u00e9clar\u00e9 hier jeudi 7 d\u00e9cembre, la ministre des Finances Sihem Namsia, laissant croire que l\u2019Etat est parti dans une op\u00e9ration de v\u00e9rification de l&#8230;<\/p>\n","protected":false},"author":3175,"featured_media":248576,"comment_status":"open","ping_status":"closed","sticky":false,"template":"","format":"standard","meta":{"footnotes":""},"categories":[44],"tags":[7433,3306,7432,3140,2608],"class_list":["post-210672","post","type-post","status-publish","format-standard","has-post-thumbnail","hentry","category-national","tag-createurs-de-contenus","tag-fisc","tag-fiscalite","tag-influenceurs","tag-tunisie"],"yoast_head":"<!-- This site is optimized with the Yoast SEO Premium plugin v27.5 (Yoast SEO v27.5) - https:\/\/yoast.com\/product\/yoast-seo-premium-wordpress\/ -->\n<title>Tunisie : Le Fisc traque les influenceurs, 14 MD r\u00e9clam\u00e9s<\/title>\n<meta name=\"description\" content=\"C\u2019est ce qu\u2019a d\u00e9clar\u00e9 hier jeudi 7 d\u00e9cembre, la ministre des Finances Sihem Namsia, laissant croire que l\u2019Etat est parti dans une op\u00e9ration de v\u00e9rification de l...\" \/>\n<link rel=\"canonical\" href=\"https:\/\/www.webdo.tn\/fr\/actualite\/national\/tunisie-le-fisc-traque-les-influenceurs-14-md-reclames\/210672\/\" \/>\n<meta property=\"og:locale\" content=\"fr_FR\" \/>\n<meta property=\"og:type\" content=\"article\" \/>\n<meta property=\"og:title\" content=\"Tunisie : Le Fisc traque les influenceurs, 14 MD r\u00e9clam\u00e9s\" \/>\n<meta property=\"og:description\" content=\"C\u2019est ce qu\u2019a d\u00e9clar\u00e9 hier jeudi 7 d\u00e9cembre, la ministre des Finances Sihem Namsia, laissant croire que l\u2019Etat est parti dans une op\u00e9ration de v\u00e9rification de l...\" \/>\n<meta property=\"og:url\" content=\"https:\/\/www.webdo.tn\/fr\/actualite\/national\/tunisie-le-fisc-traque-les-influenceurs-14-md-reclames\/210672\/\" \/>\n<meta property=\"og:site_name\" content=\"webdo\" \/>\n<meta property=\"article:publisher\" content=\"https:\/\/www.facebook.com\/webdotn\" \/>\n<meta property=\"article:published_time\" content=\"2023-12-08T09:58:00+00:00\" \/>\n<meta property=\"article:modified_time\" content=\"2025-05-20T22:39:10+00:00\" \/>\n<meta property=\"og:image\" content=\"https:\/\/www.webdo.tn\/fr\/wp-content\/uploads\/2023\/12\/1c3d9aed9499e7bcd8ae23064e5e7de1.png\" \/>\n\t<meta property=\"og:image:width\" content=\"742\" \/>\n\t<meta property=\"og:image:height\" content=\"396\" \/>\n\t<meta property=\"og:image:type\" content=\"image\/png\" \/>\n<meta name=\"author\" content=\"CL\" \/>\n<meta name=\"twitter:card\" content=\"summary_large_image\" \/>\n<meta name=\"twitter:creator\" content=\"@webdo_tn\" \/>\n<meta name=\"twitter:site\" content=\"@webdo_tn\" \/>\n<meta name=\"twitter:label1\" content=\"\u00c9crit par\" \/>\n\t<meta name=\"twitter:data1\" content=\"CL\" \/>\n\t<meta name=\"twitter:label2\" content=\"Dur\u00e9e de lecture estim\u00e9e\" \/>\n\t<meta name=\"twitter:data2\" content=\"1 minute\" \/>\n<script type=\"application\/ld+json\" class=\"yoast-schema-graph\">{\"@context\":\"https:\\\/\\\/schema.org\",\"@graph\":[{\"@type\":\"NewsArticle\",\"@id\":\"https:\\\/\\\/www.webdo.tn\\\/fr\\\/actualite\\\/national\\\/tunisie-le-fisc-traque-les-influenceurs-14-md-reclames\\\/210672\\\/#article\",\"isPartOf\":{\"@id\":\"https:\\\/\\\/www.webdo.tn\\\/fr\\\/actualite\\\/national\\\/tunisie-le-fisc-traque-les-influenceurs-14-md-reclames\\\/210672\\\/\"},\"author\":{\"name\":\"CL\",\"@id\":\"https:\\\/\\\/www.webdo.tn\\\/fr\\\/#\\\/schema\\\/person\\\/f35b42a42c5e2511bbd282959d6385cc\"},\"headline\":\"Tunisie : Le Fisc traque les influenceurs, 14 MD r\u00e9clam\u00e9s\",\"datePublished\":\"2023-12-08T09:58:00+00:00\",\"dateModified\":\"2025-05-20T22:39:10+00:00\",\"mainEntityOfPage\":{\"@id\":\"https:\\\/\\\/www.webdo.tn\\\/fr\\\/actualite\\\/national\\\/tunisie-le-fisc-traque-les-influenceurs-14-md-reclames\\\/210672\\\/\"},\"wordCount\":281,\"commentCount\":0,\"publisher\":{\"@id\":\"https:\\\/\\\/www.webdo.tn\\\/fr\\\/#organization\"},\"image\":{\"@id\":\"https:\\\/\\\/www.webdo.tn\\\/fr\\\/actualite\\\/national\\\/tunisie-le-fisc-traque-les-influenceurs-14-md-reclames\\\/210672\\\/#primaryimage\"},\"thumbnailUrl\":\"https:\\\/\\\/www.webdo.tn\\\/fr\\\/wp-content\\\/uploads\\\/2023\\\/12\\\/1c3d9aed9499e7bcd8ae23064e5e7de1.png\",\"keywords\":[\"Cr\u00e9ateurs de contenus\",\"fisc\",\"fiscalit\u00e9\",\"Influenceurs\",\"Tunisie\"],\"articleSection\":[\"National\"],\"inLanguage\":\"fr-FR\"},{\"@type\":\"WebPage\",\"@id\":\"https:\\\/\\\/www.webdo.tn\\\/fr\\\/actualite\\\/national\\\/tunisie-le-fisc-traque-les-influenceurs-14-md-reclames\\\/210672\\\/\",\"url\":\"https:\\\/\\\/www.webdo.tn\\\/fr\\\/actualite\\\/national\\\/tunisie-le-fisc-traque-les-influenceurs-14-md-reclames\\\/210672\\\/\",\"name\":\"Tunisie : Le Fisc traque les influenceurs, 14 MD r\u00e9clam\u00e9s\",\"isPartOf\":{\"@id\":\"https:\\\/\\\/www.webdo.tn\\\/fr\\\/#website\"},\"primaryImageOfPage\":{\"@id\":\"https:\\\/\\\/www.webdo.tn\\\/fr\\\/actualite\\\/national\\\/tunisie-le-fisc-traque-les-influenceurs-14-md-reclames\\\/210672\\\/#primaryimage\"},\"image\":{\"@id\":\"https:\\\/\\\/www.webdo.tn\\\/fr\\\/actualite\\\/national\\\/tunisie-le-fisc-traque-les-influenceurs-14-md-reclames\\\/210672\\\/#primaryimage\"},\"thumbnailUrl\":\"https:\\\/\\\/www.webdo.tn\\\/fr\\\/wp-content\\\/uploads\\\/2023\\\/12\\\/1c3d9aed9499e7bcd8ae23064e5e7de1.png\",\"datePublished\":\"2023-12-08T09:58:00+00:00\",\"dateModified\":\"2025-05-20T22:39:10+00:00\",\"description\":\"C\u2019est ce qu\u2019a d\u00e9clar\u00e9 hier jeudi 7 d\u00e9cembre, la ministre des Finances Sihem Namsia, laissant croire que l\u2019Etat est parti dans une op\u00e9ration de v\u00e9rification de l...\",\"breadcrumb\":{\"@id\":\"https:\\\/\\\/www.webdo.tn\\\/fr\\\/actualite\\\/national\\\/tunisie-le-fisc-traque-les-influenceurs-14-md-reclames\\\/210672\\\/#breadcrumb\"},\"inLanguage\":\"fr-FR\",\"potentialAction\":[{\"@type\":\"ReadAction\",\"target\":[\"https:\\\/\\\/www.webdo.tn\\\/fr\\\/actualite\\\/national\\\/tunisie-le-fisc-traque-les-influenceurs-14-md-reclames\\\/210672\\\/\"]}]},{\"@type\":\"ImageObject\",\"inLanguage\":\"fr-FR\",\"@id\":\"https:\\\/\\\/www.webdo.tn\\\/fr\\\/actualite\\\/national\\\/tunisie-le-fisc-traque-les-influenceurs-14-md-reclames\\\/210672\\\/#primaryimage\",\"url\":\"https:\\\/\\\/www.webdo.tn\\\/fr\\\/wp-content\\\/uploads\\\/2023\\\/12\\\/1c3d9aed9499e7bcd8ae23064e5e7de1.png\",\"contentUrl\":\"https:\\\/\\\/www.webdo.tn\\\/fr\\\/wp-content\\\/uploads\\\/2023\\\/12\\\/1c3d9aed9499e7bcd8ae23064e5e7de1.png\",\"width\":742,\"height\":396,\"caption\":\"Tunisie : Le Fisc traque les influenceurs, 14 MD r\u00e9clam\u00e9s\"},{\"@type\":\"BreadcrumbList\",\"@id\":\"https:\\\/\\\/www.webdo.tn\\\/fr\\\/actualite\\\/national\\\/tunisie-le-fisc-traque-les-influenceurs-14-md-reclames\\\/210672\\\/#breadcrumb\",\"itemListElement\":[{\"@type\":\"ListItem\",\"position\":1,\"name\":\"Accueil\",\"item\":\"https:\\\/\\\/www.webdo.tn\\\/fr\\\/\"},{\"@type\":\"ListItem\",\"position\":2,\"name\":\"Tunisie : Le Fisc traque les influenceurs, 14 MD r\u00e9clam\u00e9s\"}]},{\"@type\":\"WebSite\",\"@id\":\"https:\\\/\\\/www.webdo.tn\\\/fr\\\/#website\",\"url\":\"https:\\\/\\\/www.webdo.tn\\\/fr\\\/\",\"name\":\"webdo\",\"description\":\"Tunisie - News en Tunisie et \u00e0 l&#039;international sur Webdo.tn\",\"publisher\":{\"@id\":\"https:\\\/\\\/www.webdo.tn\\\/fr\\\/#organization\"},\"potentialAction\":[{\"@type\":\"SearchAction\",\"target\":{\"@type\":\"EntryPoint\",\"urlTemplate\":\"https:\\\/\\\/www.webdo.tn\\\/fr\\\/?s={search_term_string}\"},\"query-input\":{\"@type\":\"PropertyValueSpecification\",\"valueRequired\":true,\"valueName\":\"search_term_string\"}}],\"inLanguage\":\"fr-FR\"},{\"@type\":\"Organization\",\"@id\":\"https:\\\/\\\/www.webdo.tn\\\/fr\\\/#organization\",\"name\":\"Webdo\",\"alternateName\":\"Webdo.tn\",\"url\":\"https:\\\/\\\/www.webdo.tn\\\/fr\\\/\",\"logo\":{\"@type\":\"ImageObject\",\"inLanguage\":\"fr-FR\",\"@id\":\"https:\\\/\\\/www.webdo.tn\\\/fr\\\/#\\\/schema\\\/logo\\\/image\\\/\",\"url\":\"https:\\\/\\\/www.webdo.tn\\\/fr\\\/wp-content\\\/uploads\\\/2025\\\/06\\\/Webdo-Tunisie_168377.jpg\",\"contentUrl\":\"https:\\\/\\\/www.webdo.tn\\\/fr\\\/wp-content\\\/uploads\\\/2025\\\/06\\\/Webdo-Tunisie_168377.jpg\",\"width\":301,\"height\":301,\"caption\":\"Webdo\"},\"image\":{\"@id\":\"https:\\\/\\\/www.webdo.tn\\\/fr\\\/#\\\/schema\\\/logo\\\/image\\\/\"},\"sameAs\":[\"https:\\\/\\\/www.facebook.com\\\/webdotn\",\"https:\\\/\\\/x.com\\\/webdo_tn\"],\"description\":\"Webdo est un m\u00e9dia num\u00e9rique tunisien fond\u00e9 en 2010, sp\u00e9cialis\u00e9 dans l\u2019actualit\u00e9 nationale et internationale, l\u2019\u00e9conomie, la soci\u00e9t\u00e9 et les analyses politiques. Le site s\u2019adresse \u00e0 un large public francophone et couvre l\u2019information tunisienne en temps r\u00e9el.\",\"email\":\"redac@webdo.tn\",\"legalName\":\"YNJ SARL\",\"foundingDate\":\"2010-09-06\",\"numberOfEmployees\":{\"@type\":\"QuantitativeValue\",\"minValue\":\"11\",\"maxValue\":\"50\"}},{\"@type\":\"Person\",\"@id\":\"https:\\\/\\\/www.webdo.tn\\\/fr\\\/#\\\/schema\\\/person\\\/f35b42a42c5e2511bbd282959d6385cc\",\"name\":\"CL\",\"image\":{\"@type\":\"ImageObject\",\"inLanguage\":\"fr-FR\",\"@id\":\"https:\\\/\\\/secure.gravatar.com\\\/avatar\\\/1447a49909b67aa657c488aec6512e1dd6143a480c1ecfee9b5b5cd74eb3b59e?s=96&d=mm&r=g\",\"url\":\"https:\\\/\\\/secure.gravatar.com\\\/avatar\\\/1447a49909b67aa657c488aec6512e1dd6143a480c1ecfee9b5b5cd74eb3b59e?s=96&d=mm&r=g\",\"contentUrl\":\"https:\\\/\\\/secure.gravatar.com\\\/avatar\\\/1447a49909b67aa657c488aec6512e1dd6143a480c1ecfee9b5b5cd74eb3b59e?s=96&d=mm&r=g\",\"caption\":\"CL\"},\"url\":\"https:\\\/\\\/www.webdo.tn\\\/fr\\\/actualite\\\/author\\\/cl\\\/\"}]}<\/script>\n<!-- \/ Yoast SEO Premium plugin. -->","yoast_head_json":{"title":"Tunisie : Le Fisc traque les influenceurs, 14 MD r\u00e9clam\u00e9s","description":"C\u2019est ce qu\u2019a d\u00e9clar\u00e9 hier jeudi 7 d\u00e9cembre, la ministre des Finances Sihem Namsia, laissant croire que l\u2019Etat est parti dans une op\u00e9ration de v\u00e9rification de l...","canonical":"https:\/\/www.webdo.tn\/fr\/actualite\/national\/tunisie-le-fisc-traque-les-influenceurs-14-md-reclames\/210672\/","og_locale":"fr_FR","og_type":"article","og_title":"Tunisie : Le Fisc traque les influenceurs, 14 MD r\u00e9clam\u00e9s","og_description":"C\u2019est ce qu\u2019a d\u00e9clar\u00e9 hier jeudi 7 d\u00e9cembre, la ministre des Finances Sihem Namsia, laissant croire que l\u2019Etat est parti dans une op\u00e9ration de v\u00e9rification de l...","og_url":"https:\/\/www.webdo.tn\/fr\/actualite\/national\/tunisie-le-fisc-traque-les-influenceurs-14-md-reclames\/210672\/","og_site_name":"webdo","article_publisher":"https:\/\/www.facebook.com\/webdotn","article_published_time":"2023-12-08T09:58:00+00:00","article_modified_time":"2025-05-20T22:39:10+00:00","og_image":[{"width":742,"height":396,"url":"https:\/\/www.webdo.tn\/fr\/wp-content\/uploads\/2023\/12\/1c3d9aed9499e7bcd8ae23064e5e7de1.png","type":"image\/png"}],"author":"CL","twitter_card":"summary_large_image","twitter_creator":"@webdo_tn","twitter_site":"@webdo_tn","twitter_misc":{"\u00c9crit par":"CL","Dur\u00e9e de lecture estim\u00e9e":"1 minute"},"schema":{"@context":"https:\/\/schema.org","@graph":[{"@type":"NewsArticle","@id":"https:\/\/www.webdo.tn\/fr\/actualite\/national\/tunisie-le-fisc-traque-les-influenceurs-14-md-reclames\/210672\/#article","isPartOf":{"@id":"https:\/\/www.webdo.tn\/fr\/actualite\/national\/tunisie-le-fisc-traque-les-influenceurs-14-md-reclames\/210672\/"},"author":{"name":"CL","@id":"https:\/\/www.webdo.tn\/fr\/#\/schema\/person\/f35b42a42c5e2511bbd282959d6385cc"},"headline":"Tunisie : Le Fisc traque les influenceurs, 14 MD r\u00e9clam\u00e9s","datePublished":"2023-12-08T09:58:00+00:00","dateModified":"2025-05-20T22:39:10+00:00","mainEntityOfPage":{"@id":"https:\/\/www.webdo.tn\/fr\/actualite\/national\/tunisie-le-fisc-traque-les-influenceurs-14-md-reclames\/210672\/"},"wordCount":281,"commentCount":0,"publisher":{"@id":"https:\/\/www.webdo.tn\/fr\/#organization"},"image":{"@id":"https:\/\/www.webdo.tn\/fr\/actualite\/national\/tunisie-le-fisc-traque-les-influenceurs-14-md-reclames\/210672\/#primaryimage"},"thumbnailUrl":"https:\/\/www.webdo.tn\/fr\/wp-content\/uploads\/2023\/12\/1c3d9aed9499e7bcd8ae23064e5e7de1.png","keywords":["Cr\u00e9ateurs de contenus","fisc","fiscalit\u00e9","Influenceurs","Tunisie"],"articleSection":["National"],"inLanguage":"fr-FR"},{"@type":"WebPage","@id":"https:\/\/www.webdo.tn\/fr\/actualite\/national\/tunisie-le-fisc-traque-les-influenceurs-14-md-reclames\/210672\/","url":"https:\/\/www.webdo.tn\/fr\/actualite\/national\/tunisie-le-fisc-traque-les-influenceurs-14-md-reclames\/210672\/","name":"Tunisie : Le Fisc traque les influenceurs, 14 MD r\u00e9clam\u00e9s","isPartOf":{"@id":"https:\/\/www.webdo.tn\/fr\/#website"},"primaryImageOfPage":{"@id":"https:\/\/www.webdo.tn\/fr\/actualite\/national\/tunisie-le-fisc-traque-les-influenceurs-14-md-reclames\/210672\/#primaryimage"},"image":{"@id":"https:\/\/www.webdo.tn\/fr\/actualite\/national\/tunisie-le-fisc-traque-les-influenceurs-14-md-reclames\/210672\/#primaryimage"},"thumbnailUrl":"https:\/\/www.webdo.tn\/fr\/wp-content\/uploads\/2023\/12\/1c3d9aed9499e7bcd8ae23064e5e7de1.png","datePublished":"2023-12-08T09:58:00+00:00","dateModified":"2025-05-20T22:39:10+00:00","description":"C\u2019est ce qu\u2019a d\u00e9clar\u00e9 hier jeudi 7 d\u00e9cembre, la ministre des Finances Sihem Namsia, laissant croire que l\u2019Etat est parti dans une op\u00e9ration de v\u00e9rification de l...","breadcrumb":{"@id":"https:\/\/www.webdo.tn\/fr\/actualite\/national\/tunisie-le-fisc-traque-les-influenceurs-14-md-reclames\/210672\/#breadcrumb"},"inLanguage":"fr-FR","potentialAction":[{"@type":"ReadAction","target":["https:\/\/www.webdo.tn\/fr\/actualite\/national\/tunisie-le-fisc-traque-les-influenceurs-14-md-reclames\/210672\/"]}]},{"@type":"ImageObject","inLanguage":"fr-FR","@id":"https:\/\/www.webdo.tn\/fr\/actualite\/national\/tunisie-le-fisc-traque-les-influenceurs-14-md-reclames\/210672\/#primaryimage","url":"https:\/\/www.webdo.tn\/fr\/wp-content\/uploads\/2023\/12\/1c3d9aed9499e7bcd8ae23064e5e7de1.png","contentUrl":"https:\/\/www.webdo.tn\/fr\/wp-content\/uploads\/2023\/12\/1c3d9aed9499e7bcd8ae23064e5e7de1.png","width":742,"height":396,"caption":"Tunisie : Le Fisc traque les influenceurs, 14 MD r\u00e9clam\u00e9s"},{"@type":"BreadcrumbList","@id":"https:\/\/www.webdo.tn\/fr\/actualite\/national\/tunisie-le-fisc-traque-les-influenceurs-14-md-reclames\/210672\/#breadcrumb","itemListElement":[{"@type":"ListItem","position":1,"name":"Accueil","item":"https:\/\/www.webdo.tn\/fr\/"},{"@type":"ListItem","position":2,"name":"Tunisie : Le Fisc traque les influenceurs, 14 MD r\u00e9clam\u00e9s"}]},{"@type":"WebSite","@id":"https:\/\/www.webdo.tn\/fr\/#website","url":"https:\/\/www.webdo.tn\/fr\/","name":"webdo","description":"Tunisie - News en Tunisie et \u00e0 l&#039;international sur Webdo.tn","publisher":{"@id":"https:\/\/www.webdo.tn\/fr\/#organization"},"potentialAction":[{"@type":"SearchAction","target":{"@type":"EntryPoint","urlTemplate":"https:\/\/www.webdo.tn\/fr\/?s={search_term_string}"},"query-input":{"@type":"PropertyValueSpecification","valueRequired":true,"valueName":"search_term_string"}}],"inLanguage":"fr-FR"},{"@type":"Organization","@id":"https:\/\/www.webdo.tn\/fr\/#organization","name":"Webdo","alternateName":"Webdo.tn","url":"https:\/\/www.webdo.tn\/fr\/","logo":{"@type":"ImageObject","inLanguage":"fr-FR","@id":"https:\/\/www.webdo.tn\/fr\/#\/schema\/logo\/image\/","url":"https:\/\/www.webdo.tn\/fr\/wp-content\/uploads\/2025\/06\/Webdo-Tunisie_168377.jpg","contentUrl":"https:\/\/www.webdo.tn\/fr\/wp-content\/uploads\/2025\/06\/Webdo-Tunisie_168377.jpg","width":301,"height":301,"caption":"Webdo"},"image":{"@id":"https:\/\/www.webdo.tn\/fr\/#\/schema\/logo\/image\/"},"sameAs":["https:\/\/www.facebook.com\/webdotn","https:\/\/x.com\/webdo_tn"],"description":"Webdo est un m\u00e9dia num\u00e9rique tunisien fond\u00e9 en 2010, sp\u00e9cialis\u00e9 dans l\u2019actualit\u00e9 nationale et internationale, l\u2019\u00e9conomie, la soci\u00e9t\u00e9 et les analyses politiques. Le site s\u2019adresse \u00e0 un large public francophone et couvre l\u2019information tunisienne en temps r\u00e9el.","email":"redac@webdo.tn","legalName":"YNJ SARL","foundingDate":"2010-09-06","numberOfEmployees":{"@type":"QuantitativeValue","minValue":"11","maxValue":"50"}},{"@type":"Person","@id":"https:\/\/www.webdo.tn\/fr\/#\/schema\/person\/f35b42a42c5e2511bbd282959d6385cc","name":"CL","image":{"@type":"ImageObject","inLanguage":"fr-FR","@id":"https:\/\/secure.gravatar.com\/avatar\/1447a49909b67aa657c488aec6512e1dd6143a480c1ecfee9b5b5cd74eb3b59e?s=96&d=mm&r=g","url":"https:\/\/secure.gravatar.com\/avatar\/1447a49909b67aa657c488aec6512e1dd6143a480c1ecfee9b5b5cd74eb3b59e?s=96&d=mm&r=g","contentUrl":"https:\/\/secure.gravatar.com\/avatar\/1447a49909b67aa657c488aec6512e1dd6143a480c1ecfee9b5b5cd74eb3b59e?s=96&d=mm&r=g","caption":"CL"},"url":"https:\/\/www.webdo.tn\/fr\/actualite\/author\/cl\/"}]}},"_links":{"self":[{"href":"https:\/\/www.webdo.tn\/fr\/wp-json\/wp\/v2\/posts\/210672","targetHints":{"allow":["GET"]}}],"collection":[{"href":"https:\/\/www.webdo.tn\/fr\/wp-json\/wp\/v2\/posts"}],"about":[{"href":"https:\/\/www.webdo.tn\/fr\/wp-json\/wp\/v2\/types\/post"}],"author":[{"embeddable":true,"href":"https:\/\/www.webdo.tn\/fr\/wp-json\/wp\/v2\/users\/3175"}],"replies":[{"embeddable":true,"href":"https:\/\/www.webdo.tn\/fr\/wp-json\/wp\/v2\/comments?post=210672"}],"version-history":[{"count":0,"href":"https:\/\/www.webdo.tn\/fr\/wp-json\/wp\/v2\/posts\/210672\/revisions"}],"wp:featuredmedia":[{"embeddable":true,"href":"https:\/\/www.webdo.tn\/fr\/wp-json\/wp\/v2\/media\/248576"}],"wp:attachment":[{"href":"https:\/\/www.webdo.tn\/fr\/wp-json\/wp\/v2\/media?parent=210672"}],"wp:term":[{"taxonomy":"category","embeddable":true,"href":"https:\/\/www.webdo.tn\/fr\/wp-json\/wp\/v2\/categories?post=210672"},{"taxonomy":"post_tag","embeddable":true,"href":"https:\/\/www.webdo.tn\/fr\/wp-json\/wp\/v2\/tags?post=210672"}],"curies":[{"name":"wp","href":"https:\/\/api.w.org\/{rel}","templated":true}]}}