{"id":210662,"date":"2023-12-07T18:37:00","date_gmt":"2023-12-07T18:37:00","guid":{"rendered":"https:\/\/www.webdo.tn\/fr\/blog\/grand-tunis-l-approvisionnement-en-carburants-reprendra-normalement-dans-deux-jours\/210662\/"},"modified":"2025-05-20T22:39:08","modified_gmt":"2025-05-20T22:39:08","slug":"grand-tunis-l-approvisionnement-en-carburants-reprendra-normalement-dans-deux-jours","status":"publish","type":"post","link":"https:\/\/www.webdo.tn\/fr\/actualite\/national\/grand-tunis-l-approvisionnement-en-carburants-reprendra-normalement-dans-deux-jours\/210662\/","title":{"rendered":"Grand-Tunis : L&rsquo;approvisionnement en carburants reprendra normalement dans deux jours"},"content":{"rendered":"<p>\u00a0\u00bb L&rsquo;approvisionnement des stations-services du Grand Tunis en carburants, reprendra son rythme normal dans un \u00e0 deux jours au plus tard \u00a0\u00bb a d\u00e9clar\u00e9 \u00e0 l\u2019agence TAP, le PDG de la Soci\u00e9t\u00e9 Tunisienne des Industries de Raffinage (STIR), Afif Mabrouki, en r\u00e9action au manque de carburants observ\u00e9 dans plusieurs stations-services.<\/p>\n<p>Mabrouki a expliqu\u00e9 ce manque par la baisse de stock dans les entrep\u00f4ts de Rad\u00e8s relevant de la soci\u00e9t\u00e9, \u00e0 cause d\u2019un retard accus\u00e9 par un navire transportant des quantit\u00e9s d\u2019hydrocarbures. Lequel est arriv\u00e9 au port de Rad\u00e8s hier mercredi.<\/p>\n<p>\u00a0\u00bb Nous avons pris nos pr\u00e9cautions pour assurer un bon approvisionnement du march\u00e9 mais la ru\u00e9e des citoyens vers les stations-services, observ\u00e9e surtout dans la capitale Tunis, a \u00e9t\u00e9 derri\u00e8re le manque de carburant dans certaines stations\u00a0\u00bb a-t-il ajout\u00e9.<\/p>\n<p>Le responsable a fait savoir que la STIR va intensifier l\u2019approvisionnement \u00e0 partir des entrep\u00f4ts de Bizerte et de Skhira, en attendant le r\u00e9tablissement du rythme normal d\u2019approvisionnement \u00e0 partir des entrep\u00f4ts de Rad\u00e8s.<\/p>\n<p>Toujours selon lui, deux cargaisons suppl\u00e9mentaires de carburant d\u00e9barqueront dans les prochains jours pour r\u00e9pondre aux besoins du pays jusqu\u2019\u00e0 la mi-janvier 2024.<\/p>\n","protected":false},"excerpt":{"rendered":"<p>Mabrouki a expliqu\u00e9 ce manque par la baisse de stock dans les entrep\u00f4ts de Rad\u00e8s relevant de la soci\u00e9t\u00e9, \u00e0 cause d\u2019un retard accus\u00e9 par un navire transportant d&#8230;<\/p>\n","protected":false},"author":3175,"featured_media":248570,"comment_status":"open","ping_status":"closed","sticky":false,"template":"","format":"standard","meta":{"footnotes":""},"categories":[44],"tags":[4956,6729,6730,2608],"class_list":["post-210662","post","type-post","status-publish","format-standard","has-post-thumbnail","hentry","category-national","tag-carburant","tag-essence","tag-station-service","tag-tunisie"],"yoast_head":"<!-- This site is optimized with the Yoast SEO Premium plugin v27.5 (Yoast SEO v27.5) - https:\/\/yoast.com\/product\/yoast-seo-premium-wordpress\/ -->\n<title>Grand-Tunis : L&#039;approvisionnement en carburants reprendra normalement dans deux jours<\/title>\n<meta name=\"description\" content=\"Mabrouki a expliqu\u00e9 ce manque par la baisse de stock dans les entrep\u00f4ts de Rad\u00e8s relevant de la soci\u00e9t\u00e9, \u00e0 cause d\u2019un retard accus\u00e9 par un navire transportant d...\" \/>\n<link rel=\"canonical\" href=\"https:\/\/www.webdo.tn\/fr\/actualite\/national\/grand-tunis-l-approvisionnement-en-carburants-reprendra-normalement-dans-deux-jours\/210662\/\" \/>\n<meta property=\"og:locale\" content=\"fr_FR\" \/>\n<meta property=\"og:type\" content=\"article\" \/>\n<meta property=\"og:title\" content=\"Grand-Tunis : L&#039;approvisionnement en carburants reprendra normalement dans deux jours\" \/>\n<meta property=\"og:description\" content=\"Mabrouki a expliqu\u00e9 ce manque par la baisse de stock dans les entrep\u00f4ts de Rad\u00e8s relevant de la soci\u00e9t\u00e9, \u00e0 cause d\u2019un retard accus\u00e9 par un navire transportant d...\" \/>\n<meta property=\"og:url\" content=\"https:\/\/www.webdo.tn\/fr\/actualite\/national\/grand-tunis-l-approvisionnement-en-carburants-reprendra-normalement-dans-deux-jours\/210662\/\" \/>\n<meta property=\"og:site_name\" content=\"webdo\" \/>\n<meta property=\"article:publisher\" content=\"https:\/\/www.facebook.com\/webdotn\" \/>\n<meta property=\"article:published_time\" content=\"2023-12-07T18:37:00+00:00\" \/>\n<meta property=\"article:modified_time\" content=\"2025-05-20T22:39:08+00:00\" \/>\n<meta property=\"og:image\" content=\"https:\/\/www.webdo.tn\/fr\/wp-content\/uploads\/2023\/12\/37fd871c5616a4661c79209e261a8c07.jpg\" \/>\n\t<meta property=\"og:image:width\" content=\"728\" \/>\n\t<meta property=\"og:image:height\" content=\"388\" \/>\n\t<meta property=\"og:image:type\" content=\"image\/jpeg\" \/>\n<meta name=\"author\" content=\"CL\" \/>\n<meta name=\"twitter:card\" content=\"summary_large_image\" \/>\n<meta name=\"twitter:creator\" content=\"@webdo_tn\" \/>\n<meta name=\"twitter:site\" content=\"@webdo_tn\" \/>\n<meta name=\"twitter:label1\" content=\"\u00c9crit par\" \/>\n\t<meta name=\"twitter:data1\" content=\"CL\" \/>\n\t<meta name=\"twitter:label2\" content=\"Dur\u00e9e de lecture estim\u00e9e\" \/>\n\t<meta name=\"twitter:data2\" content=\"1 minute\" \/>\n<script type=\"application\/ld+json\" class=\"yoast-schema-graph\">{\"@context\":\"https:\\\/\\\/schema.org\",\"@graph\":[{\"@type\":\"NewsArticle\",\"@id\":\"https:\\\/\\\/www.webdo.tn\\\/fr\\\/actualite\\\/national\\\/grand-tunis-l-approvisionnement-en-carburants-reprendra-normalement-dans-deux-jours\\\/210662\\\/#article\",\"isPartOf\":{\"@id\":\"https:\\\/\\\/www.webdo.tn\\\/fr\\\/actualite\\\/national\\\/grand-tunis-l-approvisionnement-en-carburants-reprendra-normalement-dans-deux-jours\\\/210662\\\/\"},\"author\":{\"name\":\"CL\",\"@id\":\"https:\\\/\\\/www.webdo.tn\\\/fr\\\/#\\\/schema\\\/person\\\/f35b42a42c5e2511bbd282959d6385cc\"},\"headline\":\"Grand-Tunis : L&rsquo;approvisionnement en carburants reprendra normalement dans deux jours\",\"datePublished\":\"2023-12-07T18:37:00+00:00\",\"dateModified\":\"2025-05-20T22:39:08+00:00\",\"mainEntityOfPage\":{\"@id\":\"https:\\\/\\\/www.webdo.tn\\\/fr\\\/actualite\\\/national\\\/grand-tunis-l-approvisionnement-en-carburants-reprendra-normalement-dans-deux-jours\\\/210662\\\/\"},\"wordCount\":212,\"commentCount\":0,\"publisher\":{\"@id\":\"https:\\\/\\\/www.webdo.tn\\\/fr\\\/#organization\"},\"image\":{\"@id\":\"https:\\\/\\\/www.webdo.tn\\\/fr\\\/actualite\\\/national\\\/grand-tunis-l-approvisionnement-en-carburants-reprendra-normalement-dans-deux-jours\\\/210662\\\/#primaryimage\"},\"thumbnailUrl\":\"https:\\\/\\\/www.webdo.tn\\\/fr\\\/wp-content\\\/uploads\\\/2023\\\/12\\\/37fd871c5616a4661c79209e261a8c07.jpg\",\"keywords\":[\"carburant\",\"essence\",\"station-service\",\"Tunisie\"],\"articleSection\":[\"National\"],\"inLanguage\":\"fr-FR\"},{\"@type\":\"WebPage\",\"@id\":\"https:\\\/\\\/www.webdo.tn\\\/fr\\\/actualite\\\/national\\\/grand-tunis-l-approvisionnement-en-carburants-reprendra-normalement-dans-deux-jours\\\/210662\\\/\",\"url\":\"https:\\\/\\\/www.webdo.tn\\\/fr\\\/actualite\\\/national\\\/grand-tunis-l-approvisionnement-en-carburants-reprendra-normalement-dans-deux-jours\\\/210662\\\/\",\"name\":\"Grand-Tunis : L'approvisionnement en carburants reprendra normalement dans deux jours\",\"isPartOf\":{\"@id\":\"https:\\\/\\\/www.webdo.tn\\\/fr\\\/#website\"},\"primaryImageOfPage\":{\"@id\":\"https:\\\/\\\/www.webdo.tn\\\/fr\\\/actualite\\\/national\\\/grand-tunis-l-approvisionnement-en-carburants-reprendra-normalement-dans-deux-jours\\\/210662\\\/#primaryimage\"},\"image\":{\"@id\":\"https:\\\/\\\/www.webdo.tn\\\/fr\\\/actualite\\\/national\\\/grand-tunis-l-approvisionnement-en-carburants-reprendra-normalement-dans-deux-jours\\\/210662\\\/#primaryimage\"},\"thumbnailUrl\":\"https:\\\/\\\/www.webdo.tn\\\/fr\\\/wp-content\\\/uploads\\\/2023\\\/12\\\/37fd871c5616a4661c79209e261a8c07.jpg\",\"datePublished\":\"2023-12-07T18:37:00+00:00\",\"dateModified\":\"2025-05-20T22:39:08+00:00\",\"description\":\"Mabrouki a expliqu\u00e9 ce manque par la baisse de stock dans les entrep\u00f4ts de Rad\u00e8s relevant de la soci\u00e9t\u00e9, \u00e0 cause d\u2019un retard accus\u00e9 par un navire transportant d...\",\"breadcrumb\":{\"@id\":\"https:\\\/\\\/www.webdo.tn\\\/fr\\\/actualite\\\/national\\\/grand-tunis-l-approvisionnement-en-carburants-reprendra-normalement-dans-deux-jours\\\/210662\\\/#breadcrumb\"},\"inLanguage\":\"fr-FR\",\"potentialAction\":[{\"@type\":\"ReadAction\",\"target\":[\"https:\\\/\\\/www.webdo.tn\\\/fr\\\/actualite\\\/national\\\/grand-tunis-l-approvisionnement-en-carburants-reprendra-normalement-dans-deux-jours\\\/210662\\\/\"]}]},{\"@type\":\"ImageObject\",\"inLanguage\":\"fr-FR\",\"@id\":\"https:\\\/\\\/www.webdo.tn\\\/fr\\\/actualite\\\/national\\\/grand-tunis-l-approvisionnement-en-carburants-reprendra-normalement-dans-deux-jours\\\/210662\\\/#primaryimage\",\"url\":\"https:\\\/\\\/www.webdo.tn\\\/fr\\\/wp-content\\\/uploads\\\/2023\\\/12\\\/37fd871c5616a4661c79209e261a8c07.jpg\",\"contentUrl\":\"https:\\\/\\\/www.webdo.tn\\\/fr\\\/wp-content\\\/uploads\\\/2023\\\/12\\\/37fd871c5616a4661c79209e261a8c07.jpg\",\"width\":728,\"height\":388,\"caption\":\"Grand-Tunis : L'approvisionnement en carburants reprendra normalement dans deux jours\"},{\"@type\":\"BreadcrumbList\",\"@id\":\"https:\\\/\\\/www.webdo.tn\\\/fr\\\/actualite\\\/national\\\/grand-tunis-l-approvisionnement-en-carburants-reprendra-normalement-dans-deux-jours\\\/210662\\\/#breadcrumb\",\"itemListElement\":[{\"@type\":\"ListItem\",\"position\":1,\"name\":\"Accueil\",\"item\":\"https:\\\/\\\/www.webdo.tn\\\/fr\\\/\"},{\"@type\":\"ListItem\",\"position\":2,\"name\":\"Grand-Tunis : L&#8217;approvisionnement en carburants reprendra normalement dans deux jours\"}]},{\"@type\":\"WebSite\",\"@id\":\"https:\\\/\\\/www.webdo.tn\\\/fr\\\/#website\",\"url\":\"https:\\\/\\\/www.webdo.tn\\\/fr\\\/\",\"name\":\"webdo\",\"description\":\"Tunisie - News en Tunisie et \u00e0 l&#039;international sur Webdo.tn\",\"publisher\":{\"@id\":\"https:\\\/\\\/www.webdo.tn\\\/fr\\\/#organization\"},\"potentialAction\":[{\"@type\":\"SearchAction\",\"target\":{\"@type\":\"EntryPoint\",\"urlTemplate\":\"https:\\\/\\\/www.webdo.tn\\\/fr\\\/?s={search_term_string}\"},\"query-input\":{\"@type\":\"PropertyValueSpecification\",\"valueRequired\":true,\"valueName\":\"search_term_string\"}}],\"inLanguage\":\"fr-FR\"},{\"@type\":\"Organization\",\"@id\":\"https:\\\/\\\/www.webdo.tn\\\/fr\\\/#organization\",\"name\":\"Webdo\",\"alternateName\":\"Webdo.tn\",\"url\":\"https:\\\/\\\/www.webdo.tn\\\/fr\\\/\",\"logo\":{\"@type\":\"ImageObject\",\"inLanguage\":\"fr-FR\",\"@id\":\"https:\\\/\\\/www.webdo.tn\\\/fr\\\/#\\\/schema\\\/logo\\\/image\\\/\",\"url\":\"https:\\\/\\\/www.webdo.tn\\\/fr\\\/wp-content\\\/uploads\\\/2025\\\/06\\\/Webdo-Tunisie_168377.jpg\",\"contentUrl\":\"https:\\\/\\\/www.webdo.tn\\\/fr\\\/wp-content\\\/uploads\\\/2025\\\/06\\\/Webdo-Tunisie_168377.jpg\",\"width\":301,\"height\":301,\"caption\":\"Webdo\"},\"image\":{\"@id\":\"https:\\\/\\\/www.webdo.tn\\\/fr\\\/#\\\/schema\\\/logo\\\/image\\\/\"},\"sameAs\":[\"https:\\\/\\\/www.facebook.com\\\/webdotn\",\"https:\\\/\\\/x.com\\\/webdo_tn\"],\"description\":\"Webdo est un m\u00e9dia num\u00e9rique tunisien fond\u00e9 en 2010, sp\u00e9cialis\u00e9 dans l\u2019actualit\u00e9 nationale et internationale, l\u2019\u00e9conomie, la soci\u00e9t\u00e9 et les analyses politiques. Le site s\u2019adresse \u00e0 un large public francophone et couvre l\u2019information tunisienne en temps r\u00e9el.\",\"email\":\"redac@webdo.tn\",\"legalName\":\"YNJ SARL\",\"foundingDate\":\"2010-09-06\",\"numberOfEmployees\":{\"@type\":\"QuantitativeValue\",\"minValue\":\"11\",\"maxValue\":\"50\"}},{\"@type\":\"Person\",\"@id\":\"https:\\\/\\\/www.webdo.tn\\\/fr\\\/#\\\/schema\\\/person\\\/f35b42a42c5e2511bbd282959d6385cc\",\"name\":\"CL\",\"image\":{\"@type\":\"ImageObject\",\"inLanguage\":\"fr-FR\",\"@id\":\"https:\\\/\\\/secure.gravatar.com\\\/avatar\\\/1447a49909b67aa657c488aec6512e1dd6143a480c1ecfee9b5b5cd74eb3b59e?s=96&d=mm&r=g\",\"url\":\"https:\\\/\\\/secure.gravatar.com\\\/avatar\\\/1447a49909b67aa657c488aec6512e1dd6143a480c1ecfee9b5b5cd74eb3b59e?s=96&d=mm&r=g\",\"contentUrl\":\"https:\\\/\\\/secure.gravatar.com\\\/avatar\\\/1447a49909b67aa657c488aec6512e1dd6143a480c1ecfee9b5b5cd74eb3b59e?s=96&d=mm&r=g\",\"caption\":\"CL\"},\"url\":\"https:\\\/\\\/www.webdo.tn\\\/fr\\\/actualite\\\/author\\\/cl\\\/\"}]}<\/script>\n<!-- \/ Yoast SEO Premium plugin. -->","yoast_head_json":{"title":"Grand-Tunis : L'approvisionnement en carburants reprendra normalement dans deux jours","description":"Mabrouki a expliqu\u00e9 ce manque par la baisse de stock dans les entrep\u00f4ts de Rad\u00e8s relevant de la soci\u00e9t\u00e9, \u00e0 cause d\u2019un retard accus\u00e9 par un navire transportant d...","canonical":"https:\/\/www.webdo.tn\/fr\/actualite\/national\/grand-tunis-l-approvisionnement-en-carburants-reprendra-normalement-dans-deux-jours\/210662\/","og_locale":"fr_FR","og_type":"article","og_title":"Grand-Tunis : L'approvisionnement en carburants reprendra normalement dans deux jours","og_description":"Mabrouki a expliqu\u00e9 ce manque par la baisse de stock dans les entrep\u00f4ts de Rad\u00e8s relevant de la soci\u00e9t\u00e9, \u00e0 cause d\u2019un retard accus\u00e9 par un navire transportant d...","og_url":"https:\/\/www.webdo.tn\/fr\/actualite\/national\/grand-tunis-l-approvisionnement-en-carburants-reprendra-normalement-dans-deux-jours\/210662\/","og_site_name":"webdo","article_publisher":"https:\/\/www.facebook.com\/webdotn","article_published_time":"2023-12-07T18:37:00+00:00","article_modified_time":"2025-05-20T22:39:08+00:00","og_image":[{"width":728,"height":388,"url":"https:\/\/www.webdo.tn\/fr\/wp-content\/uploads\/2023\/12\/37fd871c5616a4661c79209e261a8c07.jpg","type":"image\/jpeg"}],"author":"CL","twitter_card":"summary_large_image","twitter_creator":"@webdo_tn","twitter_site":"@webdo_tn","twitter_misc":{"\u00c9crit par":"CL","Dur\u00e9e de lecture estim\u00e9e":"1 minute"},"schema":{"@context":"https:\/\/schema.org","@graph":[{"@type":"NewsArticle","@id":"https:\/\/www.webdo.tn\/fr\/actualite\/national\/grand-tunis-l-approvisionnement-en-carburants-reprendra-normalement-dans-deux-jours\/210662\/#article","isPartOf":{"@id":"https:\/\/www.webdo.tn\/fr\/actualite\/national\/grand-tunis-l-approvisionnement-en-carburants-reprendra-normalement-dans-deux-jours\/210662\/"},"author":{"name":"CL","@id":"https:\/\/www.webdo.tn\/fr\/#\/schema\/person\/f35b42a42c5e2511bbd282959d6385cc"},"headline":"Grand-Tunis : L&rsquo;approvisionnement en carburants reprendra normalement dans deux jours","datePublished":"2023-12-07T18:37:00+00:00","dateModified":"2025-05-20T22:39:08+00:00","mainEntityOfPage":{"@id":"https:\/\/www.webdo.tn\/fr\/actualite\/national\/grand-tunis-l-approvisionnement-en-carburants-reprendra-normalement-dans-deux-jours\/210662\/"},"wordCount":212,"commentCount":0,"publisher":{"@id":"https:\/\/www.webdo.tn\/fr\/#organization"},"image":{"@id":"https:\/\/www.webdo.tn\/fr\/actualite\/national\/grand-tunis-l-approvisionnement-en-carburants-reprendra-normalement-dans-deux-jours\/210662\/#primaryimage"},"thumbnailUrl":"https:\/\/www.webdo.tn\/fr\/wp-content\/uploads\/2023\/12\/37fd871c5616a4661c79209e261a8c07.jpg","keywords":["carburant","essence","station-service","Tunisie"],"articleSection":["National"],"inLanguage":"fr-FR"},{"@type":"WebPage","@id":"https:\/\/www.webdo.tn\/fr\/actualite\/national\/grand-tunis-l-approvisionnement-en-carburants-reprendra-normalement-dans-deux-jours\/210662\/","url":"https:\/\/www.webdo.tn\/fr\/actualite\/national\/grand-tunis-l-approvisionnement-en-carburants-reprendra-normalement-dans-deux-jours\/210662\/","name":"Grand-Tunis : L'approvisionnement en carburants reprendra normalement dans deux jours","isPartOf":{"@id":"https:\/\/www.webdo.tn\/fr\/#website"},"primaryImageOfPage":{"@id":"https:\/\/www.webdo.tn\/fr\/actualite\/national\/grand-tunis-l-approvisionnement-en-carburants-reprendra-normalement-dans-deux-jours\/210662\/#primaryimage"},"image":{"@id":"https:\/\/www.webdo.tn\/fr\/actualite\/national\/grand-tunis-l-approvisionnement-en-carburants-reprendra-normalement-dans-deux-jours\/210662\/#primaryimage"},"thumbnailUrl":"https:\/\/www.webdo.tn\/fr\/wp-content\/uploads\/2023\/12\/37fd871c5616a4661c79209e261a8c07.jpg","datePublished":"2023-12-07T18:37:00+00:00","dateModified":"2025-05-20T22:39:08+00:00","description":"Mabrouki a expliqu\u00e9 ce manque par la baisse de stock dans les entrep\u00f4ts de Rad\u00e8s relevant de la soci\u00e9t\u00e9, \u00e0 cause d\u2019un retard accus\u00e9 par un navire transportant d...","breadcrumb":{"@id":"https:\/\/www.webdo.tn\/fr\/actualite\/national\/grand-tunis-l-approvisionnement-en-carburants-reprendra-normalement-dans-deux-jours\/210662\/#breadcrumb"},"inLanguage":"fr-FR","potentialAction":[{"@type":"ReadAction","target":["https:\/\/www.webdo.tn\/fr\/actualite\/national\/grand-tunis-l-approvisionnement-en-carburants-reprendra-normalement-dans-deux-jours\/210662\/"]}]},{"@type":"ImageObject","inLanguage":"fr-FR","@id":"https:\/\/www.webdo.tn\/fr\/actualite\/national\/grand-tunis-l-approvisionnement-en-carburants-reprendra-normalement-dans-deux-jours\/210662\/#primaryimage","url":"https:\/\/www.webdo.tn\/fr\/wp-content\/uploads\/2023\/12\/37fd871c5616a4661c79209e261a8c07.jpg","contentUrl":"https:\/\/www.webdo.tn\/fr\/wp-content\/uploads\/2023\/12\/37fd871c5616a4661c79209e261a8c07.jpg","width":728,"height":388,"caption":"Grand-Tunis : L'approvisionnement en carburants reprendra normalement dans deux jours"},{"@type":"BreadcrumbList","@id":"https:\/\/www.webdo.tn\/fr\/actualite\/national\/grand-tunis-l-approvisionnement-en-carburants-reprendra-normalement-dans-deux-jours\/210662\/#breadcrumb","itemListElement":[{"@type":"ListItem","position":1,"name":"Accueil","item":"https:\/\/www.webdo.tn\/fr\/"},{"@type":"ListItem","position":2,"name":"Grand-Tunis : L&#8217;approvisionnement en carburants reprendra normalement dans deux jours"}]},{"@type":"WebSite","@id":"https:\/\/www.webdo.tn\/fr\/#website","url":"https:\/\/www.webdo.tn\/fr\/","name":"webdo","description":"Tunisie - News en Tunisie et \u00e0 l&#039;international sur Webdo.tn","publisher":{"@id":"https:\/\/www.webdo.tn\/fr\/#organization"},"potentialAction":[{"@type":"SearchAction","target":{"@type":"EntryPoint","urlTemplate":"https:\/\/www.webdo.tn\/fr\/?s={search_term_string}"},"query-input":{"@type":"PropertyValueSpecification","valueRequired":true,"valueName":"search_term_string"}}],"inLanguage":"fr-FR"},{"@type":"Organization","@id":"https:\/\/www.webdo.tn\/fr\/#organization","name":"Webdo","alternateName":"Webdo.tn","url":"https:\/\/www.webdo.tn\/fr\/","logo":{"@type":"ImageObject","inLanguage":"fr-FR","@id":"https:\/\/www.webdo.tn\/fr\/#\/schema\/logo\/image\/","url":"https:\/\/www.webdo.tn\/fr\/wp-content\/uploads\/2025\/06\/Webdo-Tunisie_168377.jpg","contentUrl":"https:\/\/www.webdo.tn\/fr\/wp-content\/uploads\/2025\/06\/Webdo-Tunisie_168377.jpg","width":301,"height":301,"caption":"Webdo"},"image":{"@id":"https:\/\/www.webdo.tn\/fr\/#\/schema\/logo\/image\/"},"sameAs":["https:\/\/www.facebook.com\/webdotn","https:\/\/x.com\/webdo_tn"],"description":"Webdo est un m\u00e9dia num\u00e9rique tunisien fond\u00e9 en 2010, sp\u00e9cialis\u00e9 dans l\u2019actualit\u00e9 nationale et internationale, l\u2019\u00e9conomie, la soci\u00e9t\u00e9 et les analyses politiques. Le site s\u2019adresse \u00e0 un large public francophone et couvre l\u2019information tunisienne en temps r\u00e9el.","email":"redac@webdo.tn","legalName":"YNJ SARL","foundingDate":"2010-09-06","numberOfEmployees":{"@type":"QuantitativeValue","minValue":"11","maxValue":"50"}},{"@type":"Person","@id":"https:\/\/www.webdo.tn\/fr\/#\/schema\/person\/f35b42a42c5e2511bbd282959d6385cc","name":"CL","image":{"@type":"ImageObject","inLanguage":"fr-FR","@id":"https:\/\/secure.gravatar.com\/avatar\/1447a49909b67aa657c488aec6512e1dd6143a480c1ecfee9b5b5cd74eb3b59e?s=96&d=mm&r=g","url":"https:\/\/secure.gravatar.com\/avatar\/1447a49909b67aa657c488aec6512e1dd6143a480c1ecfee9b5b5cd74eb3b59e?s=96&d=mm&r=g","contentUrl":"https:\/\/secure.gravatar.com\/avatar\/1447a49909b67aa657c488aec6512e1dd6143a480c1ecfee9b5b5cd74eb3b59e?s=96&d=mm&r=g","caption":"CL"},"url":"https:\/\/www.webdo.tn\/fr\/actualite\/author\/cl\/"}]}},"_links":{"self":[{"href":"https:\/\/www.webdo.tn\/fr\/wp-json\/wp\/v2\/posts\/210662","targetHints":{"allow":["GET"]}}],"collection":[{"href":"https:\/\/www.webdo.tn\/fr\/wp-json\/wp\/v2\/posts"}],"about":[{"href":"https:\/\/www.webdo.tn\/fr\/wp-json\/wp\/v2\/types\/post"}],"author":[{"embeddable":true,"href":"https:\/\/www.webdo.tn\/fr\/wp-json\/wp\/v2\/users\/3175"}],"replies":[{"embeddable":true,"href":"https:\/\/www.webdo.tn\/fr\/wp-json\/wp\/v2\/comments?post=210662"}],"version-history":[{"count":0,"href":"https:\/\/www.webdo.tn\/fr\/wp-json\/wp\/v2\/posts\/210662\/revisions"}],"wp:featuredmedia":[{"embeddable":true,"href":"https:\/\/www.webdo.tn\/fr\/wp-json\/wp\/v2\/media\/248570"}],"wp:attachment":[{"href":"https:\/\/www.webdo.tn\/fr\/wp-json\/wp\/v2\/media?parent=210662"}],"wp:term":[{"taxonomy":"category","embeddable":true,"href":"https:\/\/www.webdo.tn\/fr\/wp-json\/wp\/v2\/categories?post=210662"},{"taxonomy":"post_tag","embeddable":true,"href":"https:\/\/www.webdo.tn\/fr\/wp-json\/wp\/v2\/tags?post=210662"}],"curies":[{"name":"wp","href":"https:\/\/api.w.org\/{rel}","templated":true}]}}