{"id":210659,"date":"2023-12-07T15:26:00","date_gmt":"2023-12-07T15:26:00","guid":{"rendered":"https:\/\/www.webdo.tn\/fr\/blog\/nouveau-bilan-de-17-177-martyrs-a-gaza\/210659\/"},"modified":"2025-05-20T22:11:00","modified_gmt":"2025-05-20T22:11:00","slug":"nouveau-bilan-de-17-177-martyrs-a-gaza","status":"publish","type":"post","link":"https:\/\/www.webdo.tn\/fr\/actualite\/international\/nouveau-bilan-de-17-177-martyrs-a-gaza\/210659\/","title":{"rendered":"Nouveau bilan de 17.177 martyrs \u00e0 Gaza"},"content":{"rendered":"<p>Le minist\u00e8re de la Sant\u00e9 palestinien \u00e0 Gaza a annonc\u00e9, jeudi 7 d\u00e9cembre 2023, que les bombardements isra\u00e9liens dans la bande de Gaza avaient fait 17.177 morts, \u00e0 70% des femmes et des enfants et jeunes de moins de 18 ans, en deux mois de guerre.<\/p>\n<p>\t\t\t\t\t\t\t\t\tLe bilan fait \u00e9galement \u00e9tat de plus de 42.000 bless\u00e9s. Les Palestiniens morts, tu\u00e9s en majorit\u00e9 dans des frappes a\u00e9riennes, sont \u00e0 plus de 70% des enfants (plus de 7000 tu\u00e9s) et des femmes (plus de 5000).<\/p>\n<p>Le minist\u00e8re a pr\u00e9cis\u00e9 que 350 personnes avaient trouv\u00e9 la mort au cours des derni\u00e8res 24 heures, alors que les op\u00e9rations militaires isra\u00e9liennes, lanc\u00e9es dans le nord de Gaza s&rsquo;\u00e9tendent d\u00e9sormais \u00e0 l&rsquo;ensemble du petit territoire surpeupl\u00e9.<\/p>\n<p>Les d\u00e9clarations chocs de l\u2019ONU<\/p>\n<p>Dans ce contexte, les Nations unies continuent d\u2019alerter l\u2019opinion publique sur le sort des civils palestiniens de la bande de Gaza faute de pouvoir agir.<\/p>\n<p>Le Secr\u00e9taire g\u00e9n\u00e9ral de l\u2019ONU, Antonio Guterres est mont\u00e9 plusieurs fois au cr\u00e9neau, s\u2019attirant d\u2019ailleurs les foudres du gouvernement isra\u00e9lien. Au d\u00e9but du conflit, il s\u2019est ainsi dit \u00ab\u00a0profond\u00e9ment inquiet concernant les claires violations du droit international humanitaire que nous voyons \u00e0 Gaza. Soyons clairs : aucune partie \u00e0 un conflit arm\u00e9 n\u2019est au-dessus du droit humanitaire international\u00a0\u00bb.<\/p>\n<p>Plus tard, il a d\u00e9crit la bande de Gaza comme \u00ab\u00a0un cimeti\u00e8re pour les enfants\u00a0\u00bb. Au moment de la tr\u00eave, Antonio Guterres a affirm\u00e9 devant le Conseil de s\u00e9curit\u00e9 de l\u2019ONU que les habitants de la bande de Gaza vivaient \u00ab\u00a0une catastrophe humanitaire monumentale, sous les yeux du monde. Nous ne devons pas d\u00e9tourner les yeux\u00a0\u00bb.<\/p>\n<p>De son c\u00f4t\u00e9, le haut-commissaire de l\u2019ONU aux droits de l\u2019Homme, Volker T\u00fcrk, a affirm\u00e9 mercredi 6 d\u00e9cembre que les Palestiniens \u00e0 Gaza vivent dans \u00ab\u00a0l\u2019horreur la plus totale, qui ne fait qu\u2019empirer\u00a0\u00bb.<\/p>\n<p>Le Fonds des Nations unies pour l\u2019enfance (Unicef) s\u2019est \u00e9galement fait entendre par la voix de son porte-parole, James Elder. Vendredi 2 d\u00e9cembre, apr\u00e8s la fin de la tr\u00eave, il a d\u00e9nonc\u00e9 \u00ab\u00a0ceux qui ont d\u00e9cid\u00e9 que la tuerie des enfants pouvait reprendre\u00a0\u00bb. \u00ab\u00a0Accepter le sacrifice des enfants de Gaza, c\u2019est l\u2019humanit\u00e9 qui abandonne\u00a0\u00bb. \u00ab\u00a0L\u2019inaction est, par essence, un feu vert donn\u00e9 \u00e0 la tuerie des enfants\u00a0\u00bb, a-t-il aussi affirm\u00e9.<\/p>\n","protected":false},"excerpt":{"rendered":"<p>Le minist\u00e8re a pr\u00e9cis\u00e9 que 350 personnes avaient trouv\u00e9 la mort au cours des derni\u00e8res 24 heures, alors que les op\u00e9rations militaires isra\u00e9liennes, lanc\u00e9es dans&#8230;<\/p>\n","protected":false},"author":3162,"featured_media":289947,"comment_status":"open","ping_status":"closed","sticky":false,"template":"","format":"standard","meta":{"footnotes":""},"categories":[2598],"tags":[2689,4472],"class_list":["post-210659","post","type-post","status-publish","format-standard","has-post-thumbnail","hentry","category-international","tag-gaza","tag-martyrs"],"yoast_head":"<!-- This site is optimized with the Yoast SEO Premium plugin v27.5 (Yoast SEO v27.5) - https:\/\/yoast.com\/product\/yoast-seo-premium-wordpress\/ -->\n<title>Nouveau bilan de 17.177 martyrs \u00e0 Gaza<\/title>\n<meta name=\"description\" content=\"Le minist\u00e8re a pr\u00e9cis\u00e9 que 350 personnes avaient trouv\u00e9 la mort au cours des derni\u00e8res 24 heures, alors que les op\u00e9rations militaires isra\u00e9liennes, lanc\u00e9es dans...\" \/>\n<link rel=\"canonical\" href=\"https:\/\/www.webdo.tn\/fr\/actualite\/international\/nouveau-bilan-de-17-177-martyrs-a-gaza\/210659\/\" \/>\n<meta property=\"og:locale\" content=\"fr_FR\" \/>\n<meta property=\"og:type\" content=\"article\" \/>\n<meta property=\"og:title\" content=\"Nouveau bilan de 17.177 martyrs \u00e0 Gaza\" \/>\n<meta property=\"og:description\" content=\"Le minist\u00e8re a pr\u00e9cis\u00e9 que 350 personnes avaient trouv\u00e9 la mort au cours des derni\u00e8res 24 heures, alors que les op\u00e9rations militaires isra\u00e9liennes, lanc\u00e9es dans...\" \/>\n<meta property=\"og:url\" content=\"https:\/\/www.webdo.tn\/fr\/actualite\/international\/nouveau-bilan-de-17-177-martyrs-a-gaza\/210659\/\" \/>\n<meta property=\"og:site_name\" content=\"webdo\" \/>\n<meta property=\"article:publisher\" content=\"https:\/\/www.facebook.com\/webdotn\" \/>\n<meta property=\"article:published_time\" content=\"2023-12-07T15:26:00+00:00\" \/>\n<meta property=\"article:modified_time\" content=\"2025-05-20T22:11:00+00:00\" \/>\n<meta property=\"og:image\" content=\"https:\/\/www.webdo.tn\/fr\/wp-content\/uploads\/2023\/12\/685174539df3f17d49a7a20a354c4975.jpg\" \/>\n\t<meta property=\"og:image:width\" content=\"750\" \/>\n\t<meta property=\"og:image:height\" content=\"400\" \/>\n\t<meta property=\"og:image:type\" content=\"image\/jpeg\" \/>\n<meta name=\"author\" content=\"MC\" \/>\n<meta name=\"twitter:card\" content=\"summary_large_image\" \/>\n<meta name=\"twitter:creator\" content=\"@webdo_tn\" \/>\n<meta name=\"twitter:site\" content=\"@webdo_tn\" \/>\n<meta name=\"twitter:label1\" content=\"\u00c9crit par\" \/>\n\t<meta name=\"twitter:data1\" content=\"MC\" \/>\n\t<meta name=\"twitter:label2\" content=\"Dur\u00e9e de lecture estim\u00e9e\" \/>\n\t<meta name=\"twitter:data2\" content=\"2 minutes\" \/>\n<script type=\"application\/ld+json\" class=\"yoast-schema-graph\">{\"@context\":\"https:\\\/\\\/schema.org\",\"@graph\":[{\"@type\":\"NewsArticle\",\"@id\":\"https:\\\/\\\/www.webdo.tn\\\/fr\\\/actualite\\\/international\\\/nouveau-bilan-de-17-177-martyrs-a-gaza\\\/210659\\\/#article\",\"isPartOf\":{\"@id\":\"https:\\\/\\\/www.webdo.tn\\\/fr\\\/actualite\\\/international\\\/nouveau-bilan-de-17-177-martyrs-a-gaza\\\/210659\\\/\"},\"author\":{\"name\":\"MC\",\"@id\":\"https:\\\/\\\/www.webdo.tn\\\/fr\\\/#\\\/schema\\\/person\\\/2c4929cbf5a809e3bd38617c6ce150f6\"},\"headline\":\"Nouveau bilan de 17.177 martyrs \u00e0 Gaza\",\"datePublished\":\"2023-12-07T15:26:00+00:00\",\"dateModified\":\"2025-05-20T22:11:00+00:00\",\"mainEntityOfPage\":{\"@id\":\"https:\\\/\\\/www.webdo.tn\\\/fr\\\/actualite\\\/international\\\/nouveau-bilan-de-17-177-martyrs-a-gaza\\\/210659\\\/\"},\"wordCount\":405,\"commentCount\":0,\"publisher\":{\"@id\":\"https:\\\/\\\/www.webdo.tn\\\/fr\\\/#organization\"},\"image\":{\"@id\":\"https:\\\/\\\/www.webdo.tn\\\/fr\\\/actualite\\\/international\\\/nouveau-bilan-de-17-177-martyrs-a-gaza\\\/210659\\\/#primaryimage\"},\"thumbnailUrl\":\"https:\\\/\\\/www.webdo.tn\\\/fr\\\/wp-content\\\/uploads\\\/2023\\\/12\\\/685174539df3f17d49a7a20a354c4975.jpg\",\"keywords\":[\"Gaza\",\"Martyrs\"],\"articleSection\":[\"International\"],\"inLanguage\":\"fr-FR\"},{\"@type\":\"WebPage\",\"@id\":\"https:\\\/\\\/www.webdo.tn\\\/fr\\\/actualite\\\/international\\\/nouveau-bilan-de-17-177-martyrs-a-gaza\\\/210659\\\/\",\"url\":\"https:\\\/\\\/www.webdo.tn\\\/fr\\\/actualite\\\/international\\\/nouveau-bilan-de-17-177-martyrs-a-gaza\\\/210659\\\/\",\"name\":\"Nouveau bilan de 17.177 martyrs \u00e0 Gaza\",\"isPartOf\":{\"@id\":\"https:\\\/\\\/www.webdo.tn\\\/fr\\\/#website\"},\"primaryImageOfPage\":{\"@id\":\"https:\\\/\\\/www.webdo.tn\\\/fr\\\/actualite\\\/international\\\/nouveau-bilan-de-17-177-martyrs-a-gaza\\\/210659\\\/#primaryimage\"},\"image\":{\"@id\":\"https:\\\/\\\/www.webdo.tn\\\/fr\\\/actualite\\\/international\\\/nouveau-bilan-de-17-177-martyrs-a-gaza\\\/210659\\\/#primaryimage\"},\"thumbnailUrl\":\"https:\\\/\\\/www.webdo.tn\\\/fr\\\/wp-content\\\/uploads\\\/2023\\\/12\\\/685174539df3f17d49a7a20a354c4975.jpg\",\"datePublished\":\"2023-12-07T15:26:00+00:00\",\"dateModified\":\"2025-05-20T22:11:00+00:00\",\"description\":\"Le minist\u00e8re a pr\u00e9cis\u00e9 que 350 personnes avaient trouv\u00e9 la mort au cours des derni\u00e8res 24 heures, alors que les op\u00e9rations militaires isra\u00e9liennes, lanc\u00e9es dans...\",\"breadcrumb\":{\"@id\":\"https:\\\/\\\/www.webdo.tn\\\/fr\\\/actualite\\\/international\\\/nouveau-bilan-de-17-177-martyrs-a-gaza\\\/210659\\\/#breadcrumb\"},\"inLanguage\":\"fr-FR\",\"potentialAction\":[{\"@type\":\"ReadAction\",\"target\":[\"https:\\\/\\\/www.webdo.tn\\\/fr\\\/actualite\\\/international\\\/nouveau-bilan-de-17-177-martyrs-a-gaza\\\/210659\\\/\"]}]},{\"@type\":\"ImageObject\",\"inLanguage\":\"fr-FR\",\"@id\":\"https:\\\/\\\/www.webdo.tn\\\/fr\\\/actualite\\\/international\\\/nouveau-bilan-de-17-177-martyrs-a-gaza\\\/210659\\\/#primaryimage\",\"url\":\"https:\\\/\\\/www.webdo.tn\\\/fr\\\/wp-content\\\/uploads\\\/2023\\\/12\\\/685174539df3f17d49a7a20a354c4975.jpg\",\"contentUrl\":\"https:\\\/\\\/www.webdo.tn\\\/fr\\\/wp-content\\\/uploads\\\/2023\\\/12\\\/685174539df3f17d49a7a20a354c4975.jpg\",\"width\":750,\"height\":400,\"caption\":\"Nouveau bilan de 17.177 martyrs \u00e0 Gaza\"},{\"@type\":\"BreadcrumbList\",\"@id\":\"https:\\\/\\\/www.webdo.tn\\\/fr\\\/actualite\\\/international\\\/nouveau-bilan-de-17-177-martyrs-a-gaza\\\/210659\\\/#breadcrumb\",\"itemListElement\":[{\"@type\":\"ListItem\",\"position\":1,\"name\":\"Accueil\",\"item\":\"https:\\\/\\\/www.webdo.tn\\\/fr\\\/\"},{\"@type\":\"ListItem\",\"position\":2,\"name\":\"Nouveau bilan de 17.177 martyrs \u00e0 Gaza\"}]},{\"@type\":\"WebSite\",\"@id\":\"https:\\\/\\\/www.webdo.tn\\\/fr\\\/#website\",\"url\":\"https:\\\/\\\/www.webdo.tn\\\/fr\\\/\",\"name\":\"webdo\",\"description\":\"Tunisie - News en Tunisie et \u00e0 l&#039;international sur Webdo.tn\",\"publisher\":{\"@id\":\"https:\\\/\\\/www.webdo.tn\\\/fr\\\/#organization\"},\"potentialAction\":[{\"@type\":\"SearchAction\",\"target\":{\"@type\":\"EntryPoint\",\"urlTemplate\":\"https:\\\/\\\/www.webdo.tn\\\/fr\\\/?s={search_term_string}\"},\"query-input\":{\"@type\":\"PropertyValueSpecification\",\"valueRequired\":true,\"valueName\":\"search_term_string\"}}],\"inLanguage\":\"fr-FR\"},{\"@type\":\"Organization\",\"@id\":\"https:\\\/\\\/www.webdo.tn\\\/fr\\\/#organization\",\"name\":\"Webdo\",\"alternateName\":\"Webdo.tn\",\"url\":\"https:\\\/\\\/www.webdo.tn\\\/fr\\\/\",\"logo\":{\"@type\":\"ImageObject\",\"inLanguage\":\"fr-FR\",\"@id\":\"https:\\\/\\\/www.webdo.tn\\\/fr\\\/#\\\/schema\\\/logo\\\/image\\\/\",\"url\":\"https:\\\/\\\/www.webdo.tn\\\/fr\\\/wp-content\\\/uploads\\\/2025\\\/06\\\/Webdo-Tunisie_168377.jpg\",\"contentUrl\":\"https:\\\/\\\/www.webdo.tn\\\/fr\\\/wp-content\\\/uploads\\\/2025\\\/06\\\/Webdo-Tunisie_168377.jpg\",\"width\":301,\"height\":301,\"caption\":\"Webdo\"},\"image\":{\"@id\":\"https:\\\/\\\/www.webdo.tn\\\/fr\\\/#\\\/schema\\\/logo\\\/image\\\/\"},\"sameAs\":[\"https:\\\/\\\/www.facebook.com\\\/webdotn\",\"https:\\\/\\\/x.com\\\/webdo_tn\"],\"description\":\"Webdo est un m\u00e9dia num\u00e9rique tunisien fond\u00e9 en 2010, sp\u00e9cialis\u00e9 dans l\u2019actualit\u00e9 nationale et internationale, l\u2019\u00e9conomie, la soci\u00e9t\u00e9 et les analyses politiques. Le site s\u2019adresse \u00e0 un large public francophone et couvre l\u2019information tunisienne en temps r\u00e9el.\",\"email\":\"redac@webdo.tn\",\"legalName\":\"YNJ SARL\",\"foundingDate\":\"2010-09-06\",\"numberOfEmployees\":{\"@type\":\"QuantitativeValue\",\"minValue\":\"11\",\"maxValue\":\"50\"}},{\"@type\":\"Person\",\"@id\":\"https:\\\/\\\/www.webdo.tn\\\/fr\\\/#\\\/schema\\\/person\\\/2c4929cbf5a809e3bd38617c6ce150f6\",\"name\":\"MC\",\"image\":{\"@type\":\"ImageObject\",\"inLanguage\":\"fr-FR\",\"@id\":\"https:\\\/\\\/secure.gravatar.com\\\/avatar\\\/a545bbb6f84efdd5553dbbc2895e3ca8f1d12c5215e00a041c9670b54aa9b18a?s=96&d=mm&r=g\",\"url\":\"https:\\\/\\\/secure.gravatar.com\\\/avatar\\\/a545bbb6f84efdd5553dbbc2895e3ca8f1d12c5215e00a041c9670b54aa9b18a?s=96&d=mm&r=g\",\"contentUrl\":\"https:\\\/\\\/secure.gravatar.com\\\/avatar\\\/a545bbb6f84efdd5553dbbc2895e3ca8f1d12c5215e00a041c9670b54aa9b18a?s=96&d=mm&r=g\",\"caption\":\"MC\"},\"url\":\"https:\\\/\\\/www.webdo.tn\\\/fr\\\/actualite\\\/author\\\/mc\\\/\"}]}<\/script>\n<!-- \/ Yoast SEO Premium plugin. -->","yoast_head_json":{"title":"Nouveau bilan de 17.177 martyrs \u00e0 Gaza","description":"Le minist\u00e8re a pr\u00e9cis\u00e9 que 350 personnes avaient trouv\u00e9 la mort au cours des derni\u00e8res 24 heures, alors que les op\u00e9rations militaires isra\u00e9liennes, lanc\u00e9es dans...","canonical":"https:\/\/www.webdo.tn\/fr\/actualite\/international\/nouveau-bilan-de-17-177-martyrs-a-gaza\/210659\/","og_locale":"fr_FR","og_type":"article","og_title":"Nouveau bilan de 17.177 martyrs \u00e0 Gaza","og_description":"Le minist\u00e8re a pr\u00e9cis\u00e9 que 350 personnes avaient trouv\u00e9 la mort au cours des derni\u00e8res 24 heures, alors que les op\u00e9rations militaires isra\u00e9liennes, lanc\u00e9es dans...","og_url":"https:\/\/www.webdo.tn\/fr\/actualite\/international\/nouveau-bilan-de-17-177-martyrs-a-gaza\/210659\/","og_site_name":"webdo","article_publisher":"https:\/\/www.facebook.com\/webdotn","article_published_time":"2023-12-07T15:26:00+00:00","article_modified_time":"2025-05-20T22:11:00+00:00","og_image":[{"width":750,"height":400,"url":"https:\/\/www.webdo.tn\/fr\/wp-content\/uploads\/2023\/12\/685174539df3f17d49a7a20a354c4975.jpg","type":"image\/jpeg"}],"author":"MC","twitter_card":"summary_large_image","twitter_creator":"@webdo_tn","twitter_site":"@webdo_tn","twitter_misc":{"\u00c9crit par":"MC","Dur\u00e9e de lecture estim\u00e9e":"2 minutes"},"schema":{"@context":"https:\/\/schema.org","@graph":[{"@type":"NewsArticle","@id":"https:\/\/www.webdo.tn\/fr\/actualite\/international\/nouveau-bilan-de-17-177-martyrs-a-gaza\/210659\/#article","isPartOf":{"@id":"https:\/\/www.webdo.tn\/fr\/actualite\/international\/nouveau-bilan-de-17-177-martyrs-a-gaza\/210659\/"},"author":{"name":"MC","@id":"https:\/\/www.webdo.tn\/fr\/#\/schema\/person\/2c4929cbf5a809e3bd38617c6ce150f6"},"headline":"Nouveau bilan de 17.177 martyrs \u00e0 Gaza","datePublished":"2023-12-07T15:26:00+00:00","dateModified":"2025-05-20T22:11:00+00:00","mainEntityOfPage":{"@id":"https:\/\/www.webdo.tn\/fr\/actualite\/international\/nouveau-bilan-de-17-177-martyrs-a-gaza\/210659\/"},"wordCount":405,"commentCount":0,"publisher":{"@id":"https:\/\/www.webdo.tn\/fr\/#organization"},"image":{"@id":"https:\/\/www.webdo.tn\/fr\/actualite\/international\/nouveau-bilan-de-17-177-martyrs-a-gaza\/210659\/#primaryimage"},"thumbnailUrl":"https:\/\/www.webdo.tn\/fr\/wp-content\/uploads\/2023\/12\/685174539df3f17d49a7a20a354c4975.jpg","keywords":["Gaza","Martyrs"],"articleSection":["International"],"inLanguage":"fr-FR"},{"@type":"WebPage","@id":"https:\/\/www.webdo.tn\/fr\/actualite\/international\/nouveau-bilan-de-17-177-martyrs-a-gaza\/210659\/","url":"https:\/\/www.webdo.tn\/fr\/actualite\/international\/nouveau-bilan-de-17-177-martyrs-a-gaza\/210659\/","name":"Nouveau bilan de 17.177 martyrs \u00e0 Gaza","isPartOf":{"@id":"https:\/\/www.webdo.tn\/fr\/#website"},"primaryImageOfPage":{"@id":"https:\/\/www.webdo.tn\/fr\/actualite\/international\/nouveau-bilan-de-17-177-martyrs-a-gaza\/210659\/#primaryimage"},"image":{"@id":"https:\/\/www.webdo.tn\/fr\/actualite\/international\/nouveau-bilan-de-17-177-martyrs-a-gaza\/210659\/#primaryimage"},"thumbnailUrl":"https:\/\/www.webdo.tn\/fr\/wp-content\/uploads\/2023\/12\/685174539df3f17d49a7a20a354c4975.jpg","datePublished":"2023-12-07T15:26:00+00:00","dateModified":"2025-05-20T22:11:00+00:00","description":"Le minist\u00e8re a pr\u00e9cis\u00e9 que 350 personnes avaient trouv\u00e9 la mort au cours des derni\u00e8res 24 heures, alors que les op\u00e9rations militaires isra\u00e9liennes, lanc\u00e9es dans...","breadcrumb":{"@id":"https:\/\/www.webdo.tn\/fr\/actualite\/international\/nouveau-bilan-de-17-177-martyrs-a-gaza\/210659\/#breadcrumb"},"inLanguage":"fr-FR","potentialAction":[{"@type":"ReadAction","target":["https:\/\/www.webdo.tn\/fr\/actualite\/international\/nouveau-bilan-de-17-177-martyrs-a-gaza\/210659\/"]}]},{"@type":"ImageObject","inLanguage":"fr-FR","@id":"https:\/\/www.webdo.tn\/fr\/actualite\/international\/nouveau-bilan-de-17-177-martyrs-a-gaza\/210659\/#primaryimage","url":"https:\/\/www.webdo.tn\/fr\/wp-content\/uploads\/2023\/12\/685174539df3f17d49a7a20a354c4975.jpg","contentUrl":"https:\/\/www.webdo.tn\/fr\/wp-content\/uploads\/2023\/12\/685174539df3f17d49a7a20a354c4975.jpg","width":750,"height":400,"caption":"Nouveau bilan de 17.177 martyrs \u00e0 Gaza"},{"@type":"BreadcrumbList","@id":"https:\/\/www.webdo.tn\/fr\/actualite\/international\/nouveau-bilan-de-17-177-martyrs-a-gaza\/210659\/#breadcrumb","itemListElement":[{"@type":"ListItem","position":1,"name":"Accueil","item":"https:\/\/www.webdo.tn\/fr\/"},{"@type":"ListItem","position":2,"name":"Nouveau bilan de 17.177 martyrs \u00e0 Gaza"}]},{"@type":"WebSite","@id":"https:\/\/www.webdo.tn\/fr\/#website","url":"https:\/\/www.webdo.tn\/fr\/","name":"webdo","description":"Tunisie - News en Tunisie et \u00e0 l&#039;international sur Webdo.tn","publisher":{"@id":"https:\/\/www.webdo.tn\/fr\/#organization"},"potentialAction":[{"@type":"SearchAction","target":{"@type":"EntryPoint","urlTemplate":"https:\/\/www.webdo.tn\/fr\/?s={search_term_string}"},"query-input":{"@type":"PropertyValueSpecification","valueRequired":true,"valueName":"search_term_string"}}],"inLanguage":"fr-FR"},{"@type":"Organization","@id":"https:\/\/www.webdo.tn\/fr\/#organization","name":"Webdo","alternateName":"Webdo.tn","url":"https:\/\/www.webdo.tn\/fr\/","logo":{"@type":"ImageObject","inLanguage":"fr-FR","@id":"https:\/\/www.webdo.tn\/fr\/#\/schema\/logo\/image\/","url":"https:\/\/www.webdo.tn\/fr\/wp-content\/uploads\/2025\/06\/Webdo-Tunisie_168377.jpg","contentUrl":"https:\/\/www.webdo.tn\/fr\/wp-content\/uploads\/2025\/06\/Webdo-Tunisie_168377.jpg","width":301,"height":301,"caption":"Webdo"},"image":{"@id":"https:\/\/www.webdo.tn\/fr\/#\/schema\/logo\/image\/"},"sameAs":["https:\/\/www.facebook.com\/webdotn","https:\/\/x.com\/webdo_tn"],"description":"Webdo est un m\u00e9dia num\u00e9rique tunisien fond\u00e9 en 2010, sp\u00e9cialis\u00e9 dans l\u2019actualit\u00e9 nationale et internationale, l\u2019\u00e9conomie, la soci\u00e9t\u00e9 et les analyses politiques. Le site s\u2019adresse \u00e0 un large public francophone et couvre l\u2019information tunisienne en temps r\u00e9el.","email":"redac@webdo.tn","legalName":"YNJ SARL","foundingDate":"2010-09-06","numberOfEmployees":{"@type":"QuantitativeValue","minValue":"11","maxValue":"50"}},{"@type":"Person","@id":"https:\/\/www.webdo.tn\/fr\/#\/schema\/person\/2c4929cbf5a809e3bd38617c6ce150f6","name":"MC","image":{"@type":"ImageObject","inLanguage":"fr-FR","@id":"https:\/\/secure.gravatar.com\/avatar\/a545bbb6f84efdd5553dbbc2895e3ca8f1d12c5215e00a041c9670b54aa9b18a?s=96&d=mm&r=g","url":"https:\/\/secure.gravatar.com\/avatar\/a545bbb6f84efdd5553dbbc2895e3ca8f1d12c5215e00a041c9670b54aa9b18a?s=96&d=mm&r=g","contentUrl":"https:\/\/secure.gravatar.com\/avatar\/a545bbb6f84efdd5553dbbc2895e3ca8f1d12c5215e00a041c9670b54aa9b18a?s=96&d=mm&r=g","caption":"MC"},"url":"https:\/\/www.webdo.tn\/fr\/actualite\/author\/mc\/"}]}},"_links":{"self":[{"href":"https:\/\/www.webdo.tn\/fr\/wp-json\/wp\/v2\/posts\/210659","targetHints":{"allow":["GET"]}}],"collection":[{"href":"https:\/\/www.webdo.tn\/fr\/wp-json\/wp\/v2\/posts"}],"about":[{"href":"https:\/\/www.webdo.tn\/fr\/wp-json\/wp\/v2\/types\/post"}],"author":[{"embeddable":true,"href":"https:\/\/www.webdo.tn\/fr\/wp-json\/wp\/v2\/users\/3162"}],"replies":[{"embeddable":true,"href":"https:\/\/www.webdo.tn\/fr\/wp-json\/wp\/v2\/comments?post=210659"}],"version-history":[{"count":0,"href":"https:\/\/www.webdo.tn\/fr\/wp-json\/wp\/v2\/posts\/210659\/revisions"}],"wp:featuredmedia":[{"embeddable":true,"href":"https:\/\/www.webdo.tn\/fr\/wp-json\/wp\/v2\/media\/289947"}],"wp:attachment":[{"href":"https:\/\/www.webdo.tn\/fr\/wp-json\/wp\/v2\/media?parent=210659"}],"wp:term":[{"taxonomy":"category","embeddable":true,"href":"https:\/\/www.webdo.tn\/fr\/wp-json\/wp\/v2\/categories?post=210659"},{"taxonomy":"post_tag","embeddable":true,"href":"https:\/\/www.webdo.tn\/fr\/wp-json\/wp\/v2\/tags?post=210659"}],"curies":[{"name":"wp","href":"https:\/\/api.w.org\/{rel}","templated":true}]}}