{"id":210622,"date":"2023-12-06T14:48:00","date_gmt":"2023-12-06T14:48:00","guid":{"rendered":"https:\/\/www.webdo.tn\/fr\/blog\/un-soldat-libanais-tue-dans-une-frappe-israelienne\/210622\/"},"modified":"2025-05-20T22:39:13","modified_gmt":"2025-05-20T22:39:13","slug":"un-soldat-libanais-tue-dans-une-frappe-israelienne","status":"publish","type":"post","link":"https:\/\/www.webdo.tn\/fr\/actualite\/international\/un-soldat-libanais-tue-dans-une-frappe-israelienne\/210622\/","title":{"rendered":"Un soldat libanais tu\u00e9 dans une frappe isra\u00e9lienne"},"content":{"rendered":"<p>Une frappe isra\u00e9lienne ciblant le sud libanais a tu\u00e9 un soldat libanais, le premier depuis le d\u00e9but le 8 octobre des \u00e9changes de tirs quasi quotidiens \u00e0 la fronti\u00e8re entre Isra\u00ebl et le Hezbollah.<\/p>\n<p>\t\t\t\t\t\t\t\t\t\u00a0<\/p>\n<p>Plusieurs autres bless\u00e9s ont \u00e9t\u00e9 signal\u00e9s dans ces frappes in\u00e9dites depuis le d\u00e9but du conflit, alors que la communaut\u00e9 internationale avertit contre l\u2019embrasement de la guerre.\u00a0<\/p>\n<p>La France a rapidement r\u00e9agi \u00e0 ces frappes et a exprim\u00e9 sa \u00ab vive inqui\u00e9tude par la poursuite des affrontements \u00e0 la fronti\u00e8re entre le Liban et Isra\u00ebl \u00bb.\u00a0<\/p>\n<p>La porte-parole du Quai d&rsquo;Orsay a appel\u00e9 dans un communiqu\u00e9 \u00ab\u00a0toutes les parties\u00a0\u00bb \u00e0 \u00ab\u00a0la plus grande retenue\u00a0\u00bb. L&rsquo;arm\u00e9e isra\u00e9lienne affirme n&rsquo;avoir pas cibl\u00e9 les forces arm\u00e9es libanaises, mais une position du mouvement arm\u00e9 libanais Hezbollah.<\/p>\n","protected":false},"excerpt":{"rendered":"<p>Plusieurs autres bless\u00e9s ont \u00e9t\u00e9 signal\u00e9s dans ces frappes in\u00e9dites depuis le d\u00e9but du conflit, alors que la communaut\u00e9 internationale avertit contre l\u2019embrasem&#8230;<\/p>\n","protected":false},"author":3175,"featured_media":248589,"comment_status":"open","ping_status":"closed","sticky":false,"template":"","format":"standard","meta":{"footnotes":""},"categories":[2598],"tags":[2600,2636,3920],"class_list":["post-210622","post","type-post","status-publish","format-standard","has-post-thumbnail","hentry","category-international","tag-guerre","tag-israel","tag-liban"],"yoast_head":"<!-- This site is optimized with the Yoast SEO Premium plugin v27.4 (Yoast SEO v27.5) - https:\/\/yoast.com\/product\/yoast-seo-premium-wordpress\/ -->\n<title>Un soldat libanais tu\u00e9 dans une frappe isra\u00e9lienne<\/title>\n<meta name=\"description\" content=\"Plusieurs autres bless\u00e9s ont \u00e9t\u00e9 signal\u00e9s dans ces frappes in\u00e9dites depuis le d\u00e9but du conflit, alors que la communaut\u00e9 internationale avertit contre l\u2019embrasem...\" \/>\n<link rel=\"canonical\" href=\"https:\/\/www.webdo.tn\/fr\/actualite\/international\/un-soldat-libanais-tue-dans-une-frappe-israelienne\/210622\/\" \/>\n<meta property=\"og:locale\" content=\"fr_FR\" \/>\n<meta property=\"og:type\" content=\"article\" \/>\n<meta property=\"og:title\" content=\"Un soldat libanais tu\u00e9 dans une frappe isra\u00e9lienne\" \/>\n<meta property=\"og:description\" content=\"Plusieurs autres bless\u00e9s ont \u00e9t\u00e9 signal\u00e9s dans ces frappes in\u00e9dites depuis le d\u00e9but du conflit, alors que la communaut\u00e9 internationale avertit contre l\u2019embrasem...\" \/>\n<meta property=\"og:url\" content=\"https:\/\/www.webdo.tn\/fr\/actualite\/international\/un-soldat-libanais-tue-dans-une-frappe-israelienne\/210622\/\" \/>\n<meta property=\"og:site_name\" content=\"webdo\" \/>\n<meta property=\"article:publisher\" content=\"https:\/\/www.facebook.com\/webdotn\" \/>\n<meta property=\"article:published_time\" content=\"2023-12-06T14:48:00+00:00\" \/>\n<meta property=\"article:modified_time\" content=\"2025-05-20T22:39:13+00:00\" \/>\n<meta property=\"og:image\" content=\"https:\/\/www.webdo.tn\/fr\/wp-content\/uploads\/2023\/12\/aae21ce5965b73eef77cf62cf3f0ac39.jpg\" \/>\n\t<meta property=\"og:image:width\" content=\"750\" \/>\n\t<meta property=\"og:image:height\" content=\"400\" \/>\n\t<meta property=\"og:image:type\" content=\"image\/jpeg\" \/>\n<meta name=\"author\" content=\"CL\" \/>\n<meta name=\"twitter:card\" content=\"summary_large_image\" \/>\n<meta name=\"twitter:creator\" content=\"@webdo_tn\" \/>\n<meta name=\"twitter:site\" content=\"@webdo_tn\" \/>\n<meta name=\"twitter:label1\" content=\"\u00c9crit par\" \/>\n\t<meta name=\"twitter:data1\" content=\"CL\" \/>\n\t<meta name=\"twitter:label2\" content=\"Dur\u00e9e de lecture estim\u00e9e\" \/>\n\t<meta name=\"twitter:data2\" content=\"1 minute\" \/>\n<script type=\"application\/ld+json\" class=\"yoast-schema-graph\">{\"@context\":\"https:\\\/\\\/schema.org\",\"@graph\":[{\"@type\":\"NewsArticle\",\"@id\":\"https:\\\/\\\/www.webdo.tn\\\/fr\\\/actualite\\\/international\\\/un-soldat-libanais-tue-dans-une-frappe-israelienne\\\/210622\\\/#article\",\"isPartOf\":{\"@id\":\"https:\\\/\\\/www.webdo.tn\\\/fr\\\/actualite\\\/international\\\/un-soldat-libanais-tue-dans-une-frappe-israelienne\\\/210622\\\/\"},\"author\":{\"name\":\"CL\",\"@id\":\"https:\\\/\\\/www.webdo.tn\\\/fr\\\/#\\\/schema\\\/person\\\/f35b42a42c5e2511bbd282959d6385cc\"},\"headline\":\"Un soldat libanais tu\u00e9 dans une frappe isra\u00e9lienne\",\"datePublished\":\"2023-12-06T14:48:00+00:00\",\"dateModified\":\"2025-05-20T22:39:13+00:00\",\"mainEntityOfPage\":{\"@id\":\"https:\\\/\\\/www.webdo.tn\\\/fr\\\/actualite\\\/international\\\/un-soldat-libanais-tue-dans-une-frappe-israelienne\\\/210622\\\/\"},\"wordCount\":146,\"commentCount\":0,\"publisher\":{\"@id\":\"https:\\\/\\\/www.webdo.tn\\\/fr\\\/#organization\"},\"image\":{\"@id\":\"https:\\\/\\\/www.webdo.tn\\\/fr\\\/actualite\\\/international\\\/un-soldat-libanais-tue-dans-une-frappe-israelienne\\\/210622\\\/#primaryimage\"},\"thumbnailUrl\":\"https:\\\/\\\/www.webdo.tn\\\/fr\\\/wp-content\\\/uploads\\\/2023\\\/12\\\/aae21ce5965b73eef77cf62cf3f0ac39.jpg\",\"keywords\":[\"guerre\",\"isra\u00ebl\",\"liban\"],\"articleSection\":[\"International\"],\"inLanguage\":\"fr-FR\"},{\"@type\":\"WebPage\",\"@id\":\"https:\\\/\\\/www.webdo.tn\\\/fr\\\/actualite\\\/international\\\/un-soldat-libanais-tue-dans-une-frappe-israelienne\\\/210622\\\/\",\"url\":\"https:\\\/\\\/www.webdo.tn\\\/fr\\\/actualite\\\/international\\\/un-soldat-libanais-tue-dans-une-frappe-israelienne\\\/210622\\\/\",\"name\":\"Un soldat libanais tu\u00e9 dans une frappe isra\u00e9lienne\",\"isPartOf\":{\"@id\":\"https:\\\/\\\/www.webdo.tn\\\/fr\\\/#website\"},\"primaryImageOfPage\":{\"@id\":\"https:\\\/\\\/www.webdo.tn\\\/fr\\\/actualite\\\/international\\\/un-soldat-libanais-tue-dans-une-frappe-israelienne\\\/210622\\\/#primaryimage\"},\"image\":{\"@id\":\"https:\\\/\\\/www.webdo.tn\\\/fr\\\/actualite\\\/international\\\/un-soldat-libanais-tue-dans-une-frappe-israelienne\\\/210622\\\/#primaryimage\"},\"thumbnailUrl\":\"https:\\\/\\\/www.webdo.tn\\\/fr\\\/wp-content\\\/uploads\\\/2023\\\/12\\\/aae21ce5965b73eef77cf62cf3f0ac39.jpg\",\"datePublished\":\"2023-12-06T14:48:00+00:00\",\"dateModified\":\"2025-05-20T22:39:13+00:00\",\"description\":\"Plusieurs autres bless\u00e9s ont \u00e9t\u00e9 signal\u00e9s dans ces frappes in\u00e9dites depuis le d\u00e9but du conflit, alors que la communaut\u00e9 internationale avertit contre l\u2019embrasem...\",\"breadcrumb\":{\"@id\":\"https:\\\/\\\/www.webdo.tn\\\/fr\\\/actualite\\\/international\\\/un-soldat-libanais-tue-dans-une-frappe-israelienne\\\/210622\\\/#breadcrumb\"},\"inLanguage\":\"fr-FR\",\"potentialAction\":[{\"@type\":\"ReadAction\",\"target\":[\"https:\\\/\\\/www.webdo.tn\\\/fr\\\/actualite\\\/international\\\/un-soldat-libanais-tue-dans-une-frappe-israelienne\\\/210622\\\/\"]}]},{\"@type\":\"ImageObject\",\"inLanguage\":\"fr-FR\",\"@id\":\"https:\\\/\\\/www.webdo.tn\\\/fr\\\/actualite\\\/international\\\/un-soldat-libanais-tue-dans-une-frappe-israelienne\\\/210622\\\/#primaryimage\",\"url\":\"https:\\\/\\\/www.webdo.tn\\\/fr\\\/wp-content\\\/uploads\\\/2023\\\/12\\\/aae21ce5965b73eef77cf62cf3f0ac39.jpg\",\"contentUrl\":\"https:\\\/\\\/www.webdo.tn\\\/fr\\\/wp-content\\\/uploads\\\/2023\\\/12\\\/aae21ce5965b73eef77cf62cf3f0ac39.jpg\",\"width\":750,\"height\":400,\"caption\":\"Un soldat libanais tu\u00e9 dans une frappe isra\u00e9lienne\"},{\"@type\":\"BreadcrumbList\",\"@id\":\"https:\\\/\\\/www.webdo.tn\\\/fr\\\/actualite\\\/international\\\/un-soldat-libanais-tue-dans-une-frappe-israelienne\\\/210622\\\/#breadcrumb\",\"itemListElement\":[{\"@type\":\"ListItem\",\"position\":1,\"name\":\"Accueil\",\"item\":\"https:\\\/\\\/www.webdo.tn\\\/fr\\\/\"},{\"@type\":\"ListItem\",\"position\":2,\"name\":\"Un soldat libanais tu\u00e9 dans une frappe isra\u00e9lienne\"}]},{\"@type\":\"WebSite\",\"@id\":\"https:\\\/\\\/www.webdo.tn\\\/fr\\\/#website\",\"url\":\"https:\\\/\\\/www.webdo.tn\\\/fr\\\/\",\"name\":\"webdo\",\"description\":\"Tunisie - News en Tunisie et \u00e0 l&#039;international sur Webdo.tn\",\"publisher\":{\"@id\":\"https:\\\/\\\/www.webdo.tn\\\/fr\\\/#organization\"},\"potentialAction\":[{\"@type\":\"SearchAction\",\"target\":{\"@type\":\"EntryPoint\",\"urlTemplate\":\"https:\\\/\\\/www.webdo.tn\\\/fr\\\/?s={search_term_string}\"},\"query-input\":{\"@type\":\"PropertyValueSpecification\",\"valueRequired\":true,\"valueName\":\"search_term_string\"}}],\"inLanguage\":\"fr-FR\"},{\"@type\":\"Organization\",\"@id\":\"https:\\\/\\\/www.webdo.tn\\\/fr\\\/#organization\",\"name\":\"Webdo\",\"alternateName\":\"Webdo.tn\",\"url\":\"https:\\\/\\\/www.webdo.tn\\\/fr\\\/\",\"logo\":{\"@type\":\"ImageObject\",\"inLanguage\":\"fr-FR\",\"@id\":\"https:\\\/\\\/www.webdo.tn\\\/fr\\\/#\\\/schema\\\/logo\\\/image\\\/\",\"url\":\"https:\\\/\\\/www.webdo.tn\\\/fr\\\/wp-content\\\/uploads\\\/2025\\\/06\\\/Webdo-Tunisie_168377.jpg\",\"contentUrl\":\"https:\\\/\\\/www.webdo.tn\\\/fr\\\/wp-content\\\/uploads\\\/2025\\\/06\\\/Webdo-Tunisie_168377.jpg\",\"width\":301,\"height\":301,\"caption\":\"Webdo\"},\"image\":{\"@id\":\"https:\\\/\\\/www.webdo.tn\\\/fr\\\/#\\\/schema\\\/logo\\\/image\\\/\"},\"sameAs\":[\"https:\\\/\\\/www.facebook.com\\\/webdotn\",\"https:\\\/\\\/x.com\\\/webdo_tn\"],\"description\":\"Webdo est un m\u00e9dia num\u00e9rique tunisien fond\u00e9 en 2010, sp\u00e9cialis\u00e9 dans l\u2019actualit\u00e9 nationale et internationale, l\u2019\u00e9conomie, la soci\u00e9t\u00e9 et les analyses politiques. Le site s\u2019adresse \u00e0 un large public francophone et couvre l\u2019information tunisienne en temps r\u00e9el.\",\"email\":\"redac@webdo.tn\",\"legalName\":\"YNJ SARL\",\"foundingDate\":\"2010-09-06\",\"numberOfEmployees\":{\"@type\":\"QuantitativeValue\",\"minValue\":\"11\",\"maxValue\":\"50\"}},{\"@type\":\"Person\",\"@id\":\"https:\\\/\\\/www.webdo.tn\\\/fr\\\/#\\\/schema\\\/person\\\/f35b42a42c5e2511bbd282959d6385cc\",\"name\":\"CL\",\"image\":{\"@type\":\"ImageObject\",\"inLanguage\":\"fr-FR\",\"@id\":\"https:\\\/\\\/secure.gravatar.com\\\/avatar\\\/1447a49909b67aa657c488aec6512e1dd6143a480c1ecfee9b5b5cd74eb3b59e?s=96&d=mm&r=g\",\"url\":\"https:\\\/\\\/secure.gravatar.com\\\/avatar\\\/1447a49909b67aa657c488aec6512e1dd6143a480c1ecfee9b5b5cd74eb3b59e?s=96&d=mm&r=g\",\"contentUrl\":\"https:\\\/\\\/secure.gravatar.com\\\/avatar\\\/1447a49909b67aa657c488aec6512e1dd6143a480c1ecfee9b5b5cd74eb3b59e?s=96&d=mm&r=g\",\"caption\":\"CL\"},\"url\":\"https:\\\/\\\/www.webdo.tn\\\/fr\\\/actualite\\\/author\\\/cl\\\/\"}]}<\/script>\n<!-- \/ Yoast SEO Premium plugin. -->","yoast_head_json":{"title":"Un soldat libanais tu\u00e9 dans une frappe isra\u00e9lienne","description":"Plusieurs autres bless\u00e9s ont \u00e9t\u00e9 signal\u00e9s dans ces frappes in\u00e9dites depuis le d\u00e9but du conflit, alors que la communaut\u00e9 internationale avertit contre l\u2019embrasem...","canonical":"https:\/\/www.webdo.tn\/fr\/actualite\/international\/un-soldat-libanais-tue-dans-une-frappe-israelienne\/210622\/","og_locale":"fr_FR","og_type":"article","og_title":"Un soldat libanais tu\u00e9 dans une frappe isra\u00e9lienne","og_description":"Plusieurs autres bless\u00e9s ont \u00e9t\u00e9 signal\u00e9s dans ces frappes in\u00e9dites depuis le d\u00e9but du conflit, alors que la communaut\u00e9 internationale avertit contre l\u2019embrasem...","og_url":"https:\/\/www.webdo.tn\/fr\/actualite\/international\/un-soldat-libanais-tue-dans-une-frappe-israelienne\/210622\/","og_site_name":"webdo","article_publisher":"https:\/\/www.facebook.com\/webdotn","article_published_time":"2023-12-06T14:48:00+00:00","article_modified_time":"2025-05-20T22:39:13+00:00","og_image":[{"width":750,"height":400,"url":"https:\/\/www.webdo.tn\/fr\/wp-content\/uploads\/2023\/12\/aae21ce5965b73eef77cf62cf3f0ac39.jpg","type":"image\/jpeg"}],"author":"CL","twitter_card":"summary_large_image","twitter_creator":"@webdo_tn","twitter_site":"@webdo_tn","twitter_misc":{"\u00c9crit par":"CL","Dur\u00e9e de lecture estim\u00e9e":"1 minute"},"schema":{"@context":"https:\/\/schema.org","@graph":[{"@type":"NewsArticle","@id":"https:\/\/www.webdo.tn\/fr\/actualite\/international\/un-soldat-libanais-tue-dans-une-frappe-israelienne\/210622\/#article","isPartOf":{"@id":"https:\/\/www.webdo.tn\/fr\/actualite\/international\/un-soldat-libanais-tue-dans-une-frappe-israelienne\/210622\/"},"author":{"name":"CL","@id":"https:\/\/www.webdo.tn\/fr\/#\/schema\/person\/f35b42a42c5e2511bbd282959d6385cc"},"headline":"Un soldat libanais tu\u00e9 dans une frappe isra\u00e9lienne","datePublished":"2023-12-06T14:48:00+00:00","dateModified":"2025-05-20T22:39:13+00:00","mainEntityOfPage":{"@id":"https:\/\/www.webdo.tn\/fr\/actualite\/international\/un-soldat-libanais-tue-dans-une-frappe-israelienne\/210622\/"},"wordCount":146,"commentCount":0,"publisher":{"@id":"https:\/\/www.webdo.tn\/fr\/#organization"},"image":{"@id":"https:\/\/www.webdo.tn\/fr\/actualite\/international\/un-soldat-libanais-tue-dans-une-frappe-israelienne\/210622\/#primaryimage"},"thumbnailUrl":"https:\/\/www.webdo.tn\/fr\/wp-content\/uploads\/2023\/12\/aae21ce5965b73eef77cf62cf3f0ac39.jpg","keywords":["guerre","isra\u00ebl","liban"],"articleSection":["International"],"inLanguage":"fr-FR"},{"@type":"WebPage","@id":"https:\/\/www.webdo.tn\/fr\/actualite\/international\/un-soldat-libanais-tue-dans-une-frappe-israelienne\/210622\/","url":"https:\/\/www.webdo.tn\/fr\/actualite\/international\/un-soldat-libanais-tue-dans-une-frappe-israelienne\/210622\/","name":"Un soldat libanais tu\u00e9 dans une frappe isra\u00e9lienne","isPartOf":{"@id":"https:\/\/www.webdo.tn\/fr\/#website"},"primaryImageOfPage":{"@id":"https:\/\/www.webdo.tn\/fr\/actualite\/international\/un-soldat-libanais-tue-dans-une-frappe-israelienne\/210622\/#primaryimage"},"image":{"@id":"https:\/\/www.webdo.tn\/fr\/actualite\/international\/un-soldat-libanais-tue-dans-une-frappe-israelienne\/210622\/#primaryimage"},"thumbnailUrl":"https:\/\/www.webdo.tn\/fr\/wp-content\/uploads\/2023\/12\/aae21ce5965b73eef77cf62cf3f0ac39.jpg","datePublished":"2023-12-06T14:48:00+00:00","dateModified":"2025-05-20T22:39:13+00:00","description":"Plusieurs autres bless\u00e9s ont \u00e9t\u00e9 signal\u00e9s dans ces frappes in\u00e9dites depuis le d\u00e9but du conflit, alors que la communaut\u00e9 internationale avertit contre l\u2019embrasem...","breadcrumb":{"@id":"https:\/\/www.webdo.tn\/fr\/actualite\/international\/un-soldat-libanais-tue-dans-une-frappe-israelienne\/210622\/#breadcrumb"},"inLanguage":"fr-FR","potentialAction":[{"@type":"ReadAction","target":["https:\/\/www.webdo.tn\/fr\/actualite\/international\/un-soldat-libanais-tue-dans-une-frappe-israelienne\/210622\/"]}]},{"@type":"ImageObject","inLanguage":"fr-FR","@id":"https:\/\/www.webdo.tn\/fr\/actualite\/international\/un-soldat-libanais-tue-dans-une-frappe-israelienne\/210622\/#primaryimage","url":"https:\/\/www.webdo.tn\/fr\/wp-content\/uploads\/2023\/12\/aae21ce5965b73eef77cf62cf3f0ac39.jpg","contentUrl":"https:\/\/www.webdo.tn\/fr\/wp-content\/uploads\/2023\/12\/aae21ce5965b73eef77cf62cf3f0ac39.jpg","width":750,"height":400,"caption":"Un soldat libanais tu\u00e9 dans une frappe isra\u00e9lienne"},{"@type":"BreadcrumbList","@id":"https:\/\/www.webdo.tn\/fr\/actualite\/international\/un-soldat-libanais-tue-dans-une-frappe-israelienne\/210622\/#breadcrumb","itemListElement":[{"@type":"ListItem","position":1,"name":"Accueil","item":"https:\/\/www.webdo.tn\/fr\/"},{"@type":"ListItem","position":2,"name":"Un soldat libanais tu\u00e9 dans une frappe isra\u00e9lienne"}]},{"@type":"WebSite","@id":"https:\/\/www.webdo.tn\/fr\/#website","url":"https:\/\/www.webdo.tn\/fr\/","name":"webdo","description":"Tunisie - News en Tunisie et \u00e0 l&#039;international sur Webdo.tn","publisher":{"@id":"https:\/\/www.webdo.tn\/fr\/#organization"},"potentialAction":[{"@type":"SearchAction","target":{"@type":"EntryPoint","urlTemplate":"https:\/\/www.webdo.tn\/fr\/?s={search_term_string}"},"query-input":{"@type":"PropertyValueSpecification","valueRequired":true,"valueName":"search_term_string"}}],"inLanguage":"fr-FR"},{"@type":"Organization","@id":"https:\/\/www.webdo.tn\/fr\/#organization","name":"Webdo","alternateName":"Webdo.tn","url":"https:\/\/www.webdo.tn\/fr\/","logo":{"@type":"ImageObject","inLanguage":"fr-FR","@id":"https:\/\/www.webdo.tn\/fr\/#\/schema\/logo\/image\/","url":"https:\/\/www.webdo.tn\/fr\/wp-content\/uploads\/2025\/06\/Webdo-Tunisie_168377.jpg","contentUrl":"https:\/\/www.webdo.tn\/fr\/wp-content\/uploads\/2025\/06\/Webdo-Tunisie_168377.jpg","width":301,"height":301,"caption":"Webdo"},"image":{"@id":"https:\/\/www.webdo.tn\/fr\/#\/schema\/logo\/image\/"},"sameAs":["https:\/\/www.facebook.com\/webdotn","https:\/\/x.com\/webdo_tn"],"description":"Webdo est un m\u00e9dia num\u00e9rique tunisien fond\u00e9 en 2010, sp\u00e9cialis\u00e9 dans l\u2019actualit\u00e9 nationale et internationale, l\u2019\u00e9conomie, la soci\u00e9t\u00e9 et les analyses politiques. Le site s\u2019adresse \u00e0 un large public francophone et couvre l\u2019information tunisienne en temps r\u00e9el.","email":"redac@webdo.tn","legalName":"YNJ SARL","foundingDate":"2010-09-06","numberOfEmployees":{"@type":"QuantitativeValue","minValue":"11","maxValue":"50"}},{"@type":"Person","@id":"https:\/\/www.webdo.tn\/fr\/#\/schema\/person\/f35b42a42c5e2511bbd282959d6385cc","name":"CL","image":{"@type":"ImageObject","inLanguage":"fr-FR","@id":"https:\/\/secure.gravatar.com\/avatar\/1447a49909b67aa657c488aec6512e1dd6143a480c1ecfee9b5b5cd74eb3b59e?s=96&d=mm&r=g","url":"https:\/\/secure.gravatar.com\/avatar\/1447a49909b67aa657c488aec6512e1dd6143a480c1ecfee9b5b5cd74eb3b59e?s=96&d=mm&r=g","contentUrl":"https:\/\/secure.gravatar.com\/avatar\/1447a49909b67aa657c488aec6512e1dd6143a480c1ecfee9b5b5cd74eb3b59e?s=96&d=mm&r=g","caption":"CL"},"url":"https:\/\/www.webdo.tn\/fr\/actualite\/author\/cl\/"}]}},"_links":{"self":[{"href":"https:\/\/www.webdo.tn\/fr\/wp-json\/wp\/v2\/posts\/210622","targetHints":{"allow":["GET"]}}],"collection":[{"href":"https:\/\/www.webdo.tn\/fr\/wp-json\/wp\/v2\/posts"}],"about":[{"href":"https:\/\/www.webdo.tn\/fr\/wp-json\/wp\/v2\/types\/post"}],"author":[{"embeddable":true,"href":"https:\/\/www.webdo.tn\/fr\/wp-json\/wp\/v2\/users\/3175"}],"replies":[{"embeddable":true,"href":"https:\/\/www.webdo.tn\/fr\/wp-json\/wp\/v2\/comments?post=210622"}],"version-history":[{"count":0,"href":"https:\/\/www.webdo.tn\/fr\/wp-json\/wp\/v2\/posts\/210622\/revisions"}],"wp:featuredmedia":[{"embeddable":true,"href":"https:\/\/www.webdo.tn\/fr\/wp-json\/wp\/v2\/media\/248589"}],"wp:attachment":[{"href":"https:\/\/www.webdo.tn\/fr\/wp-json\/wp\/v2\/media?parent=210622"}],"wp:term":[{"taxonomy":"category","embeddable":true,"href":"https:\/\/www.webdo.tn\/fr\/wp-json\/wp\/v2\/categories?post=210622"},{"taxonomy":"post_tag","embeddable":true,"href":"https:\/\/www.webdo.tn\/fr\/wp-json\/wp\/v2\/tags?post=210622"}],"curies":[{"name":"wp","href":"https:\/\/api.w.org\/{rel}","templated":true}]}}