{"id":210617,"date":"2023-12-06T11:15:00","date_gmt":"2023-12-06T11:15:00","guid":{"rendered":"https:\/\/www.webdo.tn\/fr\/blog\/comment-les-entreprises-beneficient-de-l-intelligence-artificielle\/210617\/"},"modified":"2023-12-06T11:15:00","modified_gmt":"2023-12-06T11:15:00","slug":"comment-les-entreprises-beneficient-de-l-intelligence-artificielle","status":"publish","type":"post","link":"https:\/\/www.webdo.tn\/fr\/actualite\/national\/comment-les-entreprises-beneficient-de-l-intelligence-artificielle\/210617\/","title":{"rendered":"Comment les entreprises b\u00e9n\u00e9ficient de l&rsquo;Intelligence Artificielle"},"content":{"rendered":"<p>Une conf\u00e9rence sur l&rsquo;Intelligence Artificielle aura lieu le 14 d\u00e9cembre \u00e0 la Cit\u00e9 des sciences sur le th\u00e8me \u00ab\u00a0Explorer l&rsquo;Avenir : Comment l&rsquo;IA peut am\u00e9liorer les performances des entreprises ?\u00a0\u00bb<\/p>\n<p>\t\t\t\t\t\t\t\t\tC&rsquo;est sous le patronage du ministre de l\u2019Enseignement sup\u00e9rieur et de la Recherche scientifique que le Conseil de Gouvernance \u00c9conomique Belgo-Tunisien, en collaboration avec la Cit\u00e9 des sciences \u00e0 Tunis, l\u2019ambassade de Belgique en Tunisie et la D\u00e9l\u00e9gation g\u00e9n\u00e9rale Wallonie-Bruxelles en Tunisie organise une conf\u00e9rence sur l&rsquo;Intelligence Artificielle.<\/p>\n<p>Intitul\u00e9e \u00ab\u00a0Explorer l\u2019Avenir : Comment l\u2019Intelligence Artificielle peut-elle am\u00e9liorer les performances des entreprises ?\u00a0\u00bb, cette conf\u00e9rence aura lieu le 14 d\u00e9cembre \u00e0 15h \u00e0 la Cit\u00e9 des sciences.<\/p>\n<p>Cet \u00e9v\u00e9nement r\u00e9unira des dirigeants d&rsquo;entreprise, des cadres de petites et moyennes entreprises, des chercheurs, des repr\u00e9sentants du monde diplomatique, des membres de la soci\u00e9t\u00e9 civile et des acteurs du monde acad\u00e9mique.<\/p>\n<p>L&rsquo;objectif est de r\u00e9fl\u00e9chir aux applications concr\u00e8tes de l&rsquo;IA au sein des entreprises. Des success stories d\u2019entreprises tunisiennes, belges (Wallonie) et europ\u00e9ennes \u0153uvrant dans ce domaine seront \u00e9galement pr\u00e9sent\u00e9es au cours de cette conf\u00e9rence.<\/p>\n","protected":false},"excerpt":{"rendered":"<p>Intitul\u00e9e  Explorer l\u2019Avenir : Comment l\u2019Intelligence Artificielle peut-elle am\u00e9liorer les performances des entreprises ? , cette conf\u00e9rence aura lieu le 14 d\u00e9c&#8230;<\/p>\n","protected":false},"author":3229,"featured_media":289943,"comment_status":"open","ping_status":"closed","sticky":false,"template":"","format":"standard","meta":{"footnotes":""},"categories":[44],"tags":[3621,2957,2640],"class_list":["post-210617","post","type-post","status-publish","format-standard","has-post-thumbnail","hentry","category-national","tag-cite-des-sciences","tag-intelligence-artificielle","tag-tunis"],"yoast_head":"<!-- This site is optimized with the Yoast SEO Premium plugin v27.4 (Yoast SEO v27.4) - https:\/\/yoast.com\/product\/yoast-seo-premium-wordpress\/ -->\n<title>Comment les entreprises b\u00e9n\u00e9ficient de l&#039;Intelligence Artificielle<\/title>\n<meta name=\"description\" content=\"Intitul\u00e9e Explorer l\u2019Avenir : Comment l\u2019Intelligence Artificielle peut-elle am\u00e9liorer les performances des entreprises ? , cette conf\u00e9rence aura lieu le 14 d\u00e9c...\" \/>\n<link rel=\"canonical\" href=\"https:\/\/www.webdo.tn\/fr\/actualite\/national\/comment-les-entreprises-beneficient-de-l-intelligence-artificielle\/210617\/\" \/>\n<meta property=\"og:locale\" content=\"fr_FR\" \/>\n<meta property=\"og:type\" content=\"article\" \/>\n<meta property=\"og:title\" content=\"Comment les entreprises b\u00e9n\u00e9ficient de l&#039;Intelligence Artificielle\" \/>\n<meta property=\"og:description\" content=\"Intitul\u00e9e Explorer l\u2019Avenir : Comment l\u2019Intelligence Artificielle peut-elle am\u00e9liorer les performances des entreprises ? , cette conf\u00e9rence aura lieu le 14 d\u00e9c...\" \/>\n<meta property=\"og:url\" content=\"https:\/\/www.webdo.tn\/fr\/actualite\/national\/comment-les-entreprises-beneficient-de-l-intelligence-artificielle\/210617\/\" \/>\n<meta property=\"og:site_name\" content=\"webdo\" \/>\n<meta property=\"article:publisher\" content=\"https:\/\/www.facebook.com\/webdotn\" \/>\n<meta property=\"article:author\" content=\"https:\/\/www.facebook.com\/hatem.bourial.2025\" \/>\n<meta property=\"article:published_time\" content=\"2023-12-06T11:15:00+00:00\" \/>\n<meta property=\"og:image\" content=\"https:\/\/www.webdo.tn\/fr\/wp-content\/uploads\/2023\/12\/014b3decfda768d9e328d7d4dd8ac936.jpg\" \/>\n\t<meta property=\"og:image:width\" content=\"750\" \/>\n\t<meta property=\"og:image:height\" content=\"400\" \/>\n\t<meta property=\"og:image:type\" content=\"image\/jpeg\" \/>\n<meta name=\"author\" content=\"Hatem Bourial\" \/>\n<meta name=\"twitter:card\" content=\"summary_large_image\" \/>\n<meta name=\"twitter:creator\" content=\"@webdo_tn\" \/>\n<meta name=\"twitter:site\" content=\"@webdo_tn\" \/>\n<meta name=\"twitter:label1\" content=\"\u00c9crit par\" \/>\n\t<meta name=\"twitter:data1\" content=\"Hatem Bourial\" \/>\n\t<meta name=\"twitter:label2\" content=\"Dur\u00e9e de lecture estim\u00e9e\" \/>\n\t<meta name=\"twitter:data2\" content=\"1 minute\" \/>\n<script type=\"application\/ld+json\" class=\"yoast-schema-graph\">{\"@context\":\"https:\\\/\\\/schema.org\",\"@graph\":[{\"@type\":\"NewsArticle\",\"@id\":\"https:\\\/\\\/www.webdo.tn\\\/fr\\\/actualite\\\/national\\\/comment-les-entreprises-beneficient-de-l-intelligence-artificielle\\\/210617\\\/#article\",\"isPartOf\":{\"@id\":\"https:\\\/\\\/www.webdo.tn\\\/fr\\\/actualite\\\/national\\\/comment-les-entreprises-beneficient-de-l-intelligence-artificielle\\\/210617\\\/\"},\"author\":{\"name\":\"Hatem Bourial\",\"@id\":\"https:\\\/\\\/www.webdo.tn\\\/fr\\\/#\\\/schema\\\/person\\\/6bc0beba2cd23aec27cb5df85ca2554f\"},\"headline\":\"Comment les entreprises b\u00e9n\u00e9ficient de l&rsquo;Intelligence Artificielle\",\"datePublished\":\"2023-12-06T11:15:00+00:00\",\"mainEntityOfPage\":{\"@id\":\"https:\\\/\\\/www.webdo.tn\\\/fr\\\/actualite\\\/national\\\/comment-les-entreprises-beneficient-de-l-intelligence-artificielle\\\/210617\\\/\"},\"wordCount\":211,\"commentCount\":0,\"publisher\":{\"@id\":\"https:\\\/\\\/www.webdo.tn\\\/fr\\\/#organization\"},\"image\":{\"@id\":\"https:\\\/\\\/www.webdo.tn\\\/fr\\\/actualite\\\/national\\\/comment-les-entreprises-beneficient-de-l-intelligence-artificielle\\\/210617\\\/#primaryimage\"},\"thumbnailUrl\":\"https:\\\/\\\/www.webdo.tn\\\/fr\\\/wp-content\\\/uploads\\\/2023\\\/12\\\/014b3decfda768d9e328d7d4dd8ac936.jpg\",\"keywords\":[\"cit\u00e9 des sciences\",\"Intelligence artificielle\",\"Tunis\"],\"articleSection\":[\"National\"],\"inLanguage\":\"fr-FR\"},{\"@type\":\"WebPage\",\"@id\":\"https:\\\/\\\/www.webdo.tn\\\/fr\\\/actualite\\\/national\\\/comment-les-entreprises-beneficient-de-l-intelligence-artificielle\\\/210617\\\/\",\"url\":\"https:\\\/\\\/www.webdo.tn\\\/fr\\\/actualite\\\/national\\\/comment-les-entreprises-beneficient-de-l-intelligence-artificielle\\\/210617\\\/\",\"name\":\"Comment les entreprises b\u00e9n\u00e9ficient de l'Intelligence Artificielle\",\"isPartOf\":{\"@id\":\"https:\\\/\\\/www.webdo.tn\\\/fr\\\/#website\"},\"primaryImageOfPage\":{\"@id\":\"https:\\\/\\\/www.webdo.tn\\\/fr\\\/actualite\\\/national\\\/comment-les-entreprises-beneficient-de-l-intelligence-artificielle\\\/210617\\\/#primaryimage\"},\"image\":{\"@id\":\"https:\\\/\\\/www.webdo.tn\\\/fr\\\/actualite\\\/national\\\/comment-les-entreprises-beneficient-de-l-intelligence-artificielle\\\/210617\\\/#primaryimage\"},\"thumbnailUrl\":\"https:\\\/\\\/www.webdo.tn\\\/fr\\\/wp-content\\\/uploads\\\/2023\\\/12\\\/014b3decfda768d9e328d7d4dd8ac936.jpg\",\"datePublished\":\"2023-12-06T11:15:00+00:00\",\"description\":\"Intitul\u00e9e Explorer l\u2019Avenir : Comment l\u2019Intelligence Artificielle peut-elle am\u00e9liorer les performances des entreprises ? , cette conf\u00e9rence aura lieu le 14 d\u00e9c...\",\"breadcrumb\":{\"@id\":\"https:\\\/\\\/www.webdo.tn\\\/fr\\\/actualite\\\/national\\\/comment-les-entreprises-beneficient-de-l-intelligence-artificielle\\\/210617\\\/#breadcrumb\"},\"inLanguage\":\"fr-FR\",\"potentialAction\":[{\"@type\":\"ReadAction\",\"target\":[\"https:\\\/\\\/www.webdo.tn\\\/fr\\\/actualite\\\/national\\\/comment-les-entreprises-beneficient-de-l-intelligence-artificielle\\\/210617\\\/\"]}]},{\"@type\":\"ImageObject\",\"inLanguage\":\"fr-FR\",\"@id\":\"https:\\\/\\\/www.webdo.tn\\\/fr\\\/actualite\\\/national\\\/comment-les-entreprises-beneficient-de-l-intelligence-artificielle\\\/210617\\\/#primaryimage\",\"url\":\"https:\\\/\\\/www.webdo.tn\\\/fr\\\/wp-content\\\/uploads\\\/2023\\\/12\\\/014b3decfda768d9e328d7d4dd8ac936.jpg\",\"contentUrl\":\"https:\\\/\\\/www.webdo.tn\\\/fr\\\/wp-content\\\/uploads\\\/2023\\\/12\\\/014b3decfda768d9e328d7d4dd8ac936.jpg\",\"width\":750,\"height\":400,\"caption\":\"Comment les entreprises b\u00e9n\u00e9ficient de l'Intelligence Artificielle\"},{\"@type\":\"BreadcrumbList\",\"@id\":\"https:\\\/\\\/www.webdo.tn\\\/fr\\\/actualite\\\/national\\\/comment-les-entreprises-beneficient-de-l-intelligence-artificielle\\\/210617\\\/#breadcrumb\",\"itemListElement\":[{\"@type\":\"ListItem\",\"position\":1,\"name\":\"Accueil\",\"item\":\"https:\\\/\\\/www.webdo.tn\\\/fr\\\/\"},{\"@type\":\"ListItem\",\"position\":2,\"name\":\"Comment les entreprises b\u00e9n\u00e9ficient de l&rsquo;Intelligence Artificielle\"}]},{\"@type\":\"WebSite\",\"@id\":\"https:\\\/\\\/www.webdo.tn\\\/fr\\\/#website\",\"url\":\"https:\\\/\\\/www.webdo.tn\\\/fr\\\/\",\"name\":\"webdo\",\"description\":\"Tunisie - News en Tunisie et \u00e0 l&#039;international sur Webdo.tn\",\"publisher\":{\"@id\":\"https:\\\/\\\/www.webdo.tn\\\/fr\\\/#organization\"},\"potentialAction\":[{\"@type\":\"SearchAction\",\"target\":{\"@type\":\"EntryPoint\",\"urlTemplate\":\"https:\\\/\\\/www.webdo.tn\\\/fr\\\/?s={search_term_string}\"},\"query-input\":{\"@type\":\"PropertyValueSpecification\",\"valueRequired\":true,\"valueName\":\"search_term_string\"}}],\"inLanguage\":\"fr-FR\"},{\"@type\":\"Organization\",\"@id\":\"https:\\\/\\\/www.webdo.tn\\\/fr\\\/#organization\",\"name\":\"Webdo\",\"alternateName\":\"Webdo.tn\",\"url\":\"https:\\\/\\\/www.webdo.tn\\\/fr\\\/\",\"logo\":{\"@type\":\"ImageObject\",\"inLanguage\":\"fr-FR\",\"@id\":\"https:\\\/\\\/www.webdo.tn\\\/fr\\\/#\\\/schema\\\/logo\\\/image\\\/\",\"url\":\"https:\\\/\\\/www.webdo.tn\\\/fr\\\/wp-content\\\/uploads\\\/2025\\\/06\\\/Webdo-Tunisie_168377.jpg\",\"contentUrl\":\"https:\\\/\\\/www.webdo.tn\\\/fr\\\/wp-content\\\/uploads\\\/2025\\\/06\\\/Webdo-Tunisie_168377.jpg\",\"width\":301,\"height\":301,\"caption\":\"Webdo\"},\"image\":{\"@id\":\"https:\\\/\\\/www.webdo.tn\\\/fr\\\/#\\\/schema\\\/logo\\\/image\\\/\"},\"sameAs\":[\"https:\\\/\\\/www.facebook.com\\\/webdotn\",\"https:\\\/\\\/x.com\\\/webdo_tn\"],\"description\":\"Webdo est un m\u00e9dia num\u00e9rique tunisien fond\u00e9 en 2010, sp\u00e9cialis\u00e9 dans l\u2019actualit\u00e9 nationale et internationale, l\u2019\u00e9conomie, la soci\u00e9t\u00e9 et les analyses politiques. Le site s\u2019adresse \u00e0 un large public francophone et couvre l\u2019information tunisienne en temps r\u00e9el.\",\"email\":\"redac@webdo.tn\",\"legalName\":\"YNJ SARL\",\"foundingDate\":\"2010-09-06\",\"numberOfEmployees\":{\"@type\":\"QuantitativeValue\",\"minValue\":\"11\",\"maxValue\":\"50\"}},{\"@type\":\"Person\",\"@id\":\"https:\\\/\\\/www.webdo.tn\\\/fr\\\/#\\\/schema\\\/person\\\/6bc0beba2cd23aec27cb5df85ca2554f\",\"name\":\"Hatem Bourial\",\"image\":{\"@type\":\"ImageObject\",\"inLanguage\":\"fr-FR\",\"@id\":\"https:\\\/\\\/www.webdo.tn\\\/fr\\\/wp-content\\\/uploads\\\/2026\\\/04\\\/hatem-bourial_avatar-96x96.jpg\",\"url\":\"https:\\\/\\\/www.webdo.tn\\\/fr\\\/wp-content\\\/uploads\\\/2026\\\/04\\\/hatem-bourial_avatar-96x96.jpg\",\"contentUrl\":\"https:\\\/\\\/www.webdo.tn\\\/fr\\\/wp-content\\\/uploads\\\/2026\\\/04\\\/hatem-bourial_avatar-96x96.jpg\",\"caption\":\"Hatem Bourial\"},\"description\":\"Hatem Bourial est journaliste, \u00e9crivain et chroniqueur tunisien. Actif depuis plusieurs d\u00e9cennies, il s\u2019est impos\u00e9 comme un observateur attentif de la soci\u00e9t\u00e9 tunisienne, m\u00ealant dans ses \u00e9crits m\u00e9moire, culture et analyse du quotidien. Auteur de nombreux ouvrages, il d\u00e9veloppe une \u0153uvre \u00e0 la crois\u00e9e du r\u00e9cit, de la po\u00e9sie et de l\u2019observation sociologique. Parall\u00e8lement \u00e0 ses contributions dans la presse, il intervient r\u00e9guli\u00e8rement \u00e0 la radio et dans des espaces culturels, o\u00f9 il explore les enjeux li\u00e9s au patrimoine, \u00e0 l\u2019identit\u00e9 et aux transformations du monde contemporain. \u00c0 travers ses chroniques, Hatem Bourial propose une lecture sensible et approfondie de l\u2019actualit\u00e9, nourrie par une exp\u00e9rience journalistique et litt\u00e9raire reconnue. \ud83d\udd17 Facebook : https:\\\/\\\/www.facebook.com\\\/hatem.bourial.2025\",\"sameAs\":[\"https:\\\/\\\/www.facebook.com\\\/hatem.bourial.2025\",\"https:\\\/\\\/fr.wikipedia.org\\\/wiki\\\/Fichier:Hatem_Bourial.jpg\"],\"knowsAbout\":[\"Culture & patrimoine tunisien\",\"Chronique soci\u00e9tale\",\"Litt\u00e9rature & m\u00e9moire\",\"Cin\u00e9ma & critique culturelle\",\"Identit\u00e9 & mutations sociales\"],\"knowsLanguage\":[\"Arabe\",\"Fran\u00e7ais\",\"Anglais\",\"Italien\",\"Polonais\"],\"jobTitle\":\"Journaliste, \u00e9crivain et chroniqueur culturel\",\"worksFor\":\"Webdo\",\"url\":\"https:\\\/\\\/www.webdo.tn\\\/fr\\\/actualite\\\/author\\\/hatem-bourial-2\\\/\"}]}<\/script>\n<!-- \/ Yoast SEO Premium plugin. -->","yoast_head_json":{"title":"Comment les entreprises b\u00e9n\u00e9ficient de l'Intelligence Artificielle","description":"Intitul\u00e9e Explorer l\u2019Avenir : Comment l\u2019Intelligence Artificielle peut-elle am\u00e9liorer les performances des entreprises ? , cette conf\u00e9rence aura lieu le 14 d\u00e9c...","canonical":"https:\/\/www.webdo.tn\/fr\/actualite\/national\/comment-les-entreprises-beneficient-de-l-intelligence-artificielle\/210617\/","og_locale":"fr_FR","og_type":"article","og_title":"Comment les entreprises b\u00e9n\u00e9ficient de l'Intelligence Artificielle","og_description":"Intitul\u00e9e Explorer l\u2019Avenir : Comment l\u2019Intelligence Artificielle peut-elle am\u00e9liorer les performances des entreprises ? , cette conf\u00e9rence aura lieu le 14 d\u00e9c...","og_url":"https:\/\/www.webdo.tn\/fr\/actualite\/national\/comment-les-entreprises-beneficient-de-l-intelligence-artificielle\/210617\/","og_site_name":"webdo","article_publisher":"https:\/\/www.facebook.com\/webdotn","article_author":"https:\/\/www.facebook.com\/hatem.bourial.2025","article_published_time":"2023-12-06T11:15:00+00:00","og_image":[{"width":750,"height":400,"url":"https:\/\/www.webdo.tn\/fr\/wp-content\/uploads\/2023\/12\/014b3decfda768d9e328d7d4dd8ac936.jpg","type":"image\/jpeg"}],"author":"Hatem Bourial","twitter_card":"summary_large_image","twitter_creator":"@webdo_tn","twitter_site":"@webdo_tn","twitter_misc":{"\u00c9crit par":"Hatem Bourial","Dur\u00e9e de lecture estim\u00e9e":"1 minute"},"schema":{"@context":"https:\/\/schema.org","@graph":[{"@type":"NewsArticle","@id":"https:\/\/www.webdo.tn\/fr\/actualite\/national\/comment-les-entreprises-beneficient-de-l-intelligence-artificielle\/210617\/#article","isPartOf":{"@id":"https:\/\/www.webdo.tn\/fr\/actualite\/national\/comment-les-entreprises-beneficient-de-l-intelligence-artificielle\/210617\/"},"author":{"name":"Hatem Bourial","@id":"https:\/\/www.webdo.tn\/fr\/#\/schema\/person\/6bc0beba2cd23aec27cb5df85ca2554f"},"headline":"Comment les entreprises b\u00e9n\u00e9ficient de l&rsquo;Intelligence Artificielle","datePublished":"2023-12-06T11:15:00+00:00","mainEntityOfPage":{"@id":"https:\/\/www.webdo.tn\/fr\/actualite\/national\/comment-les-entreprises-beneficient-de-l-intelligence-artificielle\/210617\/"},"wordCount":211,"commentCount":0,"publisher":{"@id":"https:\/\/www.webdo.tn\/fr\/#organization"},"image":{"@id":"https:\/\/www.webdo.tn\/fr\/actualite\/national\/comment-les-entreprises-beneficient-de-l-intelligence-artificielle\/210617\/#primaryimage"},"thumbnailUrl":"https:\/\/www.webdo.tn\/fr\/wp-content\/uploads\/2023\/12\/014b3decfda768d9e328d7d4dd8ac936.jpg","keywords":["cit\u00e9 des sciences","Intelligence artificielle","Tunis"],"articleSection":["National"],"inLanguage":"fr-FR"},{"@type":"WebPage","@id":"https:\/\/www.webdo.tn\/fr\/actualite\/national\/comment-les-entreprises-beneficient-de-l-intelligence-artificielle\/210617\/","url":"https:\/\/www.webdo.tn\/fr\/actualite\/national\/comment-les-entreprises-beneficient-de-l-intelligence-artificielle\/210617\/","name":"Comment les entreprises b\u00e9n\u00e9ficient de l'Intelligence Artificielle","isPartOf":{"@id":"https:\/\/www.webdo.tn\/fr\/#website"},"primaryImageOfPage":{"@id":"https:\/\/www.webdo.tn\/fr\/actualite\/national\/comment-les-entreprises-beneficient-de-l-intelligence-artificielle\/210617\/#primaryimage"},"image":{"@id":"https:\/\/www.webdo.tn\/fr\/actualite\/national\/comment-les-entreprises-beneficient-de-l-intelligence-artificielle\/210617\/#primaryimage"},"thumbnailUrl":"https:\/\/www.webdo.tn\/fr\/wp-content\/uploads\/2023\/12\/014b3decfda768d9e328d7d4dd8ac936.jpg","datePublished":"2023-12-06T11:15:00+00:00","description":"Intitul\u00e9e Explorer l\u2019Avenir : Comment l\u2019Intelligence Artificielle peut-elle am\u00e9liorer les performances des entreprises ? , cette conf\u00e9rence aura lieu le 14 d\u00e9c...","breadcrumb":{"@id":"https:\/\/www.webdo.tn\/fr\/actualite\/national\/comment-les-entreprises-beneficient-de-l-intelligence-artificielle\/210617\/#breadcrumb"},"inLanguage":"fr-FR","potentialAction":[{"@type":"ReadAction","target":["https:\/\/www.webdo.tn\/fr\/actualite\/national\/comment-les-entreprises-beneficient-de-l-intelligence-artificielle\/210617\/"]}]},{"@type":"ImageObject","inLanguage":"fr-FR","@id":"https:\/\/www.webdo.tn\/fr\/actualite\/national\/comment-les-entreprises-beneficient-de-l-intelligence-artificielle\/210617\/#primaryimage","url":"https:\/\/www.webdo.tn\/fr\/wp-content\/uploads\/2023\/12\/014b3decfda768d9e328d7d4dd8ac936.jpg","contentUrl":"https:\/\/www.webdo.tn\/fr\/wp-content\/uploads\/2023\/12\/014b3decfda768d9e328d7d4dd8ac936.jpg","width":750,"height":400,"caption":"Comment les entreprises b\u00e9n\u00e9ficient de l'Intelligence Artificielle"},{"@type":"BreadcrumbList","@id":"https:\/\/www.webdo.tn\/fr\/actualite\/national\/comment-les-entreprises-beneficient-de-l-intelligence-artificielle\/210617\/#breadcrumb","itemListElement":[{"@type":"ListItem","position":1,"name":"Accueil","item":"https:\/\/www.webdo.tn\/fr\/"},{"@type":"ListItem","position":2,"name":"Comment les entreprises b\u00e9n\u00e9ficient de l&rsquo;Intelligence Artificielle"}]},{"@type":"WebSite","@id":"https:\/\/www.webdo.tn\/fr\/#website","url":"https:\/\/www.webdo.tn\/fr\/","name":"webdo","description":"Tunisie - News en Tunisie et \u00e0 l&#039;international sur Webdo.tn","publisher":{"@id":"https:\/\/www.webdo.tn\/fr\/#organization"},"potentialAction":[{"@type":"SearchAction","target":{"@type":"EntryPoint","urlTemplate":"https:\/\/www.webdo.tn\/fr\/?s={search_term_string}"},"query-input":{"@type":"PropertyValueSpecification","valueRequired":true,"valueName":"search_term_string"}}],"inLanguage":"fr-FR"},{"@type":"Organization","@id":"https:\/\/www.webdo.tn\/fr\/#organization","name":"Webdo","alternateName":"Webdo.tn","url":"https:\/\/www.webdo.tn\/fr\/","logo":{"@type":"ImageObject","inLanguage":"fr-FR","@id":"https:\/\/www.webdo.tn\/fr\/#\/schema\/logo\/image\/","url":"https:\/\/www.webdo.tn\/fr\/wp-content\/uploads\/2025\/06\/Webdo-Tunisie_168377.jpg","contentUrl":"https:\/\/www.webdo.tn\/fr\/wp-content\/uploads\/2025\/06\/Webdo-Tunisie_168377.jpg","width":301,"height":301,"caption":"Webdo"},"image":{"@id":"https:\/\/www.webdo.tn\/fr\/#\/schema\/logo\/image\/"},"sameAs":["https:\/\/www.facebook.com\/webdotn","https:\/\/x.com\/webdo_tn"],"description":"Webdo est un m\u00e9dia num\u00e9rique tunisien fond\u00e9 en 2010, sp\u00e9cialis\u00e9 dans l\u2019actualit\u00e9 nationale et internationale, l\u2019\u00e9conomie, la soci\u00e9t\u00e9 et les analyses politiques. Le site s\u2019adresse \u00e0 un large public francophone et couvre l\u2019information tunisienne en temps r\u00e9el.","email":"redac@webdo.tn","legalName":"YNJ SARL","foundingDate":"2010-09-06","numberOfEmployees":{"@type":"QuantitativeValue","minValue":"11","maxValue":"50"}},{"@type":"Person","@id":"https:\/\/www.webdo.tn\/fr\/#\/schema\/person\/6bc0beba2cd23aec27cb5df85ca2554f","name":"Hatem Bourial","image":{"@type":"ImageObject","inLanguage":"fr-FR","@id":"https:\/\/www.webdo.tn\/fr\/wp-content\/uploads\/2026\/04\/hatem-bourial_avatar-96x96.jpg","url":"https:\/\/www.webdo.tn\/fr\/wp-content\/uploads\/2026\/04\/hatem-bourial_avatar-96x96.jpg","contentUrl":"https:\/\/www.webdo.tn\/fr\/wp-content\/uploads\/2026\/04\/hatem-bourial_avatar-96x96.jpg","caption":"Hatem Bourial"},"description":"Hatem Bourial est journaliste, \u00e9crivain et chroniqueur tunisien. Actif depuis plusieurs d\u00e9cennies, il s\u2019est impos\u00e9 comme un observateur attentif de la soci\u00e9t\u00e9 tunisienne, m\u00ealant dans ses \u00e9crits m\u00e9moire, culture et analyse du quotidien. Auteur de nombreux ouvrages, il d\u00e9veloppe une \u0153uvre \u00e0 la crois\u00e9e du r\u00e9cit, de la po\u00e9sie et de l\u2019observation sociologique. Parall\u00e8lement \u00e0 ses contributions dans la presse, il intervient r\u00e9guli\u00e8rement \u00e0 la radio et dans des espaces culturels, o\u00f9 il explore les enjeux li\u00e9s au patrimoine, \u00e0 l\u2019identit\u00e9 et aux transformations du monde contemporain. \u00c0 travers ses chroniques, Hatem Bourial propose une lecture sensible et approfondie de l\u2019actualit\u00e9, nourrie par une exp\u00e9rience journalistique et litt\u00e9raire reconnue. \ud83d\udd17 Facebook : https:\/\/www.facebook.com\/hatem.bourial.2025","sameAs":["https:\/\/www.facebook.com\/hatem.bourial.2025","https:\/\/fr.wikipedia.org\/wiki\/Fichier:Hatem_Bourial.jpg"],"knowsAbout":["Culture & patrimoine tunisien","Chronique soci\u00e9tale","Litt\u00e9rature & m\u00e9moire","Cin\u00e9ma & critique culturelle","Identit\u00e9 & mutations sociales"],"knowsLanguage":["Arabe","Fran\u00e7ais","Anglais","Italien","Polonais"],"jobTitle":"Journaliste, \u00e9crivain et chroniqueur culturel","worksFor":"Webdo","url":"https:\/\/www.webdo.tn\/fr\/actualite\/author\/hatem-bourial-2\/"}]}},"_links":{"self":[{"href":"https:\/\/www.webdo.tn\/fr\/wp-json\/wp\/v2\/posts\/210617","targetHints":{"allow":["GET"]}}],"collection":[{"href":"https:\/\/www.webdo.tn\/fr\/wp-json\/wp\/v2\/posts"}],"about":[{"href":"https:\/\/www.webdo.tn\/fr\/wp-json\/wp\/v2\/types\/post"}],"author":[{"embeddable":true,"href":"https:\/\/www.webdo.tn\/fr\/wp-json\/wp\/v2\/users\/3229"}],"replies":[{"embeddable":true,"href":"https:\/\/www.webdo.tn\/fr\/wp-json\/wp\/v2\/comments?post=210617"}],"version-history":[{"count":0,"href":"https:\/\/www.webdo.tn\/fr\/wp-json\/wp\/v2\/posts\/210617\/revisions"}],"wp:featuredmedia":[{"embeddable":true,"href":"https:\/\/www.webdo.tn\/fr\/wp-json\/wp\/v2\/media\/289943"}],"wp:attachment":[{"href":"https:\/\/www.webdo.tn\/fr\/wp-json\/wp\/v2\/media?parent=210617"}],"wp:term":[{"taxonomy":"category","embeddable":true,"href":"https:\/\/www.webdo.tn\/fr\/wp-json\/wp\/v2\/categories?post=210617"},{"taxonomy":"post_tag","embeddable":true,"href":"https:\/\/www.webdo.tn\/fr\/wp-json\/wp\/v2\/tags?post=210617"}],"curies":[{"name":"wp","href":"https:\/\/api.w.org\/{rel}","templated":true}]}}