{"id":210613,"date":"2023-12-06T08:44:00","date_gmt":"2023-12-06T08:44:00","guid":{"rendered":"https:\/\/www.webdo.tn\/fr\/blog\/82-soldats-israeliens-tues-dans-les-combats-a-gaza\/210613\/"},"modified":"2025-05-20T22:39:14","modified_gmt":"2025-05-20T22:39:14","slug":"82-soldats-israeliens-tues-dans-les-combats-a-gaza","status":"publish","type":"post","link":"https:\/\/www.webdo.tn\/fr\/actualite\/international\/82-soldats-israeliens-tues-dans-les-combats-a-gaza\/210613\/","title":{"rendered":"82 soldats isra\u00e9liens tu\u00e9s dans les combats \u00e0 Gaza"},"content":{"rendered":"<p>Depuis le d\u00e9but de l&rsquo;offensive isra\u00e9lienne terrestre \u00e0 Gaza, l&rsquo;arm\u00e9e isra\u00e9lienne a encaiss\u00e9 de lourdes pertes.\u00a0<\/p>\n<p>Un total de 82 militaires isra\u00e9liens ont p\u00e9ri dans les combats dans la bande de Gaza, annonce l\u2019arm\u00e9e isra\u00e9lienne.\u00a0<\/p>\n<p>Seulement hier, sept soldats ont p\u00e9ri dans des combats sous le feu de la r\u00e9sistance palestinienne.\u00a0<\/p>\n<p>En fin de soir\u00e9e, l\u2019arm\u00e9e a annonc\u00e9 dans un communiqu\u00e9 que deux soldats suppl\u00e9mentaires \u00e9taient tomb\u00e9s au combat dans la bande de Gaza.\u00a0<\/p>\n<p>Notons que plus de 400 militaires isra\u00e9liens ont p\u00e9ri depuis l\u2019op\u00e9ration du d\u00e9luge d\u2019Al-Aksa.<\/p>\n","protected":false},"excerpt":{"rendered":"<p>Un total de 82 militaires isra\u00e9liens ont p\u00e9ri dans les combats dans la bande de Gaza, annonce l\u2019arm\u00e9e isra\u00e9lienne.\u00a0<\/p>\n","protected":false},"author":3175,"featured_media":248616,"comment_status":"open","ping_status":"closed","sticky":false,"template":"","format":"standard","meta":{"footnotes":""},"categories":[2598],"tags":[2689,2636,2688],"class_list":["post-210613","post","type-post","status-publish","format-standard","has-post-thumbnail","hentry","category-international","tag-gaza","tag-israel","tag-palestine"],"yoast_head":"<!-- This site is optimized with the Yoast SEO Premium plugin v27.4 (Yoast SEO v27.5) - https:\/\/yoast.com\/product\/yoast-seo-premium-wordpress\/ -->\n<title>82 soldats isra\u00e9liens tu\u00e9s dans les combats \u00e0 Gaza<\/title>\n<meta name=\"description\" content=\"Un total de 82 militaires isra\u00e9liens ont p\u00e9ri dans les combats dans la bande de Gaza, annonce l\u2019arm\u00e9e isra\u00e9lienne.\u00a0\" \/>\n<link rel=\"canonical\" href=\"https:\/\/www.webdo.tn\/fr\/actualite\/international\/82-soldats-israeliens-tues-dans-les-combats-a-gaza\/210613\/\" \/>\n<meta property=\"og:locale\" content=\"fr_FR\" \/>\n<meta property=\"og:type\" content=\"article\" \/>\n<meta property=\"og:title\" content=\"82 soldats isra\u00e9liens tu\u00e9s dans les combats \u00e0 Gaza\" \/>\n<meta property=\"og:description\" content=\"Un total de 82 militaires isra\u00e9liens ont p\u00e9ri dans les combats dans la bande de Gaza, annonce l\u2019arm\u00e9e isra\u00e9lienne.\u00a0\" \/>\n<meta property=\"og:url\" content=\"https:\/\/www.webdo.tn\/fr\/actualite\/international\/82-soldats-israeliens-tues-dans-les-combats-a-gaza\/210613\/\" \/>\n<meta property=\"og:site_name\" content=\"webdo\" \/>\n<meta property=\"article:publisher\" content=\"https:\/\/www.facebook.com\/webdotn\" \/>\n<meta property=\"article:published_time\" content=\"2023-12-06T08:44:00+00:00\" \/>\n<meta property=\"article:modified_time\" content=\"2025-05-20T22:39:14+00:00\" \/>\n<meta property=\"og:image\" content=\"https:\/\/www.webdo.tn\/fr\/wp-content\/uploads\/2023\/12\/7a379cc3f43e2a7277c475fa79e01208.png\" \/>\n\t<meta property=\"og:image:width\" content=\"750\" \/>\n\t<meta property=\"og:image:height\" content=\"400\" \/>\n\t<meta property=\"og:image:type\" content=\"image\/png\" \/>\n<meta name=\"author\" content=\"CL\" \/>\n<meta name=\"twitter:card\" content=\"summary_large_image\" \/>\n<meta name=\"twitter:creator\" content=\"@webdo_tn\" \/>\n<meta name=\"twitter:site\" content=\"@webdo_tn\" \/>\n<meta name=\"twitter:label1\" content=\"\u00c9crit par\" \/>\n\t<meta name=\"twitter:data1\" content=\"CL\" \/>\n\t<meta name=\"twitter:label2\" content=\"Dur\u00e9e de lecture estim\u00e9e\" \/>\n\t<meta name=\"twitter:data2\" content=\"1 minute\" \/>\n<script type=\"application\/ld+json\" class=\"yoast-schema-graph\">{\"@context\":\"https:\\\/\\\/schema.org\",\"@graph\":[{\"@type\":\"NewsArticle\",\"@id\":\"https:\\\/\\\/www.webdo.tn\\\/fr\\\/actualite\\\/international\\\/82-soldats-israeliens-tues-dans-les-combats-a-gaza\\\/210613\\\/#article\",\"isPartOf\":{\"@id\":\"https:\\\/\\\/www.webdo.tn\\\/fr\\\/actualite\\\/international\\\/82-soldats-israeliens-tues-dans-les-combats-a-gaza\\\/210613\\\/\"},\"author\":{\"name\":\"CL\",\"@id\":\"https:\\\/\\\/www.webdo.tn\\\/fr\\\/#\\\/schema\\\/person\\\/f35b42a42c5e2511bbd282959d6385cc\"},\"headline\":\"82 soldats isra\u00e9liens tu\u00e9s dans les combats \u00e0 Gaza\",\"datePublished\":\"2023-12-06T08:44:00+00:00\",\"dateModified\":\"2025-05-20T22:39:14+00:00\",\"mainEntityOfPage\":{\"@id\":\"https:\\\/\\\/www.webdo.tn\\\/fr\\\/actualite\\\/international\\\/82-soldats-israeliens-tues-dans-les-combats-a-gaza\\\/210613\\\/\"},\"wordCount\":118,\"commentCount\":0,\"publisher\":{\"@id\":\"https:\\\/\\\/www.webdo.tn\\\/fr\\\/#organization\"},\"image\":{\"@id\":\"https:\\\/\\\/www.webdo.tn\\\/fr\\\/actualite\\\/international\\\/82-soldats-israeliens-tues-dans-les-combats-a-gaza\\\/210613\\\/#primaryimage\"},\"thumbnailUrl\":\"https:\\\/\\\/www.webdo.tn\\\/fr\\\/wp-content\\\/uploads\\\/2023\\\/12\\\/7a379cc3f43e2a7277c475fa79e01208.png\",\"keywords\":[\"Gaza\",\"isra\u00ebl\",\"Palestine\"],\"articleSection\":[\"International\"],\"inLanguage\":\"fr-FR\"},{\"@type\":\"WebPage\",\"@id\":\"https:\\\/\\\/www.webdo.tn\\\/fr\\\/actualite\\\/international\\\/82-soldats-israeliens-tues-dans-les-combats-a-gaza\\\/210613\\\/\",\"url\":\"https:\\\/\\\/www.webdo.tn\\\/fr\\\/actualite\\\/international\\\/82-soldats-israeliens-tues-dans-les-combats-a-gaza\\\/210613\\\/\",\"name\":\"82 soldats isra\u00e9liens tu\u00e9s dans les combats \u00e0 Gaza\",\"isPartOf\":{\"@id\":\"https:\\\/\\\/www.webdo.tn\\\/fr\\\/#website\"},\"primaryImageOfPage\":{\"@id\":\"https:\\\/\\\/www.webdo.tn\\\/fr\\\/actualite\\\/international\\\/82-soldats-israeliens-tues-dans-les-combats-a-gaza\\\/210613\\\/#primaryimage\"},\"image\":{\"@id\":\"https:\\\/\\\/www.webdo.tn\\\/fr\\\/actualite\\\/international\\\/82-soldats-israeliens-tues-dans-les-combats-a-gaza\\\/210613\\\/#primaryimage\"},\"thumbnailUrl\":\"https:\\\/\\\/www.webdo.tn\\\/fr\\\/wp-content\\\/uploads\\\/2023\\\/12\\\/7a379cc3f43e2a7277c475fa79e01208.png\",\"datePublished\":\"2023-12-06T08:44:00+00:00\",\"dateModified\":\"2025-05-20T22:39:14+00:00\",\"description\":\"Un total de 82 militaires isra\u00e9liens ont p\u00e9ri dans les combats dans la bande de Gaza, annonce l\u2019arm\u00e9e isra\u00e9lienne.\u00a0\",\"breadcrumb\":{\"@id\":\"https:\\\/\\\/www.webdo.tn\\\/fr\\\/actualite\\\/international\\\/82-soldats-israeliens-tues-dans-les-combats-a-gaza\\\/210613\\\/#breadcrumb\"},\"inLanguage\":\"fr-FR\",\"potentialAction\":[{\"@type\":\"ReadAction\",\"target\":[\"https:\\\/\\\/www.webdo.tn\\\/fr\\\/actualite\\\/international\\\/82-soldats-israeliens-tues-dans-les-combats-a-gaza\\\/210613\\\/\"]}]},{\"@type\":\"ImageObject\",\"inLanguage\":\"fr-FR\",\"@id\":\"https:\\\/\\\/www.webdo.tn\\\/fr\\\/actualite\\\/international\\\/82-soldats-israeliens-tues-dans-les-combats-a-gaza\\\/210613\\\/#primaryimage\",\"url\":\"https:\\\/\\\/www.webdo.tn\\\/fr\\\/wp-content\\\/uploads\\\/2023\\\/12\\\/7a379cc3f43e2a7277c475fa79e01208.png\",\"contentUrl\":\"https:\\\/\\\/www.webdo.tn\\\/fr\\\/wp-content\\\/uploads\\\/2023\\\/12\\\/7a379cc3f43e2a7277c475fa79e01208.png\",\"width\":750,\"height\":400,\"caption\":\"82 soldats isra\u00e9liens tu\u00e9s dans les combats \u00e0 Gaza\"},{\"@type\":\"BreadcrumbList\",\"@id\":\"https:\\\/\\\/www.webdo.tn\\\/fr\\\/actualite\\\/international\\\/82-soldats-israeliens-tues-dans-les-combats-a-gaza\\\/210613\\\/#breadcrumb\",\"itemListElement\":[{\"@type\":\"ListItem\",\"position\":1,\"name\":\"Accueil\",\"item\":\"https:\\\/\\\/www.webdo.tn\\\/fr\\\/\"},{\"@type\":\"ListItem\",\"position\":2,\"name\":\"82 soldats isra\u00e9liens tu\u00e9s dans les combats \u00e0 Gaza\"}]},{\"@type\":\"WebSite\",\"@id\":\"https:\\\/\\\/www.webdo.tn\\\/fr\\\/#website\",\"url\":\"https:\\\/\\\/www.webdo.tn\\\/fr\\\/\",\"name\":\"webdo\",\"description\":\"Tunisie - News en Tunisie et \u00e0 l&#039;international sur Webdo.tn\",\"publisher\":{\"@id\":\"https:\\\/\\\/www.webdo.tn\\\/fr\\\/#organization\"},\"potentialAction\":[{\"@type\":\"SearchAction\",\"target\":{\"@type\":\"EntryPoint\",\"urlTemplate\":\"https:\\\/\\\/www.webdo.tn\\\/fr\\\/?s={search_term_string}\"},\"query-input\":{\"@type\":\"PropertyValueSpecification\",\"valueRequired\":true,\"valueName\":\"search_term_string\"}}],\"inLanguage\":\"fr-FR\"},{\"@type\":\"Organization\",\"@id\":\"https:\\\/\\\/www.webdo.tn\\\/fr\\\/#organization\",\"name\":\"Webdo\",\"alternateName\":\"Webdo.tn\",\"url\":\"https:\\\/\\\/www.webdo.tn\\\/fr\\\/\",\"logo\":{\"@type\":\"ImageObject\",\"inLanguage\":\"fr-FR\",\"@id\":\"https:\\\/\\\/www.webdo.tn\\\/fr\\\/#\\\/schema\\\/logo\\\/image\\\/\",\"url\":\"https:\\\/\\\/www.webdo.tn\\\/fr\\\/wp-content\\\/uploads\\\/2025\\\/06\\\/Webdo-Tunisie_168377.jpg\",\"contentUrl\":\"https:\\\/\\\/www.webdo.tn\\\/fr\\\/wp-content\\\/uploads\\\/2025\\\/06\\\/Webdo-Tunisie_168377.jpg\",\"width\":301,\"height\":301,\"caption\":\"Webdo\"},\"image\":{\"@id\":\"https:\\\/\\\/www.webdo.tn\\\/fr\\\/#\\\/schema\\\/logo\\\/image\\\/\"},\"sameAs\":[\"https:\\\/\\\/www.facebook.com\\\/webdotn\",\"https:\\\/\\\/x.com\\\/webdo_tn\"],\"description\":\"Webdo est un m\u00e9dia num\u00e9rique tunisien fond\u00e9 en 2010, sp\u00e9cialis\u00e9 dans l\u2019actualit\u00e9 nationale et internationale, l\u2019\u00e9conomie, la soci\u00e9t\u00e9 et les analyses politiques. Le site s\u2019adresse \u00e0 un large public francophone et couvre l\u2019information tunisienne en temps r\u00e9el.\",\"email\":\"redac@webdo.tn\",\"legalName\":\"YNJ SARL\",\"foundingDate\":\"2010-09-06\",\"numberOfEmployees\":{\"@type\":\"QuantitativeValue\",\"minValue\":\"11\",\"maxValue\":\"50\"}},{\"@type\":\"Person\",\"@id\":\"https:\\\/\\\/www.webdo.tn\\\/fr\\\/#\\\/schema\\\/person\\\/f35b42a42c5e2511bbd282959d6385cc\",\"name\":\"CL\",\"image\":{\"@type\":\"ImageObject\",\"inLanguage\":\"fr-FR\",\"@id\":\"https:\\\/\\\/secure.gravatar.com\\\/avatar\\\/1447a49909b67aa657c488aec6512e1dd6143a480c1ecfee9b5b5cd74eb3b59e?s=96&d=mm&r=g\",\"url\":\"https:\\\/\\\/secure.gravatar.com\\\/avatar\\\/1447a49909b67aa657c488aec6512e1dd6143a480c1ecfee9b5b5cd74eb3b59e?s=96&d=mm&r=g\",\"contentUrl\":\"https:\\\/\\\/secure.gravatar.com\\\/avatar\\\/1447a49909b67aa657c488aec6512e1dd6143a480c1ecfee9b5b5cd74eb3b59e?s=96&d=mm&r=g\",\"caption\":\"CL\"},\"url\":\"https:\\\/\\\/www.webdo.tn\\\/fr\\\/actualite\\\/author\\\/cl\\\/\"}]}<\/script>\n<!-- \/ Yoast SEO Premium plugin. -->","yoast_head_json":{"title":"82 soldats isra\u00e9liens tu\u00e9s dans les combats \u00e0 Gaza","description":"Un total de 82 militaires isra\u00e9liens ont p\u00e9ri dans les combats dans la bande de Gaza, annonce l\u2019arm\u00e9e isra\u00e9lienne.\u00a0","canonical":"https:\/\/www.webdo.tn\/fr\/actualite\/international\/82-soldats-israeliens-tues-dans-les-combats-a-gaza\/210613\/","og_locale":"fr_FR","og_type":"article","og_title":"82 soldats isra\u00e9liens tu\u00e9s dans les combats \u00e0 Gaza","og_description":"Un total de 82 militaires isra\u00e9liens ont p\u00e9ri dans les combats dans la bande de Gaza, annonce l\u2019arm\u00e9e isra\u00e9lienne.\u00a0","og_url":"https:\/\/www.webdo.tn\/fr\/actualite\/international\/82-soldats-israeliens-tues-dans-les-combats-a-gaza\/210613\/","og_site_name":"webdo","article_publisher":"https:\/\/www.facebook.com\/webdotn","article_published_time":"2023-12-06T08:44:00+00:00","article_modified_time":"2025-05-20T22:39:14+00:00","og_image":[{"width":750,"height":400,"url":"https:\/\/www.webdo.tn\/fr\/wp-content\/uploads\/2023\/12\/7a379cc3f43e2a7277c475fa79e01208.png","type":"image\/png"}],"author":"CL","twitter_card":"summary_large_image","twitter_creator":"@webdo_tn","twitter_site":"@webdo_tn","twitter_misc":{"\u00c9crit par":"CL","Dur\u00e9e de lecture estim\u00e9e":"1 minute"},"schema":{"@context":"https:\/\/schema.org","@graph":[{"@type":"NewsArticle","@id":"https:\/\/www.webdo.tn\/fr\/actualite\/international\/82-soldats-israeliens-tues-dans-les-combats-a-gaza\/210613\/#article","isPartOf":{"@id":"https:\/\/www.webdo.tn\/fr\/actualite\/international\/82-soldats-israeliens-tues-dans-les-combats-a-gaza\/210613\/"},"author":{"name":"CL","@id":"https:\/\/www.webdo.tn\/fr\/#\/schema\/person\/f35b42a42c5e2511bbd282959d6385cc"},"headline":"82 soldats isra\u00e9liens tu\u00e9s dans les combats \u00e0 Gaza","datePublished":"2023-12-06T08:44:00+00:00","dateModified":"2025-05-20T22:39:14+00:00","mainEntityOfPage":{"@id":"https:\/\/www.webdo.tn\/fr\/actualite\/international\/82-soldats-israeliens-tues-dans-les-combats-a-gaza\/210613\/"},"wordCount":118,"commentCount":0,"publisher":{"@id":"https:\/\/www.webdo.tn\/fr\/#organization"},"image":{"@id":"https:\/\/www.webdo.tn\/fr\/actualite\/international\/82-soldats-israeliens-tues-dans-les-combats-a-gaza\/210613\/#primaryimage"},"thumbnailUrl":"https:\/\/www.webdo.tn\/fr\/wp-content\/uploads\/2023\/12\/7a379cc3f43e2a7277c475fa79e01208.png","keywords":["Gaza","isra\u00ebl","Palestine"],"articleSection":["International"],"inLanguage":"fr-FR"},{"@type":"WebPage","@id":"https:\/\/www.webdo.tn\/fr\/actualite\/international\/82-soldats-israeliens-tues-dans-les-combats-a-gaza\/210613\/","url":"https:\/\/www.webdo.tn\/fr\/actualite\/international\/82-soldats-israeliens-tues-dans-les-combats-a-gaza\/210613\/","name":"82 soldats isra\u00e9liens tu\u00e9s dans les combats \u00e0 Gaza","isPartOf":{"@id":"https:\/\/www.webdo.tn\/fr\/#website"},"primaryImageOfPage":{"@id":"https:\/\/www.webdo.tn\/fr\/actualite\/international\/82-soldats-israeliens-tues-dans-les-combats-a-gaza\/210613\/#primaryimage"},"image":{"@id":"https:\/\/www.webdo.tn\/fr\/actualite\/international\/82-soldats-israeliens-tues-dans-les-combats-a-gaza\/210613\/#primaryimage"},"thumbnailUrl":"https:\/\/www.webdo.tn\/fr\/wp-content\/uploads\/2023\/12\/7a379cc3f43e2a7277c475fa79e01208.png","datePublished":"2023-12-06T08:44:00+00:00","dateModified":"2025-05-20T22:39:14+00:00","description":"Un total de 82 militaires isra\u00e9liens ont p\u00e9ri dans les combats dans la bande de Gaza, annonce l\u2019arm\u00e9e isra\u00e9lienne.\u00a0","breadcrumb":{"@id":"https:\/\/www.webdo.tn\/fr\/actualite\/international\/82-soldats-israeliens-tues-dans-les-combats-a-gaza\/210613\/#breadcrumb"},"inLanguage":"fr-FR","potentialAction":[{"@type":"ReadAction","target":["https:\/\/www.webdo.tn\/fr\/actualite\/international\/82-soldats-israeliens-tues-dans-les-combats-a-gaza\/210613\/"]}]},{"@type":"ImageObject","inLanguage":"fr-FR","@id":"https:\/\/www.webdo.tn\/fr\/actualite\/international\/82-soldats-israeliens-tues-dans-les-combats-a-gaza\/210613\/#primaryimage","url":"https:\/\/www.webdo.tn\/fr\/wp-content\/uploads\/2023\/12\/7a379cc3f43e2a7277c475fa79e01208.png","contentUrl":"https:\/\/www.webdo.tn\/fr\/wp-content\/uploads\/2023\/12\/7a379cc3f43e2a7277c475fa79e01208.png","width":750,"height":400,"caption":"82 soldats isra\u00e9liens tu\u00e9s dans les combats \u00e0 Gaza"},{"@type":"BreadcrumbList","@id":"https:\/\/www.webdo.tn\/fr\/actualite\/international\/82-soldats-israeliens-tues-dans-les-combats-a-gaza\/210613\/#breadcrumb","itemListElement":[{"@type":"ListItem","position":1,"name":"Accueil","item":"https:\/\/www.webdo.tn\/fr\/"},{"@type":"ListItem","position":2,"name":"82 soldats isra\u00e9liens tu\u00e9s dans les combats \u00e0 Gaza"}]},{"@type":"WebSite","@id":"https:\/\/www.webdo.tn\/fr\/#website","url":"https:\/\/www.webdo.tn\/fr\/","name":"webdo","description":"Tunisie - News en Tunisie et \u00e0 l&#039;international sur Webdo.tn","publisher":{"@id":"https:\/\/www.webdo.tn\/fr\/#organization"},"potentialAction":[{"@type":"SearchAction","target":{"@type":"EntryPoint","urlTemplate":"https:\/\/www.webdo.tn\/fr\/?s={search_term_string}"},"query-input":{"@type":"PropertyValueSpecification","valueRequired":true,"valueName":"search_term_string"}}],"inLanguage":"fr-FR"},{"@type":"Organization","@id":"https:\/\/www.webdo.tn\/fr\/#organization","name":"Webdo","alternateName":"Webdo.tn","url":"https:\/\/www.webdo.tn\/fr\/","logo":{"@type":"ImageObject","inLanguage":"fr-FR","@id":"https:\/\/www.webdo.tn\/fr\/#\/schema\/logo\/image\/","url":"https:\/\/www.webdo.tn\/fr\/wp-content\/uploads\/2025\/06\/Webdo-Tunisie_168377.jpg","contentUrl":"https:\/\/www.webdo.tn\/fr\/wp-content\/uploads\/2025\/06\/Webdo-Tunisie_168377.jpg","width":301,"height":301,"caption":"Webdo"},"image":{"@id":"https:\/\/www.webdo.tn\/fr\/#\/schema\/logo\/image\/"},"sameAs":["https:\/\/www.facebook.com\/webdotn","https:\/\/x.com\/webdo_tn"],"description":"Webdo est un m\u00e9dia num\u00e9rique tunisien fond\u00e9 en 2010, sp\u00e9cialis\u00e9 dans l\u2019actualit\u00e9 nationale et internationale, l\u2019\u00e9conomie, la soci\u00e9t\u00e9 et les analyses politiques. Le site s\u2019adresse \u00e0 un large public francophone et couvre l\u2019information tunisienne en temps r\u00e9el.","email":"redac@webdo.tn","legalName":"YNJ SARL","foundingDate":"2010-09-06","numberOfEmployees":{"@type":"QuantitativeValue","minValue":"11","maxValue":"50"}},{"@type":"Person","@id":"https:\/\/www.webdo.tn\/fr\/#\/schema\/person\/f35b42a42c5e2511bbd282959d6385cc","name":"CL","image":{"@type":"ImageObject","inLanguage":"fr-FR","@id":"https:\/\/secure.gravatar.com\/avatar\/1447a49909b67aa657c488aec6512e1dd6143a480c1ecfee9b5b5cd74eb3b59e?s=96&d=mm&r=g","url":"https:\/\/secure.gravatar.com\/avatar\/1447a49909b67aa657c488aec6512e1dd6143a480c1ecfee9b5b5cd74eb3b59e?s=96&d=mm&r=g","contentUrl":"https:\/\/secure.gravatar.com\/avatar\/1447a49909b67aa657c488aec6512e1dd6143a480c1ecfee9b5b5cd74eb3b59e?s=96&d=mm&r=g","caption":"CL"},"url":"https:\/\/www.webdo.tn\/fr\/actualite\/author\/cl\/"}]}},"_links":{"self":[{"href":"https:\/\/www.webdo.tn\/fr\/wp-json\/wp\/v2\/posts\/210613","targetHints":{"allow":["GET"]}}],"collection":[{"href":"https:\/\/www.webdo.tn\/fr\/wp-json\/wp\/v2\/posts"}],"about":[{"href":"https:\/\/www.webdo.tn\/fr\/wp-json\/wp\/v2\/types\/post"}],"author":[{"embeddable":true,"href":"https:\/\/www.webdo.tn\/fr\/wp-json\/wp\/v2\/users\/3175"}],"replies":[{"embeddable":true,"href":"https:\/\/www.webdo.tn\/fr\/wp-json\/wp\/v2\/comments?post=210613"}],"version-history":[{"count":0,"href":"https:\/\/www.webdo.tn\/fr\/wp-json\/wp\/v2\/posts\/210613\/revisions"}],"wp:featuredmedia":[{"embeddable":true,"href":"https:\/\/www.webdo.tn\/fr\/wp-json\/wp\/v2\/media\/248616"}],"wp:attachment":[{"href":"https:\/\/www.webdo.tn\/fr\/wp-json\/wp\/v2\/media?parent=210613"}],"wp:term":[{"taxonomy":"category","embeddable":true,"href":"https:\/\/www.webdo.tn\/fr\/wp-json\/wp\/v2\/categories?post=210613"},{"taxonomy":"post_tag","embeddable":true,"href":"https:\/\/www.webdo.tn\/fr\/wp-json\/wp\/v2\/tags?post=210613"}],"curies":[{"name":"wp","href":"https:\/\/api.w.org\/{rel}","templated":true}]}}