{"id":210607,"date":"2023-12-05T21:16:00","date_gmt":"2023-12-05T21:16:00","guid":{"rendered":"https:\/\/www.webdo.tn\/fr\/blog\/tunis-une-locomotive-du-metro-4-deraille\/210607\/"},"modified":"2025-05-20T21:55:02","modified_gmt":"2025-05-20T21:55:02","slug":"tunis-une-locomotive-du-metro-4-deraille","status":"publish","type":"post","link":"https:\/\/www.webdo.tn\/fr\/actualite\/regions\/tunis-une-locomotive-du-metro-4-deraille\/210607\/","title":{"rendered":"Tunis : Le m\u00e9tro 4 d\u00e9raille"},"content":{"rendered":"<p>Une locomotive du m\u00e9tro 4 reliant le centre-ville de Tunis \u00e0 la Manouba a d\u00e9raill\u00e9, ce mardi 5 d\u00e9cembre 2023 vers 16h10min, au niveau de la station du Bardo, sans faire de d\u00e9g\u00e2ts humains, a fait savoir la Soci\u00e9t\u00e9 des Transports de Tunis \u00ab\u00a0Transtu\u00a0\u00bb.<\/p>\n<p>\t\t\t\t\t\t\t\t\tLa locomotive du m\u00e9tro 4 qui se dirigeait vers Tunis a d\u00e9vi\u00e9 de la voie ferr\u00e9e et est entr\u00e9e en collision avec la barri\u00e8re de fer, endommageant la porte d&rsquo;un autre m\u00e9tro en direction de la Manouba qui stationnait \u00e0 l&rsquo;arr\u00eat, sans causer de bless\u00e9s, a expliqu\u00e9 la soci\u00e9t\u00e9, relevant que des d\u00e9g\u00e2ts mat\u00e9riels ont toutefois \u00e9t\u00e9 enregistr\u00e9s.<\/p>\n<p>Le trafic du m\u00e9tro a repris sur une seule voie entre les stations de \u00ab\u00a0Kheireddine\u00a0\u00bb et \u00ab\u00a0Bardo\u00a0\u00bb et six bus ont \u00e9t\u00e9 mobilis\u00e9s pour assurer le transport des passagers vers les stations de \u00ab\u00a0Slimane Kahia\u00a0\u00bb et \u00ab\u00a0Kheireddine\u00a0\u00bb, en attendant le r\u00e9tablissement du trafic sur les deux voies.<\/p>\n","protected":false},"excerpt":{"rendered":"<p>La locomotive du m\u00e9tro 4 qui se dirigeait vers Tunis a d\u00e9vi\u00e9 de la voie ferr\u00e9e et est entr\u00e9e en collision avec la barri\u00e8re de fer, endommageant la porte d&rsquo;un au&#8230;<\/p>\n","protected":false},"author":3162,"featured_media":248612,"comment_status":"open","ping_status":"closed","sticky":false,"template":"","format":"standard","meta":{"footnotes":""},"categories":[2595],"tags":[4162,3909,2640],"class_list":["post-210607","post","type-post","status-publish","format-standard","has-post-thumbnail","hentry","category-regions","tag-deraillement","tag-metro","tag-tunis"],"yoast_head":"<!-- This site is optimized with the Yoast SEO Premium plugin v27.5 (Yoast SEO v27.5) - https:\/\/yoast.com\/product\/yoast-seo-premium-wordpress\/ -->\n<title>Tunis : Le m\u00e9tro 4 d\u00e9raille<\/title>\n<meta name=\"description\" content=\"La locomotive du m\u00e9tro 4 qui se dirigeait vers Tunis a d\u00e9vi\u00e9 de la voie ferr\u00e9e et est entr\u00e9e en collision avec la barri\u00e8re de fer, endommageant la porte d&#039;un au...\" \/>\n<link rel=\"canonical\" href=\"https:\/\/www.webdo.tn\/fr\/actualite\/regions\/tunis-une-locomotive-du-metro-4-deraille\/210607\/\" \/>\n<meta property=\"og:locale\" content=\"fr_FR\" \/>\n<meta property=\"og:type\" content=\"article\" \/>\n<meta property=\"og:title\" content=\"Tunis : Le m\u00e9tro 4 d\u00e9raille\" \/>\n<meta property=\"og:description\" content=\"La locomotive du m\u00e9tro 4 qui se dirigeait vers Tunis a d\u00e9vi\u00e9 de la voie ferr\u00e9e et est entr\u00e9e en collision avec la barri\u00e8re de fer, endommageant la porte d&#039;un au...\" \/>\n<meta property=\"og:url\" content=\"https:\/\/www.webdo.tn\/fr\/actualite\/regions\/tunis-une-locomotive-du-metro-4-deraille\/210607\/\" \/>\n<meta property=\"og:site_name\" content=\"webdo\" \/>\n<meta property=\"article:publisher\" content=\"https:\/\/www.facebook.com\/webdotn\" \/>\n<meta property=\"article:published_time\" content=\"2023-12-05T21:16:00+00:00\" \/>\n<meta property=\"article:modified_time\" content=\"2025-05-20T21:55:02+00:00\" \/>\n<meta property=\"og:image\" content=\"https:\/\/www.webdo.tn\/fr\/wp-content\/uploads\/2023\/12\/451bc186d94484c55759dd17ad22b00c.jpg\" \/>\n\t<meta property=\"og:image:width\" content=\"750\" \/>\n\t<meta property=\"og:image:height\" content=\"400\" \/>\n\t<meta property=\"og:image:type\" content=\"image\/jpeg\" \/>\n<meta name=\"author\" content=\"MC\" \/>\n<meta name=\"twitter:card\" content=\"summary_large_image\" \/>\n<meta name=\"twitter:creator\" content=\"@webdo_tn\" \/>\n<meta name=\"twitter:site\" content=\"@webdo_tn\" \/>\n<meta name=\"twitter:label1\" content=\"\u00c9crit par\" \/>\n\t<meta name=\"twitter:data1\" content=\"MC\" \/>\n\t<meta name=\"twitter:label2\" content=\"Dur\u00e9e de lecture estim\u00e9e\" \/>\n\t<meta name=\"twitter:data2\" content=\"1 minute\" \/>\n<script type=\"application\/ld+json\" class=\"yoast-schema-graph\">{\"@context\":\"https:\\\/\\\/schema.org\",\"@graph\":[{\"@type\":\"NewsArticle\",\"@id\":\"https:\\\/\\\/www.webdo.tn\\\/fr\\\/actualite\\\/regions\\\/tunis-une-locomotive-du-metro-4-deraille\\\/210607\\\/#article\",\"isPartOf\":{\"@id\":\"https:\\\/\\\/www.webdo.tn\\\/fr\\\/actualite\\\/regions\\\/tunis-une-locomotive-du-metro-4-deraille\\\/210607\\\/\"},\"author\":{\"name\":\"MC\",\"@id\":\"https:\\\/\\\/www.webdo.tn\\\/fr\\\/#\\\/schema\\\/person\\\/2c4929cbf5a809e3bd38617c6ce150f6\"},\"headline\":\"Tunis : Le m\u00e9tro 4 d\u00e9raille\",\"datePublished\":\"2023-12-05T21:16:00+00:00\",\"dateModified\":\"2025-05-20T21:55:02+00:00\",\"mainEntityOfPage\":{\"@id\":\"https:\\\/\\\/www.webdo.tn\\\/fr\\\/actualite\\\/regions\\\/tunis-une-locomotive-du-metro-4-deraille\\\/210607\\\/\"},\"wordCount\":174,\"commentCount\":0,\"publisher\":{\"@id\":\"https:\\\/\\\/www.webdo.tn\\\/fr\\\/#organization\"},\"image\":{\"@id\":\"https:\\\/\\\/www.webdo.tn\\\/fr\\\/actualite\\\/regions\\\/tunis-une-locomotive-du-metro-4-deraille\\\/210607\\\/#primaryimage\"},\"thumbnailUrl\":\"https:\\\/\\\/www.webdo.tn\\\/fr\\\/wp-content\\\/uploads\\\/2023\\\/12\\\/451bc186d94484c55759dd17ad22b00c.jpg\",\"keywords\":[\"d\u00e9raillement\",\"M\u00e9tro\",\"Tunis\"],\"articleSection\":[\"regions\"],\"inLanguage\":\"fr-FR\"},{\"@type\":\"WebPage\",\"@id\":\"https:\\\/\\\/www.webdo.tn\\\/fr\\\/actualite\\\/regions\\\/tunis-une-locomotive-du-metro-4-deraille\\\/210607\\\/\",\"url\":\"https:\\\/\\\/www.webdo.tn\\\/fr\\\/actualite\\\/regions\\\/tunis-une-locomotive-du-metro-4-deraille\\\/210607\\\/\",\"name\":\"Tunis : Le m\u00e9tro 4 d\u00e9raille\",\"isPartOf\":{\"@id\":\"https:\\\/\\\/www.webdo.tn\\\/fr\\\/#website\"},\"primaryImageOfPage\":{\"@id\":\"https:\\\/\\\/www.webdo.tn\\\/fr\\\/actualite\\\/regions\\\/tunis-une-locomotive-du-metro-4-deraille\\\/210607\\\/#primaryimage\"},\"image\":{\"@id\":\"https:\\\/\\\/www.webdo.tn\\\/fr\\\/actualite\\\/regions\\\/tunis-une-locomotive-du-metro-4-deraille\\\/210607\\\/#primaryimage\"},\"thumbnailUrl\":\"https:\\\/\\\/www.webdo.tn\\\/fr\\\/wp-content\\\/uploads\\\/2023\\\/12\\\/451bc186d94484c55759dd17ad22b00c.jpg\",\"datePublished\":\"2023-12-05T21:16:00+00:00\",\"dateModified\":\"2025-05-20T21:55:02+00:00\",\"description\":\"La locomotive du m\u00e9tro 4 qui se dirigeait vers Tunis a d\u00e9vi\u00e9 de la voie ferr\u00e9e et est entr\u00e9e en collision avec la barri\u00e8re de fer, endommageant la porte d'un au...\",\"breadcrumb\":{\"@id\":\"https:\\\/\\\/www.webdo.tn\\\/fr\\\/actualite\\\/regions\\\/tunis-une-locomotive-du-metro-4-deraille\\\/210607\\\/#breadcrumb\"},\"inLanguage\":\"fr-FR\",\"potentialAction\":[{\"@type\":\"ReadAction\",\"target\":[\"https:\\\/\\\/www.webdo.tn\\\/fr\\\/actualite\\\/regions\\\/tunis-une-locomotive-du-metro-4-deraille\\\/210607\\\/\"]}]},{\"@type\":\"ImageObject\",\"inLanguage\":\"fr-FR\",\"@id\":\"https:\\\/\\\/www.webdo.tn\\\/fr\\\/actualite\\\/regions\\\/tunis-une-locomotive-du-metro-4-deraille\\\/210607\\\/#primaryimage\",\"url\":\"https:\\\/\\\/www.webdo.tn\\\/fr\\\/wp-content\\\/uploads\\\/2023\\\/12\\\/451bc186d94484c55759dd17ad22b00c.jpg\",\"contentUrl\":\"https:\\\/\\\/www.webdo.tn\\\/fr\\\/wp-content\\\/uploads\\\/2023\\\/12\\\/451bc186d94484c55759dd17ad22b00c.jpg\",\"width\":750,\"height\":400,\"caption\":\"Tunis : Le m\u00e9tro 4 d\u00e9raille\"},{\"@type\":\"BreadcrumbList\",\"@id\":\"https:\\\/\\\/www.webdo.tn\\\/fr\\\/actualite\\\/regions\\\/tunis-une-locomotive-du-metro-4-deraille\\\/210607\\\/#breadcrumb\",\"itemListElement\":[{\"@type\":\"ListItem\",\"position\":1,\"name\":\"Accueil\",\"item\":\"https:\\\/\\\/www.webdo.tn\\\/fr\\\/\"},{\"@type\":\"ListItem\",\"position\":2,\"name\":\"Tunis : Le m\u00e9tro 4 d\u00e9raille\"}]},{\"@type\":\"WebSite\",\"@id\":\"https:\\\/\\\/www.webdo.tn\\\/fr\\\/#website\",\"url\":\"https:\\\/\\\/www.webdo.tn\\\/fr\\\/\",\"name\":\"webdo\",\"description\":\"Tunisie - News en Tunisie et \u00e0 l&#039;international sur Webdo.tn\",\"publisher\":{\"@id\":\"https:\\\/\\\/www.webdo.tn\\\/fr\\\/#organization\"},\"potentialAction\":[{\"@type\":\"SearchAction\",\"target\":{\"@type\":\"EntryPoint\",\"urlTemplate\":\"https:\\\/\\\/www.webdo.tn\\\/fr\\\/?s={search_term_string}\"},\"query-input\":{\"@type\":\"PropertyValueSpecification\",\"valueRequired\":true,\"valueName\":\"search_term_string\"}}],\"inLanguage\":\"fr-FR\"},{\"@type\":\"Organization\",\"@id\":\"https:\\\/\\\/www.webdo.tn\\\/fr\\\/#organization\",\"name\":\"Webdo\",\"alternateName\":\"Webdo.tn\",\"url\":\"https:\\\/\\\/www.webdo.tn\\\/fr\\\/\",\"logo\":{\"@type\":\"ImageObject\",\"inLanguage\":\"fr-FR\",\"@id\":\"https:\\\/\\\/www.webdo.tn\\\/fr\\\/#\\\/schema\\\/logo\\\/image\\\/\",\"url\":\"https:\\\/\\\/www.webdo.tn\\\/fr\\\/wp-content\\\/uploads\\\/2025\\\/06\\\/Webdo-Tunisie_168377.jpg\",\"contentUrl\":\"https:\\\/\\\/www.webdo.tn\\\/fr\\\/wp-content\\\/uploads\\\/2025\\\/06\\\/Webdo-Tunisie_168377.jpg\",\"width\":301,\"height\":301,\"caption\":\"Webdo\"},\"image\":{\"@id\":\"https:\\\/\\\/www.webdo.tn\\\/fr\\\/#\\\/schema\\\/logo\\\/image\\\/\"},\"sameAs\":[\"https:\\\/\\\/www.facebook.com\\\/webdotn\",\"https:\\\/\\\/x.com\\\/webdo_tn\"],\"description\":\"Webdo est un m\u00e9dia num\u00e9rique tunisien fond\u00e9 en 2010, sp\u00e9cialis\u00e9 dans l\u2019actualit\u00e9 nationale et internationale, l\u2019\u00e9conomie, la soci\u00e9t\u00e9 et les analyses politiques. Le site s\u2019adresse \u00e0 un large public francophone et couvre l\u2019information tunisienne en temps r\u00e9el.\",\"email\":\"redac@webdo.tn\",\"legalName\":\"YNJ SARL\",\"foundingDate\":\"2010-09-06\",\"numberOfEmployees\":{\"@type\":\"QuantitativeValue\",\"minValue\":\"11\",\"maxValue\":\"50\"}},{\"@type\":\"Person\",\"@id\":\"https:\\\/\\\/www.webdo.tn\\\/fr\\\/#\\\/schema\\\/person\\\/2c4929cbf5a809e3bd38617c6ce150f6\",\"name\":\"MC\",\"image\":{\"@type\":\"ImageObject\",\"inLanguage\":\"fr-FR\",\"@id\":\"https:\\\/\\\/secure.gravatar.com\\\/avatar\\\/a545bbb6f84efdd5553dbbc2895e3ca8f1d12c5215e00a041c9670b54aa9b18a?s=96&d=mm&r=g\",\"url\":\"https:\\\/\\\/secure.gravatar.com\\\/avatar\\\/a545bbb6f84efdd5553dbbc2895e3ca8f1d12c5215e00a041c9670b54aa9b18a?s=96&d=mm&r=g\",\"contentUrl\":\"https:\\\/\\\/secure.gravatar.com\\\/avatar\\\/a545bbb6f84efdd5553dbbc2895e3ca8f1d12c5215e00a041c9670b54aa9b18a?s=96&d=mm&r=g\",\"caption\":\"MC\"},\"url\":\"https:\\\/\\\/www.webdo.tn\\\/fr\\\/actualite\\\/author\\\/mc\\\/\"}]}<\/script>\n<!-- \/ Yoast SEO Premium plugin. -->","yoast_head_json":{"title":"Tunis : Le m\u00e9tro 4 d\u00e9raille","description":"La locomotive du m\u00e9tro 4 qui se dirigeait vers Tunis a d\u00e9vi\u00e9 de la voie ferr\u00e9e et est entr\u00e9e en collision avec la barri\u00e8re de fer, endommageant la porte d'un au...","canonical":"https:\/\/www.webdo.tn\/fr\/actualite\/regions\/tunis-une-locomotive-du-metro-4-deraille\/210607\/","og_locale":"fr_FR","og_type":"article","og_title":"Tunis : Le m\u00e9tro 4 d\u00e9raille","og_description":"La locomotive du m\u00e9tro 4 qui se dirigeait vers Tunis a d\u00e9vi\u00e9 de la voie ferr\u00e9e et est entr\u00e9e en collision avec la barri\u00e8re de fer, endommageant la porte d'un au...","og_url":"https:\/\/www.webdo.tn\/fr\/actualite\/regions\/tunis-une-locomotive-du-metro-4-deraille\/210607\/","og_site_name":"webdo","article_publisher":"https:\/\/www.facebook.com\/webdotn","article_published_time":"2023-12-05T21:16:00+00:00","article_modified_time":"2025-05-20T21:55:02+00:00","og_image":[{"width":750,"height":400,"url":"https:\/\/www.webdo.tn\/fr\/wp-content\/uploads\/2023\/12\/451bc186d94484c55759dd17ad22b00c.jpg","type":"image\/jpeg"}],"author":"MC","twitter_card":"summary_large_image","twitter_creator":"@webdo_tn","twitter_site":"@webdo_tn","twitter_misc":{"\u00c9crit par":"MC","Dur\u00e9e de lecture estim\u00e9e":"1 minute"},"schema":{"@context":"https:\/\/schema.org","@graph":[{"@type":"NewsArticle","@id":"https:\/\/www.webdo.tn\/fr\/actualite\/regions\/tunis-une-locomotive-du-metro-4-deraille\/210607\/#article","isPartOf":{"@id":"https:\/\/www.webdo.tn\/fr\/actualite\/regions\/tunis-une-locomotive-du-metro-4-deraille\/210607\/"},"author":{"name":"MC","@id":"https:\/\/www.webdo.tn\/fr\/#\/schema\/person\/2c4929cbf5a809e3bd38617c6ce150f6"},"headline":"Tunis : Le m\u00e9tro 4 d\u00e9raille","datePublished":"2023-12-05T21:16:00+00:00","dateModified":"2025-05-20T21:55:02+00:00","mainEntityOfPage":{"@id":"https:\/\/www.webdo.tn\/fr\/actualite\/regions\/tunis-une-locomotive-du-metro-4-deraille\/210607\/"},"wordCount":174,"commentCount":0,"publisher":{"@id":"https:\/\/www.webdo.tn\/fr\/#organization"},"image":{"@id":"https:\/\/www.webdo.tn\/fr\/actualite\/regions\/tunis-une-locomotive-du-metro-4-deraille\/210607\/#primaryimage"},"thumbnailUrl":"https:\/\/www.webdo.tn\/fr\/wp-content\/uploads\/2023\/12\/451bc186d94484c55759dd17ad22b00c.jpg","keywords":["d\u00e9raillement","M\u00e9tro","Tunis"],"articleSection":["regions"],"inLanguage":"fr-FR"},{"@type":"WebPage","@id":"https:\/\/www.webdo.tn\/fr\/actualite\/regions\/tunis-une-locomotive-du-metro-4-deraille\/210607\/","url":"https:\/\/www.webdo.tn\/fr\/actualite\/regions\/tunis-une-locomotive-du-metro-4-deraille\/210607\/","name":"Tunis : Le m\u00e9tro 4 d\u00e9raille","isPartOf":{"@id":"https:\/\/www.webdo.tn\/fr\/#website"},"primaryImageOfPage":{"@id":"https:\/\/www.webdo.tn\/fr\/actualite\/regions\/tunis-une-locomotive-du-metro-4-deraille\/210607\/#primaryimage"},"image":{"@id":"https:\/\/www.webdo.tn\/fr\/actualite\/regions\/tunis-une-locomotive-du-metro-4-deraille\/210607\/#primaryimage"},"thumbnailUrl":"https:\/\/www.webdo.tn\/fr\/wp-content\/uploads\/2023\/12\/451bc186d94484c55759dd17ad22b00c.jpg","datePublished":"2023-12-05T21:16:00+00:00","dateModified":"2025-05-20T21:55:02+00:00","description":"La locomotive du m\u00e9tro 4 qui se dirigeait vers Tunis a d\u00e9vi\u00e9 de la voie ferr\u00e9e et est entr\u00e9e en collision avec la barri\u00e8re de fer, endommageant la porte d'un au...","breadcrumb":{"@id":"https:\/\/www.webdo.tn\/fr\/actualite\/regions\/tunis-une-locomotive-du-metro-4-deraille\/210607\/#breadcrumb"},"inLanguage":"fr-FR","potentialAction":[{"@type":"ReadAction","target":["https:\/\/www.webdo.tn\/fr\/actualite\/regions\/tunis-une-locomotive-du-metro-4-deraille\/210607\/"]}]},{"@type":"ImageObject","inLanguage":"fr-FR","@id":"https:\/\/www.webdo.tn\/fr\/actualite\/regions\/tunis-une-locomotive-du-metro-4-deraille\/210607\/#primaryimage","url":"https:\/\/www.webdo.tn\/fr\/wp-content\/uploads\/2023\/12\/451bc186d94484c55759dd17ad22b00c.jpg","contentUrl":"https:\/\/www.webdo.tn\/fr\/wp-content\/uploads\/2023\/12\/451bc186d94484c55759dd17ad22b00c.jpg","width":750,"height":400,"caption":"Tunis : Le m\u00e9tro 4 d\u00e9raille"},{"@type":"BreadcrumbList","@id":"https:\/\/www.webdo.tn\/fr\/actualite\/regions\/tunis-une-locomotive-du-metro-4-deraille\/210607\/#breadcrumb","itemListElement":[{"@type":"ListItem","position":1,"name":"Accueil","item":"https:\/\/www.webdo.tn\/fr\/"},{"@type":"ListItem","position":2,"name":"Tunis : Le m\u00e9tro 4 d\u00e9raille"}]},{"@type":"WebSite","@id":"https:\/\/www.webdo.tn\/fr\/#website","url":"https:\/\/www.webdo.tn\/fr\/","name":"webdo","description":"Tunisie - News en Tunisie et \u00e0 l&#039;international sur Webdo.tn","publisher":{"@id":"https:\/\/www.webdo.tn\/fr\/#organization"},"potentialAction":[{"@type":"SearchAction","target":{"@type":"EntryPoint","urlTemplate":"https:\/\/www.webdo.tn\/fr\/?s={search_term_string}"},"query-input":{"@type":"PropertyValueSpecification","valueRequired":true,"valueName":"search_term_string"}}],"inLanguage":"fr-FR"},{"@type":"Organization","@id":"https:\/\/www.webdo.tn\/fr\/#organization","name":"Webdo","alternateName":"Webdo.tn","url":"https:\/\/www.webdo.tn\/fr\/","logo":{"@type":"ImageObject","inLanguage":"fr-FR","@id":"https:\/\/www.webdo.tn\/fr\/#\/schema\/logo\/image\/","url":"https:\/\/www.webdo.tn\/fr\/wp-content\/uploads\/2025\/06\/Webdo-Tunisie_168377.jpg","contentUrl":"https:\/\/www.webdo.tn\/fr\/wp-content\/uploads\/2025\/06\/Webdo-Tunisie_168377.jpg","width":301,"height":301,"caption":"Webdo"},"image":{"@id":"https:\/\/www.webdo.tn\/fr\/#\/schema\/logo\/image\/"},"sameAs":["https:\/\/www.facebook.com\/webdotn","https:\/\/x.com\/webdo_tn"],"description":"Webdo est un m\u00e9dia num\u00e9rique tunisien fond\u00e9 en 2010, sp\u00e9cialis\u00e9 dans l\u2019actualit\u00e9 nationale et internationale, l\u2019\u00e9conomie, la soci\u00e9t\u00e9 et les analyses politiques. Le site s\u2019adresse \u00e0 un large public francophone et couvre l\u2019information tunisienne en temps r\u00e9el.","email":"redac@webdo.tn","legalName":"YNJ SARL","foundingDate":"2010-09-06","numberOfEmployees":{"@type":"QuantitativeValue","minValue":"11","maxValue":"50"}},{"@type":"Person","@id":"https:\/\/www.webdo.tn\/fr\/#\/schema\/person\/2c4929cbf5a809e3bd38617c6ce150f6","name":"MC","image":{"@type":"ImageObject","inLanguage":"fr-FR","@id":"https:\/\/secure.gravatar.com\/avatar\/a545bbb6f84efdd5553dbbc2895e3ca8f1d12c5215e00a041c9670b54aa9b18a?s=96&d=mm&r=g","url":"https:\/\/secure.gravatar.com\/avatar\/a545bbb6f84efdd5553dbbc2895e3ca8f1d12c5215e00a041c9670b54aa9b18a?s=96&d=mm&r=g","contentUrl":"https:\/\/secure.gravatar.com\/avatar\/a545bbb6f84efdd5553dbbc2895e3ca8f1d12c5215e00a041c9670b54aa9b18a?s=96&d=mm&r=g","caption":"MC"},"url":"https:\/\/www.webdo.tn\/fr\/actualite\/author\/mc\/"}]}},"_links":{"self":[{"href":"https:\/\/www.webdo.tn\/fr\/wp-json\/wp\/v2\/posts\/210607","targetHints":{"allow":["GET"]}}],"collection":[{"href":"https:\/\/www.webdo.tn\/fr\/wp-json\/wp\/v2\/posts"}],"about":[{"href":"https:\/\/www.webdo.tn\/fr\/wp-json\/wp\/v2\/types\/post"}],"author":[{"embeddable":true,"href":"https:\/\/www.webdo.tn\/fr\/wp-json\/wp\/v2\/users\/3162"}],"replies":[{"embeddable":true,"href":"https:\/\/www.webdo.tn\/fr\/wp-json\/wp\/v2\/comments?post=210607"}],"version-history":[{"count":0,"href":"https:\/\/www.webdo.tn\/fr\/wp-json\/wp\/v2\/posts\/210607\/revisions"}],"wp:featuredmedia":[{"embeddable":true,"href":"https:\/\/www.webdo.tn\/fr\/wp-json\/wp\/v2\/media\/248612"}],"wp:attachment":[{"href":"https:\/\/www.webdo.tn\/fr\/wp-json\/wp\/v2\/media?parent=210607"}],"wp:term":[{"taxonomy":"category","embeddable":true,"href":"https:\/\/www.webdo.tn\/fr\/wp-json\/wp\/v2\/categories?post=210607"},{"taxonomy":"post_tag","embeddable":true,"href":"https:\/\/www.webdo.tn\/fr\/wp-json\/wp\/v2\/tags?post=210607"}],"curies":[{"name":"wp","href":"https:\/\/api.w.org\/{rel}","templated":true}]}}