{"id":210606,"date":"2023-12-05T21:04:00","date_gmt":"2023-12-05T21:04:00","guid":{"rendered":"https:\/\/www.webdo.tn\/fr\/blog\/affaire-ahmed-souli-un-policier-ecope-de-6-mois-de-prison-ferme\/210606\/"},"modified":"2025-05-20T22:56:22","modified_gmt":"2025-05-20T22:56:22","slug":"affaire-ahmed-souli-un-policier-ecope-de-6-mois-de-prison-ferme","status":"publish","type":"post","link":"https:\/\/www.webdo.tn\/fr\/actualite\/regions\/affaire-ahmed-souli-un-policier-ecope-de-6-mois-de-prison-ferme\/210606\/","title":{"rendered":"Affaire Ahmed Souli : Un policier \u00e9cope de 6 mois de prison ferme !"},"content":{"rendered":"<p>Le Tribunal de premi\u00e8re instance de Kasserine a rendu un jugement de 6 mois de prison ferme \u00e0 l&rsquo;encontre d&rsquo;un agent de s\u00e9curit\u00e9 pour le meurtre du jeune Ahmed Souli, d\u00e9c\u00e9d\u00e9 \u00e0 Sbeitla, le 5 juillet dernier des suites de blessures par balle.<\/p>\n<p>\t\t\t\t\t\t\t\t\tLe suspect a \u00e9t\u00e9 \u00e9galement condamn\u00e9 d&rsquo;une amende de 45 mille dinars au profit de la famille de la victime, \u00e0 titre de compensation financi\u00e8re. Et ce, pour \u00ab\u00a0homicide involontaire suite au manque de pr\u00e9caution, n\u00e9gligence et au non-respect des lois selon les articles 201 et 202 du Code p\u00e9nal\u00a0\u00bb.<\/p>\n<p>C&rsquo;est ce qu&rsquo;a affirm\u00e9, aujourd&rsquo;hui, mardi 5 d\u00e9cembre 2023, le porte-parole officiel des tribunaux de Kasserine, Riadh Nouioua, sur les ondes de Mosa\u00efque Fm.<\/p>\n<p>L&rsquo;affaire remonte au mois de juillet dernier. Le jeune homme, Ahmed Souli, est d\u00e9c\u00e9d\u00e9 suite \u00e0 un tir d\u2019arme \u00e0 feu par un agent de s\u00e9curit\u00e9 lors d\u2019une descente dans un local de paris sportifs. L\u2019incident avait provoqu\u00e9 des tensions et des \u00e9changes violents \u00e0 Sbeitla qui ont perdur\u00e9 pendant plusieurs jours.<\/p>\n<p>Rappelons que le rapport balistique a confirm\u00e9 que la victime a perdu la vie apr\u00e8s avoir re\u00e7u une balle lors des affrontements entre un groupe de personnes arm\u00e9es de fusils et de cocktails Molotov et les forces de l\u2019ordre.<\/p>\n","protected":false},"excerpt":{"rendered":"<p>Un policier a \u00e9t\u00e9 condamn\u00e9 \u00e0 six mois de prison ferme et \u00e0 une amende de 45 mille dinars au profit de la famille de la victime, \u00e0 titre de compensation financi\u00e8&#8230;<\/p>\n","protected":false},"author":3184,"featured_media":248610,"comment_status":"open","ping_status":"closed","sticky":false,"template":"","format":"standard","meta":{"footnotes":""},"categories":[2595],"tags":[4604,2708,7230],"class_list":["post-210606","post","type-post","status-publish","format-standard","has-post-thumbnail","hentry","category-regions","tag-policier","tag-prison","tag-sbeitla"],"yoast_head":"<!-- This site is optimized with the Yoast SEO Premium plugin v27.4 (Yoast SEO v27.5) - https:\/\/yoast.com\/product\/yoast-seo-premium-wordpress\/ -->\n<title>Affaire Ahmed Souli : Un policier \u00e9cope de 6 mois de prison ferme !<\/title>\n<meta name=\"description\" content=\"Un policier a \u00e9t\u00e9 condamn\u00e9 \u00e0 six mois de prison ferme et \u00e0 une amende de 45 mille dinars au profit de la famille de la victime, \u00e0 titre de compensation financi\u00e8...\" \/>\n<link rel=\"canonical\" href=\"https:\/\/www.webdo.tn\/fr\/actualite\/regions\/affaire-ahmed-souli-un-policier-ecope-de-6-mois-de-prison-ferme\/210606\/\" \/>\n<meta property=\"og:locale\" content=\"fr_FR\" \/>\n<meta property=\"og:type\" content=\"article\" \/>\n<meta property=\"og:title\" content=\"Affaire Ahmed Souli : Un policier \u00e9cope de 6 mois de prison ferme !\" \/>\n<meta property=\"og:description\" content=\"Un policier a \u00e9t\u00e9 condamn\u00e9 \u00e0 six mois de prison ferme et \u00e0 une amende de 45 mille dinars au profit de la famille de la victime, \u00e0 titre de compensation financi\u00e8...\" \/>\n<meta property=\"og:url\" content=\"https:\/\/www.webdo.tn\/fr\/actualite\/regions\/affaire-ahmed-souli-un-policier-ecope-de-6-mois-de-prison-ferme\/210606\/\" \/>\n<meta property=\"og:site_name\" content=\"webdo\" \/>\n<meta property=\"article:publisher\" content=\"https:\/\/www.facebook.com\/webdotn\" \/>\n<meta property=\"article:published_time\" content=\"2023-12-05T21:04:00+00:00\" \/>\n<meta property=\"article:modified_time\" content=\"2025-05-20T22:56:22+00:00\" \/>\n<meta property=\"og:image\" content=\"https:\/\/www.webdo.tn\/fr\/wp-content\/uploads\/2023\/12\/2f4d789585ca76020fadb678984ead14.jpg\" \/>\n\t<meta property=\"og:image:width\" content=\"750\" \/>\n\t<meta property=\"og:image:height\" content=\"400\" \/>\n\t<meta property=\"og:image:type\" content=\"image\/jpeg\" \/>\n<meta name=\"author\" content=\"Wided Belhaj\" \/>\n<meta name=\"twitter:card\" content=\"summary_large_image\" \/>\n<meta name=\"twitter:creator\" content=\"@webdo_tn\" \/>\n<meta name=\"twitter:site\" content=\"@webdo_tn\" \/>\n<meta name=\"twitter:label1\" content=\"\u00c9crit par\" \/>\n\t<meta name=\"twitter:data1\" content=\"Wided Belhaj\" \/>\n\t<meta name=\"twitter:label2\" content=\"Dur\u00e9e de lecture estim\u00e9e\" \/>\n\t<meta name=\"twitter:data2\" content=\"1 minute\" \/>\n<script type=\"application\/ld+json\" class=\"yoast-schema-graph\">{\"@context\":\"https:\\\/\\\/schema.org\",\"@graph\":[{\"@type\":\"NewsArticle\",\"@id\":\"https:\\\/\\\/www.webdo.tn\\\/fr\\\/actualite\\\/regions\\\/affaire-ahmed-souli-un-policier-ecope-de-6-mois-de-prison-ferme\\\/210606\\\/#article\",\"isPartOf\":{\"@id\":\"https:\\\/\\\/www.webdo.tn\\\/fr\\\/actualite\\\/regions\\\/affaire-ahmed-souli-un-policier-ecope-de-6-mois-de-prison-ferme\\\/210606\\\/\"},\"author\":{\"name\":\"Wided Belhaj\",\"@id\":\"https:\\\/\\\/www.webdo.tn\\\/fr\\\/#\\\/schema\\\/person\\\/b9ecde7a5574cb4fcf4b496ea5fadb15\"},\"headline\":\"Affaire Ahmed Souli : Un policier \u00e9cope de 6 mois de prison ferme !\",\"datePublished\":\"2023-12-05T21:04:00+00:00\",\"dateModified\":\"2025-05-20T22:56:22+00:00\",\"mainEntityOfPage\":{\"@id\":\"https:\\\/\\\/www.webdo.tn\\\/fr\\\/actualite\\\/regions\\\/affaire-ahmed-souli-un-policier-ecope-de-6-mois-de-prison-ferme\\\/210606\\\/\"},\"wordCount\":233,\"commentCount\":0,\"publisher\":{\"@id\":\"https:\\\/\\\/www.webdo.tn\\\/fr\\\/#organization\"},\"image\":{\"@id\":\"https:\\\/\\\/www.webdo.tn\\\/fr\\\/actualite\\\/regions\\\/affaire-ahmed-souli-un-policier-ecope-de-6-mois-de-prison-ferme\\\/210606\\\/#primaryimage\"},\"thumbnailUrl\":\"https:\\\/\\\/www.webdo.tn\\\/fr\\\/wp-content\\\/uploads\\\/2023\\\/12\\\/2f4d789585ca76020fadb678984ead14.jpg\",\"keywords\":[\"policier\",\"Prison\",\"Sb\u00e9itla\"],\"articleSection\":[\"regions\"],\"inLanguage\":\"fr-FR\"},{\"@type\":\"WebPage\",\"@id\":\"https:\\\/\\\/www.webdo.tn\\\/fr\\\/actualite\\\/regions\\\/affaire-ahmed-souli-un-policier-ecope-de-6-mois-de-prison-ferme\\\/210606\\\/\",\"url\":\"https:\\\/\\\/www.webdo.tn\\\/fr\\\/actualite\\\/regions\\\/affaire-ahmed-souli-un-policier-ecope-de-6-mois-de-prison-ferme\\\/210606\\\/\",\"name\":\"Affaire Ahmed Souli : Un policier \u00e9cope de 6 mois de prison ferme !\",\"isPartOf\":{\"@id\":\"https:\\\/\\\/www.webdo.tn\\\/fr\\\/#website\"},\"primaryImageOfPage\":{\"@id\":\"https:\\\/\\\/www.webdo.tn\\\/fr\\\/actualite\\\/regions\\\/affaire-ahmed-souli-un-policier-ecope-de-6-mois-de-prison-ferme\\\/210606\\\/#primaryimage\"},\"image\":{\"@id\":\"https:\\\/\\\/www.webdo.tn\\\/fr\\\/actualite\\\/regions\\\/affaire-ahmed-souli-un-policier-ecope-de-6-mois-de-prison-ferme\\\/210606\\\/#primaryimage\"},\"thumbnailUrl\":\"https:\\\/\\\/www.webdo.tn\\\/fr\\\/wp-content\\\/uploads\\\/2023\\\/12\\\/2f4d789585ca76020fadb678984ead14.jpg\",\"datePublished\":\"2023-12-05T21:04:00+00:00\",\"dateModified\":\"2025-05-20T22:56:22+00:00\",\"description\":\"Un policier a \u00e9t\u00e9 condamn\u00e9 \u00e0 six mois de prison ferme et \u00e0 une amende de 45 mille dinars au profit de la famille de la victime, \u00e0 titre de compensation financi\u00e8...\",\"breadcrumb\":{\"@id\":\"https:\\\/\\\/www.webdo.tn\\\/fr\\\/actualite\\\/regions\\\/affaire-ahmed-souli-un-policier-ecope-de-6-mois-de-prison-ferme\\\/210606\\\/#breadcrumb\"},\"inLanguage\":\"fr-FR\",\"potentialAction\":[{\"@type\":\"ReadAction\",\"target\":[\"https:\\\/\\\/www.webdo.tn\\\/fr\\\/actualite\\\/regions\\\/affaire-ahmed-souli-un-policier-ecope-de-6-mois-de-prison-ferme\\\/210606\\\/\"]}]},{\"@type\":\"ImageObject\",\"inLanguage\":\"fr-FR\",\"@id\":\"https:\\\/\\\/www.webdo.tn\\\/fr\\\/actualite\\\/regions\\\/affaire-ahmed-souli-un-policier-ecope-de-6-mois-de-prison-ferme\\\/210606\\\/#primaryimage\",\"url\":\"https:\\\/\\\/www.webdo.tn\\\/fr\\\/wp-content\\\/uploads\\\/2023\\\/12\\\/2f4d789585ca76020fadb678984ead14.jpg\",\"contentUrl\":\"https:\\\/\\\/www.webdo.tn\\\/fr\\\/wp-content\\\/uploads\\\/2023\\\/12\\\/2f4d789585ca76020fadb678984ead14.jpg\",\"width\":750,\"height\":400,\"caption\":\"Affaire Ahmed Souli : Un policier \u00e9cope de 6 mois de prison ferme !\"},{\"@type\":\"BreadcrumbList\",\"@id\":\"https:\\\/\\\/www.webdo.tn\\\/fr\\\/actualite\\\/regions\\\/affaire-ahmed-souli-un-policier-ecope-de-6-mois-de-prison-ferme\\\/210606\\\/#breadcrumb\",\"itemListElement\":[{\"@type\":\"ListItem\",\"position\":1,\"name\":\"Accueil\",\"item\":\"https:\\\/\\\/www.webdo.tn\\\/fr\\\/\"},{\"@type\":\"ListItem\",\"position\":2,\"name\":\"Affaire Ahmed Souli : Un policier \u00e9cope de 6 mois de prison ferme !\"}]},{\"@type\":\"WebSite\",\"@id\":\"https:\\\/\\\/www.webdo.tn\\\/fr\\\/#website\",\"url\":\"https:\\\/\\\/www.webdo.tn\\\/fr\\\/\",\"name\":\"webdo\",\"description\":\"Tunisie - News en Tunisie et \u00e0 l&#039;international sur Webdo.tn\",\"publisher\":{\"@id\":\"https:\\\/\\\/www.webdo.tn\\\/fr\\\/#organization\"},\"potentialAction\":[{\"@type\":\"SearchAction\",\"target\":{\"@type\":\"EntryPoint\",\"urlTemplate\":\"https:\\\/\\\/www.webdo.tn\\\/fr\\\/?s={search_term_string}\"},\"query-input\":{\"@type\":\"PropertyValueSpecification\",\"valueRequired\":true,\"valueName\":\"search_term_string\"}}],\"inLanguage\":\"fr-FR\"},{\"@type\":\"Organization\",\"@id\":\"https:\\\/\\\/www.webdo.tn\\\/fr\\\/#organization\",\"name\":\"Webdo\",\"alternateName\":\"Webdo.tn\",\"url\":\"https:\\\/\\\/www.webdo.tn\\\/fr\\\/\",\"logo\":{\"@type\":\"ImageObject\",\"inLanguage\":\"fr-FR\",\"@id\":\"https:\\\/\\\/www.webdo.tn\\\/fr\\\/#\\\/schema\\\/logo\\\/image\\\/\",\"url\":\"https:\\\/\\\/www.webdo.tn\\\/fr\\\/wp-content\\\/uploads\\\/2025\\\/06\\\/Webdo-Tunisie_168377.jpg\",\"contentUrl\":\"https:\\\/\\\/www.webdo.tn\\\/fr\\\/wp-content\\\/uploads\\\/2025\\\/06\\\/Webdo-Tunisie_168377.jpg\",\"width\":301,\"height\":301,\"caption\":\"Webdo\"},\"image\":{\"@id\":\"https:\\\/\\\/www.webdo.tn\\\/fr\\\/#\\\/schema\\\/logo\\\/image\\\/\"},\"sameAs\":[\"https:\\\/\\\/www.facebook.com\\\/webdotn\",\"https:\\\/\\\/x.com\\\/webdo_tn\"],\"description\":\"Webdo est un m\u00e9dia num\u00e9rique tunisien fond\u00e9 en 2010, sp\u00e9cialis\u00e9 dans l\u2019actualit\u00e9 nationale et internationale, l\u2019\u00e9conomie, la soci\u00e9t\u00e9 et les analyses politiques. Le site s\u2019adresse \u00e0 un large public francophone et couvre l\u2019information tunisienne en temps r\u00e9el.\",\"email\":\"redac@webdo.tn\",\"legalName\":\"YNJ SARL\",\"foundingDate\":\"2010-09-06\",\"numberOfEmployees\":{\"@type\":\"QuantitativeValue\",\"minValue\":\"11\",\"maxValue\":\"50\"}},{\"@type\":\"Person\",\"@id\":\"https:\\\/\\\/www.webdo.tn\\\/fr\\\/#\\\/schema\\\/person\\\/b9ecde7a5574cb4fcf4b496ea5fadb15\",\"name\":\"Wided Belhaj\",\"image\":{\"@type\":\"ImageObject\",\"inLanguage\":\"fr-FR\",\"@id\":\"https:\\\/\\\/www.webdo.tn\\\/fr\\\/wp-content\\\/uploads\\\/2026\\\/04\\\/wided-belhaj_avatar-96x96.jpg\",\"url\":\"https:\\\/\\\/www.webdo.tn\\\/fr\\\/wp-content\\\/uploads\\\/2026\\\/04\\\/wided-belhaj_avatar-96x96.jpg\",\"contentUrl\":\"https:\\\/\\\/www.webdo.tn\\\/fr\\\/wp-content\\\/uploads\\\/2026\\\/04\\\/wided-belhaj_avatar-96x96.jpg\",\"caption\":\"Wided Belhaj\"},\"description\":\"Wided Belhaj est le pseudonyme \u00e9ditorial utilis\u00e9 par Khalil Jelassi, journaliste, ma\u00eetre-assistant \u00e0 l\u2019Institut de presse et des sciences de l\u2019information (IPSI) et chercheur en sciences de l\u2019information et de la communication. Cette signature est d\u00e9di\u00e9e \u00e0 l\u2019analyse des m\u00e9dias, des pratiques journalistiques et des mutations de l\u2019information \u00e0 l\u2019\u00e8re digitale. \u00c0 travers ses contributions, Wided Belhaj propose une lecture analytique de l\u2019actualit\u00e9, en croisant regard critique et expertise acad\u00e9mique.\",\"knowsAbout\":[\"m\u00e9dias\",\"journalisme\",\"communication\",\"information\",\"transformation num\u00e9rique\",\"analyse des m\u00e9dias\"],\"knowsLanguage\":[\"Fran\u00e7ais\",\"Arabe\"],\"jobTitle\":\"Webdo.tn\",\"worksFor\":\"Journaliste \u2013 Analyse des m\u00e9dias\",\"url\":\"https:\\\/\\\/www.webdo.tn\\\/fr\\\/actualite\\\/author\\\/wided-belhaj\\\/\"}]}<\/script>\n<!-- \/ Yoast SEO Premium plugin. -->","yoast_head_json":{"title":"Affaire Ahmed Souli : Un policier \u00e9cope de 6 mois de prison ferme !","description":"Un policier a \u00e9t\u00e9 condamn\u00e9 \u00e0 six mois de prison ferme et \u00e0 une amende de 45 mille dinars au profit de la famille de la victime, \u00e0 titre de compensation financi\u00e8...","canonical":"https:\/\/www.webdo.tn\/fr\/actualite\/regions\/affaire-ahmed-souli-un-policier-ecope-de-6-mois-de-prison-ferme\/210606\/","og_locale":"fr_FR","og_type":"article","og_title":"Affaire Ahmed Souli : Un policier \u00e9cope de 6 mois de prison ferme !","og_description":"Un policier a \u00e9t\u00e9 condamn\u00e9 \u00e0 six mois de prison ferme et \u00e0 une amende de 45 mille dinars au profit de la famille de la victime, \u00e0 titre de compensation financi\u00e8...","og_url":"https:\/\/www.webdo.tn\/fr\/actualite\/regions\/affaire-ahmed-souli-un-policier-ecope-de-6-mois-de-prison-ferme\/210606\/","og_site_name":"webdo","article_publisher":"https:\/\/www.facebook.com\/webdotn","article_published_time":"2023-12-05T21:04:00+00:00","article_modified_time":"2025-05-20T22:56:22+00:00","og_image":[{"width":750,"height":400,"url":"https:\/\/www.webdo.tn\/fr\/wp-content\/uploads\/2023\/12\/2f4d789585ca76020fadb678984ead14.jpg","type":"image\/jpeg"}],"author":"Wided Belhaj","twitter_card":"summary_large_image","twitter_creator":"@webdo_tn","twitter_site":"@webdo_tn","twitter_misc":{"\u00c9crit par":"Wided Belhaj","Dur\u00e9e de lecture estim\u00e9e":"1 minute"},"schema":{"@context":"https:\/\/schema.org","@graph":[{"@type":"NewsArticle","@id":"https:\/\/www.webdo.tn\/fr\/actualite\/regions\/affaire-ahmed-souli-un-policier-ecope-de-6-mois-de-prison-ferme\/210606\/#article","isPartOf":{"@id":"https:\/\/www.webdo.tn\/fr\/actualite\/regions\/affaire-ahmed-souli-un-policier-ecope-de-6-mois-de-prison-ferme\/210606\/"},"author":{"name":"Wided Belhaj","@id":"https:\/\/www.webdo.tn\/fr\/#\/schema\/person\/b9ecde7a5574cb4fcf4b496ea5fadb15"},"headline":"Affaire Ahmed Souli : Un policier \u00e9cope de 6 mois de prison ferme !","datePublished":"2023-12-05T21:04:00+00:00","dateModified":"2025-05-20T22:56:22+00:00","mainEntityOfPage":{"@id":"https:\/\/www.webdo.tn\/fr\/actualite\/regions\/affaire-ahmed-souli-un-policier-ecope-de-6-mois-de-prison-ferme\/210606\/"},"wordCount":233,"commentCount":0,"publisher":{"@id":"https:\/\/www.webdo.tn\/fr\/#organization"},"image":{"@id":"https:\/\/www.webdo.tn\/fr\/actualite\/regions\/affaire-ahmed-souli-un-policier-ecope-de-6-mois-de-prison-ferme\/210606\/#primaryimage"},"thumbnailUrl":"https:\/\/www.webdo.tn\/fr\/wp-content\/uploads\/2023\/12\/2f4d789585ca76020fadb678984ead14.jpg","keywords":["policier","Prison","Sb\u00e9itla"],"articleSection":["regions"],"inLanguage":"fr-FR"},{"@type":"WebPage","@id":"https:\/\/www.webdo.tn\/fr\/actualite\/regions\/affaire-ahmed-souli-un-policier-ecope-de-6-mois-de-prison-ferme\/210606\/","url":"https:\/\/www.webdo.tn\/fr\/actualite\/regions\/affaire-ahmed-souli-un-policier-ecope-de-6-mois-de-prison-ferme\/210606\/","name":"Affaire Ahmed Souli : Un policier \u00e9cope de 6 mois de prison ferme !","isPartOf":{"@id":"https:\/\/www.webdo.tn\/fr\/#website"},"primaryImageOfPage":{"@id":"https:\/\/www.webdo.tn\/fr\/actualite\/regions\/affaire-ahmed-souli-un-policier-ecope-de-6-mois-de-prison-ferme\/210606\/#primaryimage"},"image":{"@id":"https:\/\/www.webdo.tn\/fr\/actualite\/regions\/affaire-ahmed-souli-un-policier-ecope-de-6-mois-de-prison-ferme\/210606\/#primaryimage"},"thumbnailUrl":"https:\/\/www.webdo.tn\/fr\/wp-content\/uploads\/2023\/12\/2f4d789585ca76020fadb678984ead14.jpg","datePublished":"2023-12-05T21:04:00+00:00","dateModified":"2025-05-20T22:56:22+00:00","description":"Un policier a \u00e9t\u00e9 condamn\u00e9 \u00e0 six mois de prison ferme et \u00e0 une amende de 45 mille dinars au profit de la famille de la victime, \u00e0 titre de compensation financi\u00e8...","breadcrumb":{"@id":"https:\/\/www.webdo.tn\/fr\/actualite\/regions\/affaire-ahmed-souli-un-policier-ecope-de-6-mois-de-prison-ferme\/210606\/#breadcrumb"},"inLanguage":"fr-FR","potentialAction":[{"@type":"ReadAction","target":["https:\/\/www.webdo.tn\/fr\/actualite\/regions\/affaire-ahmed-souli-un-policier-ecope-de-6-mois-de-prison-ferme\/210606\/"]}]},{"@type":"ImageObject","inLanguage":"fr-FR","@id":"https:\/\/www.webdo.tn\/fr\/actualite\/regions\/affaire-ahmed-souli-un-policier-ecope-de-6-mois-de-prison-ferme\/210606\/#primaryimage","url":"https:\/\/www.webdo.tn\/fr\/wp-content\/uploads\/2023\/12\/2f4d789585ca76020fadb678984ead14.jpg","contentUrl":"https:\/\/www.webdo.tn\/fr\/wp-content\/uploads\/2023\/12\/2f4d789585ca76020fadb678984ead14.jpg","width":750,"height":400,"caption":"Affaire Ahmed Souli : Un policier \u00e9cope de 6 mois de prison ferme !"},{"@type":"BreadcrumbList","@id":"https:\/\/www.webdo.tn\/fr\/actualite\/regions\/affaire-ahmed-souli-un-policier-ecope-de-6-mois-de-prison-ferme\/210606\/#breadcrumb","itemListElement":[{"@type":"ListItem","position":1,"name":"Accueil","item":"https:\/\/www.webdo.tn\/fr\/"},{"@type":"ListItem","position":2,"name":"Affaire Ahmed Souli : Un policier \u00e9cope de 6 mois de prison ferme !"}]},{"@type":"WebSite","@id":"https:\/\/www.webdo.tn\/fr\/#website","url":"https:\/\/www.webdo.tn\/fr\/","name":"webdo","description":"Tunisie - News en Tunisie et \u00e0 l&#039;international sur Webdo.tn","publisher":{"@id":"https:\/\/www.webdo.tn\/fr\/#organization"},"potentialAction":[{"@type":"SearchAction","target":{"@type":"EntryPoint","urlTemplate":"https:\/\/www.webdo.tn\/fr\/?s={search_term_string}"},"query-input":{"@type":"PropertyValueSpecification","valueRequired":true,"valueName":"search_term_string"}}],"inLanguage":"fr-FR"},{"@type":"Organization","@id":"https:\/\/www.webdo.tn\/fr\/#organization","name":"Webdo","alternateName":"Webdo.tn","url":"https:\/\/www.webdo.tn\/fr\/","logo":{"@type":"ImageObject","inLanguage":"fr-FR","@id":"https:\/\/www.webdo.tn\/fr\/#\/schema\/logo\/image\/","url":"https:\/\/www.webdo.tn\/fr\/wp-content\/uploads\/2025\/06\/Webdo-Tunisie_168377.jpg","contentUrl":"https:\/\/www.webdo.tn\/fr\/wp-content\/uploads\/2025\/06\/Webdo-Tunisie_168377.jpg","width":301,"height":301,"caption":"Webdo"},"image":{"@id":"https:\/\/www.webdo.tn\/fr\/#\/schema\/logo\/image\/"},"sameAs":["https:\/\/www.facebook.com\/webdotn","https:\/\/x.com\/webdo_tn"],"description":"Webdo est un m\u00e9dia num\u00e9rique tunisien fond\u00e9 en 2010, sp\u00e9cialis\u00e9 dans l\u2019actualit\u00e9 nationale et internationale, l\u2019\u00e9conomie, la soci\u00e9t\u00e9 et les analyses politiques. Le site s\u2019adresse \u00e0 un large public francophone et couvre l\u2019information tunisienne en temps r\u00e9el.","email":"redac@webdo.tn","legalName":"YNJ SARL","foundingDate":"2010-09-06","numberOfEmployees":{"@type":"QuantitativeValue","minValue":"11","maxValue":"50"}},{"@type":"Person","@id":"https:\/\/www.webdo.tn\/fr\/#\/schema\/person\/b9ecde7a5574cb4fcf4b496ea5fadb15","name":"Wided Belhaj","image":{"@type":"ImageObject","inLanguage":"fr-FR","@id":"https:\/\/www.webdo.tn\/fr\/wp-content\/uploads\/2026\/04\/wided-belhaj_avatar-96x96.jpg","url":"https:\/\/www.webdo.tn\/fr\/wp-content\/uploads\/2026\/04\/wided-belhaj_avatar-96x96.jpg","contentUrl":"https:\/\/www.webdo.tn\/fr\/wp-content\/uploads\/2026\/04\/wided-belhaj_avatar-96x96.jpg","caption":"Wided Belhaj"},"description":"Wided Belhaj est le pseudonyme \u00e9ditorial utilis\u00e9 par Khalil Jelassi, journaliste, ma\u00eetre-assistant \u00e0 l\u2019Institut de presse et des sciences de l\u2019information (IPSI) et chercheur en sciences de l\u2019information et de la communication. Cette signature est d\u00e9di\u00e9e \u00e0 l\u2019analyse des m\u00e9dias, des pratiques journalistiques et des mutations de l\u2019information \u00e0 l\u2019\u00e8re digitale. \u00c0 travers ses contributions, Wided Belhaj propose une lecture analytique de l\u2019actualit\u00e9, en croisant regard critique et expertise acad\u00e9mique.","knowsAbout":["m\u00e9dias","journalisme","communication","information","transformation num\u00e9rique","analyse des m\u00e9dias"],"knowsLanguage":["Fran\u00e7ais","Arabe"],"jobTitle":"Webdo.tn","worksFor":"Journaliste \u2013 Analyse des m\u00e9dias","url":"https:\/\/www.webdo.tn\/fr\/actualite\/author\/wided-belhaj\/"}]}},"_links":{"self":[{"href":"https:\/\/www.webdo.tn\/fr\/wp-json\/wp\/v2\/posts\/210606","targetHints":{"allow":["GET"]}}],"collection":[{"href":"https:\/\/www.webdo.tn\/fr\/wp-json\/wp\/v2\/posts"}],"about":[{"href":"https:\/\/www.webdo.tn\/fr\/wp-json\/wp\/v2\/types\/post"}],"author":[{"embeddable":true,"href":"https:\/\/www.webdo.tn\/fr\/wp-json\/wp\/v2\/users\/3184"}],"replies":[{"embeddable":true,"href":"https:\/\/www.webdo.tn\/fr\/wp-json\/wp\/v2\/comments?post=210606"}],"version-history":[{"count":0,"href":"https:\/\/www.webdo.tn\/fr\/wp-json\/wp\/v2\/posts\/210606\/revisions"}],"wp:featuredmedia":[{"embeddable":true,"href":"https:\/\/www.webdo.tn\/fr\/wp-json\/wp\/v2\/media\/248610"}],"wp:attachment":[{"href":"https:\/\/www.webdo.tn\/fr\/wp-json\/wp\/v2\/media?parent=210606"}],"wp:term":[{"taxonomy":"category","embeddable":true,"href":"https:\/\/www.webdo.tn\/fr\/wp-json\/wp\/v2\/categories?post=210606"},{"taxonomy":"post_tag","embeddable":true,"href":"https:\/\/www.webdo.tn\/fr\/wp-json\/wp\/v2\/tags?post=210606"}],"curies":[{"name":"wp","href":"https:\/\/api.w.org\/{rel}","templated":true}]}}