{"id":210576,"date":"2023-12-05T08:59:00","date_gmt":"2023-12-05T08:59:00","guid":{"rendered":"https:\/\/www.webdo.tn\/fr\/blog\/ons-jabeur-en-arabie-saoudite-pour-un-match-d-exhibition\/210576\/"},"modified":"2025-05-20T21:55:09","modified_gmt":"2025-05-20T21:55:09","slug":"ons-jabeur-en-arabie-saoudite-pour-un-match-d-exhibition","status":"publish","type":"post","link":"https:\/\/www.webdo.tn\/fr\/actualite\/sport\/ons-jabeur-en-arabie-saoudite-pour-un-match-d-exhibition\/210576\/","title":{"rendered":"Ons Jabeur en Arabie Saoudite pour un match d\u2019exhibition"},"content":{"rendered":"<p>Quatre stars du tennis mondial ont rendez-vous, fin d\u00e9cembre en Arabie Saoudite pour deux matches d\u2019exhibition.<\/p>\n<p>\t\t\t\t\t\t\t\t\tLa Riyadh Season Tennis Cup a choisi la tenniswoman tunisienne Ons Jabeur, 6e au classement WTA pour affronter la num\u00e9ro 2 mondiale, Aryna Sabalenka le 26 d\u00e9cembre prochain \u00e0 Riyadh.<\/p>\n<p>C\u2019est ce qu\u2019a annonc\u00e9 Turki Al-Alsheikh, pr\u00e9sident du Conseil d\u2019administration de l\u2019Autorit\u00e9 g\u00e9n\u00e9rale du divertissement saoudienne sur sa page officielle sur Facebook.<\/p>\n<p>Un autre choc de titans est \u00e9galement pr\u00e9vu le lendemain \u00e0 Riyadh entre Novak Djokovic, num\u00e9ro 1 mondial et son dauphin Carlos Alcaraz (2e) qui vont s&rsquo;affronter dans un match \u00e9pique lors de la Riyad Season Tennis Cup.<\/p>\n","protected":false},"excerpt":{"rendered":"<p>La Riyadh Season Tennis Cup a choisi la tenniswoman tunisienne Ons Jabeur, 6e au classement WTA pour affronter la num\u00e9ro 2 mondiale, Aryna Sabalenka le 26 d\u00e9cem&#8230;<\/p>\n","protected":false},"author":3162,"featured_media":248630,"comment_status":"open","ping_status":"closed","sticky":false,"template":"","format":"standard","meta":{"footnotes":""},"categories":[2593],"tags":[5353,7459,7458,2604,7457],"class_list":["post-210576","post","type-post","status-publish","format-standard","has-post-thumbnail","hentry","category-sport","tag-aryna-sabalenka","tag-carlos-alcaraz","tag-novak-djokovic","tag-ons-jabeur","tag-riyadh-season-tennis-cup"],"yoast_head":"<!-- This site is optimized with the Yoast SEO Premium plugin v27.5 (Yoast SEO v27.5) - https:\/\/yoast.com\/product\/yoast-seo-premium-wordpress\/ -->\n<title>Ons Jabeur en Arabie Saoudite pour un match d\u2019exhibition<\/title>\n<meta name=\"description\" content=\"La Riyadh Season Tennis Cup a choisi la tenniswoman tunisienne Ons Jabeur, 6e au classement WTA pour affronter la num\u00e9ro 2 mondiale, Aryna Sabalenka le 26 d\u00e9cem...\" \/>\n<link rel=\"canonical\" href=\"https:\/\/www.webdo.tn\/fr\/actualite\/sport\/ons-jabeur-en-arabie-saoudite-pour-un-match-d-exhibition\/210576\/\" \/>\n<meta property=\"og:locale\" content=\"fr_FR\" \/>\n<meta property=\"og:type\" content=\"article\" \/>\n<meta property=\"og:title\" content=\"Ons Jabeur en Arabie Saoudite pour un match d\u2019exhibition\" \/>\n<meta property=\"og:description\" content=\"La Riyadh Season Tennis Cup a choisi la tenniswoman tunisienne Ons Jabeur, 6e au classement WTA pour affronter la num\u00e9ro 2 mondiale, Aryna Sabalenka le 26 d\u00e9cem...\" \/>\n<meta property=\"og:url\" content=\"https:\/\/www.webdo.tn\/fr\/actualite\/sport\/ons-jabeur-en-arabie-saoudite-pour-un-match-d-exhibition\/210576\/\" \/>\n<meta property=\"og:site_name\" content=\"webdo\" \/>\n<meta property=\"article:publisher\" content=\"https:\/\/www.facebook.com\/webdotn\" \/>\n<meta property=\"article:published_time\" content=\"2023-12-05T08:59:00+00:00\" \/>\n<meta property=\"article:modified_time\" content=\"2025-05-20T21:55:09+00:00\" \/>\n<meta property=\"og:image\" content=\"https:\/\/www.webdo.tn\/fr\/wp-content\/uploads\/2023\/12\/4bc42f4ca9aa48d4c7b62dc0a97ba512.jpg\" \/>\n\t<meta property=\"og:image:width\" content=\"750\" \/>\n\t<meta property=\"og:image:height\" content=\"400\" \/>\n\t<meta property=\"og:image:type\" content=\"image\/jpeg\" \/>\n<meta name=\"author\" content=\"MC\" \/>\n<meta name=\"twitter:card\" content=\"summary_large_image\" \/>\n<meta name=\"twitter:creator\" content=\"@webdo_tn\" \/>\n<meta name=\"twitter:site\" content=\"@webdo_tn\" \/>\n<meta name=\"twitter:label1\" content=\"\u00c9crit par\" \/>\n\t<meta name=\"twitter:data1\" content=\"MC\" \/>\n\t<meta name=\"twitter:label2\" content=\"Dur\u00e9e de lecture estim\u00e9e\" \/>\n\t<meta name=\"twitter:data2\" content=\"1 minute\" \/>\n<script type=\"application\/ld+json\" class=\"yoast-schema-graph\">{\"@context\":\"https:\\\/\\\/schema.org\",\"@graph\":[{\"@type\":\"NewsArticle\",\"@id\":\"https:\\\/\\\/www.webdo.tn\\\/fr\\\/actualite\\\/sport\\\/ons-jabeur-en-arabie-saoudite-pour-un-match-d-exhibition\\\/210576\\\/#article\",\"isPartOf\":{\"@id\":\"https:\\\/\\\/www.webdo.tn\\\/fr\\\/actualite\\\/sport\\\/ons-jabeur-en-arabie-saoudite-pour-un-match-d-exhibition\\\/210576\\\/\"},\"author\":{\"name\":\"MC\",\"@id\":\"https:\\\/\\\/www.webdo.tn\\\/fr\\\/#\\\/schema\\\/person\\\/2c4929cbf5a809e3bd38617c6ce150f6\"},\"headline\":\"Ons Jabeur en Arabie Saoudite pour un match d\u2019exhibition\",\"datePublished\":\"2023-12-05T08:59:00+00:00\",\"dateModified\":\"2025-05-20T21:55:09+00:00\",\"mainEntityOfPage\":{\"@id\":\"https:\\\/\\\/www.webdo.tn\\\/fr\\\/actualite\\\/sport\\\/ons-jabeur-en-arabie-saoudite-pour-un-match-d-exhibition\\\/210576\\\/\"},\"wordCount\":125,\"commentCount\":0,\"publisher\":{\"@id\":\"https:\\\/\\\/www.webdo.tn\\\/fr\\\/#organization\"},\"image\":{\"@id\":\"https:\\\/\\\/www.webdo.tn\\\/fr\\\/actualite\\\/sport\\\/ons-jabeur-en-arabie-saoudite-pour-un-match-d-exhibition\\\/210576\\\/#primaryimage\"},\"thumbnailUrl\":\"https:\\\/\\\/www.webdo.tn\\\/fr\\\/wp-content\\\/uploads\\\/2023\\\/12\\\/4bc42f4ca9aa48d4c7b62dc0a97ba512.jpg\",\"keywords\":[\"Aryna Sabalenka\",\"Carlos Alcaraz\",\"Novak Djokovic\",\"Ons Jabeur\",\"Riyadh Season Tennis Cup\"],\"articleSection\":[\"Sport\"],\"inLanguage\":\"fr-FR\"},{\"@type\":\"WebPage\",\"@id\":\"https:\\\/\\\/www.webdo.tn\\\/fr\\\/actualite\\\/sport\\\/ons-jabeur-en-arabie-saoudite-pour-un-match-d-exhibition\\\/210576\\\/\",\"url\":\"https:\\\/\\\/www.webdo.tn\\\/fr\\\/actualite\\\/sport\\\/ons-jabeur-en-arabie-saoudite-pour-un-match-d-exhibition\\\/210576\\\/\",\"name\":\"Ons Jabeur en Arabie Saoudite pour un match d\u2019exhibition\",\"isPartOf\":{\"@id\":\"https:\\\/\\\/www.webdo.tn\\\/fr\\\/#website\"},\"primaryImageOfPage\":{\"@id\":\"https:\\\/\\\/www.webdo.tn\\\/fr\\\/actualite\\\/sport\\\/ons-jabeur-en-arabie-saoudite-pour-un-match-d-exhibition\\\/210576\\\/#primaryimage\"},\"image\":{\"@id\":\"https:\\\/\\\/www.webdo.tn\\\/fr\\\/actualite\\\/sport\\\/ons-jabeur-en-arabie-saoudite-pour-un-match-d-exhibition\\\/210576\\\/#primaryimage\"},\"thumbnailUrl\":\"https:\\\/\\\/www.webdo.tn\\\/fr\\\/wp-content\\\/uploads\\\/2023\\\/12\\\/4bc42f4ca9aa48d4c7b62dc0a97ba512.jpg\",\"datePublished\":\"2023-12-05T08:59:00+00:00\",\"dateModified\":\"2025-05-20T21:55:09+00:00\",\"description\":\"La Riyadh Season Tennis Cup a choisi la tenniswoman tunisienne Ons Jabeur, 6e au classement WTA pour affronter la num\u00e9ro 2 mondiale, Aryna Sabalenka le 26 d\u00e9cem...\",\"breadcrumb\":{\"@id\":\"https:\\\/\\\/www.webdo.tn\\\/fr\\\/actualite\\\/sport\\\/ons-jabeur-en-arabie-saoudite-pour-un-match-d-exhibition\\\/210576\\\/#breadcrumb\"},\"inLanguage\":\"fr-FR\",\"potentialAction\":[{\"@type\":\"ReadAction\",\"target\":[\"https:\\\/\\\/www.webdo.tn\\\/fr\\\/actualite\\\/sport\\\/ons-jabeur-en-arabie-saoudite-pour-un-match-d-exhibition\\\/210576\\\/\"]}]},{\"@type\":\"ImageObject\",\"inLanguage\":\"fr-FR\",\"@id\":\"https:\\\/\\\/www.webdo.tn\\\/fr\\\/actualite\\\/sport\\\/ons-jabeur-en-arabie-saoudite-pour-un-match-d-exhibition\\\/210576\\\/#primaryimage\",\"url\":\"https:\\\/\\\/www.webdo.tn\\\/fr\\\/wp-content\\\/uploads\\\/2023\\\/12\\\/4bc42f4ca9aa48d4c7b62dc0a97ba512.jpg\",\"contentUrl\":\"https:\\\/\\\/www.webdo.tn\\\/fr\\\/wp-content\\\/uploads\\\/2023\\\/12\\\/4bc42f4ca9aa48d4c7b62dc0a97ba512.jpg\",\"width\":750,\"height\":400,\"caption\":\"Ons Jabeur en Arabie Saoudite pour un match d\u2019exhibition\"},{\"@type\":\"BreadcrumbList\",\"@id\":\"https:\\\/\\\/www.webdo.tn\\\/fr\\\/actualite\\\/sport\\\/ons-jabeur-en-arabie-saoudite-pour-un-match-d-exhibition\\\/210576\\\/#breadcrumb\",\"itemListElement\":[{\"@type\":\"ListItem\",\"position\":1,\"name\":\"Accueil\",\"item\":\"https:\\\/\\\/www.webdo.tn\\\/fr\\\/\"},{\"@type\":\"ListItem\",\"position\":2,\"name\":\"Ons Jabeur en Arabie Saoudite pour un match d\u2019exhibition\"}]},{\"@type\":\"WebSite\",\"@id\":\"https:\\\/\\\/www.webdo.tn\\\/fr\\\/#website\",\"url\":\"https:\\\/\\\/www.webdo.tn\\\/fr\\\/\",\"name\":\"webdo\",\"description\":\"Tunisie - News en Tunisie et \u00e0 l&#039;international sur Webdo.tn\",\"publisher\":{\"@id\":\"https:\\\/\\\/www.webdo.tn\\\/fr\\\/#organization\"},\"potentialAction\":[{\"@type\":\"SearchAction\",\"target\":{\"@type\":\"EntryPoint\",\"urlTemplate\":\"https:\\\/\\\/www.webdo.tn\\\/fr\\\/?s={search_term_string}\"},\"query-input\":{\"@type\":\"PropertyValueSpecification\",\"valueRequired\":true,\"valueName\":\"search_term_string\"}}],\"inLanguage\":\"fr-FR\"},{\"@type\":\"Organization\",\"@id\":\"https:\\\/\\\/www.webdo.tn\\\/fr\\\/#organization\",\"name\":\"Webdo\",\"alternateName\":\"Webdo.tn\",\"url\":\"https:\\\/\\\/www.webdo.tn\\\/fr\\\/\",\"logo\":{\"@type\":\"ImageObject\",\"inLanguage\":\"fr-FR\",\"@id\":\"https:\\\/\\\/www.webdo.tn\\\/fr\\\/#\\\/schema\\\/logo\\\/image\\\/\",\"url\":\"https:\\\/\\\/www.webdo.tn\\\/fr\\\/wp-content\\\/uploads\\\/2025\\\/06\\\/Webdo-Tunisie_168377.jpg\",\"contentUrl\":\"https:\\\/\\\/www.webdo.tn\\\/fr\\\/wp-content\\\/uploads\\\/2025\\\/06\\\/Webdo-Tunisie_168377.jpg\",\"width\":301,\"height\":301,\"caption\":\"Webdo\"},\"image\":{\"@id\":\"https:\\\/\\\/www.webdo.tn\\\/fr\\\/#\\\/schema\\\/logo\\\/image\\\/\"},\"sameAs\":[\"https:\\\/\\\/www.facebook.com\\\/webdotn\",\"https:\\\/\\\/x.com\\\/webdo_tn\"],\"description\":\"Webdo est un m\u00e9dia num\u00e9rique tunisien fond\u00e9 en 2010, sp\u00e9cialis\u00e9 dans l\u2019actualit\u00e9 nationale et internationale, l\u2019\u00e9conomie, la soci\u00e9t\u00e9 et les analyses politiques. Le site s\u2019adresse \u00e0 un large public francophone et couvre l\u2019information tunisienne en temps r\u00e9el.\",\"email\":\"redac@webdo.tn\",\"legalName\":\"YNJ SARL\",\"foundingDate\":\"2010-09-06\",\"numberOfEmployees\":{\"@type\":\"QuantitativeValue\",\"minValue\":\"11\",\"maxValue\":\"50\"}},{\"@type\":\"Person\",\"@id\":\"https:\\\/\\\/www.webdo.tn\\\/fr\\\/#\\\/schema\\\/person\\\/2c4929cbf5a809e3bd38617c6ce150f6\",\"name\":\"MC\",\"image\":{\"@type\":\"ImageObject\",\"inLanguage\":\"fr-FR\",\"@id\":\"https:\\\/\\\/secure.gravatar.com\\\/avatar\\\/a545bbb6f84efdd5553dbbc2895e3ca8f1d12c5215e00a041c9670b54aa9b18a?s=96&d=mm&r=g\",\"url\":\"https:\\\/\\\/secure.gravatar.com\\\/avatar\\\/a545bbb6f84efdd5553dbbc2895e3ca8f1d12c5215e00a041c9670b54aa9b18a?s=96&d=mm&r=g\",\"contentUrl\":\"https:\\\/\\\/secure.gravatar.com\\\/avatar\\\/a545bbb6f84efdd5553dbbc2895e3ca8f1d12c5215e00a041c9670b54aa9b18a?s=96&d=mm&r=g\",\"caption\":\"MC\"},\"url\":\"https:\\\/\\\/www.webdo.tn\\\/fr\\\/actualite\\\/author\\\/mc\\\/\"}]}<\/script>\n<!-- \/ Yoast SEO Premium plugin. -->","yoast_head_json":{"title":"Ons Jabeur en Arabie Saoudite pour un match d\u2019exhibition","description":"La Riyadh Season Tennis Cup a choisi la tenniswoman tunisienne Ons Jabeur, 6e au classement WTA pour affronter la num\u00e9ro 2 mondiale, Aryna Sabalenka le 26 d\u00e9cem...","canonical":"https:\/\/www.webdo.tn\/fr\/actualite\/sport\/ons-jabeur-en-arabie-saoudite-pour-un-match-d-exhibition\/210576\/","og_locale":"fr_FR","og_type":"article","og_title":"Ons Jabeur en Arabie Saoudite pour un match d\u2019exhibition","og_description":"La Riyadh Season Tennis Cup a choisi la tenniswoman tunisienne Ons Jabeur, 6e au classement WTA pour affronter la num\u00e9ro 2 mondiale, Aryna Sabalenka le 26 d\u00e9cem...","og_url":"https:\/\/www.webdo.tn\/fr\/actualite\/sport\/ons-jabeur-en-arabie-saoudite-pour-un-match-d-exhibition\/210576\/","og_site_name":"webdo","article_publisher":"https:\/\/www.facebook.com\/webdotn","article_published_time":"2023-12-05T08:59:00+00:00","article_modified_time":"2025-05-20T21:55:09+00:00","og_image":[{"width":750,"height":400,"url":"https:\/\/www.webdo.tn\/fr\/wp-content\/uploads\/2023\/12\/4bc42f4ca9aa48d4c7b62dc0a97ba512.jpg","type":"image\/jpeg"}],"author":"MC","twitter_card":"summary_large_image","twitter_creator":"@webdo_tn","twitter_site":"@webdo_tn","twitter_misc":{"\u00c9crit par":"MC","Dur\u00e9e de lecture estim\u00e9e":"1 minute"},"schema":{"@context":"https:\/\/schema.org","@graph":[{"@type":"NewsArticle","@id":"https:\/\/www.webdo.tn\/fr\/actualite\/sport\/ons-jabeur-en-arabie-saoudite-pour-un-match-d-exhibition\/210576\/#article","isPartOf":{"@id":"https:\/\/www.webdo.tn\/fr\/actualite\/sport\/ons-jabeur-en-arabie-saoudite-pour-un-match-d-exhibition\/210576\/"},"author":{"name":"MC","@id":"https:\/\/www.webdo.tn\/fr\/#\/schema\/person\/2c4929cbf5a809e3bd38617c6ce150f6"},"headline":"Ons Jabeur en Arabie Saoudite pour un match d\u2019exhibition","datePublished":"2023-12-05T08:59:00+00:00","dateModified":"2025-05-20T21:55:09+00:00","mainEntityOfPage":{"@id":"https:\/\/www.webdo.tn\/fr\/actualite\/sport\/ons-jabeur-en-arabie-saoudite-pour-un-match-d-exhibition\/210576\/"},"wordCount":125,"commentCount":0,"publisher":{"@id":"https:\/\/www.webdo.tn\/fr\/#organization"},"image":{"@id":"https:\/\/www.webdo.tn\/fr\/actualite\/sport\/ons-jabeur-en-arabie-saoudite-pour-un-match-d-exhibition\/210576\/#primaryimage"},"thumbnailUrl":"https:\/\/www.webdo.tn\/fr\/wp-content\/uploads\/2023\/12\/4bc42f4ca9aa48d4c7b62dc0a97ba512.jpg","keywords":["Aryna Sabalenka","Carlos Alcaraz","Novak Djokovic","Ons Jabeur","Riyadh Season Tennis Cup"],"articleSection":["Sport"],"inLanguage":"fr-FR"},{"@type":"WebPage","@id":"https:\/\/www.webdo.tn\/fr\/actualite\/sport\/ons-jabeur-en-arabie-saoudite-pour-un-match-d-exhibition\/210576\/","url":"https:\/\/www.webdo.tn\/fr\/actualite\/sport\/ons-jabeur-en-arabie-saoudite-pour-un-match-d-exhibition\/210576\/","name":"Ons Jabeur en Arabie Saoudite pour un match d\u2019exhibition","isPartOf":{"@id":"https:\/\/www.webdo.tn\/fr\/#website"},"primaryImageOfPage":{"@id":"https:\/\/www.webdo.tn\/fr\/actualite\/sport\/ons-jabeur-en-arabie-saoudite-pour-un-match-d-exhibition\/210576\/#primaryimage"},"image":{"@id":"https:\/\/www.webdo.tn\/fr\/actualite\/sport\/ons-jabeur-en-arabie-saoudite-pour-un-match-d-exhibition\/210576\/#primaryimage"},"thumbnailUrl":"https:\/\/www.webdo.tn\/fr\/wp-content\/uploads\/2023\/12\/4bc42f4ca9aa48d4c7b62dc0a97ba512.jpg","datePublished":"2023-12-05T08:59:00+00:00","dateModified":"2025-05-20T21:55:09+00:00","description":"La Riyadh Season Tennis Cup a choisi la tenniswoman tunisienne Ons Jabeur, 6e au classement WTA pour affronter la num\u00e9ro 2 mondiale, Aryna Sabalenka le 26 d\u00e9cem...","breadcrumb":{"@id":"https:\/\/www.webdo.tn\/fr\/actualite\/sport\/ons-jabeur-en-arabie-saoudite-pour-un-match-d-exhibition\/210576\/#breadcrumb"},"inLanguage":"fr-FR","potentialAction":[{"@type":"ReadAction","target":["https:\/\/www.webdo.tn\/fr\/actualite\/sport\/ons-jabeur-en-arabie-saoudite-pour-un-match-d-exhibition\/210576\/"]}]},{"@type":"ImageObject","inLanguage":"fr-FR","@id":"https:\/\/www.webdo.tn\/fr\/actualite\/sport\/ons-jabeur-en-arabie-saoudite-pour-un-match-d-exhibition\/210576\/#primaryimage","url":"https:\/\/www.webdo.tn\/fr\/wp-content\/uploads\/2023\/12\/4bc42f4ca9aa48d4c7b62dc0a97ba512.jpg","contentUrl":"https:\/\/www.webdo.tn\/fr\/wp-content\/uploads\/2023\/12\/4bc42f4ca9aa48d4c7b62dc0a97ba512.jpg","width":750,"height":400,"caption":"Ons Jabeur en Arabie Saoudite pour un match d\u2019exhibition"},{"@type":"BreadcrumbList","@id":"https:\/\/www.webdo.tn\/fr\/actualite\/sport\/ons-jabeur-en-arabie-saoudite-pour-un-match-d-exhibition\/210576\/#breadcrumb","itemListElement":[{"@type":"ListItem","position":1,"name":"Accueil","item":"https:\/\/www.webdo.tn\/fr\/"},{"@type":"ListItem","position":2,"name":"Ons Jabeur en Arabie Saoudite pour un match d\u2019exhibition"}]},{"@type":"WebSite","@id":"https:\/\/www.webdo.tn\/fr\/#website","url":"https:\/\/www.webdo.tn\/fr\/","name":"webdo","description":"Tunisie - News en Tunisie et \u00e0 l&#039;international sur Webdo.tn","publisher":{"@id":"https:\/\/www.webdo.tn\/fr\/#organization"},"potentialAction":[{"@type":"SearchAction","target":{"@type":"EntryPoint","urlTemplate":"https:\/\/www.webdo.tn\/fr\/?s={search_term_string}"},"query-input":{"@type":"PropertyValueSpecification","valueRequired":true,"valueName":"search_term_string"}}],"inLanguage":"fr-FR"},{"@type":"Organization","@id":"https:\/\/www.webdo.tn\/fr\/#organization","name":"Webdo","alternateName":"Webdo.tn","url":"https:\/\/www.webdo.tn\/fr\/","logo":{"@type":"ImageObject","inLanguage":"fr-FR","@id":"https:\/\/www.webdo.tn\/fr\/#\/schema\/logo\/image\/","url":"https:\/\/www.webdo.tn\/fr\/wp-content\/uploads\/2025\/06\/Webdo-Tunisie_168377.jpg","contentUrl":"https:\/\/www.webdo.tn\/fr\/wp-content\/uploads\/2025\/06\/Webdo-Tunisie_168377.jpg","width":301,"height":301,"caption":"Webdo"},"image":{"@id":"https:\/\/www.webdo.tn\/fr\/#\/schema\/logo\/image\/"},"sameAs":["https:\/\/www.facebook.com\/webdotn","https:\/\/x.com\/webdo_tn"],"description":"Webdo est un m\u00e9dia num\u00e9rique tunisien fond\u00e9 en 2010, sp\u00e9cialis\u00e9 dans l\u2019actualit\u00e9 nationale et internationale, l\u2019\u00e9conomie, la soci\u00e9t\u00e9 et les analyses politiques. Le site s\u2019adresse \u00e0 un large public francophone et couvre l\u2019information tunisienne en temps r\u00e9el.","email":"redac@webdo.tn","legalName":"YNJ SARL","foundingDate":"2010-09-06","numberOfEmployees":{"@type":"QuantitativeValue","minValue":"11","maxValue":"50"}},{"@type":"Person","@id":"https:\/\/www.webdo.tn\/fr\/#\/schema\/person\/2c4929cbf5a809e3bd38617c6ce150f6","name":"MC","image":{"@type":"ImageObject","inLanguage":"fr-FR","@id":"https:\/\/secure.gravatar.com\/avatar\/a545bbb6f84efdd5553dbbc2895e3ca8f1d12c5215e00a041c9670b54aa9b18a?s=96&d=mm&r=g","url":"https:\/\/secure.gravatar.com\/avatar\/a545bbb6f84efdd5553dbbc2895e3ca8f1d12c5215e00a041c9670b54aa9b18a?s=96&d=mm&r=g","contentUrl":"https:\/\/secure.gravatar.com\/avatar\/a545bbb6f84efdd5553dbbc2895e3ca8f1d12c5215e00a041c9670b54aa9b18a?s=96&d=mm&r=g","caption":"MC"},"url":"https:\/\/www.webdo.tn\/fr\/actualite\/author\/mc\/"}]}},"_links":{"self":[{"href":"https:\/\/www.webdo.tn\/fr\/wp-json\/wp\/v2\/posts\/210576","targetHints":{"allow":["GET"]}}],"collection":[{"href":"https:\/\/www.webdo.tn\/fr\/wp-json\/wp\/v2\/posts"}],"about":[{"href":"https:\/\/www.webdo.tn\/fr\/wp-json\/wp\/v2\/types\/post"}],"author":[{"embeddable":true,"href":"https:\/\/www.webdo.tn\/fr\/wp-json\/wp\/v2\/users\/3162"}],"replies":[{"embeddable":true,"href":"https:\/\/www.webdo.tn\/fr\/wp-json\/wp\/v2\/comments?post=210576"}],"version-history":[{"count":0,"href":"https:\/\/www.webdo.tn\/fr\/wp-json\/wp\/v2\/posts\/210576\/revisions"}],"wp:featuredmedia":[{"embeddable":true,"href":"https:\/\/www.webdo.tn\/fr\/wp-json\/wp\/v2\/media\/248630"}],"wp:attachment":[{"href":"https:\/\/www.webdo.tn\/fr\/wp-json\/wp\/v2\/media?parent=210576"}],"wp:term":[{"taxonomy":"category","embeddable":true,"href":"https:\/\/www.webdo.tn\/fr\/wp-json\/wp\/v2\/categories?post=210576"},{"taxonomy":"post_tag","embeddable":true,"href":"https:\/\/www.webdo.tn\/fr\/wp-json\/wp\/v2\/tags?post=210576"}],"curies":[{"name":"wp","href":"https:\/\/api.w.org\/{rel}","templated":true}]}}