{"id":210568,"date":"2023-12-04T18:56:00","date_gmt":"2023-12-04T18:56:00","guid":{"rendered":"https:\/\/www.webdo.tn\/fr\/blog\/pour-un-cout-de-27-md-le-nouveau-siege-de-l-ugtt-bientot-inaugure\/210568\/"},"modified":"2025-05-20T22:39:17","modified_gmt":"2025-05-20T22:39:17","slug":"pour-un-cout-de-27-md-le-nouveau-siege-de-l-ugtt-bientot-inaugure","status":"publish","type":"post","link":"https:\/\/www.webdo.tn\/fr\/actualite\/national\/pour-un-cout-de-27-md-le-nouveau-siege-de-l-ugtt-bientot-inaugure\/210568\/","title":{"rendered":"Pour un co\u00fbt de 27 MD, le nouveau si\u00e8ge de l\u2019UGTT, bient\u00f4t, inaugur\u00e9"},"content":{"rendered":"<p>Le nouveau si\u00e8ge comprend 5 \u00e9tages, des salles de r\u00e9union et des bureaux \u00e9quip\u00e9s, ajoutant que les travaux de r\u00e9novation ont \u00e9t\u00e9 r\u00e9alis\u00e9s avec des co\u00fbts d&rsquo;environ 27 MD.<\/p>\n<p>\t\t\t\t\t\t\t\t\tLe secr\u00e9taire g\u00e9n\u00e9ral de l&rsquo;Union g\u00e9n\u00e9rale tunisienne du travail (UGTT) Noureddine Taboubi a annonc\u00e9 que le si\u00e8ge de la centrale syndicale \u00e0 la rue Mohamed Ali Hammi \u00e0 Tunis sera inaugur\u00e9 le 20 janvier 2024 , apr\u00e8s l&rsquo;ach\u00e8vement des travaux de r\u00e9novation qui ont dur\u00e9 pr\u00e8s de 2 ans.<\/p>\n<p>Il a soulign\u00e9 lundi dans une d\u00e9claration \u00e0 la TAP, avant son discours prononc\u00e9 \u00e0 l&rsquo;occasion de la comm\u00e9moration du 71\u00e8me anniversaire de l&rsquo;assassinat du leader syndicaliste Farhat Hached, que la date du 20 janvier co\u00efncide avec le 78\u00e8me anniversaire de la cr\u00e9ation de l&rsquo;UGTT.<\/p>\n<p>\u00ab\u00a0Dans ce nouveau b\u00e2timent, un espace a \u00e9t\u00e9 consacr\u00e9 \u00e0 la m\u00e9moire nationale et syndicale et comprend les grandes \u00e9tapes historiques du mouvement syndical tunisien en rapport avec le mouvement militant de la classe ouvri\u00e8re tunisienne et le peuple tunisien et ses forces d\u00e9mocratiques progressistes pour la d\u00e9fense des valeurs de libert\u00e9 et d&rsquo;\u00e9galit\u00e9\u00a0\u00bb a-t-il indiqu\u00e9, r\u00e9it\u00e9rant sa demande en vue de r\u00e9cup\u00e9rer l&rsquo;archive du mouvement syndical tunisien.<\/p>\n<p>De son c\u00f4t\u00e9, le porte-parole officiel de l&rsquo;UGTT Sami Tahri a indiqu\u00e9 que le nouveau b\u00e2timent de la centrale syndicale a conserv\u00e9 certaines caract\u00e9ristiques de l&rsquo;ancien b\u00e2timent dont l&rsquo;ancienne fa\u00e7ade, sous les recommandations de l&rsquo;institut national du patrimoine, l&rsquo;association de la sauvegarde de la m\u00e9dina de Tunis et la municipalit\u00e9 de Tunis.<\/p>\n","protected":false},"excerpt":{"rendered":"<p>Le secr\u00e9taire g\u00e9n\u00e9ral de l&rsquo;Union g\u00e9n\u00e9rale tunisienne du travail (UGTT) Noureddine Taboubi a annonc\u00e9 que le si\u00e8ge de la centrale syndicale \u00e0 la rue Mohamed Ali H&#8230;<\/p>\n","protected":false},"author":3175,"featured_media":248632,"comment_status":"open","ping_status":"closed","sticky":false,"template":"","format":"standard","meta":{"footnotes":""},"categories":[44],"tags":[6586,2608,2649],"class_list":["post-210568","post","type-post","status-publish","format-standard","has-post-thumbnail","hentry","category-national","tag-siege","tag-tunisie","tag-ugtt"],"yoast_head":"<!-- This site is optimized with the Yoast SEO Premium plugin v27.4 (Yoast SEO v27.5) - https:\/\/yoast.com\/product\/yoast-seo-premium-wordpress\/ -->\n<title>Pour un co\u00fbt de 27 MD, le nouveau si\u00e8ge de l\u2019UGTT, bient\u00f4t, inaugur\u00e9<\/title>\n<meta name=\"description\" content=\"Le secr\u00e9taire g\u00e9n\u00e9ral de l&#039;Union g\u00e9n\u00e9rale tunisienne du travail (UGTT) Noureddine Taboubi a annonc\u00e9 que le si\u00e8ge de la centrale syndicale \u00e0 la rue Mohamed Ali H...\" \/>\n<link rel=\"canonical\" href=\"https:\/\/www.webdo.tn\/fr\/actualite\/national\/pour-un-cout-de-27-md-le-nouveau-siege-de-l-ugtt-bientot-inaugure\/210568\/\" \/>\n<meta property=\"og:locale\" content=\"fr_FR\" \/>\n<meta property=\"og:type\" content=\"article\" \/>\n<meta property=\"og:title\" content=\"Pour un co\u00fbt de 27 MD, le nouveau si\u00e8ge de l\u2019UGTT, bient\u00f4t, inaugur\u00e9\" \/>\n<meta property=\"og:description\" content=\"Le secr\u00e9taire g\u00e9n\u00e9ral de l&#039;Union g\u00e9n\u00e9rale tunisienne du travail (UGTT) Noureddine Taboubi a annonc\u00e9 que le si\u00e8ge de la centrale syndicale \u00e0 la rue Mohamed Ali H...\" \/>\n<meta property=\"og:url\" content=\"https:\/\/www.webdo.tn\/fr\/actualite\/national\/pour-un-cout-de-27-md-le-nouveau-siege-de-l-ugtt-bientot-inaugure\/210568\/\" \/>\n<meta property=\"og:site_name\" content=\"webdo\" \/>\n<meta property=\"article:publisher\" content=\"https:\/\/www.facebook.com\/webdotn\" \/>\n<meta property=\"article:published_time\" content=\"2023-12-04T18:56:00+00:00\" \/>\n<meta property=\"article:modified_time\" content=\"2025-05-20T22:39:17+00:00\" \/>\n<meta property=\"og:image\" content=\"https:\/\/www.webdo.tn\/fr\/wp-content\/uploads\/2023\/12\/0c25dd53bbb72bd7b7b6893caba3710e.jpg\" \/>\n\t<meta property=\"og:image:width\" content=\"750\" \/>\n\t<meta property=\"og:image:height\" content=\"400\" \/>\n\t<meta property=\"og:image:type\" content=\"image\/jpeg\" \/>\n<meta name=\"author\" content=\"CL\" \/>\n<meta name=\"twitter:card\" content=\"summary_large_image\" \/>\n<meta name=\"twitter:creator\" content=\"@webdo_tn\" \/>\n<meta name=\"twitter:site\" content=\"@webdo_tn\" \/>\n<meta name=\"twitter:label1\" content=\"\u00c9crit par\" \/>\n\t<meta name=\"twitter:data1\" content=\"CL\" \/>\n\t<meta name=\"twitter:label2\" content=\"Dur\u00e9e de lecture estim\u00e9e\" \/>\n\t<meta name=\"twitter:data2\" content=\"1 minute\" \/>\n<script type=\"application\/ld+json\" class=\"yoast-schema-graph\">{\"@context\":\"https:\\\/\\\/schema.org\",\"@graph\":[{\"@type\":\"NewsArticle\",\"@id\":\"https:\\\/\\\/www.webdo.tn\\\/fr\\\/actualite\\\/national\\\/pour-un-cout-de-27-md-le-nouveau-siege-de-l-ugtt-bientot-inaugure\\\/210568\\\/#article\",\"isPartOf\":{\"@id\":\"https:\\\/\\\/www.webdo.tn\\\/fr\\\/actualite\\\/national\\\/pour-un-cout-de-27-md-le-nouveau-siege-de-l-ugtt-bientot-inaugure\\\/210568\\\/\"},\"author\":{\"name\":\"CL\",\"@id\":\"https:\\\/\\\/www.webdo.tn\\\/fr\\\/#\\\/schema\\\/person\\\/f35b42a42c5e2511bbd282959d6385cc\"},\"headline\":\"Pour un co\u00fbt de 27 MD, le nouveau si\u00e8ge de l\u2019UGTT, bient\u00f4t, inaugur\u00e9\",\"datePublished\":\"2023-12-04T18:56:00+00:00\",\"dateModified\":\"2025-05-20T22:39:17+00:00\",\"mainEntityOfPage\":{\"@id\":\"https:\\\/\\\/www.webdo.tn\\\/fr\\\/actualite\\\/national\\\/pour-un-cout-de-27-md-le-nouveau-siege-de-l-ugtt-bientot-inaugure\\\/210568\\\/\"},\"wordCount\":296,\"commentCount\":0,\"publisher\":{\"@id\":\"https:\\\/\\\/www.webdo.tn\\\/fr\\\/#organization\"},\"image\":{\"@id\":\"https:\\\/\\\/www.webdo.tn\\\/fr\\\/actualite\\\/national\\\/pour-un-cout-de-27-md-le-nouveau-siege-de-l-ugtt-bientot-inaugure\\\/210568\\\/#primaryimage\"},\"thumbnailUrl\":\"https:\\\/\\\/www.webdo.tn\\\/fr\\\/wp-content\\\/uploads\\\/2023\\\/12\\\/0c25dd53bbb72bd7b7b6893caba3710e.jpg\",\"keywords\":[\"Si\u00e8ge\",\"Tunisie\",\"UGTT\"],\"articleSection\":[\"National\"],\"inLanguage\":\"fr-FR\"},{\"@type\":\"WebPage\",\"@id\":\"https:\\\/\\\/www.webdo.tn\\\/fr\\\/actualite\\\/national\\\/pour-un-cout-de-27-md-le-nouveau-siege-de-l-ugtt-bientot-inaugure\\\/210568\\\/\",\"url\":\"https:\\\/\\\/www.webdo.tn\\\/fr\\\/actualite\\\/national\\\/pour-un-cout-de-27-md-le-nouveau-siege-de-l-ugtt-bientot-inaugure\\\/210568\\\/\",\"name\":\"Pour un co\u00fbt de 27 MD, le nouveau si\u00e8ge de l\u2019UGTT, bient\u00f4t, inaugur\u00e9\",\"isPartOf\":{\"@id\":\"https:\\\/\\\/www.webdo.tn\\\/fr\\\/#website\"},\"primaryImageOfPage\":{\"@id\":\"https:\\\/\\\/www.webdo.tn\\\/fr\\\/actualite\\\/national\\\/pour-un-cout-de-27-md-le-nouveau-siege-de-l-ugtt-bientot-inaugure\\\/210568\\\/#primaryimage\"},\"image\":{\"@id\":\"https:\\\/\\\/www.webdo.tn\\\/fr\\\/actualite\\\/national\\\/pour-un-cout-de-27-md-le-nouveau-siege-de-l-ugtt-bientot-inaugure\\\/210568\\\/#primaryimage\"},\"thumbnailUrl\":\"https:\\\/\\\/www.webdo.tn\\\/fr\\\/wp-content\\\/uploads\\\/2023\\\/12\\\/0c25dd53bbb72bd7b7b6893caba3710e.jpg\",\"datePublished\":\"2023-12-04T18:56:00+00:00\",\"dateModified\":\"2025-05-20T22:39:17+00:00\",\"description\":\"Le secr\u00e9taire g\u00e9n\u00e9ral de l'Union g\u00e9n\u00e9rale tunisienne du travail (UGTT) Noureddine Taboubi a annonc\u00e9 que le si\u00e8ge de la centrale syndicale \u00e0 la rue Mohamed Ali H...\",\"breadcrumb\":{\"@id\":\"https:\\\/\\\/www.webdo.tn\\\/fr\\\/actualite\\\/national\\\/pour-un-cout-de-27-md-le-nouveau-siege-de-l-ugtt-bientot-inaugure\\\/210568\\\/#breadcrumb\"},\"inLanguage\":\"fr-FR\",\"potentialAction\":[{\"@type\":\"ReadAction\",\"target\":[\"https:\\\/\\\/www.webdo.tn\\\/fr\\\/actualite\\\/national\\\/pour-un-cout-de-27-md-le-nouveau-siege-de-l-ugtt-bientot-inaugure\\\/210568\\\/\"]}]},{\"@type\":\"ImageObject\",\"inLanguage\":\"fr-FR\",\"@id\":\"https:\\\/\\\/www.webdo.tn\\\/fr\\\/actualite\\\/national\\\/pour-un-cout-de-27-md-le-nouveau-siege-de-l-ugtt-bientot-inaugure\\\/210568\\\/#primaryimage\",\"url\":\"https:\\\/\\\/www.webdo.tn\\\/fr\\\/wp-content\\\/uploads\\\/2023\\\/12\\\/0c25dd53bbb72bd7b7b6893caba3710e.jpg\",\"contentUrl\":\"https:\\\/\\\/www.webdo.tn\\\/fr\\\/wp-content\\\/uploads\\\/2023\\\/12\\\/0c25dd53bbb72bd7b7b6893caba3710e.jpg\",\"width\":750,\"height\":400,\"caption\":\"Pour un co\u00fbt de 27 MD, le nouveau si\u00e8ge de l\u2019UGTT, bient\u00f4t, inaugur\u00e9\"},{\"@type\":\"BreadcrumbList\",\"@id\":\"https:\\\/\\\/www.webdo.tn\\\/fr\\\/actualite\\\/national\\\/pour-un-cout-de-27-md-le-nouveau-siege-de-l-ugtt-bientot-inaugure\\\/210568\\\/#breadcrumb\",\"itemListElement\":[{\"@type\":\"ListItem\",\"position\":1,\"name\":\"Accueil\",\"item\":\"https:\\\/\\\/www.webdo.tn\\\/fr\\\/\"},{\"@type\":\"ListItem\",\"position\":2,\"name\":\"Pour un co\u00fbt de 27 MD, le nouveau si\u00e8ge de l\u2019UGTT, bient\u00f4t, inaugur\u00e9\"}]},{\"@type\":\"WebSite\",\"@id\":\"https:\\\/\\\/www.webdo.tn\\\/fr\\\/#website\",\"url\":\"https:\\\/\\\/www.webdo.tn\\\/fr\\\/\",\"name\":\"webdo\",\"description\":\"Tunisie - News en Tunisie et \u00e0 l&#039;international sur Webdo.tn\",\"publisher\":{\"@id\":\"https:\\\/\\\/www.webdo.tn\\\/fr\\\/#organization\"},\"potentialAction\":[{\"@type\":\"SearchAction\",\"target\":{\"@type\":\"EntryPoint\",\"urlTemplate\":\"https:\\\/\\\/www.webdo.tn\\\/fr\\\/?s={search_term_string}\"},\"query-input\":{\"@type\":\"PropertyValueSpecification\",\"valueRequired\":true,\"valueName\":\"search_term_string\"}}],\"inLanguage\":\"fr-FR\"},{\"@type\":\"Organization\",\"@id\":\"https:\\\/\\\/www.webdo.tn\\\/fr\\\/#organization\",\"name\":\"Webdo\",\"alternateName\":\"Webdo.tn\",\"url\":\"https:\\\/\\\/www.webdo.tn\\\/fr\\\/\",\"logo\":{\"@type\":\"ImageObject\",\"inLanguage\":\"fr-FR\",\"@id\":\"https:\\\/\\\/www.webdo.tn\\\/fr\\\/#\\\/schema\\\/logo\\\/image\\\/\",\"url\":\"https:\\\/\\\/www.webdo.tn\\\/fr\\\/wp-content\\\/uploads\\\/2025\\\/06\\\/Webdo-Tunisie_168377.jpg\",\"contentUrl\":\"https:\\\/\\\/www.webdo.tn\\\/fr\\\/wp-content\\\/uploads\\\/2025\\\/06\\\/Webdo-Tunisie_168377.jpg\",\"width\":301,\"height\":301,\"caption\":\"Webdo\"},\"image\":{\"@id\":\"https:\\\/\\\/www.webdo.tn\\\/fr\\\/#\\\/schema\\\/logo\\\/image\\\/\"},\"sameAs\":[\"https:\\\/\\\/www.facebook.com\\\/webdotn\",\"https:\\\/\\\/x.com\\\/webdo_tn\"],\"description\":\"Webdo est un m\u00e9dia num\u00e9rique tunisien fond\u00e9 en 2010, sp\u00e9cialis\u00e9 dans l\u2019actualit\u00e9 nationale et internationale, l\u2019\u00e9conomie, la soci\u00e9t\u00e9 et les analyses politiques. Le site s\u2019adresse \u00e0 un large public francophone et couvre l\u2019information tunisienne en temps r\u00e9el.\",\"email\":\"redac@webdo.tn\",\"legalName\":\"YNJ SARL\",\"foundingDate\":\"2010-09-06\",\"numberOfEmployees\":{\"@type\":\"QuantitativeValue\",\"minValue\":\"11\",\"maxValue\":\"50\"}},{\"@type\":\"Person\",\"@id\":\"https:\\\/\\\/www.webdo.tn\\\/fr\\\/#\\\/schema\\\/person\\\/f35b42a42c5e2511bbd282959d6385cc\",\"name\":\"CL\",\"image\":{\"@type\":\"ImageObject\",\"inLanguage\":\"fr-FR\",\"@id\":\"https:\\\/\\\/secure.gravatar.com\\\/avatar\\\/1447a49909b67aa657c488aec6512e1dd6143a480c1ecfee9b5b5cd74eb3b59e?s=96&d=mm&r=g\",\"url\":\"https:\\\/\\\/secure.gravatar.com\\\/avatar\\\/1447a49909b67aa657c488aec6512e1dd6143a480c1ecfee9b5b5cd74eb3b59e?s=96&d=mm&r=g\",\"contentUrl\":\"https:\\\/\\\/secure.gravatar.com\\\/avatar\\\/1447a49909b67aa657c488aec6512e1dd6143a480c1ecfee9b5b5cd74eb3b59e?s=96&d=mm&r=g\",\"caption\":\"CL\"},\"url\":\"https:\\\/\\\/www.webdo.tn\\\/fr\\\/actualite\\\/author\\\/cl\\\/\"}]}<\/script>\n<!-- \/ Yoast SEO Premium plugin. -->","yoast_head_json":{"title":"Pour un co\u00fbt de 27 MD, le nouveau si\u00e8ge de l\u2019UGTT, bient\u00f4t, inaugur\u00e9","description":"Le secr\u00e9taire g\u00e9n\u00e9ral de l'Union g\u00e9n\u00e9rale tunisienne du travail (UGTT) Noureddine Taboubi a annonc\u00e9 que le si\u00e8ge de la centrale syndicale \u00e0 la rue Mohamed Ali H...","canonical":"https:\/\/www.webdo.tn\/fr\/actualite\/national\/pour-un-cout-de-27-md-le-nouveau-siege-de-l-ugtt-bientot-inaugure\/210568\/","og_locale":"fr_FR","og_type":"article","og_title":"Pour un co\u00fbt de 27 MD, le nouveau si\u00e8ge de l\u2019UGTT, bient\u00f4t, inaugur\u00e9","og_description":"Le secr\u00e9taire g\u00e9n\u00e9ral de l'Union g\u00e9n\u00e9rale tunisienne du travail (UGTT) Noureddine Taboubi a annonc\u00e9 que le si\u00e8ge de la centrale syndicale \u00e0 la rue Mohamed Ali H...","og_url":"https:\/\/www.webdo.tn\/fr\/actualite\/national\/pour-un-cout-de-27-md-le-nouveau-siege-de-l-ugtt-bientot-inaugure\/210568\/","og_site_name":"webdo","article_publisher":"https:\/\/www.facebook.com\/webdotn","article_published_time":"2023-12-04T18:56:00+00:00","article_modified_time":"2025-05-20T22:39:17+00:00","og_image":[{"width":750,"height":400,"url":"https:\/\/www.webdo.tn\/fr\/wp-content\/uploads\/2023\/12\/0c25dd53bbb72bd7b7b6893caba3710e.jpg","type":"image\/jpeg"}],"author":"CL","twitter_card":"summary_large_image","twitter_creator":"@webdo_tn","twitter_site":"@webdo_tn","twitter_misc":{"\u00c9crit par":"CL","Dur\u00e9e de lecture estim\u00e9e":"1 minute"},"schema":{"@context":"https:\/\/schema.org","@graph":[{"@type":"NewsArticle","@id":"https:\/\/www.webdo.tn\/fr\/actualite\/national\/pour-un-cout-de-27-md-le-nouveau-siege-de-l-ugtt-bientot-inaugure\/210568\/#article","isPartOf":{"@id":"https:\/\/www.webdo.tn\/fr\/actualite\/national\/pour-un-cout-de-27-md-le-nouveau-siege-de-l-ugtt-bientot-inaugure\/210568\/"},"author":{"name":"CL","@id":"https:\/\/www.webdo.tn\/fr\/#\/schema\/person\/f35b42a42c5e2511bbd282959d6385cc"},"headline":"Pour un co\u00fbt de 27 MD, le nouveau si\u00e8ge de l\u2019UGTT, bient\u00f4t, inaugur\u00e9","datePublished":"2023-12-04T18:56:00+00:00","dateModified":"2025-05-20T22:39:17+00:00","mainEntityOfPage":{"@id":"https:\/\/www.webdo.tn\/fr\/actualite\/national\/pour-un-cout-de-27-md-le-nouveau-siege-de-l-ugtt-bientot-inaugure\/210568\/"},"wordCount":296,"commentCount":0,"publisher":{"@id":"https:\/\/www.webdo.tn\/fr\/#organization"},"image":{"@id":"https:\/\/www.webdo.tn\/fr\/actualite\/national\/pour-un-cout-de-27-md-le-nouveau-siege-de-l-ugtt-bientot-inaugure\/210568\/#primaryimage"},"thumbnailUrl":"https:\/\/www.webdo.tn\/fr\/wp-content\/uploads\/2023\/12\/0c25dd53bbb72bd7b7b6893caba3710e.jpg","keywords":["Si\u00e8ge","Tunisie","UGTT"],"articleSection":["National"],"inLanguage":"fr-FR"},{"@type":"WebPage","@id":"https:\/\/www.webdo.tn\/fr\/actualite\/national\/pour-un-cout-de-27-md-le-nouveau-siege-de-l-ugtt-bientot-inaugure\/210568\/","url":"https:\/\/www.webdo.tn\/fr\/actualite\/national\/pour-un-cout-de-27-md-le-nouveau-siege-de-l-ugtt-bientot-inaugure\/210568\/","name":"Pour un co\u00fbt de 27 MD, le nouveau si\u00e8ge de l\u2019UGTT, bient\u00f4t, inaugur\u00e9","isPartOf":{"@id":"https:\/\/www.webdo.tn\/fr\/#website"},"primaryImageOfPage":{"@id":"https:\/\/www.webdo.tn\/fr\/actualite\/national\/pour-un-cout-de-27-md-le-nouveau-siege-de-l-ugtt-bientot-inaugure\/210568\/#primaryimage"},"image":{"@id":"https:\/\/www.webdo.tn\/fr\/actualite\/national\/pour-un-cout-de-27-md-le-nouveau-siege-de-l-ugtt-bientot-inaugure\/210568\/#primaryimage"},"thumbnailUrl":"https:\/\/www.webdo.tn\/fr\/wp-content\/uploads\/2023\/12\/0c25dd53bbb72bd7b7b6893caba3710e.jpg","datePublished":"2023-12-04T18:56:00+00:00","dateModified":"2025-05-20T22:39:17+00:00","description":"Le secr\u00e9taire g\u00e9n\u00e9ral de l'Union g\u00e9n\u00e9rale tunisienne du travail (UGTT) Noureddine Taboubi a annonc\u00e9 que le si\u00e8ge de la centrale syndicale \u00e0 la rue Mohamed Ali H...","breadcrumb":{"@id":"https:\/\/www.webdo.tn\/fr\/actualite\/national\/pour-un-cout-de-27-md-le-nouveau-siege-de-l-ugtt-bientot-inaugure\/210568\/#breadcrumb"},"inLanguage":"fr-FR","potentialAction":[{"@type":"ReadAction","target":["https:\/\/www.webdo.tn\/fr\/actualite\/national\/pour-un-cout-de-27-md-le-nouveau-siege-de-l-ugtt-bientot-inaugure\/210568\/"]}]},{"@type":"ImageObject","inLanguage":"fr-FR","@id":"https:\/\/www.webdo.tn\/fr\/actualite\/national\/pour-un-cout-de-27-md-le-nouveau-siege-de-l-ugtt-bientot-inaugure\/210568\/#primaryimage","url":"https:\/\/www.webdo.tn\/fr\/wp-content\/uploads\/2023\/12\/0c25dd53bbb72bd7b7b6893caba3710e.jpg","contentUrl":"https:\/\/www.webdo.tn\/fr\/wp-content\/uploads\/2023\/12\/0c25dd53bbb72bd7b7b6893caba3710e.jpg","width":750,"height":400,"caption":"Pour un co\u00fbt de 27 MD, le nouveau si\u00e8ge de l\u2019UGTT, bient\u00f4t, inaugur\u00e9"},{"@type":"BreadcrumbList","@id":"https:\/\/www.webdo.tn\/fr\/actualite\/national\/pour-un-cout-de-27-md-le-nouveau-siege-de-l-ugtt-bientot-inaugure\/210568\/#breadcrumb","itemListElement":[{"@type":"ListItem","position":1,"name":"Accueil","item":"https:\/\/www.webdo.tn\/fr\/"},{"@type":"ListItem","position":2,"name":"Pour un co\u00fbt de 27 MD, le nouveau si\u00e8ge de l\u2019UGTT, bient\u00f4t, inaugur\u00e9"}]},{"@type":"WebSite","@id":"https:\/\/www.webdo.tn\/fr\/#website","url":"https:\/\/www.webdo.tn\/fr\/","name":"webdo","description":"Tunisie - News en Tunisie et \u00e0 l&#039;international sur Webdo.tn","publisher":{"@id":"https:\/\/www.webdo.tn\/fr\/#organization"},"potentialAction":[{"@type":"SearchAction","target":{"@type":"EntryPoint","urlTemplate":"https:\/\/www.webdo.tn\/fr\/?s={search_term_string}"},"query-input":{"@type":"PropertyValueSpecification","valueRequired":true,"valueName":"search_term_string"}}],"inLanguage":"fr-FR"},{"@type":"Organization","@id":"https:\/\/www.webdo.tn\/fr\/#organization","name":"Webdo","alternateName":"Webdo.tn","url":"https:\/\/www.webdo.tn\/fr\/","logo":{"@type":"ImageObject","inLanguage":"fr-FR","@id":"https:\/\/www.webdo.tn\/fr\/#\/schema\/logo\/image\/","url":"https:\/\/www.webdo.tn\/fr\/wp-content\/uploads\/2025\/06\/Webdo-Tunisie_168377.jpg","contentUrl":"https:\/\/www.webdo.tn\/fr\/wp-content\/uploads\/2025\/06\/Webdo-Tunisie_168377.jpg","width":301,"height":301,"caption":"Webdo"},"image":{"@id":"https:\/\/www.webdo.tn\/fr\/#\/schema\/logo\/image\/"},"sameAs":["https:\/\/www.facebook.com\/webdotn","https:\/\/x.com\/webdo_tn"],"description":"Webdo est un m\u00e9dia num\u00e9rique tunisien fond\u00e9 en 2010, sp\u00e9cialis\u00e9 dans l\u2019actualit\u00e9 nationale et internationale, l\u2019\u00e9conomie, la soci\u00e9t\u00e9 et les analyses politiques. Le site s\u2019adresse \u00e0 un large public francophone et couvre l\u2019information tunisienne en temps r\u00e9el.","email":"redac@webdo.tn","legalName":"YNJ SARL","foundingDate":"2010-09-06","numberOfEmployees":{"@type":"QuantitativeValue","minValue":"11","maxValue":"50"}},{"@type":"Person","@id":"https:\/\/www.webdo.tn\/fr\/#\/schema\/person\/f35b42a42c5e2511bbd282959d6385cc","name":"CL","image":{"@type":"ImageObject","inLanguage":"fr-FR","@id":"https:\/\/secure.gravatar.com\/avatar\/1447a49909b67aa657c488aec6512e1dd6143a480c1ecfee9b5b5cd74eb3b59e?s=96&d=mm&r=g","url":"https:\/\/secure.gravatar.com\/avatar\/1447a49909b67aa657c488aec6512e1dd6143a480c1ecfee9b5b5cd74eb3b59e?s=96&d=mm&r=g","contentUrl":"https:\/\/secure.gravatar.com\/avatar\/1447a49909b67aa657c488aec6512e1dd6143a480c1ecfee9b5b5cd74eb3b59e?s=96&d=mm&r=g","caption":"CL"},"url":"https:\/\/www.webdo.tn\/fr\/actualite\/author\/cl\/"}]}},"_links":{"self":[{"href":"https:\/\/www.webdo.tn\/fr\/wp-json\/wp\/v2\/posts\/210568","targetHints":{"allow":["GET"]}}],"collection":[{"href":"https:\/\/www.webdo.tn\/fr\/wp-json\/wp\/v2\/posts"}],"about":[{"href":"https:\/\/www.webdo.tn\/fr\/wp-json\/wp\/v2\/types\/post"}],"author":[{"embeddable":true,"href":"https:\/\/www.webdo.tn\/fr\/wp-json\/wp\/v2\/users\/3175"}],"replies":[{"embeddable":true,"href":"https:\/\/www.webdo.tn\/fr\/wp-json\/wp\/v2\/comments?post=210568"}],"version-history":[{"count":0,"href":"https:\/\/www.webdo.tn\/fr\/wp-json\/wp\/v2\/posts\/210568\/revisions"}],"wp:featuredmedia":[{"embeddable":true,"href":"https:\/\/www.webdo.tn\/fr\/wp-json\/wp\/v2\/media\/248632"}],"wp:attachment":[{"href":"https:\/\/www.webdo.tn\/fr\/wp-json\/wp\/v2\/media?parent=210568"}],"wp:term":[{"taxonomy":"category","embeddable":true,"href":"https:\/\/www.webdo.tn\/fr\/wp-json\/wp\/v2\/categories?post=210568"},{"taxonomy":"post_tag","embeddable":true,"href":"https:\/\/www.webdo.tn\/fr\/wp-json\/wp\/v2\/tags?post=210568"}],"curies":[{"name":"wp","href":"https:\/\/api.w.org\/{rel}","templated":true}]}}