{"id":210564,"date":"2023-12-04T15:57:00","date_gmt":"2023-12-04T15:57:00","guid":{"rendered":"https:\/\/www.webdo.tn\/fr\/blog\/taboubi-reitere-son-appel-au-gouvernement-pour-reactiver-le-dialogue-social\/210564\/"},"modified":"2025-05-20T21:55:09","modified_gmt":"2025-05-20T21:55:09","slug":"taboubi-reitere-son-appel-au-gouvernement-pour-reactiver-le-dialogue-social","status":"publish","type":"post","link":"https:\/\/www.webdo.tn\/fr\/actualite\/national\/taboubi-reitere-son-appel-au-gouvernement-pour-reactiver-le-dialogue-social\/210564\/","title":{"rendered":"L&rsquo;UGTT r\u00e9it\u00e8re son appel au gouvernement pour r\u00e9activer le dialogue social"},"content":{"rendered":"<p>Le secr\u00e9taire g\u00e9n\u00e9ral de l&rsquo;union g\u00e9n\u00e9rale tunisienne du travail (UGTT) Noureddine Taboubi a lanc\u00e9 un nouvel appel au gouvernement pour r\u00e9activer le dialogue social.<\/p>\n<p>\t\t\t\t\t\t\t\t\tNoureddine Taboubi a r\u00e9it\u00e9r\u00e9 cet appel \u00e0 travers un discours prononc\u00e9, ce lundi 4 d\u00e9cembre 2023, au si\u00e8ge de l&rsquo;UGTT \u00e0 la place Mohamed Ali \u00e0 Tunis, \u00e0 l&rsquo;occasion de la comm\u00e9moration du 71\u00e8me anniversaire de l&rsquo;assassinat du leader syndicaliste Farhat Hached.<\/p>\n<p>Il a appel\u00e9 \u00e0 la tenue d&rsquo;une r\u00e9union d&rsquo;\u00e9valuation, \u00e0 la lumi\u00e8re des indicateurs de l&rsquo;inflation et de la p\u00e9nurie de plusieurs produits de base et de m\u00e9dicaments et \u00e0 la r\u00e9activation d\u2019un dialogue social \u00ab\u00a0s\u00e9rieux\u00a0\u00bb.<\/p>\n<p>Il a \u00e9galement appel\u00e9 le gouvernement \u00e0 mettre en \u0153uvre les conventions du 6 f\u00e9vrier 2021 et du 15 septembre 2022 et \u00e0 annuler la circulaire num\u00e9ro 21 qui porte atteinte au droit syndical et au droit des n\u00e9gociations collectives.<\/p>\n<p>Noureddine Taboubi a \u00e9galement \u00e9voqu\u00e9 les proc\u00e8s intent\u00e9s r\u00e9cemment contre certains syndicalistes, soulignant qu\u2019il s\u2019agit, selon lui, de pressions et man\u0153uvres exerc\u00e9es contre l&rsquo;UGTT dans le but de porter atteinte \u00e0 l&rsquo;action syndicale.<\/p>\n","protected":false},"excerpt":{"rendered":"<p>Noureddine Taboubi a r\u00e9it\u00e9r\u00e9 cet appel \u00e0 travers un discours prononc\u00e9, ce lundi 4 d\u00e9cembre 2023, au si\u00e8ge de l&rsquo;UGTT \u00e0 la place Mohamed Ali \u00e0 Tunis, \u00e0 l&rsquo;occasion&#8230;<\/p>\n","protected":false},"author":3162,"featured_media":248629,"comment_status":"open","ping_status":"closed","sticky":false,"template":"","format":"standard","meta":{"footnotes":""},"categories":[44],"tags":[7456,4260,2649],"class_list":["post-210564","post","type-post","status-publish","format-standard","has-post-thumbnail","hentry","category-national","tag-dialogue-national","tag-noureddine-taboubi","tag-ugtt"],"yoast_head":"<!-- This site is optimized with the Yoast SEO Premium plugin v27.5 (Yoast SEO v27.5) - https:\/\/yoast.com\/product\/yoast-seo-premium-wordpress\/ -->\n<title>L&#039;UGTT r\u00e9it\u00e8re son appel au gouvernement pour r\u00e9activer le dialogue social<\/title>\n<meta name=\"description\" content=\"Noureddine Taboubi a r\u00e9it\u00e9r\u00e9 cet appel \u00e0 travers un discours prononc\u00e9, ce lundi 4 d\u00e9cembre 2023, au si\u00e8ge de l&#039;UGTT \u00e0 la place Mohamed Ali \u00e0 Tunis, \u00e0 l&#039;occasion...\" \/>\n<link rel=\"canonical\" href=\"https:\/\/www.webdo.tn\/fr\/actualite\/national\/taboubi-reitere-son-appel-au-gouvernement-pour-reactiver-le-dialogue-social\/210564\/\" \/>\n<meta property=\"og:locale\" content=\"fr_FR\" \/>\n<meta property=\"og:type\" content=\"article\" \/>\n<meta property=\"og:title\" content=\"L&#039;UGTT r\u00e9it\u00e8re son appel au gouvernement pour r\u00e9activer le dialogue social\" \/>\n<meta property=\"og:description\" content=\"Noureddine Taboubi a r\u00e9it\u00e9r\u00e9 cet appel \u00e0 travers un discours prononc\u00e9, ce lundi 4 d\u00e9cembre 2023, au si\u00e8ge de l&#039;UGTT \u00e0 la place Mohamed Ali \u00e0 Tunis, \u00e0 l&#039;occasion...\" \/>\n<meta property=\"og:url\" content=\"https:\/\/www.webdo.tn\/fr\/actualite\/national\/taboubi-reitere-son-appel-au-gouvernement-pour-reactiver-le-dialogue-social\/210564\/\" \/>\n<meta property=\"og:site_name\" content=\"webdo\" \/>\n<meta property=\"article:publisher\" content=\"https:\/\/www.facebook.com\/webdotn\" \/>\n<meta property=\"article:published_time\" content=\"2023-12-04T15:57:00+00:00\" \/>\n<meta property=\"article:modified_time\" content=\"2025-05-20T21:55:09+00:00\" \/>\n<meta property=\"og:image\" content=\"https:\/\/www.webdo.tn\/fr\/wp-content\/uploads\/2023\/12\/194ba0d8a06ffe4343aa6f89d1a104b5.jpg\" \/>\n\t<meta property=\"og:image:width\" content=\"750\" \/>\n\t<meta property=\"og:image:height\" content=\"400\" \/>\n\t<meta property=\"og:image:type\" content=\"image\/jpeg\" \/>\n<meta name=\"author\" content=\"MC\" \/>\n<meta name=\"twitter:card\" content=\"summary_large_image\" \/>\n<meta name=\"twitter:creator\" content=\"@webdo_tn\" \/>\n<meta name=\"twitter:site\" content=\"@webdo_tn\" \/>\n<meta name=\"twitter:label1\" content=\"\u00c9crit par\" \/>\n\t<meta name=\"twitter:data1\" content=\"MC\" \/>\n\t<meta name=\"twitter:label2\" content=\"Dur\u00e9e de lecture estim\u00e9e\" \/>\n\t<meta name=\"twitter:data2\" content=\"1 minute\" \/>\n<script type=\"application\/ld+json\" class=\"yoast-schema-graph\">{\"@context\":\"https:\\\/\\\/schema.org\",\"@graph\":[{\"@type\":\"NewsArticle\",\"@id\":\"https:\\\/\\\/www.webdo.tn\\\/fr\\\/actualite\\\/national\\\/taboubi-reitere-son-appel-au-gouvernement-pour-reactiver-le-dialogue-social\\\/210564\\\/#article\",\"isPartOf\":{\"@id\":\"https:\\\/\\\/www.webdo.tn\\\/fr\\\/actualite\\\/national\\\/taboubi-reitere-son-appel-au-gouvernement-pour-reactiver-le-dialogue-social\\\/210564\\\/\"},\"author\":{\"name\":\"MC\",\"@id\":\"https:\\\/\\\/www.webdo.tn\\\/fr\\\/#\\\/schema\\\/person\\\/2c4929cbf5a809e3bd38617c6ce150f6\"},\"headline\":\"L&rsquo;UGTT r\u00e9it\u00e8re son appel au gouvernement pour r\u00e9activer le dialogue social\",\"datePublished\":\"2023-12-04T15:57:00+00:00\",\"dateModified\":\"2025-05-20T21:55:09+00:00\",\"mainEntityOfPage\":{\"@id\":\"https:\\\/\\\/www.webdo.tn\\\/fr\\\/actualite\\\/national\\\/taboubi-reitere-son-appel-au-gouvernement-pour-reactiver-le-dialogue-social\\\/210564\\\/\"},\"wordCount\":210,\"commentCount\":0,\"publisher\":{\"@id\":\"https:\\\/\\\/www.webdo.tn\\\/fr\\\/#organization\"},\"image\":{\"@id\":\"https:\\\/\\\/www.webdo.tn\\\/fr\\\/actualite\\\/national\\\/taboubi-reitere-son-appel-au-gouvernement-pour-reactiver-le-dialogue-social\\\/210564\\\/#primaryimage\"},\"thumbnailUrl\":\"https:\\\/\\\/www.webdo.tn\\\/fr\\\/wp-content\\\/uploads\\\/2023\\\/12\\\/194ba0d8a06ffe4343aa6f89d1a104b5.jpg\",\"keywords\":[\"Dialogue national\",\"Noureddine Taboubi\",\"UGTT\"],\"articleSection\":[\"National\"],\"inLanguage\":\"fr-FR\"},{\"@type\":\"WebPage\",\"@id\":\"https:\\\/\\\/www.webdo.tn\\\/fr\\\/actualite\\\/national\\\/taboubi-reitere-son-appel-au-gouvernement-pour-reactiver-le-dialogue-social\\\/210564\\\/\",\"url\":\"https:\\\/\\\/www.webdo.tn\\\/fr\\\/actualite\\\/national\\\/taboubi-reitere-son-appel-au-gouvernement-pour-reactiver-le-dialogue-social\\\/210564\\\/\",\"name\":\"L'UGTT r\u00e9it\u00e8re son appel au gouvernement pour r\u00e9activer le dialogue social\",\"isPartOf\":{\"@id\":\"https:\\\/\\\/www.webdo.tn\\\/fr\\\/#website\"},\"primaryImageOfPage\":{\"@id\":\"https:\\\/\\\/www.webdo.tn\\\/fr\\\/actualite\\\/national\\\/taboubi-reitere-son-appel-au-gouvernement-pour-reactiver-le-dialogue-social\\\/210564\\\/#primaryimage\"},\"image\":{\"@id\":\"https:\\\/\\\/www.webdo.tn\\\/fr\\\/actualite\\\/national\\\/taboubi-reitere-son-appel-au-gouvernement-pour-reactiver-le-dialogue-social\\\/210564\\\/#primaryimage\"},\"thumbnailUrl\":\"https:\\\/\\\/www.webdo.tn\\\/fr\\\/wp-content\\\/uploads\\\/2023\\\/12\\\/194ba0d8a06ffe4343aa6f89d1a104b5.jpg\",\"datePublished\":\"2023-12-04T15:57:00+00:00\",\"dateModified\":\"2025-05-20T21:55:09+00:00\",\"description\":\"Noureddine Taboubi a r\u00e9it\u00e9r\u00e9 cet appel \u00e0 travers un discours prononc\u00e9, ce lundi 4 d\u00e9cembre 2023, au si\u00e8ge de l'UGTT \u00e0 la place Mohamed Ali \u00e0 Tunis, \u00e0 l'occasion...\",\"breadcrumb\":{\"@id\":\"https:\\\/\\\/www.webdo.tn\\\/fr\\\/actualite\\\/national\\\/taboubi-reitere-son-appel-au-gouvernement-pour-reactiver-le-dialogue-social\\\/210564\\\/#breadcrumb\"},\"inLanguage\":\"fr-FR\",\"potentialAction\":[{\"@type\":\"ReadAction\",\"target\":[\"https:\\\/\\\/www.webdo.tn\\\/fr\\\/actualite\\\/national\\\/taboubi-reitere-son-appel-au-gouvernement-pour-reactiver-le-dialogue-social\\\/210564\\\/\"]}]},{\"@type\":\"ImageObject\",\"inLanguage\":\"fr-FR\",\"@id\":\"https:\\\/\\\/www.webdo.tn\\\/fr\\\/actualite\\\/national\\\/taboubi-reitere-son-appel-au-gouvernement-pour-reactiver-le-dialogue-social\\\/210564\\\/#primaryimage\",\"url\":\"https:\\\/\\\/www.webdo.tn\\\/fr\\\/wp-content\\\/uploads\\\/2023\\\/12\\\/194ba0d8a06ffe4343aa6f89d1a104b5.jpg\",\"contentUrl\":\"https:\\\/\\\/www.webdo.tn\\\/fr\\\/wp-content\\\/uploads\\\/2023\\\/12\\\/194ba0d8a06ffe4343aa6f89d1a104b5.jpg\",\"width\":750,\"height\":400,\"caption\":\"L'UGTT r\u00e9it\u00e8re son appel au gouvernement pour r\u00e9activer le dialogue social\"},{\"@type\":\"BreadcrumbList\",\"@id\":\"https:\\\/\\\/www.webdo.tn\\\/fr\\\/actualite\\\/national\\\/taboubi-reitere-son-appel-au-gouvernement-pour-reactiver-le-dialogue-social\\\/210564\\\/#breadcrumb\",\"itemListElement\":[{\"@type\":\"ListItem\",\"position\":1,\"name\":\"Accueil\",\"item\":\"https:\\\/\\\/www.webdo.tn\\\/fr\\\/\"},{\"@type\":\"ListItem\",\"position\":2,\"name\":\"L&#8217;UGTT r\u00e9it\u00e8re son appel au gouvernement pour r\u00e9activer le dialogue social\"}]},{\"@type\":\"WebSite\",\"@id\":\"https:\\\/\\\/www.webdo.tn\\\/fr\\\/#website\",\"url\":\"https:\\\/\\\/www.webdo.tn\\\/fr\\\/\",\"name\":\"webdo\",\"description\":\"Tunisie - News en Tunisie et \u00e0 l&#039;international sur Webdo.tn\",\"publisher\":{\"@id\":\"https:\\\/\\\/www.webdo.tn\\\/fr\\\/#organization\"},\"potentialAction\":[{\"@type\":\"SearchAction\",\"target\":{\"@type\":\"EntryPoint\",\"urlTemplate\":\"https:\\\/\\\/www.webdo.tn\\\/fr\\\/?s={search_term_string}\"},\"query-input\":{\"@type\":\"PropertyValueSpecification\",\"valueRequired\":true,\"valueName\":\"search_term_string\"}}],\"inLanguage\":\"fr-FR\"},{\"@type\":\"Organization\",\"@id\":\"https:\\\/\\\/www.webdo.tn\\\/fr\\\/#organization\",\"name\":\"Webdo\",\"alternateName\":\"Webdo.tn\",\"url\":\"https:\\\/\\\/www.webdo.tn\\\/fr\\\/\",\"logo\":{\"@type\":\"ImageObject\",\"inLanguage\":\"fr-FR\",\"@id\":\"https:\\\/\\\/www.webdo.tn\\\/fr\\\/#\\\/schema\\\/logo\\\/image\\\/\",\"url\":\"https:\\\/\\\/www.webdo.tn\\\/fr\\\/wp-content\\\/uploads\\\/2025\\\/06\\\/Webdo-Tunisie_168377.jpg\",\"contentUrl\":\"https:\\\/\\\/www.webdo.tn\\\/fr\\\/wp-content\\\/uploads\\\/2025\\\/06\\\/Webdo-Tunisie_168377.jpg\",\"width\":301,\"height\":301,\"caption\":\"Webdo\"},\"image\":{\"@id\":\"https:\\\/\\\/www.webdo.tn\\\/fr\\\/#\\\/schema\\\/logo\\\/image\\\/\"},\"sameAs\":[\"https:\\\/\\\/www.facebook.com\\\/webdotn\",\"https:\\\/\\\/x.com\\\/webdo_tn\"],\"description\":\"Webdo est un m\u00e9dia num\u00e9rique tunisien fond\u00e9 en 2010, sp\u00e9cialis\u00e9 dans l\u2019actualit\u00e9 nationale et internationale, l\u2019\u00e9conomie, la soci\u00e9t\u00e9 et les analyses politiques. Le site s\u2019adresse \u00e0 un large public francophone et couvre l\u2019information tunisienne en temps r\u00e9el.\",\"email\":\"redac@webdo.tn\",\"legalName\":\"YNJ SARL\",\"foundingDate\":\"2010-09-06\",\"numberOfEmployees\":{\"@type\":\"QuantitativeValue\",\"minValue\":\"11\",\"maxValue\":\"50\"}},{\"@type\":\"Person\",\"@id\":\"https:\\\/\\\/www.webdo.tn\\\/fr\\\/#\\\/schema\\\/person\\\/2c4929cbf5a809e3bd38617c6ce150f6\",\"name\":\"MC\",\"image\":{\"@type\":\"ImageObject\",\"inLanguage\":\"fr-FR\",\"@id\":\"https:\\\/\\\/secure.gravatar.com\\\/avatar\\\/a545bbb6f84efdd5553dbbc2895e3ca8f1d12c5215e00a041c9670b54aa9b18a?s=96&d=mm&r=g\",\"url\":\"https:\\\/\\\/secure.gravatar.com\\\/avatar\\\/a545bbb6f84efdd5553dbbc2895e3ca8f1d12c5215e00a041c9670b54aa9b18a?s=96&d=mm&r=g\",\"contentUrl\":\"https:\\\/\\\/secure.gravatar.com\\\/avatar\\\/a545bbb6f84efdd5553dbbc2895e3ca8f1d12c5215e00a041c9670b54aa9b18a?s=96&d=mm&r=g\",\"caption\":\"MC\"},\"url\":\"https:\\\/\\\/www.webdo.tn\\\/fr\\\/actualite\\\/author\\\/mc\\\/\"}]}<\/script>\n<!-- \/ Yoast SEO Premium plugin. -->","yoast_head_json":{"title":"L'UGTT r\u00e9it\u00e8re son appel au gouvernement pour r\u00e9activer le dialogue social","description":"Noureddine Taboubi a r\u00e9it\u00e9r\u00e9 cet appel \u00e0 travers un discours prononc\u00e9, ce lundi 4 d\u00e9cembre 2023, au si\u00e8ge de l'UGTT \u00e0 la place Mohamed Ali \u00e0 Tunis, \u00e0 l'occasion...","canonical":"https:\/\/www.webdo.tn\/fr\/actualite\/national\/taboubi-reitere-son-appel-au-gouvernement-pour-reactiver-le-dialogue-social\/210564\/","og_locale":"fr_FR","og_type":"article","og_title":"L'UGTT r\u00e9it\u00e8re son appel au gouvernement pour r\u00e9activer le dialogue social","og_description":"Noureddine Taboubi a r\u00e9it\u00e9r\u00e9 cet appel \u00e0 travers un discours prononc\u00e9, ce lundi 4 d\u00e9cembre 2023, au si\u00e8ge de l'UGTT \u00e0 la place Mohamed Ali \u00e0 Tunis, \u00e0 l'occasion...","og_url":"https:\/\/www.webdo.tn\/fr\/actualite\/national\/taboubi-reitere-son-appel-au-gouvernement-pour-reactiver-le-dialogue-social\/210564\/","og_site_name":"webdo","article_publisher":"https:\/\/www.facebook.com\/webdotn","article_published_time":"2023-12-04T15:57:00+00:00","article_modified_time":"2025-05-20T21:55:09+00:00","og_image":[{"width":750,"height":400,"url":"https:\/\/www.webdo.tn\/fr\/wp-content\/uploads\/2023\/12\/194ba0d8a06ffe4343aa6f89d1a104b5.jpg","type":"image\/jpeg"}],"author":"MC","twitter_card":"summary_large_image","twitter_creator":"@webdo_tn","twitter_site":"@webdo_tn","twitter_misc":{"\u00c9crit par":"MC","Dur\u00e9e de lecture estim\u00e9e":"1 minute"},"schema":{"@context":"https:\/\/schema.org","@graph":[{"@type":"NewsArticle","@id":"https:\/\/www.webdo.tn\/fr\/actualite\/national\/taboubi-reitere-son-appel-au-gouvernement-pour-reactiver-le-dialogue-social\/210564\/#article","isPartOf":{"@id":"https:\/\/www.webdo.tn\/fr\/actualite\/national\/taboubi-reitere-son-appel-au-gouvernement-pour-reactiver-le-dialogue-social\/210564\/"},"author":{"name":"MC","@id":"https:\/\/www.webdo.tn\/fr\/#\/schema\/person\/2c4929cbf5a809e3bd38617c6ce150f6"},"headline":"L&rsquo;UGTT r\u00e9it\u00e8re son appel au gouvernement pour r\u00e9activer le dialogue social","datePublished":"2023-12-04T15:57:00+00:00","dateModified":"2025-05-20T21:55:09+00:00","mainEntityOfPage":{"@id":"https:\/\/www.webdo.tn\/fr\/actualite\/national\/taboubi-reitere-son-appel-au-gouvernement-pour-reactiver-le-dialogue-social\/210564\/"},"wordCount":210,"commentCount":0,"publisher":{"@id":"https:\/\/www.webdo.tn\/fr\/#organization"},"image":{"@id":"https:\/\/www.webdo.tn\/fr\/actualite\/national\/taboubi-reitere-son-appel-au-gouvernement-pour-reactiver-le-dialogue-social\/210564\/#primaryimage"},"thumbnailUrl":"https:\/\/www.webdo.tn\/fr\/wp-content\/uploads\/2023\/12\/194ba0d8a06ffe4343aa6f89d1a104b5.jpg","keywords":["Dialogue national","Noureddine Taboubi","UGTT"],"articleSection":["National"],"inLanguage":"fr-FR"},{"@type":"WebPage","@id":"https:\/\/www.webdo.tn\/fr\/actualite\/national\/taboubi-reitere-son-appel-au-gouvernement-pour-reactiver-le-dialogue-social\/210564\/","url":"https:\/\/www.webdo.tn\/fr\/actualite\/national\/taboubi-reitere-son-appel-au-gouvernement-pour-reactiver-le-dialogue-social\/210564\/","name":"L'UGTT r\u00e9it\u00e8re son appel au gouvernement pour r\u00e9activer le dialogue social","isPartOf":{"@id":"https:\/\/www.webdo.tn\/fr\/#website"},"primaryImageOfPage":{"@id":"https:\/\/www.webdo.tn\/fr\/actualite\/national\/taboubi-reitere-son-appel-au-gouvernement-pour-reactiver-le-dialogue-social\/210564\/#primaryimage"},"image":{"@id":"https:\/\/www.webdo.tn\/fr\/actualite\/national\/taboubi-reitere-son-appel-au-gouvernement-pour-reactiver-le-dialogue-social\/210564\/#primaryimage"},"thumbnailUrl":"https:\/\/www.webdo.tn\/fr\/wp-content\/uploads\/2023\/12\/194ba0d8a06ffe4343aa6f89d1a104b5.jpg","datePublished":"2023-12-04T15:57:00+00:00","dateModified":"2025-05-20T21:55:09+00:00","description":"Noureddine Taboubi a r\u00e9it\u00e9r\u00e9 cet appel \u00e0 travers un discours prononc\u00e9, ce lundi 4 d\u00e9cembre 2023, au si\u00e8ge de l'UGTT \u00e0 la place Mohamed Ali \u00e0 Tunis, \u00e0 l'occasion...","breadcrumb":{"@id":"https:\/\/www.webdo.tn\/fr\/actualite\/national\/taboubi-reitere-son-appel-au-gouvernement-pour-reactiver-le-dialogue-social\/210564\/#breadcrumb"},"inLanguage":"fr-FR","potentialAction":[{"@type":"ReadAction","target":["https:\/\/www.webdo.tn\/fr\/actualite\/national\/taboubi-reitere-son-appel-au-gouvernement-pour-reactiver-le-dialogue-social\/210564\/"]}]},{"@type":"ImageObject","inLanguage":"fr-FR","@id":"https:\/\/www.webdo.tn\/fr\/actualite\/national\/taboubi-reitere-son-appel-au-gouvernement-pour-reactiver-le-dialogue-social\/210564\/#primaryimage","url":"https:\/\/www.webdo.tn\/fr\/wp-content\/uploads\/2023\/12\/194ba0d8a06ffe4343aa6f89d1a104b5.jpg","contentUrl":"https:\/\/www.webdo.tn\/fr\/wp-content\/uploads\/2023\/12\/194ba0d8a06ffe4343aa6f89d1a104b5.jpg","width":750,"height":400,"caption":"L'UGTT r\u00e9it\u00e8re son appel au gouvernement pour r\u00e9activer le dialogue social"},{"@type":"BreadcrumbList","@id":"https:\/\/www.webdo.tn\/fr\/actualite\/national\/taboubi-reitere-son-appel-au-gouvernement-pour-reactiver-le-dialogue-social\/210564\/#breadcrumb","itemListElement":[{"@type":"ListItem","position":1,"name":"Accueil","item":"https:\/\/www.webdo.tn\/fr\/"},{"@type":"ListItem","position":2,"name":"L&#8217;UGTT r\u00e9it\u00e8re son appel au gouvernement pour r\u00e9activer le dialogue social"}]},{"@type":"WebSite","@id":"https:\/\/www.webdo.tn\/fr\/#website","url":"https:\/\/www.webdo.tn\/fr\/","name":"webdo","description":"Tunisie - News en Tunisie et \u00e0 l&#039;international sur Webdo.tn","publisher":{"@id":"https:\/\/www.webdo.tn\/fr\/#organization"},"potentialAction":[{"@type":"SearchAction","target":{"@type":"EntryPoint","urlTemplate":"https:\/\/www.webdo.tn\/fr\/?s={search_term_string}"},"query-input":{"@type":"PropertyValueSpecification","valueRequired":true,"valueName":"search_term_string"}}],"inLanguage":"fr-FR"},{"@type":"Organization","@id":"https:\/\/www.webdo.tn\/fr\/#organization","name":"Webdo","alternateName":"Webdo.tn","url":"https:\/\/www.webdo.tn\/fr\/","logo":{"@type":"ImageObject","inLanguage":"fr-FR","@id":"https:\/\/www.webdo.tn\/fr\/#\/schema\/logo\/image\/","url":"https:\/\/www.webdo.tn\/fr\/wp-content\/uploads\/2025\/06\/Webdo-Tunisie_168377.jpg","contentUrl":"https:\/\/www.webdo.tn\/fr\/wp-content\/uploads\/2025\/06\/Webdo-Tunisie_168377.jpg","width":301,"height":301,"caption":"Webdo"},"image":{"@id":"https:\/\/www.webdo.tn\/fr\/#\/schema\/logo\/image\/"},"sameAs":["https:\/\/www.facebook.com\/webdotn","https:\/\/x.com\/webdo_tn"],"description":"Webdo est un m\u00e9dia num\u00e9rique tunisien fond\u00e9 en 2010, sp\u00e9cialis\u00e9 dans l\u2019actualit\u00e9 nationale et internationale, l\u2019\u00e9conomie, la soci\u00e9t\u00e9 et les analyses politiques. Le site s\u2019adresse \u00e0 un large public francophone et couvre l\u2019information tunisienne en temps r\u00e9el.","email":"redac@webdo.tn","legalName":"YNJ SARL","foundingDate":"2010-09-06","numberOfEmployees":{"@type":"QuantitativeValue","minValue":"11","maxValue":"50"}},{"@type":"Person","@id":"https:\/\/www.webdo.tn\/fr\/#\/schema\/person\/2c4929cbf5a809e3bd38617c6ce150f6","name":"MC","image":{"@type":"ImageObject","inLanguage":"fr-FR","@id":"https:\/\/secure.gravatar.com\/avatar\/a545bbb6f84efdd5553dbbc2895e3ca8f1d12c5215e00a041c9670b54aa9b18a?s=96&d=mm&r=g","url":"https:\/\/secure.gravatar.com\/avatar\/a545bbb6f84efdd5553dbbc2895e3ca8f1d12c5215e00a041c9670b54aa9b18a?s=96&d=mm&r=g","contentUrl":"https:\/\/secure.gravatar.com\/avatar\/a545bbb6f84efdd5553dbbc2895e3ca8f1d12c5215e00a041c9670b54aa9b18a?s=96&d=mm&r=g","caption":"MC"},"url":"https:\/\/www.webdo.tn\/fr\/actualite\/author\/mc\/"}]}},"_links":{"self":[{"href":"https:\/\/www.webdo.tn\/fr\/wp-json\/wp\/v2\/posts\/210564","targetHints":{"allow":["GET"]}}],"collection":[{"href":"https:\/\/www.webdo.tn\/fr\/wp-json\/wp\/v2\/posts"}],"about":[{"href":"https:\/\/www.webdo.tn\/fr\/wp-json\/wp\/v2\/types\/post"}],"author":[{"embeddable":true,"href":"https:\/\/www.webdo.tn\/fr\/wp-json\/wp\/v2\/users\/3162"}],"replies":[{"embeddable":true,"href":"https:\/\/www.webdo.tn\/fr\/wp-json\/wp\/v2\/comments?post=210564"}],"version-history":[{"count":0,"href":"https:\/\/www.webdo.tn\/fr\/wp-json\/wp\/v2\/posts\/210564\/revisions"}],"wp:featuredmedia":[{"embeddable":true,"href":"https:\/\/www.webdo.tn\/fr\/wp-json\/wp\/v2\/media\/248629"}],"wp:attachment":[{"href":"https:\/\/www.webdo.tn\/fr\/wp-json\/wp\/v2\/media?parent=210564"}],"wp:term":[{"taxonomy":"category","embeddable":true,"href":"https:\/\/www.webdo.tn\/fr\/wp-json\/wp\/v2\/categories?post=210564"},{"taxonomy":"post_tag","embeddable":true,"href":"https:\/\/www.webdo.tn\/fr\/wp-json\/wp\/v2\/tags?post=210564"}],"curies":[{"name":"wp","href":"https:\/\/api.w.org\/{rel}","templated":true}]}}