{"id":210550,"date":"2023-12-04T09:57:00","date_gmt":"2023-12-04T09:57:00","guid":{"rendered":"https:\/\/www.webdo.tn\/fr\/blog\/gaza-nouveau-bilan-de-15-523-martyrs-et-plus-de-41-000-blesses\/210550\/"},"modified":"2025-05-20T21:55:04","modified_gmt":"2025-05-20T21:55:04","slug":"gaza-nouveau-bilan-de-15-523-martyrs-et-plus-de-41-000-blesses","status":"publish","type":"post","link":"https:\/\/www.webdo.tn\/fr\/actualite\/international\/gaza-nouveau-bilan-de-15-523-martyrs-et-plus-de-41-000-blesses\/210550\/","title":{"rendered":"Gaza : Nouveau bilan de 15.523 martyrs et plus de 41.000 bless\u00e9s"},"content":{"rendered":"<p>Le minist\u00e8re de la Sant\u00e9 du Hamas palestinien a annonc\u00e9, dimanche 3 d\u00e9cembre le bilan mis \u00e0 jour des victimes des bombardements isra\u00e9liens dans la bande de Gaza.<\/p>\n<p>\t\t\t\t\t\t\t\t\tCe bilan actualis\u00e9 fait \u00e9tat de 15.523 martyrs depuis le d\u00e9but de la guerre le 7 octobre dont 70% sont des femmes et des enfants, a soulign\u00e9 le porte-parole du minist\u00e8re de la Sant\u00e9 \u00e0 Gaza Ashraf al-Qidreh, qui a \u00e9galement fait \u00e9tat de 41.316 bless\u00e9s.<\/p>\n<p>Le minist\u00e8re de la Sant\u00e9 du Hamas, a par ailleurs d\u00e9plor\u00e9 samedi plus de 240 morts et 650 bless\u00e9s depuis la reprise des combats le 1er d\u00e9cembre apr\u00e8s une tr\u00eave de sept jours.<\/p>\n<p>Au nord de Gaza, l&rsquo;arm\u00e9e isra\u00e9lienne a men\u00e9 hier des frappes a\u00e9riennes suivies de tirs d\u2019artillerie. Elle a \u00e9galement multipli\u00e9 les raids a\u00e9riens dans le sud de Gaza o\u00f9 des centaines de milliers de Palestiniens ont \u00e9t\u00e9 d\u00e9plac\u00e9s par le conflit.<\/p>\n<p>Selon l\u2019ONU, l\u2019Etat sioniste a d\u00e9truit ou endommag\u00e9 plus de la moiti\u00e9 des habitations dans la Bande de Gaza.<\/p>\n<p>Hier, le Hamas et le Jihad islamique ont annonc\u00e9 de nouveaux tirs de roquettes en direction d&rsquo;Isra\u00ebl. Les autorit\u00e9s isra\u00e9liennes ont par ailleurs annonc\u00e9 la mort de deux soldats tu\u00e9s lors des op\u00e9rations terrestres, portant \u00e0 398 le nombre de soldats tu\u00e9s depuis le 7 octobre.<\/p>\n","protected":false},"excerpt":{"rendered":"<p>Ce bilan actualis\u00e9 fait \u00e9tat de 15.523 martyrs depuis le d\u00e9but de la guerre le 7 octobre dont 70% sont des femmes et des enfants, a soulign\u00e9 le porte-parole du&#8230;<\/p>\n","protected":false},"author":3162,"featured_media":248620,"comment_status":"open","ping_status":"closed","sticky":false,"template":"","format":"standard","meta":{"footnotes":""},"categories":[2598],"tags":[5941,2689,4472,5622],"class_list":["post-210550","post","type-post","status-publish","format-standard","has-post-thumbnail","hentry","category-international","tag-bilan","tag-gaza","tag-martyrs","tag-victimes"],"yoast_head":"<!-- This site is optimized with the Yoast SEO Premium plugin v27.5 (Yoast SEO v27.5) - https:\/\/yoast.com\/product\/yoast-seo-premium-wordpress\/ -->\n<title>Gaza : Nouveau bilan de 15.523 martyrs et plus de 41.000 bless\u00e9s<\/title>\n<meta name=\"description\" content=\"Ce bilan actualis\u00e9 fait \u00e9tat de 15.523 martyrs depuis le d\u00e9but de la guerre le 7 octobre dont 70% sont des femmes et des enfants, a soulign\u00e9 le porte-parole du...\" \/>\n<link rel=\"canonical\" href=\"https:\/\/www.webdo.tn\/fr\/actualite\/international\/gaza-nouveau-bilan-de-15-523-martyrs-et-plus-de-41-000-blesses\/210550\/\" \/>\n<meta property=\"og:locale\" content=\"fr_FR\" \/>\n<meta property=\"og:type\" content=\"article\" \/>\n<meta property=\"og:title\" content=\"Gaza : Nouveau bilan de 15.523 martyrs et plus de 41.000 bless\u00e9s\" \/>\n<meta property=\"og:description\" content=\"Ce bilan actualis\u00e9 fait \u00e9tat de 15.523 martyrs depuis le d\u00e9but de la guerre le 7 octobre dont 70% sont des femmes et des enfants, a soulign\u00e9 le porte-parole du...\" \/>\n<meta property=\"og:url\" content=\"https:\/\/www.webdo.tn\/fr\/actualite\/international\/gaza-nouveau-bilan-de-15-523-martyrs-et-plus-de-41-000-blesses\/210550\/\" \/>\n<meta property=\"og:site_name\" content=\"webdo\" \/>\n<meta property=\"article:publisher\" content=\"https:\/\/www.facebook.com\/webdotn\" \/>\n<meta property=\"article:published_time\" content=\"2023-12-04T09:57:00+00:00\" \/>\n<meta property=\"article:modified_time\" content=\"2025-05-20T21:55:04+00:00\" \/>\n<meta property=\"og:image\" content=\"https:\/\/www.webdo.tn\/fr\/wp-content\/uploads\/2023\/12\/f221fd945b50c1265d7f1673812f0ea3.jpg\" \/>\n\t<meta property=\"og:image:width\" content=\"750\" \/>\n\t<meta property=\"og:image:height\" content=\"400\" \/>\n\t<meta property=\"og:image:type\" content=\"image\/jpeg\" \/>\n<meta name=\"author\" content=\"MC\" \/>\n<meta name=\"twitter:card\" content=\"summary_large_image\" \/>\n<meta name=\"twitter:creator\" content=\"@webdo_tn\" \/>\n<meta name=\"twitter:site\" content=\"@webdo_tn\" \/>\n<meta name=\"twitter:label1\" content=\"\u00c9crit par\" \/>\n\t<meta name=\"twitter:data1\" content=\"MC\" \/>\n\t<meta name=\"twitter:label2\" content=\"Dur\u00e9e de lecture estim\u00e9e\" \/>\n\t<meta name=\"twitter:data2\" content=\"1 minute\" \/>\n<script type=\"application\/ld+json\" class=\"yoast-schema-graph\">{\"@context\":\"https:\\\/\\\/schema.org\",\"@graph\":[{\"@type\":\"NewsArticle\",\"@id\":\"https:\\\/\\\/www.webdo.tn\\\/fr\\\/actualite\\\/international\\\/gaza-nouveau-bilan-de-15-523-martyrs-et-plus-de-41-000-blesses\\\/210550\\\/#article\",\"isPartOf\":{\"@id\":\"https:\\\/\\\/www.webdo.tn\\\/fr\\\/actualite\\\/international\\\/gaza-nouveau-bilan-de-15-523-martyrs-et-plus-de-41-000-blesses\\\/210550\\\/\"},\"author\":{\"name\":\"MC\",\"@id\":\"https:\\\/\\\/www.webdo.tn\\\/fr\\\/#\\\/schema\\\/person\\\/2c4929cbf5a809e3bd38617c6ce150f6\"},\"headline\":\"Gaza : Nouveau bilan de 15.523 martyrs et plus de 41.000 bless\u00e9s\",\"datePublished\":\"2023-12-04T09:57:00+00:00\",\"dateModified\":\"2025-05-20T21:55:04+00:00\",\"mainEntityOfPage\":{\"@id\":\"https:\\\/\\\/www.webdo.tn\\\/fr\\\/actualite\\\/international\\\/gaza-nouveau-bilan-de-15-523-martyrs-et-plus-de-41-000-blesses\\\/210550\\\/\"},\"wordCount\":241,\"commentCount\":0,\"publisher\":{\"@id\":\"https:\\\/\\\/www.webdo.tn\\\/fr\\\/#organization\"},\"image\":{\"@id\":\"https:\\\/\\\/www.webdo.tn\\\/fr\\\/actualite\\\/international\\\/gaza-nouveau-bilan-de-15-523-martyrs-et-plus-de-41-000-blesses\\\/210550\\\/#primaryimage\"},\"thumbnailUrl\":\"https:\\\/\\\/www.webdo.tn\\\/fr\\\/wp-content\\\/uploads\\\/2023\\\/12\\\/f221fd945b50c1265d7f1673812f0ea3.jpg\",\"keywords\":[\"bilan\",\"Gaza\",\"Martyrs\",\"victimes\"],\"articleSection\":[\"International\"],\"inLanguage\":\"fr-FR\"},{\"@type\":\"WebPage\",\"@id\":\"https:\\\/\\\/www.webdo.tn\\\/fr\\\/actualite\\\/international\\\/gaza-nouveau-bilan-de-15-523-martyrs-et-plus-de-41-000-blesses\\\/210550\\\/\",\"url\":\"https:\\\/\\\/www.webdo.tn\\\/fr\\\/actualite\\\/international\\\/gaza-nouveau-bilan-de-15-523-martyrs-et-plus-de-41-000-blesses\\\/210550\\\/\",\"name\":\"Gaza : Nouveau bilan de 15.523 martyrs et plus de 41.000 bless\u00e9s\",\"isPartOf\":{\"@id\":\"https:\\\/\\\/www.webdo.tn\\\/fr\\\/#website\"},\"primaryImageOfPage\":{\"@id\":\"https:\\\/\\\/www.webdo.tn\\\/fr\\\/actualite\\\/international\\\/gaza-nouveau-bilan-de-15-523-martyrs-et-plus-de-41-000-blesses\\\/210550\\\/#primaryimage\"},\"image\":{\"@id\":\"https:\\\/\\\/www.webdo.tn\\\/fr\\\/actualite\\\/international\\\/gaza-nouveau-bilan-de-15-523-martyrs-et-plus-de-41-000-blesses\\\/210550\\\/#primaryimage\"},\"thumbnailUrl\":\"https:\\\/\\\/www.webdo.tn\\\/fr\\\/wp-content\\\/uploads\\\/2023\\\/12\\\/f221fd945b50c1265d7f1673812f0ea3.jpg\",\"datePublished\":\"2023-12-04T09:57:00+00:00\",\"dateModified\":\"2025-05-20T21:55:04+00:00\",\"description\":\"Ce bilan actualis\u00e9 fait \u00e9tat de 15.523 martyrs depuis le d\u00e9but de la guerre le 7 octobre dont 70% sont des femmes et des enfants, a soulign\u00e9 le porte-parole du...\",\"breadcrumb\":{\"@id\":\"https:\\\/\\\/www.webdo.tn\\\/fr\\\/actualite\\\/international\\\/gaza-nouveau-bilan-de-15-523-martyrs-et-plus-de-41-000-blesses\\\/210550\\\/#breadcrumb\"},\"inLanguage\":\"fr-FR\",\"potentialAction\":[{\"@type\":\"ReadAction\",\"target\":[\"https:\\\/\\\/www.webdo.tn\\\/fr\\\/actualite\\\/international\\\/gaza-nouveau-bilan-de-15-523-martyrs-et-plus-de-41-000-blesses\\\/210550\\\/\"]}]},{\"@type\":\"ImageObject\",\"inLanguage\":\"fr-FR\",\"@id\":\"https:\\\/\\\/www.webdo.tn\\\/fr\\\/actualite\\\/international\\\/gaza-nouveau-bilan-de-15-523-martyrs-et-plus-de-41-000-blesses\\\/210550\\\/#primaryimage\",\"url\":\"https:\\\/\\\/www.webdo.tn\\\/fr\\\/wp-content\\\/uploads\\\/2023\\\/12\\\/f221fd945b50c1265d7f1673812f0ea3.jpg\",\"contentUrl\":\"https:\\\/\\\/www.webdo.tn\\\/fr\\\/wp-content\\\/uploads\\\/2023\\\/12\\\/f221fd945b50c1265d7f1673812f0ea3.jpg\",\"width\":750,\"height\":400,\"caption\":\"Gaza : Nouveau bilan de 15.523 martyrs et plus de 41.000 bless\u00e9s\"},{\"@type\":\"BreadcrumbList\",\"@id\":\"https:\\\/\\\/www.webdo.tn\\\/fr\\\/actualite\\\/international\\\/gaza-nouveau-bilan-de-15-523-martyrs-et-plus-de-41-000-blesses\\\/210550\\\/#breadcrumb\",\"itemListElement\":[{\"@type\":\"ListItem\",\"position\":1,\"name\":\"Accueil\",\"item\":\"https:\\\/\\\/www.webdo.tn\\\/fr\\\/\"},{\"@type\":\"ListItem\",\"position\":2,\"name\":\"Gaza : Nouveau bilan de 15.523 martyrs et plus de 41.000 bless\u00e9s\"}]},{\"@type\":\"WebSite\",\"@id\":\"https:\\\/\\\/www.webdo.tn\\\/fr\\\/#website\",\"url\":\"https:\\\/\\\/www.webdo.tn\\\/fr\\\/\",\"name\":\"webdo\",\"description\":\"Tunisie - News en Tunisie et \u00e0 l&#039;international sur Webdo.tn\",\"publisher\":{\"@id\":\"https:\\\/\\\/www.webdo.tn\\\/fr\\\/#organization\"},\"potentialAction\":[{\"@type\":\"SearchAction\",\"target\":{\"@type\":\"EntryPoint\",\"urlTemplate\":\"https:\\\/\\\/www.webdo.tn\\\/fr\\\/?s={search_term_string}\"},\"query-input\":{\"@type\":\"PropertyValueSpecification\",\"valueRequired\":true,\"valueName\":\"search_term_string\"}}],\"inLanguage\":\"fr-FR\"},{\"@type\":\"Organization\",\"@id\":\"https:\\\/\\\/www.webdo.tn\\\/fr\\\/#organization\",\"name\":\"Webdo\",\"alternateName\":\"Webdo.tn\",\"url\":\"https:\\\/\\\/www.webdo.tn\\\/fr\\\/\",\"logo\":{\"@type\":\"ImageObject\",\"inLanguage\":\"fr-FR\",\"@id\":\"https:\\\/\\\/www.webdo.tn\\\/fr\\\/#\\\/schema\\\/logo\\\/image\\\/\",\"url\":\"https:\\\/\\\/www.webdo.tn\\\/fr\\\/wp-content\\\/uploads\\\/2025\\\/06\\\/Webdo-Tunisie_168377.jpg\",\"contentUrl\":\"https:\\\/\\\/www.webdo.tn\\\/fr\\\/wp-content\\\/uploads\\\/2025\\\/06\\\/Webdo-Tunisie_168377.jpg\",\"width\":301,\"height\":301,\"caption\":\"Webdo\"},\"image\":{\"@id\":\"https:\\\/\\\/www.webdo.tn\\\/fr\\\/#\\\/schema\\\/logo\\\/image\\\/\"},\"sameAs\":[\"https:\\\/\\\/www.facebook.com\\\/webdotn\",\"https:\\\/\\\/x.com\\\/webdo_tn\"],\"description\":\"Webdo est un m\u00e9dia num\u00e9rique tunisien fond\u00e9 en 2010, sp\u00e9cialis\u00e9 dans l\u2019actualit\u00e9 nationale et internationale, l\u2019\u00e9conomie, la soci\u00e9t\u00e9 et les analyses politiques. Le site s\u2019adresse \u00e0 un large public francophone et couvre l\u2019information tunisienne en temps r\u00e9el.\",\"email\":\"redac@webdo.tn\",\"legalName\":\"YNJ SARL\",\"foundingDate\":\"2010-09-06\",\"numberOfEmployees\":{\"@type\":\"QuantitativeValue\",\"minValue\":\"11\",\"maxValue\":\"50\"}},{\"@type\":\"Person\",\"@id\":\"https:\\\/\\\/www.webdo.tn\\\/fr\\\/#\\\/schema\\\/person\\\/2c4929cbf5a809e3bd38617c6ce150f6\",\"name\":\"MC\",\"image\":{\"@type\":\"ImageObject\",\"inLanguage\":\"fr-FR\",\"@id\":\"https:\\\/\\\/secure.gravatar.com\\\/avatar\\\/a545bbb6f84efdd5553dbbc2895e3ca8f1d12c5215e00a041c9670b54aa9b18a?s=96&d=mm&r=g\",\"url\":\"https:\\\/\\\/secure.gravatar.com\\\/avatar\\\/a545bbb6f84efdd5553dbbc2895e3ca8f1d12c5215e00a041c9670b54aa9b18a?s=96&d=mm&r=g\",\"contentUrl\":\"https:\\\/\\\/secure.gravatar.com\\\/avatar\\\/a545bbb6f84efdd5553dbbc2895e3ca8f1d12c5215e00a041c9670b54aa9b18a?s=96&d=mm&r=g\",\"caption\":\"MC\"},\"url\":\"https:\\\/\\\/www.webdo.tn\\\/fr\\\/actualite\\\/author\\\/mc\\\/\"}]}<\/script>\n<!-- \/ Yoast SEO Premium plugin. -->","yoast_head_json":{"title":"Gaza : Nouveau bilan de 15.523 martyrs et plus de 41.000 bless\u00e9s","description":"Ce bilan actualis\u00e9 fait \u00e9tat de 15.523 martyrs depuis le d\u00e9but de la guerre le 7 octobre dont 70% sont des femmes et des enfants, a soulign\u00e9 le porte-parole du...","canonical":"https:\/\/www.webdo.tn\/fr\/actualite\/international\/gaza-nouveau-bilan-de-15-523-martyrs-et-plus-de-41-000-blesses\/210550\/","og_locale":"fr_FR","og_type":"article","og_title":"Gaza : Nouveau bilan de 15.523 martyrs et plus de 41.000 bless\u00e9s","og_description":"Ce bilan actualis\u00e9 fait \u00e9tat de 15.523 martyrs depuis le d\u00e9but de la guerre le 7 octobre dont 70% sont des femmes et des enfants, a soulign\u00e9 le porte-parole du...","og_url":"https:\/\/www.webdo.tn\/fr\/actualite\/international\/gaza-nouveau-bilan-de-15-523-martyrs-et-plus-de-41-000-blesses\/210550\/","og_site_name":"webdo","article_publisher":"https:\/\/www.facebook.com\/webdotn","article_published_time":"2023-12-04T09:57:00+00:00","article_modified_time":"2025-05-20T21:55:04+00:00","og_image":[{"width":750,"height":400,"url":"https:\/\/www.webdo.tn\/fr\/wp-content\/uploads\/2023\/12\/f221fd945b50c1265d7f1673812f0ea3.jpg","type":"image\/jpeg"}],"author":"MC","twitter_card":"summary_large_image","twitter_creator":"@webdo_tn","twitter_site":"@webdo_tn","twitter_misc":{"\u00c9crit par":"MC","Dur\u00e9e de lecture estim\u00e9e":"1 minute"},"schema":{"@context":"https:\/\/schema.org","@graph":[{"@type":"NewsArticle","@id":"https:\/\/www.webdo.tn\/fr\/actualite\/international\/gaza-nouveau-bilan-de-15-523-martyrs-et-plus-de-41-000-blesses\/210550\/#article","isPartOf":{"@id":"https:\/\/www.webdo.tn\/fr\/actualite\/international\/gaza-nouveau-bilan-de-15-523-martyrs-et-plus-de-41-000-blesses\/210550\/"},"author":{"name":"MC","@id":"https:\/\/www.webdo.tn\/fr\/#\/schema\/person\/2c4929cbf5a809e3bd38617c6ce150f6"},"headline":"Gaza : Nouveau bilan de 15.523 martyrs et plus de 41.000 bless\u00e9s","datePublished":"2023-12-04T09:57:00+00:00","dateModified":"2025-05-20T21:55:04+00:00","mainEntityOfPage":{"@id":"https:\/\/www.webdo.tn\/fr\/actualite\/international\/gaza-nouveau-bilan-de-15-523-martyrs-et-plus-de-41-000-blesses\/210550\/"},"wordCount":241,"commentCount":0,"publisher":{"@id":"https:\/\/www.webdo.tn\/fr\/#organization"},"image":{"@id":"https:\/\/www.webdo.tn\/fr\/actualite\/international\/gaza-nouveau-bilan-de-15-523-martyrs-et-plus-de-41-000-blesses\/210550\/#primaryimage"},"thumbnailUrl":"https:\/\/www.webdo.tn\/fr\/wp-content\/uploads\/2023\/12\/f221fd945b50c1265d7f1673812f0ea3.jpg","keywords":["bilan","Gaza","Martyrs","victimes"],"articleSection":["International"],"inLanguage":"fr-FR"},{"@type":"WebPage","@id":"https:\/\/www.webdo.tn\/fr\/actualite\/international\/gaza-nouveau-bilan-de-15-523-martyrs-et-plus-de-41-000-blesses\/210550\/","url":"https:\/\/www.webdo.tn\/fr\/actualite\/international\/gaza-nouveau-bilan-de-15-523-martyrs-et-plus-de-41-000-blesses\/210550\/","name":"Gaza : Nouveau bilan de 15.523 martyrs et plus de 41.000 bless\u00e9s","isPartOf":{"@id":"https:\/\/www.webdo.tn\/fr\/#website"},"primaryImageOfPage":{"@id":"https:\/\/www.webdo.tn\/fr\/actualite\/international\/gaza-nouveau-bilan-de-15-523-martyrs-et-plus-de-41-000-blesses\/210550\/#primaryimage"},"image":{"@id":"https:\/\/www.webdo.tn\/fr\/actualite\/international\/gaza-nouveau-bilan-de-15-523-martyrs-et-plus-de-41-000-blesses\/210550\/#primaryimage"},"thumbnailUrl":"https:\/\/www.webdo.tn\/fr\/wp-content\/uploads\/2023\/12\/f221fd945b50c1265d7f1673812f0ea3.jpg","datePublished":"2023-12-04T09:57:00+00:00","dateModified":"2025-05-20T21:55:04+00:00","description":"Ce bilan actualis\u00e9 fait \u00e9tat de 15.523 martyrs depuis le d\u00e9but de la guerre le 7 octobre dont 70% sont des femmes et des enfants, a soulign\u00e9 le porte-parole du...","breadcrumb":{"@id":"https:\/\/www.webdo.tn\/fr\/actualite\/international\/gaza-nouveau-bilan-de-15-523-martyrs-et-plus-de-41-000-blesses\/210550\/#breadcrumb"},"inLanguage":"fr-FR","potentialAction":[{"@type":"ReadAction","target":["https:\/\/www.webdo.tn\/fr\/actualite\/international\/gaza-nouveau-bilan-de-15-523-martyrs-et-plus-de-41-000-blesses\/210550\/"]}]},{"@type":"ImageObject","inLanguage":"fr-FR","@id":"https:\/\/www.webdo.tn\/fr\/actualite\/international\/gaza-nouveau-bilan-de-15-523-martyrs-et-plus-de-41-000-blesses\/210550\/#primaryimage","url":"https:\/\/www.webdo.tn\/fr\/wp-content\/uploads\/2023\/12\/f221fd945b50c1265d7f1673812f0ea3.jpg","contentUrl":"https:\/\/www.webdo.tn\/fr\/wp-content\/uploads\/2023\/12\/f221fd945b50c1265d7f1673812f0ea3.jpg","width":750,"height":400,"caption":"Gaza : Nouveau bilan de 15.523 martyrs et plus de 41.000 bless\u00e9s"},{"@type":"BreadcrumbList","@id":"https:\/\/www.webdo.tn\/fr\/actualite\/international\/gaza-nouveau-bilan-de-15-523-martyrs-et-plus-de-41-000-blesses\/210550\/#breadcrumb","itemListElement":[{"@type":"ListItem","position":1,"name":"Accueil","item":"https:\/\/www.webdo.tn\/fr\/"},{"@type":"ListItem","position":2,"name":"Gaza : Nouveau bilan de 15.523 martyrs et plus de 41.000 bless\u00e9s"}]},{"@type":"WebSite","@id":"https:\/\/www.webdo.tn\/fr\/#website","url":"https:\/\/www.webdo.tn\/fr\/","name":"webdo","description":"Tunisie - News en Tunisie et \u00e0 l&#039;international sur Webdo.tn","publisher":{"@id":"https:\/\/www.webdo.tn\/fr\/#organization"},"potentialAction":[{"@type":"SearchAction","target":{"@type":"EntryPoint","urlTemplate":"https:\/\/www.webdo.tn\/fr\/?s={search_term_string}"},"query-input":{"@type":"PropertyValueSpecification","valueRequired":true,"valueName":"search_term_string"}}],"inLanguage":"fr-FR"},{"@type":"Organization","@id":"https:\/\/www.webdo.tn\/fr\/#organization","name":"Webdo","alternateName":"Webdo.tn","url":"https:\/\/www.webdo.tn\/fr\/","logo":{"@type":"ImageObject","inLanguage":"fr-FR","@id":"https:\/\/www.webdo.tn\/fr\/#\/schema\/logo\/image\/","url":"https:\/\/www.webdo.tn\/fr\/wp-content\/uploads\/2025\/06\/Webdo-Tunisie_168377.jpg","contentUrl":"https:\/\/www.webdo.tn\/fr\/wp-content\/uploads\/2025\/06\/Webdo-Tunisie_168377.jpg","width":301,"height":301,"caption":"Webdo"},"image":{"@id":"https:\/\/www.webdo.tn\/fr\/#\/schema\/logo\/image\/"},"sameAs":["https:\/\/www.facebook.com\/webdotn","https:\/\/x.com\/webdo_tn"],"description":"Webdo est un m\u00e9dia num\u00e9rique tunisien fond\u00e9 en 2010, sp\u00e9cialis\u00e9 dans l\u2019actualit\u00e9 nationale et internationale, l\u2019\u00e9conomie, la soci\u00e9t\u00e9 et les analyses politiques. Le site s\u2019adresse \u00e0 un large public francophone et couvre l\u2019information tunisienne en temps r\u00e9el.","email":"redac@webdo.tn","legalName":"YNJ SARL","foundingDate":"2010-09-06","numberOfEmployees":{"@type":"QuantitativeValue","minValue":"11","maxValue":"50"}},{"@type":"Person","@id":"https:\/\/www.webdo.tn\/fr\/#\/schema\/person\/2c4929cbf5a809e3bd38617c6ce150f6","name":"MC","image":{"@type":"ImageObject","inLanguage":"fr-FR","@id":"https:\/\/secure.gravatar.com\/avatar\/a545bbb6f84efdd5553dbbc2895e3ca8f1d12c5215e00a041c9670b54aa9b18a?s=96&d=mm&r=g","url":"https:\/\/secure.gravatar.com\/avatar\/a545bbb6f84efdd5553dbbc2895e3ca8f1d12c5215e00a041c9670b54aa9b18a?s=96&d=mm&r=g","contentUrl":"https:\/\/secure.gravatar.com\/avatar\/a545bbb6f84efdd5553dbbc2895e3ca8f1d12c5215e00a041c9670b54aa9b18a?s=96&d=mm&r=g","caption":"MC"},"url":"https:\/\/www.webdo.tn\/fr\/actualite\/author\/mc\/"}]}},"_links":{"self":[{"href":"https:\/\/www.webdo.tn\/fr\/wp-json\/wp\/v2\/posts\/210550","targetHints":{"allow":["GET"]}}],"collection":[{"href":"https:\/\/www.webdo.tn\/fr\/wp-json\/wp\/v2\/posts"}],"about":[{"href":"https:\/\/www.webdo.tn\/fr\/wp-json\/wp\/v2\/types\/post"}],"author":[{"embeddable":true,"href":"https:\/\/www.webdo.tn\/fr\/wp-json\/wp\/v2\/users\/3162"}],"replies":[{"embeddable":true,"href":"https:\/\/www.webdo.tn\/fr\/wp-json\/wp\/v2\/comments?post=210550"}],"version-history":[{"count":0,"href":"https:\/\/www.webdo.tn\/fr\/wp-json\/wp\/v2\/posts\/210550\/revisions"}],"wp:featuredmedia":[{"embeddable":true,"href":"https:\/\/www.webdo.tn\/fr\/wp-json\/wp\/v2\/media\/248620"}],"wp:attachment":[{"href":"https:\/\/www.webdo.tn\/fr\/wp-json\/wp\/v2\/media?parent=210550"}],"wp:term":[{"taxonomy":"category","embeddable":true,"href":"https:\/\/www.webdo.tn\/fr\/wp-json\/wp\/v2\/categories?post=210550"},{"taxonomy":"post_tag","embeddable":true,"href":"https:\/\/www.webdo.tn\/fr\/wp-json\/wp\/v2\/tags?post=210550"}],"curies":[{"name":"wp","href":"https:\/\/api.w.org\/{rel}","templated":true}]}}