{"id":210545,"date":"2023-12-03T15:26:00","date_gmt":"2023-12-03T15:26:00","guid":{"rendered":"https:\/\/www.webdo.tn\/fr\/blog\/tunisie-les-quantites-de-pluie-enregistrees-les-dernieres-24-heures\/210545\/"},"modified":"2025-05-20T22:52:30","modified_gmt":"2025-05-20T22:52:30","slug":"tunisie-les-quantites-de-pluie-enregistrees-les-dernieres-24-heures","status":"publish","type":"post","link":"https:\/\/www.webdo.tn\/fr\/actualite\/national\/tunisie-les-quantites-de-pluie-enregistrees-les-dernieres-24-heures\/210545\/","title":{"rendered":"Tunisie :  Les quantit\u00e9s de pluie enregistr\u00e9es les derni\u00e8res 24 heures"},"content":{"rendered":"<p>L\u2019Institut national de la m\u00e9t\u00e9orologie a publi\u00e9 les quantit\u00e9s de pluie enregistr\u00e9es en millim\u00e8tre, durant les derni\u00e8res 24 heures:<\/p>\n<p>\t\t\t\t\t\t\t\t\t\u00a0<\/p>\n<p>\tGouvernorat de Bizerte<\/p>\n<p>Sejn\u00e8ne 2 &#8211; El Alia 2 &#8211; Mateur 1 &#8211; Bizerte 1 &#8211; Ghar El Melh 1<\/p>\n<p>\tGouvernorat de Jendouba<\/p>\n<p>Tabarka 7 &#8211; B\u00e9ni Mtir 3 &#8211; El Feija 2<\/p>\n<p>\tGouvernorat de B\u00e9j\u00e0<\/p>\n<p>B\u00e9j\u00e0 Station 4 &#8211; Nefza 5 &#8211; Mejez El Bab 2 &#8211; Oued Ezargua 3<\/p>\n<p>\tGouvernorat de Nabeul<\/p>\n<p>K\u00e9libia Station 2 &#8211; Dar Allouche 2 &#8211; Hammamet 14 &#8211; K\u00e9libia Ville 4 &#8211; Azmour 3 &#8211; Bouchrik 1- Menzel Temime 9 &#8211; B\u00e9ni Khalled 1<\/p>\n<p>\tGouvernorat de Sousse<\/p>\n<p>Kalaa El Kbira 2 &#8211; Sidi El Hani 2 &#8211; Kandar 4 &#8211; Msaken 1 &#8211; Enfidha 4 &#8211; Chatt Meriem 2 &#8211; Sousse 2 &#8211;<\/p>\n<p>\tGouvernorat de Monastir<\/p>\n<p>Jamel 1 &#8211; Sahline 1 &#8211; Bembla 1 &#8211; Sayada\/Lamta\/Bouhjar 1 &#8211; Moknine 1 &#8211; Ouardanine 1 &#8211; Monastir 5 &#8211; Monastir Mina 1 &#8211; Ksar Hellal 1 &#8211;<\/p>\n<p>\tGouvernorat de Kasserine<\/p>\n<p>Hidra 2 &#8211; El Ayoun 1 &#8211; Foussana 2 &#8211; Sbiba 3 &#8211; Tala 1 &#8211; Sbeitla 3 &#8211; Kasserine 1 &#8211; Mejel Bel Abbes 1<\/p>\n<p>\tGouvernorat de M\u00e9denine<\/p>\n<p>Zarzis 8 &#8211; Sodwikche 2 &#8211; Hassi Jerbi 3 &#8211; El Ghrabet 48 &#8211; B\u00e9ni Khd\u00e8ch 1 &#8211; M\u00e9denine Station 3 &#8211; Midoun 2<\/p>\n<p>\tGouvernorat de Tunis<\/p>\n<p>Sidi Bou Sa\u00efd 2 &#8211; Saida Manoubia 1<\/p>\n<p>\tGouvernorat de Zaghouan<\/p>\n<p>Ennadhour 1<\/p>\n<p>\tGouvernorat de Siliana<\/p>\n<p>Makthar 1 &#8211; A\u00efn Bouss\u00e2adia 1<\/p>\n<p>\tGouvernorat de Kairouan<\/p>\n<p>El Ala 3 &#8211; Nasrallah 1 &#8211; A\u00efn Jelloula 3 &#8211; Sbikha 4 &#8211; Chbika 1 &#8211; Haffouz 2 &#8211; Kairouan 1 &#8211; Oueslatia 2<\/p>\n<p>\tGouvernorat de Sidi Bouzid<\/p>\n<p>Sidi Bouzid 1 &#8211; Bir El Hafi 1<\/p>\n<p>\tGouvernorat de Mahdia<\/p>\n<p>Ouled Chamekh 2<\/p>\n<p>\tGouvernorat de Gafsa<\/p>\n<p>Om Larayes 1 &#8211; Sidi A\u00efch 1 &#8211; Rdaief 1 &#8211; Tamarza 2<\/p>\n<p>\tGouvernorat de Gab\u00e8s<\/p>\n<p>Zarkin 2<\/p>\n<p>\tGouvernorat de Tataouine<\/p>\n<p>Bir Lahmar 1<\/p>\n<p>\tGouvernorat du Kef<\/p>\n<p>El Ksour 1<\/p>\n","protected":false},"excerpt":{"rendered":"<p>Sejn\u00e8ne 2 &#8211; El Alia 2 &#8211; Mateur 1 &#8211; Bizerte 1 &#8211; Ghar El Melh 1<\/p>\n","protected":false},"author":3175,"featured_media":289939,"comment_status":"open","ping_status":"closed","sticky":false,"template":"","format":"standard","meta":{"footnotes":""},"categories":[44],"tags":[2671,3739,2608],"class_list":["post-210545","post","type-post","status-publish","format-standard","has-post-thumbnail","hentry","category-national","tag-pluie","tag-pluviometrie","tag-tunisie"],"yoast_head":"<!-- This site is optimized with the Yoast SEO Premium plugin v27.4 (Yoast SEO v27.5) - https:\/\/yoast.com\/product\/yoast-seo-premium-wordpress\/ -->\n<title>Tunisie : Les quantit\u00e9s de pluie enregistr\u00e9es les derni\u00e8res 24 heures<\/title>\n<meta name=\"description\" content=\"Sejn\u00e8ne 2 - El Alia 2 - Mateur 1 - Bizerte 1 - Ghar El Melh 1\" \/>\n<link rel=\"canonical\" href=\"https:\/\/www.webdo.tn\/fr\/actualite\/national\/tunisie-les-quantites-de-pluie-enregistrees-les-dernieres-24-heures\/210545\/\" \/>\n<meta property=\"og:locale\" content=\"fr_FR\" \/>\n<meta property=\"og:type\" content=\"article\" \/>\n<meta property=\"og:title\" content=\"Tunisie : Les quantit\u00e9s de pluie enregistr\u00e9es les derni\u00e8res 24 heures\" \/>\n<meta property=\"og:description\" content=\"Sejn\u00e8ne 2 - El Alia 2 - Mateur 1 - Bizerte 1 - Ghar El Melh 1\" \/>\n<meta property=\"og:url\" content=\"https:\/\/www.webdo.tn\/fr\/actualite\/national\/tunisie-les-quantites-de-pluie-enregistrees-les-dernieres-24-heures\/210545\/\" \/>\n<meta property=\"og:site_name\" content=\"webdo\" \/>\n<meta property=\"article:publisher\" content=\"https:\/\/www.facebook.com\/webdotn\" \/>\n<meta property=\"article:published_time\" content=\"2023-12-03T15:26:00+00:00\" \/>\n<meta property=\"article:modified_time\" content=\"2025-05-20T22:52:30+00:00\" \/>\n<meta property=\"og:image\" content=\"https:\/\/www.webdo.tn\/fr\/wp-content\/uploads\/2023\/12\/e1d4af094a821faa9942712d26835edd.jpg\" \/>\n\t<meta property=\"og:image:width\" content=\"750\" \/>\n\t<meta property=\"og:image:height\" content=\"400\" \/>\n\t<meta property=\"og:image:type\" content=\"image\/jpeg\" \/>\n<meta name=\"author\" content=\"CL\" \/>\n<meta name=\"twitter:card\" content=\"summary_large_image\" \/>\n<meta name=\"twitter:creator\" content=\"@webdo_tn\" \/>\n<meta name=\"twitter:site\" content=\"@webdo_tn\" \/>\n<meta name=\"twitter:label1\" content=\"\u00c9crit par\" \/>\n\t<meta name=\"twitter:data1\" content=\"CL\" \/>\n\t<meta name=\"twitter:label2\" content=\"Dur\u00e9e de lecture estim\u00e9e\" \/>\n\t<meta name=\"twitter:data2\" content=\"1 minute\" \/>\n<script type=\"application\/ld+json\" class=\"yoast-schema-graph\">{\"@context\":\"https:\\\/\\\/schema.org\",\"@graph\":[{\"@type\":\"NewsArticle\",\"@id\":\"https:\\\/\\\/www.webdo.tn\\\/fr\\\/actualite\\\/national\\\/tunisie-les-quantites-de-pluie-enregistrees-les-dernieres-24-heures\\\/210545\\\/#article\",\"isPartOf\":{\"@id\":\"https:\\\/\\\/www.webdo.tn\\\/fr\\\/actualite\\\/national\\\/tunisie-les-quantites-de-pluie-enregistrees-les-dernieres-24-heures\\\/210545\\\/\"},\"author\":{\"name\":\"CL\",\"@id\":\"https:\\\/\\\/www.webdo.tn\\\/fr\\\/#\\\/schema\\\/person\\\/f35b42a42c5e2511bbd282959d6385cc\"},\"headline\":\"Tunisie : Les quantit\u00e9s de pluie enregistr\u00e9es les derni\u00e8res 24 heures\",\"datePublished\":\"2023-12-03T15:26:00+00:00\",\"dateModified\":\"2025-05-20T22:52:30+00:00\",\"mainEntityOfPage\":{\"@id\":\"https:\\\/\\\/www.webdo.tn\\\/fr\\\/actualite\\\/national\\\/tunisie-les-quantites-de-pluie-enregistrees-les-dernieres-24-heures\\\/210545\\\/\"},\"wordCount\":285,\"commentCount\":0,\"publisher\":{\"@id\":\"https:\\\/\\\/www.webdo.tn\\\/fr\\\/#organization\"},\"image\":{\"@id\":\"https:\\\/\\\/www.webdo.tn\\\/fr\\\/actualite\\\/national\\\/tunisie-les-quantites-de-pluie-enregistrees-les-dernieres-24-heures\\\/210545\\\/#primaryimage\"},\"thumbnailUrl\":\"https:\\\/\\\/www.webdo.tn\\\/fr\\\/wp-content\\\/uploads\\\/2023\\\/12\\\/e1d4af094a821faa9942712d26835edd.jpg\",\"keywords\":[\"Pluie\",\"Pluviom\u00e9trie\",\"Tunisie\"],\"articleSection\":[\"National\"],\"inLanguage\":\"fr-FR\"},{\"@type\":\"WebPage\",\"@id\":\"https:\\\/\\\/www.webdo.tn\\\/fr\\\/actualite\\\/national\\\/tunisie-les-quantites-de-pluie-enregistrees-les-dernieres-24-heures\\\/210545\\\/\",\"url\":\"https:\\\/\\\/www.webdo.tn\\\/fr\\\/actualite\\\/national\\\/tunisie-les-quantites-de-pluie-enregistrees-les-dernieres-24-heures\\\/210545\\\/\",\"name\":\"Tunisie : Les quantit\u00e9s de pluie enregistr\u00e9es les derni\u00e8res 24 heures\",\"isPartOf\":{\"@id\":\"https:\\\/\\\/www.webdo.tn\\\/fr\\\/#website\"},\"primaryImageOfPage\":{\"@id\":\"https:\\\/\\\/www.webdo.tn\\\/fr\\\/actualite\\\/national\\\/tunisie-les-quantites-de-pluie-enregistrees-les-dernieres-24-heures\\\/210545\\\/#primaryimage\"},\"image\":{\"@id\":\"https:\\\/\\\/www.webdo.tn\\\/fr\\\/actualite\\\/national\\\/tunisie-les-quantites-de-pluie-enregistrees-les-dernieres-24-heures\\\/210545\\\/#primaryimage\"},\"thumbnailUrl\":\"https:\\\/\\\/www.webdo.tn\\\/fr\\\/wp-content\\\/uploads\\\/2023\\\/12\\\/e1d4af094a821faa9942712d26835edd.jpg\",\"datePublished\":\"2023-12-03T15:26:00+00:00\",\"dateModified\":\"2025-05-20T22:52:30+00:00\",\"description\":\"Sejn\u00e8ne 2 - El Alia 2 - Mateur 1 - Bizerte 1 - Ghar El Melh 1\",\"breadcrumb\":{\"@id\":\"https:\\\/\\\/www.webdo.tn\\\/fr\\\/actualite\\\/national\\\/tunisie-les-quantites-de-pluie-enregistrees-les-dernieres-24-heures\\\/210545\\\/#breadcrumb\"},\"inLanguage\":\"fr-FR\",\"potentialAction\":[{\"@type\":\"ReadAction\",\"target\":[\"https:\\\/\\\/www.webdo.tn\\\/fr\\\/actualite\\\/national\\\/tunisie-les-quantites-de-pluie-enregistrees-les-dernieres-24-heures\\\/210545\\\/\"]}]},{\"@type\":\"ImageObject\",\"inLanguage\":\"fr-FR\",\"@id\":\"https:\\\/\\\/www.webdo.tn\\\/fr\\\/actualite\\\/national\\\/tunisie-les-quantites-de-pluie-enregistrees-les-dernieres-24-heures\\\/210545\\\/#primaryimage\",\"url\":\"https:\\\/\\\/www.webdo.tn\\\/fr\\\/wp-content\\\/uploads\\\/2023\\\/12\\\/e1d4af094a821faa9942712d26835edd.jpg\",\"contentUrl\":\"https:\\\/\\\/www.webdo.tn\\\/fr\\\/wp-content\\\/uploads\\\/2023\\\/12\\\/e1d4af094a821faa9942712d26835edd.jpg\",\"width\":750,\"height\":400,\"caption\":\"Tunisie : Les quantit\u00e9s de pluie enregistr\u00e9es les derni\u00e8res 24 heures\"},{\"@type\":\"BreadcrumbList\",\"@id\":\"https:\\\/\\\/www.webdo.tn\\\/fr\\\/actualite\\\/national\\\/tunisie-les-quantites-de-pluie-enregistrees-les-dernieres-24-heures\\\/210545\\\/#breadcrumb\",\"itemListElement\":[{\"@type\":\"ListItem\",\"position\":1,\"name\":\"Accueil\",\"item\":\"https:\\\/\\\/www.webdo.tn\\\/fr\\\/\"},{\"@type\":\"ListItem\",\"position\":2,\"name\":\"Tunisie : Les quantit\u00e9s de pluie enregistr\u00e9es les derni\u00e8res 24 heures\"}]},{\"@type\":\"WebSite\",\"@id\":\"https:\\\/\\\/www.webdo.tn\\\/fr\\\/#website\",\"url\":\"https:\\\/\\\/www.webdo.tn\\\/fr\\\/\",\"name\":\"webdo\",\"description\":\"Tunisie - News en Tunisie et \u00e0 l&#039;international sur Webdo.tn\",\"publisher\":{\"@id\":\"https:\\\/\\\/www.webdo.tn\\\/fr\\\/#organization\"},\"potentialAction\":[{\"@type\":\"SearchAction\",\"target\":{\"@type\":\"EntryPoint\",\"urlTemplate\":\"https:\\\/\\\/www.webdo.tn\\\/fr\\\/?s={search_term_string}\"},\"query-input\":{\"@type\":\"PropertyValueSpecification\",\"valueRequired\":true,\"valueName\":\"search_term_string\"}}],\"inLanguage\":\"fr-FR\"},{\"@type\":\"Organization\",\"@id\":\"https:\\\/\\\/www.webdo.tn\\\/fr\\\/#organization\",\"name\":\"Webdo\",\"alternateName\":\"Webdo.tn\",\"url\":\"https:\\\/\\\/www.webdo.tn\\\/fr\\\/\",\"logo\":{\"@type\":\"ImageObject\",\"inLanguage\":\"fr-FR\",\"@id\":\"https:\\\/\\\/www.webdo.tn\\\/fr\\\/#\\\/schema\\\/logo\\\/image\\\/\",\"url\":\"https:\\\/\\\/www.webdo.tn\\\/fr\\\/wp-content\\\/uploads\\\/2025\\\/06\\\/Webdo-Tunisie_168377.jpg\",\"contentUrl\":\"https:\\\/\\\/www.webdo.tn\\\/fr\\\/wp-content\\\/uploads\\\/2025\\\/06\\\/Webdo-Tunisie_168377.jpg\",\"width\":301,\"height\":301,\"caption\":\"Webdo\"},\"image\":{\"@id\":\"https:\\\/\\\/www.webdo.tn\\\/fr\\\/#\\\/schema\\\/logo\\\/image\\\/\"},\"sameAs\":[\"https:\\\/\\\/www.facebook.com\\\/webdotn\",\"https:\\\/\\\/x.com\\\/webdo_tn\"],\"description\":\"Webdo est un m\u00e9dia num\u00e9rique tunisien fond\u00e9 en 2010, sp\u00e9cialis\u00e9 dans l\u2019actualit\u00e9 nationale et internationale, l\u2019\u00e9conomie, la soci\u00e9t\u00e9 et les analyses politiques. Le site s\u2019adresse \u00e0 un large public francophone et couvre l\u2019information tunisienne en temps r\u00e9el.\",\"email\":\"redac@webdo.tn\",\"legalName\":\"YNJ SARL\",\"foundingDate\":\"2010-09-06\",\"numberOfEmployees\":{\"@type\":\"QuantitativeValue\",\"minValue\":\"11\",\"maxValue\":\"50\"}},{\"@type\":\"Person\",\"@id\":\"https:\\\/\\\/www.webdo.tn\\\/fr\\\/#\\\/schema\\\/person\\\/f35b42a42c5e2511bbd282959d6385cc\",\"name\":\"CL\",\"image\":{\"@type\":\"ImageObject\",\"inLanguage\":\"fr-FR\",\"@id\":\"https:\\\/\\\/secure.gravatar.com\\\/avatar\\\/1447a49909b67aa657c488aec6512e1dd6143a480c1ecfee9b5b5cd74eb3b59e?s=96&d=mm&r=g\",\"url\":\"https:\\\/\\\/secure.gravatar.com\\\/avatar\\\/1447a49909b67aa657c488aec6512e1dd6143a480c1ecfee9b5b5cd74eb3b59e?s=96&d=mm&r=g\",\"contentUrl\":\"https:\\\/\\\/secure.gravatar.com\\\/avatar\\\/1447a49909b67aa657c488aec6512e1dd6143a480c1ecfee9b5b5cd74eb3b59e?s=96&d=mm&r=g\",\"caption\":\"CL\"},\"url\":\"https:\\\/\\\/www.webdo.tn\\\/fr\\\/actualite\\\/author\\\/cl\\\/\"}]}<\/script>\n<!-- \/ Yoast SEO Premium plugin. -->","yoast_head_json":{"title":"Tunisie : Les quantit\u00e9s de pluie enregistr\u00e9es les derni\u00e8res 24 heures","description":"Sejn\u00e8ne 2 - El Alia 2 - Mateur 1 - Bizerte 1 - Ghar El Melh 1","canonical":"https:\/\/www.webdo.tn\/fr\/actualite\/national\/tunisie-les-quantites-de-pluie-enregistrees-les-dernieres-24-heures\/210545\/","og_locale":"fr_FR","og_type":"article","og_title":"Tunisie : Les quantit\u00e9s de pluie enregistr\u00e9es les derni\u00e8res 24 heures","og_description":"Sejn\u00e8ne 2 - El Alia 2 - Mateur 1 - Bizerte 1 - Ghar El Melh 1","og_url":"https:\/\/www.webdo.tn\/fr\/actualite\/national\/tunisie-les-quantites-de-pluie-enregistrees-les-dernieres-24-heures\/210545\/","og_site_name":"webdo","article_publisher":"https:\/\/www.facebook.com\/webdotn","article_published_time":"2023-12-03T15:26:00+00:00","article_modified_time":"2025-05-20T22:52:30+00:00","og_image":[{"width":750,"height":400,"url":"https:\/\/www.webdo.tn\/fr\/wp-content\/uploads\/2023\/12\/e1d4af094a821faa9942712d26835edd.jpg","type":"image\/jpeg"}],"author":"CL","twitter_card":"summary_large_image","twitter_creator":"@webdo_tn","twitter_site":"@webdo_tn","twitter_misc":{"\u00c9crit par":"CL","Dur\u00e9e de lecture estim\u00e9e":"1 minute"},"schema":{"@context":"https:\/\/schema.org","@graph":[{"@type":"NewsArticle","@id":"https:\/\/www.webdo.tn\/fr\/actualite\/national\/tunisie-les-quantites-de-pluie-enregistrees-les-dernieres-24-heures\/210545\/#article","isPartOf":{"@id":"https:\/\/www.webdo.tn\/fr\/actualite\/national\/tunisie-les-quantites-de-pluie-enregistrees-les-dernieres-24-heures\/210545\/"},"author":{"name":"CL","@id":"https:\/\/www.webdo.tn\/fr\/#\/schema\/person\/f35b42a42c5e2511bbd282959d6385cc"},"headline":"Tunisie : Les quantit\u00e9s de pluie enregistr\u00e9es les derni\u00e8res 24 heures","datePublished":"2023-12-03T15:26:00+00:00","dateModified":"2025-05-20T22:52:30+00:00","mainEntityOfPage":{"@id":"https:\/\/www.webdo.tn\/fr\/actualite\/national\/tunisie-les-quantites-de-pluie-enregistrees-les-dernieres-24-heures\/210545\/"},"wordCount":285,"commentCount":0,"publisher":{"@id":"https:\/\/www.webdo.tn\/fr\/#organization"},"image":{"@id":"https:\/\/www.webdo.tn\/fr\/actualite\/national\/tunisie-les-quantites-de-pluie-enregistrees-les-dernieres-24-heures\/210545\/#primaryimage"},"thumbnailUrl":"https:\/\/www.webdo.tn\/fr\/wp-content\/uploads\/2023\/12\/e1d4af094a821faa9942712d26835edd.jpg","keywords":["Pluie","Pluviom\u00e9trie","Tunisie"],"articleSection":["National"],"inLanguage":"fr-FR"},{"@type":"WebPage","@id":"https:\/\/www.webdo.tn\/fr\/actualite\/national\/tunisie-les-quantites-de-pluie-enregistrees-les-dernieres-24-heures\/210545\/","url":"https:\/\/www.webdo.tn\/fr\/actualite\/national\/tunisie-les-quantites-de-pluie-enregistrees-les-dernieres-24-heures\/210545\/","name":"Tunisie : Les quantit\u00e9s de pluie enregistr\u00e9es les derni\u00e8res 24 heures","isPartOf":{"@id":"https:\/\/www.webdo.tn\/fr\/#website"},"primaryImageOfPage":{"@id":"https:\/\/www.webdo.tn\/fr\/actualite\/national\/tunisie-les-quantites-de-pluie-enregistrees-les-dernieres-24-heures\/210545\/#primaryimage"},"image":{"@id":"https:\/\/www.webdo.tn\/fr\/actualite\/national\/tunisie-les-quantites-de-pluie-enregistrees-les-dernieres-24-heures\/210545\/#primaryimage"},"thumbnailUrl":"https:\/\/www.webdo.tn\/fr\/wp-content\/uploads\/2023\/12\/e1d4af094a821faa9942712d26835edd.jpg","datePublished":"2023-12-03T15:26:00+00:00","dateModified":"2025-05-20T22:52:30+00:00","description":"Sejn\u00e8ne 2 - El Alia 2 - Mateur 1 - Bizerte 1 - Ghar El Melh 1","breadcrumb":{"@id":"https:\/\/www.webdo.tn\/fr\/actualite\/national\/tunisie-les-quantites-de-pluie-enregistrees-les-dernieres-24-heures\/210545\/#breadcrumb"},"inLanguage":"fr-FR","potentialAction":[{"@type":"ReadAction","target":["https:\/\/www.webdo.tn\/fr\/actualite\/national\/tunisie-les-quantites-de-pluie-enregistrees-les-dernieres-24-heures\/210545\/"]}]},{"@type":"ImageObject","inLanguage":"fr-FR","@id":"https:\/\/www.webdo.tn\/fr\/actualite\/national\/tunisie-les-quantites-de-pluie-enregistrees-les-dernieres-24-heures\/210545\/#primaryimage","url":"https:\/\/www.webdo.tn\/fr\/wp-content\/uploads\/2023\/12\/e1d4af094a821faa9942712d26835edd.jpg","contentUrl":"https:\/\/www.webdo.tn\/fr\/wp-content\/uploads\/2023\/12\/e1d4af094a821faa9942712d26835edd.jpg","width":750,"height":400,"caption":"Tunisie : Les quantit\u00e9s de pluie enregistr\u00e9es les derni\u00e8res 24 heures"},{"@type":"BreadcrumbList","@id":"https:\/\/www.webdo.tn\/fr\/actualite\/national\/tunisie-les-quantites-de-pluie-enregistrees-les-dernieres-24-heures\/210545\/#breadcrumb","itemListElement":[{"@type":"ListItem","position":1,"name":"Accueil","item":"https:\/\/www.webdo.tn\/fr\/"},{"@type":"ListItem","position":2,"name":"Tunisie : Les quantit\u00e9s de pluie enregistr\u00e9es les derni\u00e8res 24 heures"}]},{"@type":"WebSite","@id":"https:\/\/www.webdo.tn\/fr\/#website","url":"https:\/\/www.webdo.tn\/fr\/","name":"webdo","description":"Tunisie - News en Tunisie et \u00e0 l&#039;international sur Webdo.tn","publisher":{"@id":"https:\/\/www.webdo.tn\/fr\/#organization"},"potentialAction":[{"@type":"SearchAction","target":{"@type":"EntryPoint","urlTemplate":"https:\/\/www.webdo.tn\/fr\/?s={search_term_string}"},"query-input":{"@type":"PropertyValueSpecification","valueRequired":true,"valueName":"search_term_string"}}],"inLanguage":"fr-FR"},{"@type":"Organization","@id":"https:\/\/www.webdo.tn\/fr\/#organization","name":"Webdo","alternateName":"Webdo.tn","url":"https:\/\/www.webdo.tn\/fr\/","logo":{"@type":"ImageObject","inLanguage":"fr-FR","@id":"https:\/\/www.webdo.tn\/fr\/#\/schema\/logo\/image\/","url":"https:\/\/www.webdo.tn\/fr\/wp-content\/uploads\/2025\/06\/Webdo-Tunisie_168377.jpg","contentUrl":"https:\/\/www.webdo.tn\/fr\/wp-content\/uploads\/2025\/06\/Webdo-Tunisie_168377.jpg","width":301,"height":301,"caption":"Webdo"},"image":{"@id":"https:\/\/www.webdo.tn\/fr\/#\/schema\/logo\/image\/"},"sameAs":["https:\/\/www.facebook.com\/webdotn","https:\/\/x.com\/webdo_tn"],"description":"Webdo est un m\u00e9dia num\u00e9rique tunisien fond\u00e9 en 2010, sp\u00e9cialis\u00e9 dans l\u2019actualit\u00e9 nationale et internationale, l\u2019\u00e9conomie, la soci\u00e9t\u00e9 et les analyses politiques. Le site s\u2019adresse \u00e0 un large public francophone et couvre l\u2019information tunisienne en temps r\u00e9el.","email":"redac@webdo.tn","legalName":"YNJ SARL","foundingDate":"2010-09-06","numberOfEmployees":{"@type":"QuantitativeValue","minValue":"11","maxValue":"50"}},{"@type":"Person","@id":"https:\/\/www.webdo.tn\/fr\/#\/schema\/person\/f35b42a42c5e2511bbd282959d6385cc","name":"CL","image":{"@type":"ImageObject","inLanguage":"fr-FR","@id":"https:\/\/secure.gravatar.com\/avatar\/1447a49909b67aa657c488aec6512e1dd6143a480c1ecfee9b5b5cd74eb3b59e?s=96&d=mm&r=g","url":"https:\/\/secure.gravatar.com\/avatar\/1447a49909b67aa657c488aec6512e1dd6143a480c1ecfee9b5b5cd74eb3b59e?s=96&d=mm&r=g","contentUrl":"https:\/\/secure.gravatar.com\/avatar\/1447a49909b67aa657c488aec6512e1dd6143a480c1ecfee9b5b5cd74eb3b59e?s=96&d=mm&r=g","caption":"CL"},"url":"https:\/\/www.webdo.tn\/fr\/actualite\/author\/cl\/"}]}},"_links":{"self":[{"href":"https:\/\/www.webdo.tn\/fr\/wp-json\/wp\/v2\/posts\/210545","targetHints":{"allow":["GET"]}}],"collection":[{"href":"https:\/\/www.webdo.tn\/fr\/wp-json\/wp\/v2\/posts"}],"about":[{"href":"https:\/\/www.webdo.tn\/fr\/wp-json\/wp\/v2\/types\/post"}],"author":[{"embeddable":true,"href":"https:\/\/www.webdo.tn\/fr\/wp-json\/wp\/v2\/users\/3175"}],"replies":[{"embeddable":true,"href":"https:\/\/www.webdo.tn\/fr\/wp-json\/wp\/v2\/comments?post=210545"}],"version-history":[{"count":0,"href":"https:\/\/www.webdo.tn\/fr\/wp-json\/wp\/v2\/posts\/210545\/revisions"}],"wp:featuredmedia":[{"embeddable":true,"href":"https:\/\/www.webdo.tn\/fr\/wp-json\/wp\/v2\/media\/289939"}],"wp:attachment":[{"href":"https:\/\/www.webdo.tn\/fr\/wp-json\/wp\/v2\/media?parent=210545"}],"wp:term":[{"taxonomy":"category","embeddable":true,"href":"https:\/\/www.webdo.tn\/fr\/wp-json\/wp\/v2\/categories?post=210545"},{"taxonomy":"post_tag","embeddable":true,"href":"https:\/\/www.webdo.tn\/fr\/wp-json\/wp\/v2\/tags?post=210545"}],"curies":[{"name":"wp","href":"https:\/\/api.w.org\/{rel}","templated":true}]}}