{"id":210541,"date":"2023-12-03T10:27:00","date_gmt":"2023-12-03T10:27:00","guid":{"rendered":"https:\/\/www.webdo.tn\/fr\/blog\/macron-la-securite-d-israel-n-es-pas-garantie-si-elle-se-fait-au-prix-des-vies-palestiniennes\/210541\/"},"modified":"2025-05-20T22:52:29","modified_gmt":"2025-05-20T22:52:29","slug":"macron-la-securite-d-israel-n-es-pas-garantie-si-elle-se-fait-au-prix-des-vies-palestiniennes","status":"publish","type":"post","link":"https:\/\/www.webdo.tn\/fr\/actualite\/international\/macron-la-securite-d-israel-n-es-pas-garantie-si-elle-se-fait-au-prix-des-vies-palestiniennes\/210541\/","title":{"rendered":"Macron : \u00ab La s\u00e9curit\u00e9 d&rsquo;Isra\u00ebl n\u2019est pas garantie si elle se fait au prix des vies palestiniennes \u00bb"},"content":{"rendered":"<p>Le pr\u00e9sident fran\u00e7ais Emmanuel Macron a hauss\u00e9 le ton avec une vigueur in\u00e9dite hier samedi 2 d\u00e9cembre \u00e0 l\u2019\u00e9gard de la strat\u00e9gie isra\u00e9lienne \u00e0 Gaza interrogeant \u00ab l\u2019objectif \u00bb de \u00ab destruction totale du Hamas \u00bb et appelant \u00e0 \u00ab redoubler d\u2019efforts pour parvenir \u00e0 un cessez-le-feu durable \u00bb.<\/p>\n<p>Le pr\u00e9sident a d\u00een\u00e9 samedi soir au Qatar avec cheikh Tamim ben Hamad Al-Thani, l\u2019\u00e9mir de ce pays au c\u0153ur des n\u00e9gociations pour la tr\u00eave a remis en question les objectifs militaires de Tsahal \u00e0 Gaza.\u00a0<\/p>\n<p>Pas que, Emmanuel Macron a affirm\u00e9 qu&rsquo;il en allait de la \u00abs\u00e9curit\u00e9 durable\u00bb d&rsquo;Isra\u00ebl, qui ne pourrait pas \u00eatre garantie si elle \u00abse fait au prix des vies palestiniennes, et donc du ressentiment de toutes les opinions publiques dans la r\u00e9gion\u00bb.<\/p>\n<p>Il a appel\u00e9 \u00e9galement \u00e0 \u00abredoubler d&rsquo;efforts pour parvenir \u00e0 un cessez-le-feu durable, pour obtenir la lib\u00e9ration de tous les otages encore d\u00e9tenus par le Hamas et apporter \u00e0 la population de Gaza l&rsquo;aide dont elle a urgemment besoin\u00bb.<\/p>\n","protected":false},"excerpt":{"rendered":"<p>Le pr\u00e9sident a d\u00een\u00e9 samedi soir au Qatar avec cheikh Tamim ben Hamad Al-Thani, l\u2019\u00e9mir de ce pays au c\u0153ur des n\u00e9gociations pour la tr\u00eave a remis en question les&#8230;<\/p>\n","protected":false},"author":3175,"featured_media":289932,"comment_status":"open","ping_status":"closed","sticky":false,"template":"","format":"standard","meta":{"footnotes":""},"categories":[2598],"tags":[2998,2689,2636,3535],"class_list":["post-210541","post","type-post","status-publish","format-standard","has-post-thumbnail","hentry","category-international","tag-france","tag-gaza","tag-israel","tag-macron"],"yoast_head":"<!-- This site is optimized with the Yoast SEO Premium plugin v27.4 (Yoast SEO v27.5) - https:\/\/yoast.com\/product\/yoast-seo-premium-wordpress\/ -->\n<title>Macron : \u00ab La s\u00e9curit\u00e9 d&#039;Isra\u00ebl n\u2019est pas garantie si elle se fait au prix des vies palestiniennes \u00bb<\/title>\n<meta name=\"description\" content=\"Le pr\u00e9sident a d\u00een\u00e9 samedi soir au Qatar avec cheikh Tamim ben Hamad Al-Thani, l\u2019\u00e9mir de ce pays au c\u0153ur des n\u00e9gociations pour la tr\u00eave a remis en question les...\" \/>\n<link rel=\"canonical\" href=\"https:\/\/www.webdo.tn\/fr\/actualite\/international\/macron-la-securite-d-israel-n-es-pas-garantie-si-elle-se-fait-au-prix-des-vies-palestiniennes\/210541\/\" \/>\n<meta property=\"og:locale\" content=\"fr_FR\" \/>\n<meta property=\"og:type\" content=\"article\" \/>\n<meta property=\"og:title\" content=\"Macron : \u00ab La s\u00e9curit\u00e9 d&#039;Isra\u00ebl n\u2019est pas garantie si elle se fait au prix des vies palestiniennes \u00bb\" \/>\n<meta property=\"og:description\" content=\"Le pr\u00e9sident a d\u00een\u00e9 samedi soir au Qatar avec cheikh Tamim ben Hamad Al-Thani, l\u2019\u00e9mir de ce pays au c\u0153ur des n\u00e9gociations pour la tr\u00eave a remis en question les...\" \/>\n<meta property=\"og:url\" content=\"https:\/\/www.webdo.tn\/fr\/actualite\/international\/macron-la-securite-d-israel-n-es-pas-garantie-si-elle-se-fait-au-prix-des-vies-palestiniennes\/210541\/\" \/>\n<meta property=\"og:site_name\" content=\"webdo\" \/>\n<meta property=\"article:publisher\" content=\"https:\/\/www.facebook.com\/webdotn\" \/>\n<meta property=\"article:published_time\" content=\"2023-12-03T10:27:00+00:00\" \/>\n<meta property=\"article:modified_time\" content=\"2025-05-20T22:52:29+00:00\" \/>\n<meta property=\"og:image\" content=\"https:\/\/www.webdo.tn\/fr\/wp-content\/uploads\/2023\/12\/19b9addcd690fddeb9e17f4c1130925c.png\" \/>\n\t<meta property=\"og:image:width\" content=\"750\" \/>\n\t<meta property=\"og:image:height\" content=\"400\" \/>\n\t<meta property=\"og:image:type\" content=\"image\/png\" \/>\n<meta name=\"author\" content=\"CL\" \/>\n<meta name=\"twitter:card\" content=\"summary_large_image\" \/>\n<meta name=\"twitter:creator\" content=\"@webdo_tn\" \/>\n<meta name=\"twitter:site\" content=\"@webdo_tn\" \/>\n<meta name=\"twitter:label1\" content=\"\u00c9crit par\" \/>\n\t<meta name=\"twitter:data1\" content=\"CL\" \/>\n\t<meta name=\"twitter:label2\" content=\"Dur\u00e9e de lecture estim\u00e9e\" \/>\n\t<meta name=\"twitter:data2\" content=\"1 minute\" \/>\n<script type=\"application\/ld+json\" class=\"yoast-schema-graph\">{\"@context\":\"https:\\\/\\\/schema.org\",\"@graph\":[{\"@type\":\"NewsArticle\",\"@id\":\"https:\\\/\\\/www.webdo.tn\\\/fr\\\/actualite\\\/international\\\/macron-la-securite-d-israel-n-es-pas-garantie-si-elle-se-fait-au-prix-des-vies-palestiniennes\\\/210541\\\/#article\",\"isPartOf\":{\"@id\":\"https:\\\/\\\/www.webdo.tn\\\/fr\\\/actualite\\\/international\\\/macron-la-securite-d-israel-n-es-pas-garantie-si-elle-se-fait-au-prix-des-vies-palestiniennes\\\/210541\\\/\"},\"author\":{\"name\":\"CL\",\"@id\":\"https:\\\/\\\/www.webdo.tn\\\/fr\\\/#\\\/schema\\\/person\\\/f35b42a42c5e2511bbd282959d6385cc\"},\"headline\":\"Macron : \u00ab La s\u00e9curit\u00e9 d&rsquo;Isra\u00ebl n\u2019est pas garantie si elle se fait au prix des vies palestiniennes \u00bb\",\"datePublished\":\"2023-12-03T10:27:00+00:00\",\"dateModified\":\"2025-05-20T22:52:29+00:00\",\"mainEntityOfPage\":{\"@id\":\"https:\\\/\\\/www.webdo.tn\\\/fr\\\/actualite\\\/international\\\/macron-la-securite-d-israel-n-es-pas-garantie-si-elle-se-fait-au-prix-des-vies-palestiniennes\\\/210541\\\/\"},\"wordCount\":194,\"commentCount\":0,\"publisher\":{\"@id\":\"https:\\\/\\\/www.webdo.tn\\\/fr\\\/#organization\"},\"image\":{\"@id\":\"https:\\\/\\\/www.webdo.tn\\\/fr\\\/actualite\\\/international\\\/macron-la-securite-d-israel-n-es-pas-garantie-si-elle-se-fait-au-prix-des-vies-palestiniennes\\\/210541\\\/#primaryimage\"},\"thumbnailUrl\":\"https:\\\/\\\/www.webdo.tn\\\/fr\\\/wp-content\\\/uploads\\\/2023\\\/12\\\/19b9addcd690fddeb9e17f4c1130925c.png\",\"keywords\":[\"france\",\"Gaza\",\"isra\u00ebl\",\"macron\"],\"articleSection\":[\"International\"],\"inLanguage\":\"fr-FR\"},{\"@type\":\"WebPage\",\"@id\":\"https:\\\/\\\/www.webdo.tn\\\/fr\\\/actualite\\\/international\\\/macron-la-securite-d-israel-n-es-pas-garantie-si-elle-se-fait-au-prix-des-vies-palestiniennes\\\/210541\\\/\",\"url\":\"https:\\\/\\\/www.webdo.tn\\\/fr\\\/actualite\\\/international\\\/macron-la-securite-d-israel-n-es-pas-garantie-si-elle-se-fait-au-prix-des-vies-palestiniennes\\\/210541\\\/\",\"name\":\"Macron : \u00ab La s\u00e9curit\u00e9 d'Isra\u00ebl n\u2019est pas garantie si elle se fait au prix des vies palestiniennes \u00bb\",\"isPartOf\":{\"@id\":\"https:\\\/\\\/www.webdo.tn\\\/fr\\\/#website\"},\"primaryImageOfPage\":{\"@id\":\"https:\\\/\\\/www.webdo.tn\\\/fr\\\/actualite\\\/international\\\/macron-la-securite-d-israel-n-es-pas-garantie-si-elle-se-fait-au-prix-des-vies-palestiniennes\\\/210541\\\/#primaryimage\"},\"image\":{\"@id\":\"https:\\\/\\\/www.webdo.tn\\\/fr\\\/actualite\\\/international\\\/macron-la-securite-d-israel-n-es-pas-garantie-si-elle-se-fait-au-prix-des-vies-palestiniennes\\\/210541\\\/#primaryimage\"},\"thumbnailUrl\":\"https:\\\/\\\/www.webdo.tn\\\/fr\\\/wp-content\\\/uploads\\\/2023\\\/12\\\/19b9addcd690fddeb9e17f4c1130925c.png\",\"datePublished\":\"2023-12-03T10:27:00+00:00\",\"dateModified\":\"2025-05-20T22:52:29+00:00\",\"description\":\"Le pr\u00e9sident a d\u00een\u00e9 samedi soir au Qatar avec cheikh Tamim ben Hamad Al-Thani, l\u2019\u00e9mir de ce pays au c\u0153ur des n\u00e9gociations pour la tr\u00eave a remis en question les...\",\"breadcrumb\":{\"@id\":\"https:\\\/\\\/www.webdo.tn\\\/fr\\\/actualite\\\/international\\\/macron-la-securite-d-israel-n-es-pas-garantie-si-elle-se-fait-au-prix-des-vies-palestiniennes\\\/210541\\\/#breadcrumb\"},\"inLanguage\":\"fr-FR\",\"potentialAction\":[{\"@type\":\"ReadAction\",\"target\":[\"https:\\\/\\\/www.webdo.tn\\\/fr\\\/actualite\\\/international\\\/macron-la-securite-d-israel-n-es-pas-garantie-si-elle-se-fait-au-prix-des-vies-palestiniennes\\\/210541\\\/\"]}]},{\"@type\":\"ImageObject\",\"inLanguage\":\"fr-FR\",\"@id\":\"https:\\\/\\\/www.webdo.tn\\\/fr\\\/actualite\\\/international\\\/macron-la-securite-d-israel-n-es-pas-garantie-si-elle-se-fait-au-prix-des-vies-palestiniennes\\\/210541\\\/#primaryimage\",\"url\":\"https:\\\/\\\/www.webdo.tn\\\/fr\\\/wp-content\\\/uploads\\\/2023\\\/12\\\/19b9addcd690fddeb9e17f4c1130925c.png\",\"contentUrl\":\"https:\\\/\\\/www.webdo.tn\\\/fr\\\/wp-content\\\/uploads\\\/2023\\\/12\\\/19b9addcd690fddeb9e17f4c1130925c.png\",\"width\":750,\"height\":400,\"caption\":\"Macron : \u00ab La s\u00e9curit\u00e9 d'Isra\u00ebl n\u2019est pas garantie si elle se fait au prix des vies palestiniennes \u00bb\"},{\"@type\":\"BreadcrumbList\",\"@id\":\"https:\\\/\\\/www.webdo.tn\\\/fr\\\/actualite\\\/international\\\/macron-la-securite-d-israel-n-es-pas-garantie-si-elle-se-fait-au-prix-des-vies-palestiniennes\\\/210541\\\/#breadcrumb\",\"itemListElement\":[{\"@type\":\"ListItem\",\"position\":1,\"name\":\"Accueil\",\"item\":\"https:\\\/\\\/www.webdo.tn\\\/fr\\\/\"},{\"@type\":\"ListItem\",\"position\":2,\"name\":\"Macron : \u00ab La s\u00e9curit\u00e9 d&rsquo;Isra\u00ebl n\u2019est pas garantie si elle se fait au prix des vies palestiniennes \u00bb\"}]},{\"@type\":\"WebSite\",\"@id\":\"https:\\\/\\\/www.webdo.tn\\\/fr\\\/#website\",\"url\":\"https:\\\/\\\/www.webdo.tn\\\/fr\\\/\",\"name\":\"webdo\",\"description\":\"Tunisie - News en Tunisie et \u00e0 l&#039;international sur Webdo.tn\",\"publisher\":{\"@id\":\"https:\\\/\\\/www.webdo.tn\\\/fr\\\/#organization\"},\"potentialAction\":[{\"@type\":\"SearchAction\",\"target\":{\"@type\":\"EntryPoint\",\"urlTemplate\":\"https:\\\/\\\/www.webdo.tn\\\/fr\\\/?s={search_term_string}\"},\"query-input\":{\"@type\":\"PropertyValueSpecification\",\"valueRequired\":true,\"valueName\":\"search_term_string\"}}],\"inLanguage\":\"fr-FR\"},{\"@type\":\"Organization\",\"@id\":\"https:\\\/\\\/www.webdo.tn\\\/fr\\\/#organization\",\"name\":\"Webdo\",\"alternateName\":\"Webdo.tn\",\"url\":\"https:\\\/\\\/www.webdo.tn\\\/fr\\\/\",\"logo\":{\"@type\":\"ImageObject\",\"inLanguage\":\"fr-FR\",\"@id\":\"https:\\\/\\\/www.webdo.tn\\\/fr\\\/#\\\/schema\\\/logo\\\/image\\\/\",\"url\":\"https:\\\/\\\/www.webdo.tn\\\/fr\\\/wp-content\\\/uploads\\\/2025\\\/06\\\/Webdo-Tunisie_168377.jpg\",\"contentUrl\":\"https:\\\/\\\/www.webdo.tn\\\/fr\\\/wp-content\\\/uploads\\\/2025\\\/06\\\/Webdo-Tunisie_168377.jpg\",\"width\":301,\"height\":301,\"caption\":\"Webdo\"},\"image\":{\"@id\":\"https:\\\/\\\/www.webdo.tn\\\/fr\\\/#\\\/schema\\\/logo\\\/image\\\/\"},\"sameAs\":[\"https:\\\/\\\/www.facebook.com\\\/webdotn\",\"https:\\\/\\\/x.com\\\/webdo_tn\"],\"description\":\"Webdo est un m\u00e9dia num\u00e9rique tunisien fond\u00e9 en 2010, sp\u00e9cialis\u00e9 dans l\u2019actualit\u00e9 nationale et internationale, l\u2019\u00e9conomie, la soci\u00e9t\u00e9 et les analyses politiques. Le site s\u2019adresse \u00e0 un large public francophone et couvre l\u2019information tunisienne en temps r\u00e9el.\",\"email\":\"redac@webdo.tn\",\"legalName\":\"YNJ SARL\",\"foundingDate\":\"2010-09-06\",\"numberOfEmployees\":{\"@type\":\"QuantitativeValue\",\"minValue\":\"11\",\"maxValue\":\"50\"}},{\"@type\":\"Person\",\"@id\":\"https:\\\/\\\/www.webdo.tn\\\/fr\\\/#\\\/schema\\\/person\\\/f35b42a42c5e2511bbd282959d6385cc\",\"name\":\"CL\",\"image\":{\"@type\":\"ImageObject\",\"inLanguage\":\"fr-FR\",\"@id\":\"https:\\\/\\\/secure.gravatar.com\\\/avatar\\\/1447a49909b67aa657c488aec6512e1dd6143a480c1ecfee9b5b5cd74eb3b59e?s=96&d=mm&r=g\",\"url\":\"https:\\\/\\\/secure.gravatar.com\\\/avatar\\\/1447a49909b67aa657c488aec6512e1dd6143a480c1ecfee9b5b5cd74eb3b59e?s=96&d=mm&r=g\",\"contentUrl\":\"https:\\\/\\\/secure.gravatar.com\\\/avatar\\\/1447a49909b67aa657c488aec6512e1dd6143a480c1ecfee9b5b5cd74eb3b59e?s=96&d=mm&r=g\",\"caption\":\"CL\"},\"url\":\"https:\\\/\\\/www.webdo.tn\\\/fr\\\/actualite\\\/author\\\/cl\\\/\"}]}<\/script>\n<!-- \/ Yoast SEO Premium plugin. -->","yoast_head_json":{"title":"Macron : \u00ab La s\u00e9curit\u00e9 d'Isra\u00ebl n\u2019est pas garantie si elle se fait au prix des vies palestiniennes \u00bb","description":"Le pr\u00e9sident a d\u00een\u00e9 samedi soir au Qatar avec cheikh Tamim ben Hamad Al-Thani, l\u2019\u00e9mir de ce pays au c\u0153ur des n\u00e9gociations pour la tr\u00eave a remis en question les...","canonical":"https:\/\/www.webdo.tn\/fr\/actualite\/international\/macron-la-securite-d-israel-n-es-pas-garantie-si-elle-se-fait-au-prix-des-vies-palestiniennes\/210541\/","og_locale":"fr_FR","og_type":"article","og_title":"Macron : \u00ab La s\u00e9curit\u00e9 d'Isra\u00ebl n\u2019est pas garantie si elle se fait au prix des vies palestiniennes \u00bb","og_description":"Le pr\u00e9sident a d\u00een\u00e9 samedi soir au Qatar avec cheikh Tamim ben Hamad Al-Thani, l\u2019\u00e9mir de ce pays au c\u0153ur des n\u00e9gociations pour la tr\u00eave a remis en question les...","og_url":"https:\/\/www.webdo.tn\/fr\/actualite\/international\/macron-la-securite-d-israel-n-es-pas-garantie-si-elle-se-fait-au-prix-des-vies-palestiniennes\/210541\/","og_site_name":"webdo","article_publisher":"https:\/\/www.facebook.com\/webdotn","article_published_time":"2023-12-03T10:27:00+00:00","article_modified_time":"2025-05-20T22:52:29+00:00","og_image":[{"width":750,"height":400,"url":"https:\/\/www.webdo.tn\/fr\/wp-content\/uploads\/2023\/12\/19b9addcd690fddeb9e17f4c1130925c.png","type":"image\/png"}],"author":"CL","twitter_card":"summary_large_image","twitter_creator":"@webdo_tn","twitter_site":"@webdo_tn","twitter_misc":{"\u00c9crit par":"CL","Dur\u00e9e de lecture estim\u00e9e":"1 minute"},"schema":{"@context":"https:\/\/schema.org","@graph":[{"@type":"NewsArticle","@id":"https:\/\/www.webdo.tn\/fr\/actualite\/international\/macron-la-securite-d-israel-n-es-pas-garantie-si-elle-se-fait-au-prix-des-vies-palestiniennes\/210541\/#article","isPartOf":{"@id":"https:\/\/www.webdo.tn\/fr\/actualite\/international\/macron-la-securite-d-israel-n-es-pas-garantie-si-elle-se-fait-au-prix-des-vies-palestiniennes\/210541\/"},"author":{"name":"CL","@id":"https:\/\/www.webdo.tn\/fr\/#\/schema\/person\/f35b42a42c5e2511bbd282959d6385cc"},"headline":"Macron : \u00ab La s\u00e9curit\u00e9 d&rsquo;Isra\u00ebl n\u2019est pas garantie si elle se fait au prix des vies palestiniennes \u00bb","datePublished":"2023-12-03T10:27:00+00:00","dateModified":"2025-05-20T22:52:29+00:00","mainEntityOfPage":{"@id":"https:\/\/www.webdo.tn\/fr\/actualite\/international\/macron-la-securite-d-israel-n-es-pas-garantie-si-elle-se-fait-au-prix-des-vies-palestiniennes\/210541\/"},"wordCount":194,"commentCount":0,"publisher":{"@id":"https:\/\/www.webdo.tn\/fr\/#organization"},"image":{"@id":"https:\/\/www.webdo.tn\/fr\/actualite\/international\/macron-la-securite-d-israel-n-es-pas-garantie-si-elle-se-fait-au-prix-des-vies-palestiniennes\/210541\/#primaryimage"},"thumbnailUrl":"https:\/\/www.webdo.tn\/fr\/wp-content\/uploads\/2023\/12\/19b9addcd690fddeb9e17f4c1130925c.png","keywords":["france","Gaza","isra\u00ebl","macron"],"articleSection":["International"],"inLanguage":"fr-FR"},{"@type":"WebPage","@id":"https:\/\/www.webdo.tn\/fr\/actualite\/international\/macron-la-securite-d-israel-n-es-pas-garantie-si-elle-se-fait-au-prix-des-vies-palestiniennes\/210541\/","url":"https:\/\/www.webdo.tn\/fr\/actualite\/international\/macron-la-securite-d-israel-n-es-pas-garantie-si-elle-se-fait-au-prix-des-vies-palestiniennes\/210541\/","name":"Macron : \u00ab La s\u00e9curit\u00e9 d'Isra\u00ebl n\u2019est pas garantie si elle se fait au prix des vies palestiniennes \u00bb","isPartOf":{"@id":"https:\/\/www.webdo.tn\/fr\/#website"},"primaryImageOfPage":{"@id":"https:\/\/www.webdo.tn\/fr\/actualite\/international\/macron-la-securite-d-israel-n-es-pas-garantie-si-elle-se-fait-au-prix-des-vies-palestiniennes\/210541\/#primaryimage"},"image":{"@id":"https:\/\/www.webdo.tn\/fr\/actualite\/international\/macron-la-securite-d-israel-n-es-pas-garantie-si-elle-se-fait-au-prix-des-vies-palestiniennes\/210541\/#primaryimage"},"thumbnailUrl":"https:\/\/www.webdo.tn\/fr\/wp-content\/uploads\/2023\/12\/19b9addcd690fddeb9e17f4c1130925c.png","datePublished":"2023-12-03T10:27:00+00:00","dateModified":"2025-05-20T22:52:29+00:00","description":"Le pr\u00e9sident a d\u00een\u00e9 samedi soir au Qatar avec cheikh Tamim ben Hamad Al-Thani, l\u2019\u00e9mir de ce pays au c\u0153ur des n\u00e9gociations pour la tr\u00eave a remis en question les...","breadcrumb":{"@id":"https:\/\/www.webdo.tn\/fr\/actualite\/international\/macron-la-securite-d-israel-n-es-pas-garantie-si-elle-se-fait-au-prix-des-vies-palestiniennes\/210541\/#breadcrumb"},"inLanguage":"fr-FR","potentialAction":[{"@type":"ReadAction","target":["https:\/\/www.webdo.tn\/fr\/actualite\/international\/macron-la-securite-d-israel-n-es-pas-garantie-si-elle-se-fait-au-prix-des-vies-palestiniennes\/210541\/"]}]},{"@type":"ImageObject","inLanguage":"fr-FR","@id":"https:\/\/www.webdo.tn\/fr\/actualite\/international\/macron-la-securite-d-israel-n-es-pas-garantie-si-elle-se-fait-au-prix-des-vies-palestiniennes\/210541\/#primaryimage","url":"https:\/\/www.webdo.tn\/fr\/wp-content\/uploads\/2023\/12\/19b9addcd690fddeb9e17f4c1130925c.png","contentUrl":"https:\/\/www.webdo.tn\/fr\/wp-content\/uploads\/2023\/12\/19b9addcd690fddeb9e17f4c1130925c.png","width":750,"height":400,"caption":"Macron : \u00ab La s\u00e9curit\u00e9 d'Isra\u00ebl n\u2019est pas garantie si elle se fait au prix des vies palestiniennes \u00bb"},{"@type":"BreadcrumbList","@id":"https:\/\/www.webdo.tn\/fr\/actualite\/international\/macron-la-securite-d-israel-n-es-pas-garantie-si-elle-se-fait-au-prix-des-vies-palestiniennes\/210541\/#breadcrumb","itemListElement":[{"@type":"ListItem","position":1,"name":"Accueil","item":"https:\/\/www.webdo.tn\/fr\/"},{"@type":"ListItem","position":2,"name":"Macron : \u00ab La s\u00e9curit\u00e9 d&rsquo;Isra\u00ebl n\u2019est pas garantie si elle se fait au prix des vies palestiniennes \u00bb"}]},{"@type":"WebSite","@id":"https:\/\/www.webdo.tn\/fr\/#website","url":"https:\/\/www.webdo.tn\/fr\/","name":"webdo","description":"Tunisie - News en Tunisie et \u00e0 l&#039;international sur Webdo.tn","publisher":{"@id":"https:\/\/www.webdo.tn\/fr\/#organization"},"potentialAction":[{"@type":"SearchAction","target":{"@type":"EntryPoint","urlTemplate":"https:\/\/www.webdo.tn\/fr\/?s={search_term_string}"},"query-input":{"@type":"PropertyValueSpecification","valueRequired":true,"valueName":"search_term_string"}}],"inLanguage":"fr-FR"},{"@type":"Organization","@id":"https:\/\/www.webdo.tn\/fr\/#organization","name":"Webdo","alternateName":"Webdo.tn","url":"https:\/\/www.webdo.tn\/fr\/","logo":{"@type":"ImageObject","inLanguage":"fr-FR","@id":"https:\/\/www.webdo.tn\/fr\/#\/schema\/logo\/image\/","url":"https:\/\/www.webdo.tn\/fr\/wp-content\/uploads\/2025\/06\/Webdo-Tunisie_168377.jpg","contentUrl":"https:\/\/www.webdo.tn\/fr\/wp-content\/uploads\/2025\/06\/Webdo-Tunisie_168377.jpg","width":301,"height":301,"caption":"Webdo"},"image":{"@id":"https:\/\/www.webdo.tn\/fr\/#\/schema\/logo\/image\/"},"sameAs":["https:\/\/www.facebook.com\/webdotn","https:\/\/x.com\/webdo_tn"],"description":"Webdo est un m\u00e9dia num\u00e9rique tunisien fond\u00e9 en 2010, sp\u00e9cialis\u00e9 dans l\u2019actualit\u00e9 nationale et internationale, l\u2019\u00e9conomie, la soci\u00e9t\u00e9 et les analyses politiques. Le site s\u2019adresse \u00e0 un large public francophone et couvre l\u2019information tunisienne en temps r\u00e9el.","email":"redac@webdo.tn","legalName":"YNJ SARL","foundingDate":"2010-09-06","numberOfEmployees":{"@type":"QuantitativeValue","minValue":"11","maxValue":"50"}},{"@type":"Person","@id":"https:\/\/www.webdo.tn\/fr\/#\/schema\/person\/f35b42a42c5e2511bbd282959d6385cc","name":"CL","image":{"@type":"ImageObject","inLanguage":"fr-FR","@id":"https:\/\/secure.gravatar.com\/avatar\/1447a49909b67aa657c488aec6512e1dd6143a480c1ecfee9b5b5cd74eb3b59e?s=96&d=mm&r=g","url":"https:\/\/secure.gravatar.com\/avatar\/1447a49909b67aa657c488aec6512e1dd6143a480c1ecfee9b5b5cd74eb3b59e?s=96&d=mm&r=g","contentUrl":"https:\/\/secure.gravatar.com\/avatar\/1447a49909b67aa657c488aec6512e1dd6143a480c1ecfee9b5b5cd74eb3b59e?s=96&d=mm&r=g","caption":"CL"},"url":"https:\/\/www.webdo.tn\/fr\/actualite\/author\/cl\/"}]}},"_links":{"self":[{"href":"https:\/\/www.webdo.tn\/fr\/wp-json\/wp\/v2\/posts\/210541","targetHints":{"allow":["GET"]}}],"collection":[{"href":"https:\/\/www.webdo.tn\/fr\/wp-json\/wp\/v2\/posts"}],"about":[{"href":"https:\/\/www.webdo.tn\/fr\/wp-json\/wp\/v2\/types\/post"}],"author":[{"embeddable":true,"href":"https:\/\/www.webdo.tn\/fr\/wp-json\/wp\/v2\/users\/3175"}],"replies":[{"embeddable":true,"href":"https:\/\/www.webdo.tn\/fr\/wp-json\/wp\/v2\/comments?post=210541"}],"version-history":[{"count":0,"href":"https:\/\/www.webdo.tn\/fr\/wp-json\/wp\/v2\/posts\/210541\/revisions"}],"wp:featuredmedia":[{"embeddable":true,"href":"https:\/\/www.webdo.tn\/fr\/wp-json\/wp\/v2\/media\/289932"}],"wp:attachment":[{"href":"https:\/\/www.webdo.tn\/fr\/wp-json\/wp\/v2\/media?parent=210541"}],"wp:term":[{"taxonomy":"category","embeddable":true,"href":"https:\/\/www.webdo.tn\/fr\/wp-json\/wp\/v2\/categories?post=210541"},{"taxonomy":"post_tag","embeddable":true,"href":"https:\/\/www.webdo.tn\/fr\/wp-json\/wp\/v2\/tags?post=210541"}],"curies":[{"name":"wp","href":"https:\/\/api.w.org\/{rel}","templated":true}]}}