{"id":210540,"date":"2023-12-03T10:02:00","date_gmt":"2023-12-03T10:02:00","guid":{"rendered":"https:\/\/www.webdo.tn\/fr\/blog\/les-enseignants-suppleants-toucheront-1500-dinars-par-mois-a-partir-de-septembre\/210540\/"},"modified":"2025-05-20T22:39:20","modified_gmt":"2025-05-20T22:39:20","slug":"les-enseignants-suppleants-toucheront-1500-dinars-par-mois-a-partir-de-septembre","status":"publish","type":"post","link":"https:\/\/www.webdo.tn\/fr\/actualite\/national\/les-enseignants-suppleants-toucheront-1500-dinars-par-mois-a-partir-de-septembre\/210540\/","title":{"rendered":"Les enseignants suppl\u00e9ants toucheront 1500 dinars par mois \u00e0 partir de septembre"},"content":{"rendered":"<p>R\u00e9pondant aux questions des d\u00e9put\u00e9s lors de la pl\u00e9ni\u00e8re de l\u2019Assembl\u00e9e des repr\u00e9sentants du peuple (ARP) consacr\u00e9e \u00e0 l\u2019examen du budget du minist\u00e8re de l\u2019Education pour l\u2019ann\u00e9e 2024, le ministre Mohamed Ali Boughdiri s\u2019est prononc\u00e9 sur la situation des enseignants suppl\u00e9ants.\u00a0<\/p>\n<p>Le ministre a reconnu que leurs salaires sont faibles et a annonc\u00e9 qu\u2019ils seront augment\u00e9s pour atteindre 1500 dinars\/mois \u00e0 partir de septembre 2024.\u00a0<\/p>\n<p>Les d\u00e9put\u00e9s ont appel\u00e9 samedi \u00e0 la n\u00e9cessit\u00e9 de r\u00e9gulariser la situation des enseignants suppl\u00e9ants et de mettre fin \u00e0 \u00ab\u00a0l&#8217;emploi pr\u00e9caire\u00a0\u00bb dans ce secteur, lors de la pl\u00e9ni\u00e8re tenue samedi consacr\u00e9e \u00e0 l&rsquo;examen du budget du minist\u00e8re de l&rsquo;Education au titre de l&rsquo;exercice 2024.<\/p>\n<p>Les d\u00e9put\u00e9s ont confirm\u00e9 que \u00a0\u00bb certains enseignants suppl\u00e9ants travaillent depuis plus de 10 ans avec des contrats pr\u00e9caires sans couverture sociale et dans des conditions \u00e9conomiques difficiles \u00ab\u00a0.<\/p>\n<p>Certains d\u00e9put\u00e9s ont soulign\u00e9 la qualit\u00e9 m\u00e9diocre de l&rsquo;apprentissage et des acquis des \u00e9l\u00e8ves dans le syst\u00e8me \u00e9ducatif, estimant que la question de la r\u00e9forme du syst\u00e8me \u00e9ducatif constitue un projet de souverainet\u00e9 nationale et se situe au premier plan et \u00e0 la t\u00eate des priorit\u00e9s nationales, appelant au d\u00e9veloppement du syst\u00e8me \u00e9ducatif en am\u00e9liorant les acquis scientifiques et culturels des \u00e9l\u00e8ves.<\/p>\n","protected":false},"excerpt":{"rendered":"<p>R\u00e9pondant aux questions des d\u00e9put\u00e9s lors de la pl\u00e9ni\u00e8re de l\u2019Assembl\u00e9e des repr\u00e9sentants du peuple (ARP) consacr\u00e9e \u00e0 l\u2019examen du budget du minist\u00e8re de l\u2019Education pour l\u2019ann\u00e9e 2024, le ministre Mohamed Ali Boughdiri s\u2019est prononc\u00e9 sur la situation des enseignants suppl\u00e9ants.\u00a0 Le ministre a reconnu que leurs salaires sont faibles et a annonc\u00e9 qu\u2019ils seront [&hellip;]<\/p>\n","protected":false},"author":3175,"featured_media":248648,"comment_status":"open","ping_status":"closed","sticky":false,"template":"","format":"standard","meta":{"footnotes":""},"categories":[44],"tags":[4458,6686,2608],"class_list":["post-210540","post","type-post","status-publish","format-standard","has-post-thumbnail","hentry","category-national","tag-enseignants-suppleants","tag-salaires","tag-tunisie"],"yoast_head":"<!-- This site is optimized with the Yoast SEO Premium plugin v27.4 (Yoast SEO v27.5) - https:\/\/yoast.com\/product\/yoast-seo-premium-wordpress\/ -->\n<title>Les enseignants suppl\u00e9ants toucheront 1500 dinars par mois \u00e0 partir de septembre<\/title>\n<link rel=\"canonical\" href=\"https:\/\/www.webdo.tn\/fr\/actualite\/national\/les-enseignants-suppleants-toucheront-1500-dinars-par-mois-a-partir-de-septembre\/210540\/\" \/>\n<meta property=\"og:locale\" content=\"fr_FR\" \/>\n<meta property=\"og:type\" content=\"article\" \/>\n<meta property=\"og:title\" content=\"Les enseignants suppl\u00e9ants toucheront 1500 dinars par mois \u00e0 partir de septembre\" \/>\n<meta property=\"og:description\" content=\"R\u00e9pondant aux questions des d\u00e9put\u00e9s lors de la pl\u00e9ni\u00e8re de l\u2019Assembl\u00e9e des repr\u00e9sentants du peuple (ARP) consacr\u00e9e \u00e0 l\u2019examen du budget du minist\u00e8re de l\u2019Education pour l\u2019ann\u00e9e 2024, le ministre Mohamed Ali Boughdiri s\u2019est prononc\u00e9 sur la situation des enseignants suppl\u00e9ants.\u00a0 Le ministre a reconnu que leurs salaires sont faibles et a annonc\u00e9 qu\u2019ils seront [&hellip;]\" \/>\n<meta property=\"og:url\" content=\"https:\/\/www.webdo.tn\/fr\/actualite\/national\/les-enseignants-suppleants-toucheront-1500-dinars-par-mois-a-partir-de-septembre\/210540\/\" \/>\n<meta property=\"og:site_name\" content=\"webdo\" \/>\n<meta property=\"article:publisher\" content=\"https:\/\/www.facebook.com\/webdotn\" \/>\n<meta property=\"article:published_time\" content=\"2023-12-03T10:02:00+00:00\" \/>\n<meta property=\"article:modified_time\" content=\"2025-05-20T22:39:20+00:00\" \/>\n<meta property=\"og:image\" content=\"https:\/\/www.webdo.tn\/fr\/wp-content\/uploads\/2023\/12\/2ab24c2fc415e2c216addca9e87c8de5.jpg\" \/>\n\t<meta property=\"og:image:width\" content=\"750\" \/>\n\t<meta property=\"og:image:height\" content=\"400\" \/>\n\t<meta property=\"og:image:type\" content=\"image\/jpeg\" \/>\n<meta name=\"author\" content=\"CL\" \/>\n<meta name=\"twitter:card\" content=\"summary_large_image\" \/>\n<meta name=\"twitter:creator\" content=\"@webdo_tn\" \/>\n<meta name=\"twitter:site\" content=\"@webdo_tn\" \/>\n<meta name=\"twitter:label1\" content=\"\u00c9crit par\" \/>\n\t<meta name=\"twitter:data1\" content=\"CL\" \/>\n\t<meta name=\"twitter:label2\" content=\"Dur\u00e9e de lecture estim\u00e9e\" \/>\n\t<meta name=\"twitter:data2\" content=\"1 minute\" \/>\n<script type=\"application\/ld+json\" class=\"yoast-schema-graph\">{\"@context\":\"https:\\\/\\\/schema.org\",\"@graph\":[{\"@type\":\"NewsArticle\",\"@id\":\"https:\\\/\\\/www.webdo.tn\\\/fr\\\/actualite\\\/national\\\/les-enseignants-suppleants-toucheront-1500-dinars-par-mois-a-partir-de-septembre\\\/210540\\\/#article\",\"isPartOf\":{\"@id\":\"https:\\\/\\\/www.webdo.tn\\\/fr\\\/actualite\\\/national\\\/les-enseignants-suppleants-toucheront-1500-dinars-par-mois-a-partir-de-septembre\\\/210540\\\/\"},\"author\":{\"name\":\"CL\",\"@id\":\"https:\\\/\\\/www.webdo.tn\\\/fr\\\/#\\\/schema\\\/person\\\/f35b42a42c5e2511bbd282959d6385cc\"},\"headline\":\"Les enseignants suppl\u00e9ants toucheront 1500 dinars par mois \u00e0 partir de septembre\",\"datePublished\":\"2023-12-03T10:02:00+00:00\",\"dateModified\":\"2025-05-20T22:39:20+00:00\",\"mainEntityOfPage\":{\"@id\":\"https:\\\/\\\/www.webdo.tn\\\/fr\\\/actualite\\\/national\\\/les-enseignants-suppleants-toucheront-1500-dinars-par-mois-a-partir-de-septembre\\\/210540\\\/\"},\"wordCount\":250,\"commentCount\":0,\"publisher\":{\"@id\":\"https:\\\/\\\/www.webdo.tn\\\/fr\\\/#organization\"},\"image\":{\"@id\":\"https:\\\/\\\/www.webdo.tn\\\/fr\\\/actualite\\\/national\\\/les-enseignants-suppleants-toucheront-1500-dinars-par-mois-a-partir-de-septembre\\\/210540\\\/#primaryimage\"},\"thumbnailUrl\":\"https:\\\/\\\/www.webdo.tn\\\/fr\\\/wp-content\\\/uploads\\\/2023\\\/12\\\/2ab24c2fc415e2c216addca9e87c8de5.jpg\",\"keywords\":[\"enseignants suppl\u00e9ants\",\"Salaires\",\"Tunisie\"],\"articleSection\":[\"National\"],\"inLanguage\":\"fr-FR\"},{\"@type\":\"WebPage\",\"@id\":\"https:\\\/\\\/www.webdo.tn\\\/fr\\\/actualite\\\/national\\\/les-enseignants-suppleants-toucheront-1500-dinars-par-mois-a-partir-de-septembre\\\/210540\\\/\",\"url\":\"https:\\\/\\\/www.webdo.tn\\\/fr\\\/actualite\\\/national\\\/les-enseignants-suppleants-toucheront-1500-dinars-par-mois-a-partir-de-septembre\\\/210540\\\/\",\"name\":\"Les enseignants suppl\u00e9ants toucheront 1500 dinars par mois \u00e0 partir de septembre\",\"isPartOf\":{\"@id\":\"https:\\\/\\\/www.webdo.tn\\\/fr\\\/#website\"},\"primaryImageOfPage\":{\"@id\":\"https:\\\/\\\/www.webdo.tn\\\/fr\\\/actualite\\\/national\\\/les-enseignants-suppleants-toucheront-1500-dinars-par-mois-a-partir-de-septembre\\\/210540\\\/#primaryimage\"},\"image\":{\"@id\":\"https:\\\/\\\/www.webdo.tn\\\/fr\\\/actualite\\\/national\\\/les-enseignants-suppleants-toucheront-1500-dinars-par-mois-a-partir-de-septembre\\\/210540\\\/#primaryimage\"},\"thumbnailUrl\":\"https:\\\/\\\/www.webdo.tn\\\/fr\\\/wp-content\\\/uploads\\\/2023\\\/12\\\/2ab24c2fc415e2c216addca9e87c8de5.jpg\",\"datePublished\":\"2023-12-03T10:02:00+00:00\",\"dateModified\":\"2025-05-20T22:39:20+00:00\",\"breadcrumb\":{\"@id\":\"https:\\\/\\\/www.webdo.tn\\\/fr\\\/actualite\\\/national\\\/les-enseignants-suppleants-toucheront-1500-dinars-par-mois-a-partir-de-septembre\\\/210540\\\/#breadcrumb\"},\"inLanguage\":\"fr-FR\",\"potentialAction\":[{\"@type\":\"ReadAction\",\"target\":[\"https:\\\/\\\/www.webdo.tn\\\/fr\\\/actualite\\\/national\\\/les-enseignants-suppleants-toucheront-1500-dinars-par-mois-a-partir-de-septembre\\\/210540\\\/\"]}]},{\"@type\":\"ImageObject\",\"inLanguage\":\"fr-FR\",\"@id\":\"https:\\\/\\\/www.webdo.tn\\\/fr\\\/actualite\\\/national\\\/les-enseignants-suppleants-toucheront-1500-dinars-par-mois-a-partir-de-septembre\\\/210540\\\/#primaryimage\",\"url\":\"https:\\\/\\\/www.webdo.tn\\\/fr\\\/wp-content\\\/uploads\\\/2023\\\/12\\\/2ab24c2fc415e2c216addca9e87c8de5.jpg\",\"contentUrl\":\"https:\\\/\\\/www.webdo.tn\\\/fr\\\/wp-content\\\/uploads\\\/2023\\\/12\\\/2ab24c2fc415e2c216addca9e87c8de5.jpg\",\"width\":750,\"height\":400,\"caption\":\"Les enseignants suppl\u00e9ants toucheront 1500 dinars par mois \u00e0 partir de septembre\"},{\"@type\":\"BreadcrumbList\",\"@id\":\"https:\\\/\\\/www.webdo.tn\\\/fr\\\/actualite\\\/national\\\/les-enseignants-suppleants-toucheront-1500-dinars-par-mois-a-partir-de-septembre\\\/210540\\\/#breadcrumb\",\"itemListElement\":[{\"@type\":\"ListItem\",\"position\":1,\"name\":\"Accueil\",\"item\":\"https:\\\/\\\/www.webdo.tn\\\/fr\\\/\"},{\"@type\":\"ListItem\",\"position\":2,\"name\":\"Les enseignants suppl\u00e9ants toucheront 1500 dinars par mois \u00e0 partir de septembre\"}]},{\"@type\":\"WebSite\",\"@id\":\"https:\\\/\\\/www.webdo.tn\\\/fr\\\/#website\",\"url\":\"https:\\\/\\\/www.webdo.tn\\\/fr\\\/\",\"name\":\"webdo\",\"description\":\"Tunisie - News en Tunisie et \u00e0 l&#039;international sur Webdo.tn\",\"publisher\":{\"@id\":\"https:\\\/\\\/www.webdo.tn\\\/fr\\\/#organization\"},\"potentialAction\":[{\"@type\":\"SearchAction\",\"target\":{\"@type\":\"EntryPoint\",\"urlTemplate\":\"https:\\\/\\\/www.webdo.tn\\\/fr\\\/?s={search_term_string}\"},\"query-input\":{\"@type\":\"PropertyValueSpecification\",\"valueRequired\":true,\"valueName\":\"search_term_string\"}}],\"inLanguage\":\"fr-FR\"},{\"@type\":\"Organization\",\"@id\":\"https:\\\/\\\/www.webdo.tn\\\/fr\\\/#organization\",\"name\":\"Webdo\",\"alternateName\":\"Webdo.tn\",\"url\":\"https:\\\/\\\/www.webdo.tn\\\/fr\\\/\",\"logo\":{\"@type\":\"ImageObject\",\"inLanguage\":\"fr-FR\",\"@id\":\"https:\\\/\\\/www.webdo.tn\\\/fr\\\/#\\\/schema\\\/logo\\\/image\\\/\",\"url\":\"https:\\\/\\\/www.webdo.tn\\\/fr\\\/wp-content\\\/uploads\\\/2025\\\/06\\\/Webdo-Tunisie_168377.jpg\",\"contentUrl\":\"https:\\\/\\\/www.webdo.tn\\\/fr\\\/wp-content\\\/uploads\\\/2025\\\/06\\\/Webdo-Tunisie_168377.jpg\",\"width\":301,\"height\":301,\"caption\":\"Webdo\"},\"image\":{\"@id\":\"https:\\\/\\\/www.webdo.tn\\\/fr\\\/#\\\/schema\\\/logo\\\/image\\\/\"},\"sameAs\":[\"https:\\\/\\\/www.facebook.com\\\/webdotn\",\"https:\\\/\\\/x.com\\\/webdo_tn\"],\"description\":\"Webdo est un m\u00e9dia num\u00e9rique tunisien fond\u00e9 en 2010, sp\u00e9cialis\u00e9 dans l\u2019actualit\u00e9 nationale et internationale, l\u2019\u00e9conomie, la soci\u00e9t\u00e9 et les analyses politiques. Le site s\u2019adresse \u00e0 un large public francophone et couvre l\u2019information tunisienne en temps r\u00e9el.\",\"email\":\"redac@webdo.tn\",\"legalName\":\"YNJ SARL\",\"foundingDate\":\"2010-09-06\",\"numberOfEmployees\":{\"@type\":\"QuantitativeValue\",\"minValue\":\"11\",\"maxValue\":\"50\"}},{\"@type\":\"Person\",\"@id\":\"https:\\\/\\\/www.webdo.tn\\\/fr\\\/#\\\/schema\\\/person\\\/f35b42a42c5e2511bbd282959d6385cc\",\"name\":\"CL\",\"image\":{\"@type\":\"ImageObject\",\"inLanguage\":\"fr-FR\",\"@id\":\"https:\\\/\\\/secure.gravatar.com\\\/avatar\\\/1447a49909b67aa657c488aec6512e1dd6143a480c1ecfee9b5b5cd74eb3b59e?s=96&d=mm&r=g\",\"url\":\"https:\\\/\\\/secure.gravatar.com\\\/avatar\\\/1447a49909b67aa657c488aec6512e1dd6143a480c1ecfee9b5b5cd74eb3b59e?s=96&d=mm&r=g\",\"contentUrl\":\"https:\\\/\\\/secure.gravatar.com\\\/avatar\\\/1447a49909b67aa657c488aec6512e1dd6143a480c1ecfee9b5b5cd74eb3b59e?s=96&d=mm&r=g\",\"caption\":\"CL\"},\"url\":\"https:\\\/\\\/www.webdo.tn\\\/fr\\\/actualite\\\/author\\\/cl\\\/\"}]}<\/script>\n<!-- \/ Yoast SEO Premium plugin. -->","yoast_head_json":{"title":"Les enseignants suppl\u00e9ants toucheront 1500 dinars par mois \u00e0 partir de septembre","canonical":"https:\/\/www.webdo.tn\/fr\/actualite\/national\/les-enseignants-suppleants-toucheront-1500-dinars-par-mois-a-partir-de-septembre\/210540\/","og_locale":"fr_FR","og_type":"article","og_title":"Les enseignants suppl\u00e9ants toucheront 1500 dinars par mois \u00e0 partir de septembre","og_description":"R\u00e9pondant aux questions des d\u00e9put\u00e9s lors de la pl\u00e9ni\u00e8re de l\u2019Assembl\u00e9e des repr\u00e9sentants du peuple (ARP) consacr\u00e9e \u00e0 l\u2019examen du budget du minist\u00e8re de l\u2019Education pour l\u2019ann\u00e9e 2024, le ministre Mohamed Ali Boughdiri s\u2019est prononc\u00e9 sur la situation des enseignants suppl\u00e9ants.\u00a0 Le ministre a reconnu que leurs salaires sont faibles et a annonc\u00e9 qu\u2019ils seront [&hellip;]","og_url":"https:\/\/www.webdo.tn\/fr\/actualite\/national\/les-enseignants-suppleants-toucheront-1500-dinars-par-mois-a-partir-de-septembre\/210540\/","og_site_name":"webdo","article_publisher":"https:\/\/www.facebook.com\/webdotn","article_published_time":"2023-12-03T10:02:00+00:00","article_modified_time":"2025-05-20T22:39:20+00:00","og_image":[{"width":750,"height":400,"url":"https:\/\/www.webdo.tn\/fr\/wp-content\/uploads\/2023\/12\/2ab24c2fc415e2c216addca9e87c8de5.jpg","type":"image\/jpeg"}],"author":"CL","twitter_card":"summary_large_image","twitter_creator":"@webdo_tn","twitter_site":"@webdo_tn","twitter_misc":{"\u00c9crit par":"CL","Dur\u00e9e de lecture estim\u00e9e":"1 minute"},"schema":{"@context":"https:\/\/schema.org","@graph":[{"@type":"NewsArticle","@id":"https:\/\/www.webdo.tn\/fr\/actualite\/national\/les-enseignants-suppleants-toucheront-1500-dinars-par-mois-a-partir-de-septembre\/210540\/#article","isPartOf":{"@id":"https:\/\/www.webdo.tn\/fr\/actualite\/national\/les-enseignants-suppleants-toucheront-1500-dinars-par-mois-a-partir-de-septembre\/210540\/"},"author":{"name":"CL","@id":"https:\/\/www.webdo.tn\/fr\/#\/schema\/person\/f35b42a42c5e2511bbd282959d6385cc"},"headline":"Les enseignants suppl\u00e9ants toucheront 1500 dinars par mois \u00e0 partir de septembre","datePublished":"2023-12-03T10:02:00+00:00","dateModified":"2025-05-20T22:39:20+00:00","mainEntityOfPage":{"@id":"https:\/\/www.webdo.tn\/fr\/actualite\/national\/les-enseignants-suppleants-toucheront-1500-dinars-par-mois-a-partir-de-septembre\/210540\/"},"wordCount":250,"commentCount":0,"publisher":{"@id":"https:\/\/www.webdo.tn\/fr\/#organization"},"image":{"@id":"https:\/\/www.webdo.tn\/fr\/actualite\/national\/les-enseignants-suppleants-toucheront-1500-dinars-par-mois-a-partir-de-septembre\/210540\/#primaryimage"},"thumbnailUrl":"https:\/\/www.webdo.tn\/fr\/wp-content\/uploads\/2023\/12\/2ab24c2fc415e2c216addca9e87c8de5.jpg","keywords":["enseignants suppl\u00e9ants","Salaires","Tunisie"],"articleSection":["National"],"inLanguage":"fr-FR"},{"@type":"WebPage","@id":"https:\/\/www.webdo.tn\/fr\/actualite\/national\/les-enseignants-suppleants-toucheront-1500-dinars-par-mois-a-partir-de-septembre\/210540\/","url":"https:\/\/www.webdo.tn\/fr\/actualite\/national\/les-enseignants-suppleants-toucheront-1500-dinars-par-mois-a-partir-de-septembre\/210540\/","name":"Les enseignants suppl\u00e9ants toucheront 1500 dinars par mois \u00e0 partir de septembre","isPartOf":{"@id":"https:\/\/www.webdo.tn\/fr\/#website"},"primaryImageOfPage":{"@id":"https:\/\/www.webdo.tn\/fr\/actualite\/national\/les-enseignants-suppleants-toucheront-1500-dinars-par-mois-a-partir-de-septembre\/210540\/#primaryimage"},"image":{"@id":"https:\/\/www.webdo.tn\/fr\/actualite\/national\/les-enseignants-suppleants-toucheront-1500-dinars-par-mois-a-partir-de-septembre\/210540\/#primaryimage"},"thumbnailUrl":"https:\/\/www.webdo.tn\/fr\/wp-content\/uploads\/2023\/12\/2ab24c2fc415e2c216addca9e87c8de5.jpg","datePublished":"2023-12-03T10:02:00+00:00","dateModified":"2025-05-20T22:39:20+00:00","breadcrumb":{"@id":"https:\/\/www.webdo.tn\/fr\/actualite\/national\/les-enseignants-suppleants-toucheront-1500-dinars-par-mois-a-partir-de-septembre\/210540\/#breadcrumb"},"inLanguage":"fr-FR","potentialAction":[{"@type":"ReadAction","target":["https:\/\/www.webdo.tn\/fr\/actualite\/national\/les-enseignants-suppleants-toucheront-1500-dinars-par-mois-a-partir-de-septembre\/210540\/"]}]},{"@type":"ImageObject","inLanguage":"fr-FR","@id":"https:\/\/www.webdo.tn\/fr\/actualite\/national\/les-enseignants-suppleants-toucheront-1500-dinars-par-mois-a-partir-de-septembre\/210540\/#primaryimage","url":"https:\/\/www.webdo.tn\/fr\/wp-content\/uploads\/2023\/12\/2ab24c2fc415e2c216addca9e87c8de5.jpg","contentUrl":"https:\/\/www.webdo.tn\/fr\/wp-content\/uploads\/2023\/12\/2ab24c2fc415e2c216addca9e87c8de5.jpg","width":750,"height":400,"caption":"Les enseignants suppl\u00e9ants toucheront 1500 dinars par mois \u00e0 partir de septembre"},{"@type":"BreadcrumbList","@id":"https:\/\/www.webdo.tn\/fr\/actualite\/national\/les-enseignants-suppleants-toucheront-1500-dinars-par-mois-a-partir-de-septembre\/210540\/#breadcrumb","itemListElement":[{"@type":"ListItem","position":1,"name":"Accueil","item":"https:\/\/www.webdo.tn\/fr\/"},{"@type":"ListItem","position":2,"name":"Les enseignants suppl\u00e9ants toucheront 1500 dinars par mois \u00e0 partir de septembre"}]},{"@type":"WebSite","@id":"https:\/\/www.webdo.tn\/fr\/#website","url":"https:\/\/www.webdo.tn\/fr\/","name":"webdo","description":"Tunisie - News en Tunisie et \u00e0 l&#039;international sur Webdo.tn","publisher":{"@id":"https:\/\/www.webdo.tn\/fr\/#organization"},"potentialAction":[{"@type":"SearchAction","target":{"@type":"EntryPoint","urlTemplate":"https:\/\/www.webdo.tn\/fr\/?s={search_term_string}"},"query-input":{"@type":"PropertyValueSpecification","valueRequired":true,"valueName":"search_term_string"}}],"inLanguage":"fr-FR"},{"@type":"Organization","@id":"https:\/\/www.webdo.tn\/fr\/#organization","name":"Webdo","alternateName":"Webdo.tn","url":"https:\/\/www.webdo.tn\/fr\/","logo":{"@type":"ImageObject","inLanguage":"fr-FR","@id":"https:\/\/www.webdo.tn\/fr\/#\/schema\/logo\/image\/","url":"https:\/\/www.webdo.tn\/fr\/wp-content\/uploads\/2025\/06\/Webdo-Tunisie_168377.jpg","contentUrl":"https:\/\/www.webdo.tn\/fr\/wp-content\/uploads\/2025\/06\/Webdo-Tunisie_168377.jpg","width":301,"height":301,"caption":"Webdo"},"image":{"@id":"https:\/\/www.webdo.tn\/fr\/#\/schema\/logo\/image\/"},"sameAs":["https:\/\/www.facebook.com\/webdotn","https:\/\/x.com\/webdo_tn"],"description":"Webdo est un m\u00e9dia num\u00e9rique tunisien fond\u00e9 en 2010, sp\u00e9cialis\u00e9 dans l\u2019actualit\u00e9 nationale et internationale, l\u2019\u00e9conomie, la soci\u00e9t\u00e9 et les analyses politiques. Le site s\u2019adresse \u00e0 un large public francophone et couvre l\u2019information tunisienne en temps r\u00e9el.","email":"redac@webdo.tn","legalName":"YNJ SARL","foundingDate":"2010-09-06","numberOfEmployees":{"@type":"QuantitativeValue","minValue":"11","maxValue":"50"}},{"@type":"Person","@id":"https:\/\/www.webdo.tn\/fr\/#\/schema\/person\/f35b42a42c5e2511bbd282959d6385cc","name":"CL","image":{"@type":"ImageObject","inLanguage":"fr-FR","@id":"https:\/\/secure.gravatar.com\/avatar\/1447a49909b67aa657c488aec6512e1dd6143a480c1ecfee9b5b5cd74eb3b59e?s=96&d=mm&r=g","url":"https:\/\/secure.gravatar.com\/avatar\/1447a49909b67aa657c488aec6512e1dd6143a480c1ecfee9b5b5cd74eb3b59e?s=96&d=mm&r=g","contentUrl":"https:\/\/secure.gravatar.com\/avatar\/1447a49909b67aa657c488aec6512e1dd6143a480c1ecfee9b5b5cd74eb3b59e?s=96&d=mm&r=g","caption":"CL"},"url":"https:\/\/www.webdo.tn\/fr\/actualite\/author\/cl\/"}]}},"_links":{"self":[{"href":"https:\/\/www.webdo.tn\/fr\/wp-json\/wp\/v2\/posts\/210540","targetHints":{"allow":["GET"]}}],"collection":[{"href":"https:\/\/www.webdo.tn\/fr\/wp-json\/wp\/v2\/posts"}],"about":[{"href":"https:\/\/www.webdo.tn\/fr\/wp-json\/wp\/v2\/types\/post"}],"author":[{"embeddable":true,"href":"https:\/\/www.webdo.tn\/fr\/wp-json\/wp\/v2\/users\/3175"}],"replies":[{"embeddable":true,"href":"https:\/\/www.webdo.tn\/fr\/wp-json\/wp\/v2\/comments?post=210540"}],"version-history":[{"count":0,"href":"https:\/\/www.webdo.tn\/fr\/wp-json\/wp\/v2\/posts\/210540\/revisions"}],"wp:featuredmedia":[{"embeddable":true,"href":"https:\/\/www.webdo.tn\/fr\/wp-json\/wp\/v2\/media\/248648"}],"wp:attachment":[{"href":"https:\/\/www.webdo.tn\/fr\/wp-json\/wp\/v2\/media?parent=210540"}],"wp:term":[{"taxonomy":"category","embeddable":true,"href":"https:\/\/www.webdo.tn\/fr\/wp-json\/wp\/v2\/categories?post=210540"},{"taxonomy":"post_tag","embeddable":true,"href":"https:\/\/www.webdo.tn\/fr\/wp-json\/wp\/v2\/tags?post=210540"}],"curies":[{"name":"wp","href":"https:\/\/api.w.org\/{rel}","templated":true}]}}