{"id":210539,"date":"2023-12-03T09:44:00","date_gmt":"2023-12-03T09:44:00","guid":{"rendered":"https:\/\/www.webdo.tn\/fr\/blog\/attaque-au-couteau-a-paris-un-mort-et-deux-blesses\/210539\/"},"modified":"2025-05-20T22:39:19","modified_gmt":"2025-05-20T22:39:19","slug":"attaque-au-couteau-a-paris-un-mort-et-deux-blesses","status":"publish","type":"post","link":"https:\/\/www.webdo.tn\/fr\/actualite\/international\/attaque-au-couteau-a-paris-un-mort-et-deux-blesses\/210539\/","title":{"rendered":"Attaque au couteau \u00e0 Paris : Un mort et deux bless\u00e9s"},"content":{"rendered":"<p>Une personne a \u00e9t\u00e9 tu\u00e9e et deux autres bless\u00e9es, hier samedi soir \u00e0 Paris, dans une attaque au couteau.\u00a0<\/p>\n<p>Selon des m\u00e9dias fran\u00e7ais, le suspect aurait cri\u00e9 \u00abAllah Akbar\u00bb avant d\u2019\u00eatre interpell\u00e9, par la police.\u00a0<\/p>\n<p>Le parquet national antiterroriste a indiqu\u00e9 s\u2019\u00eatre saisi des faits, la piste terroriste a \u00e9t\u00e9 privil\u00e9gi\u00e9e.\u00a0<\/p>\n<p>D\u2019apr\u00e8s Le Figaro, l\u2019assaillant pr\u00e9sum\u00e9 a \u00e9t\u00e9 identifi\u00e9 comme Armand R., un Fran\u00e7ais n\u00e9 \u00e0 Neuilly-sur-Seine (Hauts-de-Seine) en 1997 de parents iraniens.\u00a0<\/p>\n<p>\u00ab L\u2019homme est connu des services de renseignement et de justice pour son accointance avec l&rsquo;islam radical et pour des troubles psychologiques \u00bb, a-t-on rapport\u00e9.<\/p>\n","protected":false},"excerpt":{"rendered":"<p>Selon des m\u00e9dias fran\u00e7ais, le suspect aurait cri\u00e9 \u00abAllah Akbar\u00bb avant d\u2019\u00eatre interpell\u00e9, par la police.\u00a0<\/p>\n","protected":false},"author":3175,"featured_media":248644,"comment_status":"open","ping_status":"closed","sticky":false,"template":"","format":"standard","meta":{"footnotes":""},"categories":[2598],"tags":[3918,2998,5270],"class_list":["post-210539","post","type-post","status-publish","format-standard","has-post-thumbnail","hentry","category-international","tag-attaque","tag-france","tag-paris"],"yoast_head":"<!-- This site is optimized with the Yoast SEO Premium plugin v27.4 (Yoast SEO v27.5) - https:\/\/yoast.com\/product\/yoast-seo-premium-wordpress\/ -->\n<title>Attaque au couteau \u00e0 Paris : Un mort et deux bless\u00e9s<\/title>\n<meta name=\"description\" content=\"Selon des m\u00e9dias fran\u00e7ais, le suspect aurait cri\u00e9 \u00abAllah Akbar\u00bb avant d\u2019\u00eatre interpell\u00e9, par la police.\u00a0\" \/>\n<link rel=\"canonical\" href=\"https:\/\/www.webdo.tn\/fr\/actualite\/international\/attaque-au-couteau-a-paris-un-mort-et-deux-blesses\/210539\/\" \/>\n<meta property=\"og:locale\" content=\"fr_FR\" \/>\n<meta property=\"og:type\" content=\"article\" \/>\n<meta property=\"og:title\" content=\"Attaque au couteau \u00e0 Paris : Un mort et deux bless\u00e9s\" \/>\n<meta property=\"og:description\" content=\"Selon des m\u00e9dias fran\u00e7ais, le suspect aurait cri\u00e9 \u00abAllah Akbar\u00bb avant d\u2019\u00eatre interpell\u00e9, par la police.\u00a0\" \/>\n<meta property=\"og:url\" content=\"https:\/\/www.webdo.tn\/fr\/actualite\/international\/attaque-au-couteau-a-paris-un-mort-et-deux-blesses\/210539\/\" \/>\n<meta property=\"og:site_name\" content=\"webdo\" \/>\n<meta property=\"article:publisher\" content=\"https:\/\/www.facebook.com\/webdotn\" \/>\n<meta property=\"article:published_time\" content=\"2023-12-03T09:44:00+00:00\" \/>\n<meta property=\"article:modified_time\" content=\"2025-05-20T22:39:19+00:00\" \/>\n<meta property=\"og:image\" content=\"https:\/\/www.webdo.tn\/fr\/wp-content\/uploads\/2023\/12\/38779b5e032d96329573efc919a3be42.jpeg\" \/>\n\t<meta property=\"og:image:width\" content=\"750\" \/>\n\t<meta property=\"og:image:height\" content=\"400\" \/>\n\t<meta property=\"og:image:type\" content=\"image\/jpeg\" \/>\n<meta name=\"author\" content=\"CL\" \/>\n<meta name=\"twitter:card\" content=\"summary_large_image\" \/>\n<meta name=\"twitter:creator\" content=\"@webdo_tn\" \/>\n<meta name=\"twitter:site\" content=\"@webdo_tn\" \/>\n<meta name=\"twitter:label1\" content=\"\u00c9crit par\" \/>\n\t<meta name=\"twitter:data1\" content=\"CL\" \/>\n\t<meta name=\"twitter:label2\" content=\"Dur\u00e9e de lecture estim\u00e9e\" \/>\n\t<meta name=\"twitter:data2\" content=\"1 minute\" \/>\n<script type=\"application\/ld+json\" class=\"yoast-schema-graph\">{\"@context\":\"https:\\\/\\\/schema.org\",\"@graph\":[{\"@type\":\"NewsArticle\",\"@id\":\"https:\\\/\\\/www.webdo.tn\\\/fr\\\/actualite\\\/international\\\/attaque-au-couteau-a-paris-un-mort-et-deux-blesses\\\/210539\\\/#article\",\"isPartOf\":{\"@id\":\"https:\\\/\\\/www.webdo.tn\\\/fr\\\/actualite\\\/international\\\/attaque-au-couteau-a-paris-un-mort-et-deux-blesses\\\/210539\\\/\"},\"author\":{\"name\":\"CL\",\"@id\":\"https:\\\/\\\/www.webdo.tn\\\/fr\\\/#\\\/schema\\\/person\\\/f35b42a42c5e2511bbd282959d6385cc\"},\"headline\":\"Attaque au couteau \u00e0 Paris : Un mort et deux bless\u00e9s\",\"datePublished\":\"2023-12-03T09:44:00+00:00\",\"dateModified\":\"2025-05-20T22:39:19+00:00\",\"mainEntityOfPage\":{\"@id\":\"https:\\\/\\\/www.webdo.tn\\\/fr\\\/actualite\\\/international\\\/attaque-au-couteau-a-paris-un-mort-et-deux-blesses\\\/210539\\\/\"},\"wordCount\":118,\"commentCount\":0,\"publisher\":{\"@id\":\"https:\\\/\\\/www.webdo.tn\\\/fr\\\/#organization\"},\"image\":{\"@id\":\"https:\\\/\\\/www.webdo.tn\\\/fr\\\/actualite\\\/international\\\/attaque-au-couteau-a-paris-un-mort-et-deux-blesses\\\/210539\\\/#primaryimage\"},\"thumbnailUrl\":\"https:\\\/\\\/www.webdo.tn\\\/fr\\\/wp-content\\\/uploads\\\/2023\\\/12\\\/38779b5e032d96329573efc919a3be42.jpeg\",\"keywords\":[\"attaque\",\"france\",\"Paris\"],\"articleSection\":[\"International\"],\"inLanguage\":\"fr-FR\"},{\"@type\":\"WebPage\",\"@id\":\"https:\\\/\\\/www.webdo.tn\\\/fr\\\/actualite\\\/international\\\/attaque-au-couteau-a-paris-un-mort-et-deux-blesses\\\/210539\\\/\",\"url\":\"https:\\\/\\\/www.webdo.tn\\\/fr\\\/actualite\\\/international\\\/attaque-au-couteau-a-paris-un-mort-et-deux-blesses\\\/210539\\\/\",\"name\":\"Attaque au couteau \u00e0 Paris : Un mort et deux bless\u00e9s\",\"isPartOf\":{\"@id\":\"https:\\\/\\\/www.webdo.tn\\\/fr\\\/#website\"},\"primaryImageOfPage\":{\"@id\":\"https:\\\/\\\/www.webdo.tn\\\/fr\\\/actualite\\\/international\\\/attaque-au-couteau-a-paris-un-mort-et-deux-blesses\\\/210539\\\/#primaryimage\"},\"image\":{\"@id\":\"https:\\\/\\\/www.webdo.tn\\\/fr\\\/actualite\\\/international\\\/attaque-au-couteau-a-paris-un-mort-et-deux-blesses\\\/210539\\\/#primaryimage\"},\"thumbnailUrl\":\"https:\\\/\\\/www.webdo.tn\\\/fr\\\/wp-content\\\/uploads\\\/2023\\\/12\\\/38779b5e032d96329573efc919a3be42.jpeg\",\"datePublished\":\"2023-12-03T09:44:00+00:00\",\"dateModified\":\"2025-05-20T22:39:19+00:00\",\"description\":\"Selon des m\u00e9dias fran\u00e7ais, le suspect aurait cri\u00e9 \u00abAllah Akbar\u00bb avant d\u2019\u00eatre interpell\u00e9, par la police.\u00a0\",\"breadcrumb\":{\"@id\":\"https:\\\/\\\/www.webdo.tn\\\/fr\\\/actualite\\\/international\\\/attaque-au-couteau-a-paris-un-mort-et-deux-blesses\\\/210539\\\/#breadcrumb\"},\"inLanguage\":\"fr-FR\",\"potentialAction\":[{\"@type\":\"ReadAction\",\"target\":[\"https:\\\/\\\/www.webdo.tn\\\/fr\\\/actualite\\\/international\\\/attaque-au-couteau-a-paris-un-mort-et-deux-blesses\\\/210539\\\/\"]}]},{\"@type\":\"ImageObject\",\"inLanguage\":\"fr-FR\",\"@id\":\"https:\\\/\\\/www.webdo.tn\\\/fr\\\/actualite\\\/international\\\/attaque-au-couteau-a-paris-un-mort-et-deux-blesses\\\/210539\\\/#primaryimage\",\"url\":\"https:\\\/\\\/www.webdo.tn\\\/fr\\\/wp-content\\\/uploads\\\/2023\\\/12\\\/38779b5e032d96329573efc919a3be42.jpeg\",\"contentUrl\":\"https:\\\/\\\/www.webdo.tn\\\/fr\\\/wp-content\\\/uploads\\\/2023\\\/12\\\/38779b5e032d96329573efc919a3be42.jpeg\",\"width\":750,\"height\":400,\"caption\":\"Attaque au couteau \u00e0 Paris : Un mort et deux bless\u00e9s\"},{\"@type\":\"BreadcrumbList\",\"@id\":\"https:\\\/\\\/www.webdo.tn\\\/fr\\\/actualite\\\/international\\\/attaque-au-couteau-a-paris-un-mort-et-deux-blesses\\\/210539\\\/#breadcrumb\",\"itemListElement\":[{\"@type\":\"ListItem\",\"position\":1,\"name\":\"Accueil\",\"item\":\"https:\\\/\\\/www.webdo.tn\\\/fr\\\/\"},{\"@type\":\"ListItem\",\"position\":2,\"name\":\"Attaque au couteau \u00e0 Paris : Un mort et deux bless\u00e9s\"}]},{\"@type\":\"WebSite\",\"@id\":\"https:\\\/\\\/www.webdo.tn\\\/fr\\\/#website\",\"url\":\"https:\\\/\\\/www.webdo.tn\\\/fr\\\/\",\"name\":\"webdo\",\"description\":\"Tunisie - News en Tunisie et \u00e0 l&#039;international sur Webdo.tn\",\"publisher\":{\"@id\":\"https:\\\/\\\/www.webdo.tn\\\/fr\\\/#organization\"},\"potentialAction\":[{\"@type\":\"SearchAction\",\"target\":{\"@type\":\"EntryPoint\",\"urlTemplate\":\"https:\\\/\\\/www.webdo.tn\\\/fr\\\/?s={search_term_string}\"},\"query-input\":{\"@type\":\"PropertyValueSpecification\",\"valueRequired\":true,\"valueName\":\"search_term_string\"}}],\"inLanguage\":\"fr-FR\"},{\"@type\":\"Organization\",\"@id\":\"https:\\\/\\\/www.webdo.tn\\\/fr\\\/#organization\",\"name\":\"Webdo\",\"alternateName\":\"Webdo.tn\",\"url\":\"https:\\\/\\\/www.webdo.tn\\\/fr\\\/\",\"logo\":{\"@type\":\"ImageObject\",\"inLanguage\":\"fr-FR\",\"@id\":\"https:\\\/\\\/www.webdo.tn\\\/fr\\\/#\\\/schema\\\/logo\\\/image\\\/\",\"url\":\"https:\\\/\\\/www.webdo.tn\\\/fr\\\/wp-content\\\/uploads\\\/2025\\\/06\\\/Webdo-Tunisie_168377.jpg\",\"contentUrl\":\"https:\\\/\\\/www.webdo.tn\\\/fr\\\/wp-content\\\/uploads\\\/2025\\\/06\\\/Webdo-Tunisie_168377.jpg\",\"width\":301,\"height\":301,\"caption\":\"Webdo\"},\"image\":{\"@id\":\"https:\\\/\\\/www.webdo.tn\\\/fr\\\/#\\\/schema\\\/logo\\\/image\\\/\"},\"sameAs\":[\"https:\\\/\\\/www.facebook.com\\\/webdotn\",\"https:\\\/\\\/x.com\\\/webdo_tn\"],\"description\":\"Webdo est un m\u00e9dia num\u00e9rique tunisien fond\u00e9 en 2010, sp\u00e9cialis\u00e9 dans l\u2019actualit\u00e9 nationale et internationale, l\u2019\u00e9conomie, la soci\u00e9t\u00e9 et les analyses politiques. Le site s\u2019adresse \u00e0 un large public francophone et couvre l\u2019information tunisienne en temps r\u00e9el.\",\"email\":\"redac@webdo.tn\",\"legalName\":\"YNJ SARL\",\"foundingDate\":\"2010-09-06\",\"numberOfEmployees\":{\"@type\":\"QuantitativeValue\",\"minValue\":\"11\",\"maxValue\":\"50\"}},{\"@type\":\"Person\",\"@id\":\"https:\\\/\\\/www.webdo.tn\\\/fr\\\/#\\\/schema\\\/person\\\/f35b42a42c5e2511bbd282959d6385cc\",\"name\":\"CL\",\"image\":{\"@type\":\"ImageObject\",\"inLanguage\":\"fr-FR\",\"@id\":\"https:\\\/\\\/secure.gravatar.com\\\/avatar\\\/1447a49909b67aa657c488aec6512e1dd6143a480c1ecfee9b5b5cd74eb3b59e?s=96&d=mm&r=g\",\"url\":\"https:\\\/\\\/secure.gravatar.com\\\/avatar\\\/1447a49909b67aa657c488aec6512e1dd6143a480c1ecfee9b5b5cd74eb3b59e?s=96&d=mm&r=g\",\"contentUrl\":\"https:\\\/\\\/secure.gravatar.com\\\/avatar\\\/1447a49909b67aa657c488aec6512e1dd6143a480c1ecfee9b5b5cd74eb3b59e?s=96&d=mm&r=g\",\"caption\":\"CL\"},\"url\":\"https:\\\/\\\/www.webdo.tn\\\/fr\\\/actualite\\\/author\\\/cl\\\/\"}]}<\/script>\n<!-- \/ Yoast SEO Premium plugin. -->","yoast_head_json":{"title":"Attaque au couteau \u00e0 Paris : Un mort et deux bless\u00e9s","description":"Selon des m\u00e9dias fran\u00e7ais, le suspect aurait cri\u00e9 \u00abAllah Akbar\u00bb avant d\u2019\u00eatre interpell\u00e9, par la police.\u00a0","canonical":"https:\/\/www.webdo.tn\/fr\/actualite\/international\/attaque-au-couteau-a-paris-un-mort-et-deux-blesses\/210539\/","og_locale":"fr_FR","og_type":"article","og_title":"Attaque au couteau \u00e0 Paris : Un mort et deux bless\u00e9s","og_description":"Selon des m\u00e9dias fran\u00e7ais, le suspect aurait cri\u00e9 \u00abAllah Akbar\u00bb avant d\u2019\u00eatre interpell\u00e9, par la police.\u00a0","og_url":"https:\/\/www.webdo.tn\/fr\/actualite\/international\/attaque-au-couteau-a-paris-un-mort-et-deux-blesses\/210539\/","og_site_name":"webdo","article_publisher":"https:\/\/www.facebook.com\/webdotn","article_published_time":"2023-12-03T09:44:00+00:00","article_modified_time":"2025-05-20T22:39:19+00:00","og_image":[{"width":750,"height":400,"url":"https:\/\/www.webdo.tn\/fr\/wp-content\/uploads\/2023\/12\/38779b5e032d96329573efc919a3be42.jpeg","type":"image\/jpeg"}],"author":"CL","twitter_card":"summary_large_image","twitter_creator":"@webdo_tn","twitter_site":"@webdo_tn","twitter_misc":{"\u00c9crit par":"CL","Dur\u00e9e de lecture estim\u00e9e":"1 minute"},"schema":{"@context":"https:\/\/schema.org","@graph":[{"@type":"NewsArticle","@id":"https:\/\/www.webdo.tn\/fr\/actualite\/international\/attaque-au-couteau-a-paris-un-mort-et-deux-blesses\/210539\/#article","isPartOf":{"@id":"https:\/\/www.webdo.tn\/fr\/actualite\/international\/attaque-au-couteau-a-paris-un-mort-et-deux-blesses\/210539\/"},"author":{"name":"CL","@id":"https:\/\/www.webdo.tn\/fr\/#\/schema\/person\/f35b42a42c5e2511bbd282959d6385cc"},"headline":"Attaque au couteau \u00e0 Paris : Un mort et deux bless\u00e9s","datePublished":"2023-12-03T09:44:00+00:00","dateModified":"2025-05-20T22:39:19+00:00","mainEntityOfPage":{"@id":"https:\/\/www.webdo.tn\/fr\/actualite\/international\/attaque-au-couteau-a-paris-un-mort-et-deux-blesses\/210539\/"},"wordCount":118,"commentCount":0,"publisher":{"@id":"https:\/\/www.webdo.tn\/fr\/#organization"},"image":{"@id":"https:\/\/www.webdo.tn\/fr\/actualite\/international\/attaque-au-couteau-a-paris-un-mort-et-deux-blesses\/210539\/#primaryimage"},"thumbnailUrl":"https:\/\/www.webdo.tn\/fr\/wp-content\/uploads\/2023\/12\/38779b5e032d96329573efc919a3be42.jpeg","keywords":["attaque","france","Paris"],"articleSection":["International"],"inLanguage":"fr-FR"},{"@type":"WebPage","@id":"https:\/\/www.webdo.tn\/fr\/actualite\/international\/attaque-au-couteau-a-paris-un-mort-et-deux-blesses\/210539\/","url":"https:\/\/www.webdo.tn\/fr\/actualite\/international\/attaque-au-couteau-a-paris-un-mort-et-deux-blesses\/210539\/","name":"Attaque au couteau \u00e0 Paris : Un mort et deux bless\u00e9s","isPartOf":{"@id":"https:\/\/www.webdo.tn\/fr\/#website"},"primaryImageOfPage":{"@id":"https:\/\/www.webdo.tn\/fr\/actualite\/international\/attaque-au-couteau-a-paris-un-mort-et-deux-blesses\/210539\/#primaryimage"},"image":{"@id":"https:\/\/www.webdo.tn\/fr\/actualite\/international\/attaque-au-couteau-a-paris-un-mort-et-deux-blesses\/210539\/#primaryimage"},"thumbnailUrl":"https:\/\/www.webdo.tn\/fr\/wp-content\/uploads\/2023\/12\/38779b5e032d96329573efc919a3be42.jpeg","datePublished":"2023-12-03T09:44:00+00:00","dateModified":"2025-05-20T22:39:19+00:00","description":"Selon des m\u00e9dias fran\u00e7ais, le suspect aurait cri\u00e9 \u00abAllah Akbar\u00bb avant d\u2019\u00eatre interpell\u00e9, par la police.\u00a0","breadcrumb":{"@id":"https:\/\/www.webdo.tn\/fr\/actualite\/international\/attaque-au-couteau-a-paris-un-mort-et-deux-blesses\/210539\/#breadcrumb"},"inLanguage":"fr-FR","potentialAction":[{"@type":"ReadAction","target":["https:\/\/www.webdo.tn\/fr\/actualite\/international\/attaque-au-couteau-a-paris-un-mort-et-deux-blesses\/210539\/"]}]},{"@type":"ImageObject","inLanguage":"fr-FR","@id":"https:\/\/www.webdo.tn\/fr\/actualite\/international\/attaque-au-couteau-a-paris-un-mort-et-deux-blesses\/210539\/#primaryimage","url":"https:\/\/www.webdo.tn\/fr\/wp-content\/uploads\/2023\/12\/38779b5e032d96329573efc919a3be42.jpeg","contentUrl":"https:\/\/www.webdo.tn\/fr\/wp-content\/uploads\/2023\/12\/38779b5e032d96329573efc919a3be42.jpeg","width":750,"height":400,"caption":"Attaque au couteau \u00e0 Paris : Un mort et deux bless\u00e9s"},{"@type":"BreadcrumbList","@id":"https:\/\/www.webdo.tn\/fr\/actualite\/international\/attaque-au-couteau-a-paris-un-mort-et-deux-blesses\/210539\/#breadcrumb","itemListElement":[{"@type":"ListItem","position":1,"name":"Accueil","item":"https:\/\/www.webdo.tn\/fr\/"},{"@type":"ListItem","position":2,"name":"Attaque au couteau \u00e0 Paris : Un mort et deux bless\u00e9s"}]},{"@type":"WebSite","@id":"https:\/\/www.webdo.tn\/fr\/#website","url":"https:\/\/www.webdo.tn\/fr\/","name":"webdo","description":"Tunisie - News en Tunisie et \u00e0 l&#039;international sur Webdo.tn","publisher":{"@id":"https:\/\/www.webdo.tn\/fr\/#organization"},"potentialAction":[{"@type":"SearchAction","target":{"@type":"EntryPoint","urlTemplate":"https:\/\/www.webdo.tn\/fr\/?s={search_term_string}"},"query-input":{"@type":"PropertyValueSpecification","valueRequired":true,"valueName":"search_term_string"}}],"inLanguage":"fr-FR"},{"@type":"Organization","@id":"https:\/\/www.webdo.tn\/fr\/#organization","name":"Webdo","alternateName":"Webdo.tn","url":"https:\/\/www.webdo.tn\/fr\/","logo":{"@type":"ImageObject","inLanguage":"fr-FR","@id":"https:\/\/www.webdo.tn\/fr\/#\/schema\/logo\/image\/","url":"https:\/\/www.webdo.tn\/fr\/wp-content\/uploads\/2025\/06\/Webdo-Tunisie_168377.jpg","contentUrl":"https:\/\/www.webdo.tn\/fr\/wp-content\/uploads\/2025\/06\/Webdo-Tunisie_168377.jpg","width":301,"height":301,"caption":"Webdo"},"image":{"@id":"https:\/\/www.webdo.tn\/fr\/#\/schema\/logo\/image\/"},"sameAs":["https:\/\/www.facebook.com\/webdotn","https:\/\/x.com\/webdo_tn"],"description":"Webdo est un m\u00e9dia num\u00e9rique tunisien fond\u00e9 en 2010, sp\u00e9cialis\u00e9 dans l\u2019actualit\u00e9 nationale et internationale, l\u2019\u00e9conomie, la soci\u00e9t\u00e9 et les analyses politiques. Le site s\u2019adresse \u00e0 un large public francophone et couvre l\u2019information tunisienne en temps r\u00e9el.","email":"redac@webdo.tn","legalName":"YNJ SARL","foundingDate":"2010-09-06","numberOfEmployees":{"@type":"QuantitativeValue","minValue":"11","maxValue":"50"}},{"@type":"Person","@id":"https:\/\/www.webdo.tn\/fr\/#\/schema\/person\/f35b42a42c5e2511bbd282959d6385cc","name":"CL","image":{"@type":"ImageObject","inLanguage":"fr-FR","@id":"https:\/\/secure.gravatar.com\/avatar\/1447a49909b67aa657c488aec6512e1dd6143a480c1ecfee9b5b5cd74eb3b59e?s=96&d=mm&r=g","url":"https:\/\/secure.gravatar.com\/avatar\/1447a49909b67aa657c488aec6512e1dd6143a480c1ecfee9b5b5cd74eb3b59e?s=96&d=mm&r=g","contentUrl":"https:\/\/secure.gravatar.com\/avatar\/1447a49909b67aa657c488aec6512e1dd6143a480c1ecfee9b5b5cd74eb3b59e?s=96&d=mm&r=g","caption":"CL"},"url":"https:\/\/www.webdo.tn\/fr\/actualite\/author\/cl\/"}]}},"_links":{"self":[{"href":"https:\/\/www.webdo.tn\/fr\/wp-json\/wp\/v2\/posts\/210539","targetHints":{"allow":["GET"]}}],"collection":[{"href":"https:\/\/www.webdo.tn\/fr\/wp-json\/wp\/v2\/posts"}],"about":[{"href":"https:\/\/www.webdo.tn\/fr\/wp-json\/wp\/v2\/types\/post"}],"author":[{"embeddable":true,"href":"https:\/\/www.webdo.tn\/fr\/wp-json\/wp\/v2\/users\/3175"}],"replies":[{"embeddable":true,"href":"https:\/\/www.webdo.tn\/fr\/wp-json\/wp\/v2\/comments?post=210539"}],"version-history":[{"count":0,"href":"https:\/\/www.webdo.tn\/fr\/wp-json\/wp\/v2\/posts\/210539\/revisions"}],"wp:featuredmedia":[{"embeddable":true,"href":"https:\/\/www.webdo.tn\/fr\/wp-json\/wp\/v2\/media\/248644"}],"wp:attachment":[{"href":"https:\/\/www.webdo.tn\/fr\/wp-json\/wp\/v2\/media?parent=210539"}],"wp:term":[{"taxonomy":"category","embeddable":true,"href":"https:\/\/www.webdo.tn\/fr\/wp-json\/wp\/v2\/categories?post=210539"},{"taxonomy":"post_tag","embeddable":true,"href":"https:\/\/www.webdo.tn\/fr\/wp-json\/wp\/v2\/tags?post=210539"}],"curies":[{"name":"wp","href":"https:\/\/api.w.org\/{rel}","templated":true}]}}